{"id":67415,"date":"2025-08-20T00:16:21","date_gmt":"2025-08-20T03:16:21","guid":{"rendered":"https:\/\/economiasa.com.br\/blog\/?p=67415"},"modified":"2025-08-20T00:16:22","modified_gmt":"2025-08-20T03:16:22","slug":"sao-paulo-recebe-evento-de-emagrecimento-saudavel-com-dr-claudio-ambrosio","status":"publish","type":"post","link":"https:\/\/economiasa.com.br\/blog\/sao-paulo-recebe-evento-de-emagrecimento-saudavel-com-dr-claudio-ambrosio\/","title":{"rendered":"S\u00e3o Paulo recebe evento de emagrecimento saud\u00e1vel com Dr. Cl\u00e1udio Ambr\u00f3sio"},"content":{"rendered":"\n<p class=\"wp-block-paragraph\">No \u00faltimo dia 18 de agosto, o Instituto Pompermaier, em S\u00e3o Paulo, foi palco de um evento exclusivo sobre emagrecimento saud\u00e1vel, promovido pelo membro da Sociedade Brasileira de Endocrinologia, Dr. Cl\u00e1udio Ambr\u00f3sio, refer\u00eancia nacional quando o assunto \u00e9 emagrecimento saud\u00e1vel.<\/p>\n\n\n\n<figure class=\"wp-block-image size-full is-resized\"><img loading=\"lazy\" decoding=\"async\" width=\"800\" height=\"578\" src=\"https:\/\/economiasa.com.br\/blog\/wp-content\/uploads\/2025\/08\/IMG_1577_800x578.jpeg\" alt=\"\" class=\"wp-image-67417\" style=\"width:880px;height:auto\" srcset=\"https:\/\/economiasa.com.br\/blog\/wp-content\/uploads\/2025\/08\/IMG_1577_800x578.jpeg 800w, https:\/\/economiasa.com.br\/blog\/wp-content\/uploads\/2025\/08\/IMG_1577_800x578-300x217.jpeg 300w, https:\/\/economiasa.com.br\/blog\/wp-content\/uploads\/2025\/08\/IMG_1577_800x578-768x555.jpeg 768w, https:\/\/economiasa.com.br\/blog\/wp-content\/uploads\/2025\/08\/IMG_1577_800x578-360x260.jpeg 360w\" sizes=\"auto, (max-width: 800px) 100vw, 800px\" \/><\/figure>\n\n\n\n<p class=\"wp-block-paragraph\">A programa\u00e7\u00e3o contou com palestra especial do m\u00e9dico, que destacou as principais tend\u00eancias e avan\u00e7os no combate ao excesso de peso, sempre com foco em sa\u00fade, qualidade de vida e bem-estar. Al\u00e9m da abordagem cient\u00edfica, o encontro tamb\u00e9m reuniu pacientes, convidados especiais e jornalistas, criando um espa\u00e7o de troca de experi\u00eancias e conscientiza\u00e7\u00e3o sobre pr\u00e1ticas seguras e eficazes no processo de emagrecimento.<\/p>\n\n\n\n<figure class=\"wp-block-image size-full is-resized\"><img loading=\"lazy\" decoding=\"async\" width=\"800\" height=\"533\" src=\"https:\/\/economiasa.com.br\/blog\/wp-content\/uploads\/2025\/08\/IMG_1567_800x533.jpeg\" alt=\"\" class=\"wp-image-67418\" style=\"width:880px;height:auto\" srcset=\"https:\/\/economiasa.com.br\/blog\/wp-content\/uploads\/2025\/08\/IMG_1567_800x533.jpeg 800w, https:\/\/economiasa.com.br\/blog\/wp-content\/uploads\/2025\/08\/IMG_1567_800x533-300x200.jpeg 300w, https:\/\/economiasa.com.br\/blog\/wp-content\/uploads\/2025\/08\/IMG_1567_800x533-768x512.jpeg 768w, https:\/\/economiasa.com.br\/blog\/wp-content\/uploads\/2025\/08\/IMG_1567_800x533-360x240.jpeg 360w\" sizes=\"auto, (max-width: 800px) 100vw, 800px\" \/><\/figure>\n\n\n\n<p class=\"wp-block-paragraph\">Ap\u00f3s a palestra, os participantes foram recebidos em um coquetel de confraterniza\u00e7\u00e3o, que refor\u00e7ou o car\u00e1ter acolhedor e inspirador da iniciativa. O evento buscou n\u00e3o apenas apresentar m\u00e9todos e resultados cl\u00ednicos, mas tamb\u00e9m estimular reflex\u00f5es sobre a import\u00e2ncia de adotar escolhas sustent\u00e1veis e conscientes no cuidado com o corpo.<\/p>\n\n\n\n<figure class=\"wp-block-image size-full is-resized\"><img loading=\"lazy\" decoding=\"async\" width=\"800\" height=\"491\" src=\"https:\/\/economiasa.com.br\/blog\/wp-content\/uploads\/2025\/08\/IMG_1564_800x491.jpeg\" alt=\"\" class=\"wp-image-67419\" style=\"width:880px;height:auto\" srcset=\"https:\/\/economiasa.com.br\/blog\/wp-content\/uploads\/2025\/08\/IMG_1564_800x491.jpeg 800w, https:\/\/economiasa.com.br\/blog\/wp-content\/uploads\/2025\/08\/IMG_1564_800x491-300x184.jpeg 300w, https:\/\/economiasa.com.br\/blog\/wp-content\/uploads\/2025\/08\/IMG_1564_800x491-768x471.jpeg 768w, https:\/\/economiasa.com.br\/blog\/wp-content\/uploads\/2025\/08\/IMG_1564_800x491-360x221.jpeg 360w\" sizes=\"auto, (max-width: 800px) 100vw, 800px\" \/><\/figure>\n\n\n\n<p class=\"wp-block-paragraph\">Com esta a\u00e7\u00e3o, o Dr. Cl\u00e1udio Ambr\u00f3sio refor\u00e7a sua miss\u00e3o de democratizar o acesso \u00e0 informa\u00e7\u00e3o de qualidade e ampliar o debate sobre o emagrecimento aliado \u00e0 sa\u00fade, trazendo conte\u00fado relevante para profissionais e p\u00fablico interessado em transformar h\u00e1bitos de forma segura.<\/p>\n\n\n\n<p class=\"wp-block-paragraph\"><strong>Fotos \u2013 cr\u00e9ditos:<\/strong> <a href=\"https:\/\/www.instagram.com\/denisaudiovisual\/\">@denisaudiovisual<\/a><\/p>\n","protected":false},"excerpt":{"rendered":"<p>No \u00faltimo dia 18 de agosto, o Instituto Pompermaier, em S\u00e3o Paulo, foi palco de um evento exclusivo sobre emagrecimento saud\u00e1vel, promovido&#8230;<\/p>\n","protected":false},"author":43,"featured_media":67416,"comment_status":"closed","ping_status":"open","sticky":false,"template":"","format":"standard","meta":{"footnotes":""},"categories":[12577,283],"tags":[],"ppma_author":[13246],"class_list":["post-67415","post","type-post","status-publish","format-standard","has-post-thumbnail","category-destaques","category-saude"],"yoast_head":"<!-- This site is optimized with the Yoast SEO plugin v27.2 - https:\/\/yoast.com\/product\/yoast-seo-wordpress\/ -->\n<title>S\u00e3o Paulo recebe evento de emagrecimento saud\u00e1vel com Dr. Cl\u00e1udio Ambr\u00f3sio - Economia S\/A<\/title>\n<meta name=\"robots\" content=\"index, follow, max-snippet:-1, max-image-preview:large, max-video-preview:-1\" \/>\n<link rel=\"canonical\" href=\"https:\/\/economiasa.com.br\/blog\/sao-paulo-recebe-evento-de-emagrecimento-saudavel-com-dr-claudio-ambrosio\/\" \/>\n<meta property=\"og:locale\" content=\"pt_BR\" \/>\n<meta property=\"og:type\" content=\"article\" \/>\n<meta property=\"og:title\" content=\"S\u00e3o Paulo recebe evento de emagrecimento saud\u00e1vel com Dr. Cl\u00e1udio Ambr\u00f3sio - Economia S\/A\" \/>\n<meta property=\"og:description\" content=\"No \u00faltimo dia 18 de agosto, o Instituto Pompermaier, em S\u00e3o Paulo, foi palco de um evento exclusivo sobre emagrecimento saud\u00e1vel, promovido...\" \/>\n<meta property=\"og:url\" content=\"https:\/\/economiasa.com.br\/blog\/sao-paulo-recebe-evento-de-emagrecimento-saudavel-com-dr-claudio-ambrosio\/\" \/>\n<meta property=\"og:site_name\" content=\"Economia S\/A\" \/>\n<meta property=\"article:published_time\" content=\"2025-08-20T03:16:21+00:00\" \/>\n<meta property=\"article:modified_time\" content=\"2025-08-20T03:16:22+00:00\" \/>\n<meta property=\"og:image\" content=\"https:\/\/economiasa.com.br\/blog\/wp-content\/uploads\/2025\/08\/IMG_1625_800x533.jpeg\" \/>\n\t<meta property=\"og:image:width\" content=\"800\" \/>\n\t<meta property=\"og:image:height\" content=\"533\" \/>\n\t<meta property=\"og:image:type\" content=\"image\/jpeg\" \/>\n<meta name=\"author\" content=\"Jo\u00e3o Costa\" \/>\n<meta name=\"twitter:card\" content=\"summary_large_image\" \/>\n<meta name=\"twitter:label1\" content=\"Escrito por\" \/>\n\t<meta name=\"twitter:data1\" content=\"Jo\u00e3o Costa\" \/>\n\t<meta name=\"twitter:label2\" content=\"Est. tempo de leitura\" \/>\n\t<meta name=\"twitter:data2\" content=\"2 minutos\" \/>\n<script type=\"application\/ld+json\" class=\"yoast-schema-graph\">{\"@context\":\"https:\/\/schema.org\",\"@graph\":[{\"@type\":\"Article\",\"@id\":\"https:\/\/economiasa.com.br\/blog\/sao-paulo-recebe-evento-de-emagrecimento-saudavel-com-dr-claudio-ambrosio\/#article\",\"isPartOf\":{\"@id\":\"https:\/\/economiasa.com.br\/blog\/sao-paulo-recebe-evento-de-emagrecimento-saudavel-com-dr-claudio-ambrosio\/\"},\"author\":{\"name\":\"Jo\u00e3o Costa\",\"@id\":\"https:\/\/economiasa.com.br\/blog\/#\/schema\/person\/baf97a9e7966df460230fa309bc5e5b5\"},\"headline\":\"S\u00e3o Paulo recebe evento de emagrecimento saud\u00e1vel com Dr. Cl\u00e1udio Ambr\u00f3sio\",\"datePublished\":\"2025-08-20T03:16:21+00:00\",\"dateModified\":\"2025-08-20T03:16:22+00:00\",\"mainEntityOfPage\":{\"@id\":\"https:\/\/economiasa.com.br\/blog\/sao-paulo-recebe-evento-de-emagrecimento-saudavel-com-dr-claudio-ambrosio\/\"},\"wordCount\":247,\"image\":{\"@id\":\"https:\/\/economiasa.com.br\/blog\/sao-paulo-recebe-evento-de-emagrecimento-saudavel-com-dr-claudio-ambrosio\/#primaryimage\"},\"thumbnailUrl\":\"https:\/\/economiasa.com.br\/blog\/wp-content\/uploads\/2025\/08\/IMG_1625_800x533.jpeg\",\"articleSection\":[\"Destaques\",\"Sa\u00fade\"],\"inLanguage\":\"pt-BR\"},{\"@type\":\"WebPage\",\"@id\":\"https:\/\/economiasa.com.br\/blog\/sao-paulo-recebe-evento-de-emagrecimento-saudavel-com-dr-claudio-ambrosio\/\",\"url\":\"https:\/\/economiasa.com.br\/blog\/sao-paulo-recebe-evento-de-emagrecimento-saudavel-com-dr-claudio-ambrosio\/\",\"name\":\"S\u00e3o Paulo recebe evento de emagrecimento saud\u00e1vel com Dr. Cl\u00e1udio Ambr\u00f3sio - Economia S\/A\",\"isPartOf\":{\"@id\":\"https:\/\/economiasa.com.br\/blog\/#website\"},\"primaryImageOfPage\":{\"@id\":\"https:\/\/economiasa.com.br\/blog\/sao-paulo-recebe-evento-de-emagrecimento-saudavel-com-dr-claudio-ambrosio\/#primaryimage\"},\"image\":{\"@id\":\"https:\/\/economiasa.com.br\/blog\/sao-paulo-recebe-evento-de-emagrecimento-saudavel-com-dr-claudio-ambrosio\/#primaryimage\"},\"thumbnailUrl\":\"https:\/\/economiasa.com.br\/blog\/wp-content\/uploads\/2025\/08\/IMG_1625_800x533.jpeg\",\"datePublished\":\"2025-08-20T03:16:21+00:00\",\"dateModified\":\"2025-08-20T03:16:22+00:00\",\"author\":{\"@id\":\"https:\/\/economiasa.com.br\/blog\/#\/schema\/person\/baf97a9e7966df460230fa309bc5e5b5\"},\"breadcrumb\":{\"@id\":\"https:\/\/economiasa.com.br\/blog\/sao-paulo-recebe-evento-de-emagrecimento-saudavel-com-dr-claudio-ambrosio\/#breadcrumb\"},\"inLanguage\":\"pt-BR\",\"potentialAction\":[{\"@type\":\"ReadAction\",\"target\":[\"https:\/\/economiasa.com.br\/blog\/sao-paulo-recebe-evento-de-emagrecimento-saudavel-com-dr-claudio-ambrosio\/\"]}]},{\"@type\":\"ImageObject\",\"inLanguage\":\"pt-BR\",\"@id\":\"https:\/\/economiasa.com.br\/blog\/sao-paulo-recebe-evento-de-emagrecimento-saudavel-com-dr-claudio-ambrosio\/#primaryimage\",\"url\":\"https:\/\/economiasa.com.br\/blog\/wp-content\/uploads\/2025\/08\/IMG_1625_800x533.jpeg\",\"contentUrl\":\"https:\/\/economiasa.com.br\/blog\/wp-content\/uploads\/2025\/08\/IMG_1625_800x533.jpeg\",\"width\":800,\"height\":533},{\"@type\":\"BreadcrumbList\",\"@id\":\"https:\/\/economiasa.com.br\/blog\/sao-paulo-recebe-evento-de-emagrecimento-saudavel-com-dr-claudio-ambrosio\/#breadcrumb\",\"itemListElement\":[{\"@type\":\"ListItem\",\"position\":1,\"name\":\"In\u00edcio\",\"item\":\"https:\/\/economiasa.com.br\/blog\/\"},{\"@type\":\"ListItem\",\"position\":2,\"name\":\"S\u00e3o Paulo recebe evento de emagrecimento saud\u00e1vel com Dr. Cl\u00e1udio Ambr\u00f3sio\"}]},{\"@type\":\"WebSite\",\"@id\":\"https:\/\/economiasa.com.br\/blog\/#website\",\"url\":\"https:\/\/economiasa.com.br\/blog\/\",\"name\":\"Economia S\/A\",\"description\":\"Ler faz bem para os neg\u00f3cios\",\"potentialAction\":[{\"@type\":\"SearchAction\",\"target\":{\"@type\":\"EntryPoint\",\"urlTemplate\":\"https:\/\/economiasa.com.br\/blog\/?s={search_term_string}\"},\"query-input\":{\"@type\":\"PropertyValueSpecification\",\"valueRequired\":true,\"valueName\":\"search_term_string\"}}],\"inLanguage\":\"pt-BR\"},{\"@type\":\"Person\",\"@id\":\"https:\/\/economiasa.com.br\/blog\/#\/schema\/person\/baf97a9e7966df460230fa309bc5e5b5\",\"name\":\"Jo\u00e3o Costa\",\"image\":{\"@type\":\"ImageObject\",\"inLanguage\":\"pt-BR\",\"@id\":\"https:\/\/secure.gravatar.com\/avatar\/9cd6792d80579fd2d67f8c474461104dfc8da56d89a52a850e8ef8b79d4931f3?s=96&d=mm&r=gc6b0c9b2a9dddd7a144c336d33c40e13\",\"url\":\"https:\/\/secure.gravatar.com\/avatar\/9cd6792d80579fd2d67f8c474461104dfc8da56d89a52a850e8ef8b79d4931f3?s=96&d=mm&r=g\",\"contentUrl\":\"https:\/\/secure.gravatar.com\/avatar\/9cd6792d80579fd2d67f8c474461104dfc8da56d89a52a850e8ef8b79d4931f3?s=96&d=mm&r=g\",\"caption\":\"Jo\u00e3o Costa\"},\"description\":\"Jo\u00e3o Costa \u00e9 jornalista, assessor de imprensa, rela\u00e7\u00f5es p\u00fablicas com mais de 20 anos de experi\u00eancia. Colunista internacional, \u00e9 membro da Associa\u00e7\u00e3o Paulista de Imprensa, da Associa\u00e7\u00e3o Brasileira de Imprensa e M\u00eddia Eletr\u00f4nica e \u00e9 registrado na Federa\u00e7\u00e3o Nacional dos Jornalistas. Instagram: @joaocostaooficial\",\"url\":\"https:\/\/economiasa.com.br\/blog\/author\/joaocosta\/\"}]}<\/script>\n<!-- \/ Yoast SEO plugin. -->","yoast_head_json":{"title":"S\u00e3o Paulo recebe evento de emagrecimento saud\u00e1vel com Dr. Cl\u00e1udio Ambr\u00f3sio - Economia S\/A","robots":{"index":"index","follow":"follow","max-snippet":"max-snippet:-1","max-image-preview":"max-image-preview:large","max-video-preview":"max-video-preview:-1"},"canonical":"https:\/\/economiasa.com.br\/blog\/sao-paulo-recebe-evento-de-emagrecimento-saudavel-com-dr-claudio-ambrosio\/","og_locale":"pt_BR","og_type":"article","og_title":"S\u00e3o Paulo recebe evento de emagrecimento saud\u00e1vel com Dr. Cl\u00e1udio Ambr\u00f3sio - Economia S\/A","og_description":"No \u00faltimo dia 18 de agosto, o Instituto Pompermaier, em S\u00e3o Paulo, foi palco de um evento exclusivo sobre emagrecimento saud\u00e1vel, promovido...","og_url":"https:\/\/economiasa.com.br\/blog\/sao-paulo-recebe-evento-de-emagrecimento-saudavel-com-dr-claudio-ambrosio\/","og_site_name":"Economia S\/A","article_published_time":"2025-08-20T03:16:21+00:00","article_modified_time":"2025-08-20T03:16:22+00:00","og_image":[{"width":800,"height":533,"url":"https:\/\/economiasa.com.br\/blog\/wp-content\/uploads\/2025\/08\/IMG_1625_800x533.jpeg","type":"image\/jpeg"}],"author":"Jo\u00e3o Costa","twitter_card":"summary_large_image","twitter_misc":{"Escrito por":"Jo\u00e3o Costa","Est. tempo de leitura":"2 minutos"},"schema":{"@context":"https:\/\/schema.org","@graph":[{"@type":"Article","@id":"https:\/\/economiasa.com.br\/blog\/sao-paulo-recebe-evento-de-emagrecimento-saudavel-com-dr-claudio-ambrosio\/#article","isPartOf":{"@id":"https:\/\/economiasa.com.br\/blog\/sao-paulo-recebe-evento-de-emagrecimento-saudavel-com-dr-claudio-ambrosio\/"},"author":{"name":"Jo\u00e3o Costa","@id":"https:\/\/economiasa.com.br\/blog\/#\/schema\/person\/baf97a9e7966df460230fa309bc5e5b5"},"headline":"S\u00e3o Paulo recebe evento de emagrecimento saud\u00e1vel com Dr. Cl\u00e1udio Ambr\u00f3sio","datePublished":"2025-08-20T03:16:21+00:00","dateModified":"2025-08-20T03:16:22+00:00","mainEntityOfPage":{"@id":"https:\/\/economiasa.com.br\/blog\/sao-paulo-recebe-evento-de-emagrecimento-saudavel-com-dr-claudio-ambrosio\/"},"wordCount":247,"image":{"@id":"https:\/\/economiasa.com.br\/blog\/sao-paulo-recebe-evento-de-emagrecimento-saudavel-com-dr-claudio-ambrosio\/#primaryimage"},"thumbnailUrl":"https:\/\/economiasa.com.br\/blog\/wp-content\/uploads\/2025\/08\/IMG_1625_800x533.jpeg","articleSection":["Destaques","Sa\u00fade"],"inLanguage":"pt-BR"},{"@type":"WebPage","@id":"https:\/\/economiasa.com.br\/blog\/sao-paulo-recebe-evento-de-emagrecimento-saudavel-com-dr-claudio-ambrosio\/","url":"https:\/\/economiasa.com.br\/blog\/sao-paulo-recebe-evento-de-emagrecimento-saudavel-com-dr-claudio-ambrosio\/","name":"S\u00e3o Paulo recebe evento de emagrecimento saud\u00e1vel com Dr. Cl\u00e1udio Ambr\u00f3sio - Economia S\/A","isPartOf":{"@id":"https:\/\/economiasa.com.br\/blog\/#website"},"primaryImageOfPage":{"@id":"https:\/\/economiasa.com.br\/blog\/sao-paulo-recebe-evento-de-emagrecimento-saudavel-com-dr-claudio-ambrosio\/#primaryimage"},"image":{"@id":"https:\/\/economiasa.com.br\/blog\/sao-paulo-recebe-evento-de-emagrecimento-saudavel-com-dr-claudio-ambrosio\/#primaryimage"},"thumbnailUrl":"https:\/\/economiasa.com.br\/blog\/wp-content\/uploads\/2025\/08\/IMG_1625_800x533.jpeg","datePublished":"2025-08-20T03:16:21+00:00","dateModified":"2025-08-20T03:16:22+00:00","author":{"@id":"https:\/\/economiasa.com.br\/blog\/#\/schema\/person\/baf97a9e7966df460230fa309bc5e5b5"},"breadcrumb":{"@id":"https:\/\/economiasa.com.br\/blog\/sao-paulo-recebe-evento-de-emagrecimento-saudavel-com-dr-claudio-ambrosio\/#breadcrumb"},"inLanguage":"pt-BR","potentialAction":[{"@type":"ReadAction","target":["https:\/\/economiasa.com.br\/blog\/sao-paulo-recebe-evento-de-emagrecimento-saudavel-com-dr-claudio-ambrosio\/"]}]},{"@type":"ImageObject","inLanguage":"pt-BR","@id":"https:\/\/economiasa.com.br\/blog\/sao-paulo-recebe-evento-de-emagrecimento-saudavel-com-dr-claudio-ambrosio\/#primaryimage","url":"https:\/\/economiasa.com.br\/blog\/wp-content\/uploads\/2025\/08\/IMG_1625_800x533.jpeg","contentUrl":"https:\/\/economiasa.com.br\/blog\/wp-content\/uploads\/2025\/08\/IMG_1625_800x533.jpeg","width":800,"height":533},{"@type":"BreadcrumbList","@id":"https:\/\/economiasa.com.br\/blog\/sao-paulo-recebe-evento-de-emagrecimento-saudavel-com-dr-claudio-ambrosio\/#breadcrumb","itemListElement":[{"@type":"ListItem","position":1,"name":"In\u00edcio","item":"https:\/\/economiasa.com.br\/blog\/"},{"@type":"ListItem","position":2,"name":"S\u00e3o Paulo recebe evento de emagrecimento saud\u00e1vel com Dr. Cl\u00e1udio Ambr\u00f3sio"}]},{"@type":"WebSite","@id":"https:\/\/economiasa.com.br\/blog\/#website","url":"https:\/\/economiasa.com.br\/blog\/","name":"Economia S\/A","description":"Ler faz bem para os neg\u00f3cios","potentialAction":[{"@type":"SearchAction","target":{"@type":"EntryPoint","urlTemplate":"https:\/\/economiasa.com.br\/blog\/?s={search_term_string}"},"query-input":{"@type":"PropertyValueSpecification","valueRequired":true,"valueName":"search_term_string"}}],"inLanguage":"pt-BR"},{"@type":"Person","@id":"https:\/\/economiasa.com.br\/blog\/#\/schema\/person\/baf97a9e7966df460230fa309bc5e5b5","name":"Jo\u00e3o Costa","image":{"@type":"ImageObject","inLanguage":"pt-BR","@id":"https:\/\/secure.gravatar.com\/avatar\/9cd6792d80579fd2d67f8c474461104dfc8da56d89a52a850e8ef8b79d4931f3?s=96&d=mm&r=gc6b0c9b2a9dddd7a144c336d33c40e13","url":"https:\/\/secure.gravatar.com\/avatar\/9cd6792d80579fd2d67f8c474461104dfc8da56d89a52a850e8ef8b79d4931f3?s=96&d=mm&r=g","contentUrl":"https:\/\/secure.gravatar.com\/avatar\/9cd6792d80579fd2d67f8c474461104dfc8da56d89a52a850e8ef8b79d4931f3?s=96&d=mm&r=g","caption":"Jo\u00e3o Costa"},"description":"Jo\u00e3o Costa \u00e9 jornalista, assessor de imprensa, rela\u00e7\u00f5es p\u00fablicas com mais de 20 anos de experi\u00eancia. Colunista internacional, \u00e9 membro da Associa\u00e7\u00e3o Paulista de Imprensa, da Associa\u00e7\u00e3o Brasileira de Imprensa e M\u00eddia Eletr\u00f4nica e \u00e9 registrado na Federa\u00e7\u00e3o Nacional dos Jornalistas. Instagram: @joaocostaooficial","url":"https:\/\/economiasa.com.br\/blog\/author\/joaocosta\/"}]}},"authors":[{"term_id":13246,"user_id":43,"is_guest":0,"slug":"joaocosta","display_name":"Jo\u00e3o Costa","avatar_url":"https:\/\/secure.gravatar.com\/avatar\/9cd6792d80579fd2d67f8c474461104dfc8da56d89a52a850e8ef8b79d4931f3?s=96&d=mm&r=g","author_category":"","first_name":"JO\u00c3O","last_name":"COSTA","user_url":"","job_title":"","description":"Jo\u00e3o Costa \u00e9 jornalista, assessor de imprensa, rela\u00e7\u00f5es p\u00fablicas com mais de 20 anos de experi\u00eancia. Colunista internacional, \u00e9 membro da Associa\u00e7\u00e3o Paulista de Imprensa, da Associa\u00e7\u00e3o Brasileira de Imprensa e M\u00eddia Eletr\u00f4nica e \u00e9 registrado na Federa\u00e7\u00e3o Nacional dos Jornalistas.\r\n\r\n\r\nInstagram: @joaocostaooficial"}],"amp_enabled":true,"_links":{"self":[{"href":"https:\/\/economiasa.com.br\/blog\/wp-json\/wp\/v2\/posts\/67415","targetHints":{"allow":["GET"]}}],"collection":[{"href":"https:\/\/economiasa.com.br\/blog\/wp-json\/wp\/v2\/posts"}],"about":[{"href":"https:\/\/economiasa.com.br\/blog\/wp-json\/wp\/v2\/types\/post"}],"author":[{"embeddable":true,"href":"https:\/\/economiasa.com.br\/blog\/wp-json\/wp\/v2\/users\/43"}],"replies":[{"embeddable":true,"href":"https:\/\/economiasa.com.br\/blog\/wp-json\/wp\/v2\/comments?post=67415"}],"version-history":[{"count":0,"href":"https:\/\/economiasa.com.br\/blog\/wp-json\/wp\/v2\/posts\/67415\/revisions"}],"wp:featuredmedia":[{"embeddable":true,"href":"https:\/\/economiasa.com.br\/blog\/wp-json\/wp\/v2\/media\/67416"}],"wp:attachment":[{"href":"https:\/\/economiasa.com.br\/blog\/wp-json\/wp\/v2\/media?parent=67415"}],"wp:term":[{"taxonomy":"category","embeddable":true,"href":"https:\/\/economiasa.com.br\/blog\/wp-json\/wp\/v2\/categories?post=67415"},{"taxonomy":"post_tag","embeddable":true,"href":"https:\/\/economiasa.com.br\/blog\/wp-json\/wp\/v2\/tags?post=67415"},{"taxonomy":"author","embeddable":true,"href":"https:\/\/economiasa.com.br\/blog\/wp-json\/wp\/v2\/ppma_author?post=67415"}],"curies":[{"name":"wp","href":"https:\/\/api.w.org\/{rel}","templated":true}]}}