{"id":83779,"date":"2026-08-11T18:24:05","date_gmt":"2026-08-11T21:24:05","guid":{"rendered":"https:\/\/economiasa.com.br\/blog\/?p=83779"},"modified":"2026-08-12T19:57:46","modified_gmt":"2026-08-12T22:57:46","slug":"ainda-em-agosto-industria-e-lojistas-ja-se-preparam-para-o-natal","status":"publish","type":"post","link":"https:\/\/economiasa.com.br\/blog\/ainda-em-agosto-industria-e-lojistas-ja-se-preparam-para-o-natal\/","title":{"rendered":"Em pleno agosto, Natal j\u00e1 \u00e9 prioridade na ind\u00fastria t\u00eaxtil brasileira\u00a0"},"content":{"rendered":"\n<p class=\"wp-block-paragraph\">Com um mercado que movimentou quase R$ 85 bilh\u00f5es no \u00faltimo Natal, ind\u00fastrias como a Appel Home j\u00e1 vendem a cole\u00e7\u00e3o natalina para o varejo cinco meses antes da data<\/p>\n\n\n\n<p class=\"wp-block-paragraph\">O Natal \u00e9, historicamente, a data mais relevante do calend\u00e1rio do varejo brasileiro. Para se ter uma ideia do tamanho desse mercado, a \u00faltima edi\u00e7\u00e3o da Pesquisa de Inten\u00e7\u00e3o de Compras para o Natal, realizada pela Confedera\u00e7\u00e3o Nacional de Dirigentes Lojistas (CNDL) em parceria com o SPC Brasil, estimou uma movimenta\u00e7\u00e3o de aproximadamente R$ 84,9 bilh\u00f5es na economia em 2025, com 76% dos consumidores presenteando no per\u00edodo. Ao todo, a data levou 124,3 milh\u00f5es de brasileiros \u00e0s compras \u2014 um volume que refor\u00e7a por que a ind\u00fastria j\u00e1 come\u00e7a a se movimentar para o Natal muito antes do per\u00edodo tradicional de vendas, em novembro e dezembro.\u00a0<\/p>\n\n\n\n<p class=\"wp-block-paragraph\">Conforme a pesquisa do ano anterior, em m\u00e9dia, cada brasileiro pretende comprar 4 presentes, n\u00famero que sobe para 5 entre as classes A\/B, com um ticket m\u00e9dio de R$ 174, R$ 37 a mais que em 2023. Na hora de fechar a compra, a loja f\u00edsica segue como o canal preferido \u2014 75% dos consumidores pretendem comprar presencialmente \u2014, mas o online ganha espa\u00e7o a cada ano: 58% dos brasileiros, o equivalente a 94,2 milh\u00f5es de pessoas, devem comprar ao menos um presente pela internet, canal que deve responder, em m\u00e9dia, por 70% dos presentes desse grupo. \u00c9 um comportamento que tamb\u00e9m explica a antecipa\u00e7\u00e3o do lado da ind\u00fastria, afinal, se o consumidor pesquisa, compara e planeja cada vez mais cedo, o setor produtivo precisa estar pronto com estoque, variedade e pre\u00e7o competitivo, muito antes de dezembro.<\/p>\n\n\n\n<h2 class=\"wp-block-heading\">Vendas iniciam em julho<\/h2>\n\n\n\n<p class=\"wp-block-paragraph\">Esse movimento de antecipa\u00e7\u00e3o j\u00e1 \u00e9 uma realidade na cadeia produtiva. \u00c9 o caso da Appel Home, ind\u00fastria de cama, mesa e banho, que todos os anos aposta em uma cole\u00e7\u00e3o natalina pr\u00f3pria, sempre renovada com novidades para atender \u00e0 demanda crescente da data. J\u00e1 no m\u00eas de julho, cinco meses antes do Natal, a companhia tem a cole\u00e7\u00e3o 2026 dispon\u00edvel para venda aos lojistas. Neste ano, o p\u00fablico conta ainda com uma novidade: a cole\u00e7\u00e3o traz produtos de mesa posta da Casa Argivai, marca adquirida pela Appel Home em 2025.\u00a0<\/p>\n\n\n\n<p class=\"wp-block-paragraph\">A antecipa\u00e7\u00e3o n\u00e3o reflete apenas nas vendas da empresa para o consumidor final, mas principalmente para o B2B. Como uma forma de prestar apoio ao lojista, a Appel Home esteve presente na Abup Show 2026 com os lan\u00e7amentos de Natal e uma a\u00e7\u00e3o especial de Black Friday B2B, oferecendo condi\u00e7\u00f5es comerciais diferenciadas para que os lojistas pudessem garantir estoque com anteced\u00eancia e a pre\u00e7os melhores. A iniciativa ajuda o varejo a se planejar com folga diante de uma data que exige preparo, estrat\u00e9gia e entrega.<\/p>\n\n\n\n<p class=\"wp-block-paragraph\">\u201cCom uma cole\u00e7\u00e3o pensada para durar toda a temporada e uma estrat\u00e9gia comercial que come\u00e7a muito antes do per\u00edodo natalino tradicional, a Appel se posiciona como um exemplo de como a ind\u00fastria pode se antecipar \u00e0s tend\u00eancias de consumo e apoiar os lojistas a aproveitar ao m\u00e1ximo uma das datas mais importantes do ano\u201d, afirma o presidente da empresa, Rafael Appel.\u00a0<\/p>\n\n\n\n<p class=\"wp-block-paragraph\"><\/p>\n","protected":false},"excerpt":{"rendered":"<p>Com um mercado que movimentou quase R$ 85 bilh\u00f5es no \u00faltimo Natal, ind\u00fastrias como a Appel Home j\u00e1 vendem a cole\u00e7\u00e3o natalina&#8230;<\/p>\n","protected":false},"author":30,"featured_media":83780,"comment_status":"closed","ping_status":"open","sticky":false,"template":"","format":"standard","meta":{"footnotes":""},"categories":[8806],"tags":[],"ppma_author":[13239],"class_list":["post-83779","post","type-post","status-publish","format-standard","has-post-thumbnail","category-vendas"],"yoast_head":"<!-- This site is optimized with the Yoast SEO plugin v27.2 - https:\/\/yoast.com\/product\/yoast-seo-wordpress\/ -->\n<title>Em pleno agosto, Natal j\u00e1 \u00e9 prioridade na ind\u00fastria t\u00eaxtil brasileira\u00a0 - Economia S\/A<\/title>\n<meta name=\"robots\" content=\"index, follow, max-snippet:-1, max-image-preview:large, max-video-preview:-1\" \/>\n<link rel=\"canonical\" href=\"https:\/\/economiasa.com.br\/blog\/ainda-em-agosto-industria-e-lojistas-ja-se-preparam-para-o-natal\/\" \/>\n<meta property=\"og:locale\" content=\"pt_BR\" \/>\n<meta property=\"og:type\" content=\"article\" \/>\n<meta property=\"og:title\" content=\"Em pleno agosto, Natal j\u00e1 \u00e9 prioridade na ind\u00fastria t\u00eaxtil brasileira\u00a0 - Economia S\/A\" \/>\n<meta property=\"og:description\" content=\"Com um mercado que movimentou quase R$ 85 bilh\u00f5es no \u00faltimo Natal, ind\u00fastrias como a Appel Home j\u00e1 vendem a cole\u00e7\u00e3o natalina...\" \/>\n<meta property=\"og:url\" content=\"https:\/\/economiasa.com.br\/blog\/ainda-em-agosto-industria-e-lojistas-ja-se-preparam-para-o-natal\/\" \/>\n<meta property=\"og:site_name\" content=\"Economia S\/A\" \/>\n<meta property=\"article:published_time\" content=\"2026-08-11T21:24:05+00:00\" \/>\n<meta property=\"article:modified_time\" content=\"2026-08-12T22:57:46+00:00\" \/>\n<meta property=\"og:image\" content=\"https:\/\/economiasa.com.br\/blog\/wp-content\/uploads\/2026\/08\/toalha-natal-jacquard-detalhes-caixinha-papai-noel-BORDO.jpg\" \/>\n\t<meta property=\"og:image:width\" content=\"1200\" \/>\n\t<meta property=\"og:image:height\" content=\"1200\" \/>\n\t<meta property=\"og:image:type\" content=\"image\/jpeg\" \/>\n<meta name=\"author\" content=\"Reda\u00e7\u00e3o\" \/>\n<meta name=\"twitter:card\" content=\"summary_large_image\" \/>\n<meta name=\"twitter:label1\" content=\"Escrito por\" \/>\n\t<meta name=\"twitter:data1\" content=\"Reda\u00e7\u00e3o\" \/>\n\t<meta name=\"twitter:label2\" content=\"Est. tempo de leitura\" \/>\n\t<meta name=\"twitter:data2\" content=\"4 minutos\" \/>\n<script type=\"application\/ld+json\" class=\"yoast-schema-graph\">{\"@context\":\"https:\/\/schema.org\",\"@graph\":[{\"@type\":\"Article\",\"@id\":\"https:\/\/economiasa.com.br\/blog\/ainda-em-agosto-industria-e-lojistas-ja-se-preparam-para-o-natal\/#article\",\"isPartOf\":{\"@id\":\"https:\/\/economiasa.com.br\/blog\/ainda-em-agosto-industria-e-lojistas-ja-se-preparam-para-o-natal\/\"},\"author\":{\"name\":\"Reda\u00e7\u00e3o\",\"@id\":\"https:\/\/economiasa.com.br\/blog\/#\/schema\/person\/a8858b73a9a3b3708989ee3f5bc2e58d\"},\"headline\":\"Em pleno agosto, Natal j\u00e1 \u00e9 prioridade na ind\u00fastria t\u00eaxtil brasileira\u00a0\",\"datePublished\":\"2026-08-11T21:24:05+00:00\",\"dateModified\":\"2026-08-12T22:57:46+00:00\",\"mainEntityOfPage\":{\"@id\":\"https:\/\/economiasa.com.br\/blog\/ainda-em-agosto-industria-e-lojistas-ja-se-preparam-para-o-natal\/\"},\"wordCount\":557,\"image\":{\"@id\":\"https:\/\/economiasa.com.br\/blog\/ainda-em-agosto-industria-e-lojistas-ja-se-preparam-para-o-natal\/#primaryimage\"},\"thumbnailUrl\":\"https:\/\/economiasa.com.br\/blog\/wp-content\/uploads\/2026\/08\/toalha-natal-jacquard-detalhes-caixinha-papai-noel-BORDO.jpg\",\"articleSection\":[\"Vendas\"],\"inLanguage\":\"pt-BR\"},{\"@type\":\"WebPage\",\"@id\":\"https:\/\/economiasa.com.br\/blog\/ainda-em-agosto-industria-e-lojistas-ja-se-preparam-para-o-natal\/\",\"url\":\"https:\/\/economiasa.com.br\/blog\/ainda-em-agosto-industria-e-lojistas-ja-se-preparam-para-o-natal\/\",\"name\":\"Em pleno agosto, Natal j\u00e1 \u00e9 prioridade na ind\u00fastria t\u00eaxtil brasileira\u00a0 - Economia S\/A\",\"isPartOf\":{\"@id\":\"https:\/\/economiasa.com.br\/blog\/#website\"},\"primaryImageOfPage\":{\"@id\":\"https:\/\/economiasa.com.br\/blog\/ainda-em-agosto-industria-e-lojistas-ja-se-preparam-para-o-natal\/#primaryimage\"},\"image\":{\"@id\":\"https:\/\/economiasa.com.br\/blog\/ainda-em-agosto-industria-e-lojistas-ja-se-preparam-para-o-natal\/#primaryimage\"},\"thumbnailUrl\":\"https:\/\/economiasa.com.br\/blog\/wp-content\/uploads\/2026\/08\/toalha-natal-jacquard-detalhes-caixinha-papai-noel-BORDO.jpg\",\"datePublished\":\"2026-08-11T21:24:05+00:00\",\"dateModified\":\"2026-08-12T22:57:46+00:00\",\"author\":{\"@id\":\"https:\/\/economiasa.com.br\/blog\/#\/schema\/person\/a8858b73a9a3b3708989ee3f5bc2e58d\"},\"breadcrumb\":{\"@id\":\"https:\/\/economiasa.com.br\/blog\/ainda-em-agosto-industria-e-lojistas-ja-se-preparam-para-o-natal\/#breadcrumb\"},\"inLanguage\":\"pt-BR\",\"potentialAction\":[{\"@type\":\"ReadAction\",\"target\":[\"https:\/\/economiasa.com.br\/blog\/ainda-em-agosto-industria-e-lojistas-ja-se-preparam-para-o-natal\/\"]}]},{\"@type\":\"ImageObject\",\"inLanguage\":\"pt-BR\",\"@id\":\"https:\/\/economiasa.com.br\/blog\/ainda-em-agosto-industria-e-lojistas-ja-se-preparam-para-o-natal\/#primaryimage\",\"url\":\"https:\/\/economiasa.com.br\/blog\/wp-content\/uploads\/2026\/08\/toalha-natal-jacquard-detalhes-caixinha-papai-noel-BORDO.jpg\",\"contentUrl\":\"https:\/\/economiasa.com.br\/blog\/wp-content\/uploads\/2026\/08\/toalha-natal-jacquard-detalhes-caixinha-papai-noel-BORDO.jpg\",\"width\":1200,\"height\":1200,\"caption\":\"Cr\u00e9ditos da foto: Divulga\u00e7\u00e3o\"},{\"@type\":\"BreadcrumbList\",\"@id\":\"https:\/\/economiasa.com.br\/blog\/ainda-em-agosto-industria-e-lojistas-ja-se-preparam-para-o-natal\/#breadcrumb\",\"itemListElement\":[{\"@type\":\"ListItem\",\"position\":1,\"name\":\"In\u00edcio\",\"item\":\"https:\/\/economiasa.com.br\/blog\/\"},{\"@type\":\"ListItem\",\"position\":2,\"name\":\"Em pleno agosto, Natal j\u00e1 \u00e9 prioridade na ind\u00fastria t\u00eaxtil brasileira\u00a0\"}]},{\"@type\":\"WebSite\",\"@id\":\"https:\/\/economiasa.com.br\/blog\/#website\",\"url\":\"https:\/\/economiasa.com.br\/blog\/\",\"name\":\"Economia S\/A\",\"description\":\"Ler faz bem para os neg\u00f3cios\",\"potentialAction\":[{\"@type\":\"SearchAction\",\"target\":{\"@type\":\"EntryPoint\",\"urlTemplate\":\"https:\/\/economiasa.com.br\/blog\/?s={search_term_string}\"},\"query-input\":{\"@type\":\"PropertyValueSpecification\",\"valueRequired\":true,\"valueName\":\"search_term_string\"}}],\"inLanguage\":\"pt-BR\"},{\"@type\":\"Person\",\"@id\":\"https:\/\/economiasa.com.br\/blog\/#\/schema\/person\/a8858b73a9a3b3708989ee3f5bc2e58d\",\"name\":\"Reda\u00e7\u00e3o\",\"image\":{\"@type\":\"ImageObject\",\"inLanguage\":\"pt-BR\",\"@id\":\"https:\/\/secure.gravatar.com\/avatar\/8d4189e7e49cc8033fbfc5a49f8d73aab9c244e590ce7cb37c5f9749539e7f5a?s=96&d=mm&r=g6a8786e97c6fe8f840f2f78a8345c39d\",\"url\":\"https:\/\/secure.gravatar.com\/avatar\/8d4189e7e49cc8033fbfc5a49f8d73aab9c244e590ce7cb37c5f9749539e7f5a?s=96&d=mm&r=g\",\"contentUrl\":\"https:\/\/secure.gravatar.com\/avatar\/8d4189e7e49cc8033fbfc5a49f8d73aab9c244e590ce7cb37c5f9749539e7f5a?s=96&d=mm&r=g\",\"caption\":\"Reda\u00e7\u00e3o\"},\"url\":\"https:\/\/economiasa.com.br\/blog\/author\/alecsandro\/\"}]}<\/script>\n<!-- \/ Yoast SEO plugin. -->","yoast_head_json":{"title":"Em pleno agosto, Natal j\u00e1 \u00e9 prioridade na ind\u00fastria t\u00eaxtil brasileira\u00a0 - Economia S\/A","robots":{"index":"index","follow":"follow","max-snippet":"max-snippet:-1","max-image-preview":"max-image-preview:large","max-video-preview":"max-video-preview:-1"},"canonical":"https:\/\/economiasa.com.br\/blog\/ainda-em-agosto-industria-e-lojistas-ja-se-preparam-para-o-natal\/","og_locale":"pt_BR","og_type":"article","og_title":"Em pleno agosto, Natal j\u00e1 \u00e9 prioridade na ind\u00fastria t\u00eaxtil brasileira\u00a0 - Economia S\/A","og_description":"Com um mercado que movimentou quase R$ 85 bilh\u00f5es no \u00faltimo Natal, ind\u00fastrias como a Appel Home j\u00e1 vendem a cole\u00e7\u00e3o natalina...","og_url":"https:\/\/economiasa.com.br\/blog\/ainda-em-agosto-industria-e-lojistas-ja-se-preparam-para-o-natal\/","og_site_name":"Economia S\/A","article_published_time":"2026-08-11T21:24:05+00:00","article_modified_time":"2026-08-12T22:57:46+00:00","og_image":[{"width":1200,"height":1200,"url":"https:\/\/economiasa.com.br\/blog\/wp-content\/uploads\/2026\/08\/toalha-natal-jacquard-detalhes-caixinha-papai-noel-BORDO.jpg","type":"image\/jpeg"}],"author":"Reda\u00e7\u00e3o","twitter_card":"summary_large_image","twitter_misc":{"Escrito por":"Reda\u00e7\u00e3o","Est. tempo de leitura":"4 minutos"},"schema":{"@context":"https:\/\/schema.org","@graph":[{"@type":"Article","@id":"https:\/\/economiasa.com.br\/blog\/ainda-em-agosto-industria-e-lojistas-ja-se-preparam-para-o-natal\/#article","isPartOf":{"@id":"https:\/\/economiasa.com.br\/blog\/ainda-em-agosto-industria-e-lojistas-ja-se-preparam-para-o-natal\/"},"author":{"name":"Reda\u00e7\u00e3o","@id":"https:\/\/economiasa.com.br\/blog\/#\/schema\/person\/a8858b73a9a3b3708989ee3f5bc2e58d"},"headline":"Em pleno agosto, Natal j\u00e1 \u00e9 prioridade na ind\u00fastria t\u00eaxtil brasileira\u00a0","datePublished":"2026-08-11T21:24:05+00:00","dateModified":"2026-08-12T22:57:46+00:00","mainEntityOfPage":{"@id":"https:\/\/economiasa.com.br\/blog\/ainda-em-agosto-industria-e-lojistas-ja-se-preparam-para-o-natal\/"},"wordCount":557,"image":{"@id":"https:\/\/economiasa.com.br\/blog\/ainda-em-agosto-industria-e-lojistas-ja-se-preparam-para-o-natal\/#primaryimage"},"thumbnailUrl":"https:\/\/economiasa.com.br\/blog\/wp-content\/uploads\/2026\/08\/toalha-natal-jacquard-detalhes-caixinha-papai-noel-BORDO.jpg","articleSection":["Vendas"],"inLanguage":"pt-BR"},{"@type":"WebPage","@id":"https:\/\/economiasa.com.br\/blog\/ainda-em-agosto-industria-e-lojistas-ja-se-preparam-para-o-natal\/","url":"https:\/\/economiasa.com.br\/blog\/ainda-em-agosto-industria-e-lojistas-ja-se-preparam-para-o-natal\/","name":"Em pleno agosto, Natal j\u00e1 \u00e9 prioridade na ind\u00fastria t\u00eaxtil brasileira\u00a0 - Economia S\/A","isPartOf":{"@id":"https:\/\/economiasa.com.br\/blog\/#website"},"primaryImageOfPage":{"@id":"https:\/\/economiasa.com.br\/blog\/ainda-em-agosto-industria-e-lojistas-ja-se-preparam-para-o-natal\/#primaryimage"},"image":{"@id":"https:\/\/economiasa.com.br\/blog\/ainda-em-agosto-industria-e-lojistas-ja-se-preparam-para-o-natal\/#primaryimage"},"thumbnailUrl":"https:\/\/economiasa.com.br\/blog\/wp-content\/uploads\/2026\/08\/toalha-natal-jacquard-detalhes-caixinha-papai-noel-BORDO.jpg","datePublished":"2026-08-11T21:24:05+00:00","dateModified":"2026-08-12T22:57:46+00:00","author":{"@id":"https:\/\/economiasa.com.br\/blog\/#\/schema\/person\/a8858b73a9a3b3708989ee3f5bc2e58d"},"breadcrumb":{"@id":"https:\/\/economiasa.com.br\/blog\/ainda-em-agosto-industria-e-lojistas-ja-se-preparam-para-o-natal\/#breadcrumb"},"inLanguage":"pt-BR","potentialAction":[{"@type":"ReadAction","target":["https:\/\/economiasa.com.br\/blog\/ainda-em-agosto-industria-e-lojistas-ja-se-preparam-para-o-natal\/"]}]},{"@type":"ImageObject","inLanguage":"pt-BR","@id":"https:\/\/economiasa.com.br\/blog\/ainda-em-agosto-industria-e-lojistas-ja-se-preparam-para-o-natal\/#primaryimage","url":"https:\/\/economiasa.com.br\/blog\/wp-content\/uploads\/2026\/08\/toalha-natal-jacquard-detalhes-caixinha-papai-noel-BORDO.jpg","contentUrl":"https:\/\/economiasa.com.br\/blog\/wp-content\/uploads\/2026\/08\/toalha-natal-jacquard-detalhes-caixinha-papai-noel-BORDO.jpg","width":1200,"height":1200,"caption":"Cr\u00e9ditos da foto: Divulga\u00e7\u00e3o"},{"@type":"BreadcrumbList","@id":"https:\/\/economiasa.com.br\/blog\/ainda-em-agosto-industria-e-lojistas-ja-se-preparam-para-o-natal\/#breadcrumb","itemListElement":[{"@type":"ListItem","position":1,"name":"In\u00edcio","item":"https:\/\/economiasa.com.br\/blog\/"},{"@type":"ListItem","position":2,"name":"Em pleno agosto, Natal j\u00e1 \u00e9 prioridade na ind\u00fastria t\u00eaxtil brasileira\u00a0"}]},{"@type":"WebSite","@id":"https:\/\/economiasa.com.br\/blog\/#website","url":"https:\/\/economiasa.com.br\/blog\/","name":"Economia S\/A","description":"Ler faz bem para os neg\u00f3cios","potentialAction":[{"@type":"SearchAction","target":{"@type":"EntryPoint","urlTemplate":"https:\/\/economiasa.com.br\/blog\/?s={search_term_string}"},"query-input":{"@type":"PropertyValueSpecification","valueRequired":true,"valueName":"search_term_string"}}],"inLanguage":"pt-BR"},{"@type":"Person","@id":"https:\/\/economiasa.com.br\/blog\/#\/schema\/person\/a8858b73a9a3b3708989ee3f5bc2e58d","name":"Reda\u00e7\u00e3o","image":{"@type":"ImageObject","inLanguage":"pt-BR","@id":"https:\/\/secure.gravatar.com\/avatar\/8d4189e7e49cc8033fbfc5a49f8d73aab9c244e590ce7cb37c5f9749539e7f5a?s=96&d=mm&r=g6a8786e97c6fe8f840f2f78a8345c39d","url":"https:\/\/secure.gravatar.com\/avatar\/8d4189e7e49cc8033fbfc5a49f8d73aab9c244e590ce7cb37c5f9749539e7f5a?s=96&d=mm&r=g","contentUrl":"https:\/\/secure.gravatar.com\/avatar\/8d4189e7e49cc8033fbfc5a49f8d73aab9c244e590ce7cb37c5f9749539e7f5a?s=96&d=mm&r=g","caption":"Reda\u00e7\u00e3o"},"url":"https:\/\/economiasa.com.br\/blog\/author\/alecsandro\/"}]}},"authors":[{"term_id":13239,"user_id":30,"is_guest":0,"slug":"alecsandro","display_name":"Reda\u00e7\u00e3o","avatar_url":"https:\/\/secure.gravatar.com\/avatar\/8d4189e7e49cc8033fbfc5a49f8d73aab9c244e590ce7cb37c5f9749539e7f5a?s=96&d=mm&r=g","author_category":"","first_name":"Alecsandro","last_name":"de Lima Moreira","user_url":"","job_title":"","description":""}],"amp_enabled":true,"_links":{"self":[{"href":"https:\/\/economiasa.com.br\/blog\/wp-json\/wp\/v2\/posts\/83779","targetHints":{"allow":["GET"]}}],"collection":[{"href":"https:\/\/economiasa.com.br\/blog\/wp-json\/wp\/v2\/posts"}],"about":[{"href":"https:\/\/economiasa.com.br\/blog\/wp-json\/wp\/v2\/types\/post"}],"author":[{"embeddable":true,"href":"https:\/\/economiasa.com.br\/blog\/wp-json\/wp\/v2\/users\/30"}],"replies":[{"embeddable":true,"href":"https:\/\/economiasa.com.br\/blog\/wp-json\/wp\/v2\/comments?post=83779"}],"version-history":[{"count":0,"href":"https:\/\/economiasa.com.br\/blog\/wp-json\/wp\/v2\/posts\/83779\/revisions"}],"wp:featuredmedia":[{"embeddable":true,"href":"https:\/\/economiasa.com.br\/blog\/wp-json\/wp\/v2\/media\/83780"}],"wp:attachment":[{"href":"https:\/\/economiasa.com.br\/blog\/wp-json\/wp\/v2\/media?parent=83779"}],"wp:term":[{"taxonomy":"category","embeddable":true,"href":"https:\/\/economiasa.com.br\/blog\/wp-json\/wp\/v2\/categories?post=83779"},{"taxonomy":"post_tag","embeddable":true,"href":"https:\/\/economiasa.com.br\/blog\/wp-json\/wp\/v2\/tags?post=83779"},{"taxonomy":"author","embeddable":true,"href":"https:\/\/economiasa.com.br\/blog\/wp-json\/wp\/v2\/ppma_author?post=83779"}],"curies":[{"name":"wp","href":"https:\/\/api.w.org\/{rel}","templated":true}]}}