{"id":84833,"date":"2026-08-31T13:19:52","date_gmt":"2026-08-31T16:19:52","guid":{"rendered":"https:\/\/economiasa.com.br\/blog\/?p=84833"},"modified":"2026-08-31T13:19:53","modified_gmt":"2026-08-31T16:19:53","slug":"premio-networking-empresarial-nacional-e-internacional-reune-grandes-nomes-em-noite-de-gala-em-orlando","status":"publish","type":"post","link":"https:\/\/economiasa.com.br\/blog\/premio-networking-empresarial-nacional-e-internacional-reune-grandes-nomes-em-noite-de-gala-em-orlando\/","title":{"rendered":"Pr\u00eamio Networking Empresarial Nacional e Internacional re\u00fane grandes nomes em noite de gala em Orlando"},"content":{"rendered":"\n<p class=\"wp-block-paragraph\">A pr\u00f3xima edi\u00e7\u00e3o do Pr\u00eamio Networking Empresarial Nacional e Internacional j\u00e1 tem data e destino definidos. No pr\u00f3ximo dia 17, Orlando, na Fl\u00f3rida, ser\u00e1 palco da 12\u00aa edi\u00e7\u00e3o do evento, que re\u00fane empres\u00e1rios, empreendedores, artistas, profissionais e representantes de institui\u00e7\u00f5es de diferentes segmentos em uma programa\u00e7\u00e3o voltada ao reconhecimento e \u00e0s conex\u00f5es internacionais.<\/p>\n\n\n<div class=\"wp-block-image\">\n<figure class=\"aligncenter size-large\"><img loading=\"lazy\" decoding=\"async\" width=\"637\" height=\"1024\" src=\"https:\/\/economiasa.com.br\/blog\/wp-content\/uploads\/2026\/08\/Gil-Santoss-637x1024.jpeg\" alt=\"Gil Santos \/ Cr\u00e9ditos da foto: Divulga\u00e7\u00e3o\" class=\"wp-image-84834\" srcset=\"https:\/\/economiasa.com.br\/blog\/wp-content\/uploads\/2026\/08\/Gil-Santoss-637x1024.jpeg 637w, https:\/\/economiasa.com.br\/blog\/wp-content\/uploads\/2026\/08\/Gil-Santoss-187x300.jpeg 187w, https:\/\/economiasa.com.br\/blog\/wp-content\/uploads\/2026\/08\/Gil-Santoss-768x1235.jpeg 768w, https:\/\/economiasa.com.br\/blog\/wp-content\/uploads\/2026\/08\/Gil-Santoss-360x579.jpeg 360w, https:\/\/economiasa.com.br\/blog\/wp-content\/uploads\/2026\/08\/Gil-Santoss.jpeg 796w\" sizes=\"auto, (max-width: 637px) 100vw, 637px\" \/><figcaption class=\"wp-element-caption\">Gil Santos \/ Cr\u00e9ditos da foto: Divulga\u00e7\u00e3o<\/figcaption><\/figure>\n<\/div>\n\n\n<p class=\"wp-block-paragraph\">\u00c0 frente da iniciativa est\u00e1 Gil Santos, CEO do Pr\u00eamio Networking Empresarial Nacional e Internacional, respons\u00e1vel pela realiza\u00e7\u00e3o das edi\u00e7\u00f5es nacionais e internacionais. O projeto tem como proposta aproximar profissionais de diferentes \u00e1reas, criando oportunidades de relacionamento e interc\u00e2mbio entre o Brasil e outros mercados. Depois da edi\u00e7\u00e3o realizada em Las Vegas, o pr\u00eamio chega a Orlando com uma programa\u00e7\u00e3o que combina neg\u00f3cios, networking, empreendedorismo, cultura e arte.<\/p>\n\n\n\n<figure class=\"wp-block-image size-large\"><img loading=\"lazy\" decoding=\"async\" width=\"683\" height=\"1024\" src=\"https:\/\/economiasa.com.br\/blog\/wp-content\/uploads\/2026\/08\/Gil-Santos-683x1024.jpeg\" alt=\"Gil Santos \/ Cr\u00e9ditos da foto: Divulga\u00e7\u00e3o\" class=\"wp-image-84837\" srcset=\"https:\/\/economiasa.com.br\/blog\/wp-content\/uploads\/2026\/08\/Gil-Santos-683x1024.jpeg 683w, https:\/\/economiasa.com.br\/blog\/wp-content\/uploads\/2026\/08\/Gil-Santos-200x300.jpeg 200w, https:\/\/economiasa.com.br\/blog\/wp-content\/uploads\/2026\/08\/Gil-Santos-768x1152.jpeg 768w, https:\/\/economiasa.com.br\/blog\/wp-content\/uploads\/2026\/08\/Gil-Santos-360x540.jpeg 360w, https:\/\/economiasa.com.br\/blog\/wp-content\/uploads\/2026\/08\/Gil-Santos.jpeg 1024w\" sizes=\"auto, (max-width: 683px) 100vw, 683px\" \/><figcaption class=\"wp-element-caption\">Gil Santos \/ Cr\u00e9ditos da foto: Divulga\u00e7\u00e3o<\/figcaption><\/figure>\n\n\n\n<p class=\"wp-block-paragraph\">Entre os destaques desta edi\u00e7\u00e3o est\u00e3o a apresentadora e empres\u00e1ria Zilu Camargo, o artista pl\u00e1stico e empres\u00e1rio Hermes Santos, a empres\u00e1ria Ver\u00f4nica Braga e o empres\u00e1rio L\u00facio Santana. A lista re\u00fane ainda nomes ligados ao empreendedorismo, \u00e0 comunica\u00e7\u00e3o, \u00e0 gastronomia, ao entretenimento e ao setor institucional, ampliando o perfil multidisciplinar da premia\u00e7\u00e3o.<\/p>\n\n\n\n<figure class=\"wp-block-image size-large\"><img loading=\"lazy\" decoding=\"async\" width=\"682\" height=\"1024\" src=\"https:\/\/economiasa.com.br\/blog\/wp-content\/uploads\/2026\/08\/Hermes-Santos-Artista-Plastico-682x1024.jpeg\" alt=\"Hermes Santos Artista Plastico\" class=\"wp-image-84839\" srcset=\"https:\/\/economiasa.com.br\/blog\/wp-content\/uploads\/2026\/08\/Hermes-Santos-Artista-Plastico-682x1024.jpeg 682w, https:\/\/economiasa.com.br\/blog\/wp-content\/uploads\/2026\/08\/Hermes-Santos-Artista-Plastico-200x300.jpeg 200w, https:\/\/economiasa.com.br\/blog\/wp-content\/uploads\/2026\/08\/Hermes-Santos-Artista-Plastico-768x1152.jpeg 768w, https:\/\/economiasa.com.br\/blog\/wp-content\/uploads\/2026\/08\/Hermes-Santos-Artista-Plastico-360x540.jpeg 360w, https:\/\/economiasa.com.br\/blog\/wp-content\/uploads\/2026\/08\/Hermes-Santos-Artista-Plastico.jpeg 853w\" sizes=\"auto, (max-width: 682px) 100vw, 682px\" \/><figcaption class=\"wp-element-caption\">Hermes Santos Artista Plastico<\/figcaption><\/figure>\n\n\n\n<figure class=\"wp-block-image size-large\"><img loading=\"lazy\" decoding=\"async\" width=\"683\" height=\"1024\" src=\"https:\/\/economiasa.com.br\/blog\/wp-content\/uploads\/2026\/08\/Veronica-Braga-683x1024.jpeg\" alt=\"Veronica Braga \/ Cr\u00e9ditos da foto: Divulga\u00e7\u00e3o\" class=\"wp-image-84836\" srcset=\"https:\/\/economiasa.com.br\/blog\/wp-content\/uploads\/2026\/08\/Veronica-Braga-683x1024.jpeg 683w, https:\/\/economiasa.com.br\/blog\/wp-content\/uploads\/2026\/08\/Veronica-Braga-200x300.jpeg 200w, https:\/\/economiasa.com.br\/blog\/wp-content\/uploads\/2026\/08\/Veronica-Braga-768x1152.jpeg 768w, https:\/\/economiasa.com.br\/blog\/wp-content\/uploads\/2026\/08\/Veronica-Braga-1024x1536.jpeg 1024w, https:\/\/economiasa.com.br\/blog\/wp-content\/uploads\/2026\/08\/Veronica-Braga-360x540.jpeg 360w, https:\/\/economiasa.com.br\/blog\/wp-content\/uploads\/2026\/08\/Veronica-Braga.jpeg 1066w\" sizes=\"auto, (max-width: 683px) 100vw, 683px\" \/><figcaption class=\"wp-element-caption\">Veronica Braga \/ Cr\u00e9ditos da foto: Divulga\u00e7\u00e3o<\/figcaption><\/figure>\n\n\n\n<p class=\"wp-block-paragraph\">Um dos elementos que diferenciam a edi\u00e7\u00e3o de Orlando ser\u00e1 o pr\u00f3prio trof\u00e9u. A pe\u00e7a oficial est\u00e1 sendo esculpida por Hermes Santos, artista pl\u00e1stico e empres\u00e1rio, que tamb\u00e9m participa da premia\u00e7\u00e3o como homenageado e Sponsor. A proposta \u00e9 transformar o trof\u00e9u em uma pe\u00e7a art\u00edstica, associando o reconhecimento profissional \u00e0 produ\u00e7\u00e3o de arte.<\/p>\n\n\n\n<figure class=\"wp-block-image size-large\"><img loading=\"lazy\" decoding=\"async\" width=\"694\" height=\"1024\" src=\"https:\/\/economiasa.com.br\/blog\/wp-content\/uploads\/2026\/08\/Lucio-Santana-694x1024.jpeg\" alt=\"Lucio Santana \/ Cr\u00e9ditos da foto: Divulga\u00e7\u00e3o\" class=\"wp-image-84840\" srcset=\"https:\/\/economiasa.com.br\/blog\/wp-content\/uploads\/2026\/08\/Lucio-Santana-694x1024.jpeg 694w, https:\/\/economiasa.com.br\/blog\/wp-content\/uploads\/2026\/08\/Lucio-Santana-203x300.jpeg 203w, https:\/\/economiasa.com.br\/blog\/wp-content\/uploads\/2026\/08\/Lucio-Santana-768x1133.jpeg 768w, https:\/\/economiasa.com.br\/blog\/wp-content\/uploads\/2026\/08\/Lucio-Santana-360x531.jpeg 360w, https:\/\/economiasa.com.br\/blog\/wp-content\/uploads\/2026\/08\/Lucio-Santana.jpeg 868w\" sizes=\"auto, (max-width: 694px) 100vw, 694px\" \/><figcaption class=\"wp-element-caption\">Lucio Santana \/ Cr\u00e9ditos da foto: Divulga\u00e7\u00e3o<\/figcaption><\/figure>\n\n\n\n<p class=\"wp-block-paragraph\">A programa\u00e7\u00e3o tamb\u00e9m contar\u00e1 com personalidades conhecidas do p\u00fablico, entre elas Alberto Cowboy, participante do Big Brother Brasil, al\u00e9m de profissionais e representantes de institui\u00e7\u00f5es brasileiras e internacionais. A presen\u00e7a de convidados de diferentes \u00e1reas faz parte da proposta do evento de criar um ambiente de relacionamento entre neg\u00f3cios, cultura e entretenimento.<\/p>\n\n\n\n<p class=\"wp-block-paragraph\">Entre os nomes confirmados, al\u00e9m de Zilu Camargo, Hermes Santos, Ver\u00f4nica Ferreira Braga e L\u00facio Santana, est\u00e3o Caroline Fischer Espi, presidente da C\u00e2mara do Com\u00e9rcio de Orlando; Miguel Lujan Paletta, presidente da C\u00e2mara de Ind\u00fastria e Com\u00e9rcio do Mercosul; Alberto Cowboy; Alessandra Astolphi; Gilvan Angelini; Roberto Pasqual; Leandro Louzeiro; Dra. Adriana Gois Machado; Dra. Ana Paula Costanzo; Roberto Pereira Rodrigues; Osvaldo da Silva Lobeiro Machado; Alda Aparecida Janetti; Rodrigo Silva; Soraya Patr\u00edcia Cimino Gameiro; Jessica Karoline Araujo Pereira; Isabela Cimino Gameiro; Jo\u00e3o Roverci; Jean Raphael Araujo Pereira; M\u00e1rio Lopes; Rogerinho R9; Faculdade de Piracanjuba \u2013 FAP, representada pelo Prof. Dr. Milton Justus; Renata Dupas; Chef Marcelo Lim\u00e3o; Viviane Ribeiro Fernandes; Daniela Pividori Lopez; Jo\u00e3o Paulo Dutra; Marcelo Massao Ibashi; Aliane Septer; Bruno C\u00e1ssio e Alexandre; Rafael Madeira Santos; Juliana Morchen; Gisa Dal\u2019Olmo; Dr. Luis Alexandre Oliveira; Rochelle Seta e Silva Souza; Sidiclei de Souza; Jean Filho Carlo de Souza Filho; Adrian Sequeira; Jean e Rog\u00e9ria; Dra. Luanna; Leonardo Improta; \u00c9verton Alves; Giuliano e Renata; Alberto Casemiro, Dr. Miguel \u00c2ngelo Nadin; Wagner Braga; Anderson Ribeiro; e Leila Vieira.<\/p>\n\n\n\n<figure class=\"wp-block-image size-large\"><img loading=\"lazy\" decoding=\"async\" width=\"682\" height=\"1024\" src=\"https:\/\/economiasa.com.br\/blog\/wp-content\/uploads\/2026\/08\/Zilu-Camargo-682x1024.jpeg\" alt=\"Zilu Camargo \/ Cr\u00e9ditos da foto: Divulga\u00e7\u00e3o\" class=\"wp-image-84838\" srcset=\"https:\/\/economiasa.com.br\/blog\/wp-content\/uploads\/2026\/08\/Zilu-Camargo-682x1024.jpeg 682w, https:\/\/economiasa.com.br\/blog\/wp-content\/uploads\/2026\/08\/Zilu-Camargo-200x300.jpeg 200w, https:\/\/economiasa.com.br\/blog\/wp-content\/uploads\/2026\/08\/Zilu-Camargo-768x1152.jpeg 768w, https:\/\/economiasa.com.br\/blog\/wp-content\/uploads\/2026\/08\/Zilu-Camargo-360x540.jpeg 360w, https:\/\/economiasa.com.br\/blog\/wp-content\/uploads\/2026\/08\/Zilu-Camargo.jpeg 853w\" sizes=\"auto, (max-width: 682px) 100vw, 682px\" \/><figcaption class=\"wp-element-caption\">Zilu Camargo \/ Cr\u00e9ditos da foto: Divulga\u00e7\u00e3o<\/figcaption><\/figure>\n\n\n\n<figure class=\"wp-block-image size-large\"><img loading=\"lazy\" decoding=\"async\" width=\"648\" height=\"1024\" src=\"https:\/\/economiasa.com.br\/blog\/wp-content\/uploads\/2026\/08\/Miguel-Lujan-Presidente-da-camara-e-industria-do-Mercosul-648x1024.jpeg\" alt=\"Miguel Lujan Presidente da c\u00e2mara e ind\u00fastria do Mercosul\" class=\"wp-image-84841\" srcset=\"https:\/\/economiasa.com.br\/blog\/wp-content\/uploads\/2026\/08\/Miguel-Lujan-Presidente-da-camara-e-industria-do-Mercosul-648x1024.jpeg 648w, https:\/\/economiasa.com.br\/blog\/wp-content\/uploads\/2026\/08\/Miguel-Lujan-Presidente-da-camara-e-industria-do-Mercosul-190x300.jpeg 190w, https:\/\/economiasa.com.br\/blog\/wp-content\/uploads\/2026\/08\/Miguel-Lujan-Presidente-da-camara-e-industria-do-Mercosul-768x1214.jpeg 768w, https:\/\/economiasa.com.br\/blog\/wp-content\/uploads\/2026\/08\/Miguel-Lujan-Presidente-da-camara-e-industria-do-Mercosul-360x569.jpeg 360w, https:\/\/economiasa.com.br\/blog\/wp-content\/uploads\/2026\/08\/Miguel-Lujan-Presidente-da-camara-e-industria-do-Mercosul.jpeg 810w\" sizes=\"auto, (max-width: 648px) 100vw, 648px\" \/><figcaption class=\"wp-element-caption\">Miguel Lujan Presidente da c\u00e2mara e ind\u00fastria do Mercosul<\/figcaption><\/figure>\n\n\n\n<p class=\"wp-block-paragraph\">A noite de gala promete reunir sofistica\u00e7\u00e3o, reconhecimento e momentos de celebra\u00e7\u00e3o, mantendo a proposta do pr\u00eamio de aproximar diferentes segmentos em um ambiente voltado ao relacionamento e \u00e0 valoriza\u00e7\u00e3o de trajet\u00f3rias profissionais.<\/p>\n\n\n\n<p class=\"wp-block-paragraph\">Para a organiza\u00e7\u00e3o, a edi\u00e7\u00e3o em Orlando mant\u00e9m a proposta de oferecer uma experi\u00eancia que associe reconhecimento profissional e relacionamento empresarial em um ambiente internacional. A programa\u00e7\u00e3o pretende aproximar pessoas, hist\u00f3rias e oportunidades, tendo a arte e o networking como elementos da experi\u00eancia.<\/p>\n\n\n\n<p class=\"wp-block-paragraph\">O Pr\u00eamio Networking Empresarial Nacional e Internacional ser\u00e1 realizado no pr\u00f3ximo dia 17, em Orlando, na Fl\u00f3rida. Para acompanhar novidades e bastidores do evento, a organiza\u00e7\u00e3o disponibiliza atualiza\u00e7\u00f5es por meio das redes sociais no perfil <a href=\"https:\/\/www.instagram.com\/premionetworking\/\">@premionetworkingempresarial<\/a>.<\/p>\n","protected":false},"excerpt":{"rendered":"<p>A pr\u00f3xima edi\u00e7\u00e3o do Pr\u00eamio Networking Empresarial Nacional e Internacional j\u00e1 tem data e destino definidos. No pr\u00f3ximo dia 17, Orlando, na&#8230;<\/p>\n","protected":false},"author":13,"featured_media":84835,"comment_status":"closed","ping_status":"open","sticky":false,"template":"","format":"standard","meta":{"footnotes":""},"categories":[2017,630],"tags":[],"ppma_author":[13237],"class_list":["post-84833","post","type-post","status-publish","format-standard","has-post-thumbnail","category-informacoes","category-premiacoes"],"yoast_head":"<!-- This site is optimized with the Yoast SEO plugin v27.2 - https:\/\/yoast.com\/product\/yoast-seo-wordpress\/ -->\n<title>Pr\u00eamio Networking Empresarial Nacional e Internacional re\u00fane grandes nomes em noite de gala em Orlando - Economia S\/A<\/title>\n<meta name=\"robots\" content=\"index, follow, max-snippet:-1, max-image-preview:large, max-video-preview:-1\" \/>\n<link rel=\"canonical\" href=\"https:\/\/economiasa.com.br\/blog\/premio-networking-empresarial-nacional-e-internacional-reune-grandes-nomes-em-noite-de-gala-em-orlando\/\" \/>\n<meta property=\"og:locale\" content=\"pt_BR\" \/>\n<meta property=\"og:type\" content=\"article\" \/>\n<meta property=\"og:title\" content=\"Pr\u00eamio Networking Empresarial Nacional e Internacional re\u00fane grandes nomes em noite de gala em Orlando - Economia S\/A\" \/>\n<meta property=\"og:description\" content=\"A pr\u00f3xima edi\u00e7\u00e3o do Pr\u00eamio Networking Empresarial Nacional e Internacional j\u00e1 tem data e destino definidos. No pr\u00f3ximo dia 17, Orlando, na...\" \/>\n<meta property=\"og:url\" content=\"https:\/\/economiasa.com.br\/blog\/premio-networking-empresarial-nacional-e-internacional-reune-grandes-nomes-em-noite-de-gala-em-orlando\/\" \/>\n<meta property=\"og:site_name\" content=\"Economia S\/A\" \/>\n<meta property=\"article:published_time\" content=\"2026-08-31T16:19:52+00:00\" \/>\n<meta property=\"article:modified_time\" content=\"2026-08-31T16:19:53+00:00\" \/>\n<meta property=\"og:image\" content=\"https:\/\/economiasa.com.br\/blog\/wp-content\/uploads\/2026\/08\/ccpx1-16.jpg\" \/>\n\t<meta property=\"og:image:width\" content=\"1024\" \/>\n\t<meta property=\"og:image:height\" content=\"706\" \/>\n\t<meta property=\"og:image:type\" content=\"image\/jpeg\" \/>\n<meta name=\"author\" content=\"Reda\u00e7\u00e3o\" \/>\n<meta name=\"twitter:card\" content=\"summary_large_image\" \/>\n<meta name=\"twitter:label1\" content=\"Escrito por\" \/>\n\t<meta name=\"twitter:data1\" content=\"Reda\u00e7\u00e3o\" \/>\n\t<meta name=\"twitter:label2\" content=\"Est. tempo de leitura\" \/>\n\t<meta name=\"twitter:data2\" content=\"5 minutos\" \/>\n<script type=\"application\/ld+json\" class=\"yoast-schema-graph\">{\"@context\":\"https:\/\/schema.org\",\"@graph\":[{\"@type\":\"Article\",\"@id\":\"https:\/\/economiasa.com.br\/blog\/premio-networking-empresarial-nacional-e-internacional-reune-grandes-nomes-em-noite-de-gala-em-orlando\/#article\",\"isPartOf\":{\"@id\":\"https:\/\/economiasa.com.br\/blog\/premio-networking-empresarial-nacional-e-internacional-reune-grandes-nomes-em-noite-de-gala-em-orlando\/\"},\"author\":{\"name\":\"Reda\u00e7\u00e3o\",\"@id\":\"https:\/\/economiasa.com.br\/blog\/#\/schema\/person\/57f2dfaf8250a36d041a4e4cf0498faf\"},\"headline\":\"Pr\u00eamio Networking Empresarial Nacional e Internacional re\u00fane grandes nomes em noite de gala em Orlando\",\"datePublished\":\"2026-08-31T16:19:52+00:00\",\"dateModified\":\"2026-08-31T16:19:53+00:00\",\"mainEntityOfPage\":{\"@id\":\"https:\/\/economiasa.com.br\/blog\/premio-networking-empresarial-nacional-e-internacional-reune-grandes-nomes-em-noite-de-gala-em-orlando\/\"},\"wordCount\":714,\"image\":{\"@id\":\"https:\/\/economiasa.com.br\/blog\/premio-networking-empresarial-nacional-e-internacional-reune-grandes-nomes-em-noite-de-gala-em-orlando\/#primaryimage\"},\"thumbnailUrl\":\"https:\/\/economiasa.com.br\/blog\/wp-content\/uploads\/2026\/08\/ccpx1-16.jpg\",\"articleSection\":[\"Informa\u00e7\u00f5es\",\"Premia\u00e7\u00f5es\"],\"inLanguage\":\"pt-BR\"},{\"@type\":\"WebPage\",\"@id\":\"https:\/\/economiasa.com.br\/blog\/premio-networking-empresarial-nacional-e-internacional-reune-grandes-nomes-em-noite-de-gala-em-orlando\/\",\"url\":\"https:\/\/economiasa.com.br\/blog\/premio-networking-empresarial-nacional-e-internacional-reune-grandes-nomes-em-noite-de-gala-em-orlando\/\",\"name\":\"Pr\u00eamio Networking Empresarial Nacional e Internacional re\u00fane grandes nomes em noite de gala em Orlando - Economia S\/A\",\"isPartOf\":{\"@id\":\"https:\/\/economiasa.com.br\/blog\/#website\"},\"primaryImageOfPage\":{\"@id\":\"https:\/\/economiasa.com.br\/blog\/premio-networking-empresarial-nacional-e-internacional-reune-grandes-nomes-em-noite-de-gala-em-orlando\/#primaryimage\"},\"image\":{\"@id\":\"https:\/\/economiasa.com.br\/blog\/premio-networking-empresarial-nacional-e-internacional-reune-grandes-nomes-em-noite-de-gala-em-orlando\/#primaryimage\"},\"thumbnailUrl\":\"https:\/\/economiasa.com.br\/blog\/wp-content\/uploads\/2026\/08\/ccpx1-16.jpg\",\"datePublished\":\"2026-08-31T16:19:52+00:00\",\"dateModified\":\"2026-08-31T16:19:53+00:00\",\"author\":{\"@id\":\"https:\/\/economiasa.com.br\/blog\/#\/schema\/person\/57f2dfaf8250a36d041a4e4cf0498faf\"},\"breadcrumb\":{\"@id\":\"https:\/\/economiasa.com.br\/blog\/premio-networking-empresarial-nacional-e-internacional-reune-grandes-nomes-em-noite-de-gala-em-orlando\/#breadcrumb\"},\"inLanguage\":\"pt-BR\",\"potentialAction\":[{\"@type\":\"ReadAction\",\"target\":[\"https:\/\/economiasa.com.br\/blog\/premio-networking-empresarial-nacional-e-internacional-reune-grandes-nomes-em-noite-de-gala-em-orlando\/\"]}]},{\"@type\":\"ImageObject\",\"inLanguage\":\"pt-BR\",\"@id\":\"https:\/\/economiasa.com.br\/blog\/premio-networking-empresarial-nacional-e-internacional-reune-grandes-nomes-em-noite-de-gala-em-orlando\/#primaryimage\",\"url\":\"https:\/\/economiasa.com.br\/blog\/wp-content\/uploads\/2026\/08\/ccpx1-16.jpg\",\"contentUrl\":\"https:\/\/economiasa.com.br\/blog\/wp-content\/uploads\/2026\/08\/ccpx1-16.jpg\",\"width\":1024,\"height\":706,\"caption\":\"Gil Santos \/ Cr\u00e9ditos da foto: Divulga\u00e7\u00e3o\"},{\"@type\":\"BreadcrumbList\",\"@id\":\"https:\/\/economiasa.com.br\/blog\/premio-networking-empresarial-nacional-e-internacional-reune-grandes-nomes-em-noite-de-gala-em-orlando\/#breadcrumb\",\"itemListElement\":[{\"@type\":\"ListItem\",\"position\":1,\"name\":\"In\u00edcio\",\"item\":\"https:\/\/economiasa.com.br\/blog\/\"},{\"@type\":\"ListItem\",\"position\":2,\"name\":\"Pr\u00eamio Networking Empresarial Nacional e Internacional re\u00fane grandes nomes em noite de gala em Orlando\"}]},{\"@type\":\"WebSite\",\"@id\":\"https:\/\/economiasa.com.br\/blog\/#website\",\"url\":\"https:\/\/economiasa.com.br\/blog\/\",\"name\":\"Economia S\/A\",\"description\":\"Ler faz bem para os neg\u00f3cios\",\"potentialAction\":[{\"@type\":\"SearchAction\",\"target\":{\"@type\":\"EntryPoint\",\"urlTemplate\":\"https:\/\/economiasa.com.br\/blog\/?s={search_term_string}\"},\"query-input\":{\"@type\":\"PropertyValueSpecification\",\"valueRequired\":true,\"valueName\":\"search_term_string\"}}],\"inLanguage\":\"pt-BR\"},{\"@type\":\"Person\",\"@id\":\"https:\/\/economiasa.com.br\/blog\/#\/schema\/person\/57f2dfaf8250a36d041a4e4cf0498faf\",\"name\":\"Reda\u00e7\u00e3o\",\"image\":{\"@type\":\"ImageObject\",\"inLanguage\":\"pt-BR\",\"@id\":\"https:\/\/secure.gravatar.com\/avatar\/b9a74cf83ab7b387115b660a012a810ba4283a49e2dc1845eacfc09fd7fadd4b?s=96&d=mm&r=g8b4e5e7107f0781ab9bc60df20107da5\",\"url\":\"https:\/\/secure.gravatar.com\/avatar\/b9a74cf83ab7b387115b660a012a810ba4283a49e2dc1845eacfc09fd7fadd4b?s=96&d=mm&r=g\",\"contentUrl\":\"https:\/\/secure.gravatar.com\/avatar\/b9a74cf83ab7b387115b660a012a810ba4283a49e2dc1845eacfc09fd7fadd4b?s=96&d=mm&r=g\",\"caption\":\"Reda\u00e7\u00e3o\"},\"url\":\"https:\/\/economiasa.com.br\/blog\/author\/vhassessoriagmail-com\/\"}]}<\/script>\n<!-- \/ Yoast SEO plugin. -->","yoast_head_json":{"title":"Pr\u00eamio Networking Empresarial Nacional e Internacional re\u00fane grandes nomes em noite de gala em Orlando - Economia S\/A","robots":{"index":"index","follow":"follow","max-snippet":"max-snippet:-1","max-image-preview":"max-image-preview:large","max-video-preview":"max-video-preview:-1"},"canonical":"https:\/\/economiasa.com.br\/blog\/premio-networking-empresarial-nacional-e-internacional-reune-grandes-nomes-em-noite-de-gala-em-orlando\/","og_locale":"pt_BR","og_type":"article","og_title":"Pr\u00eamio Networking Empresarial Nacional e Internacional re\u00fane grandes nomes em noite de gala em Orlando - Economia S\/A","og_description":"A pr\u00f3xima edi\u00e7\u00e3o do Pr\u00eamio Networking Empresarial Nacional e Internacional j\u00e1 tem data e destino definidos. No pr\u00f3ximo dia 17, Orlando, na...","og_url":"https:\/\/economiasa.com.br\/blog\/premio-networking-empresarial-nacional-e-internacional-reune-grandes-nomes-em-noite-de-gala-em-orlando\/","og_site_name":"Economia S\/A","article_published_time":"2026-08-31T16:19:52+00:00","article_modified_time":"2026-08-31T16:19:53+00:00","og_image":[{"width":1024,"height":706,"url":"https:\/\/economiasa.com.br\/blog\/wp-content\/uploads\/2026\/08\/ccpx1-16.jpg","type":"image\/jpeg"}],"author":"Reda\u00e7\u00e3o","twitter_card":"summary_large_image","twitter_misc":{"Escrito por":"Reda\u00e7\u00e3o","Est. tempo de leitura":"5 minutos"},"schema":{"@context":"https:\/\/schema.org","@graph":[{"@type":"Article","@id":"https:\/\/economiasa.com.br\/blog\/premio-networking-empresarial-nacional-e-internacional-reune-grandes-nomes-em-noite-de-gala-em-orlando\/#article","isPartOf":{"@id":"https:\/\/economiasa.com.br\/blog\/premio-networking-empresarial-nacional-e-internacional-reune-grandes-nomes-em-noite-de-gala-em-orlando\/"},"author":{"name":"Reda\u00e7\u00e3o","@id":"https:\/\/economiasa.com.br\/blog\/#\/schema\/person\/57f2dfaf8250a36d041a4e4cf0498faf"},"headline":"Pr\u00eamio Networking Empresarial Nacional e Internacional re\u00fane grandes nomes em noite de gala em Orlando","datePublished":"2026-08-31T16:19:52+00:00","dateModified":"2026-08-31T16:19:53+00:00","mainEntityOfPage":{"@id":"https:\/\/economiasa.com.br\/blog\/premio-networking-empresarial-nacional-e-internacional-reune-grandes-nomes-em-noite-de-gala-em-orlando\/"},"wordCount":714,"image":{"@id":"https:\/\/economiasa.com.br\/blog\/premio-networking-empresarial-nacional-e-internacional-reune-grandes-nomes-em-noite-de-gala-em-orlando\/#primaryimage"},"thumbnailUrl":"https:\/\/economiasa.com.br\/blog\/wp-content\/uploads\/2026\/08\/ccpx1-16.jpg","articleSection":["Informa\u00e7\u00f5es","Premia\u00e7\u00f5es"],"inLanguage":"pt-BR"},{"@type":"WebPage","@id":"https:\/\/economiasa.com.br\/blog\/premio-networking-empresarial-nacional-e-internacional-reune-grandes-nomes-em-noite-de-gala-em-orlando\/","url":"https:\/\/economiasa.com.br\/blog\/premio-networking-empresarial-nacional-e-internacional-reune-grandes-nomes-em-noite-de-gala-em-orlando\/","name":"Pr\u00eamio Networking Empresarial Nacional e Internacional re\u00fane grandes nomes em noite de gala em Orlando - Economia S\/A","isPartOf":{"@id":"https:\/\/economiasa.com.br\/blog\/#website"},"primaryImageOfPage":{"@id":"https:\/\/economiasa.com.br\/blog\/premio-networking-empresarial-nacional-e-internacional-reune-grandes-nomes-em-noite-de-gala-em-orlando\/#primaryimage"},"image":{"@id":"https:\/\/economiasa.com.br\/blog\/premio-networking-empresarial-nacional-e-internacional-reune-grandes-nomes-em-noite-de-gala-em-orlando\/#primaryimage"},"thumbnailUrl":"https:\/\/economiasa.com.br\/blog\/wp-content\/uploads\/2026\/08\/ccpx1-16.jpg","datePublished":"2026-08-31T16:19:52+00:00","dateModified":"2026-08-31T16:19:53+00:00","author":{"@id":"https:\/\/economiasa.com.br\/blog\/#\/schema\/person\/57f2dfaf8250a36d041a4e4cf0498faf"},"breadcrumb":{"@id":"https:\/\/economiasa.com.br\/blog\/premio-networking-empresarial-nacional-e-internacional-reune-grandes-nomes-em-noite-de-gala-em-orlando\/#breadcrumb"},"inLanguage":"pt-BR","potentialAction":[{"@type":"ReadAction","target":["https:\/\/economiasa.com.br\/blog\/premio-networking-empresarial-nacional-e-internacional-reune-grandes-nomes-em-noite-de-gala-em-orlando\/"]}]},{"@type":"ImageObject","inLanguage":"pt-BR","@id":"https:\/\/economiasa.com.br\/blog\/premio-networking-empresarial-nacional-e-internacional-reune-grandes-nomes-em-noite-de-gala-em-orlando\/#primaryimage","url":"https:\/\/economiasa.com.br\/blog\/wp-content\/uploads\/2026\/08\/ccpx1-16.jpg","contentUrl":"https:\/\/economiasa.com.br\/blog\/wp-content\/uploads\/2026\/08\/ccpx1-16.jpg","width":1024,"height":706,"caption":"Gil Santos \/ Cr\u00e9ditos da foto: Divulga\u00e7\u00e3o"},{"@type":"BreadcrumbList","@id":"https:\/\/economiasa.com.br\/blog\/premio-networking-empresarial-nacional-e-internacional-reune-grandes-nomes-em-noite-de-gala-em-orlando\/#breadcrumb","itemListElement":[{"@type":"ListItem","position":1,"name":"In\u00edcio","item":"https:\/\/economiasa.com.br\/blog\/"},{"@type":"ListItem","position":2,"name":"Pr\u00eamio Networking Empresarial Nacional e Internacional re\u00fane grandes nomes em noite de gala em Orlando"}]},{"@type":"WebSite","@id":"https:\/\/economiasa.com.br\/blog\/#website","url":"https:\/\/economiasa.com.br\/blog\/","name":"Economia S\/A","description":"Ler faz bem para os neg\u00f3cios","potentialAction":[{"@type":"SearchAction","target":{"@type":"EntryPoint","urlTemplate":"https:\/\/economiasa.com.br\/blog\/?s={search_term_string}"},"query-input":{"@type":"PropertyValueSpecification","valueRequired":true,"valueName":"search_term_string"}}],"inLanguage":"pt-BR"},{"@type":"Person","@id":"https:\/\/economiasa.com.br\/blog\/#\/schema\/person\/57f2dfaf8250a36d041a4e4cf0498faf","name":"Reda\u00e7\u00e3o","image":{"@type":"ImageObject","inLanguage":"pt-BR","@id":"https:\/\/secure.gravatar.com\/avatar\/b9a74cf83ab7b387115b660a012a810ba4283a49e2dc1845eacfc09fd7fadd4b?s=96&d=mm&r=g8b4e5e7107f0781ab9bc60df20107da5","url":"https:\/\/secure.gravatar.com\/avatar\/b9a74cf83ab7b387115b660a012a810ba4283a49e2dc1845eacfc09fd7fadd4b?s=96&d=mm&r=g","contentUrl":"https:\/\/secure.gravatar.com\/avatar\/b9a74cf83ab7b387115b660a012a810ba4283a49e2dc1845eacfc09fd7fadd4b?s=96&d=mm&r=g","caption":"Reda\u00e7\u00e3o"},"url":"https:\/\/economiasa.com.br\/blog\/author\/vhassessoriagmail-com\/"}]}},"authors":[{"term_id":13237,"user_id":13,"is_guest":0,"slug":"vhassessoriagmail-com","display_name":"Reda\u00e7\u00e3o","avatar_url":"https:\/\/secure.gravatar.com\/avatar\/b9a74cf83ab7b387115b660a012a810ba4283a49e2dc1845eacfc09fd7fadd4b?s=96&d=mm&r=g","author_category":"","first_name":"Vanessa","last_name":"Reda\u00e7\u00e3o","user_url":"","job_title":"","description":""}],"amp_enabled":true,"_links":{"self":[{"href":"https:\/\/economiasa.com.br\/blog\/wp-json\/wp\/v2\/posts\/84833","targetHints":{"allow":["GET"]}}],"collection":[{"href":"https:\/\/economiasa.com.br\/blog\/wp-json\/wp\/v2\/posts"}],"about":[{"href":"https:\/\/economiasa.com.br\/blog\/wp-json\/wp\/v2\/types\/post"}],"author":[{"embeddable":true,"href":"https:\/\/economiasa.com.br\/blog\/wp-json\/wp\/v2\/users\/13"}],"replies":[{"embeddable":true,"href":"https:\/\/economiasa.com.br\/blog\/wp-json\/wp\/v2\/comments?post=84833"}],"version-history":[{"count":0,"href":"https:\/\/economiasa.com.br\/blog\/wp-json\/wp\/v2\/posts\/84833\/revisions"}],"wp:featuredmedia":[{"embeddable":true,"href":"https:\/\/economiasa.com.br\/blog\/wp-json\/wp\/v2\/media\/84835"}],"wp:attachment":[{"href":"https:\/\/economiasa.com.br\/blog\/wp-json\/wp\/v2\/media?parent=84833"}],"wp:term":[{"taxonomy":"category","embeddable":true,"href":"https:\/\/economiasa.com.br\/blog\/wp-json\/wp\/v2\/categories?post=84833"},{"taxonomy":"post_tag","embeddable":true,"href":"https:\/\/economiasa.com.br\/blog\/wp-json\/wp\/v2\/tags?post=84833"},{"taxonomy":"author","embeddable":true,"href":"https:\/\/economiasa.com.br\/blog\/wp-json\/wp\/v2\/ppma_author?post=84833"}],"curies":[{"name":"wp","href":"https:\/\/api.w.org\/{rel}","templated":true}]}}