{"id":84842,"date":"2026-08-31T15:15:44","date_gmt":"2026-08-31T18:15:44","guid":{"rendered":"https:\/\/economiasa.com.br\/blog\/?p=84842"},"modified":"2026-08-31T15:15:45","modified_gmt":"2026-08-31T18:15:45","slug":"br-logis-e-homenageada-no-ranking-exame-negocios-em-expansao-2026-entre-as-empresas-que-mais-crescem-no-brasil","status":"publish","type":"post","link":"https:\/\/economiasa.com.br\/blog\/br-logis-e-homenageada-no-ranking-exame-negocios-em-expansao-2026-entre-as-empresas-que-mais-crescem-no-brasil\/","title":{"rendered":"BR Logis \u00e9 homenageada no ranking EXAME Neg\u00f3cios em Expans\u00e3o 2026 entre as empresas que mais crescem no Brasil"},"content":{"rendered":"\n<p class=\"wp-block-paragraph\">S\u00e3o Bernardo do Campo (SP), 31 de agosto de 2026 \u2014 A BR Logis, operador log\u00edstico do setor automotivo fundada em 2020 pelo empres\u00e1rio Carlos Andr\u00e9 Gomes da Silva, foi uma das empresas homenageadas no ranking EXAME Neg\u00f3cios em Expans\u00e3o 2026 (NEEX), realizado no dia 26 de agosto, no BTG Pactual Hall, em S\u00e3o Paulo. O reconhecimento coloca a companhia entre as 491 empresas selecionadas \u2014 de um recorde hist\u00f3rico de 838 inscritas \u2014 que mais se destacaram pelo crescimento de receita no \u00faltimo ano, em evento organizado pela revista EXAME em parceria com o BTG Pactual.<\/p>\n\n\n\n<p class=\"wp-block-paragraph\">A quinta edi\u00e7\u00e3o do NEEX reuniu companhias que, juntas, somaram R$ 42 bilh\u00f5es em receita operacional l\u00edquida em 2025. O evento contou com palestras de nomes de destaque do mercado, incluindo Christian R\u00f4\u00e7as (OpenAI), Jo\u00e3o Adibe, Karla Felmanas (Cimed) e Luiz Calainho (Aventura e L21 Corp).<\/p>\n\n\n\n<p class=\"wp-block-paragraph\">Para a BR Logis, o reconhecimento chega em um momento de transforma\u00e7\u00e3o acelerada. Em julho de 2026, a empresa registrou crescimento expressivo de 332% em apenas um m\u00eas, impulsionado por um aporte de investidores chineses que serviu de gatilho para uma reestrutura\u00e7\u00e3o operacional de grande escala. Como parte desse movimento, a companhia fechou contrato exclusivo com uma montadora estrangeira \u2014 marco que consolida a BR Logis como player relevante no setor de log\u00edstica industrial no pa\u00eds \u2014 e anunciou investimento de R$ 75 milh\u00f5es na renova\u00e7\u00e3o e amplia\u00e7\u00e3o de sua frota, com aquisi\u00e7\u00e3o de ve\u00edculos pesados e equipamentos de movimenta\u00e7\u00e3o de cargas.<\/p>\n\n\n\n<p class=\"wp-block-paragraph\">\u201cEstamos vivendo um momento transformador. O investimento nos permitiu acelerar planos que estavam previstos para os pr\u00f3ximos anos. Com a nova frota e a parceria exclusiva com a montadora, nossa expectativa \u00e9 manter o ritmo de crescimento e ampliar ainda mais nossa participa\u00e7\u00e3o no mercado\u201d, afirma a dire\u00e7\u00e3o da BR Logis.<\/p>\n\n\n<div class=\"wp-block-image\">\n<figure class=\"aligncenter size-large\"><img loading=\"lazy\" decoding=\"async\" width=\"683\" height=\"1024\" src=\"https:\/\/economiasa.com.br\/blog\/wp-content\/uploads\/2026\/08\/WhatsApp-Image-2026-08-31-at-14.58.41-683x1024.jpeg\" alt=\"\" class=\"wp-image-84843\" srcset=\"https:\/\/economiasa.com.br\/blog\/wp-content\/uploads\/2026\/08\/WhatsApp-Image-2026-08-31-at-14.58.41-683x1024.jpeg 683w, https:\/\/economiasa.com.br\/blog\/wp-content\/uploads\/2026\/08\/WhatsApp-Image-2026-08-31-at-14.58.41-200x300.jpeg 200w, https:\/\/economiasa.com.br\/blog\/wp-content\/uploads\/2026\/08\/WhatsApp-Image-2026-08-31-at-14.58.41-768x1152.jpeg 768w, https:\/\/economiasa.com.br\/blog\/wp-content\/uploads\/2026\/08\/WhatsApp-Image-2026-08-31-at-14.58.41-360x540.jpeg 360w, https:\/\/economiasa.com.br\/blog\/wp-content\/uploads\/2026\/08\/WhatsApp-Image-2026-08-31-at-14.58.41.jpeg 1024w\" sizes=\"auto, (max-width: 683px) 100vw, 683px\" \/><\/figure>\n<\/div>\n\n\n<p class=\"wp-block-paragraph\"><strong>Sobre a BR Logis<\/strong><\/p>\n\n\n\n<p class=\"wp-block-paragraph\">Fundada em outubro de 2020, em plena pandemia, pelo alagoano Carlos Andr\u00e9 Gomes da Silva \u2014 que construiu sua trajet\u00f3ria no transporte de ve\u00edculos a partir de S\u00e3o Bernardo do Campo (SP) \u2014, a BR Logis \u00e9 um operador log\u00edstico dedicado ao setor automotivo, de ponta a ponta. A empresa atua no transporte de ve\u00edculos em todo o Brasil e no Mercosul (Brasil, Argentina, Bol\u00edvia, Chile, Paraguai, Peru e Uruguai), com cobertura nacional e internacional, frota pr\u00f3pria e rastreamento 24 horas.<\/p>\n\n\n\n<p class=\"wp-block-paragraph\">O Grupo BRLogis organiza-se em m\u00faltiplas verticais que integram toda a cadeia log\u00edstica automotiva:<\/p>\n\n\n\n<p class=\"wp-block-paragraph\">BRLogis Transporte \u2014 transporte de ve\u00edculos em todo o Brasil e exterior, o n\u00facleo da opera\u00e7\u00e3o<br>BRLogis Service \u2014 funilaria, pintura e inspe\u00e7\u00e3o de pr\u00e9-entrega (PDI)<br>BRLogis Park \u2014 p\u00e1tios, armazenagem e gest\u00e3o de estoque de ve\u00edculos<br>BRLogis Tech \u2014 tecnologia e orquestra\u00e7\u00e3o digital da opera\u00e7\u00e3o, com sistema pr\u00f3prio de rastreamento, vistoria digital com registro fotogr\u00e1fico e portal do cliente<br>BRLogis Automotores \u2014 importa\u00e7\u00e3o e com\u00e9rcio de ve\u00edculos, com frente de atua\u00e7\u00e3o no Paraguai<\/p>\n\n\n\n<p class=\"wp-block-paragraph\">Entre os servi\u00e7os de alto padr\u00e3o oferecidos pela empresa destacam-se o transporte de superesportivos, blindados e ve\u00edculos raros, com protocolos especiais; transporte de ve\u00edculos colecion\u00e1veis e cl\u00e1ssicos, tratados como pe\u00e7as \u00fanicas; solu\u00e7\u00f5es para frotas corporativas, locadoras e concession\u00e1rias; e log\u00edstica para eventos automotivos, como lan\u00e7amentos, feiras e exposi\u00e7\u00f5es.<\/p>\n\n\n\n<p class=\"wp-block-paragraph\">A empresa se diferencia por manter p\u00e1tio, prepara\u00e7\u00e3o e tecnologia pr\u00f3prios \u2014 a carga n\u00e3o muda de m\u00e3o no meio do caminho, eliminando a necessidade de fornecedores terceirizados para etapas cr\u00edticas. O cliente acompanha a carga em tempo real, sem precisar solicitar informa\u00e7\u00f5es por e-mail.<\/p>\n\n\n\n<p class=\"wp-block-paragraph\">Com mais de 25 anos de experi\u00eancia no setor (somada \u00e0 trajet\u00f3ria profissional de seu fundador), matriz em S\u00e3o Bernardo do Campo e polos de apoio em todo o territ\u00f3rio nacional, a BR Logis se posiciona para disputar contratos de maior complexidade e escala, mirando n\u00e3o apenas o mercado dom\u00e9stico, mas tamb\u00e9m oportunidades de integra\u00e7\u00e3o log\u00edstica com opera\u00e7\u00f5es na \u00c1sia.<\/p>\n\n\n\n<p class=\"wp-block-paragraph\">Al\u00e9m do reconhecimento da EXAME, o fundador Carlos Andr\u00e9 Gomes recebeu em maio de 2026, em sess\u00e3o solene na C\u00e2mara Municipal de Macei\u00f3, a Comenda Vereador Otac\u00edlio Holanda, pelo seu trabalho de integra\u00e7\u00e3o entre Brasil e Paraguai por meio da BRPY Conex\u00e3o \u2014 iniciativa que aproxima empres\u00e1rios brasileiros do mercado paraguaio.<\/p>\n\n\n\n<p class=\"wp-block-paragraph\">A empresa n\u00e3o descarta novas rodadas de capta\u00e7\u00e3o para financiar a pr\u00f3xima fase de crescimento.<\/p>\n","protected":false},"excerpt":{"rendered":"<p>S\u00e3o Bernardo do Campo (SP), 31 de agosto de 2026 \u2014 A BR Logis, operador log\u00edstico do setor automotivo fundada em 2020&#8230;<\/p>\n","protected":false},"author":51,"featured_media":84844,"comment_status":"closed","ping_status":"open","sticky":false,"template":"","format":"standard","meta":{"footnotes":""},"categories":[101],"tags":[13436],"ppma_author":[13364],"class_list":["post-84842","post","type-post","status-publish","format-standard","has-post-thumbnail","category-negocios","tag-br-logis"],"yoast_head":"<!-- This site is optimized with the Yoast SEO plugin v27.2 - https:\/\/yoast.com\/product\/yoast-seo-wordpress\/ -->\n<title>BR Logis \u00e9 homenageada no ranking EXAME Neg\u00f3cios em Expans\u00e3o 2026 entre as empresas que mais crescem no Brasil - Economia S\/A<\/title>\n<meta name=\"robots\" content=\"index, follow, max-snippet:-1, max-image-preview:large, max-video-preview:-1\" \/>\n<link rel=\"canonical\" href=\"https:\/\/economiasa.com.br\/blog\/br-logis-e-homenageada-no-ranking-exame-negocios-em-expansao-2026-entre-as-empresas-que-mais-crescem-no-brasil\/\" \/>\n<meta property=\"og:locale\" content=\"pt_BR\" \/>\n<meta property=\"og:type\" content=\"article\" \/>\n<meta property=\"og:title\" content=\"BR Logis \u00e9 homenageada no ranking EXAME Neg\u00f3cios em Expans\u00e3o 2026 entre as empresas que mais crescem no Brasil - Economia S\/A\" \/>\n<meta property=\"og:description\" content=\"S\u00e3o Bernardo do Campo (SP), 31 de agosto de 2026 \u2014 A BR Logis, operador log\u00edstico do setor automotivo fundada em 2020...\" \/>\n<meta property=\"og:url\" content=\"https:\/\/economiasa.com.br\/blog\/br-logis-e-homenageada-no-ranking-exame-negocios-em-expansao-2026-entre-as-empresas-que-mais-crescem-no-brasil\/\" \/>\n<meta property=\"og:site_name\" content=\"Economia S\/A\" \/>\n<meta property=\"article:published_time\" content=\"2026-08-31T18:15:44+00:00\" \/>\n<meta property=\"article:modified_time\" content=\"2026-08-31T18:15:45+00:00\" \/>\n<meta property=\"og:image\" content=\"https:\/\/economiasa.com.br\/blog\/wp-content\/uploads\/2026\/08\/30082026-34.png\" \/>\n\t<meta property=\"og:image:width\" content=\"1086\" \/>\n\t<meta property=\"og:image:height\" content=\"668\" \/>\n\t<meta property=\"og:image:type\" content=\"image\/png\" \/>\n<meta name=\"author\" content=\"Luca\" \/>\n<meta name=\"twitter:card\" content=\"summary_large_image\" \/>\n<meta name=\"twitter:label1\" content=\"Escrito por\" \/>\n\t<meta name=\"twitter:data1\" content=\"Luca\" \/>\n\t<meta name=\"twitter:label2\" content=\"Est. tempo de leitura\" \/>\n\t<meta name=\"twitter:data2\" content=\"5 minutos\" \/>\n<script type=\"application\/ld+json\" class=\"yoast-schema-graph\">{\"@context\":\"https:\/\/schema.org\",\"@graph\":[{\"@type\":\"Article\",\"@id\":\"https:\/\/economiasa.com.br\/blog\/br-logis-e-homenageada-no-ranking-exame-negocios-em-expansao-2026-entre-as-empresas-que-mais-crescem-no-brasil\/#article\",\"isPartOf\":{\"@id\":\"https:\/\/economiasa.com.br\/blog\/br-logis-e-homenageada-no-ranking-exame-negocios-em-expansao-2026-entre-as-empresas-que-mais-crescem-no-brasil\/\"},\"author\":{\"name\":\"Luca\",\"@id\":\"https:\/\/economiasa.com.br\/blog\/#\/schema\/person\/e68a83cdf54be6a758c9231961f691a5\"},\"headline\":\"BR Logis \u00e9 homenageada no ranking EXAME Neg\u00f3cios em Expans\u00e3o 2026 entre as empresas que mais crescem no Brasil\",\"datePublished\":\"2026-08-31T18:15:44+00:00\",\"dateModified\":\"2026-08-31T18:15:45+00:00\",\"mainEntityOfPage\":{\"@id\":\"https:\/\/economiasa.com.br\/blog\/br-logis-e-homenageada-no-ranking-exame-negocios-em-expansao-2026-entre-as-empresas-que-mais-crescem-no-brasil\/\"},\"wordCount\":761,\"image\":{\"@id\":\"https:\/\/economiasa.com.br\/blog\/br-logis-e-homenageada-no-ranking-exame-negocios-em-expansao-2026-entre-as-empresas-que-mais-crescem-no-brasil\/#primaryimage\"},\"thumbnailUrl\":\"https:\/\/economiasa.com.br\/blog\/wp-content\/uploads\/2026\/08\/30082026-34.png\",\"keywords\":[\"BR Logis\"],\"articleSection\":[\"Neg\u00f3cios\"],\"inLanguage\":\"pt-BR\"},{\"@type\":\"WebPage\",\"@id\":\"https:\/\/economiasa.com.br\/blog\/br-logis-e-homenageada-no-ranking-exame-negocios-em-expansao-2026-entre-as-empresas-que-mais-crescem-no-brasil\/\",\"url\":\"https:\/\/economiasa.com.br\/blog\/br-logis-e-homenageada-no-ranking-exame-negocios-em-expansao-2026-entre-as-empresas-que-mais-crescem-no-brasil\/\",\"name\":\"BR Logis \u00e9 homenageada no ranking EXAME Neg\u00f3cios em Expans\u00e3o 2026 entre as empresas que mais crescem no Brasil - Economia S\/A\",\"isPartOf\":{\"@id\":\"https:\/\/economiasa.com.br\/blog\/#website\"},\"primaryImageOfPage\":{\"@id\":\"https:\/\/economiasa.com.br\/blog\/br-logis-e-homenageada-no-ranking-exame-negocios-em-expansao-2026-entre-as-empresas-que-mais-crescem-no-brasil\/#primaryimage\"},\"image\":{\"@id\":\"https:\/\/economiasa.com.br\/blog\/br-logis-e-homenageada-no-ranking-exame-negocios-em-expansao-2026-entre-as-empresas-que-mais-crescem-no-brasil\/#primaryimage\"},\"thumbnailUrl\":\"https:\/\/economiasa.com.br\/blog\/wp-content\/uploads\/2026\/08\/30082026-34.png\",\"datePublished\":\"2026-08-31T18:15:44+00:00\",\"dateModified\":\"2026-08-31T18:15:45+00:00\",\"author\":{\"@id\":\"https:\/\/economiasa.com.br\/blog\/#\/schema\/person\/e68a83cdf54be6a758c9231961f691a5\"},\"breadcrumb\":{\"@id\":\"https:\/\/economiasa.com.br\/blog\/br-logis-e-homenageada-no-ranking-exame-negocios-em-expansao-2026-entre-as-empresas-que-mais-crescem-no-brasil\/#breadcrumb\"},\"inLanguage\":\"pt-BR\",\"potentialAction\":[{\"@type\":\"ReadAction\",\"target\":[\"https:\/\/economiasa.com.br\/blog\/br-logis-e-homenageada-no-ranking-exame-negocios-em-expansao-2026-entre-as-empresas-que-mais-crescem-no-brasil\/\"]}]},{\"@type\":\"ImageObject\",\"inLanguage\":\"pt-BR\",\"@id\":\"https:\/\/economiasa.com.br\/blog\/br-logis-e-homenageada-no-ranking-exame-negocios-em-expansao-2026-entre-as-empresas-que-mais-crescem-no-brasil\/#primaryimage\",\"url\":\"https:\/\/economiasa.com.br\/blog\/wp-content\/uploads\/2026\/08\/30082026-34.png\",\"contentUrl\":\"https:\/\/economiasa.com.br\/blog\/wp-content\/uploads\/2026\/08\/30082026-34.png\",\"width\":1086,\"height\":668},{\"@type\":\"BreadcrumbList\",\"@id\":\"https:\/\/economiasa.com.br\/blog\/br-logis-e-homenageada-no-ranking-exame-negocios-em-expansao-2026-entre-as-empresas-que-mais-crescem-no-brasil\/#breadcrumb\",\"itemListElement\":[{\"@type\":\"ListItem\",\"position\":1,\"name\":\"In\u00edcio\",\"item\":\"https:\/\/economiasa.com.br\/blog\/\"},{\"@type\":\"ListItem\",\"position\":2,\"name\":\"BR Logis \u00e9 homenageada no ranking EXAME Neg\u00f3cios em Expans\u00e3o 2026 entre as empresas que mais crescem no Brasil\"}]},{\"@type\":\"WebSite\",\"@id\":\"https:\/\/economiasa.com.br\/blog\/#website\",\"url\":\"https:\/\/economiasa.com.br\/blog\/\",\"name\":\"Economia S\/A\",\"description\":\"Ler faz bem para os neg\u00f3cios\",\"potentialAction\":[{\"@type\":\"SearchAction\",\"target\":{\"@type\":\"EntryPoint\",\"urlTemplate\":\"https:\/\/economiasa.com.br\/blog\/?s={search_term_string}\"},\"query-input\":{\"@type\":\"PropertyValueSpecification\",\"valueRequired\":true,\"valueName\":\"search_term_string\"}}],\"inLanguage\":\"pt-BR\"},{\"@type\":\"Person\",\"@id\":\"https:\/\/economiasa.com.br\/blog\/#\/schema\/person\/e68a83cdf54be6a758c9231961f691a5\",\"name\":\"Luca\",\"image\":{\"@type\":\"ImageObject\",\"inLanguage\":\"pt-BR\",\"@id\":\"https:\/\/secure.gravatar.com\/avatar\/d9e1b5f210b3f8f8d779e3f6d5bc476329deffc4886dbf87c25bf9d72cfce80f?s=96&d=mm&r=gfbe0c949b49092a4eda085ef3fcaf7a9\",\"url\":\"https:\/\/secure.gravatar.com\/avatar\/d9e1b5f210b3f8f8d779e3f6d5bc476329deffc4886dbf87c25bf9d72cfce80f?s=96&d=mm&r=g\",\"contentUrl\":\"https:\/\/secure.gravatar.com\/avatar\/d9e1b5f210b3f8f8d779e3f6d5bc476329deffc4886dbf87c25bf9d72cfce80f?s=96&d=mm&r=g\",\"caption\":\"Luca\"},\"url\":\"https:\/\/economiasa.com.br\/blog\/author\/luca\/\"}]}<\/script>\n<!-- \/ Yoast SEO plugin. -->","yoast_head_json":{"title":"BR Logis \u00e9 homenageada no ranking EXAME Neg\u00f3cios em Expans\u00e3o 2026 entre as empresas que mais crescem no Brasil - Economia S\/A","robots":{"index":"index","follow":"follow","max-snippet":"max-snippet:-1","max-image-preview":"max-image-preview:large","max-video-preview":"max-video-preview:-1"},"canonical":"https:\/\/economiasa.com.br\/blog\/br-logis-e-homenageada-no-ranking-exame-negocios-em-expansao-2026-entre-as-empresas-que-mais-crescem-no-brasil\/","og_locale":"pt_BR","og_type":"article","og_title":"BR Logis \u00e9 homenageada no ranking EXAME Neg\u00f3cios em Expans\u00e3o 2026 entre as empresas que mais crescem no Brasil - Economia S\/A","og_description":"S\u00e3o Bernardo do Campo (SP), 31 de agosto de 2026 \u2014 A BR Logis, operador log\u00edstico do setor automotivo fundada em 2020...","og_url":"https:\/\/economiasa.com.br\/blog\/br-logis-e-homenageada-no-ranking-exame-negocios-em-expansao-2026-entre-as-empresas-que-mais-crescem-no-brasil\/","og_site_name":"Economia S\/A","article_published_time":"2026-08-31T18:15:44+00:00","article_modified_time":"2026-08-31T18:15:45+00:00","og_image":[{"width":1086,"height":668,"url":"https:\/\/economiasa.com.br\/blog\/wp-content\/uploads\/2026\/08\/30082026-34.png","type":"image\/png"}],"author":"Luca","twitter_card":"summary_large_image","twitter_misc":{"Escrito por":"Luca","Est. tempo de leitura":"5 minutos"},"schema":{"@context":"https:\/\/schema.org","@graph":[{"@type":"Article","@id":"https:\/\/economiasa.com.br\/blog\/br-logis-e-homenageada-no-ranking-exame-negocios-em-expansao-2026-entre-as-empresas-que-mais-crescem-no-brasil\/#article","isPartOf":{"@id":"https:\/\/economiasa.com.br\/blog\/br-logis-e-homenageada-no-ranking-exame-negocios-em-expansao-2026-entre-as-empresas-que-mais-crescem-no-brasil\/"},"author":{"name":"Luca","@id":"https:\/\/economiasa.com.br\/blog\/#\/schema\/person\/e68a83cdf54be6a758c9231961f691a5"},"headline":"BR Logis \u00e9 homenageada no ranking EXAME Neg\u00f3cios em Expans\u00e3o 2026 entre as empresas que mais crescem no Brasil","datePublished":"2026-08-31T18:15:44+00:00","dateModified":"2026-08-31T18:15:45+00:00","mainEntityOfPage":{"@id":"https:\/\/economiasa.com.br\/blog\/br-logis-e-homenageada-no-ranking-exame-negocios-em-expansao-2026-entre-as-empresas-que-mais-crescem-no-brasil\/"},"wordCount":761,"image":{"@id":"https:\/\/economiasa.com.br\/blog\/br-logis-e-homenageada-no-ranking-exame-negocios-em-expansao-2026-entre-as-empresas-que-mais-crescem-no-brasil\/#primaryimage"},"thumbnailUrl":"https:\/\/economiasa.com.br\/blog\/wp-content\/uploads\/2026\/08\/30082026-34.png","keywords":["BR Logis"],"articleSection":["Neg\u00f3cios"],"inLanguage":"pt-BR"},{"@type":"WebPage","@id":"https:\/\/economiasa.com.br\/blog\/br-logis-e-homenageada-no-ranking-exame-negocios-em-expansao-2026-entre-as-empresas-que-mais-crescem-no-brasil\/","url":"https:\/\/economiasa.com.br\/blog\/br-logis-e-homenageada-no-ranking-exame-negocios-em-expansao-2026-entre-as-empresas-que-mais-crescem-no-brasil\/","name":"BR Logis \u00e9 homenageada no ranking EXAME Neg\u00f3cios em Expans\u00e3o 2026 entre as empresas que mais crescem no Brasil - Economia S\/A","isPartOf":{"@id":"https:\/\/economiasa.com.br\/blog\/#website"},"primaryImageOfPage":{"@id":"https:\/\/economiasa.com.br\/blog\/br-logis-e-homenageada-no-ranking-exame-negocios-em-expansao-2026-entre-as-empresas-que-mais-crescem-no-brasil\/#primaryimage"},"image":{"@id":"https:\/\/economiasa.com.br\/blog\/br-logis-e-homenageada-no-ranking-exame-negocios-em-expansao-2026-entre-as-empresas-que-mais-crescem-no-brasil\/#primaryimage"},"thumbnailUrl":"https:\/\/economiasa.com.br\/blog\/wp-content\/uploads\/2026\/08\/30082026-34.png","datePublished":"2026-08-31T18:15:44+00:00","dateModified":"2026-08-31T18:15:45+00:00","author":{"@id":"https:\/\/economiasa.com.br\/blog\/#\/schema\/person\/e68a83cdf54be6a758c9231961f691a5"},"breadcrumb":{"@id":"https:\/\/economiasa.com.br\/blog\/br-logis-e-homenageada-no-ranking-exame-negocios-em-expansao-2026-entre-as-empresas-que-mais-crescem-no-brasil\/#breadcrumb"},"inLanguage":"pt-BR","potentialAction":[{"@type":"ReadAction","target":["https:\/\/economiasa.com.br\/blog\/br-logis-e-homenageada-no-ranking-exame-negocios-em-expansao-2026-entre-as-empresas-que-mais-crescem-no-brasil\/"]}]},{"@type":"ImageObject","inLanguage":"pt-BR","@id":"https:\/\/economiasa.com.br\/blog\/br-logis-e-homenageada-no-ranking-exame-negocios-em-expansao-2026-entre-as-empresas-que-mais-crescem-no-brasil\/#primaryimage","url":"https:\/\/economiasa.com.br\/blog\/wp-content\/uploads\/2026\/08\/30082026-34.png","contentUrl":"https:\/\/economiasa.com.br\/blog\/wp-content\/uploads\/2026\/08\/30082026-34.png","width":1086,"height":668},{"@type":"BreadcrumbList","@id":"https:\/\/economiasa.com.br\/blog\/br-logis-e-homenageada-no-ranking-exame-negocios-em-expansao-2026-entre-as-empresas-que-mais-crescem-no-brasil\/#breadcrumb","itemListElement":[{"@type":"ListItem","position":1,"name":"In\u00edcio","item":"https:\/\/economiasa.com.br\/blog\/"},{"@type":"ListItem","position":2,"name":"BR Logis \u00e9 homenageada no ranking EXAME Neg\u00f3cios em Expans\u00e3o 2026 entre as empresas que mais crescem no Brasil"}]},{"@type":"WebSite","@id":"https:\/\/economiasa.com.br\/blog\/#website","url":"https:\/\/economiasa.com.br\/blog\/","name":"Economia S\/A","description":"Ler faz bem para os neg\u00f3cios","potentialAction":[{"@type":"SearchAction","target":{"@type":"EntryPoint","urlTemplate":"https:\/\/economiasa.com.br\/blog\/?s={search_term_string}"},"query-input":{"@type":"PropertyValueSpecification","valueRequired":true,"valueName":"search_term_string"}}],"inLanguage":"pt-BR"},{"@type":"Person","@id":"https:\/\/economiasa.com.br\/blog\/#\/schema\/person\/e68a83cdf54be6a758c9231961f691a5","name":"Luca","image":{"@type":"ImageObject","inLanguage":"pt-BR","@id":"https:\/\/secure.gravatar.com\/avatar\/d9e1b5f210b3f8f8d779e3f6d5bc476329deffc4886dbf87c25bf9d72cfce80f?s=96&d=mm&r=gfbe0c949b49092a4eda085ef3fcaf7a9","url":"https:\/\/secure.gravatar.com\/avatar\/d9e1b5f210b3f8f8d779e3f6d5bc476329deffc4886dbf87c25bf9d72cfce80f?s=96&d=mm&r=g","contentUrl":"https:\/\/secure.gravatar.com\/avatar\/d9e1b5f210b3f8f8d779e3f6d5bc476329deffc4886dbf87c25bf9d72cfce80f?s=96&d=mm&r=g","caption":"Luca"},"url":"https:\/\/economiasa.com.br\/blog\/author\/luca\/"}]}},"authors":[{"term_id":13364,"user_id":51,"is_guest":0,"slug":"luca","display_name":"Luca","avatar_url":"https:\/\/secure.gravatar.com\/avatar\/d9e1b5f210b3f8f8d779e3f6d5bc476329deffc4886dbf87c25bf9d72cfce80f?s=96&d=mm&r=g","author_category":"","first_name":"Luca","last_name":"","user_url":"","job_title":"","description":""}],"amp_enabled":true,"_links":{"self":[{"href":"https:\/\/economiasa.com.br\/blog\/wp-json\/wp\/v2\/posts\/84842","targetHints":{"allow":["GET"]}}],"collection":[{"href":"https:\/\/economiasa.com.br\/blog\/wp-json\/wp\/v2\/posts"}],"about":[{"href":"https:\/\/economiasa.com.br\/blog\/wp-json\/wp\/v2\/types\/post"}],"author":[{"embeddable":true,"href":"https:\/\/economiasa.com.br\/blog\/wp-json\/wp\/v2\/users\/51"}],"replies":[{"embeddable":true,"href":"https:\/\/economiasa.com.br\/blog\/wp-json\/wp\/v2\/comments?post=84842"}],"version-history":[{"count":0,"href":"https:\/\/economiasa.com.br\/blog\/wp-json\/wp\/v2\/posts\/84842\/revisions"}],"wp:featuredmedia":[{"embeddable":true,"href":"https:\/\/economiasa.com.br\/blog\/wp-json\/wp\/v2\/media\/84844"}],"wp:attachment":[{"href":"https:\/\/economiasa.com.br\/blog\/wp-json\/wp\/v2\/media?parent=84842"}],"wp:term":[{"taxonomy":"category","embeddable":true,"href":"https:\/\/economiasa.com.br\/blog\/wp-json\/wp\/v2\/categories?post=84842"},{"taxonomy":"post_tag","embeddable":true,"href":"https:\/\/economiasa.com.br\/blog\/wp-json\/wp\/v2\/tags?post=84842"},{"taxonomy":"author","embeddable":true,"href":"https:\/\/economiasa.com.br\/blog\/wp-json\/wp\/v2\/ppma_author?post=84842"}],"curies":[{"name":"wp","href":"https:\/\/api.w.org\/{rel}","templated":true}]}}