{"id":84845,"date":"2026-08-31T19:14:22","date_gmt":"2026-08-31T22:14:22","guid":{"rendered":"https:\/\/economiasa.com.br\/blog\/?p=84845"},"modified":"2026-08-31T19:14:22","modified_gmt":"2026-08-31T22:14:22","slug":"primeiro-bairro-planejado-com-selo-leed-gold-do-pais-celebra-12-anos-e-projeta-gerar-r-15-bilhoes","status":"publish","type":"post","link":"https:\/\/economiasa.com.br\/blog\/primeiro-bairro-planejado-com-selo-leed-gold-do-pais-celebra-12-anos-e-projeta-gerar-r-15-bilhoes\/","title":{"rendered":"Primeiro bairro planejado com selo LEED Gold do pa\u00eds celebra 12 anos e projeta gerar R$ 15 bilh\u00f5es"},"content":{"rendered":"\n<p class=\"wp-block-paragraph\"><em>Cidade dos Lagos, em Guarapuava (PR), completa 12 anos reunindo mais de R$ 4 bilh\u00f5es em investimentos, hospitais, universidades, parque tecnol\u00f3gico e uma programa\u00e7\u00e3o especial aberta \u00e0 comunidade<\/em><\/p>\n\n\n\n<p class=\"wp-block-paragraph\">H\u00e1 12 anos, a proposta parecia ousada para uma cidade do interior do Paran\u00e1: criar um bairro planejado capaz de reunir moradia, trabalho, educa\u00e7\u00e3o, sa\u00fade, lazer e inova\u00e7\u00e3o em um \u00fanico lugar. O que come\u00e7ou como um projeto urban\u00edstico em Guarapuava, na regi\u00e3o central do Paran\u00e1, se transformou em um ecossistema que hoje conecta pessoas, empresas, universidades, hospitais, centros de pesquisa e servi\u00e7os, consolidando a Cidade dos Lagos como uma refer\u00eancia em desenvolvimento urbano e inova\u00e7\u00e3o.<\/p>\n\n\n\n<p class=\"wp-block-paragraph\">Ao longo dessa trajet\u00f3ria, o empreendimento recebeu mais de R$ 4 bilh\u00f5es em investimentos, passou a reunir mais de 250 empresas e projeta movimentar R$ 15 bilh\u00f5es em gera\u00e7\u00e3o de riquezas. Atualmente, cerca de 420 mil ve\u00edculos circulam mensalmente pela regi\u00e3o, reflexo de um ambiente que concentra educa\u00e7\u00e3o, sa\u00fade, tecnologia, com\u00e9rcio, lazer e neg\u00f3cios em um mesmo territ\u00f3rio.<\/p>\n\n\n\n<p class=\"wp-block-paragraph\">Idealizada pelos empres\u00e1rios Odacir Antonelli e Vilso Dubena, a Cidade dos Lagos nasceu com a proposta de antecipar um modelo de cidade que hoje ganha for\u00e7a em todo o mundo: integrar diferentes usos urbanos, reduzir deslocamentos e aproximar inova\u00e7\u00e3o e qualidade de vida. Ao longo dos anos, tornou-se o primeiro bairro planejado do Brasil a conquistar a certifica\u00e7\u00e3o LEED Gold for Communities, reconhecimento internacional pelas pr\u00e1ticas de sustentabilidade e planejamento urbano.<\/p>\n\n\n\n<p class=\"wp-block-paragraph\"><strong>Um ecossistema constru\u00eddo ao longo de 12 anos<\/strong><\/p>\n\n\n\n<p class=\"wp-block-paragraph\">A evolu\u00e7\u00e3o da\u00a0<a href=\"https:\/\/www.cidadedoslagos.com\/\" target=\"_blank\" rel=\"noreferrer noopener\">Cidade dos Lagos<\/a>\u00a0pode ser percebida pelos empreendimentos que passaram a integrar o bairro. Hoje, o ecossistema re\u00fane um campus da Universidade Tecnol\u00f3gica Federal do Paran\u00e1 (UTFPR) e outro da Universidade Estadual do Centro Oeste (Unicentro), hospitais de refer\u00eancia, laborat\u00f3rios de ponta, shopping center, rede hoteleira, centros empresariais, \u00e1reas de lazer e o Cilla Tech Park, que tamb\u00e9m celebra anivers\u00e1rio em setembro, completando seis anos de atua\u00e7\u00e3o.<\/p>\n\n\n\n<p class=\"wp-block-paragraph\">Criado para conectar universidades, empresas, pesquisadores e empreendedores, o parque tecnol\u00f3gico consolidou a voca\u00e7\u00e3o da Cidade dos Lagos para a inova\u00e7\u00e3o e ampliou sua contribui\u00e7\u00e3o para o desenvolvimento econ\u00f4mico da regi\u00e3o, fortalecendo um ambiente onde conhecimento, tecnologia e neg\u00f3cios convivem diariamente.<\/p>\n\n\n\n<p class=\"wp-block-paragraph\"><strong>Um m\u00eas para celebrar essa hist\u00f3ria<\/strong><\/p>\n\n\n\n<p class=\"wp-block-paragraph\">Para marcar os 12 anos da Cidade dos Lagos e os seis anos do Cilla Tech Park, foi preparada uma programa\u00e7\u00e3o especial entre o fim de agosto e o m\u00eas de setembro. A agenda re\u00fane esporte, cultura, inova\u00e7\u00e3o, gastronomia e bem-estar, convidando moradores e visitantes a conhecerem de perto um bairro que continua em constante transforma\u00e7\u00e3o.<\/p>\n\n\n\n<p class=\"wp-block-paragraph\">\u201cNeste ano, queremos celebrar uma hist\u00f3ria constru\u00edda por muitas pessoas e institui\u00e7\u00f5es que acreditaram nesse projeto desde o in\u00edcio. Mais do que comemorar conquistas, nossa inten\u00e7\u00e3o \u00e9 abrir as portas para que a comunidade viva essa experi\u00eancia, participe dos eventos e conhe\u00e7a tudo o que foi desenvolvido ao longo dessa trajet\u00f3ria. A Cidade dos Lagos nasceu para ser um espa\u00e7o de conviv\u00eancia, inova\u00e7\u00e3o e qualidade de vida, e essa programa\u00e7\u00e3o traduz exatamente esse prop\u00f3sito\u201d, afirma Juliana Mehl, gerente de Marketing da Cidade dos Lagos.<\/p>\n\n\n\n<p class=\"wp-block-paragraph\"><strong>Programa\u00e7\u00e3o re\u00fane esporte, inova\u00e7\u00e3o, cultura e bem-estar<\/strong><\/p>\n\n\n\n<p class=\"wp-block-paragraph\">A abertura das comemora\u00e7\u00f5es acontece no dia 29 de agosto, com o Churrasco On Fire Fernando & Sorocaba, realizado na Arena dos Lagos. O evento re\u00fane\u00a0<em>open food<\/em>\u00a0premium de churrasco, m\u00fasica e entretenimento e marca o in\u00edcio oficial da programa\u00e7\u00e3o.<\/p>\n\n\n\n<p class=\"wp-block-paragraph\">No dia 30 de agosto, ser\u00e1 realizada a Corrida Cidade dos Lagos, com percursos de 6 e 12 quil\u00f4metros, al\u00e9m da Corrida Kids. Os trajetos fazem refer\u00eancia aos anivers\u00e1rios do Cilla Tech Park e da Cidade dos Lagos e refor\u00e7am um dos pilares do empreendimento: incentivar qualidade de vida, integra\u00e7\u00e3o e ocupa\u00e7\u00e3o dos espa\u00e7os p\u00fablicos.<\/p>\n\n\n\n<p class=\"wp-block-paragraph\">Durante todo o m\u00eas de setembro, moradores e visitantes poder\u00e3o participar da Jornada Interativa, uma programa\u00e7\u00e3o distribu\u00edda por diferentes pontos do bairro, com experi\u00eancias voltadas \u00e0 inova\u00e7\u00e3o, sustentabilidade, sa\u00fade, lazer e conviv\u00eancia.<\/p>\n\n\n\n<p class=\"wp-block-paragraph\">Nos dias 2 e 3 de setembro, acontecem dois dos principais eventos da programa\u00e7\u00e3o: a Jornada Educatech, voltada \u00e0 educa\u00e7\u00e3o, ci\u00eancia e tecnologia, e o Cilla Tech & Innovation Summit, que reunir\u00e1 especialistas, empres\u00e1rios, pesquisadores e lideran\u00e7as para discutir temas como cidades inteligentes, empreendedorismo, gen\u00e9tica, agroneg\u00f3cio e desenvolvimento regional.<\/p>\n\n\n\n<p class=\"wp-block-paragraph\">A agenda segue no dia 5 de setembro com a tradicional Corrida Maluka, competi\u00e7\u00e3o em que equipes desenvolvem carrinhos movidos exclusivamente pela for\u00e7a da gravidade, premiando criatividade, engenharia e trabalho em equipe.<\/p>\n\n\n\n<p class=\"wp-block-paragraph\">No dia 13 de setembro, o Central Park recebe o Yoga no Parque, atividade gratuita voltada ao bem-estar f\u00edsico e mental em meio \u00e0s \u00e1reas verdes da Cidade dos Lagos.<\/p>\n\n\n\n<p class=\"wp-block-paragraph\">Encerrando as comemora\u00e7\u00f5es, nos dias 19 e 20 de setembro, a Cidade dos Lagos promove, em parceria com o Shopping Cidade dos Lagos, a tradicional Exposi\u00e7\u00e3o de Carros Antigos, reunindo colecionadores, ve\u00edculos cl\u00e1ssicos e atra\u00e7\u00f5es para toda a fam\u00edlia.<\/p>\n\n\n\n<p class=\"wp-block-paragraph\"><strong>Uma hist\u00f3ria que continua sendo constru\u00edda<\/strong><\/p>\n\n\n\n<p class=\"wp-block-paragraph\">Mais do que celebrar dois anivers\u00e1rios, a programa\u00e7\u00e3o marca uma trajet\u00f3ria de transforma\u00e7\u00e3o. Em pouco mais de uma d\u00e9cada, a Cidade dos Lagos deixou de ser um projeto urban\u00edstico para se tornar um ecossistema que integra desenvolvimento econ\u00f4mico, educa\u00e7\u00e3o, sa\u00fade, inova\u00e7\u00e3o, sustentabilidade e qualidade de vida, ajudando a impulsionar o crescimento de Guarapuava e da regi\u00e3o. E, assim como nos \u00faltimos 12 anos, a expectativa \u00e9 que novos investimentos, empreendimentos e iniciativas continuem ampliando esse legado nos pr\u00f3ximos anos.<\/p>\n","protected":false},"excerpt":{"rendered":"<p>Cidade dos Lagos, em Guarapuava (PR), completa 12 anos reunindo mais de R$ 4 bilh\u00f5es em investimentos, hospitais, universidades, parque tecnol\u00f3gico e&#8230;<\/p>\n","protected":false},"author":13,"featured_media":84846,"comment_status":"closed","ping_status":"open","sticky":false,"template":"","format":"standard","meta":{"footnotes":""},"categories":[2017],"tags":[],"ppma_author":[13237],"class_list":["post-84845","post","type-post","status-publish","format-standard","has-post-thumbnail","category-informacoes"],"yoast_head":"<!-- This site is optimized with the Yoast SEO plugin v27.2 - https:\/\/yoast.com\/product\/yoast-seo-wordpress\/ -->\n<title>Primeiro bairro planejado com selo LEED Gold do pa\u00eds celebra 12 anos e projeta gerar R$ 15 bilh\u00f5es - Economia S\/A<\/title>\n<meta name=\"robots\" content=\"index, follow, max-snippet:-1, max-image-preview:large, max-video-preview:-1\" \/>\n<link rel=\"canonical\" href=\"https:\/\/economiasa.com.br\/blog\/primeiro-bairro-planejado-com-selo-leed-gold-do-pais-celebra-12-anos-e-projeta-gerar-r-15-bilhoes\/\" \/>\n<meta property=\"og:locale\" content=\"pt_BR\" \/>\n<meta property=\"og:type\" content=\"article\" \/>\n<meta property=\"og:title\" content=\"Primeiro bairro planejado com selo LEED Gold do pa\u00eds celebra 12 anos e projeta gerar R$ 15 bilh\u00f5es - Economia S\/A\" \/>\n<meta property=\"og:description\" content=\"Cidade dos Lagos, em Guarapuava (PR), completa 12 anos reunindo mais de R$ 4 bilh\u00f5es em investimentos, hospitais, universidades, parque tecnol\u00f3gico e...\" \/>\n<meta property=\"og:url\" content=\"https:\/\/economiasa.com.br\/blog\/primeiro-bairro-planejado-com-selo-leed-gold-do-pais-celebra-12-anos-e-projeta-gerar-r-15-bilhoes\/\" \/>\n<meta property=\"og:site_name\" content=\"Economia S\/A\" \/>\n<meta property=\"article:published_time\" content=\"2026-08-31T22:14:22+00:00\" \/>\n<meta property=\"og:image\" content=\"https:\/\/economiasa.com.br\/blog\/wp-content\/uploads\/2026\/08\/Capturar-257.png\" \/>\n\t<meta property=\"og:image:width\" content=\"780\" \/>\n\t<meta property=\"og:image:height\" content=\"518\" \/>\n\t<meta property=\"og:image:type\" content=\"image\/png\" \/>\n<meta name=\"author\" content=\"Reda\u00e7\u00e3o\" \/>\n<meta name=\"twitter:card\" content=\"summary_large_image\" \/>\n<meta name=\"twitter:label1\" content=\"Escrito por\" \/>\n\t<meta name=\"twitter:data1\" content=\"Reda\u00e7\u00e3o\" \/>\n\t<meta name=\"twitter:label2\" content=\"Est. tempo de leitura\" \/>\n\t<meta name=\"twitter:data2\" content=\"5 minutos\" \/>\n<script type=\"application\/ld+json\" class=\"yoast-schema-graph\">{\"@context\":\"https:\/\/schema.org\",\"@graph\":[{\"@type\":\"Article\",\"@id\":\"https:\/\/economiasa.com.br\/blog\/primeiro-bairro-planejado-com-selo-leed-gold-do-pais-celebra-12-anos-e-projeta-gerar-r-15-bilhoes\/#article\",\"isPartOf\":{\"@id\":\"https:\/\/economiasa.com.br\/blog\/primeiro-bairro-planejado-com-selo-leed-gold-do-pais-celebra-12-anos-e-projeta-gerar-r-15-bilhoes\/\"},\"author\":{\"name\":\"Reda\u00e7\u00e3o\",\"@id\":\"https:\/\/economiasa.com.br\/blog\/#\/schema\/person\/57f2dfaf8250a36d041a4e4cf0498faf\"},\"headline\":\"Primeiro bairro planejado com selo LEED Gold do pa\u00eds celebra 12 anos e projeta gerar R$ 15 bilh\u00f5es\",\"datePublished\":\"2026-08-31T22:14:22+00:00\",\"mainEntityOfPage\":{\"@id\":\"https:\/\/economiasa.com.br\/blog\/primeiro-bairro-planejado-com-selo-leed-gold-do-pais-celebra-12-anos-e-projeta-gerar-r-15-bilhoes\/\"},\"wordCount\":984,\"image\":{\"@id\":\"https:\/\/economiasa.com.br\/blog\/primeiro-bairro-planejado-com-selo-leed-gold-do-pais-celebra-12-anos-e-projeta-gerar-r-15-bilhoes\/#primaryimage\"},\"thumbnailUrl\":\"https:\/\/economiasa.com.br\/blog\/wp-content\/uploads\/2026\/08\/Capturar-257.png\",\"articleSection\":[\"Informa\u00e7\u00f5es\"],\"inLanguage\":\"pt-BR\"},{\"@type\":\"WebPage\",\"@id\":\"https:\/\/economiasa.com.br\/blog\/primeiro-bairro-planejado-com-selo-leed-gold-do-pais-celebra-12-anos-e-projeta-gerar-r-15-bilhoes\/\",\"url\":\"https:\/\/economiasa.com.br\/blog\/primeiro-bairro-planejado-com-selo-leed-gold-do-pais-celebra-12-anos-e-projeta-gerar-r-15-bilhoes\/\",\"name\":\"Primeiro bairro planejado com selo LEED Gold do pa\u00eds celebra 12 anos e projeta gerar R$ 15 bilh\u00f5es - Economia S\/A\",\"isPartOf\":{\"@id\":\"https:\/\/economiasa.com.br\/blog\/#website\"},\"primaryImageOfPage\":{\"@id\":\"https:\/\/economiasa.com.br\/blog\/primeiro-bairro-planejado-com-selo-leed-gold-do-pais-celebra-12-anos-e-projeta-gerar-r-15-bilhoes\/#primaryimage\"},\"image\":{\"@id\":\"https:\/\/economiasa.com.br\/blog\/primeiro-bairro-planejado-com-selo-leed-gold-do-pais-celebra-12-anos-e-projeta-gerar-r-15-bilhoes\/#primaryimage\"},\"thumbnailUrl\":\"https:\/\/economiasa.com.br\/blog\/wp-content\/uploads\/2026\/08\/Capturar-257.png\",\"datePublished\":\"2026-08-31T22:14:22+00:00\",\"author\":{\"@id\":\"https:\/\/economiasa.com.br\/blog\/#\/schema\/person\/57f2dfaf8250a36d041a4e4cf0498faf\"},\"breadcrumb\":{\"@id\":\"https:\/\/economiasa.com.br\/blog\/primeiro-bairro-planejado-com-selo-leed-gold-do-pais-celebra-12-anos-e-projeta-gerar-r-15-bilhoes\/#breadcrumb\"},\"inLanguage\":\"pt-BR\",\"potentialAction\":[{\"@type\":\"ReadAction\",\"target\":[\"https:\/\/economiasa.com.br\/blog\/primeiro-bairro-planejado-com-selo-leed-gold-do-pais-celebra-12-anos-e-projeta-gerar-r-15-bilhoes\/\"]}]},{\"@type\":\"ImageObject\",\"inLanguage\":\"pt-BR\",\"@id\":\"https:\/\/economiasa.com.br\/blog\/primeiro-bairro-planejado-com-selo-leed-gold-do-pais-celebra-12-anos-e-projeta-gerar-r-15-bilhoes\/#primaryimage\",\"url\":\"https:\/\/economiasa.com.br\/blog\/wp-content\/uploads\/2026\/08\/Capturar-257.png\",\"contentUrl\":\"https:\/\/economiasa.com.br\/blog\/wp-content\/uploads\/2026\/08\/Capturar-257.png\",\"width\":780,\"height\":518,\"caption\":\"Cr\u00e9ditos da foto: Divulga\u00e7\u00e3o\"},{\"@type\":\"BreadcrumbList\",\"@id\":\"https:\/\/economiasa.com.br\/blog\/primeiro-bairro-planejado-com-selo-leed-gold-do-pais-celebra-12-anos-e-projeta-gerar-r-15-bilhoes\/#breadcrumb\",\"itemListElement\":[{\"@type\":\"ListItem\",\"position\":1,\"name\":\"In\u00edcio\",\"item\":\"https:\/\/economiasa.com.br\/blog\/\"},{\"@type\":\"ListItem\",\"position\":2,\"name\":\"Primeiro bairro planejado com selo LEED Gold do pa\u00eds celebra 12 anos e projeta gerar R$ 15 bilh\u00f5es\"}]},{\"@type\":\"WebSite\",\"@id\":\"https:\/\/economiasa.com.br\/blog\/#website\",\"url\":\"https:\/\/economiasa.com.br\/blog\/\",\"name\":\"Economia S\/A\",\"description\":\"Ler faz bem para os neg\u00f3cios\",\"potentialAction\":[{\"@type\":\"SearchAction\",\"target\":{\"@type\":\"EntryPoint\",\"urlTemplate\":\"https:\/\/economiasa.com.br\/blog\/?s={search_term_string}\"},\"query-input\":{\"@type\":\"PropertyValueSpecification\",\"valueRequired\":true,\"valueName\":\"search_term_string\"}}],\"inLanguage\":\"pt-BR\"},{\"@type\":\"Person\",\"@id\":\"https:\/\/economiasa.com.br\/blog\/#\/schema\/person\/57f2dfaf8250a36d041a4e4cf0498faf\",\"name\":\"Reda\u00e7\u00e3o\",\"image\":{\"@type\":\"ImageObject\",\"inLanguage\":\"pt-BR\",\"@id\":\"https:\/\/secure.gravatar.com\/avatar\/b9a74cf83ab7b387115b660a012a810ba4283a49e2dc1845eacfc09fd7fadd4b?s=96&d=mm&r=g8b4e5e7107f0781ab9bc60df20107da5\",\"url\":\"https:\/\/secure.gravatar.com\/avatar\/b9a74cf83ab7b387115b660a012a810ba4283a49e2dc1845eacfc09fd7fadd4b?s=96&d=mm&r=g\",\"contentUrl\":\"https:\/\/secure.gravatar.com\/avatar\/b9a74cf83ab7b387115b660a012a810ba4283a49e2dc1845eacfc09fd7fadd4b?s=96&d=mm&r=g\",\"caption\":\"Reda\u00e7\u00e3o\"},\"url\":\"https:\/\/economiasa.com.br\/blog\/author\/vhassessoriagmail-com\/\"}]}<\/script>\n<!-- \/ Yoast SEO plugin. -->","yoast_head_json":{"title":"Primeiro bairro planejado com selo LEED Gold do pa\u00eds celebra 12 anos e projeta gerar R$ 15 bilh\u00f5es - Economia S\/A","robots":{"index":"index","follow":"follow","max-snippet":"max-snippet:-1","max-image-preview":"max-image-preview:large","max-video-preview":"max-video-preview:-1"},"canonical":"https:\/\/economiasa.com.br\/blog\/primeiro-bairro-planejado-com-selo-leed-gold-do-pais-celebra-12-anos-e-projeta-gerar-r-15-bilhoes\/","og_locale":"pt_BR","og_type":"article","og_title":"Primeiro bairro planejado com selo LEED Gold do pa\u00eds celebra 12 anos e projeta gerar R$ 15 bilh\u00f5es - Economia S\/A","og_description":"Cidade dos Lagos, em Guarapuava (PR), completa 12 anos reunindo mais de R$ 4 bilh\u00f5es em investimentos, hospitais, universidades, parque tecnol\u00f3gico e...","og_url":"https:\/\/economiasa.com.br\/blog\/primeiro-bairro-planejado-com-selo-leed-gold-do-pais-celebra-12-anos-e-projeta-gerar-r-15-bilhoes\/","og_site_name":"Economia S\/A","article_published_time":"2026-08-31T22:14:22+00:00","og_image":[{"width":780,"height":518,"url":"https:\/\/economiasa.com.br\/blog\/wp-content\/uploads\/2026\/08\/Capturar-257.png","type":"image\/png"}],"author":"Reda\u00e7\u00e3o","twitter_card":"summary_large_image","twitter_misc":{"Escrito por":"Reda\u00e7\u00e3o","Est. tempo de leitura":"5 minutos"},"schema":{"@context":"https:\/\/schema.org","@graph":[{"@type":"Article","@id":"https:\/\/economiasa.com.br\/blog\/primeiro-bairro-planejado-com-selo-leed-gold-do-pais-celebra-12-anos-e-projeta-gerar-r-15-bilhoes\/#article","isPartOf":{"@id":"https:\/\/economiasa.com.br\/blog\/primeiro-bairro-planejado-com-selo-leed-gold-do-pais-celebra-12-anos-e-projeta-gerar-r-15-bilhoes\/"},"author":{"name":"Reda\u00e7\u00e3o","@id":"https:\/\/economiasa.com.br\/blog\/#\/schema\/person\/57f2dfaf8250a36d041a4e4cf0498faf"},"headline":"Primeiro bairro planejado com selo LEED Gold do pa\u00eds celebra 12 anos e projeta gerar R$ 15 bilh\u00f5es","datePublished":"2026-08-31T22:14:22+00:00","mainEntityOfPage":{"@id":"https:\/\/economiasa.com.br\/blog\/primeiro-bairro-planejado-com-selo-leed-gold-do-pais-celebra-12-anos-e-projeta-gerar-r-15-bilhoes\/"},"wordCount":984,"image":{"@id":"https:\/\/economiasa.com.br\/blog\/primeiro-bairro-planejado-com-selo-leed-gold-do-pais-celebra-12-anos-e-projeta-gerar-r-15-bilhoes\/#primaryimage"},"thumbnailUrl":"https:\/\/economiasa.com.br\/blog\/wp-content\/uploads\/2026\/08\/Capturar-257.png","articleSection":["Informa\u00e7\u00f5es"],"inLanguage":"pt-BR"},{"@type":"WebPage","@id":"https:\/\/economiasa.com.br\/blog\/primeiro-bairro-planejado-com-selo-leed-gold-do-pais-celebra-12-anos-e-projeta-gerar-r-15-bilhoes\/","url":"https:\/\/economiasa.com.br\/blog\/primeiro-bairro-planejado-com-selo-leed-gold-do-pais-celebra-12-anos-e-projeta-gerar-r-15-bilhoes\/","name":"Primeiro bairro planejado com selo LEED Gold do pa\u00eds celebra 12 anos e projeta gerar R$ 15 bilh\u00f5es - Economia S\/A","isPartOf":{"@id":"https:\/\/economiasa.com.br\/blog\/#website"},"primaryImageOfPage":{"@id":"https:\/\/economiasa.com.br\/blog\/primeiro-bairro-planejado-com-selo-leed-gold-do-pais-celebra-12-anos-e-projeta-gerar-r-15-bilhoes\/#primaryimage"},"image":{"@id":"https:\/\/economiasa.com.br\/blog\/primeiro-bairro-planejado-com-selo-leed-gold-do-pais-celebra-12-anos-e-projeta-gerar-r-15-bilhoes\/#primaryimage"},"thumbnailUrl":"https:\/\/economiasa.com.br\/blog\/wp-content\/uploads\/2026\/08\/Capturar-257.png","datePublished":"2026-08-31T22:14:22+00:00","author":{"@id":"https:\/\/economiasa.com.br\/blog\/#\/schema\/person\/57f2dfaf8250a36d041a4e4cf0498faf"},"breadcrumb":{"@id":"https:\/\/economiasa.com.br\/blog\/primeiro-bairro-planejado-com-selo-leed-gold-do-pais-celebra-12-anos-e-projeta-gerar-r-15-bilhoes\/#breadcrumb"},"inLanguage":"pt-BR","potentialAction":[{"@type":"ReadAction","target":["https:\/\/economiasa.com.br\/blog\/primeiro-bairro-planejado-com-selo-leed-gold-do-pais-celebra-12-anos-e-projeta-gerar-r-15-bilhoes\/"]}]},{"@type":"ImageObject","inLanguage":"pt-BR","@id":"https:\/\/economiasa.com.br\/blog\/primeiro-bairro-planejado-com-selo-leed-gold-do-pais-celebra-12-anos-e-projeta-gerar-r-15-bilhoes\/#primaryimage","url":"https:\/\/economiasa.com.br\/blog\/wp-content\/uploads\/2026\/08\/Capturar-257.png","contentUrl":"https:\/\/economiasa.com.br\/blog\/wp-content\/uploads\/2026\/08\/Capturar-257.png","width":780,"height":518,"caption":"Cr\u00e9ditos da foto: Divulga\u00e7\u00e3o"},{"@type":"BreadcrumbList","@id":"https:\/\/economiasa.com.br\/blog\/primeiro-bairro-planejado-com-selo-leed-gold-do-pais-celebra-12-anos-e-projeta-gerar-r-15-bilhoes\/#breadcrumb","itemListElement":[{"@type":"ListItem","position":1,"name":"In\u00edcio","item":"https:\/\/economiasa.com.br\/blog\/"},{"@type":"ListItem","position":2,"name":"Primeiro bairro planejado com selo LEED Gold do pa\u00eds celebra 12 anos e projeta gerar R$ 15 bilh\u00f5es"}]},{"@type":"WebSite","@id":"https:\/\/economiasa.com.br\/blog\/#website","url":"https:\/\/economiasa.com.br\/blog\/","name":"Economia S\/A","description":"Ler faz bem para os neg\u00f3cios","potentialAction":[{"@type":"SearchAction","target":{"@type":"EntryPoint","urlTemplate":"https:\/\/economiasa.com.br\/blog\/?s={search_term_string}"},"query-input":{"@type":"PropertyValueSpecification","valueRequired":true,"valueName":"search_term_string"}}],"inLanguage":"pt-BR"},{"@type":"Person","@id":"https:\/\/economiasa.com.br\/blog\/#\/schema\/person\/57f2dfaf8250a36d041a4e4cf0498faf","name":"Reda\u00e7\u00e3o","image":{"@type":"ImageObject","inLanguage":"pt-BR","@id":"https:\/\/secure.gravatar.com\/avatar\/b9a74cf83ab7b387115b660a012a810ba4283a49e2dc1845eacfc09fd7fadd4b?s=96&d=mm&r=g8b4e5e7107f0781ab9bc60df20107da5","url":"https:\/\/secure.gravatar.com\/avatar\/b9a74cf83ab7b387115b660a012a810ba4283a49e2dc1845eacfc09fd7fadd4b?s=96&d=mm&r=g","contentUrl":"https:\/\/secure.gravatar.com\/avatar\/b9a74cf83ab7b387115b660a012a810ba4283a49e2dc1845eacfc09fd7fadd4b?s=96&d=mm&r=g","caption":"Reda\u00e7\u00e3o"},"url":"https:\/\/economiasa.com.br\/blog\/author\/vhassessoriagmail-com\/"}]}},"authors":[{"term_id":13237,"user_id":13,"is_guest":0,"slug":"vhassessoriagmail-com","display_name":"Reda\u00e7\u00e3o","avatar_url":"https:\/\/secure.gravatar.com\/avatar\/b9a74cf83ab7b387115b660a012a810ba4283a49e2dc1845eacfc09fd7fadd4b?s=96&d=mm&r=g","author_category":"","first_name":"Vanessa","last_name":"Reda\u00e7\u00e3o","user_url":"","job_title":"","description":""}],"amp_enabled":true,"_links":{"self":[{"href":"https:\/\/economiasa.com.br\/blog\/wp-json\/wp\/v2\/posts\/84845","targetHints":{"allow":["GET"]}}],"collection":[{"href":"https:\/\/economiasa.com.br\/blog\/wp-json\/wp\/v2\/posts"}],"about":[{"href":"https:\/\/economiasa.com.br\/blog\/wp-json\/wp\/v2\/types\/post"}],"author":[{"embeddable":true,"href":"https:\/\/economiasa.com.br\/blog\/wp-json\/wp\/v2\/users\/13"}],"replies":[{"embeddable":true,"href":"https:\/\/economiasa.com.br\/blog\/wp-json\/wp\/v2\/comments?post=84845"}],"version-history":[{"count":0,"href":"https:\/\/economiasa.com.br\/blog\/wp-json\/wp\/v2\/posts\/84845\/revisions"}],"wp:featuredmedia":[{"embeddable":true,"href":"https:\/\/economiasa.com.br\/blog\/wp-json\/wp\/v2\/media\/84846"}],"wp:attachment":[{"href":"https:\/\/economiasa.com.br\/blog\/wp-json\/wp\/v2\/media?parent=84845"}],"wp:term":[{"taxonomy":"category","embeddable":true,"href":"https:\/\/economiasa.com.br\/blog\/wp-json\/wp\/v2\/categories?post=84845"},{"taxonomy":"post_tag","embeddable":true,"href":"https:\/\/economiasa.com.br\/blog\/wp-json\/wp\/v2\/tags?post=84845"},{"taxonomy":"author","embeddable":true,"href":"https:\/\/economiasa.com.br\/blog\/wp-json\/wp\/v2\/ppma_author?post=84845"}],"curies":[{"name":"wp","href":"https:\/\/api.w.org\/{rel}","templated":true}]}}