{"id":84863,"date":"2026-08-31T19:53:42","date_gmt":"2026-08-31T22:53:42","guid":{"rendered":"https:\/\/economiasa.com.br\/blog\/?p=84863"},"modified":"2026-08-31T19:53:42","modified_gmt":"2026-08-31T22:53:42","slug":"cnpj-tecnico-entenda-o-que-e-e-como-ele-afeta-os-novos-empreendedores","status":"publish","type":"post","link":"https:\/\/economiasa.com.br\/blog\/cnpj-tecnico-entenda-o-que-e-e-como-ele-afeta-os-novos-empreendedores\/","title":{"rendered":"CNPJ T\u00e9cnico: entenda o que \u00e9 e como ele afeta os novos empreendedores"},"content":{"rendered":"\n<p class=\"wp-block-paragraph\"><em>Nova inscri\u00e7\u00e3o vinculada ao CPF servir\u00e1 como uma identidade fiscal e cadastral para o recolhimento dos novos impostos, CBS e IBS<\/em><\/p>\n\n\n\n<p class=\"wp-block-paragraph\">Criado para viabilizar as regras da Reforma Tribut\u00e1ria, o CNPJ T\u00e9cnico deve mudar a rotina de profissionais aut\u00f4nomos, prestadores de servi\u00e7os e locadores de im\u00f3veis que atuam como pessoa f\u00edsica. Mesmo sem representar a abertura de uma empresa tradicional, a nova inscri\u00e7\u00e3o vinculada ao CPF servir\u00e1, a partir de 2027, como uma identidade fiscal e cadastral para o recolhimento dos novos impostos (CBS e IBS), exigindo a emiss\u00e3o de notas fiscais eletr\u00f4nicas.\u00a0<\/p>\n\n\n\n<p class=\"wp-block-paragraph\">\u201cO CNPJ T\u00e9cnico permitir\u00e1 que o Fisco identifique uma atividade econ\u00f4mica e acompanhe as opera\u00e7\u00f5es dela de maneira padronizada. No modelo anterior, muitas atividades exercidas por pessoas f\u00edsicas estavam estruturadas fiscalmente em torno do CPF, como profissionais de sa\u00fade (m\u00e9dicos, fisioterapeutas, psic\u00f3logos aut\u00f4nomos, dentistas) e advogados, que s\u00e3o atividades profissionais vetadas no MEI. Com a transi\u00e7\u00e3o para o novo sistema, a identifica\u00e7\u00e3o passa a ser necess\u00e1ria para que a opera\u00e7\u00e3o possa ser registrada e tributada\u201d, explica Rafael Carib\u00e9, CEO da Agilize Contabilidade.<\/p>\n\n\n\n<p class=\"wp-block-paragraph\">Mesmo assim, o especialista explica que o CNPJ T\u00e9cnico n\u00e3o ser\u00e1 obrigat\u00f3rio para toda pessoa f\u00edsica nem para qualquer pessoa que tenha uma renda extra. \u201cO enquadramento depender\u00e1 da caracteriza\u00e7\u00e3o da pessoa f\u00edsica como contribuinte do IBS e da CBS e das hip\u00f3teses espec\u00edficas previstas na legisla\u00e7\u00e3o. Entre essas hip\u00f3teses est\u00e1 o tratamento dado ao nanoempreendedor, cuja receita bruta \u00e9 inferior a 50% do limite do MEI (R$ 40,5 mil), observadas as demais condi\u00e7\u00f5es legais. Para locadores de im\u00f3veis, apenas quando o propriet\u00e1rio tiver mais de tr\u00eas im\u00f3veis alugados e uma receita anual vinda dos alugu\u00e9is que seja superior a R$240 mil. E, para motoristas e entregadores de aplicativos, o faturamento anual bruto do profissional precisar\u00e1 superar em torno de R$162 mil\u201d, explica Rafael Carib\u00e9.<\/p>\n\n\n\n<p class=\"wp-block-paragraph\">Segundo ele, para quem est\u00e1 come\u00e7ando a empreender, o mais importante \u00e9 entender que a escolha entre atuar como pessoa f\u00edsica ou abrir uma empresa continua existindo em diversas situa\u00e7\u00f5es, pois o CNPJ T\u00e9cnico n\u00e3o substitui essa decis\u00e3o e tamb\u00e9m n\u00e3o transforma automaticamente o profissional em uma pessoa jur\u00eddica. Carib\u00e9 defende que o empreendedor precisa avaliar qual estrutura faz sentido para sua atividade. Caso a op\u00e7\u00e3o feita seja pelo CNPJ T\u00e9cnico, o profissional dever\u00e1 prestar mais aten\u00e7\u00e3o \u00e0 emiss\u00e3o de notas fiscais, ao registro das opera\u00e7\u00f5es e \u00e0 forma como os novos tributos ser\u00e3o tratados.<\/p>\n\n\n\n<p class=\"wp-block-paragraph\">\u201cA mudan\u00e7a n\u00e3o mexe apenas com a burocracia, mas atinge a competitividade dos aut\u00f4nomos no mercado. No novo sistema tribut\u00e1rio, o imposto pago na contrata\u00e7\u00e3o de um servi\u00e7o vira um \u2018cr\u00e9dito\u2019,\u00a0 isto \u00e9, um desconto, que a empresa contratante pode usar para abater os seus pr\u00f3prios tributos no fim do m\u00eas. Para que esse abatimento aconte\u00e7a, contudo, a opera\u00e7\u00e3o precisa ser rastreada de forma padronizada pelo Fisco. Se o prestador de servi\u00e7o n\u00e3o possuir o CNPJ T\u00e9cnico e n\u00e3o emitir a nota fiscal eletr\u00f4nica nacional, seu cliente PJ n\u00e3o receber\u00e1 esse desconto, ent\u00e3o as empresas passar\u00e3o a exigir a regulariza\u00e7\u00e3o de seus fornecedores aut\u00f4nomos e devem priorizar a contrata\u00e7\u00e3o de profissionais cadastrados para n\u00e3o perderem dinheiro com impostos\u201d, comenta o especialista.<\/p>\n\n\n\n<p class=\"wp-block-paragraph\"><strong>E quando a regra come\u00e7a?<\/strong><\/p>\n\n\n\n<p class=\"wp-block-paragraph\">A obrigatoriedade de inscri\u00e7\u00e3o no CNPJ para as pessoas f\u00edsicas alcan\u00e7adas pela regra estava inicialmente prevista para 2026. Em julho deste ano, por\u00e9m, a Receita Federal publicou o Decreto n\u00ba 13.075\/2026, prorrogando para 1\u00ba de janeiro de 2027 a obrigatoriedade de inscri\u00e7\u00e3o no CNPJ e de emiss\u00e3o dos documentos fiscais para as pessoas f\u00edsicas abrangidas pela regulamenta\u00e7\u00e3o da CBS. O Comit\u00ea Gestor do IBS adotou medida equivalente para o IBS.<\/p>\n\n\n\n<p class=\"wp-block-paragraph\">A mudan\u00e7a de prazo foi feita para ampliar o per\u00edodo de adapta\u00e7\u00e3o de contribuintes, administra\u00e7\u00f5es tribut\u00e1rias e empresas respons\u00e1veis pelos sistemas de emiss\u00e3o de documentos fiscais. \u201cPara quem est\u00e1 come\u00e7ando a empreender, a recomenda\u00e7\u00e3o \u00e9 n\u00e3o esperar a obrigatoriedade chegar para avaliar a situa\u00e7\u00e3o. O primeiro passo \u00e9 entender como a atividade ser\u00e1 exercida, qual ser\u00e1 o faturamento esperado, quem ser\u00e3o os clientes e quais obriga\u00e7\u00f5es fiscais estar\u00e3o envolvidas. A partir disso, \u00e9 poss\u00edvel avaliar se faz sentido atuar como pessoa f\u00edsica, utilizar o CNPJ T\u00e9cnico quando aplic\u00e1vel ou constituir uma empresa\u201d, finaliza Rafael Carib\u00e9.<\/p>\n","protected":false},"excerpt":{"rendered":"<p>Nova inscri\u00e7\u00e3o vinculada ao CPF servir\u00e1 como uma identidade fiscal e cadastral para o recolhimento dos novos impostos, CBS e IBS Criado&#8230;<\/p>\n","protected":false},"author":13,"featured_media":84864,"comment_status":"closed","ping_status":"open","sticky":false,"template":"","format":"standard","meta":{"footnotes":""},"categories":[3997],"tags":[],"ppma_author":[13237],"class_list":["post-84863","post","type-post","status-publish","format-standard","has-post-thumbnail","category-empreender"],"yoast_head":"<!-- This site is optimized with the Yoast SEO plugin v27.2 - https:\/\/yoast.com\/product\/yoast-seo-wordpress\/ -->\n<title>CNPJ T\u00e9cnico: entenda o que \u00e9 e como ele afeta os novos empreendedores - Economia S\/A<\/title>\n<meta name=\"robots\" content=\"index, follow, max-snippet:-1, max-image-preview:large, max-video-preview:-1\" \/>\n<link rel=\"canonical\" href=\"https:\/\/economiasa.com.br\/blog\/cnpj-tecnico-entenda-o-que-e-e-como-ele-afeta-os-novos-empreendedores\/\" \/>\n<meta property=\"og:locale\" content=\"pt_BR\" \/>\n<meta property=\"og:type\" content=\"article\" \/>\n<meta property=\"og:title\" content=\"CNPJ T\u00e9cnico: entenda o que \u00e9 e como ele afeta os novos empreendedores - Economia S\/A\" \/>\n<meta property=\"og:description\" content=\"Nova inscri\u00e7\u00e3o vinculada ao CPF servir\u00e1 como uma identidade fiscal e cadastral para o recolhimento dos novos impostos, CBS e IBS Criado...\" \/>\n<meta property=\"og:url\" content=\"https:\/\/economiasa.com.br\/blog\/cnpj-tecnico-entenda-o-que-e-e-como-ele-afeta-os-novos-empreendedores\/\" \/>\n<meta property=\"og:site_name\" content=\"Economia S\/A\" \/>\n<meta property=\"article:published_time\" content=\"2026-08-31T22:53:42+00:00\" \/>\n<meta property=\"og:image\" content=\"https:\/\/economiasa.com.br\/blog\/wp-content\/uploads\/2026\/08\/cnpj-tecnico-agilize.jpg\" \/>\n\t<meta property=\"og:image:width\" content=\"3500\" \/>\n\t<meta property=\"og:image:height\" content=\"2333\" \/>\n\t<meta property=\"og:image:type\" content=\"image\/jpeg\" \/>\n<meta name=\"author\" content=\"Reda\u00e7\u00e3o\" \/>\n<meta name=\"twitter:card\" content=\"summary_large_image\" \/>\n<meta name=\"twitter:label1\" content=\"Escrito por\" \/>\n\t<meta name=\"twitter:data1\" content=\"Reda\u00e7\u00e3o\" \/>\n\t<meta name=\"twitter:label2\" content=\"Est. tempo de leitura\" \/>\n\t<meta name=\"twitter:data2\" content=\"4 minutos\" \/>\n<script type=\"application\/ld+json\" class=\"yoast-schema-graph\">{\"@context\":\"https:\/\/schema.org\",\"@graph\":[{\"@type\":\"Article\",\"@id\":\"https:\/\/economiasa.com.br\/blog\/cnpj-tecnico-entenda-o-que-e-e-como-ele-afeta-os-novos-empreendedores\/#article\",\"isPartOf\":{\"@id\":\"https:\/\/economiasa.com.br\/blog\/cnpj-tecnico-entenda-o-que-e-e-como-ele-afeta-os-novos-empreendedores\/\"},\"author\":{\"name\":\"Reda\u00e7\u00e3o\",\"@id\":\"https:\/\/economiasa.com.br\/blog\/#\/schema\/person\/57f2dfaf8250a36d041a4e4cf0498faf\"},\"headline\":\"CNPJ T\u00e9cnico: entenda o que \u00e9 e como ele afeta os novos empreendedores\",\"datePublished\":\"2026-08-31T22:53:42+00:00\",\"mainEntityOfPage\":{\"@id\":\"https:\/\/economiasa.com.br\/blog\/cnpj-tecnico-entenda-o-que-e-e-como-ele-afeta-os-novos-empreendedores\/\"},\"wordCount\":789,\"image\":{\"@id\":\"https:\/\/economiasa.com.br\/blog\/cnpj-tecnico-entenda-o-que-e-e-como-ele-afeta-os-novos-empreendedores\/#primaryimage\"},\"thumbnailUrl\":\"https:\/\/economiasa.com.br\/blog\/wp-content\/uploads\/2026\/08\/cnpj-tecnico-agilize.jpg\",\"articleSection\":[\"Empreender\"],\"inLanguage\":\"pt-BR\"},{\"@type\":\"WebPage\",\"@id\":\"https:\/\/economiasa.com.br\/blog\/cnpj-tecnico-entenda-o-que-e-e-como-ele-afeta-os-novos-empreendedores\/\",\"url\":\"https:\/\/economiasa.com.br\/blog\/cnpj-tecnico-entenda-o-que-e-e-como-ele-afeta-os-novos-empreendedores\/\",\"name\":\"CNPJ T\u00e9cnico: entenda o que \u00e9 e como ele afeta os novos empreendedores - Economia S\/A\",\"isPartOf\":{\"@id\":\"https:\/\/economiasa.com.br\/blog\/#website\"},\"primaryImageOfPage\":{\"@id\":\"https:\/\/economiasa.com.br\/blog\/cnpj-tecnico-entenda-o-que-e-e-como-ele-afeta-os-novos-empreendedores\/#primaryimage\"},\"image\":{\"@id\":\"https:\/\/economiasa.com.br\/blog\/cnpj-tecnico-entenda-o-que-e-e-como-ele-afeta-os-novos-empreendedores\/#primaryimage\"},\"thumbnailUrl\":\"https:\/\/economiasa.com.br\/blog\/wp-content\/uploads\/2026\/08\/cnpj-tecnico-agilize.jpg\",\"datePublished\":\"2026-08-31T22:53:42+00:00\",\"author\":{\"@id\":\"https:\/\/economiasa.com.br\/blog\/#\/schema\/person\/57f2dfaf8250a36d041a4e4cf0498faf\"},\"breadcrumb\":{\"@id\":\"https:\/\/economiasa.com.br\/blog\/cnpj-tecnico-entenda-o-que-e-e-como-ele-afeta-os-novos-empreendedores\/#breadcrumb\"},\"inLanguage\":\"pt-BR\",\"potentialAction\":[{\"@type\":\"ReadAction\",\"target\":[\"https:\/\/economiasa.com.br\/blog\/cnpj-tecnico-entenda-o-que-e-e-como-ele-afeta-os-novos-empreendedores\/\"]}]},{\"@type\":\"ImageObject\",\"inLanguage\":\"pt-BR\",\"@id\":\"https:\/\/economiasa.com.br\/blog\/cnpj-tecnico-entenda-o-que-e-e-como-ele-afeta-os-novos-empreendedores\/#primaryimage\",\"url\":\"https:\/\/economiasa.com.br\/blog\/wp-content\/uploads\/2026\/08\/cnpj-tecnico-agilize.jpg\",\"contentUrl\":\"https:\/\/economiasa.com.br\/blog\/wp-content\/uploads\/2026\/08\/cnpj-tecnico-agilize.jpg\",\"width\":3500,\"height\":2333,\"caption\":\"Cr\u00e9ditos da foto: Divulga\u00e7\u00e3o\"},{\"@type\":\"BreadcrumbList\",\"@id\":\"https:\/\/economiasa.com.br\/blog\/cnpj-tecnico-entenda-o-que-e-e-como-ele-afeta-os-novos-empreendedores\/#breadcrumb\",\"itemListElement\":[{\"@type\":\"ListItem\",\"position\":1,\"name\":\"In\u00edcio\",\"item\":\"https:\/\/economiasa.com.br\/blog\/\"},{\"@type\":\"ListItem\",\"position\":2,\"name\":\"CNPJ T\u00e9cnico: entenda o que \u00e9 e como ele afeta os novos empreendedores\"}]},{\"@type\":\"WebSite\",\"@id\":\"https:\/\/economiasa.com.br\/blog\/#website\",\"url\":\"https:\/\/economiasa.com.br\/blog\/\",\"name\":\"Economia S\/A\",\"description\":\"Ler faz bem para os neg\u00f3cios\",\"potentialAction\":[{\"@type\":\"SearchAction\",\"target\":{\"@type\":\"EntryPoint\",\"urlTemplate\":\"https:\/\/economiasa.com.br\/blog\/?s={search_term_string}\"},\"query-input\":{\"@type\":\"PropertyValueSpecification\",\"valueRequired\":true,\"valueName\":\"search_term_string\"}}],\"inLanguage\":\"pt-BR\"},{\"@type\":\"Person\",\"@id\":\"https:\/\/economiasa.com.br\/blog\/#\/schema\/person\/57f2dfaf8250a36d041a4e4cf0498faf\",\"name\":\"Reda\u00e7\u00e3o\",\"image\":{\"@type\":\"ImageObject\",\"inLanguage\":\"pt-BR\",\"@id\":\"https:\/\/secure.gravatar.com\/avatar\/b9a74cf83ab7b387115b660a012a810ba4283a49e2dc1845eacfc09fd7fadd4b?s=96&d=mm&r=g8b4e5e7107f0781ab9bc60df20107da5\",\"url\":\"https:\/\/secure.gravatar.com\/avatar\/b9a74cf83ab7b387115b660a012a810ba4283a49e2dc1845eacfc09fd7fadd4b?s=96&d=mm&r=g\",\"contentUrl\":\"https:\/\/secure.gravatar.com\/avatar\/b9a74cf83ab7b387115b660a012a810ba4283a49e2dc1845eacfc09fd7fadd4b?s=96&d=mm&r=g\",\"caption\":\"Reda\u00e7\u00e3o\"},\"url\":\"https:\/\/economiasa.com.br\/blog\/author\/vhassessoriagmail-com\/\"}]}<\/script>\n<!-- \/ Yoast SEO plugin. -->","yoast_head_json":{"title":"CNPJ T\u00e9cnico: entenda o que \u00e9 e como ele afeta os novos empreendedores - Economia S\/A","robots":{"index":"index","follow":"follow","max-snippet":"max-snippet:-1","max-image-preview":"max-image-preview:large","max-video-preview":"max-video-preview:-1"},"canonical":"https:\/\/economiasa.com.br\/blog\/cnpj-tecnico-entenda-o-que-e-e-como-ele-afeta-os-novos-empreendedores\/","og_locale":"pt_BR","og_type":"article","og_title":"CNPJ T\u00e9cnico: entenda o que \u00e9 e como ele afeta os novos empreendedores - Economia S\/A","og_description":"Nova inscri\u00e7\u00e3o vinculada ao CPF servir\u00e1 como uma identidade fiscal e cadastral para o recolhimento dos novos impostos, CBS e IBS Criado...","og_url":"https:\/\/economiasa.com.br\/blog\/cnpj-tecnico-entenda-o-que-e-e-como-ele-afeta-os-novos-empreendedores\/","og_site_name":"Economia S\/A","article_published_time":"2026-08-31T22:53:42+00:00","og_image":[{"width":3500,"height":2333,"url":"https:\/\/economiasa.com.br\/blog\/wp-content\/uploads\/2026\/08\/cnpj-tecnico-agilize.jpg","type":"image\/jpeg"}],"author":"Reda\u00e7\u00e3o","twitter_card":"summary_large_image","twitter_misc":{"Escrito por":"Reda\u00e7\u00e3o","Est. tempo de leitura":"4 minutos"},"schema":{"@context":"https:\/\/schema.org","@graph":[{"@type":"Article","@id":"https:\/\/economiasa.com.br\/blog\/cnpj-tecnico-entenda-o-que-e-e-como-ele-afeta-os-novos-empreendedores\/#article","isPartOf":{"@id":"https:\/\/economiasa.com.br\/blog\/cnpj-tecnico-entenda-o-que-e-e-como-ele-afeta-os-novos-empreendedores\/"},"author":{"name":"Reda\u00e7\u00e3o","@id":"https:\/\/economiasa.com.br\/blog\/#\/schema\/person\/57f2dfaf8250a36d041a4e4cf0498faf"},"headline":"CNPJ T\u00e9cnico: entenda o que \u00e9 e como ele afeta os novos empreendedores","datePublished":"2026-08-31T22:53:42+00:00","mainEntityOfPage":{"@id":"https:\/\/economiasa.com.br\/blog\/cnpj-tecnico-entenda-o-que-e-e-como-ele-afeta-os-novos-empreendedores\/"},"wordCount":789,"image":{"@id":"https:\/\/economiasa.com.br\/blog\/cnpj-tecnico-entenda-o-que-e-e-como-ele-afeta-os-novos-empreendedores\/#primaryimage"},"thumbnailUrl":"https:\/\/economiasa.com.br\/blog\/wp-content\/uploads\/2026\/08\/cnpj-tecnico-agilize.jpg","articleSection":["Empreender"],"inLanguage":"pt-BR"},{"@type":"WebPage","@id":"https:\/\/economiasa.com.br\/blog\/cnpj-tecnico-entenda-o-que-e-e-como-ele-afeta-os-novos-empreendedores\/","url":"https:\/\/economiasa.com.br\/blog\/cnpj-tecnico-entenda-o-que-e-e-como-ele-afeta-os-novos-empreendedores\/","name":"CNPJ T\u00e9cnico: entenda o que \u00e9 e como ele afeta os novos empreendedores - Economia S\/A","isPartOf":{"@id":"https:\/\/economiasa.com.br\/blog\/#website"},"primaryImageOfPage":{"@id":"https:\/\/economiasa.com.br\/blog\/cnpj-tecnico-entenda-o-que-e-e-como-ele-afeta-os-novos-empreendedores\/#primaryimage"},"image":{"@id":"https:\/\/economiasa.com.br\/blog\/cnpj-tecnico-entenda-o-que-e-e-como-ele-afeta-os-novos-empreendedores\/#primaryimage"},"thumbnailUrl":"https:\/\/economiasa.com.br\/blog\/wp-content\/uploads\/2026\/08\/cnpj-tecnico-agilize.jpg","datePublished":"2026-08-31T22:53:42+00:00","author":{"@id":"https:\/\/economiasa.com.br\/blog\/#\/schema\/person\/57f2dfaf8250a36d041a4e4cf0498faf"},"breadcrumb":{"@id":"https:\/\/economiasa.com.br\/blog\/cnpj-tecnico-entenda-o-que-e-e-como-ele-afeta-os-novos-empreendedores\/#breadcrumb"},"inLanguage":"pt-BR","potentialAction":[{"@type":"ReadAction","target":["https:\/\/economiasa.com.br\/blog\/cnpj-tecnico-entenda-o-que-e-e-como-ele-afeta-os-novos-empreendedores\/"]}]},{"@type":"ImageObject","inLanguage":"pt-BR","@id":"https:\/\/economiasa.com.br\/blog\/cnpj-tecnico-entenda-o-que-e-e-como-ele-afeta-os-novos-empreendedores\/#primaryimage","url":"https:\/\/economiasa.com.br\/blog\/wp-content\/uploads\/2026\/08\/cnpj-tecnico-agilize.jpg","contentUrl":"https:\/\/economiasa.com.br\/blog\/wp-content\/uploads\/2026\/08\/cnpj-tecnico-agilize.jpg","width":3500,"height":2333,"caption":"Cr\u00e9ditos da foto: Divulga\u00e7\u00e3o"},{"@type":"BreadcrumbList","@id":"https:\/\/economiasa.com.br\/blog\/cnpj-tecnico-entenda-o-que-e-e-como-ele-afeta-os-novos-empreendedores\/#breadcrumb","itemListElement":[{"@type":"ListItem","position":1,"name":"In\u00edcio","item":"https:\/\/economiasa.com.br\/blog\/"},{"@type":"ListItem","position":2,"name":"CNPJ T\u00e9cnico: entenda o que \u00e9 e como ele afeta os novos empreendedores"}]},{"@type":"WebSite","@id":"https:\/\/economiasa.com.br\/blog\/#website","url":"https:\/\/economiasa.com.br\/blog\/","name":"Economia S\/A","description":"Ler faz bem para os neg\u00f3cios","potentialAction":[{"@type":"SearchAction","target":{"@type":"EntryPoint","urlTemplate":"https:\/\/economiasa.com.br\/blog\/?s={search_term_string}"},"query-input":{"@type":"PropertyValueSpecification","valueRequired":true,"valueName":"search_term_string"}}],"inLanguage":"pt-BR"},{"@type":"Person","@id":"https:\/\/economiasa.com.br\/blog\/#\/schema\/person\/57f2dfaf8250a36d041a4e4cf0498faf","name":"Reda\u00e7\u00e3o","image":{"@type":"ImageObject","inLanguage":"pt-BR","@id":"https:\/\/secure.gravatar.com\/avatar\/b9a74cf83ab7b387115b660a012a810ba4283a49e2dc1845eacfc09fd7fadd4b?s=96&d=mm&r=g8b4e5e7107f0781ab9bc60df20107da5","url":"https:\/\/secure.gravatar.com\/avatar\/b9a74cf83ab7b387115b660a012a810ba4283a49e2dc1845eacfc09fd7fadd4b?s=96&d=mm&r=g","contentUrl":"https:\/\/secure.gravatar.com\/avatar\/b9a74cf83ab7b387115b660a012a810ba4283a49e2dc1845eacfc09fd7fadd4b?s=96&d=mm&r=g","caption":"Reda\u00e7\u00e3o"},"url":"https:\/\/economiasa.com.br\/blog\/author\/vhassessoriagmail-com\/"}]}},"authors":[{"term_id":13237,"user_id":13,"is_guest":0,"slug":"vhassessoriagmail-com","display_name":"Reda\u00e7\u00e3o","avatar_url":"https:\/\/secure.gravatar.com\/avatar\/b9a74cf83ab7b387115b660a012a810ba4283a49e2dc1845eacfc09fd7fadd4b?s=96&d=mm&r=g","author_category":"","first_name":"Vanessa","last_name":"Reda\u00e7\u00e3o","user_url":"","job_title":"","description":""}],"amp_enabled":true,"_links":{"self":[{"href":"https:\/\/economiasa.com.br\/blog\/wp-json\/wp\/v2\/posts\/84863","targetHints":{"allow":["GET"]}}],"collection":[{"href":"https:\/\/economiasa.com.br\/blog\/wp-json\/wp\/v2\/posts"}],"about":[{"href":"https:\/\/economiasa.com.br\/blog\/wp-json\/wp\/v2\/types\/post"}],"author":[{"embeddable":true,"href":"https:\/\/economiasa.com.br\/blog\/wp-json\/wp\/v2\/users\/13"}],"replies":[{"embeddable":true,"href":"https:\/\/economiasa.com.br\/blog\/wp-json\/wp\/v2\/comments?post=84863"}],"version-history":[{"count":0,"href":"https:\/\/economiasa.com.br\/blog\/wp-json\/wp\/v2\/posts\/84863\/revisions"}],"wp:featuredmedia":[{"embeddable":true,"href":"https:\/\/economiasa.com.br\/blog\/wp-json\/wp\/v2\/media\/84864"}],"wp:attachment":[{"href":"https:\/\/economiasa.com.br\/blog\/wp-json\/wp\/v2\/media?parent=84863"}],"wp:term":[{"taxonomy":"category","embeddable":true,"href":"https:\/\/economiasa.com.br\/blog\/wp-json\/wp\/v2\/categories?post=84863"},{"taxonomy":"post_tag","embeddable":true,"href":"https:\/\/economiasa.com.br\/blog\/wp-json\/wp\/v2\/tags?post=84863"},{"taxonomy":"author","embeddable":true,"href":"https:\/\/economiasa.com.br\/blog\/wp-json\/wp\/v2\/ppma_author?post=84863"}],"curies":[{"name":"wp","href":"https:\/\/api.w.org\/{rel}","templated":true}]}}