{"id":84871,"date":"2026-08-31T20:10:33","date_gmt":"2026-08-31T23:10:33","guid":{"rendered":"https:\/\/economiasa.com.br\/blog\/?p=84871"},"modified":"2026-08-31T20:10:34","modified_gmt":"2026-08-31T23:10:34","slug":"reforma-tributaria-falhas-em-contratos-podem-afetar-remuneracao-de-produtores-integrados-alerta-tributarista","status":"publish","type":"post","link":"https:\/\/economiasa.com.br\/blog\/reforma-tributaria-falhas-em-contratos-podem-afetar-remuneracao-de-produtores-integrados-alerta-tributarista\/","title":{"rendered":"Reforma Tribut\u00e1ria: falhas em contratos podem afetar remunera\u00e7\u00e3o de produtores integrados, alerta tributarista"},"content":{"rendered":"\n<p class=\"wp-block-paragraph\"><em>Mesmo fora da cobran\u00e7a regular do IBS e da CBS, produtores precisam adequar contratos, notas fiscais e cl\u00e1usulas de repasse para evitar custos indevidos e perdas financeiras.\u00a0<\/em><\/p>\n\n\n\n<p class=\"wp-block-paragraph\">Avicultores, suinocultores e produtores de leite que atuam pelo sistema de integra\u00e7\u00e3o agroindustrial correm o risco de sofrer perdas na remunera\u00e7\u00e3o caso n\u00e3o revisem seus contratos e processos fiscais durante a transi\u00e7\u00e3o da Reforma Tribut\u00e1ria.\u00a0<\/p>\n\n\n\n<p class=\"wp-block-paragraph\">Embora as opera\u00e7\u00f5es realizadas no \u00e2mbito dos contratos de integra\u00e7\u00e3o agroindustrial sejam submetidas ao tratamento aplic\u00e1vel ao produtor integrado n\u00e3o contribuinte do IBS e da CBS, independentemente do faturamento obtido nessa atividade, desde que observados os requisitos da Lei n\u00ba 13.288\/2016, falhas na emiss\u00e3o de notas fiscais, no registro das remessas e nas cl\u00e1usulas de repasse podem levar as integradoras a transferir custos para a propriedade rural. O alerta \u00e9 do advogado tributarista do agroneg\u00f3cio Fernando Melo de Carvalho.\u00a0<\/p>\n\n\n\n<p class=\"wp-block-paragraph\">A Reforma Tribut\u00e1ria do consumo traz regras espec\u00edficas para os produtores rurais que atuam sob o modelo de integra\u00e7\u00e3o agroindustrial, sistema amplamente utilizado em cadeias como a avicultura, a suinocultura e a bovinocultura de leite.<\/p>\n\n\n\n<p class=\"wp-block-paragraph\">Enquanto o produtor rural em geral est\u00e1 sujeito ao limite de receita anual de R$ 3,6 milh\u00f5es para permanecer como n\u00e3o contribuinte do IBS e da CBS, o produtor integrado conta com regra espec\u00edfica: os fornecimentos realizados no \u00e2mbito do contrato de integra\u00e7\u00e3o agroindustrial recebem o tratamento aplic\u00e1vel ao produtor integrado n\u00e3o contribuinte, independentemente da receita auferida nessas opera\u00e7\u00f5es, desde que a rela\u00e7\u00e3o esteja efetivamente enquadrada na Lei n\u00ba 13.288\/2016. \u201cIsso n\u00e3o impede que o mesmo produtor seja contribuinte do IBS e da CBS em rela\u00e7\u00e3o a outras atividades ou opera\u00e7\u00f5es que realize fora do contrato de integra\u00e7\u00e3o\u201d, explica o tributarista.<\/p>\n\n\n\n<p class=\"wp-block-paragraph\">O especialista ainda afirma que, no modelo de integra\u00e7\u00e3o agroindustrial, a empresa integradora fornece insumos, como animais, ra\u00e7\u00e3o, medicamentos e assist\u00eancia t\u00e9cnica, enquanto o produtor participa com as instala\u00e7\u00f5es, a m\u00e3o de obra e o manejo. Essa rela\u00e7\u00e3o conecta diretamente os custos e as responsabilidades operacionais das duas partes.\u00a0<\/p>\n\n\n\n<p class=\"wp-block-paragraph\">\u201cO sistema de integra\u00e7\u00e3o \u00e9 uma parceria de natureza civil e n\u00e3o uma simples compra e venda. A Reforma Tribut\u00e1ria conferiu um tratamento diferenciado ao produtor integrado justamente por reconhecer essa particularidade da cadeia. No entanto, ficar fora do regime regular n\u00e3o isenta o produtor das obriga\u00e7\u00f5es fiscais. A agroind\u00fastria, que estar\u00e1 no regime regular, depender\u00e1 da correta documenta\u00e7\u00e3o fiscal das opera\u00e7\u00f5es para apropriar os cr\u00e9ditos presumidos de IBS e CBS. A partir de 2027, a sistem\u00e1tica exigir\u00e1 n\u00e3o apenas o documento fiscal do produtor integrado, mas tamb\u00e9m o documento de aquisi\u00e7\u00e3o emitido pelo adquirente e a confirma\u00e7\u00e3o do pagamento da remunera\u00e7\u00e3o. Falhas nesse fluxo documental podem impedir ou retardar a apropria\u00e7\u00e3o do cr\u00e9dito e gerar discuss\u00f5es econ\u00f4micas entre as partes\u201d, explica Fernando.<\/p>\n\n\n\n<p class=\"wp-block-paragraph\"><strong>Revis\u00e3o contratual e clareza nos custos<\/strong><\/p>\n\n\n\n<p class=\"wp-block-paragraph\">Com a transi\u00e7\u00e3o e os testes do novo sistema em 2026, os contratos civis de integra\u00e7\u00e3o precisar\u00e3o ser revisados para detalhar como ser\u00e1 a divis\u00e3o das novas responsabilidades tribut\u00e1rias e operacionais.<\/p>\n\n\n\n<p class=\"wp-block-paragraph\">O especialista ressalta que pontos pr\u00e1ticos da rotina produtiva dever\u00e3o estar claramente expressos nos instrumentos jur\u00eddicos para evitar conflitos e desgaste na rela\u00e7\u00e3o com as integradoras:<\/p>\n\n\n\n<p class=\"wp-block-paragraph\">\u201cOs contratos precisar\u00e3o responder com clareza a quest\u00f5es como a emiss\u00e3o de notas fiscais nas remessas e retornos de animais e insumos, quem assumir\u00e1 eventuais custos tribut\u00e1rios do transporte, o c\u00e1lculo dos reembolsos de despesas e como ser\u00e1 formada a remunera\u00e7\u00e3o final do produtor. Al\u00e9m disso, \u00e9 preciso ter aten\u00e7\u00e3o para que a opera\u00e7\u00e3o real corresponda exatamente ao que est\u00e1 escrito no papel. Se o Fisco entender que o contrato n\u00e3o preenche os requisitos da Lei n\u00ba 13.288\/2016, a opera\u00e7\u00e3o pode ser reclassificada como compra e venda comum ou presta\u00e7\u00e3o de servi\u00e7os, gerando autua\u00e7\u00f5es pesadas\u201d.<\/p>\n\n\n\n<p class=\"wp-block-paragraph\"><strong>Quando o regime regular pode valer a pena?<\/strong><\/p>\n\n\n\n<p class=\"wp-block-paragraph\">Embora os fornecimentos realizados no \u00e2mbito da integra\u00e7\u00e3o agroindustrial sejam, em regra, tratados fora do regime regular do IBS e da CBS, a legisla\u00e7\u00e3o permite ao produtor integrado optar pelo regime regular de tributa\u00e7\u00e3o.\u00a0<\/p>\n\n\n\n<p class=\"wp-block-paragraph\">\u201cA op\u00e7\u00e3o volunt\u00e1ria pelo regime regular pode ser vantajosa em determinadas situa\u00e7\u00f5es, especialmente quando o produtor realiza investimentos relevantes sujeitos efetivamente ao IBS e \u00e0 CBS e cuja tributa\u00e7\u00e3o possa ser recuperada por meio de cr\u00e9ditos. Mas a decis\u00e3o exige simula\u00e7\u00e3o individualizada. Isso porque a pr\u00f3pria legisla\u00e7\u00e3o concede tratamento favorecido a determinadas aquisi\u00e7\u00f5es realizadas pelo produtor n\u00e3o contribuinte, inclusive al\u00edquota zero para tratores, m\u00e1quinas e implementos agr\u00edcolas enquadrados na legisla\u00e7\u00e3o. Assim, a op\u00e7\u00e3o deve comparar os cr\u00e9ditos potencialmente aproveit\u00e1veis, a tributa\u00e7\u00e3o das opera\u00e7\u00f5es do produtor e os benef\u00edcios que podem ser perdidos com a entrada no regime regular\u201d, orienta o especialista.<\/p>\n\n\n\n<p class=\"wp-block-paragraph\"><strong>O que o produtor integrado deve fazer em 2026<\/strong><\/p>\n\n\n\n<p class=\"wp-block-paragraph\">Considerando que 2026 \u00e9 o ano de adapta\u00e7\u00e3o e testes dos novos sistemas fiscais, o especialista orienta que os produtores n\u00e3o deixem a adequa\u00e7\u00e3o para a \u00faltima hora. Entre as provid\u00eancias recomendadas est\u00e3o:<\/p>\n\n\n\n<ol class=\"wp-block-list\">\n<li><strong>Auditoria Contratual:<\/strong>\u00a0Confirmar se o contrato formal atende integralmente aos requisitos da Lei n\u00ba 13.288\/2016.<\/li>\n\n\n\n<li><strong>Mapeamento de Fluxos e Notas:<\/strong>\u00a0Mapear todas as remessas e retornos de insumos e verificar se a emiss\u00e3o de documentos fiscais est\u00e1 alinhada aos novos campos do IBS\/CBS.<\/li>\n\n\n\n<li><strong>An\u00e1lise de Cl\u00e1usulas de Repasse:<\/strong>\u00a0Identificar e reavaliar cl\u00e1usulas que permitam a transfer\u00eancia de custos fiscais ou administrativos para a propriedade rural.<\/li>\n\n\n\n<li><strong>Planejamento de Investimentos:<\/strong>\u00a0Avaliar a viabilidade da op\u00e7\u00e3o pelo regime regular em caso de obras ou compra de m\u00e1quinas de grande porte.<\/li>\n<\/ol>\n\n\n\n<p class=\"wp-block-paragraph\">\u201cA mensagem principal \u00e9 que o tratamento como n\u00e3o contribuinte nas opera\u00e7\u00f5es de integra\u00e7\u00e3o n\u00e3o significa que o produtor esteja fora dos efeitos da Reforma Tribut\u00e1ria. Quem n\u00e3o revisar seus contratos e processos agora corre o risco de ver sua margem de lucro corro\u00edda por repasses indevidos ou por falhas na escritura\u00e7\u00e3o fiscal\u201d, afirma Fernando Melo de Carvalho.<\/p>\n","protected":false},"excerpt":{"rendered":"<p>Mesmo fora da cobran\u00e7a regular do IBS e da CBS, produtores precisam adequar contratos, notas fiscais e cl\u00e1usulas de repasse para evitar&#8230;<\/p>\n","protected":false},"author":34,"featured_media":84872,"comment_status":"closed","ping_status":"open","sticky":false,"template":"","format":"standard","meta":{"footnotes":""},"categories":[661],"tags":[],"ppma_author":[13241],"class_list":["post-84871","post","type-post","status-publish","format-standard","has-post-thumbnail","category-gestao-publica"],"yoast_head":"<!-- This site is optimized with the Yoast SEO plugin v27.2 - https:\/\/yoast.com\/product\/yoast-seo-wordpress\/ -->\n<title>Reforma Tribut\u00e1ria: falhas em contratos podem afetar remunera\u00e7\u00e3o de produtores integrados, alerta tributarista - Economia S\/A<\/title>\n<meta name=\"robots\" content=\"index, follow, max-snippet:-1, max-image-preview:large, max-video-preview:-1\" \/>\n<link rel=\"canonical\" href=\"https:\/\/economiasa.com.br\/blog\/reforma-tributaria-falhas-em-contratos-podem-afetar-remuneracao-de-produtores-integrados-alerta-tributarista\/\" \/>\n<meta property=\"og:locale\" content=\"pt_BR\" \/>\n<meta property=\"og:type\" content=\"article\" \/>\n<meta property=\"og:title\" content=\"Reforma Tribut\u00e1ria: falhas em contratos podem afetar remunera\u00e7\u00e3o de produtores integrados, alerta tributarista - Economia S\/A\" \/>\n<meta property=\"og:description\" content=\"Mesmo fora da cobran\u00e7a regular do IBS e da CBS, produtores precisam adequar contratos, notas fiscais e cl\u00e1usulas de repasse para evitar...\" \/>\n<meta property=\"og:url\" content=\"https:\/\/economiasa.com.br\/blog\/reforma-tributaria-falhas-em-contratos-podem-afetar-remuneracao-de-produtores-integrados-alerta-tributarista\/\" \/>\n<meta property=\"og:site_name\" content=\"Economia S\/A\" \/>\n<meta property=\"article:published_time\" content=\"2026-08-31T23:10:33+00:00\" \/>\n<meta property=\"article:modified_time\" content=\"2026-08-31T23:10:34+00:00\" \/>\n<meta property=\"og:image\" content=\"https:\/\/economiasa.com.br\/blog\/wp-content\/uploads\/2026\/08\/Capturar-262.png\" \/>\n\t<meta property=\"og:image:width\" content=\"606\" \/>\n\t<meta property=\"og:image:height\" content=\"365\" \/>\n\t<meta property=\"og:image:type\" content=\"image\/png\" \/>\n<meta name=\"author\" content=\"Reda\u00e7\u00e3o\" \/>\n<meta name=\"twitter:card\" content=\"summary_large_image\" \/>\n<meta name=\"twitter:label1\" content=\"Escrito por\" \/>\n\t<meta name=\"twitter:data1\" content=\"Reda\u00e7\u00e3o\" \/>\n\t<meta name=\"twitter:label2\" content=\"Est. tempo de leitura\" \/>\n\t<meta name=\"twitter:data2\" content=\"6 minutos\" \/>\n<script type=\"application\/ld+json\" class=\"yoast-schema-graph\">{\"@context\":\"https:\/\/schema.org\",\"@graph\":[{\"@type\":\"Article\",\"@id\":\"https:\/\/economiasa.com.br\/blog\/reforma-tributaria-falhas-em-contratos-podem-afetar-remuneracao-de-produtores-integrados-alerta-tributarista\/#article\",\"isPartOf\":{\"@id\":\"https:\/\/economiasa.com.br\/blog\/reforma-tributaria-falhas-em-contratos-podem-afetar-remuneracao-de-produtores-integrados-alerta-tributarista\/\"},\"author\":{\"name\":\"Reda\u00e7\u00e3o\",\"@id\":\"https:\/\/economiasa.com.br\/blog\/#\/schema\/person\/3bb89ffdf33fd4e8b02d5b6eea9ca3ad\"},\"headline\":\"Reforma Tribut\u00e1ria: falhas em contratos podem afetar remunera\u00e7\u00e3o de produtores integrados, alerta tributarista\",\"datePublished\":\"2026-08-31T23:10:33+00:00\",\"dateModified\":\"2026-08-31T23:10:34+00:00\",\"mainEntityOfPage\":{\"@id\":\"https:\/\/economiasa.com.br\/blog\/reforma-tributaria-falhas-em-contratos-podem-afetar-remuneracao-de-produtores-integrados-alerta-tributarista\/\"},\"wordCount\":1066,\"image\":{\"@id\":\"https:\/\/economiasa.com.br\/blog\/reforma-tributaria-falhas-em-contratos-podem-afetar-remuneracao-de-produtores-integrados-alerta-tributarista\/#primaryimage\"},\"thumbnailUrl\":\"https:\/\/economiasa.com.br\/blog\/wp-content\/uploads\/2026\/08\/Capturar-262.png\",\"articleSection\":[\"Gest\u00e3o Publica\"],\"inLanguage\":\"pt-BR\"},{\"@type\":\"WebPage\",\"@id\":\"https:\/\/economiasa.com.br\/blog\/reforma-tributaria-falhas-em-contratos-podem-afetar-remuneracao-de-produtores-integrados-alerta-tributarista\/\",\"url\":\"https:\/\/economiasa.com.br\/blog\/reforma-tributaria-falhas-em-contratos-podem-afetar-remuneracao-de-produtores-integrados-alerta-tributarista\/\",\"name\":\"Reforma Tribut\u00e1ria: falhas em contratos podem afetar remunera\u00e7\u00e3o de produtores integrados, alerta tributarista - Economia S\/A\",\"isPartOf\":{\"@id\":\"https:\/\/economiasa.com.br\/blog\/#website\"},\"primaryImageOfPage\":{\"@id\":\"https:\/\/economiasa.com.br\/blog\/reforma-tributaria-falhas-em-contratos-podem-afetar-remuneracao-de-produtores-integrados-alerta-tributarista\/#primaryimage\"},\"image\":{\"@id\":\"https:\/\/economiasa.com.br\/blog\/reforma-tributaria-falhas-em-contratos-podem-afetar-remuneracao-de-produtores-integrados-alerta-tributarista\/#primaryimage\"},\"thumbnailUrl\":\"https:\/\/economiasa.com.br\/blog\/wp-content\/uploads\/2026\/08\/Capturar-262.png\",\"datePublished\":\"2026-08-31T23:10:33+00:00\",\"dateModified\":\"2026-08-31T23:10:34+00:00\",\"author\":{\"@id\":\"https:\/\/economiasa.com.br\/blog\/#\/schema\/person\/3bb89ffdf33fd4e8b02d5b6eea9ca3ad\"},\"breadcrumb\":{\"@id\":\"https:\/\/economiasa.com.br\/blog\/reforma-tributaria-falhas-em-contratos-podem-afetar-remuneracao-de-produtores-integrados-alerta-tributarista\/#breadcrumb\"},\"inLanguage\":\"pt-BR\",\"potentialAction\":[{\"@type\":\"ReadAction\",\"target\":[\"https:\/\/economiasa.com.br\/blog\/reforma-tributaria-falhas-em-contratos-podem-afetar-remuneracao-de-produtores-integrados-alerta-tributarista\/\"]}]},{\"@type\":\"ImageObject\",\"inLanguage\":\"pt-BR\",\"@id\":\"https:\/\/economiasa.com.br\/blog\/reforma-tributaria-falhas-em-contratos-podem-afetar-remuneracao-de-produtores-integrados-alerta-tributarista\/#primaryimage\",\"url\":\"https:\/\/economiasa.com.br\/blog\/wp-content\/uploads\/2026\/08\/Capturar-262.png\",\"contentUrl\":\"https:\/\/economiasa.com.br\/blog\/wp-content\/uploads\/2026\/08\/Capturar-262.png\",\"width\":606,\"height\":365,\"caption\":\"Fernando Melo de Carvalho - Cr\u00e9ditos da foto: Divulga\u00e7\u00e3o\"},{\"@type\":\"BreadcrumbList\",\"@id\":\"https:\/\/economiasa.com.br\/blog\/reforma-tributaria-falhas-em-contratos-podem-afetar-remuneracao-de-produtores-integrados-alerta-tributarista\/#breadcrumb\",\"itemListElement\":[{\"@type\":\"ListItem\",\"position\":1,\"name\":\"In\u00edcio\",\"item\":\"https:\/\/economiasa.com.br\/blog\/\"},{\"@type\":\"ListItem\",\"position\":2,\"name\":\"Reforma Tribut\u00e1ria: falhas em contratos podem afetar remunera\u00e7\u00e3o de produtores integrados, alerta tributarista\"}]},{\"@type\":\"WebSite\",\"@id\":\"https:\/\/economiasa.com.br\/blog\/#website\",\"url\":\"https:\/\/economiasa.com.br\/blog\/\",\"name\":\"Economia S\/A\",\"description\":\"Ler faz bem para os neg\u00f3cios\",\"potentialAction\":[{\"@type\":\"SearchAction\",\"target\":{\"@type\":\"EntryPoint\",\"urlTemplate\":\"https:\/\/economiasa.com.br\/blog\/?s={search_term_string}\"},\"query-input\":{\"@type\":\"PropertyValueSpecification\",\"valueRequired\":true,\"valueName\":\"search_term_string\"}}],\"inLanguage\":\"pt-BR\"},{\"@type\":\"Person\",\"@id\":\"https:\/\/economiasa.com.br\/blog\/#\/schema\/person\/3bb89ffdf33fd4e8b02d5b6eea9ca3ad\",\"name\":\"Reda\u00e7\u00e3o\",\"image\":{\"@type\":\"ImageObject\",\"inLanguage\":\"pt-BR\",\"@id\":\"https:\/\/secure.gravatar.com\/avatar\/4f2972f62de6885dcca429ac19cedb2f2cc29059d11fb856e3913b167913f851?s=96&d=mm&r=g95c45ea7f8b68489539e6695756c62d9\",\"url\":\"https:\/\/secure.gravatar.com\/avatar\/4f2972f62de6885dcca429ac19cedb2f2cc29059d11fb856e3913b167913f851?s=96&d=mm&r=g\",\"contentUrl\":\"https:\/\/secure.gravatar.com\/avatar\/4f2972f62de6885dcca429ac19cedb2f2cc29059d11fb856e3913b167913f851?s=96&d=mm&r=g\",\"caption\":\"Reda\u00e7\u00e3o\"},\"url\":\"https:\/\/economiasa.com.br\/blog\/author\/fada\/\"}]}<\/script>\n<!-- \/ Yoast SEO plugin. -->","yoast_head_json":{"title":"Reforma Tribut\u00e1ria: falhas em contratos podem afetar remunera\u00e7\u00e3o de produtores integrados, alerta tributarista - Economia S\/A","robots":{"index":"index","follow":"follow","max-snippet":"max-snippet:-1","max-image-preview":"max-image-preview:large","max-video-preview":"max-video-preview:-1"},"canonical":"https:\/\/economiasa.com.br\/blog\/reforma-tributaria-falhas-em-contratos-podem-afetar-remuneracao-de-produtores-integrados-alerta-tributarista\/","og_locale":"pt_BR","og_type":"article","og_title":"Reforma Tribut\u00e1ria: falhas em contratos podem afetar remunera\u00e7\u00e3o de produtores integrados, alerta tributarista - Economia S\/A","og_description":"Mesmo fora da cobran\u00e7a regular do IBS e da CBS, produtores precisam adequar contratos, notas fiscais e cl\u00e1usulas de repasse para evitar...","og_url":"https:\/\/economiasa.com.br\/blog\/reforma-tributaria-falhas-em-contratos-podem-afetar-remuneracao-de-produtores-integrados-alerta-tributarista\/","og_site_name":"Economia S\/A","article_published_time":"2026-08-31T23:10:33+00:00","article_modified_time":"2026-08-31T23:10:34+00:00","og_image":[{"width":606,"height":365,"url":"https:\/\/economiasa.com.br\/blog\/wp-content\/uploads\/2026\/08\/Capturar-262.png","type":"image\/png"}],"author":"Reda\u00e7\u00e3o","twitter_card":"summary_large_image","twitter_misc":{"Escrito por":"Reda\u00e7\u00e3o","Est. tempo de leitura":"6 minutos"},"schema":{"@context":"https:\/\/schema.org","@graph":[{"@type":"Article","@id":"https:\/\/economiasa.com.br\/blog\/reforma-tributaria-falhas-em-contratos-podem-afetar-remuneracao-de-produtores-integrados-alerta-tributarista\/#article","isPartOf":{"@id":"https:\/\/economiasa.com.br\/blog\/reforma-tributaria-falhas-em-contratos-podem-afetar-remuneracao-de-produtores-integrados-alerta-tributarista\/"},"author":{"name":"Reda\u00e7\u00e3o","@id":"https:\/\/economiasa.com.br\/blog\/#\/schema\/person\/3bb89ffdf33fd4e8b02d5b6eea9ca3ad"},"headline":"Reforma Tribut\u00e1ria: falhas em contratos podem afetar remunera\u00e7\u00e3o de produtores integrados, alerta tributarista","datePublished":"2026-08-31T23:10:33+00:00","dateModified":"2026-08-31T23:10:34+00:00","mainEntityOfPage":{"@id":"https:\/\/economiasa.com.br\/blog\/reforma-tributaria-falhas-em-contratos-podem-afetar-remuneracao-de-produtores-integrados-alerta-tributarista\/"},"wordCount":1066,"image":{"@id":"https:\/\/economiasa.com.br\/blog\/reforma-tributaria-falhas-em-contratos-podem-afetar-remuneracao-de-produtores-integrados-alerta-tributarista\/#primaryimage"},"thumbnailUrl":"https:\/\/economiasa.com.br\/blog\/wp-content\/uploads\/2026\/08\/Capturar-262.png","articleSection":["Gest\u00e3o Publica"],"inLanguage":"pt-BR"},{"@type":"WebPage","@id":"https:\/\/economiasa.com.br\/blog\/reforma-tributaria-falhas-em-contratos-podem-afetar-remuneracao-de-produtores-integrados-alerta-tributarista\/","url":"https:\/\/economiasa.com.br\/blog\/reforma-tributaria-falhas-em-contratos-podem-afetar-remuneracao-de-produtores-integrados-alerta-tributarista\/","name":"Reforma Tribut\u00e1ria: falhas em contratos podem afetar remunera\u00e7\u00e3o de produtores integrados, alerta tributarista - Economia S\/A","isPartOf":{"@id":"https:\/\/economiasa.com.br\/blog\/#website"},"primaryImageOfPage":{"@id":"https:\/\/economiasa.com.br\/blog\/reforma-tributaria-falhas-em-contratos-podem-afetar-remuneracao-de-produtores-integrados-alerta-tributarista\/#primaryimage"},"image":{"@id":"https:\/\/economiasa.com.br\/blog\/reforma-tributaria-falhas-em-contratos-podem-afetar-remuneracao-de-produtores-integrados-alerta-tributarista\/#primaryimage"},"thumbnailUrl":"https:\/\/economiasa.com.br\/blog\/wp-content\/uploads\/2026\/08\/Capturar-262.png","datePublished":"2026-08-31T23:10:33+00:00","dateModified":"2026-08-31T23:10:34+00:00","author":{"@id":"https:\/\/economiasa.com.br\/blog\/#\/schema\/person\/3bb89ffdf33fd4e8b02d5b6eea9ca3ad"},"breadcrumb":{"@id":"https:\/\/economiasa.com.br\/blog\/reforma-tributaria-falhas-em-contratos-podem-afetar-remuneracao-de-produtores-integrados-alerta-tributarista\/#breadcrumb"},"inLanguage":"pt-BR","potentialAction":[{"@type":"ReadAction","target":["https:\/\/economiasa.com.br\/blog\/reforma-tributaria-falhas-em-contratos-podem-afetar-remuneracao-de-produtores-integrados-alerta-tributarista\/"]}]},{"@type":"ImageObject","inLanguage":"pt-BR","@id":"https:\/\/economiasa.com.br\/blog\/reforma-tributaria-falhas-em-contratos-podem-afetar-remuneracao-de-produtores-integrados-alerta-tributarista\/#primaryimage","url":"https:\/\/economiasa.com.br\/blog\/wp-content\/uploads\/2026\/08\/Capturar-262.png","contentUrl":"https:\/\/economiasa.com.br\/blog\/wp-content\/uploads\/2026\/08\/Capturar-262.png","width":606,"height":365,"caption":"Fernando Melo de Carvalho - Cr\u00e9ditos da foto: Divulga\u00e7\u00e3o"},{"@type":"BreadcrumbList","@id":"https:\/\/economiasa.com.br\/blog\/reforma-tributaria-falhas-em-contratos-podem-afetar-remuneracao-de-produtores-integrados-alerta-tributarista\/#breadcrumb","itemListElement":[{"@type":"ListItem","position":1,"name":"In\u00edcio","item":"https:\/\/economiasa.com.br\/blog\/"},{"@type":"ListItem","position":2,"name":"Reforma Tribut\u00e1ria: falhas em contratos podem afetar remunera\u00e7\u00e3o de produtores integrados, alerta tributarista"}]},{"@type":"WebSite","@id":"https:\/\/economiasa.com.br\/blog\/#website","url":"https:\/\/economiasa.com.br\/blog\/","name":"Economia S\/A","description":"Ler faz bem para os neg\u00f3cios","potentialAction":[{"@type":"SearchAction","target":{"@type":"EntryPoint","urlTemplate":"https:\/\/economiasa.com.br\/blog\/?s={search_term_string}"},"query-input":{"@type":"PropertyValueSpecification","valueRequired":true,"valueName":"search_term_string"}}],"inLanguage":"pt-BR"},{"@type":"Person","@id":"https:\/\/economiasa.com.br\/blog\/#\/schema\/person\/3bb89ffdf33fd4e8b02d5b6eea9ca3ad","name":"Reda\u00e7\u00e3o","image":{"@type":"ImageObject","inLanguage":"pt-BR","@id":"https:\/\/secure.gravatar.com\/avatar\/4f2972f62de6885dcca429ac19cedb2f2cc29059d11fb856e3913b167913f851?s=96&d=mm&r=g95c45ea7f8b68489539e6695756c62d9","url":"https:\/\/secure.gravatar.com\/avatar\/4f2972f62de6885dcca429ac19cedb2f2cc29059d11fb856e3913b167913f851?s=96&d=mm&r=g","contentUrl":"https:\/\/secure.gravatar.com\/avatar\/4f2972f62de6885dcca429ac19cedb2f2cc29059d11fb856e3913b167913f851?s=96&d=mm&r=g","caption":"Reda\u00e7\u00e3o"},"url":"https:\/\/economiasa.com.br\/blog\/author\/fada\/"}]}},"authors":[{"term_id":13241,"user_id":34,"is_guest":0,"slug":"fada","display_name":"Reda\u00e7\u00e3o","avatar_url":"https:\/\/secure.gravatar.com\/avatar\/4f2972f62de6885dcca429ac19cedb2f2cc29059d11fb856e3913b167913f851?s=96&d=mm&r=g","author_category":"","first_name":"Reda\u00e7\u00e3o","last_name":"","user_url":"","job_title":"","description":""}],"amp_enabled":true,"_links":{"self":[{"href":"https:\/\/economiasa.com.br\/blog\/wp-json\/wp\/v2\/posts\/84871","targetHints":{"allow":["GET"]}}],"collection":[{"href":"https:\/\/economiasa.com.br\/blog\/wp-json\/wp\/v2\/posts"}],"about":[{"href":"https:\/\/economiasa.com.br\/blog\/wp-json\/wp\/v2\/types\/post"}],"author":[{"embeddable":true,"href":"https:\/\/economiasa.com.br\/blog\/wp-json\/wp\/v2\/users\/34"}],"replies":[{"embeddable":true,"href":"https:\/\/economiasa.com.br\/blog\/wp-json\/wp\/v2\/comments?post=84871"}],"version-history":[{"count":0,"href":"https:\/\/economiasa.com.br\/blog\/wp-json\/wp\/v2\/posts\/84871\/revisions"}],"wp:featuredmedia":[{"embeddable":true,"href":"https:\/\/economiasa.com.br\/blog\/wp-json\/wp\/v2\/media\/84872"}],"wp:attachment":[{"href":"https:\/\/economiasa.com.br\/blog\/wp-json\/wp\/v2\/media?parent=84871"}],"wp:term":[{"taxonomy":"category","embeddable":true,"href":"https:\/\/economiasa.com.br\/blog\/wp-json\/wp\/v2\/categories?post=84871"},{"taxonomy":"post_tag","embeddable":true,"href":"https:\/\/economiasa.com.br\/blog\/wp-json\/wp\/v2\/tags?post=84871"},{"taxonomy":"author","embeddable":true,"href":"https:\/\/economiasa.com.br\/blog\/wp-json\/wp\/v2\/ppma_author?post=84871"}],"curies":[{"name":"wp","href":"https:\/\/api.w.org\/{rel}","templated":true}]}}