{"id":84873,"date":"2026-09-01T12:51:50","date_gmt":"2026-09-01T15:51:50","guid":{"rendered":"https:\/\/economiasa.com.br\/blog\/?p=84873"},"modified":"2026-09-01T12:51:51","modified_gmt":"2026-09-01T15:51:51","slug":"b-i-d-brasil-marca-presenca-na-83a-edicao-da-feninjer-e-apresenta-novidades-em-gemas-criadas-em-laboratorio","status":"publish","type":"post","link":"https:\/\/economiasa.com.br\/blog\/b-i-d-brasil-marca-presenca-na-83a-edicao-da-feninjer-e-apresenta-novidades-em-gemas-criadas-em-laboratorio\/","title":{"rendered":"B.I.D. Brasil marca presen\u00e7a na 83\u00aa edi\u00e7\u00e3o da FENINJER e apresenta novidades em gemas criadas em laborat\u00f3rio"},"content":{"rendered":"\n<p class=\"wp-block-paragraph\">Marca apresenta nova cole\u00e7\u00e3o, lan\u00e7a esmeraldas, safiras, rubis e para\u00edbas de laborat\u00f3rio e destaca avan\u00e7o do diamante criado em laborat\u00f3rio em um dos principais eventos do setor joalheiro<\/p>\n\n\n\n<p class=\"wp-block-paragraph\">Entre os dias 17 e 20 de agosto, a B.I.D. Brasil participou da 83\u00aa edi\u00e7\u00e3o da FENINJER, realizada no Expo Center Transam\u00e9rica, em S\u00e3o Paulo. Considerada uma das principais feiras do mercado joalheiro da Am\u00e9rica Latina, da qual participa desde suas primeiras edi\u00e7\u00f5es, \u00e0 frente da marca, o CEO Bentzy Shneider apresentou uma cole\u00e7\u00e3o diversificada e trouxe como grande novidade desta edi\u00e7\u00e3o, al\u00e9m dos diamantes de laborat\u00f3rio, o lan\u00e7amento de esmeraldas, safiras, rubis e para\u00edbas criadas em laborat\u00f3rio, ampliando as possibilidades de cria\u00e7\u00e3o para a joalheria brasileira. O evento reuniu empresas, profissionais e compradores de toda a cadeia produtiva, se destacando pela grande movimenta\u00e7\u00e3o em seu estande para conhecimento dos novos lan\u00e7amentos de diferentes gemas.<\/p>\n\n\n\n<p class=\"wp-block-paragraph\">Diamante de laborat\u00f3rio: mais acesso e mercado em expans\u00e3o<\/p>\n\n\n\n<p class=\"wp-block-paragraph\">Um dos principais temas foi o avan\u00e7o do diamante de laborat\u00f3rio. Segundo a diretoria, o produto j\u00e1 \u00e9 internacionalmente uma realidade consolidada, e ganha for\u00e7a no Brasil. \u201cQuem trabalhava somente com diamantes naturais acabou sendo impactado pelo crescimento do laborat\u00f3rio. Hoje, praticamente todo mundo j\u00e1 usa, em alguma escala, os produtos de laborat\u00f3rio e a empresa acredita que esta participa\u00e7\u00e3o tende a um crescimento significativo nos pr\u00f3ximos anos.\u201d<\/p>\n\n\n\n<p class=\"wp-block-paragraph\">Um dos motores desse crescimento \u00e9 o valor. Hoje, um diamante de laborat\u00f3rio custa em m\u00e9dia 75% a 90% menos que um diamante natural de mesmas caracter\u00edsticas de cor, clareza e lapida\u00e7\u00e3o, permitindo ao consumidor final ter acesso a pedras maiores.<\/p>\n\n\n\n<p class=\"wp-block-paragraph\">O movimento \u00e9 global: Mesmo com essas redu\u00e7\u00f5es de pre\u00e7o o diamante de laborat\u00f3rio j\u00e1 representa cerca de 50% do valor faturado em diamantes no mercado mundial de joias de valor, e quantitativamente em mais de 72% do mercado de joias dos Estados Unidos. No Brasil, o mercado ainda est\u00e1 em expans\u00e3o, mas em ritmo acelerado.<\/p>\n\n\n\n<p class=\"wp-block-paragraph\">Existe uma clara percep\u00e7\u00e3o de que os consumidores est\u00e3o indo procurar nas lojas e muitas delas n\u00e3o possuem o produto. Esse processo est\u00e1 se invertendo gradativamente com mais lojas adquirindo e comercializando os produtos atendendo o desejo do consumidor, destaca o CEO.<\/p>\n\n\n\n<p class=\"wp-block-paragraph\">A marca explica o momento atual com duas analogias. A primeira \u00e9 com o setor automotivo: assim como carros a combust\u00e3o e el\u00e9tricos hoje convivem no mesmo mercado, atendendo perfis diferentes e ampliando o setor, o diamante natural e o de laborat\u00f3rio tamb\u00e9m ir\u00e3o coexistir. A segunda \u00e9 com as p\u00e9rolas: h\u00e1 100 anos, s\u00f3 existia a p\u00e9rola natural, rara e cara. A chegada da p\u00e9rola cultivada gerou resist\u00eancia, mas democratizou o acesso e fez o mercado crescer exponencialmente. A mesma l\u00f3gica, segundo a empresa, vale agora para os diamantes e para as demais gemas de cor.<\/p>\n\n\n\n<p class=\"wp-block-paragraph\">Sustentabilidade e coexist\u00eancia de mercados<\/p>\n\n\n\n<p class=\"wp-block-paragraph\">Existem ainda outros benef\u00edcios que n\u00e3o podem ser mais desconsiderados. Por ser criado em laborat\u00f3rio, o diamante n\u00e3o exige extra\u00e7\u00e3o mineral, desmatamento e movimenta\u00e7\u00e3o de toneladas de terra e o alto consumo de \u00e1gua da minera\u00e7\u00e3o tradicional, evitando degrada\u00e7\u00e3o ambiental. Outro aspecto a ser considerado \u00e9 que os diamantes de laborat\u00f3rio ficam isentos de r\u00f3tulos como diamantes de sangue que muitas vezes s\u00e3o obtidos em conflitos territoriais, e finalmente a tecnologia de laborat\u00f3rio comparativamente \u00e0s pedras naturais, al\u00e9m de manter as mesmas caracter\u00edsticas de brilho, dureza, densidade e composi\u00e7\u00e3o at\u00f4mica, garante pureza, transpar\u00eancia e cores superiores aos diamantes convencionais em id\u00eantica compara\u00e7\u00e3o.<\/p>\n\n\n\n<p class=\"wp-block-paragraph\">Estrat\u00e9gia e modelo de neg\u00f3cio<\/p>\n\n\n\n<p class=\"wp-block-paragraph\">Com atua\u00e7\u00e3o exclusiva no mercado brasileiro, a B.I.D. Brasil registrou entre 2024 e 2025 um crescimento real de 56%.<\/p>\n\n\n\n<p class=\"wp-block-paragraph\">A empresa tamb\u00e9m mant\u00e9m um modelo que facilita o lojista: sem transfer\u00eancia de estoque. O cliente compra de acordo com sua necessidade, com pedras certificadas e com identifica\u00e7\u00e3o a laser na mesa da pedra para aquelas acima de 1 quilate.<\/p>\n\n\n\n<p class=\"wp-block-paragraph\">\u201cA BID est\u00e1 fazendo investimentos junto aos revendedores para criar junto ao consumidor final o desejo de poder ter um diamante no dedo, em um colar ou em um brinco. Diamante de laborat\u00f3rio \u00e9 diamante e \u00e9 uma tend\u00eancia irrevers\u00edvel\u201d, finaliza CEO Bentzy Shneider.<\/p>\n\n\n\n<hr class=\"wp-block-separator has-alpha-channel-opacity\"\/>\n\n\n\n<p class=\"wp-block-paragraph\">Instagram: <a href=\"https:\/\/www.instagram.com\/bidbrasiloficial\/\">@bidbrasiloficial<\/a><br>WhatsApp: (34) 99920-9238<br>Site: <a href=\"https:\/\/biddiamantesdelaboratorio.com.br\/\">https:\/\/biddiamantesdelaboratorio.com.br\/<\/a><\/p>\n","protected":false},"excerpt":{"rendered":"<p>Marca apresenta nova cole\u00e7\u00e3o, lan\u00e7a esmeraldas, safiras, rubis e para\u00edbas de laborat\u00f3rio e destaca avan\u00e7o do diamante criado em laborat\u00f3rio em um&#8230;<\/p>\n","protected":false},"author":13,"featured_media":84874,"comment_status":"closed","ping_status":"open","sticky":false,"template":"","format":"standard","meta":{"footnotes":""},"categories":[2,101],"tags":[],"ppma_author":[13237],"class_list":["post-84873","post","type-post","status-publish","format-standard","has-post-thumbnail","category-business","category-negocios"],"yoast_head":"<!-- This site is optimized with the Yoast SEO plugin v27.2 - https:\/\/yoast.com\/product\/yoast-seo-wordpress\/ -->\n<title>B.I.D. Brasil marca presen\u00e7a na 83\u00aa edi\u00e7\u00e3o da FENINJER e apresenta novidades em gemas criadas em laborat\u00f3rio - Economia S\/A<\/title>\n<meta name=\"robots\" content=\"index, follow, max-snippet:-1, max-image-preview:large, max-video-preview:-1\" \/>\n<link rel=\"canonical\" href=\"https:\/\/economiasa.com.br\/blog\/b-i-d-brasil-marca-presenca-na-83a-edicao-da-feninjer-e-apresenta-novidades-em-gemas-criadas-em-laboratorio\/\" \/>\n<meta property=\"og:locale\" content=\"pt_BR\" \/>\n<meta property=\"og:type\" content=\"article\" \/>\n<meta property=\"og:title\" content=\"B.I.D. Brasil marca presen\u00e7a na 83\u00aa edi\u00e7\u00e3o da FENINJER e apresenta novidades em gemas criadas em laborat\u00f3rio - Economia S\/A\" \/>\n<meta property=\"og:description\" content=\"Marca apresenta nova cole\u00e7\u00e3o, lan\u00e7a esmeraldas, safiras, rubis e para\u00edbas de laborat\u00f3rio e destaca avan\u00e7o do diamante criado em laborat\u00f3rio em um...\" \/>\n<meta property=\"og:url\" content=\"https:\/\/economiasa.com.br\/blog\/b-i-d-brasil-marca-presenca-na-83a-edicao-da-feninjer-e-apresenta-novidades-em-gemas-criadas-em-laboratorio\/\" \/>\n<meta property=\"og:site_name\" content=\"Economia S\/A\" \/>\n<meta property=\"article:published_time\" content=\"2026-09-01T15:51:50+00:00\" \/>\n<meta property=\"article:modified_time\" content=\"2026-09-01T15:51:51+00:00\" \/>\n<meta property=\"og:image\" content=\"https:\/\/economiasa.com.br\/blog\/wp-content\/uploads\/2026\/09\/ChatGPT-Image-Sep-1-2026-12_47_28-PM.png\" \/>\n\t<meta property=\"og:image:width\" content=\"1254\" \/>\n\t<meta property=\"og:image:height\" content=\"1254\" \/>\n\t<meta property=\"og:image:type\" content=\"image\/png\" \/>\n<meta name=\"author\" content=\"Reda\u00e7\u00e3o\" \/>\n<meta name=\"twitter:card\" content=\"summary_large_image\" \/>\n<meta name=\"twitter:label1\" content=\"Escrito por\" \/>\n\t<meta name=\"twitter:data1\" content=\"Reda\u00e7\u00e3o\" \/>\n\t<meta name=\"twitter:label2\" content=\"Est. tempo de leitura\" \/>\n\t<meta name=\"twitter:data2\" content=\"4 minutos\" \/>\n<script type=\"application\/ld+json\" class=\"yoast-schema-graph\">{\"@context\":\"https:\/\/schema.org\",\"@graph\":[{\"@type\":\"Article\",\"@id\":\"https:\/\/economiasa.com.br\/blog\/b-i-d-brasil-marca-presenca-na-83a-edicao-da-feninjer-e-apresenta-novidades-em-gemas-criadas-em-laboratorio\/#article\",\"isPartOf\":{\"@id\":\"https:\/\/economiasa.com.br\/blog\/b-i-d-brasil-marca-presenca-na-83a-edicao-da-feninjer-e-apresenta-novidades-em-gemas-criadas-em-laboratorio\/\"},\"author\":{\"name\":\"Reda\u00e7\u00e3o\",\"@id\":\"https:\/\/economiasa.com.br\/blog\/#\/schema\/person\/57f2dfaf8250a36d041a4e4cf0498faf\"},\"headline\":\"B.I.D. Brasil marca presen\u00e7a na 83\u00aa edi\u00e7\u00e3o da FENINJER e apresenta novidades em gemas criadas em laborat\u00f3rio\",\"datePublished\":\"2026-09-01T15:51:50+00:00\",\"dateModified\":\"2026-09-01T15:51:51+00:00\",\"mainEntityOfPage\":{\"@id\":\"https:\/\/economiasa.com.br\/blog\/b-i-d-brasil-marca-presenca-na-83a-edicao-da-feninjer-e-apresenta-novidades-em-gemas-criadas-em-laboratorio\/\"},\"wordCount\":765,\"image\":{\"@id\":\"https:\/\/economiasa.com.br\/blog\/b-i-d-brasil-marca-presenca-na-83a-edicao-da-feninjer-e-apresenta-novidades-em-gemas-criadas-em-laboratorio\/#primaryimage\"},\"thumbnailUrl\":\"https:\/\/economiasa.com.br\/blog\/wp-content\/uploads\/2026\/09\/ChatGPT-Image-Sep-1-2026-12_47_28-PM.png\",\"articleSection\":[\"Business\",\"Neg\u00f3cios\"],\"inLanguage\":\"pt-BR\"},{\"@type\":\"WebPage\",\"@id\":\"https:\/\/economiasa.com.br\/blog\/b-i-d-brasil-marca-presenca-na-83a-edicao-da-feninjer-e-apresenta-novidades-em-gemas-criadas-em-laboratorio\/\",\"url\":\"https:\/\/economiasa.com.br\/blog\/b-i-d-brasil-marca-presenca-na-83a-edicao-da-feninjer-e-apresenta-novidades-em-gemas-criadas-em-laboratorio\/\",\"name\":\"B.I.D. Brasil marca presen\u00e7a na 83\u00aa edi\u00e7\u00e3o da FENINJER e apresenta novidades em gemas criadas em laborat\u00f3rio - Economia S\/A\",\"isPartOf\":{\"@id\":\"https:\/\/economiasa.com.br\/blog\/#website\"},\"primaryImageOfPage\":{\"@id\":\"https:\/\/economiasa.com.br\/blog\/b-i-d-brasil-marca-presenca-na-83a-edicao-da-feninjer-e-apresenta-novidades-em-gemas-criadas-em-laboratorio\/#primaryimage\"},\"image\":{\"@id\":\"https:\/\/economiasa.com.br\/blog\/b-i-d-brasil-marca-presenca-na-83a-edicao-da-feninjer-e-apresenta-novidades-em-gemas-criadas-em-laboratorio\/#primaryimage\"},\"thumbnailUrl\":\"https:\/\/economiasa.com.br\/blog\/wp-content\/uploads\/2026\/09\/ChatGPT-Image-Sep-1-2026-12_47_28-PM.png\",\"datePublished\":\"2026-09-01T15:51:50+00:00\",\"dateModified\":\"2026-09-01T15:51:51+00:00\",\"author\":{\"@id\":\"https:\/\/economiasa.com.br\/blog\/#\/schema\/person\/57f2dfaf8250a36d041a4e4cf0498faf\"},\"breadcrumb\":{\"@id\":\"https:\/\/economiasa.com.br\/blog\/b-i-d-brasil-marca-presenca-na-83a-edicao-da-feninjer-e-apresenta-novidades-em-gemas-criadas-em-laboratorio\/#breadcrumb\"},\"inLanguage\":\"pt-BR\",\"potentialAction\":[{\"@type\":\"ReadAction\",\"target\":[\"https:\/\/economiasa.com.br\/blog\/b-i-d-brasil-marca-presenca-na-83a-edicao-da-feninjer-e-apresenta-novidades-em-gemas-criadas-em-laboratorio\/\"]}]},{\"@type\":\"ImageObject\",\"inLanguage\":\"pt-BR\",\"@id\":\"https:\/\/economiasa.com.br\/blog\/b-i-d-brasil-marca-presenca-na-83a-edicao-da-feninjer-e-apresenta-novidades-em-gemas-criadas-em-laboratorio\/#primaryimage\",\"url\":\"https:\/\/economiasa.com.br\/blog\/wp-content\/uploads\/2026\/09\/ChatGPT-Image-Sep-1-2026-12_47_28-PM.png\",\"contentUrl\":\"https:\/\/economiasa.com.br\/blog\/wp-content\/uploads\/2026\/09\/ChatGPT-Image-Sep-1-2026-12_47_28-PM.png\",\"width\":1254,\"height\":1254,\"caption\":\"Cr\u00e9ditos da Foto: Divulga\u00e7\u00e3o\"},{\"@type\":\"BreadcrumbList\",\"@id\":\"https:\/\/economiasa.com.br\/blog\/b-i-d-brasil-marca-presenca-na-83a-edicao-da-feninjer-e-apresenta-novidades-em-gemas-criadas-em-laboratorio\/#breadcrumb\",\"itemListElement\":[{\"@type\":\"ListItem\",\"position\":1,\"name\":\"In\u00edcio\",\"item\":\"https:\/\/economiasa.com.br\/blog\/\"},{\"@type\":\"ListItem\",\"position\":2,\"name\":\"B.I.D. Brasil marca presen\u00e7a na 83\u00aa edi\u00e7\u00e3o da FENINJER e apresenta novidades em gemas criadas em laborat\u00f3rio\"}]},{\"@type\":\"WebSite\",\"@id\":\"https:\/\/economiasa.com.br\/blog\/#website\",\"url\":\"https:\/\/economiasa.com.br\/blog\/\",\"name\":\"Economia S\/A\",\"description\":\"Ler faz bem para os neg\u00f3cios\",\"potentialAction\":[{\"@type\":\"SearchAction\",\"target\":{\"@type\":\"EntryPoint\",\"urlTemplate\":\"https:\/\/economiasa.com.br\/blog\/?s={search_term_string}\"},\"query-input\":{\"@type\":\"PropertyValueSpecification\",\"valueRequired\":true,\"valueName\":\"search_term_string\"}}],\"inLanguage\":\"pt-BR\"},{\"@type\":\"Person\",\"@id\":\"https:\/\/economiasa.com.br\/blog\/#\/schema\/person\/57f2dfaf8250a36d041a4e4cf0498faf\",\"name\":\"Reda\u00e7\u00e3o\",\"image\":{\"@type\":\"ImageObject\",\"inLanguage\":\"pt-BR\",\"@id\":\"https:\/\/secure.gravatar.com\/avatar\/b9a74cf83ab7b387115b660a012a810ba4283a49e2dc1845eacfc09fd7fadd4b?s=96&d=mm&r=g8b4e5e7107f0781ab9bc60df20107da5\",\"url\":\"https:\/\/secure.gravatar.com\/avatar\/b9a74cf83ab7b387115b660a012a810ba4283a49e2dc1845eacfc09fd7fadd4b?s=96&d=mm&r=g\",\"contentUrl\":\"https:\/\/secure.gravatar.com\/avatar\/b9a74cf83ab7b387115b660a012a810ba4283a49e2dc1845eacfc09fd7fadd4b?s=96&d=mm&r=g\",\"caption\":\"Reda\u00e7\u00e3o\"},\"url\":\"https:\/\/economiasa.com.br\/blog\/author\/vhassessoriagmail-com\/\"}]}<\/script>\n<!-- \/ Yoast SEO plugin. -->","yoast_head_json":{"title":"B.I.D. Brasil marca presen\u00e7a na 83\u00aa edi\u00e7\u00e3o da FENINJER e apresenta novidades em gemas criadas em laborat\u00f3rio - Economia S\/A","robots":{"index":"index","follow":"follow","max-snippet":"max-snippet:-1","max-image-preview":"max-image-preview:large","max-video-preview":"max-video-preview:-1"},"canonical":"https:\/\/economiasa.com.br\/blog\/b-i-d-brasil-marca-presenca-na-83a-edicao-da-feninjer-e-apresenta-novidades-em-gemas-criadas-em-laboratorio\/","og_locale":"pt_BR","og_type":"article","og_title":"B.I.D. Brasil marca presen\u00e7a na 83\u00aa edi\u00e7\u00e3o da FENINJER e apresenta novidades em gemas criadas em laborat\u00f3rio - Economia S\/A","og_description":"Marca apresenta nova cole\u00e7\u00e3o, lan\u00e7a esmeraldas, safiras, rubis e para\u00edbas de laborat\u00f3rio e destaca avan\u00e7o do diamante criado em laborat\u00f3rio em um...","og_url":"https:\/\/economiasa.com.br\/blog\/b-i-d-brasil-marca-presenca-na-83a-edicao-da-feninjer-e-apresenta-novidades-em-gemas-criadas-em-laboratorio\/","og_site_name":"Economia S\/A","article_published_time":"2026-09-01T15:51:50+00:00","article_modified_time":"2026-09-01T15:51:51+00:00","og_image":[{"width":1254,"height":1254,"url":"https:\/\/economiasa.com.br\/blog\/wp-content\/uploads\/2026\/09\/ChatGPT-Image-Sep-1-2026-12_47_28-PM.png","type":"image\/png"}],"author":"Reda\u00e7\u00e3o","twitter_card":"summary_large_image","twitter_misc":{"Escrito por":"Reda\u00e7\u00e3o","Est. tempo de leitura":"4 minutos"},"schema":{"@context":"https:\/\/schema.org","@graph":[{"@type":"Article","@id":"https:\/\/economiasa.com.br\/blog\/b-i-d-brasil-marca-presenca-na-83a-edicao-da-feninjer-e-apresenta-novidades-em-gemas-criadas-em-laboratorio\/#article","isPartOf":{"@id":"https:\/\/economiasa.com.br\/blog\/b-i-d-brasil-marca-presenca-na-83a-edicao-da-feninjer-e-apresenta-novidades-em-gemas-criadas-em-laboratorio\/"},"author":{"name":"Reda\u00e7\u00e3o","@id":"https:\/\/economiasa.com.br\/blog\/#\/schema\/person\/57f2dfaf8250a36d041a4e4cf0498faf"},"headline":"B.I.D. Brasil marca presen\u00e7a na 83\u00aa edi\u00e7\u00e3o da FENINJER e apresenta novidades em gemas criadas em laborat\u00f3rio","datePublished":"2026-09-01T15:51:50+00:00","dateModified":"2026-09-01T15:51:51+00:00","mainEntityOfPage":{"@id":"https:\/\/economiasa.com.br\/blog\/b-i-d-brasil-marca-presenca-na-83a-edicao-da-feninjer-e-apresenta-novidades-em-gemas-criadas-em-laboratorio\/"},"wordCount":765,"image":{"@id":"https:\/\/economiasa.com.br\/blog\/b-i-d-brasil-marca-presenca-na-83a-edicao-da-feninjer-e-apresenta-novidades-em-gemas-criadas-em-laboratorio\/#primaryimage"},"thumbnailUrl":"https:\/\/economiasa.com.br\/blog\/wp-content\/uploads\/2026\/09\/ChatGPT-Image-Sep-1-2026-12_47_28-PM.png","articleSection":["Business","Neg\u00f3cios"],"inLanguage":"pt-BR"},{"@type":"WebPage","@id":"https:\/\/economiasa.com.br\/blog\/b-i-d-brasil-marca-presenca-na-83a-edicao-da-feninjer-e-apresenta-novidades-em-gemas-criadas-em-laboratorio\/","url":"https:\/\/economiasa.com.br\/blog\/b-i-d-brasil-marca-presenca-na-83a-edicao-da-feninjer-e-apresenta-novidades-em-gemas-criadas-em-laboratorio\/","name":"B.I.D. Brasil marca presen\u00e7a na 83\u00aa edi\u00e7\u00e3o da FENINJER e apresenta novidades em gemas criadas em laborat\u00f3rio - Economia S\/A","isPartOf":{"@id":"https:\/\/economiasa.com.br\/blog\/#website"},"primaryImageOfPage":{"@id":"https:\/\/economiasa.com.br\/blog\/b-i-d-brasil-marca-presenca-na-83a-edicao-da-feninjer-e-apresenta-novidades-em-gemas-criadas-em-laboratorio\/#primaryimage"},"image":{"@id":"https:\/\/economiasa.com.br\/blog\/b-i-d-brasil-marca-presenca-na-83a-edicao-da-feninjer-e-apresenta-novidades-em-gemas-criadas-em-laboratorio\/#primaryimage"},"thumbnailUrl":"https:\/\/economiasa.com.br\/blog\/wp-content\/uploads\/2026\/09\/ChatGPT-Image-Sep-1-2026-12_47_28-PM.png","datePublished":"2026-09-01T15:51:50+00:00","dateModified":"2026-09-01T15:51:51+00:00","author":{"@id":"https:\/\/economiasa.com.br\/blog\/#\/schema\/person\/57f2dfaf8250a36d041a4e4cf0498faf"},"breadcrumb":{"@id":"https:\/\/economiasa.com.br\/blog\/b-i-d-brasil-marca-presenca-na-83a-edicao-da-feninjer-e-apresenta-novidades-em-gemas-criadas-em-laboratorio\/#breadcrumb"},"inLanguage":"pt-BR","potentialAction":[{"@type":"ReadAction","target":["https:\/\/economiasa.com.br\/blog\/b-i-d-brasil-marca-presenca-na-83a-edicao-da-feninjer-e-apresenta-novidades-em-gemas-criadas-em-laboratorio\/"]}]},{"@type":"ImageObject","inLanguage":"pt-BR","@id":"https:\/\/economiasa.com.br\/blog\/b-i-d-brasil-marca-presenca-na-83a-edicao-da-feninjer-e-apresenta-novidades-em-gemas-criadas-em-laboratorio\/#primaryimage","url":"https:\/\/economiasa.com.br\/blog\/wp-content\/uploads\/2026\/09\/ChatGPT-Image-Sep-1-2026-12_47_28-PM.png","contentUrl":"https:\/\/economiasa.com.br\/blog\/wp-content\/uploads\/2026\/09\/ChatGPT-Image-Sep-1-2026-12_47_28-PM.png","width":1254,"height":1254,"caption":"Cr\u00e9ditos da Foto: Divulga\u00e7\u00e3o"},{"@type":"BreadcrumbList","@id":"https:\/\/economiasa.com.br\/blog\/b-i-d-brasil-marca-presenca-na-83a-edicao-da-feninjer-e-apresenta-novidades-em-gemas-criadas-em-laboratorio\/#breadcrumb","itemListElement":[{"@type":"ListItem","position":1,"name":"In\u00edcio","item":"https:\/\/economiasa.com.br\/blog\/"},{"@type":"ListItem","position":2,"name":"B.I.D. Brasil marca presen\u00e7a na 83\u00aa edi\u00e7\u00e3o da FENINJER e apresenta novidades em gemas criadas em laborat\u00f3rio"}]},{"@type":"WebSite","@id":"https:\/\/economiasa.com.br\/blog\/#website","url":"https:\/\/economiasa.com.br\/blog\/","name":"Economia S\/A","description":"Ler faz bem para os neg\u00f3cios","potentialAction":[{"@type":"SearchAction","target":{"@type":"EntryPoint","urlTemplate":"https:\/\/economiasa.com.br\/blog\/?s={search_term_string}"},"query-input":{"@type":"PropertyValueSpecification","valueRequired":true,"valueName":"search_term_string"}}],"inLanguage":"pt-BR"},{"@type":"Person","@id":"https:\/\/economiasa.com.br\/blog\/#\/schema\/person\/57f2dfaf8250a36d041a4e4cf0498faf","name":"Reda\u00e7\u00e3o","image":{"@type":"ImageObject","inLanguage":"pt-BR","@id":"https:\/\/secure.gravatar.com\/avatar\/b9a74cf83ab7b387115b660a012a810ba4283a49e2dc1845eacfc09fd7fadd4b?s=96&d=mm&r=g8b4e5e7107f0781ab9bc60df20107da5","url":"https:\/\/secure.gravatar.com\/avatar\/b9a74cf83ab7b387115b660a012a810ba4283a49e2dc1845eacfc09fd7fadd4b?s=96&d=mm&r=g","contentUrl":"https:\/\/secure.gravatar.com\/avatar\/b9a74cf83ab7b387115b660a012a810ba4283a49e2dc1845eacfc09fd7fadd4b?s=96&d=mm&r=g","caption":"Reda\u00e7\u00e3o"},"url":"https:\/\/economiasa.com.br\/blog\/author\/vhassessoriagmail-com\/"}]}},"authors":[{"term_id":13237,"user_id":13,"is_guest":0,"slug":"vhassessoriagmail-com","display_name":"Reda\u00e7\u00e3o","avatar_url":"https:\/\/secure.gravatar.com\/avatar\/b9a74cf83ab7b387115b660a012a810ba4283a49e2dc1845eacfc09fd7fadd4b?s=96&d=mm&r=g","author_category":"","first_name":"Vanessa","last_name":"Reda\u00e7\u00e3o","user_url":"","job_title":"","description":""}],"amp_enabled":true,"_links":{"self":[{"href":"https:\/\/economiasa.com.br\/blog\/wp-json\/wp\/v2\/posts\/84873","targetHints":{"allow":["GET"]}}],"collection":[{"href":"https:\/\/economiasa.com.br\/blog\/wp-json\/wp\/v2\/posts"}],"about":[{"href":"https:\/\/economiasa.com.br\/blog\/wp-json\/wp\/v2\/types\/post"}],"author":[{"embeddable":true,"href":"https:\/\/economiasa.com.br\/blog\/wp-json\/wp\/v2\/users\/13"}],"replies":[{"embeddable":true,"href":"https:\/\/economiasa.com.br\/blog\/wp-json\/wp\/v2\/comments?post=84873"}],"version-history":[{"count":0,"href":"https:\/\/economiasa.com.br\/blog\/wp-json\/wp\/v2\/posts\/84873\/revisions"}],"wp:featuredmedia":[{"embeddable":true,"href":"https:\/\/economiasa.com.br\/blog\/wp-json\/wp\/v2\/media\/84874"}],"wp:attachment":[{"href":"https:\/\/economiasa.com.br\/blog\/wp-json\/wp\/v2\/media?parent=84873"}],"wp:term":[{"taxonomy":"category","embeddable":true,"href":"https:\/\/economiasa.com.br\/blog\/wp-json\/wp\/v2\/categories?post=84873"},{"taxonomy":"post_tag","embeddable":true,"href":"https:\/\/economiasa.com.br\/blog\/wp-json\/wp\/v2\/tags?post=84873"},{"taxonomy":"author","embeddable":true,"href":"https:\/\/economiasa.com.br\/blog\/wp-json\/wp\/v2\/ppma_author?post=84873"}],"curies":[{"name":"wp","href":"https:\/\/api.w.org\/{rel}","templated":true}]}}