{"id":84875,"date":"2026-09-01T13:39:03","date_gmt":"2026-09-01T16:39:03","guid":{"rendered":"https:\/\/economiasa.com.br\/blog\/?p=84875"},"modified":"2026-09-01T13:39:04","modified_gmt":"2026-09-01T16:39:04","slug":"crise-no-varejo-reflete-combinacao-de-credito-caro-endividamento-e-transformacao-do-consumo","status":"publish","type":"post","link":"https:\/\/economiasa.com.br\/blog\/crise-no-varejo-reflete-combinacao-de-credito-caro-endividamento-e-transformacao-do-consumo\/","title":{"rendered":"Crise no varejo reflete combina\u00e7\u00e3o de cr\u00e9dito caro, endividamento e transforma\u00e7\u00e3o do consumo"},"content":{"rendered":"\n<p class=\"wp-block-paragraph\"><em>Dados de 2026 mostram maior comprometimento do or\u00e7amento das fam\u00edlias em um cen\u00e1rio que envolve juros elevados e desafios nas empresas<\/em><\/p>\n\n\n\n<p class=\"wp-block-paragraph\">As dificuldades enfrentadas por grandes varejistas brasileiros refletem uma combina\u00e7\u00e3o de fatores econ\u00f4micos e mudan\u00e7as estruturais no setor. Juros elevados, cr\u00e9dito mais caro, endividamento das fam\u00edlias, transforma\u00e7\u00e3o da jornada de compra, avan\u00e7o dos canais digitais e desafios relacionados aos modelos de neg\u00f3cios comp\u00f5em o cen\u00e1rio. No que se refere ao comportamento do consumidor, a educa\u00e7\u00e3o financeira entra como uma ferramenta importante para o planejamento das fam\u00edlias.<\/p>\n\n\n\n<p class=\"wp-block-paragraph\">Dados da Pesquisa de Endividamento e Inadimpl\u00eancia do Consumidor (Peic), da Confedera\u00e7\u00e3o Nacional do Com\u00e9rcio de Bens, Servi\u00e7os e Turismo (CNC), mostram que 82% das fam\u00edlias brasileiras tinham algum tipo de d\u00edvida em julho de 2026, o maior percentual da s\u00e9rie hist\u00f3rica. O comprometimento m\u00e9dio da renda dos endividados chegou a 29,5%, considerado alto sobre o or\u00e7amento familiar.<\/p>\n\n\n\n<p class=\"wp-block-paragraph\">O custo do cr\u00e9dito acrescenta outra camada a esse cen\u00e1rio. Segundo o Banco Central, a taxa m\u00e9dia de juros do cr\u00e9dito livre destinado \u00e0s pessoas f\u00edsicas chegou a 64% ao ano em junho, aumento de 4,6 pontos percentuais em 12 meses. A inadimpl\u00eancia dessa carteira atingiu 7,6%, enquanto a taxa Selic est\u00e1 em 14% ao ano desde agosto, mantendo condi\u00e7\u00f5es restritivas para novos financiamentos.<\/p>\n\n\n\n<p class=\"wp-block-paragraph\">\u201cA educa\u00e7\u00e3o financeira n\u00e3o resolve sozinha fatores como juros altos, renda, infla\u00e7\u00e3o ou condi\u00e7\u00f5es de cr\u00e9dito, mas ajuda as pessoas a compreender melhor o impacto dessas vari\u00e1veis sobre o pr\u00f3prio or\u00e7amento. Quando o dinheiro fica mais caro e uma parcela maior da renda j\u00e1 est\u00e1 comprometida, conhecer juros, organizar despesas e avaliar o uso do cr\u00e9dito permite tomar decis\u00f5es com mais informa\u00e7\u00e3o\u201d, afirma Nathalia Arcuri, jornalista e fundadora da Me Poupe!, ecossistema de educa\u00e7\u00e3o financeira.<\/p>\n\n\n\n<p class=\"wp-block-paragraph\">O desempenho do com\u00e9rcio refor\u00e7a que os efeitos n\u00e3o s\u00e3o uniformes. Segundo o IBGE, o volume de vendas do varejo brasileiro cresceu 1,9% no primeiro semestre de 2026 em rela\u00e7\u00e3o ao mesmo per\u00edodo do ano anterior, mas recua 0,4% no segundo trimestre diante dos tr\u00eas primeiros meses. Em junho, o varejo restrito avan\u00e7a 0,5% sobre maio, enquanto o ampliado registra queda de 1%.<\/p>\n\n\n\n<p class=\"wp-block-paragraph\">\u201cQuando falamos sobre o momento do varejo, precisamos olhar para uma rela\u00e7\u00e3o que envolve fam\u00edlias, empresas, sistema financeiro e ambiente econ\u00f4mico. Um consumidor com parte relevante da renda comprometida naturalmente encontra menos espa\u00e7o para novas compras, principalmente aquelas financiadas, mas essa \u00e9 uma pe\u00e7a de um cen\u00e1rio muito maior. Para as pessoas, educa\u00e7\u00e3o financeira significa aumentar a capacidade de atravessar esses ciclos com planejamento e autonomia\u201d, comenta Fernando Schmitt, CEO da Me Poupe!.<\/p>\n\n\n\n<p class=\"wp-block-paragraph\">Al\u00e9m das condi\u00e7\u00f5es econ\u00f4micas, o setor atravessa mudan\u00e7as na forma de pesquisar e comprar. Com\u00e9rcio eletr\u00f4nico, marketplaces, compara\u00e7\u00e3o de pre\u00e7os e integra\u00e7\u00e3o entre lojas f\u00edsicas e canais digitais ampliam a concorr\u00eancia e alteram a rela\u00e7\u00e3o com o p\u00fablico. Cada varejista tamb\u00e9m enfrenta condi\u00e7\u00f5es pr\u00f3prias de estrutura financeira, custos, estoque, opera\u00e7\u00e3o e estrat\u00e9gia, fatores que ajudam a explicar desempenhos diferentes dentro de um mesmo ambiente econ\u00f4mico.<\/p>\n","protected":false},"excerpt":{"rendered":"<p>Dados de 2026 mostram maior comprometimento do or\u00e7amento das fam\u00edlias em um cen\u00e1rio que envolve juros elevados e desafios nas empresas As&#8230;<\/p>\n","protected":false},"author":47,"featured_media":84876,"comment_status":"closed","ping_status":"open","sticky":false,"template":"","format":"standard","meta":{"footnotes":""},"categories":[8806],"tags":[],"ppma_author":[13248],"class_list":["post-84875","post","type-post","status-publish","format-standard","has-post-thumbnail","category-vendas"],"yoast_head":"<!-- This site is optimized with the Yoast SEO plugin v27.2 - https:\/\/yoast.com\/product\/yoast-seo-wordpress\/ -->\n<title>Crise no varejo reflete combina\u00e7\u00e3o de cr\u00e9dito caro, endividamento e transforma\u00e7\u00e3o do consumo - Economia S\/A<\/title>\n<meta name=\"robots\" content=\"index, follow, max-snippet:-1, max-image-preview:large, max-video-preview:-1\" \/>\n<link rel=\"canonical\" href=\"https:\/\/economiasa.com.br\/blog\/crise-no-varejo-reflete-combinacao-de-credito-caro-endividamento-e-transformacao-do-consumo\/\" \/>\n<meta property=\"og:locale\" content=\"pt_BR\" \/>\n<meta property=\"og:type\" content=\"article\" \/>\n<meta property=\"og:title\" content=\"Crise no varejo reflete combina\u00e7\u00e3o de cr\u00e9dito caro, endividamento e transforma\u00e7\u00e3o do consumo - Economia S\/A\" \/>\n<meta property=\"og:description\" content=\"Dados de 2026 mostram maior comprometimento do or\u00e7amento das fam\u00edlias em um cen\u00e1rio que envolve juros elevados e desafios nas empresas As...\" \/>\n<meta property=\"og:url\" content=\"https:\/\/economiasa.com.br\/blog\/crise-no-varejo-reflete-combinacao-de-credito-caro-endividamento-e-transformacao-do-consumo\/\" \/>\n<meta property=\"og:site_name\" content=\"Economia S\/A\" \/>\n<meta property=\"article:published_time\" content=\"2026-09-01T16:39:03+00:00\" \/>\n<meta property=\"article:modified_time\" content=\"2026-09-01T16:39:04+00:00\" \/>\n<meta property=\"og:image\" content=\"https:\/\/economiasa.com.br\/blog\/wp-content\/uploads\/2026\/09\/ChatGPT-Image-26-de-ago.-de-2026-18-27-27.jpg\" \/>\n\t<meta property=\"og:image:width\" content=\"1672\" \/>\n\t<meta property=\"og:image:height\" content=\"941\" \/>\n\t<meta property=\"og:image:type\" content=\"image\/jpeg\" \/>\n<meta name=\"author\" content=\"Reda\u00e7\u00e3o\" \/>\n<meta name=\"twitter:card\" content=\"summary_large_image\" \/>\n<meta name=\"twitter:label1\" content=\"Escrito por\" \/>\n\t<meta name=\"twitter:data1\" content=\"Reda\u00e7\u00e3o\" \/>\n\t<meta name=\"twitter:label2\" content=\"Est. tempo de leitura\" \/>\n\t<meta name=\"twitter:data2\" content=\"3 minutos\" \/>\n<script type=\"application\/ld+json\" class=\"yoast-schema-graph\">{\"@context\":\"https:\/\/schema.org\",\"@graph\":[{\"@type\":\"Article\",\"@id\":\"https:\/\/economiasa.com.br\/blog\/crise-no-varejo-reflete-combinacao-de-credito-caro-endividamento-e-transformacao-do-consumo\/#article\",\"isPartOf\":{\"@id\":\"https:\/\/economiasa.com.br\/blog\/crise-no-varejo-reflete-combinacao-de-credito-caro-endividamento-e-transformacao-do-consumo\/\"},\"author\":{\"name\":\"Reda\u00e7\u00e3o\",\"@id\":\"https:\/\/economiasa.com.br\/blog\/#\/schema\/person\/14b8ac2dc25bd63b52bc54e845fa3923\"},\"headline\":\"Crise no varejo reflete combina\u00e7\u00e3o de cr\u00e9dito caro, endividamento e transforma\u00e7\u00e3o do consumo\",\"datePublished\":\"2026-09-01T16:39:03+00:00\",\"dateModified\":\"2026-09-01T16:39:04+00:00\",\"mainEntityOfPage\":{\"@id\":\"https:\/\/economiasa.com.br\/blog\/crise-no-varejo-reflete-combinacao-de-credito-caro-endividamento-e-transformacao-do-consumo\/\"},\"wordCount\":564,\"image\":{\"@id\":\"https:\/\/economiasa.com.br\/blog\/crise-no-varejo-reflete-combinacao-de-credito-caro-endividamento-e-transformacao-do-consumo\/#primaryimage\"},\"thumbnailUrl\":\"https:\/\/economiasa.com.br\/blog\/wp-content\/uploads\/2026\/09\/ChatGPT-Image-26-de-ago.-de-2026-18-27-27.jpg\",\"articleSection\":[\"Vendas\"],\"inLanguage\":\"pt-BR\"},{\"@type\":\"WebPage\",\"@id\":\"https:\/\/economiasa.com.br\/blog\/crise-no-varejo-reflete-combinacao-de-credito-caro-endividamento-e-transformacao-do-consumo\/\",\"url\":\"https:\/\/economiasa.com.br\/blog\/crise-no-varejo-reflete-combinacao-de-credito-caro-endividamento-e-transformacao-do-consumo\/\",\"name\":\"Crise no varejo reflete combina\u00e7\u00e3o de cr\u00e9dito caro, endividamento e transforma\u00e7\u00e3o do consumo - Economia S\/A\",\"isPartOf\":{\"@id\":\"https:\/\/economiasa.com.br\/blog\/#website\"},\"primaryImageOfPage\":{\"@id\":\"https:\/\/economiasa.com.br\/blog\/crise-no-varejo-reflete-combinacao-de-credito-caro-endividamento-e-transformacao-do-consumo\/#primaryimage\"},\"image\":{\"@id\":\"https:\/\/economiasa.com.br\/blog\/crise-no-varejo-reflete-combinacao-de-credito-caro-endividamento-e-transformacao-do-consumo\/#primaryimage\"},\"thumbnailUrl\":\"https:\/\/economiasa.com.br\/blog\/wp-content\/uploads\/2026\/09\/ChatGPT-Image-26-de-ago.-de-2026-18-27-27.jpg\",\"datePublished\":\"2026-09-01T16:39:03+00:00\",\"dateModified\":\"2026-09-01T16:39:04+00:00\",\"author\":{\"@id\":\"https:\/\/economiasa.com.br\/blog\/#\/schema\/person\/14b8ac2dc25bd63b52bc54e845fa3923\"},\"breadcrumb\":{\"@id\":\"https:\/\/economiasa.com.br\/blog\/crise-no-varejo-reflete-combinacao-de-credito-caro-endividamento-e-transformacao-do-consumo\/#breadcrumb\"},\"inLanguage\":\"pt-BR\",\"potentialAction\":[{\"@type\":\"ReadAction\",\"target\":[\"https:\/\/economiasa.com.br\/blog\/crise-no-varejo-reflete-combinacao-de-credito-caro-endividamento-e-transformacao-do-consumo\/\"]}]},{\"@type\":\"ImageObject\",\"inLanguage\":\"pt-BR\",\"@id\":\"https:\/\/economiasa.com.br\/blog\/crise-no-varejo-reflete-combinacao-de-credito-caro-endividamento-e-transformacao-do-consumo\/#primaryimage\",\"url\":\"https:\/\/economiasa.com.br\/blog\/wp-content\/uploads\/2026\/09\/ChatGPT-Image-26-de-ago.-de-2026-18-27-27.jpg\",\"contentUrl\":\"https:\/\/economiasa.com.br\/blog\/wp-content\/uploads\/2026\/09\/ChatGPT-Image-26-de-ago.-de-2026-18-27-27.jpg\",\"width\":1672,\"height\":941,\"caption\":\"Cr\u00e9ditos da foto: Divulga\u00e7\u00e3o\"},{\"@type\":\"BreadcrumbList\",\"@id\":\"https:\/\/economiasa.com.br\/blog\/crise-no-varejo-reflete-combinacao-de-credito-caro-endividamento-e-transformacao-do-consumo\/#breadcrumb\",\"itemListElement\":[{\"@type\":\"ListItem\",\"position\":1,\"name\":\"In\u00edcio\",\"item\":\"https:\/\/economiasa.com.br\/blog\/\"},{\"@type\":\"ListItem\",\"position\":2,\"name\":\"Crise no varejo reflete combina\u00e7\u00e3o de cr\u00e9dito caro, endividamento e transforma\u00e7\u00e3o do consumo\"}]},{\"@type\":\"WebSite\",\"@id\":\"https:\/\/economiasa.com.br\/blog\/#website\",\"url\":\"https:\/\/economiasa.com.br\/blog\/\",\"name\":\"Economia S\/A\",\"description\":\"Ler faz bem para os neg\u00f3cios\",\"potentialAction\":[{\"@type\":\"SearchAction\",\"target\":{\"@type\":\"EntryPoint\",\"urlTemplate\":\"https:\/\/economiasa.com.br\/blog\/?s={search_term_string}\"},\"query-input\":{\"@type\":\"PropertyValueSpecification\",\"valueRequired\":true,\"valueName\":\"search_term_string\"}}],\"inLanguage\":\"pt-BR\"},{\"@type\":\"Person\",\"@id\":\"https:\/\/economiasa.com.br\/blog\/#\/schema\/person\/14b8ac2dc25bd63b52bc54e845fa3923\",\"name\":\"Reda\u00e7\u00e3o\",\"image\":{\"@type\":\"ImageObject\",\"inLanguage\":\"pt-BR\",\"@id\":\"https:\/\/secure.gravatar.com\/avatar\/c8c795261f7f8547b22616a549577db9e450bd5622da3f6eb62b0e2c3e364c4e?s=96&d=mm&r=g0fb5212bc57e2287787936667fbbe0ff\",\"url\":\"https:\/\/secure.gravatar.com\/avatar\/c8c795261f7f8547b22616a549577db9e450bd5622da3f6eb62b0e2c3e364c4e?s=96&d=mm&r=g\",\"contentUrl\":\"https:\/\/secure.gravatar.com\/avatar\/c8c795261f7f8547b22616a549577db9e450bd5622da3f6eb62b0e2c3e364c4e?s=96&d=mm&r=g\",\"caption\":\"Reda\u00e7\u00e3o\"},\"sameAs\":[\"http:\/\/www.economiasa.com.br\"],\"url\":\"https:\/\/economiasa.com.br\/blog\/author\/redacao\/\"}]}<\/script>\n<!-- \/ Yoast SEO plugin. -->","yoast_head_json":{"title":"Crise no varejo reflete combina\u00e7\u00e3o de cr\u00e9dito caro, endividamento e transforma\u00e7\u00e3o do consumo - Economia S\/A","robots":{"index":"index","follow":"follow","max-snippet":"max-snippet:-1","max-image-preview":"max-image-preview:large","max-video-preview":"max-video-preview:-1"},"canonical":"https:\/\/economiasa.com.br\/blog\/crise-no-varejo-reflete-combinacao-de-credito-caro-endividamento-e-transformacao-do-consumo\/","og_locale":"pt_BR","og_type":"article","og_title":"Crise no varejo reflete combina\u00e7\u00e3o de cr\u00e9dito caro, endividamento e transforma\u00e7\u00e3o do consumo - Economia S\/A","og_description":"Dados de 2026 mostram maior comprometimento do or\u00e7amento das fam\u00edlias em um cen\u00e1rio que envolve juros elevados e desafios nas empresas As...","og_url":"https:\/\/economiasa.com.br\/blog\/crise-no-varejo-reflete-combinacao-de-credito-caro-endividamento-e-transformacao-do-consumo\/","og_site_name":"Economia S\/A","article_published_time":"2026-09-01T16:39:03+00:00","article_modified_time":"2026-09-01T16:39:04+00:00","og_image":[{"width":1672,"height":941,"url":"https:\/\/economiasa.com.br\/blog\/wp-content\/uploads\/2026\/09\/ChatGPT-Image-26-de-ago.-de-2026-18-27-27.jpg","type":"image\/jpeg"}],"author":"Reda\u00e7\u00e3o","twitter_card":"summary_large_image","twitter_misc":{"Escrito por":"Reda\u00e7\u00e3o","Est. tempo de leitura":"3 minutos"},"schema":{"@context":"https:\/\/schema.org","@graph":[{"@type":"Article","@id":"https:\/\/economiasa.com.br\/blog\/crise-no-varejo-reflete-combinacao-de-credito-caro-endividamento-e-transformacao-do-consumo\/#article","isPartOf":{"@id":"https:\/\/economiasa.com.br\/blog\/crise-no-varejo-reflete-combinacao-de-credito-caro-endividamento-e-transformacao-do-consumo\/"},"author":{"name":"Reda\u00e7\u00e3o","@id":"https:\/\/economiasa.com.br\/blog\/#\/schema\/person\/14b8ac2dc25bd63b52bc54e845fa3923"},"headline":"Crise no varejo reflete combina\u00e7\u00e3o de cr\u00e9dito caro, endividamento e transforma\u00e7\u00e3o do consumo","datePublished":"2026-09-01T16:39:03+00:00","dateModified":"2026-09-01T16:39:04+00:00","mainEntityOfPage":{"@id":"https:\/\/economiasa.com.br\/blog\/crise-no-varejo-reflete-combinacao-de-credito-caro-endividamento-e-transformacao-do-consumo\/"},"wordCount":564,"image":{"@id":"https:\/\/economiasa.com.br\/blog\/crise-no-varejo-reflete-combinacao-de-credito-caro-endividamento-e-transformacao-do-consumo\/#primaryimage"},"thumbnailUrl":"https:\/\/economiasa.com.br\/blog\/wp-content\/uploads\/2026\/09\/ChatGPT-Image-26-de-ago.-de-2026-18-27-27.jpg","articleSection":["Vendas"],"inLanguage":"pt-BR"},{"@type":"WebPage","@id":"https:\/\/economiasa.com.br\/blog\/crise-no-varejo-reflete-combinacao-de-credito-caro-endividamento-e-transformacao-do-consumo\/","url":"https:\/\/economiasa.com.br\/blog\/crise-no-varejo-reflete-combinacao-de-credito-caro-endividamento-e-transformacao-do-consumo\/","name":"Crise no varejo reflete combina\u00e7\u00e3o de cr\u00e9dito caro, endividamento e transforma\u00e7\u00e3o do consumo - Economia S\/A","isPartOf":{"@id":"https:\/\/economiasa.com.br\/blog\/#website"},"primaryImageOfPage":{"@id":"https:\/\/economiasa.com.br\/blog\/crise-no-varejo-reflete-combinacao-de-credito-caro-endividamento-e-transformacao-do-consumo\/#primaryimage"},"image":{"@id":"https:\/\/economiasa.com.br\/blog\/crise-no-varejo-reflete-combinacao-de-credito-caro-endividamento-e-transformacao-do-consumo\/#primaryimage"},"thumbnailUrl":"https:\/\/economiasa.com.br\/blog\/wp-content\/uploads\/2026\/09\/ChatGPT-Image-26-de-ago.-de-2026-18-27-27.jpg","datePublished":"2026-09-01T16:39:03+00:00","dateModified":"2026-09-01T16:39:04+00:00","author":{"@id":"https:\/\/economiasa.com.br\/blog\/#\/schema\/person\/14b8ac2dc25bd63b52bc54e845fa3923"},"breadcrumb":{"@id":"https:\/\/economiasa.com.br\/blog\/crise-no-varejo-reflete-combinacao-de-credito-caro-endividamento-e-transformacao-do-consumo\/#breadcrumb"},"inLanguage":"pt-BR","potentialAction":[{"@type":"ReadAction","target":["https:\/\/economiasa.com.br\/blog\/crise-no-varejo-reflete-combinacao-de-credito-caro-endividamento-e-transformacao-do-consumo\/"]}]},{"@type":"ImageObject","inLanguage":"pt-BR","@id":"https:\/\/economiasa.com.br\/blog\/crise-no-varejo-reflete-combinacao-de-credito-caro-endividamento-e-transformacao-do-consumo\/#primaryimage","url":"https:\/\/economiasa.com.br\/blog\/wp-content\/uploads\/2026\/09\/ChatGPT-Image-26-de-ago.-de-2026-18-27-27.jpg","contentUrl":"https:\/\/economiasa.com.br\/blog\/wp-content\/uploads\/2026\/09\/ChatGPT-Image-26-de-ago.-de-2026-18-27-27.jpg","width":1672,"height":941,"caption":"Cr\u00e9ditos da foto: Divulga\u00e7\u00e3o"},{"@type":"BreadcrumbList","@id":"https:\/\/economiasa.com.br\/blog\/crise-no-varejo-reflete-combinacao-de-credito-caro-endividamento-e-transformacao-do-consumo\/#breadcrumb","itemListElement":[{"@type":"ListItem","position":1,"name":"In\u00edcio","item":"https:\/\/economiasa.com.br\/blog\/"},{"@type":"ListItem","position":2,"name":"Crise no varejo reflete combina\u00e7\u00e3o de cr\u00e9dito caro, endividamento e transforma\u00e7\u00e3o do consumo"}]},{"@type":"WebSite","@id":"https:\/\/economiasa.com.br\/blog\/#website","url":"https:\/\/economiasa.com.br\/blog\/","name":"Economia S\/A","description":"Ler faz bem para os neg\u00f3cios","potentialAction":[{"@type":"SearchAction","target":{"@type":"EntryPoint","urlTemplate":"https:\/\/economiasa.com.br\/blog\/?s={search_term_string}"},"query-input":{"@type":"PropertyValueSpecification","valueRequired":true,"valueName":"search_term_string"}}],"inLanguage":"pt-BR"},{"@type":"Person","@id":"https:\/\/economiasa.com.br\/blog\/#\/schema\/person\/14b8ac2dc25bd63b52bc54e845fa3923","name":"Reda\u00e7\u00e3o","image":{"@type":"ImageObject","inLanguage":"pt-BR","@id":"https:\/\/secure.gravatar.com\/avatar\/c8c795261f7f8547b22616a549577db9e450bd5622da3f6eb62b0e2c3e364c4e?s=96&d=mm&r=g0fb5212bc57e2287787936667fbbe0ff","url":"https:\/\/secure.gravatar.com\/avatar\/c8c795261f7f8547b22616a549577db9e450bd5622da3f6eb62b0e2c3e364c4e?s=96&d=mm&r=g","contentUrl":"https:\/\/secure.gravatar.com\/avatar\/c8c795261f7f8547b22616a549577db9e450bd5622da3f6eb62b0e2c3e364c4e?s=96&d=mm&r=g","caption":"Reda\u00e7\u00e3o"},"sameAs":["http:\/\/www.economiasa.com.br"],"url":"https:\/\/economiasa.com.br\/blog\/author\/redacao\/"}]}},"authors":[{"term_id":13248,"user_id":47,"is_guest":0,"slug":"redacao","display_name":"Reda\u00e7\u00e3o","avatar_url":"https:\/\/secure.gravatar.com\/avatar\/c8c795261f7f8547b22616a549577db9e450bd5622da3f6eb62b0e2c3e364c4e?s=96&d=mm&r=g","author_category":"","first_name":"Reda\u00e7\u00e3o","last_name":"","user_url":"http:\/\/www.economiasa.com.br","job_title":"","description":""}],"amp_enabled":true,"_links":{"self":[{"href":"https:\/\/economiasa.com.br\/blog\/wp-json\/wp\/v2\/posts\/84875","targetHints":{"allow":["GET"]}}],"collection":[{"href":"https:\/\/economiasa.com.br\/blog\/wp-json\/wp\/v2\/posts"}],"about":[{"href":"https:\/\/economiasa.com.br\/blog\/wp-json\/wp\/v2\/types\/post"}],"author":[{"embeddable":true,"href":"https:\/\/economiasa.com.br\/blog\/wp-json\/wp\/v2\/users\/47"}],"replies":[{"embeddable":true,"href":"https:\/\/economiasa.com.br\/blog\/wp-json\/wp\/v2\/comments?post=84875"}],"version-history":[{"count":0,"href":"https:\/\/economiasa.com.br\/blog\/wp-json\/wp\/v2\/posts\/84875\/revisions"}],"wp:featuredmedia":[{"embeddable":true,"href":"https:\/\/economiasa.com.br\/blog\/wp-json\/wp\/v2\/media\/84876"}],"wp:attachment":[{"href":"https:\/\/economiasa.com.br\/blog\/wp-json\/wp\/v2\/media?parent=84875"}],"wp:term":[{"taxonomy":"category","embeddable":true,"href":"https:\/\/economiasa.com.br\/blog\/wp-json\/wp\/v2\/categories?post=84875"},{"taxonomy":"post_tag","embeddable":true,"href":"https:\/\/economiasa.com.br\/blog\/wp-json\/wp\/v2\/tags?post=84875"},{"taxonomy":"author","embeddable":true,"href":"https:\/\/economiasa.com.br\/blog\/wp-json\/wp\/v2\/ppma_author?post=84875"}],"curies":[{"name":"wp","href":"https:\/\/api.w.org\/{rel}","templated":true}]}}