{"id":84877,"date":"2026-09-01T14:04:58","date_gmt":"2026-09-01T17:04:58","guid":{"rendered":"https:\/\/economiasa.com.br\/blog\/?p=84877"},"modified":"2026-09-01T14:04:59","modified_gmt":"2026-09-01T17:04:59","slug":"da-superacao-ao-reconhecimento-internacional-ancr-consolida-avancos-que-transformaram-a-redeas-brasileira","status":"publish","type":"post","link":"https:\/\/economiasa.com.br\/blog\/da-superacao-ao-reconhecimento-internacional-ancr-consolida-avancos-que-transformaram-a-redeas-brasileira\/","title":{"rendered":"Da supera\u00e7\u00e3o ao reconhecimento internacional: ANCR consolida avan\u00e7os que transformaram a R\u00e9deas brasileira"},"content":{"rendered":"\n<p class=\"wp-block-paragraph\">Superar os impactos de uma pandemia, enfrentar a destrui\u00e7\u00e3o de estruturas fundamentais para as competi\u00e7\u00f5es e, ao mesmo tempo, construir condi\u00e7\u00f5es para que a R\u00e9deas brasileira avan\u00e7asse em organiza\u00e7\u00e3o, infraestrutura e presen\u00e7a internacional. A trajet\u00f3ria recente da Associa\u00e7\u00e3o Nacional do Cavalo de R\u00e9deas (ANCR) re\u00fane desafios que exigiram dedica\u00e7\u00e3o da diretoria, capacidade de mobiliza\u00e7\u00e3o e continuidade de trabalho. Entre 2021 e 2026, esse esfor\u00e7o se traduziu em realiza\u00e7\u00f5es que ajudam a explicar o espa\u00e7o conquistado pelo Brasil no cen\u00e1rio mundial da modalidade.<\/p>\n\n\n\n<p class=\"wp-block-paragraph\">Para o presidente Francisco Moura, compreender esse crescimento exige reconhecer tanto o empenho da diretoria que atuou at\u00e9 aqui, quanto a contribui\u00e7\u00e3o das gest\u00f5es anteriores e de toda a comunidade da R\u00e9deas.<\/p>\n\n\n\n<p class=\"wp-block-paragraph\">\u201cSempre me lembro de uma frase do ex-presidente Peter Christians: \u2018A ANCR \u00e9 de todos\u2019. Essa ideia resume a responsabilidade de quem est\u00e1 \u00e0 frente da associa\u00e7\u00e3o. Recebemos um legado, trabalhamos para ampli\u00e1-lo e temos o dever de deixar condi\u00e7\u00f5es melhores para quem vier depois. Cada conquista pertence aos associados, aos criadores, aos competidores, aos profissionais, aos patrocinadores e a todos que ajudam a construir a nossa modalidade\u201d, afirma Moura.<\/p>\n\n\n\n<p class=\"wp-block-paragraph\">Essa vis\u00e3o de continuidade encontra respaldo na pr\u00f3pria hist\u00f3ria da entidade. Durante a gest\u00e3o de Peter Christians, iniciativas como o fortalecimento dos n\u00facleos, a Copa Intern\u00facleos, as competi\u00e7\u00f5es organizadas em n\u00edveis, a nomina\u00e7\u00e3o de potros e a estrutura\u00e7\u00e3o do Comit\u00ea de Ju\u00edzes contribu\u00edram para estabelecer bases esportivas e institucionais sobre as quais as diretorias seguintes puderam avan\u00e7ar.<\/p>\n\n\n\n<p class=\"wp-block-paragraph\">Essa constru\u00e7\u00e3o, resultado do trabalho de diferentes gest\u00f5es ao longo dos anos, tamb\u00e9m \u00e9 destacada por Jefferson Abbud, que acompanha a trajet\u00f3ria do cavalo de R\u00e9deas e da ANCR h\u00e1 d\u00e9cadas. Com 48 anos de cria\u00e7\u00e3o de Quarto de Milha (QM) e integrante dos Hall da Fama da ABQM e da ANCR, ele ressalta o trabalho desenvolvido pela atual Diretoria e o ambiente de confian\u00e7a e respeito entre seus integrantes. \u201cO desempenho e a entrega da atual Diretoria da ANCR \u00e9 um marco na hist\u00f3ria da R\u00e9deas. Fato que s\u00f3 foi poss\u00edvel pelo esfor\u00e7o, dedica\u00e7\u00e3o, generosidade e, especialmente, pelo ambiente amistoso, de confian\u00e7a e respeito entre os Diretores e Conselheiros. Sensa\u00e7\u00e3o de dever cumprido e de um legado para as pr\u00f3ximas gera\u00e7\u00f5es, que, com muito orgulho, meus filhos fazem parte\u201d, afirma.<\/p>\n\n\n\n<p class=\"wp-block-paragraph\">Nos anos recentes, o compromisso de preservar e desenvolver esse patrim\u00f4nio coletivo foi colocado \u00e0 prova. Em 2021, ainda sob os efeitos da pandemia, a ANCR mobilizou a comunidade para a retomada das competi\u00e7\u00f5es. O Campeonato Nacional e Potro do Futuro daquele ano reuniu 350 cavalos e mais de 800 inscri\u00e7\u00f5es, com premia\u00e7\u00e3o total superior a R$ 600 mil, considerando dinheiro e demais pr\u00eamios. O resultado demonstrou a disposi\u00e7\u00e3o de criadores, propriet\u00e1rios e atletas para recolocar a modalidade em movimento.<\/p>\n\n\n\n<p class=\"wp-block-paragraph\">Com 35 anos de atua\u00e7\u00e3o como profissional e diretor t\u00e9cnico da ANCR, Paulo Koury acompanhou diferentes momentos dessa trajet\u00f3ria e destaca o caminho percorrido at\u00e9 o atual est\u00e1gio da entidade. \u201cCompetindo e participando de v\u00e1rias diretorias da ANCR desde sua cria\u00e7\u00e3o at\u00e9 hoje, \u00e9 inimagin\u00e1vel enxergar o patamar que atingimos. Poucos sabem os dif\u00edceis caminhos percorridos para chegarmos onde estamos. Penso que isso \u00e9 resultado de muito trabalho, seriedade, transpar\u00eancia e confian\u00e7a por parte de todos que participaram dessa longa trajet\u00f3ria, desde diretores, treinadores, competidores e associados em geral, assim como de todos os segmentos envolvidos nas parcerias que tornaram realidade essa linda e vencedora hist\u00f3ria da ANCR. Particularmente, \u00e9 um orgulho fazer parte desta associa\u00e7\u00e3o. Sem d\u00favidas, existe um legado a ser desfrutado no futuro, assim como novos desafios para que a ANCR permane\u00e7a unida e crescendo\u201d, afirma.<\/p>\n\n\n\n<p class=\"wp-block-paragraph\">O passo seguinte tamb\u00e9m apontou para fora do pa\u00eds. Em 2022, Avar\u00e9 recebeu a primeira edi\u00e7\u00e3o da World Youth Reining Cup, realizada em conjunto pela ANCR, pela National Reining Horse Association (NRHA) e pela Reining Horse Foundation (RHF). O brasileiro Gabriel Cordeiro Martins conquistou o t\u00edtulo inaugural, em uma competi\u00e7\u00e3o que aproximou jovens de diferentes pa\u00edses e colocou o Brasil no centro de uma iniciativa internacional voltada ao futuro do esporte.<\/p>\n\n\n\n<p class=\"wp-block-paragraph\">A articula\u00e7\u00e3o internacional contou com a participa\u00e7\u00e3o de Jo\u00e3o Marcos de Arruda Pires, cujo trabalho foi reconhecido por Moura no balan\u00e7o daquela edi\u00e7\u00e3o. Receber o mundial exigiu organiza\u00e7\u00e3o e colabora\u00e7\u00e3o, inclusive de propriet\u00e1rios brasileiros que cederam cavalos aos participantes estrangeiros. A realiza\u00e7\u00e3o mostrou como o relacionamento institucional pode se transformar em oportunidades concretas para a modalidade.<\/p>\n\n\n\n<p class=\"wp-block-paragraph\">\u201cRespeito internacional se conquista com trabalho, relacionamento e capacidade de realizar. Nossa diretoria se dedicou a fortalecer essas rela\u00e7\u00f5es e a mostrar que o Brasil tem pessoas comprometidas, cavalos de qualidade e condi\u00e7\u00f5es de receber grandes competi\u00e7\u00f5es. Esse reconhecimento tamb\u00e9m valoriza quem cria, treina, compete e investe aqui\u201d, destaca o presidente.<\/p>\n\n\n\n<p class=\"wp-block-paragraph\">A valoriza\u00e7\u00e3o esportiva ganhou outra express\u00e3o em 2023, quando o Potro do Futuro ultrapassou R$ 1 milh\u00e3o em premia\u00e7\u00f5es, somando dinheiro e bens oferecidos aos vencedores. O marco refor\u00e7ou a import\u00e2ncia das parcerias e dos mecanismos de incentivo para reconhecer o trabalho de atletas, treinadores, criadores e propriet\u00e1rios.<\/p>\n\n\n\n<p class=\"wp-block-paragraph\">Mas o mesmo ano reservava um dos maiores desafios dessa trajet\u00f3ria. Em 3 de novembro, um temporal atingiu Avar\u00e9 e destruiu estruturas utilizadas pelas competi\u00e7\u00f5es equestres no Parque de Exposi\u00e7\u00f5es Fernando Cruz Pimentel. As imagens das coberturas retorcidas expuseram a dimens\u00e3o dos preju\u00edzos e a necessidade de reorganizar os planos para o complexo.<\/p>\n\n\n\n<p class=\"wp-block-paragraph\">Conforme o levantamento institucional da ANCR, mesmo diante desse cen\u00e1rio, o Super Stakes de 2023 foi realizado. A mobiliza\u00e7\u00e3o para colocar a competi\u00e7\u00e3o em pista foi acompanhada por um compromisso mais amplo: reconstruir e criar uma estrutura capaz de atender \u00e0s pr\u00f3ximas etapas de desenvolvimento da modalidade.<\/p>\n\n\n\n<p class=\"wp-block-paragraph\">A evolu\u00e7\u00e3o da modalidade tamb\u00e9m \u00e9 percebida por Jos\u00e9 Roberto van Cleef de Almeida Santos, que ingressou na R\u00e9deas em 2020 e, desde ent\u00e3o, passou a acompanhar de perto o desenvolvimento do esporte e do mercado ligado ao cavalo de R\u00e9deas no Brasil. \u201cA constante evolu\u00e7\u00e3o da modalidade, protagonizada pela ANCR, reflete a for\u00e7a e o crescimento do mercado do cavalo de R\u00e9deas no Brasil.<\/p>\n\n\n\n<p class=\"wp-block-paragraph\">\u201c\u00c9 evidente o aumento do n\u00famero de praticantes, treinadores, centros de treinamento e criadores nos \u00faltimos anos. Da mesma forma, a qualidade t\u00e9cnica e organizacional das provas tem evolu\u00eddo significativamente a cada temporada.<\/p>\n\n\n\n<p class=\"wp-block-paragraph\">\u201cO trabalho \u00e1rduo e a dedica\u00e7\u00e3o de todos os membros da Diretoria s\u00e3o fatores que refletem diretamente o momento positivo vivido pela modalidade em nosso pa\u00eds. Diante de todo o legado constru\u00eddo pela atual Diretoria at\u00e9 aqui, tenho plena convic\u00e7\u00e3o de que os pr\u00f3ximos anos ser\u00e3o ainda mais promissores para o esporte\u201d, afirma Santos.<\/p>\n\n\n\n<p class=\"wp-block-paragraph\">Esse crescimento tamb\u00e9m pode ser dimensionado pela perspectiva de quem acompanha a R\u00e9deas brasileira desde os primeiros anos de sua expans\u00e3o. Alexandre Ramos est\u00e1 na modalidade desde 1989, fez sua primeira prova em 1990 e participou da diretoria e do Conselho da ANCR em diferentes gest\u00f5es.<\/p>\n\n\n\n<p class=\"wp-block-paragraph\">\u201cEstou na modalidade desde 1989 e fiz minha primeira prova em 1990. Posso dizer que tive o privil\u00e9gio de acompanhar a R\u00e9deas praticamente desde o seu come\u00e7o no Brasil e, ao longo de todos esses anos, ver de perto uma transforma\u00e7\u00e3o enorme.<\/p>\n\n\n\n<p class=\"wp-block-paragraph\">\u201cVi tempos em que t\u00ednhamos cinco ou seis competidores no Amador e cerca de 20 na Aberta de um Potro do Futuro. Meu pai foi presidente da ANCR por dois mandatos, e eu tamb\u00e9m tive a oportunidade de participar da diretoria e do Conselho em diferentes gest\u00f5es. Com certeza, desde 1989, a R\u00e9deas est\u00e1 presente diariamente na minha vida.<\/p>\n\n\n\n<p class=\"wp-block-paragraph\">\u201cTenho muita satisfa\u00e7\u00e3o em participar e reconhecer o trabalho desta diretoria nos \u00faltimos dois mandatos. Fizemos a diferen\u00e7a e levamos a R\u00e9deas brasileira para outro patamar. Isso \u00e9 resultado de muito trabalho, dedica\u00e7\u00e3o e comprometimento.<\/p>\n\n\n\n<p class=\"wp-block-paragraph\">\u201cParab\u00e9ns a todos voc\u00eas. Voc\u00eas s\u00e3o feras e deixaram uma marca importante na hist\u00f3ria da ANCR. Foi um prazer fazer parte disso com voc\u00eas\u201d, afirma Ramos.<\/p>\n\n\n\n<p class=\"wp-block-paragraph\">Ao longo de 2024 e 2025, a diretoria reuniu esfor\u00e7os de patrocinadores, empresas, criadores, doadores e poder p\u00fablico. O hist\u00f3rico da entidade destaca a participa\u00e7\u00e3o de Jefferson Abbud e Paulo Koury, ao lado dos demais diretores e colaboradores envolvidos no projeto.<\/p>\n\n\n\n<p class=\"wp-block-paragraph\">A inaugura\u00e7\u00e3o da Arena Integral Mix, em junho de 2025, no Parque de Exposi\u00e7\u00f5es de Avar\u00e9, representou uma das entregas desse per\u00edodo. Concebida para a pr\u00e1tica da R\u00e9deas, a estrutura materializou a parceria entre a ANCR e a empresa de nutri\u00e7\u00e3o animal e representou uma entrega duradoura para a comunidade equestre.<\/p>\n\n\n\n<figure class=\"wp-block-image size-large\"><img loading=\"lazy\" decoding=\"async\" width=\"1024\" height=\"575\" src=\"https:\/\/economiasa.com.br\/blog\/wp-content\/uploads\/2026\/09\/WhatsApp-Image-2026-09-01-at-1.33.03-PM-1024x575.jpeg\" alt=\"Foto: Adilson Silva\/Foto Perigo\" class=\"wp-image-84879\" srcset=\"https:\/\/economiasa.com.br\/blog\/wp-content\/uploads\/2026\/09\/WhatsApp-Image-2026-09-01-at-1.33.03-PM-1024x575.jpeg 1024w, https:\/\/economiasa.com.br\/blog\/wp-content\/uploads\/2026\/09\/WhatsApp-Image-2026-09-01-at-1.33.03-PM-300x168.jpeg 300w, https:\/\/economiasa.com.br\/blog\/wp-content\/uploads\/2026\/09\/WhatsApp-Image-2026-09-01-at-1.33.03-PM-768x431.jpeg 768w, https:\/\/economiasa.com.br\/blog\/wp-content\/uploads\/2026\/09\/WhatsApp-Image-2026-09-01-at-1.33.03-PM-1536x862.jpeg 1536w, https:\/\/economiasa.com.br\/blog\/wp-content\/uploads\/2026\/09\/WhatsApp-Image-2026-09-01-at-1.33.03-PM-360x202.jpeg 360w, https:\/\/economiasa.com.br\/blog\/wp-content\/uploads\/2026\/09\/WhatsApp-Image-2026-09-01-at-1.33.03-PM.jpeg 1600w\" sizes=\"auto, (max-width: 1024px) 100vw, 1024px\" \/><figcaption class=\"wp-element-caption\">Foto: Adilson Silva\/Foto Perigo<\/figcaption><\/figure>\n\n\n\n<p class=\"wp-block-paragraph\">\u201cQuem olha uma arena pronta nem sempre imagina o trabalho necess\u00e1rio para chegar at\u00e9 ali. Foram muitas conversas, busca de parceiros, decis\u00f5es e pessoas dedicadas a fazer o projeto acontecer. Depois de tudo o que enfrentamos, entregar essa estrutura foi uma demonstra\u00e7\u00e3o de quanto a uni\u00e3o pode realizar. Fa\u00e7o quest\u00e3o de dividir esse reconhecimento com toda a diretoria e com cada pessoa que contribuiu\u201d, ressalta Moura.<\/p>\n\n\n\n<p class=\"wp-block-paragraph\">Alessandro Tomazela, que integrou a diretoria da ANCR por dois mandatos, tamb\u00e9m faz uma avalia\u00e7\u00e3o do per\u00edodo e destaca os avan\u00e7os alcan\u00e7ados, assim como os desafios que surgem a partir do crescimento da modalidade.<\/p>\n\n\n\n<p class=\"wp-block-paragraph\">\u201cFiz parte da diretoria por dois mandatos e gostaria de convidar todos voc\u00eas para avaliarmos, em conjunto, tudo o que fizemos at\u00e9 aqui. Toda a evolu\u00e7\u00e3o em infraestrutura, premia\u00e7\u00e3o, gen\u00e9tica e qualidade das provas. Poder\u00edamos ter conduzido alguns pontos de maneira diferente? Claro que sim. Sempre haver\u00e1 oportunidades de melhoria. Chegamos at\u00e9 aqui gra\u00e7as ao conhecimento, \u00e0 dedica\u00e7\u00e3o e ao trabalho de todos aqueles que constroem esta modalidade h\u00e1 mais de 40 anos. Continuaremos evoluindo com essa experi\u00eancia, aliada \u00e0 inova\u00e7\u00e3o e ao compromisso de quem deseja ver nossa modalidade crescer de forma s\u00f3lida e correta.<\/p>\n\n\n\n<p class=\"wp-block-paragraph\">\u201cCrescemos de maneira expressiva em n\u00famero de competidores, criadores, patrocinadores, treinadores, ranchos, haras, provas e n\u00facleos. Durante esse per\u00edodo, esta diretoria destinou integralmente os recursos dispon\u00edveis para cobrir os custos das provas e direcionou todo o excedente para a premia\u00e7\u00e3o. Agora, diante desse crescimento, chegou o momento de tamb\u00e9m investir parte desses recursos no fortalecimento da organiza\u00e7\u00e3o da ANCR e na estrutura necess\u00e1ria para sustentar esse desenvolvimento. Precisaremos investir em governan\u00e7a, processos e na estrutura da Associa\u00e7\u00e3o para que possamos continuar crescendo.<\/p>\n\n\n\n<p class=\"wp-block-paragraph\">\u201cGostaria de pedir a todos os competidores, amadores, treinadores, criadores e patrocinadores que continuemos a trabalhar e construamos juntos. Que possamos seguir unidos, aprendendo e trabalhando para que a nossa modalidade continue crescendo, evoluindo e se fortalecendo a cada ano.\u201d<\/p>\n\n\n\n<p class=\"wp-block-paragraph\">Em 2026, a presen\u00e7a da World Youth Reining Cup novamente em Avar\u00e9 refor\u00e7ou essa conex\u00e3o com o cen\u00e1rio internacional. A divulga\u00e7\u00e3o da edi\u00e7\u00e3o destacou representantes de 16 pa\u00edses, ampliando a conviv\u00eancia entre jovens atletas e a visibilidade do Brasil como sede de competi\u00e7\u00f5es da modalidade.<\/p>\n\n\n\n<p class=\"wp-block-paragraph\">As perspectivas para os pr\u00f3ximos anos acrescentam um novo cap\u00edtulo. O The Run For A Million Brazil foi anunciado para Avar\u00e9 em 2027 e 2029, em uma realiza\u00e7\u00e3o da JBJ Ranch, Haras WV, JD Ranch e Alpha Quarter Horses, com homologa\u00e7\u00e3o e valida\u00e7\u00e3o da ANCR e da NRHA. Segundo o an\u00fancio dos realizadores, a classificat\u00f3ria brasileira ser\u00e1 gerenciada pela ANCR. A iniciativa amplia as oportunidades de integra\u00e7\u00e3o do pa\u00eds ao circuito internacional.<\/p>\n\n\n\n<p class=\"wp-block-paragraph\">O balan\u00e7o tamb\u00e9m \u00e9 acompanhado por Luiz Marques, que soma 12 anos de participa\u00e7\u00e3o em competi\u00e7\u00f5es e se define como \u201centusiasta incorrig\u00edvel, apaixonado pela R\u00e9deas\u201d. Para ele, os associados tiveram papel fundamental na constru\u00e7\u00e3o dos resultados alcan\u00e7ados pela entidade. \u201cObrigado, associados: a for\u00e7a que sustentou estes anos!<\/p>\n\n\n\n<p class=\"wp-block-paragraph\">\u201cNenhuma conquista da ANCR nos \u00faltimos anos aconteceu sozinha. Por tr\u00e1s de cada arena reconstru\u00edda, de cada premia\u00e7\u00e3o paga em dia e de cada competi\u00e7\u00e3o internacional recebida em solo brasileiro, houve associados que apostaram \u2014 com recursos, com estrutura, com trabalho e com confian\u00e7a \u2014 numa gest\u00e3o que se comprometeu a entregar resultado.<\/p>\n\n\n\n<p class=\"wp-block-paragraph\">\u201cFoi esse apoio que permitiu equilibrar as contas mesmo em anos de premia\u00e7\u00f5es recordes. Pagar pr\u00eamios importantes sem comprometer a sa\u00fade financeira da associa\u00e7\u00e3o n\u00e3o \u00e9 obra do acaso: \u00e9 fruto de planejamento s\u00e9rio e de parceiros que entenderam que investir na R\u00e9deas brasileira \u00e9 investir no pr\u00f3prio esporte que praticam.<\/p>\n\n\n\n<p class=\"wp-block-paragraph\">\u201cEsse trabalho abriu portas. Trouxe competidores estrangeiros para pistas brasileiras, levou brasileiros para fora, validou o reconhecimento da NRHA ao que constru\u00edmos aqui e criou as condi\u00e7\u00f5es para atrair novos patrocinadores; interessados n\u00e3o s\u00f3 em associar sua marca a um evento, mas a uma gest\u00e3o que entrega o que promete. Tamb\u00e9m trouxe gente nova: profissionais, criadores e atletas que chegaram nos \u00faltimos anos e j\u00e1 fazem parte do dia a dia da modalidade, renovando o que a ANCR representa.<\/p>\n\n\n\n<p class=\"wp-block-paragraph\">\u201cSabemos que uma gest\u00e3o nunca agradar\u00e1 a todos; e n\u00e3o \u00e9 essa a nossa m\u00e9trica. Nossa certeza \u00e9 outra: a de termos conduzido esse per\u00edodo com integridade, com contas equilibradas e com resultados consolidados, que ficam para quem vem depois. A cada associado que colaborou, o nosso reconhecimento. O que constru\u00edmos \u00e9 de todos n\u00f3s\u201d, afirma Marques.<\/p>\n\n\n\n<p class=\"wp-block-paragraph\">Para Francisco Moura, os resultados devem ser compreendidos como parte de um trabalho permanente. Sustentar a evolu\u00e7\u00e3o significa continuar cuidando das competi\u00e7\u00f5es, dos relacionamentos institucionais e das condi\u00e7\u00f5es oferecidas a quem participa da modalidade.<\/p>\n\n\n\n<p class=\"wp-block-paragraph\">\u201cTemos orgulho do que foi realizado porque sabemos o quanto foi necess\u00e1rio trabalhar para chegar at\u00e9 aqui. A atual diretoria se dedicou a enfrentar dificuldades, buscar solu\u00e7\u00f5es e abrir caminhos para a R\u00e9deas brasileira. Mas tamb\u00e9m sabemos que nenhuma associa\u00e7\u00e3o cresce sozinha. Nosso compromisso \u00e9 continuar aproximando as pessoas e criando oportunidades e \u00e9 com todos que queremos construir o futuro\u201d, ressalta.<\/p>\n\n\n\n<p class=\"wp-block-paragraph\">Ao fazer um balan\u00e7o de sua trajet\u00f3ria \u00e0 frente da entidade, Moura tamb\u00e9m destaca as mudan\u00e7as pelas quais a diretoria passou ao longo dos anos e projeta os pr\u00f3ximos desafios.<\/p>\n\n\n\n<p class=\"wp-block-paragraph\">\u201cEstou na presid\u00eancia da ANCR desde 2014 e, nestes anos, tivemos muitas mudan\u00e7as de pessoas na diretoria, e cada uma sempre trouxe algo novo, aliado \u00e0 tradi\u00e7\u00e3o e ao conhecimento dos remanescentes, com os quais conseguimos realizar muitas coisas.<\/p>\n\n\n\n<p class=\"wp-block-paragraph\">\u201cQuando olho para tr\u00e1s, tenho a certeza de que fizemos o nosso melhor e entregamos uma associa\u00e7\u00e3o melhor para o associado. Quando olho no horizonte, tenho certeza de que n\u00e3o temos limite para o crescimento e, nos pr\u00f3ximos dois anos, faremos coisas incr\u00edveis.<\/p>\n\n\n\n<p class=\"wp-block-paragraph\">\u201cConvido a todos para estarem conosco nesta jornada. Ela n\u00e3o \u00e9 da diretoria, do Conselho ou dos funcion\u00e1rios da ANCR; ela \u00e9 de todos e precisa ser constru\u00edda por todos e para todos.<\/p>\n\n\n\n<p class=\"wp-block-paragraph\">\u201cUm agradecimento \u00e0s pessoas que est\u00e3o deixando a diretoria e o Conselho e um muito obrigado aos novos integrantes. Tenho certeza de que todos estar\u00e3o juntos com um \u00fanico objetivo: nossa paix\u00e3o, R\u00e9deas!\u201d<\/p>\n\n\n\n<p class=\"wp-block-paragraph\">Foto: Adilson Silva\/Foto Perigo<\/p>\n","protected":false},"excerpt":{"rendered":"<p>Superar os impactos de uma pandemia, enfrentar a destrui\u00e7\u00e3o de estruturas fundamentais para as competi\u00e7\u00f5es e, ao mesmo tempo, construir condi\u00e7\u00f5es para&#8230;<\/p>\n","protected":false},"author":13,"featured_media":84879,"comment_status":"closed","ping_status":"open","sticky":false,"template":"","format":"standard","meta":{"footnotes":""},"categories":[2,101],"tags":[],"ppma_author":[13237],"class_list":["post-84877","post","type-post","status-publish","format-standard","has-post-thumbnail","category-business","category-negocios"],"yoast_head":"<!-- This site is optimized with the Yoast SEO plugin v27.2 - https:\/\/yoast.com\/product\/yoast-seo-wordpress\/ -->\n<title>Da supera\u00e7\u00e3o ao reconhecimento internacional: ANCR consolida avan\u00e7os que transformaram a R\u00e9deas brasileira - Economia S\/A<\/title>\n<meta name=\"robots\" content=\"index, follow, max-snippet:-1, max-image-preview:large, max-video-preview:-1\" \/>\n<link rel=\"canonical\" href=\"https:\/\/economiasa.com.br\/blog\/da-superacao-ao-reconhecimento-internacional-ancr-consolida-avancos-que-transformaram-a-redeas-brasileira\/\" \/>\n<meta property=\"og:locale\" content=\"pt_BR\" \/>\n<meta property=\"og:type\" content=\"article\" \/>\n<meta property=\"og:title\" content=\"Da supera\u00e7\u00e3o ao reconhecimento internacional: ANCR consolida avan\u00e7os que transformaram a R\u00e9deas brasileira - Economia S\/A\" \/>\n<meta property=\"og:description\" content=\"Superar os impactos de uma pandemia, enfrentar a destrui\u00e7\u00e3o de estruturas fundamentais para as competi\u00e7\u00f5es e, ao mesmo tempo, construir condi\u00e7\u00f5es para...\" \/>\n<meta property=\"og:url\" content=\"https:\/\/economiasa.com.br\/blog\/da-superacao-ao-reconhecimento-internacional-ancr-consolida-avancos-que-transformaram-a-redeas-brasileira\/\" \/>\n<meta property=\"og:site_name\" content=\"Economia S\/A\" \/>\n<meta property=\"article:published_time\" content=\"2026-09-01T17:04:58+00:00\" \/>\n<meta property=\"article:modified_time\" content=\"2026-09-01T17:04:59+00:00\" \/>\n<meta property=\"og:image\" content=\"https:\/\/economiasa.com.br\/blog\/wp-content\/uploads\/2026\/09\/WhatsApp-Image-2026-09-01-at-1.33.03-PM.jpeg\" \/>\n\t<meta property=\"og:image:width\" content=\"1600\" \/>\n\t<meta property=\"og:image:height\" content=\"898\" \/>\n\t<meta property=\"og:image:type\" content=\"image\/jpeg\" \/>\n<meta name=\"author\" content=\"Reda\u00e7\u00e3o\" \/>\n<meta name=\"twitter:card\" content=\"summary_large_image\" \/>\n<meta name=\"twitter:label1\" content=\"Escrito por\" \/>\n\t<meta name=\"twitter:data1\" content=\"Reda\u00e7\u00e3o\" \/>\n\t<meta name=\"twitter:label2\" content=\"Est. tempo de leitura\" \/>\n\t<meta name=\"twitter:data2\" content=\"14 minutos\" \/>\n<script type=\"application\/ld+json\" class=\"yoast-schema-graph\">{\"@context\":\"https:\/\/schema.org\",\"@graph\":[{\"@type\":\"Article\",\"@id\":\"https:\/\/economiasa.com.br\/blog\/da-superacao-ao-reconhecimento-internacional-ancr-consolida-avancos-que-transformaram-a-redeas-brasileira\/#article\",\"isPartOf\":{\"@id\":\"https:\/\/economiasa.com.br\/blog\/da-superacao-ao-reconhecimento-internacional-ancr-consolida-avancos-que-transformaram-a-redeas-brasileira\/\"},\"author\":{\"name\":\"Reda\u00e7\u00e3o\",\"@id\":\"https:\/\/economiasa.com.br\/blog\/#\/schema\/person\/57f2dfaf8250a36d041a4e4cf0498faf\"},\"headline\":\"Da supera\u00e7\u00e3o ao reconhecimento internacional: ANCR consolida avan\u00e7os que transformaram a R\u00e9deas brasileira\",\"datePublished\":\"2026-09-01T17:04:58+00:00\",\"dateModified\":\"2026-09-01T17:04:59+00:00\",\"mainEntityOfPage\":{\"@id\":\"https:\/\/economiasa.com.br\/blog\/da-superacao-ao-reconhecimento-internacional-ancr-consolida-avancos-que-transformaram-a-redeas-brasileira\/\"},\"wordCount\":2604,\"image\":{\"@id\":\"https:\/\/economiasa.com.br\/blog\/da-superacao-ao-reconhecimento-internacional-ancr-consolida-avancos-que-transformaram-a-redeas-brasileira\/#primaryimage\"},\"thumbnailUrl\":\"https:\/\/economiasa.com.br\/blog\/wp-content\/uploads\/2026\/09\/WhatsApp-Image-2026-09-01-at-1.33.03-PM.jpeg\",\"articleSection\":[\"Business\",\"Neg\u00f3cios\"],\"inLanguage\":\"pt-BR\"},{\"@type\":\"WebPage\",\"@id\":\"https:\/\/economiasa.com.br\/blog\/da-superacao-ao-reconhecimento-internacional-ancr-consolida-avancos-que-transformaram-a-redeas-brasileira\/\",\"url\":\"https:\/\/economiasa.com.br\/blog\/da-superacao-ao-reconhecimento-internacional-ancr-consolida-avancos-que-transformaram-a-redeas-brasileira\/\",\"name\":\"Da supera\u00e7\u00e3o ao reconhecimento internacional: ANCR consolida avan\u00e7os que transformaram a R\u00e9deas brasileira - Economia S\/A\",\"isPartOf\":{\"@id\":\"https:\/\/economiasa.com.br\/blog\/#website\"},\"primaryImageOfPage\":{\"@id\":\"https:\/\/economiasa.com.br\/blog\/da-superacao-ao-reconhecimento-internacional-ancr-consolida-avancos-que-transformaram-a-redeas-brasileira\/#primaryimage\"},\"image\":{\"@id\":\"https:\/\/economiasa.com.br\/blog\/da-superacao-ao-reconhecimento-internacional-ancr-consolida-avancos-que-transformaram-a-redeas-brasileira\/#primaryimage\"},\"thumbnailUrl\":\"https:\/\/economiasa.com.br\/blog\/wp-content\/uploads\/2026\/09\/WhatsApp-Image-2026-09-01-at-1.33.03-PM.jpeg\",\"datePublished\":\"2026-09-01T17:04:58+00:00\",\"dateModified\":\"2026-09-01T17:04:59+00:00\",\"author\":{\"@id\":\"https:\/\/economiasa.com.br\/blog\/#\/schema\/person\/57f2dfaf8250a36d041a4e4cf0498faf\"},\"breadcrumb\":{\"@id\":\"https:\/\/economiasa.com.br\/blog\/da-superacao-ao-reconhecimento-internacional-ancr-consolida-avancos-que-transformaram-a-redeas-brasileira\/#breadcrumb\"},\"inLanguage\":\"pt-BR\",\"potentialAction\":[{\"@type\":\"ReadAction\",\"target\":[\"https:\/\/economiasa.com.br\/blog\/da-superacao-ao-reconhecimento-internacional-ancr-consolida-avancos-que-transformaram-a-redeas-brasileira\/\"]}]},{\"@type\":\"ImageObject\",\"inLanguage\":\"pt-BR\",\"@id\":\"https:\/\/economiasa.com.br\/blog\/da-superacao-ao-reconhecimento-internacional-ancr-consolida-avancos-que-transformaram-a-redeas-brasileira\/#primaryimage\",\"url\":\"https:\/\/economiasa.com.br\/blog\/wp-content\/uploads\/2026\/09\/WhatsApp-Image-2026-09-01-at-1.33.03-PM.jpeg\",\"contentUrl\":\"https:\/\/economiasa.com.br\/blog\/wp-content\/uploads\/2026\/09\/WhatsApp-Image-2026-09-01-at-1.33.03-PM.jpeg\",\"width\":1600,\"height\":898,\"caption\":\"Foto: Adilson Silva\/Foto Perigo\"},{\"@type\":\"BreadcrumbList\",\"@id\":\"https:\/\/economiasa.com.br\/blog\/da-superacao-ao-reconhecimento-internacional-ancr-consolida-avancos-que-transformaram-a-redeas-brasileira\/#breadcrumb\",\"itemListElement\":[{\"@type\":\"ListItem\",\"position\":1,\"name\":\"In\u00edcio\",\"item\":\"https:\/\/economiasa.com.br\/blog\/\"},{\"@type\":\"ListItem\",\"position\":2,\"name\":\"Da supera\u00e7\u00e3o ao reconhecimento internacional: ANCR consolida avan\u00e7os que transformaram a R\u00e9deas brasileira\"}]},{\"@type\":\"WebSite\",\"@id\":\"https:\/\/economiasa.com.br\/blog\/#website\",\"url\":\"https:\/\/economiasa.com.br\/blog\/\",\"name\":\"Economia S\/A\",\"description\":\"Ler faz bem para os neg\u00f3cios\",\"potentialAction\":[{\"@type\":\"SearchAction\",\"target\":{\"@type\":\"EntryPoint\",\"urlTemplate\":\"https:\/\/economiasa.com.br\/blog\/?s={search_term_string}\"},\"query-input\":{\"@type\":\"PropertyValueSpecification\",\"valueRequired\":true,\"valueName\":\"search_term_string\"}}],\"inLanguage\":\"pt-BR\"},{\"@type\":\"Person\",\"@id\":\"https:\/\/economiasa.com.br\/blog\/#\/schema\/person\/57f2dfaf8250a36d041a4e4cf0498faf\",\"name\":\"Reda\u00e7\u00e3o\",\"image\":{\"@type\":\"ImageObject\",\"inLanguage\":\"pt-BR\",\"@id\":\"https:\/\/secure.gravatar.com\/avatar\/b9a74cf83ab7b387115b660a012a810ba4283a49e2dc1845eacfc09fd7fadd4b?s=96&d=mm&r=g8b4e5e7107f0781ab9bc60df20107da5\",\"url\":\"https:\/\/secure.gravatar.com\/avatar\/b9a74cf83ab7b387115b660a012a810ba4283a49e2dc1845eacfc09fd7fadd4b?s=96&d=mm&r=g\",\"contentUrl\":\"https:\/\/secure.gravatar.com\/avatar\/b9a74cf83ab7b387115b660a012a810ba4283a49e2dc1845eacfc09fd7fadd4b?s=96&d=mm&r=g\",\"caption\":\"Reda\u00e7\u00e3o\"},\"url\":\"https:\/\/economiasa.com.br\/blog\/author\/vhassessoriagmail-com\/\"}]}<\/script>\n<!-- \/ Yoast SEO plugin. -->","yoast_head_json":{"title":"Da supera\u00e7\u00e3o ao reconhecimento internacional: ANCR consolida avan\u00e7os que transformaram a R\u00e9deas brasileira - Economia S\/A","robots":{"index":"index","follow":"follow","max-snippet":"max-snippet:-1","max-image-preview":"max-image-preview:large","max-video-preview":"max-video-preview:-1"},"canonical":"https:\/\/economiasa.com.br\/blog\/da-superacao-ao-reconhecimento-internacional-ancr-consolida-avancos-que-transformaram-a-redeas-brasileira\/","og_locale":"pt_BR","og_type":"article","og_title":"Da supera\u00e7\u00e3o ao reconhecimento internacional: ANCR consolida avan\u00e7os que transformaram a R\u00e9deas brasileira - Economia S\/A","og_description":"Superar os impactos de uma pandemia, enfrentar a destrui\u00e7\u00e3o de estruturas fundamentais para as competi\u00e7\u00f5es e, ao mesmo tempo, construir condi\u00e7\u00f5es para...","og_url":"https:\/\/economiasa.com.br\/blog\/da-superacao-ao-reconhecimento-internacional-ancr-consolida-avancos-que-transformaram-a-redeas-brasileira\/","og_site_name":"Economia S\/A","article_published_time":"2026-09-01T17:04:58+00:00","article_modified_time":"2026-09-01T17:04:59+00:00","og_image":[{"width":1600,"height":898,"url":"https:\/\/economiasa.com.br\/blog\/wp-content\/uploads\/2026\/09\/WhatsApp-Image-2026-09-01-at-1.33.03-PM.jpeg","type":"image\/jpeg"}],"author":"Reda\u00e7\u00e3o","twitter_card":"summary_large_image","twitter_misc":{"Escrito por":"Reda\u00e7\u00e3o","Est. tempo de leitura":"14 minutos"},"schema":{"@context":"https:\/\/schema.org","@graph":[{"@type":"Article","@id":"https:\/\/economiasa.com.br\/blog\/da-superacao-ao-reconhecimento-internacional-ancr-consolida-avancos-que-transformaram-a-redeas-brasileira\/#article","isPartOf":{"@id":"https:\/\/economiasa.com.br\/blog\/da-superacao-ao-reconhecimento-internacional-ancr-consolida-avancos-que-transformaram-a-redeas-brasileira\/"},"author":{"name":"Reda\u00e7\u00e3o","@id":"https:\/\/economiasa.com.br\/blog\/#\/schema\/person\/57f2dfaf8250a36d041a4e4cf0498faf"},"headline":"Da supera\u00e7\u00e3o ao reconhecimento internacional: ANCR consolida avan\u00e7os que transformaram a R\u00e9deas brasileira","datePublished":"2026-09-01T17:04:58+00:00","dateModified":"2026-09-01T17:04:59+00:00","mainEntityOfPage":{"@id":"https:\/\/economiasa.com.br\/blog\/da-superacao-ao-reconhecimento-internacional-ancr-consolida-avancos-que-transformaram-a-redeas-brasileira\/"},"wordCount":2604,"image":{"@id":"https:\/\/economiasa.com.br\/blog\/da-superacao-ao-reconhecimento-internacional-ancr-consolida-avancos-que-transformaram-a-redeas-brasileira\/#primaryimage"},"thumbnailUrl":"https:\/\/economiasa.com.br\/blog\/wp-content\/uploads\/2026\/09\/WhatsApp-Image-2026-09-01-at-1.33.03-PM.jpeg","articleSection":["Business","Neg\u00f3cios"],"inLanguage":"pt-BR"},{"@type":"WebPage","@id":"https:\/\/economiasa.com.br\/blog\/da-superacao-ao-reconhecimento-internacional-ancr-consolida-avancos-que-transformaram-a-redeas-brasileira\/","url":"https:\/\/economiasa.com.br\/blog\/da-superacao-ao-reconhecimento-internacional-ancr-consolida-avancos-que-transformaram-a-redeas-brasileira\/","name":"Da supera\u00e7\u00e3o ao reconhecimento internacional: ANCR consolida avan\u00e7os que transformaram a R\u00e9deas brasileira - Economia S\/A","isPartOf":{"@id":"https:\/\/economiasa.com.br\/blog\/#website"},"primaryImageOfPage":{"@id":"https:\/\/economiasa.com.br\/blog\/da-superacao-ao-reconhecimento-internacional-ancr-consolida-avancos-que-transformaram-a-redeas-brasileira\/#primaryimage"},"image":{"@id":"https:\/\/economiasa.com.br\/blog\/da-superacao-ao-reconhecimento-internacional-ancr-consolida-avancos-que-transformaram-a-redeas-brasileira\/#primaryimage"},"thumbnailUrl":"https:\/\/economiasa.com.br\/blog\/wp-content\/uploads\/2026\/09\/WhatsApp-Image-2026-09-01-at-1.33.03-PM.jpeg","datePublished":"2026-09-01T17:04:58+00:00","dateModified":"2026-09-01T17:04:59+00:00","author":{"@id":"https:\/\/economiasa.com.br\/blog\/#\/schema\/person\/57f2dfaf8250a36d041a4e4cf0498faf"},"breadcrumb":{"@id":"https:\/\/economiasa.com.br\/blog\/da-superacao-ao-reconhecimento-internacional-ancr-consolida-avancos-que-transformaram-a-redeas-brasileira\/#breadcrumb"},"inLanguage":"pt-BR","potentialAction":[{"@type":"ReadAction","target":["https:\/\/economiasa.com.br\/blog\/da-superacao-ao-reconhecimento-internacional-ancr-consolida-avancos-que-transformaram-a-redeas-brasileira\/"]}]},{"@type":"ImageObject","inLanguage":"pt-BR","@id":"https:\/\/economiasa.com.br\/blog\/da-superacao-ao-reconhecimento-internacional-ancr-consolida-avancos-que-transformaram-a-redeas-brasileira\/#primaryimage","url":"https:\/\/economiasa.com.br\/blog\/wp-content\/uploads\/2026\/09\/WhatsApp-Image-2026-09-01-at-1.33.03-PM.jpeg","contentUrl":"https:\/\/economiasa.com.br\/blog\/wp-content\/uploads\/2026\/09\/WhatsApp-Image-2026-09-01-at-1.33.03-PM.jpeg","width":1600,"height":898,"caption":"Foto: Adilson Silva\/Foto Perigo"},{"@type":"BreadcrumbList","@id":"https:\/\/economiasa.com.br\/blog\/da-superacao-ao-reconhecimento-internacional-ancr-consolida-avancos-que-transformaram-a-redeas-brasileira\/#breadcrumb","itemListElement":[{"@type":"ListItem","position":1,"name":"In\u00edcio","item":"https:\/\/economiasa.com.br\/blog\/"},{"@type":"ListItem","position":2,"name":"Da supera\u00e7\u00e3o ao reconhecimento internacional: ANCR consolida avan\u00e7os que transformaram a R\u00e9deas brasileira"}]},{"@type":"WebSite","@id":"https:\/\/economiasa.com.br\/blog\/#website","url":"https:\/\/economiasa.com.br\/blog\/","name":"Economia S\/A","description":"Ler faz bem para os neg\u00f3cios","potentialAction":[{"@type":"SearchAction","target":{"@type":"EntryPoint","urlTemplate":"https:\/\/economiasa.com.br\/blog\/?s={search_term_string}"},"query-input":{"@type":"PropertyValueSpecification","valueRequired":true,"valueName":"search_term_string"}}],"inLanguage":"pt-BR"},{"@type":"Person","@id":"https:\/\/economiasa.com.br\/blog\/#\/schema\/person\/57f2dfaf8250a36d041a4e4cf0498faf","name":"Reda\u00e7\u00e3o","image":{"@type":"ImageObject","inLanguage":"pt-BR","@id":"https:\/\/secure.gravatar.com\/avatar\/b9a74cf83ab7b387115b660a012a810ba4283a49e2dc1845eacfc09fd7fadd4b?s=96&d=mm&r=g8b4e5e7107f0781ab9bc60df20107da5","url":"https:\/\/secure.gravatar.com\/avatar\/b9a74cf83ab7b387115b660a012a810ba4283a49e2dc1845eacfc09fd7fadd4b?s=96&d=mm&r=g","contentUrl":"https:\/\/secure.gravatar.com\/avatar\/b9a74cf83ab7b387115b660a012a810ba4283a49e2dc1845eacfc09fd7fadd4b?s=96&d=mm&r=g","caption":"Reda\u00e7\u00e3o"},"url":"https:\/\/economiasa.com.br\/blog\/author\/vhassessoriagmail-com\/"}]}},"authors":[{"term_id":13237,"user_id":13,"is_guest":0,"slug":"vhassessoriagmail-com","display_name":"Reda\u00e7\u00e3o","avatar_url":"https:\/\/secure.gravatar.com\/avatar\/b9a74cf83ab7b387115b660a012a810ba4283a49e2dc1845eacfc09fd7fadd4b?s=96&d=mm&r=g","author_category":"","first_name":"Vanessa","last_name":"Reda\u00e7\u00e3o","user_url":"","job_title":"","description":""}],"amp_enabled":true,"_links":{"self":[{"href":"https:\/\/economiasa.com.br\/blog\/wp-json\/wp\/v2\/posts\/84877","targetHints":{"allow":["GET"]}}],"collection":[{"href":"https:\/\/economiasa.com.br\/blog\/wp-json\/wp\/v2\/posts"}],"about":[{"href":"https:\/\/economiasa.com.br\/blog\/wp-json\/wp\/v2\/types\/post"}],"author":[{"embeddable":true,"href":"https:\/\/economiasa.com.br\/blog\/wp-json\/wp\/v2\/users\/13"}],"replies":[{"embeddable":true,"href":"https:\/\/economiasa.com.br\/blog\/wp-json\/wp\/v2\/comments?post=84877"}],"version-history":[{"count":0,"href":"https:\/\/economiasa.com.br\/blog\/wp-json\/wp\/v2\/posts\/84877\/revisions"}],"wp:featuredmedia":[{"embeddable":true,"href":"https:\/\/economiasa.com.br\/blog\/wp-json\/wp\/v2\/media\/84879"}],"wp:attachment":[{"href":"https:\/\/economiasa.com.br\/blog\/wp-json\/wp\/v2\/media?parent=84877"}],"wp:term":[{"taxonomy":"category","embeddable":true,"href":"https:\/\/economiasa.com.br\/blog\/wp-json\/wp\/v2\/categories?post=84877"},{"taxonomy":"post_tag","embeddable":true,"href":"https:\/\/economiasa.com.br\/blog\/wp-json\/wp\/v2\/tags?post=84877"},{"taxonomy":"author","embeddable":true,"href":"https:\/\/economiasa.com.br\/blog\/wp-json\/wp\/v2\/ppma_author?post=84877"}],"curies":[{"name":"wp","href":"https:\/\/api.w.org\/{rel}","templated":true}]}}