{"id":84878,"date":"2026-09-01T14:16:29","date_gmt":"2026-09-01T17:16:29","guid":{"rendered":"https:\/\/economiasa.com.br\/blog\/?p=84878"},"modified":"2026-09-01T14:16:30","modified_gmt":"2026-09-01T17:16:30","slug":"red-balloon-inicia-expansao-nacional-de-seu-novo-modelo-de-negocios","status":"publish","type":"post","link":"https:\/\/economiasa.com.br\/blog\/red-balloon-inicia-expansao-nacional-de-seu-novo-modelo-de-negocios\/","title":{"rendered":"Red Balloon inicia expans\u00e3o nacional de seu novo modelo de neg\u00f3cios"},"content":{"rendered":"\n<p class=\"wp-block-paragraph\"><em>A marca soma ao seu portf\u00f3lio o ensino regular bil\u00edngue, mantendo o ingl\u00eas como eixo central de todo o ecossistema de ensino<\/em><em><br><\/em><\/p>\n\n\n\n<p class=\"wp-block-paragraph\">A Red Balloon, rede de escolas de ingl\u00eas para crian\u00e7as e adolescentes, tornou-se a primeira do segmento a lan\u00e7ar uma modalidade de neg\u00f3cio que integra, em uma mesma estrutura, escola de idiomas e educa\u00e7\u00e3o infantil bil\u00edngue para crian\u00e7as a partir de 2 anos. O English Learning Center foi lan\u00e7ado em 2024 na unidade Jardins, em S\u00e3o Paulo e entrou em opera\u00e7\u00e3o no ano seguinte, ap\u00f3s ser desenvolvido a partir da an\u00e1lise das transforma\u00e7\u00f5es no mercado e das novas demandas das fam\u00edlias. Em 2026, o modelo inicia sua expans\u00e3o, com quatro unidades j\u00e1 confirmadas. A expectativa \u00e9 alcan\u00e7ar as mais de 70 unidades da rede nos pr\u00f3ximos anos.<\/p>\n\n\n\n<p class=\"wp-block-paragraph\">A diretora-executiva da Red Balloon Daniela Villela revela que a estrat\u00e9gia de atualiza\u00e7\u00e3o do modelo de neg\u00f3cios considerou que 70% da base de alunos da rede estudavam no ensino regular (tradicional e bil\u00edngue) pela manh\u00e3 e faziam o ingl\u00eas como atividade extracurricular no per\u00edodo da tarde. Segundo ela, avan\u00e7ar para o segmento de ensino regular ocorreu como uma evolu\u00e7\u00e3o natural, visto que sua metodologia foi concebida para ir al\u00e9m do ensino de ingl\u00eas. \u201cNesse processo, ponderamos que as duas abordagens de educa\u00e7\u00e3o apresentam caracter\u00edsticas e necessidades espec\u00edficas de ensino, desenvolvimento e acolhimento. Depois de dois anos de prepara\u00e7\u00e3o, apresentamos um modelo de neg\u00f3cio sustent\u00e1vel, que amplia as possibilidades de uso da infraestrutura existente nas escolas, atendendo aos anseios de estudantes, respons\u00e1veis, professores e investidores\u201d, elucida a executiva.<\/p>\n\n\n\n<p class=\"wp-block-paragraph\">O movimento da empresa se mostrou corroborado pelo comportamento de todo o mercado de educa\u00e7\u00e3o. No segmento privado, as matr\u00edculas em escolas bil\u00edngues j\u00e1 alcan\u00e7am 15% do corpo discente. No recorte de franquias de educa\u00e7\u00e3o, por sua vez, observou-se o crescimento de 5,7%, no \u00faltimo ano, segundo a <a href=\"https:\/\/abf.com.br\/mercado-de-franquias-supera-os-r-300-bilhoes-em-2025-e-impulsiona-o-crescimento-da-economia-brasileira\/\" target=\"_blank\" rel=\"noreferrer noopener\">Associa\u00e7\u00e3o Brasileira de Franchising<\/a>.\u00a0<\/p>\n\n\n\n<p class=\"wp-block-paragraph\">No \u00e2mbito comercial, a executiva comenta que a viabiliza\u00e7\u00e3o de ambas solu\u00e7\u00f5es ocorre por meio de abordagens distintas. De acordo com ela, o processo decis\u00f3rio das fam\u00edlias por cada op\u00e7\u00e3o de ensino ou ambos (de modo complementar) comumente consideram seus objetivos, cotidiano da crian\u00e7a e prioridades pedag\u00f3gicas de aprendizagem, desenvolvimento cognitivo e contato com a l\u00edngua portuguesa.<\/p>\n\n\n\n<p class=\"wp-block-paragraph\">Escolas bil\u00edngues inserem o ingl\u00eas na rotina di\u00e1ria da crian\u00e7a. Na educa\u00e7\u00e3o infantil, a carga hor\u00e1ria no segundo idioma deve corresponder a 50% do tempo letivo. A exposi\u00e7\u00e3o frequente favorece a compreens\u00e3o oral, a fala espont\u00e2nea e at\u00e9 a leitura emergente. J\u00e1 os cursos de idiomas tradicionais oferecem uma experi\u00eancia diferente: na Red Balloon, por exemplo, a carga hor\u00e1ria do English Program varia de 4 a 20 horas semanais, com dedica\u00e7\u00e3o de 100% do tempo ao idioma.\u00a0<\/p>\n\n\n\n<p class=\"wp-block-paragraph\">\u201cOs cursos extracurriculares de ingl\u00eas t\u00eam o potencial de complementar a experi\u00eancia de contato e imers\u00e3o com a l\u00edngua inglesa realizados no ensino bil\u00edngue. Quando envoltos em est\u00edmulos e comunica\u00e7\u00e3o integralmente no idioma estudado, as refer\u00eancias sonoras, visuais e culturais ganham ainda mais solidez e completude\u201d, aponta Villela.<\/p>\n\n\n\n<p class=\"wp-block-paragraph\">Atualmente, o modelo English Learning Center est\u00e1 dispon\u00edvel na unidade Jardins, de S\u00e3o Paulo. Para 2027, a Red Balloon disponibilizar\u00e1 a modalidade de ensino bil\u00edngue em mais tr\u00eas unidades (Jundia\u00ed, Atibaia e Niter\u00f3i). Nos pr\u00f3ximos tr\u00eas anos, as novas unidades ser\u00e3o: Aclima\u00e7\u00e3o, Butant\u00e3, Cantareira, Alto da Lapa, duas unidades no Recife e duas em Campinas, Uberl\u00e2ndia, Ribeir\u00e3o Preto, Salvador, Granja Viana, Sorocaba, Vinhedo, Franca, Itatiba e Itu.<\/p>\n\n\n\n<p class=\"wp-block-paragraph\">Daniela Villela acrescenta que todos os novos franqueados que se juntarem \u00e0 marca Red Balloon ter\u00e3o acesso ao modelo 2 em 1. O investimento inicial para a implanta\u00e7\u00e3o de uma unidade pode ocorrer a partir de R$800 mil, com payback ocorrendo entre 24 e 36 meses. A margem operacional m\u00e9dia das unidades (percentual de lucro sobre a receita bruta) \u00e9 de 30% \u2013 valor atingido no terceiro ano de atividades.<\/p>\n","protected":false},"excerpt":{"rendered":"<p>A marca soma ao seu portf\u00f3lio o ensino regular bil\u00edngue, mantendo o ingl\u00eas como eixo central de todo o ecossistema de ensino&#8230;<\/p>\n","protected":false},"author":47,"featured_media":84880,"comment_status":"closed","ping_status":"open","sticky":false,"template":"","format":"standard","meta":{"footnotes":""},"categories":[101],"tags":[],"ppma_author":[13248],"class_list":["post-84878","post","type-post","status-publish","format-standard","has-post-thumbnail","category-negocios"],"yoast_head":"<!-- This site is optimized with the Yoast SEO plugin v27.2 - https:\/\/yoast.com\/product\/yoast-seo-wordpress\/ -->\n<title>Red Balloon inicia expans\u00e3o nacional de seu novo modelo de neg\u00f3cios - Economia S\/A<\/title>\n<meta name=\"robots\" content=\"index, follow, max-snippet:-1, max-image-preview:large, max-video-preview:-1\" \/>\n<link rel=\"canonical\" href=\"https:\/\/economiasa.com.br\/blog\/red-balloon-inicia-expansao-nacional-de-seu-novo-modelo-de-negocios\/\" \/>\n<meta property=\"og:locale\" content=\"pt_BR\" \/>\n<meta property=\"og:type\" content=\"article\" \/>\n<meta property=\"og:title\" content=\"Red Balloon inicia expans\u00e3o nacional de seu novo modelo de neg\u00f3cios - Economia S\/A\" \/>\n<meta property=\"og:description\" content=\"A marca soma ao seu portf\u00f3lio o ensino regular bil\u00edngue, mantendo o ingl\u00eas como eixo central de todo o ecossistema de ensino...\" \/>\n<meta property=\"og:url\" content=\"https:\/\/economiasa.com.br\/blog\/red-balloon-inicia-expansao-nacional-de-seu-novo-modelo-de-negocios\/\" \/>\n<meta property=\"og:site_name\" content=\"Economia S\/A\" \/>\n<meta property=\"article:published_time\" content=\"2026-09-01T17:16:29+00:00\" \/>\n<meta property=\"article:modified_time\" content=\"2026-09-01T17:16:30+00:00\" \/>\n<meta property=\"og:image\" content=\"https:\/\/economiasa.com.br\/blog\/wp-content\/uploads\/2026\/09\/Capturar.png\" \/>\n\t<meta property=\"og:image:width\" content=\"720\" \/>\n\t<meta property=\"og:image:height\" content=\"515\" \/>\n\t<meta property=\"og:image:type\" content=\"image\/png\" \/>\n<meta name=\"author\" content=\"Reda\u00e7\u00e3o\" \/>\n<meta name=\"twitter:card\" content=\"summary_large_image\" \/>\n<meta name=\"twitter:label1\" content=\"Escrito por\" \/>\n\t<meta name=\"twitter:data1\" content=\"Reda\u00e7\u00e3o\" \/>\n\t<meta name=\"twitter:label2\" content=\"Est. tempo de leitura\" \/>\n\t<meta name=\"twitter:data2\" content=\"4 minutos\" \/>\n<script type=\"application\/ld+json\" class=\"yoast-schema-graph\">{\"@context\":\"https:\/\/schema.org\",\"@graph\":[{\"@type\":\"Article\",\"@id\":\"https:\/\/economiasa.com.br\/blog\/red-balloon-inicia-expansao-nacional-de-seu-novo-modelo-de-negocios\/#article\",\"isPartOf\":{\"@id\":\"https:\/\/economiasa.com.br\/blog\/red-balloon-inicia-expansao-nacional-de-seu-novo-modelo-de-negocios\/\"},\"author\":{\"name\":\"Reda\u00e7\u00e3o\",\"@id\":\"https:\/\/economiasa.com.br\/blog\/#\/schema\/person\/14b8ac2dc25bd63b52bc54e845fa3923\"},\"headline\":\"Red Balloon inicia expans\u00e3o nacional de seu novo modelo de neg\u00f3cios\",\"datePublished\":\"2026-09-01T17:16:29+00:00\",\"dateModified\":\"2026-09-01T17:16:30+00:00\",\"mainEntityOfPage\":{\"@id\":\"https:\/\/economiasa.com.br\/blog\/red-balloon-inicia-expansao-nacional-de-seu-novo-modelo-de-negocios\/\"},\"wordCount\":708,\"image\":{\"@id\":\"https:\/\/economiasa.com.br\/blog\/red-balloon-inicia-expansao-nacional-de-seu-novo-modelo-de-negocios\/#primaryimage\"},\"thumbnailUrl\":\"https:\/\/economiasa.com.br\/blog\/wp-content\/uploads\/2026\/09\/Capturar.png\",\"articleSection\":[\"Neg\u00f3cios\"],\"inLanguage\":\"pt-BR\"},{\"@type\":\"WebPage\",\"@id\":\"https:\/\/economiasa.com.br\/blog\/red-balloon-inicia-expansao-nacional-de-seu-novo-modelo-de-negocios\/\",\"url\":\"https:\/\/economiasa.com.br\/blog\/red-balloon-inicia-expansao-nacional-de-seu-novo-modelo-de-negocios\/\",\"name\":\"Red Balloon inicia expans\u00e3o nacional de seu novo modelo de neg\u00f3cios - Economia S\/A\",\"isPartOf\":{\"@id\":\"https:\/\/economiasa.com.br\/blog\/#website\"},\"primaryImageOfPage\":{\"@id\":\"https:\/\/economiasa.com.br\/blog\/red-balloon-inicia-expansao-nacional-de-seu-novo-modelo-de-negocios\/#primaryimage\"},\"image\":{\"@id\":\"https:\/\/economiasa.com.br\/blog\/red-balloon-inicia-expansao-nacional-de-seu-novo-modelo-de-negocios\/#primaryimage\"},\"thumbnailUrl\":\"https:\/\/economiasa.com.br\/blog\/wp-content\/uploads\/2026\/09\/Capturar.png\",\"datePublished\":\"2026-09-01T17:16:29+00:00\",\"dateModified\":\"2026-09-01T17:16:30+00:00\",\"author\":{\"@id\":\"https:\/\/economiasa.com.br\/blog\/#\/schema\/person\/14b8ac2dc25bd63b52bc54e845fa3923\"},\"breadcrumb\":{\"@id\":\"https:\/\/economiasa.com.br\/blog\/red-balloon-inicia-expansao-nacional-de-seu-novo-modelo-de-negocios\/#breadcrumb\"},\"inLanguage\":\"pt-BR\",\"potentialAction\":[{\"@type\":\"ReadAction\",\"target\":[\"https:\/\/economiasa.com.br\/blog\/red-balloon-inicia-expansao-nacional-de-seu-novo-modelo-de-negocios\/\"]}]},{\"@type\":\"ImageObject\",\"inLanguage\":\"pt-BR\",\"@id\":\"https:\/\/economiasa.com.br\/blog\/red-balloon-inicia-expansao-nacional-de-seu-novo-modelo-de-negocios\/#primaryimage\",\"url\":\"https:\/\/economiasa.com.br\/blog\/wp-content\/uploads\/2026\/09\/Capturar.png\",\"contentUrl\":\"https:\/\/economiasa.com.br\/blog\/wp-content\/uploads\/2026\/09\/Capturar.png\",\"width\":720,\"height\":515,\"caption\":\"Daniela Villela - Cr\u00e9ditos da foto: Divulga\u00e7\u00e3o\"},{\"@type\":\"BreadcrumbList\",\"@id\":\"https:\/\/economiasa.com.br\/blog\/red-balloon-inicia-expansao-nacional-de-seu-novo-modelo-de-negocios\/#breadcrumb\",\"itemListElement\":[{\"@type\":\"ListItem\",\"position\":1,\"name\":\"In\u00edcio\",\"item\":\"https:\/\/economiasa.com.br\/blog\/\"},{\"@type\":\"ListItem\",\"position\":2,\"name\":\"Red Balloon inicia expans\u00e3o nacional de seu novo modelo de neg\u00f3cios\"}]},{\"@type\":\"WebSite\",\"@id\":\"https:\/\/economiasa.com.br\/blog\/#website\",\"url\":\"https:\/\/economiasa.com.br\/blog\/\",\"name\":\"Economia S\/A\",\"description\":\"Ler faz bem para os neg\u00f3cios\",\"potentialAction\":[{\"@type\":\"SearchAction\",\"target\":{\"@type\":\"EntryPoint\",\"urlTemplate\":\"https:\/\/economiasa.com.br\/blog\/?s={search_term_string}\"},\"query-input\":{\"@type\":\"PropertyValueSpecification\",\"valueRequired\":true,\"valueName\":\"search_term_string\"}}],\"inLanguage\":\"pt-BR\"},{\"@type\":\"Person\",\"@id\":\"https:\/\/economiasa.com.br\/blog\/#\/schema\/person\/14b8ac2dc25bd63b52bc54e845fa3923\",\"name\":\"Reda\u00e7\u00e3o\",\"image\":{\"@type\":\"ImageObject\",\"inLanguage\":\"pt-BR\",\"@id\":\"https:\/\/secure.gravatar.com\/avatar\/c8c795261f7f8547b22616a549577db9e450bd5622da3f6eb62b0e2c3e364c4e?s=96&d=mm&r=g0fb5212bc57e2287787936667fbbe0ff\",\"url\":\"https:\/\/secure.gravatar.com\/avatar\/c8c795261f7f8547b22616a549577db9e450bd5622da3f6eb62b0e2c3e364c4e?s=96&d=mm&r=g\",\"contentUrl\":\"https:\/\/secure.gravatar.com\/avatar\/c8c795261f7f8547b22616a549577db9e450bd5622da3f6eb62b0e2c3e364c4e?s=96&d=mm&r=g\",\"caption\":\"Reda\u00e7\u00e3o\"},\"sameAs\":[\"http:\/\/www.economiasa.com.br\"],\"url\":\"https:\/\/economiasa.com.br\/blog\/author\/redacao\/\"}]}<\/script>\n<!-- \/ Yoast SEO plugin. -->","yoast_head_json":{"title":"Red Balloon inicia expans\u00e3o nacional de seu novo modelo de neg\u00f3cios - Economia S\/A","robots":{"index":"index","follow":"follow","max-snippet":"max-snippet:-1","max-image-preview":"max-image-preview:large","max-video-preview":"max-video-preview:-1"},"canonical":"https:\/\/economiasa.com.br\/blog\/red-balloon-inicia-expansao-nacional-de-seu-novo-modelo-de-negocios\/","og_locale":"pt_BR","og_type":"article","og_title":"Red Balloon inicia expans\u00e3o nacional de seu novo modelo de neg\u00f3cios - Economia S\/A","og_description":"A marca soma ao seu portf\u00f3lio o ensino regular bil\u00edngue, mantendo o ingl\u00eas como eixo central de todo o ecossistema de ensino...","og_url":"https:\/\/economiasa.com.br\/blog\/red-balloon-inicia-expansao-nacional-de-seu-novo-modelo-de-negocios\/","og_site_name":"Economia S\/A","article_published_time":"2026-09-01T17:16:29+00:00","article_modified_time":"2026-09-01T17:16:30+00:00","og_image":[{"width":720,"height":515,"url":"https:\/\/economiasa.com.br\/blog\/wp-content\/uploads\/2026\/09\/Capturar.png","type":"image\/png"}],"author":"Reda\u00e7\u00e3o","twitter_card":"summary_large_image","twitter_misc":{"Escrito por":"Reda\u00e7\u00e3o","Est. tempo de leitura":"4 minutos"},"schema":{"@context":"https:\/\/schema.org","@graph":[{"@type":"Article","@id":"https:\/\/economiasa.com.br\/blog\/red-balloon-inicia-expansao-nacional-de-seu-novo-modelo-de-negocios\/#article","isPartOf":{"@id":"https:\/\/economiasa.com.br\/blog\/red-balloon-inicia-expansao-nacional-de-seu-novo-modelo-de-negocios\/"},"author":{"name":"Reda\u00e7\u00e3o","@id":"https:\/\/economiasa.com.br\/blog\/#\/schema\/person\/14b8ac2dc25bd63b52bc54e845fa3923"},"headline":"Red Balloon inicia expans\u00e3o nacional de seu novo modelo de neg\u00f3cios","datePublished":"2026-09-01T17:16:29+00:00","dateModified":"2026-09-01T17:16:30+00:00","mainEntityOfPage":{"@id":"https:\/\/economiasa.com.br\/blog\/red-balloon-inicia-expansao-nacional-de-seu-novo-modelo-de-negocios\/"},"wordCount":708,"image":{"@id":"https:\/\/economiasa.com.br\/blog\/red-balloon-inicia-expansao-nacional-de-seu-novo-modelo-de-negocios\/#primaryimage"},"thumbnailUrl":"https:\/\/economiasa.com.br\/blog\/wp-content\/uploads\/2026\/09\/Capturar.png","articleSection":["Neg\u00f3cios"],"inLanguage":"pt-BR"},{"@type":"WebPage","@id":"https:\/\/economiasa.com.br\/blog\/red-balloon-inicia-expansao-nacional-de-seu-novo-modelo-de-negocios\/","url":"https:\/\/economiasa.com.br\/blog\/red-balloon-inicia-expansao-nacional-de-seu-novo-modelo-de-negocios\/","name":"Red Balloon inicia expans\u00e3o nacional de seu novo modelo de neg\u00f3cios - Economia S\/A","isPartOf":{"@id":"https:\/\/economiasa.com.br\/blog\/#website"},"primaryImageOfPage":{"@id":"https:\/\/economiasa.com.br\/blog\/red-balloon-inicia-expansao-nacional-de-seu-novo-modelo-de-negocios\/#primaryimage"},"image":{"@id":"https:\/\/economiasa.com.br\/blog\/red-balloon-inicia-expansao-nacional-de-seu-novo-modelo-de-negocios\/#primaryimage"},"thumbnailUrl":"https:\/\/economiasa.com.br\/blog\/wp-content\/uploads\/2026\/09\/Capturar.png","datePublished":"2026-09-01T17:16:29+00:00","dateModified":"2026-09-01T17:16:30+00:00","author":{"@id":"https:\/\/economiasa.com.br\/blog\/#\/schema\/person\/14b8ac2dc25bd63b52bc54e845fa3923"},"breadcrumb":{"@id":"https:\/\/economiasa.com.br\/blog\/red-balloon-inicia-expansao-nacional-de-seu-novo-modelo-de-negocios\/#breadcrumb"},"inLanguage":"pt-BR","potentialAction":[{"@type":"ReadAction","target":["https:\/\/economiasa.com.br\/blog\/red-balloon-inicia-expansao-nacional-de-seu-novo-modelo-de-negocios\/"]}]},{"@type":"ImageObject","inLanguage":"pt-BR","@id":"https:\/\/economiasa.com.br\/blog\/red-balloon-inicia-expansao-nacional-de-seu-novo-modelo-de-negocios\/#primaryimage","url":"https:\/\/economiasa.com.br\/blog\/wp-content\/uploads\/2026\/09\/Capturar.png","contentUrl":"https:\/\/economiasa.com.br\/blog\/wp-content\/uploads\/2026\/09\/Capturar.png","width":720,"height":515,"caption":"Daniela Villela - Cr\u00e9ditos da foto: Divulga\u00e7\u00e3o"},{"@type":"BreadcrumbList","@id":"https:\/\/economiasa.com.br\/blog\/red-balloon-inicia-expansao-nacional-de-seu-novo-modelo-de-negocios\/#breadcrumb","itemListElement":[{"@type":"ListItem","position":1,"name":"In\u00edcio","item":"https:\/\/economiasa.com.br\/blog\/"},{"@type":"ListItem","position":2,"name":"Red Balloon inicia expans\u00e3o nacional de seu novo modelo de neg\u00f3cios"}]},{"@type":"WebSite","@id":"https:\/\/economiasa.com.br\/blog\/#website","url":"https:\/\/economiasa.com.br\/blog\/","name":"Economia S\/A","description":"Ler faz bem para os neg\u00f3cios","potentialAction":[{"@type":"SearchAction","target":{"@type":"EntryPoint","urlTemplate":"https:\/\/economiasa.com.br\/blog\/?s={search_term_string}"},"query-input":{"@type":"PropertyValueSpecification","valueRequired":true,"valueName":"search_term_string"}}],"inLanguage":"pt-BR"},{"@type":"Person","@id":"https:\/\/economiasa.com.br\/blog\/#\/schema\/person\/14b8ac2dc25bd63b52bc54e845fa3923","name":"Reda\u00e7\u00e3o","image":{"@type":"ImageObject","inLanguage":"pt-BR","@id":"https:\/\/secure.gravatar.com\/avatar\/c8c795261f7f8547b22616a549577db9e450bd5622da3f6eb62b0e2c3e364c4e?s=96&d=mm&r=g0fb5212bc57e2287787936667fbbe0ff","url":"https:\/\/secure.gravatar.com\/avatar\/c8c795261f7f8547b22616a549577db9e450bd5622da3f6eb62b0e2c3e364c4e?s=96&d=mm&r=g","contentUrl":"https:\/\/secure.gravatar.com\/avatar\/c8c795261f7f8547b22616a549577db9e450bd5622da3f6eb62b0e2c3e364c4e?s=96&d=mm&r=g","caption":"Reda\u00e7\u00e3o"},"sameAs":["http:\/\/www.economiasa.com.br"],"url":"https:\/\/economiasa.com.br\/blog\/author\/redacao\/"}]}},"authors":[{"term_id":13248,"user_id":47,"is_guest":0,"slug":"redacao","display_name":"Reda\u00e7\u00e3o","avatar_url":"https:\/\/secure.gravatar.com\/avatar\/c8c795261f7f8547b22616a549577db9e450bd5622da3f6eb62b0e2c3e364c4e?s=96&d=mm&r=g","author_category":"","first_name":"Reda\u00e7\u00e3o","last_name":"","user_url":"http:\/\/www.economiasa.com.br","job_title":"","description":""}],"amp_enabled":true,"_links":{"self":[{"href":"https:\/\/economiasa.com.br\/blog\/wp-json\/wp\/v2\/posts\/84878","targetHints":{"allow":["GET"]}}],"collection":[{"href":"https:\/\/economiasa.com.br\/blog\/wp-json\/wp\/v2\/posts"}],"about":[{"href":"https:\/\/economiasa.com.br\/blog\/wp-json\/wp\/v2\/types\/post"}],"author":[{"embeddable":true,"href":"https:\/\/economiasa.com.br\/blog\/wp-json\/wp\/v2\/users\/47"}],"replies":[{"embeddable":true,"href":"https:\/\/economiasa.com.br\/blog\/wp-json\/wp\/v2\/comments?post=84878"}],"version-history":[{"count":0,"href":"https:\/\/economiasa.com.br\/blog\/wp-json\/wp\/v2\/posts\/84878\/revisions"}],"wp:featuredmedia":[{"embeddable":true,"href":"https:\/\/economiasa.com.br\/blog\/wp-json\/wp\/v2\/media\/84880"}],"wp:attachment":[{"href":"https:\/\/economiasa.com.br\/blog\/wp-json\/wp\/v2\/media?parent=84878"}],"wp:term":[{"taxonomy":"category","embeddable":true,"href":"https:\/\/economiasa.com.br\/blog\/wp-json\/wp\/v2\/categories?post=84878"},{"taxonomy":"post_tag","embeddable":true,"href":"https:\/\/economiasa.com.br\/blog\/wp-json\/wp\/v2\/tags?post=84878"},{"taxonomy":"author","embeddable":true,"href":"https:\/\/economiasa.com.br\/blog\/wp-json\/wp\/v2\/ppma_author?post=84878"}],"curies":[{"name":"wp","href":"https:\/\/api.w.org\/{rel}","templated":true}]}}