{"id":84881,"date":"2026-09-01T14:18:33","date_gmt":"2026-09-01T17:18:33","guid":{"rendered":"https:\/\/economiasa.com.br\/blog\/?p=84881"},"modified":"2026-09-01T14:18:34","modified_gmt":"2026-09-01T17:18:34","slug":"consorcio-nacional-librelato-leva-primeiro-implemento-0-km-a-ww-fernandes-transportes","status":"publish","type":"post","link":"https:\/\/economiasa.com.br\/blog\/consorcio-nacional-librelato-leva-primeiro-implemento-0-km-a-ww-fernandes-transportes\/","title":{"rendered":"Cons\u00f3rcio Nacional Librelato leva primeiro implemento 0 km \u00e0 WW Fernandes Transportes"},"content":{"rendered":"\n<ul class=\"wp-block-list\">\n<li><strong>Transportador do Paran\u00e1 foi contemplado no mesmo dia em que aderiu ao cons\u00f3rcio<\/strong><br><strong>\u00a0<\/strong><\/li>\n\n\n\n<li><strong>Valor reservado para equipamento usado virou lance para aquisi\u00e7\u00e3o de rodotrem novo\u00a0\u00a0<\/strong><\/li>\n<\/ul>\n\n\n\n<p class=\"wp-block-paragraph\">A Librelato, uma das tr\u00eas maiores fabricantes de implementos rodovi\u00e1rios do Brasil, relata a experi\u00eancia de Wilson Costa Fernandes J\u00fanior, propriet\u00e1rio da WW Fernandes Transportes Ltda., de Campo Mour\u00e3o (PR), sobre como o Cons\u00f3rcio Nacional Librelato pode apoiar o crescimento e a renova\u00e7\u00e3o de pequenas frotas. Wilson tem no Corpo de Bombeiros sua principal atividade profissional e, paralelamente, desenvolveu uma transportadora que atua em opera\u00e7\u00f5es ligadas ao agroneg\u00f3cio. Ao buscar um\u00a0rodotrem\u00a0usado, encontrou no cons\u00f3rcio uma alternativa que resultou na aquisi\u00e7\u00e3o do primeiro implemento zero quil\u00f4metro de sua trajet\u00f3ria como transportador.\u00a0<\/p>\n\n\n\n<p class=\"wp-block-paragraph\">A WW Fernandes opera atualmente com tr\u00eas conjuntos. Mesmo com uma estrutura enxuta, atende clientes em diferentes regi\u00f5es do Brasil, acompanhando de norte a sul os fluxos da produ\u00e7\u00e3o agr\u00edcola. Quando decidiu adquirir um\u00a0rodotrem, Wilson j\u00e1 havia reservado os recursos necess\u00e1rios para comprar um implemento usado.\u00a0<\/p>\n\n\n\n<p class=\"wp-block-paragraph\">Por indica\u00e7\u00e3o de um amigo, procurou a representa\u00e7\u00e3o\u00a0Rodomarka\u00a0e entrou em contato com o consultor de vendas \u00c9der. Naquele mesmo dia, descobriu que o profissional estava em Campo Mour\u00e3o e poderia atend\u00ea-lo. Durante a conversa, recebeu uma proposta diferente daquela que havia planejado: utilizar o valor reservado para o equipamento usado como lance em uma cota do Cons\u00f3rcio Nacional Librelato e buscar a aquisi\u00e7\u00e3o de um implemento novo.\u00a0<\/p>\n\n\n\n<p class=\"wp-block-paragraph\">A oportunidade tinha um componente adicional: a assembleia aconteceria ainda naquele dia. Wilson aderiu \u00e0 cota, pagou a primeira parcela e direcionou o recurso dispon\u00edvel para o lance. An\u00e1lise, documenta\u00e7\u00e3o, assinatura do contrato e compensa\u00e7\u00e3o do pagamento precisaram ser conclu\u00eddas em poucas horas para garantir sua participa\u00e7\u00e3o.\u00a0<\/p>\n\n\n\n<p class=\"wp-block-paragraph\">\u201cEu sa\u00ed de casa pensando em comprar um implemento usado e, no mesmo dia, estava contemplado para adquirir o primeiro implemento novo da minha\u00a0hist\u00f3ria como transportador. Tudo aconteceu muito r\u00e1pido, mas com seguran\u00e7a e clareza durante o processo. Foi uma surpresa positiva e mostrou que o cons\u00f3rcio poderia ser uma alternativa muito mais interessante para o planejamento da empresa\u201d, afirma Wilson Costa Fernandes J\u00fanior.\u00a0<\/p>\n\n\n\n<p class=\"wp-block-paragraph\">A experi\u00eancia da WW Fernandes demonstra, segundo a Librelato, como o cons\u00f3rcio pode acompanhar diferentes momentos do neg\u00f3cio e transformar recursos j\u00e1 destinados \u00e0 aquisi\u00e7\u00e3o de um equipamento em uma estrat\u00e9gia de renova\u00e7\u00e3o da frota.\u00a0<\/p>\n\n\n\n<p class=\"wp-block-paragraph\">\u201cO Cons\u00f3rcio Nacional Librelato foi desenvolvido para acompanhar diferentes momentos do neg\u00f3cio do transportador. A hist\u00f3ria do Wilson mostra como proximidade comercial, conhecimento da opera\u00e7\u00e3o e uma solu\u00e7\u00e3o financeira adequada podem transformar um investimento j\u00e1 planejado em uma aquisi\u00e7\u00e3o capaz de gerar valor no longo prazo. Mais do que viabilizar um novo implemento, queremos oferecer alternativas que permitam ao cliente estruturar seus pr\u00f3ximos passos e construir uma rela\u00e7\u00e3o de longo prazo com a Librelato\u201d, afirma Jo\u00e3o Librelato, Diretor Comercial e Marketing da Librelato.\u00a0<\/p>\n\n\n\n<p class=\"wp-block-paragraph\">A contempla\u00e7\u00e3o ocorreu naquele mesmo dia. Ap\u00f3s essa etapa, a libera\u00e7\u00e3o do cr\u00e9dito foi conclu\u00edda em menos de 24 horas e o faturamento aconteceu na sequ\u00eancia. Entre a assinatura do contrato e a retirada do implemento, o processo levou menos de uma semana.\u00a0<\/p>\n\n\n\n<p class=\"wp-block-paragraph\">Al\u00e9m da agilidade, a escolha pela Librelato foi influenciada pela percep\u00e7\u00e3o que Wilson j\u00e1 havia constru\u00eddo a partir de conversas com outros transportadores. Entre os atributos mencionados estavam a robustez dos implementos, a resist\u00eancia estrutural do chassi, a confiabilidade nas opera\u00e7\u00f5es e o baixo \u00edndice de interven\u00e7\u00f5es mec\u00e2nicas. A tara competitiva tamb\u00e9m entrou na an\u00e1lise, pela possibilidade de transportar mais carga e contribuir para a rentabilidade da opera\u00e7\u00e3o.\u00a0<\/p>\n\n\n\n<p class=\"wp-block-paragraph\">A experi\u00eancia ganhou outro componente com a entrega de uma unidade da S\u00e9rie\u00a0Evolut\u00a02026, desenvolvida pela Librelato a partir das demandas observadas junto aos transportadores e voltada a avan\u00e7os em efici\u00eancia operacional, disponibilidade, seguran\u00e7a e desempenho.\u00a0<\/p>\n\n\n\n<p class=\"wp-block-paragraph\">\u201cEssa compra mudou nosso planejamento. Depois da experi\u00eancia que tivemos, a ideia \u00e9 substituir gradativamente os implementos usados por equipamentos novos da Librelato e voltar a utilizar o cons\u00f3rcio como estrat\u00e9gia para fazer essa renova\u00e7\u00e3o. Para uma transportadora do nosso tamanho, poder organizar os investimentos dessa maneira permite pensar no crescimento com mais planejamento e seguran\u00e7a\u201d, destaca Wilson.\u00a0<\/p>\n\n\n\n<p class=\"wp-block-paragraph\">Para a Librelato, experi\u00eancias como a da WW Fernandes demonstram como o cons\u00f3rcio de f\u00e1brica pode integrar a estrat\u00e9gia comercial da marca ao desenvolvimento dos clientes, criando uma rela\u00e7\u00e3o que ultrapassa a aquisi\u00e7\u00e3o de um \u00fanico implemento e acompanha diferentes etapas de expans\u00e3o e renova\u00e7\u00e3o das frotas.\u00a0<\/p>\n\n\n\n<p class=\"wp-block-paragraph\">\u201cQueremos estar presentes nos diferentes momentos do neg\u00f3cio dos nossos clientes, conectando planejamento, produto e atendimento para apoiar uma renova\u00e7\u00e3o de frota estruturada e rela\u00e7\u00f5es comerciais de longo prazo\u201d, conclui Jo\u00e3o Librelato.\u00a0<\/p>\n","protected":false},"excerpt":{"rendered":"<p>A Librelato, uma das tr\u00eas maiores fabricantes de implementos rodovi\u00e1rios do Brasil, relata a experi\u00eancia de Wilson Costa Fernandes J\u00fanior, propriet\u00e1rio da&#8230;<\/p>\n","protected":false},"author":47,"featured_media":84882,"comment_status":"closed","ping_status":"open","sticky":false,"template":"","format":"standard","meta":{"footnotes":""},"categories":[8806],"tags":[],"ppma_author":[13248],"class_list":["post-84881","post","type-post","status-publish","format-standard","has-post-thumbnail","category-vendas"],"yoast_head":"<!-- This site is optimized with the Yoast SEO plugin v27.2 - https:\/\/yoast.com\/product\/yoast-seo-wordpress\/ -->\n<title>Cons\u00f3rcio Nacional Librelato leva primeiro implemento 0 km \u00e0 WW Fernandes Transportes - Economia S\/A<\/title>\n<meta name=\"robots\" content=\"index, follow, max-snippet:-1, max-image-preview:large, max-video-preview:-1\" \/>\n<link rel=\"canonical\" href=\"https:\/\/economiasa.com.br\/blog\/consorcio-nacional-librelato-leva-primeiro-implemento-0-km-a-ww-fernandes-transportes\/\" \/>\n<meta property=\"og:locale\" content=\"pt_BR\" \/>\n<meta property=\"og:type\" content=\"article\" \/>\n<meta property=\"og:title\" content=\"Cons\u00f3rcio Nacional Librelato leva primeiro implemento 0 km \u00e0 WW Fernandes Transportes - Economia S\/A\" \/>\n<meta property=\"og:description\" content=\"A Librelato, uma das tr\u00eas maiores fabricantes de implementos rodovi\u00e1rios do Brasil, relata a experi\u00eancia de Wilson Costa Fernandes J\u00fanior, propriet\u00e1rio da...\" \/>\n<meta property=\"og:url\" content=\"https:\/\/economiasa.com.br\/blog\/consorcio-nacional-librelato-leva-primeiro-implemento-0-km-a-ww-fernandes-transportes\/\" \/>\n<meta property=\"og:site_name\" content=\"Economia S\/A\" \/>\n<meta property=\"article:published_time\" content=\"2026-09-01T17:18:33+00:00\" \/>\n<meta property=\"article:modified_time\" content=\"2026-09-01T17:18:34+00:00\" \/>\n<meta property=\"og:image\" content=\"https:\/\/economiasa.com.br\/blog\/wp-content\/uploads\/2026\/09\/Capturar-1.png\" \/>\n\t<meta property=\"og:image:width\" content=\"391\" \/>\n\t<meta property=\"og:image:height\" content=\"303\" \/>\n\t<meta property=\"og:image:type\" content=\"image\/png\" \/>\n<meta name=\"author\" content=\"Reda\u00e7\u00e3o\" \/>\n<meta name=\"twitter:card\" content=\"summary_large_image\" \/>\n<meta name=\"twitter:label1\" content=\"Escrito por\" \/>\n\t<meta name=\"twitter:data1\" content=\"Reda\u00e7\u00e3o\" \/>\n\t<meta name=\"twitter:label2\" content=\"Est. tempo de leitura\" \/>\n\t<meta name=\"twitter:data2\" content=\"5 minutos\" \/>\n<script type=\"application\/ld+json\" class=\"yoast-schema-graph\">{\"@context\":\"https:\/\/schema.org\",\"@graph\":[{\"@type\":\"Article\",\"@id\":\"https:\/\/economiasa.com.br\/blog\/consorcio-nacional-librelato-leva-primeiro-implemento-0-km-a-ww-fernandes-transportes\/#article\",\"isPartOf\":{\"@id\":\"https:\/\/economiasa.com.br\/blog\/consorcio-nacional-librelato-leva-primeiro-implemento-0-km-a-ww-fernandes-transportes\/\"},\"author\":{\"name\":\"Reda\u00e7\u00e3o\",\"@id\":\"https:\/\/economiasa.com.br\/blog\/#\/schema\/person\/14b8ac2dc25bd63b52bc54e845fa3923\"},\"headline\":\"Cons\u00f3rcio Nacional Librelato leva primeiro implemento 0 km \u00e0 WW Fernandes Transportes\",\"datePublished\":\"2026-09-01T17:18:33+00:00\",\"dateModified\":\"2026-09-01T17:18:34+00:00\",\"mainEntityOfPage\":{\"@id\":\"https:\/\/economiasa.com.br\/blog\/consorcio-nacional-librelato-leva-primeiro-implemento-0-km-a-ww-fernandes-transportes\/\"},\"wordCount\":866,\"image\":{\"@id\":\"https:\/\/economiasa.com.br\/blog\/consorcio-nacional-librelato-leva-primeiro-implemento-0-km-a-ww-fernandes-transportes\/#primaryimage\"},\"thumbnailUrl\":\"https:\/\/economiasa.com.br\/blog\/wp-content\/uploads\/2026\/09\/Capturar-1.png\",\"articleSection\":[\"Vendas\"],\"inLanguage\":\"pt-BR\"},{\"@type\":\"WebPage\",\"@id\":\"https:\/\/economiasa.com.br\/blog\/consorcio-nacional-librelato-leva-primeiro-implemento-0-km-a-ww-fernandes-transportes\/\",\"url\":\"https:\/\/economiasa.com.br\/blog\/consorcio-nacional-librelato-leva-primeiro-implemento-0-km-a-ww-fernandes-transportes\/\",\"name\":\"Cons\u00f3rcio Nacional Librelato leva primeiro implemento 0 km \u00e0 WW Fernandes Transportes - Economia S\/A\",\"isPartOf\":{\"@id\":\"https:\/\/economiasa.com.br\/blog\/#website\"},\"primaryImageOfPage\":{\"@id\":\"https:\/\/economiasa.com.br\/blog\/consorcio-nacional-librelato-leva-primeiro-implemento-0-km-a-ww-fernandes-transportes\/#primaryimage\"},\"image\":{\"@id\":\"https:\/\/economiasa.com.br\/blog\/consorcio-nacional-librelato-leva-primeiro-implemento-0-km-a-ww-fernandes-transportes\/#primaryimage\"},\"thumbnailUrl\":\"https:\/\/economiasa.com.br\/blog\/wp-content\/uploads\/2026\/09\/Capturar-1.png\",\"datePublished\":\"2026-09-01T17:18:33+00:00\",\"dateModified\":\"2026-09-01T17:18:34+00:00\",\"author\":{\"@id\":\"https:\/\/economiasa.com.br\/blog\/#\/schema\/person\/14b8ac2dc25bd63b52bc54e845fa3923\"},\"breadcrumb\":{\"@id\":\"https:\/\/economiasa.com.br\/blog\/consorcio-nacional-librelato-leva-primeiro-implemento-0-km-a-ww-fernandes-transportes\/#breadcrumb\"},\"inLanguage\":\"pt-BR\",\"potentialAction\":[{\"@type\":\"ReadAction\",\"target\":[\"https:\/\/economiasa.com.br\/blog\/consorcio-nacional-librelato-leva-primeiro-implemento-0-km-a-ww-fernandes-transportes\/\"]}]},{\"@type\":\"ImageObject\",\"inLanguage\":\"pt-BR\",\"@id\":\"https:\/\/economiasa.com.br\/blog\/consorcio-nacional-librelato-leva-primeiro-implemento-0-km-a-ww-fernandes-transportes\/#primaryimage\",\"url\":\"https:\/\/economiasa.com.br\/blog\/wp-content\/uploads\/2026\/09\/Capturar-1.png\",\"contentUrl\":\"https:\/\/economiasa.com.br\/blog\/wp-content\/uploads\/2026\/09\/Capturar-1.png\",\"width\":391,\"height\":303,\"caption\":\"Cr\u00e9ditos da foto: Divulga\u00e7\u00e3o\"},{\"@type\":\"BreadcrumbList\",\"@id\":\"https:\/\/economiasa.com.br\/blog\/consorcio-nacional-librelato-leva-primeiro-implemento-0-km-a-ww-fernandes-transportes\/#breadcrumb\",\"itemListElement\":[{\"@type\":\"ListItem\",\"position\":1,\"name\":\"In\u00edcio\",\"item\":\"https:\/\/economiasa.com.br\/blog\/\"},{\"@type\":\"ListItem\",\"position\":2,\"name\":\"Cons\u00f3rcio Nacional Librelato leva primeiro implemento 0 km \u00e0 WW Fernandes Transportes\"}]},{\"@type\":\"WebSite\",\"@id\":\"https:\/\/economiasa.com.br\/blog\/#website\",\"url\":\"https:\/\/economiasa.com.br\/blog\/\",\"name\":\"Economia S\/A\",\"description\":\"Ler faz bem para os neg\u00f3cios\",\"potentialAction\":[{\"@type\":\"SearchAction\",\"target\":{\"@type\":\"EntryPoint\",\"urlTemplate\":\"https:\/\/economiasa.com.br\/blog\/?s={search_term_string}\"},\"query-input\":{\"@type\":\"PropertyValueSpecification\",\"valueRequired\":true,\"valueName\":\"search_term_string\"}}],\"inLanguage\":\"pt-BR\"},{\"@type\":\"Person\",\"@id\":\"https:\/\/economiasa.com.br\/blog\/#\/schema\/person\/14b8ac2dc25bd63b52bc54e845fa3923\",\"name\":\"Reda\u00e7\u00e3o\",\"image\":{\"@type\":\"ImageObject\",\"inLanguage\":\"pt-BR\",\"@id\":\"https:\/\/secure.gravatar.com\/avatar\/c8c795261f7f8547b22616a549577db9e450bd5622da3f6eb62b0e2c3e364c4e?s=96&d=mm&r=g0fb5212bc57e2287787936667fbbe0ff\",\"url\":\"https:\/\/secure.gravatar.com\/avatar\/c8c795261f7f8547b22616a549577db9e450bd5622da3f6eb62b0e2c3e364c4e?s=96&d=mm&r=g\",\"contentUrl\":\"https:\/\/secure.gravatar.com\/avatar\/c8c795261f7f8547b22616a549577db9e450bd5622da3f6eb62b0e2c3e364c4e?s=96&d=mm&r=g\",\"caption\":\"Reda\u00e7\u00e3o\"},\"sameAs\":[\"http:\/\/www.economiasa.com.br\"],\"url\":\"https:\/\/economiasa.com.br\/blog\/author\/redacao\/\"}]}<\/script>\n<!-- \/ Yoast SEO plugin. -->","yoast_head_json":{"title":"Cons\u00f3rcio Nacional Librelato leva primeiro implemento 0 km \u00e0 WW Fernandes Transportes - Economia S\/A","robots":{"index":"index","follow":"follow","max-snippet":"max-snippet:-1","max-image-preview":"max-image-preview:large","max-video-preview":"max-video-preview:-1"},"canonical":"https:\/\/economiasa.com.br\/blog\/consorcio-nacional-librelato-leva-primeiro-implemento-0-km-a-ww-fernandes-transportes\/","og_locale":"pt_BR","og_type":"article","og_title":"Cons\u00f3rcio Nacional Librelato leva primeiro implemento 0 km \u00e0 WW Fernandes Transportes - Economia S\/A","og_description":"A Librelato, uma das tr\u00eas maiores fabricantes de implementos rodovi\u00e1rios do Brasil, relata a experi\u00eancia de Wilson Costa Fernandes J\u00fanior, propriet\u00e1rio da...","og_url":"https:\/\/economiasa.com.br\/blog\/consorcio-nacional-librelato-leva-primeiro-implemento-0-km-a-ww-fernandes-transportes\/","og_site_name":"Economia S\/A","article_published_time":"2026-09-01T17:18:33+00:00","article_modified_time":"2026-09-01T17:18:34+00:00","og_image":[{"width":391,"height":303,"url":"https:\/\/economiasa.com.br\/blog\/wp-content\/uploads\/2026\/09\/Capturar-1.png","type":"image\/png"}],"author":"Reda\u00e7\u00e3o","twitter_card":"summary_large_image","twitter_misc":{"Escrito por":"Reda\u00e7\u00e3o","Est. tempo de leitura":"5 minutos"},"schema":{"@context":"https:\/\/schema.org","@graph":[{"@type":"Article","@id":"https:\/\/economiasa.com.br\/blog\/consorcio-nacional-librelato-leva-primeiro-implemento-0-km-a-ww-fernandes-transportes\/#article","isPartOf":{"@id":"https:\/\/economiasa.com.br\/blog\/consorcio-nacional-librelato-leva-primeiro-implemento-0-km-a-ww-fernandes-transportes\/"},"author":{"name":"Reda\u00e7\u00e3o","@id":"https:\/\/economiasa.com.br\/blog\/#\/schema\/person\/14b8ac2dc25bd63b52bc54e845fa3923"},"headline":"Cons\u00f3rcio Nacional Librelato leva primeiro implemento 0 km \u00e0 WW Fernandes Transportes","datePublished":"2026-09-01T17:18:33+00:00","dateModified":"2026-09-01T17:18:34+00:00","mainEntityOfPage":{"@id":"https:\/\/economiasa.com.br\/blog\/consorcio-nacional-librelato-leva-primeiro-implemento-0-km-a-ww-fernandes-transportes\/"},"wordCount":866,"image":{"@id":"https:\/\/economiasa.com.br\/blog\/consorcio-nacional-librelato-leva-primeiro-implemento-0-km-a-ww-fernandes-transportes\/#primaryimage"},"thumbnailUrl":"https:\/\/economiasa.com.br\/blog\/wp-content\/uploads\/2026\/09\/Capturar-1.png","articleSection":["Vendas"],"inLanguage":"pt-BR"},{"@type":"WebPage","@id":"https:\/\/economiasa.com.br\/blog\/consorcio-nacional-librelato-leva-primeiro-implemento-0-km-a-ww-fernandes-transportes\/","url":"https:\/\/economiasa.com.br\/blog\/consorcio-nacional-librelato-leva-primeiro-implemento-0-km-a-ww-fernandes-transportes\/","name":"Cons\u00f3rcio Nacional Librelato leva primeiro implemento 0 km \u00e0 WW Fernandes Transportes - Economia S\/A","isPartOf":{"@id":"https:\/\/economiasa.com.br\/blog\/#website"},"primaryImageOfPage":{"@id":"https:\/\/economiasa.com.br\/blog\/consorcio-nacional-librelato-leva-primeiro-implemento-0-km-a-ww-fernandes-transportes\/#primaryimage"},"image":{"@id":"https:\/\/economiasa.com.br\/blog\/consorcio-nacional-librelato-leva-primeiro-implemento-0-km-a-ww-fernandes-transportes\/#primaryimage"},"thumbnailUrl":"https:\/\/economiasa.com.br\/blog\/wp-content\/uploads\/2026\/09\/Capturar-1.png","datePublished":"2026-09-01T17:18:33+00:00","dateModified":"2026-09-01T17:18:34+00:00","author":{"@id":"https:\/\/economiasa.com.br\/blog\/#\/schema\/person\/14b8ac2dc25bd63b52bc54e845fa3923"},"breadcrumb":{"@id":"https:\/\/economiasa.com.br\/blog\/consorcio-nacional-librelato-leva-primeiro-implemento-0-km-a-ww-fernandes-transportes\/#breadcrumb"},"inLanguage":"pt-BR","potentialAction":[{"@type":"ReadAction","target":["https:\/\/economiasa.com.br\/blog\/consorcio-nacional-librelato-leva-primeiro-implemento-0-km-a-ww-fernandes-transportes\/"]}]},{"@type":"ImageObject","inLanguage":"pt-BR","@id":"https:\/\/economiasa.com.br\/blog\/consorcio-nacional-librelato-leva-primeiro-implemento-0-km-a-ww-fernandes-transportes\/#primaryimage","url":"https:\/\/economiasa.com.br\/blog\/wp-content\/uploads\/2026\/09\/Capturar-1.png","contentUrl":"https:\/\/economiasa.com.br\/blog\/wp-content\/uploads\/2026\/09\/Capturar-1.png","width":391,"height":303,"caption":"Cr\u00e9ditos da foto: Divulga\u00e7\u00e3o"},{"@type":"BreadcrumbList","@id":"https:\/\/economiasa.com.br\/blog\/consorcio-nacional-librelato-leva-primeiro-implemento-0-km-a-ww-fernandes-transportes\/#breadcrumb","itemListElement":[{"@type":"ListItem","position":1,"name":"In\u00edcio","item":"https:\/\/economiasa.com.br\/blog\/"},{"@type":"ListItem","position":2,"name":"Cons\u00f3rcio Nacional Librelato leva primeiro implemento 0 km \u00e0 WW Fernandes Transportes"}]},{"@type":"WebSite","@id":"https:\/\/economiasa.com.br\/blog\/#website","url":"https:\/\/economiasa.com.br\/blog\/","name":"Economia S\/A","description":"Ler faz bem para os neg\u00f3cios","potentialAction":[{"@type":"SearchAction","target":{"@type":"EntryPoint","urlTemplate":"https:\/\/economiasa.com.br\/blog\/?s={search_term_string}"},"query-input":{"@type":"PropertyValueSpecification","valueRequired":true,"valueName":"search_term_string"}}],"inLanguage":"pt-BR"},{"@type":"Person","@id":"https:\/\/economiasa.com.br\/blog\/#\/schema\/person\/14b8ac2dc25bd63b52bc54e845fa3923","name":"Reda\u00e7\u00e3o","image":{"@type":"ImageObject","inLanguage":"pt-BR","@id":"https:\/\/secure.gravatar.com\/avatar\/c8c795261f7f8547b22616a549577db9e450bd5622da3f6eb62b0e2c3e364c4e?s=96&d=mm&r=g0fb5212bc57e2287787936667fbbe0ff","url":"https:\/\/secure.gravatar.com\/avatar\/c8c795261f7f8547b22616a549577db9e450bd5622da3f6eb62b0e2c3e364c4e?s=96&d=mm&r=g","contentUrl":"https:\/\/secure.gravatar.com\/avatar\/c8c795261f7f8547b22616a549577db9e450bd5622da3f6eb62b0e2c3e364c4e?s=96&d=mm&r=g","caption":"Reda\u00e7\u00e3o"},"sameAs":["http:\/\/www.economiasa.com.br"],"url":"https:\/\/economiasa.com.br\/blog\/author\/redacao\/"}]}},"authors":[{"term_id":13248,"user_id":47,"is_guest":0,"slug":"redacao","display_name":"Reda\u00e7\u00e3o","avatar_url":"https:\/\/secure.gravatar.com\/avatar\/c8c795261f7f8547b22616a549577db9e450bd5622da3f6eb62b0e2c3e364c4e?s=96&d=mm&r=g","author_category":"","first_name":"Reda\u00e7\u00e3o","last_name":"","user_url":"http:\/\/www.economiasa.com.br","job_title":"","description":""}],"amp_enabled":true,"_links":{"self":[{"href":"https:\/\/economiasa.com.br\/blog\/wp-json\/wp\/v2\/posts\/84881","targetHints":{"allow":["GET"]}}],"collection":[{"href":"https:\/\/economiasa.com.br\/blog\/wp-json\/wp\/v2\/posts"}],"about":[{"href":"https:\/\/economiasa.com.br\/blog\/wp-json\/wp\/v2\/types\/post"}],"author":[{"embeddable":true,"href":"https:\/\/economiasa.com.br\/blog\/wp-json\/wp\/v2\/users\/47"}],"replies":[{"embeddable":true,"href":"https:\/\/economiasa.com.br\/blog\/wp-json\/wp\/v2\/comments?post=84881"}],"version-history":[{"count":0,"href":"https:\/\/economiasa.com.br\/blog\/wp-json\/wp\/v2\/posts\/84881\/revisions"}],"wp:featuredmedia":[{"embeddable":true,"href":"https:\/\/economiasa.com.br\/blog\/wp-json\/wp\/v2\/media\/84882"}],"wp:attachment":[{"href":"https:\/\/economiasa.com.br\/blog\/wp-json\/wp\/v2\/media?parent=84881"}],"wp:term":[{"taxonomy":"category","embeddable":true,"href":"https:\/\/economiasa.com.br\/blog\/wp-json\/wp\/v2\/categories?post=84881"},{"taxonomy":"post_tag","embeddable":true,"href":"https:\/\/economiasa.com.br\/blog\/wp-json\/wp\/v2\/tags?post=84881"},{"taxonomy":"author","embeddable":true,"href":"https:\/\/economiasa.com.br\/blog\/wp-json\/wp\/v2\/ppma_author?post=84881"}],"curies":[{"name":"wp","href":"https:\/\/api.w.org\/{rel}","templated":true}]}}