{"id":84883,"date":"2026-09-01T14:21:57","date_gmt":"2026-09-01T17:21:57","guid":{"rendered":"https:\/\/economiasa.com.br\/blog\/?p=84883"},"modified":"2026-09-01T14:21:58","modified_gmt":"2026-09-01T17:21:58","slug":"intra-log-expo-south-america-tera-maior-hub-de-conteudo-de-logistica-automacao-embalagens-de-distribuicao-inteligencia-artificial-e-e-commerce-em-eventos","status":"publish","type":"post","link":"https:\/\/economiasa.com.br\/blog\/intra-log-expo-south-america-tera-maior-hub-de-conteudo-de-logistica-automacao-embalagens-de-distribuicao-inteligencia-artificial-e-e-commerce-em-eventos\/","title":{"rendered":"INTRA-LOG Expo South America ter\u00e1 maior hub de conte\u00fado de log\u00edstica, automa\u00e7\u00e3o, embalagens de distribui\u00e7\u00e3o, Intelig\u00eancia Artificial e e-commerce em eventos"},"content":{"rendered":"\n<p class=\"wp-block-paragraph\">Sete congressos de diferentes \u00e1reas da log\u00edstica ser\u00e3o coordenados por entidades como IMAM, ABRE, Setcesp, ABIACOM, Projeto Pack. ABRE vai lan\u00e7ar Guia de Desenvolvimento de Embalagem para Transporte e Distribui\u00e7\u00e3o<\/p>\n\n\n\n<p class=\"wp-block-paragraph\">A terceira edi\u00e7\u00e3o da feira\u00a0<a href=\"https:\/\/intralogexpo.com.br\/\" target=\"_blank\" rel=\"noreferrer noopener\"><strong>INTRA-LOG Expo South America\u00a0<\/strong><\/a>2026 vai contar com um hub de conte\u00fado de peso para profissionais de log\u00edstica, servi\u00e7os e ind\u00fastria: sete eventos, entre pagos e gratuitos, ser\u00e3o apresentados pela ind\u00fastria em duas salas dentro do Pavilh\u00e3o Azul do Expo Center Norte, em S\u00e3o Paulo, entre os dias 15 e 17 de setembro. Em paralelo, ocorre a\u00a0<a href=\"https:\/\/labelpackexpo.com.br\/\" target=\"_blank\" rel=\"noreferrer noopener\">Label & Pack<\/a>, feira de embalagens de distribui\u00e7\u00e3o, etiquetagem, impress\u00e3o, rastreabilidade e tecnologias aplicadas \u00e0 cadeia log\u00edstica.<\/p>\n\n\n\n<p class=\"wp-block-paragraph\">Para oferecer esse que promete ser o maior n\u00famero de congressos dentro de uma feira de neg\u00f3cios, a\u00a0<a href=\"https:\/\/www.interlinkexhibitions.com\/\" target=\"_blank\" rel=\"noreferrer noopener\">INTERLINK Exhibitions<\/a>, organizadora do evento, articulou parcerias com a Associa\u00e7\u00e3o Brasileira de Embalagens (<a href=\"https:\/\/www.abre.org.br\/\" target=\"_blank\" rel=\"noreferrer noopener\">ABRE<\/a>), Sindicato das Empresas de Transporte do estado de S\u00e3o Paulo (<a href=\"https:\/\/setcesp.org.br\/\" target=\"_blank\" rel=\"noreferrer noopener\">SETCESP<\/a>), Associa\u00e7\u00e3o Brasileira de Intelig\u00eancia Artificial e E-Commerce (<a href=\"https:\/\/abiacom.org\/\" target=\"_blank\" rel=\"noreferrer noopener\">ABIACOM<\/a>), e\u00a0<a href=\"https:\/\/projetopack.com.br\/\" target=\"_blank\" rel=\"noreferrer noopener\">Projeto Pack<\/a>.<\/p>\n\n\n\n<p class=\"wp-block-paragraph\">\u201cQueremos reunir o maior n\u00famero de profissionais poss\u00edvel no evento para troca de conhecimento, apresenta\u00e7\u00e3o de solu\u00e7\u00f5es e tend\u00eancias. A Am\u00e9rica Latina \u00e9 uma regi\u00e3o em ebuli\u00e7\u00e3o para a log\u00edstica e \u00e9 o momento prop\u00edcio para reunir em um \u00fanico lugar solu\u00e7\u00f5es, empresas nacionais e globais conhecimento de qualidade e uma homenagem a profissionais e projetos que transformam a realidade das empresas\u201d, comenta\u00a0<a href=\"https:\/\/www.linkedin.com\/in\/cassiano-facchinetti\/\" target=\"_blank\" rel=\"noreferrer noopener\">Cassiano Facchinetti<\/a>, managing director da\u00a0<a href=\"https:\/\/www.interlinkexhibitions.com\/\" target=\"_blank\" rel=\"noreferrer noopener\">INTERLINK Exhibitions<\/a>, organizadora do evento<\/p>\n\n\n\n<p class=\"wp-block-paragraph\">Os congressos est\u00e3o divididos por grupo de conte\u00fado: na\u00a0<strong>Sala Vila Guilherme<\/strong>, estar\u00e3o concentrados os\u00a0<strong>congressos de log\u00edstica<\/strong>\u00a0\u2013 F\u00f3rum Internacional INTRALOG, Robotics & Automation Summit e a estreia da INTRA-LOG SMART SOLUTIONS HONORS, uma homenagem a CEOs e alta lideran\u00e7a de empresas que se destacam por projetos inovadores e de alta transforma\u00e7\u00e3o em intralog\u00edstica, com curadoria do\u00a0<a href=\"https:\/\/www.imam.com.br\/\" target=\"_blank\" rel=\"noreferrer noopener\">Grupo IMAM<\/a>.<\/p>\n\n\n\n<p class=\"wp-block-paragraph\">Na\u00a0<strong>Sala HUB<\/strong>, as apresenta\u00e7\u00f5es ter\u00e3o foco na cadeia de embalagens e solu\u00e7\u00f5es dos expositores \u2013 o Congresso LABEL & PACK by ABRE, com tema \u201cEmbalagem como estrat\u00e9gia log\u00edstica: efici\u00eancia, performance e futuro da cadeia\u201d ; o congresso com profissionais da ind\u00fastria flexogr\u00e1fica organizado pela Projeto Pack, com tema: \u201cDa circularidade \u00e0 competitividade: como a ind\u00fastria de embalagens est\u00e1 se preparando para o futuro\u201d; e o Hub de Inova\u00e7\u00e3o, programa\u00e7\u00e3o\u00a0 sugerida exclusivamente pelos expositores das feiras.<\/p>\n\n\n\n<p class=\"wp-block-paragraph\">Lan\u00e7amento: Guia de embalagem para transporte e distribui\u00e7\u00e3o<\/p>\n\n\n\n<p class=\"wp-block-paragraph\">A ABRE \u2013 Associa\u00e7\u00e3o Brasileira de Embalagem aproveita o Congresso Label & Pack para lan\u00e7ar o\u00a0<strong>Guia ABRE de Desenvolvimento de Embalagem para Transporte e Distribui\u00e7\u00e3o<\/strong>, uma publica\u00e7\u00e3o t\u00e9cnica desenvolvida para apoiar profissionais e empresas na especifica\u00e7\u00e3o e no desenvolvimento de sistemas de embalagem voltados \u00e0 movimenta\u00e7\u00e3o, armazenagem e distribui\u00e7\u00e3o de produtos.<\/p>\n\n\n\n<p class=\"wp-block-paragraph\">Elaborado com base em normas t\u00e9cnicas, refer\u00eancias da literatura especializada e nas melhores pr\u00e1ticas da ind\u00fastria, o Guia apresenta os principais crit\u00e9rios para o desenvolvimento de embalagens de transporte, considerando os riscos f\u00edsicos, mec\u00e2nicos e ambientais aos quais os produtos est\u00e3o sujeitos ao longo da cadeia log\u00edstica.<\/p>\n\n\n\n<p class=\"wp-block-paragraph\">Destinado a profissionais de desenvolvimento de embalagens, engenharia, log\u00edstica, qualidade, opera\u00e7\u00f5es, suprimentos, pesquisa e desenvolvimento e sustentabilidade, o material oferece uma vis\u00e3o abrangente e atualizada sobre o papel estrat\u00e9gico das embalagens de transporte e distribui\u00e7\u00e3o na preserva\u00e7\u00e3o da integridade dos produtos, na efici\u00eancia da cadeia de suprimentos e na competitividade das empresas.<\/p>\n\n\n\n<p class=\"wp-block-paragraph\">Homenagem a CEOs e CLevels<\/p>\n\n\n\n<p class=\"wp-block-paragraph\">O\u00a0<a href=\"https:\/\/euvou.events\/intra-logexposouthamericaelabelepackexpo\" target=\"_blank\" rel=\"noreferrer noopener\">F\u00f3rum Internacional INTRALOG<\/a>\u00a0vai contar com uma homenagem a CEOs e alta lideran\u00e7a de empresas que se destacam por projetos inovadores e de alta transforma\u00e7\u00e3o em intralog\u00edstica, automa\u00e7\u00e3o, intelig\u00eancia artificial, rob\u00f3tica, efici\u00eancia operacional, ESG, tecnologia, transforma\u00e7\u00e3o digital, seguran\u00e7a e ergonomia no Brasil, a\u00a0<strong>INTRA-LOG SMART SOLUTIONS HONORS<\/strong>,<\/p>\n\n\n\n<p class=\"wp-block-paragraph\">Mais do que uma cerim\u00f4nia de reconhecimento, a iniciativa passa a integrar a programa\u00e7\u00e3o de conte\u00fado do F\u00f3rum. Cada executivo homenageado vai apresentar seu case de sucesso ao p\u00fablico presente, compartilhando desafios, decis\u00f5es, tecnologias aplicadas, aprendizados e resultados de projetos implantados em empresas de diferentes setores da economia.<\/p>\n\n\n\n<p class=\"wp-block-paragraph\">Os cases apresentados refletem temas que est\u00e3o no centro da agenda log\u00edstica atual: automa\u00e7\u00e3o de processos, uso de intelig\u00eancia artificial, rob\u00f3tica aplicada \u00e0 movimenta\u00e7\u00e3o de materiais, digitaliza\u00e7\u00e3o de opera\u00e7\u00f5es, ganhos de produtividade, sustentabilidade, seguran\u00e7a operacional e novos modelos de excel\u00eancia log\u00edstica.<\/p>\n\n\n\n<p class=\"wp-block-paragraph\">Para\u00a0<a href=\"https:\/\/www.linkedin.com\/in\/eduardobanzato\/?locale=pt\" target=\"_blank\" rel=\"noreferrer noopener\"><strong>Eduardo Banzato<\/strong><\/a><strong>,\u00a0<\/strong>diretor do Grupo IMAM e curador do F\u00f3rum, a iniciativa fortalece o papel do F\u00f3rum ao transformar cases pr\u00e1ticos em refer\u00eancia para o setor. \u201cA intralog\u00edstica brasileira tem projetos de alt\u00edssimo n\u00edvel acontecendo dentro das empresas. Ao conectar a homenagem ao F\u00f3rum, conseguimos transformar esses cases em aprendizado para o mercado, valorizando quem executa na pr\u00e1tica e oferecendo ao p\u00fablico refer\u00eancias aplic\u00e1veis \u00e0 realidade das opera\u00e7\u00f5es no Brasil.\u201d<\/p>\n\n\n\n<p class=\"wp-block-paragraph\">Para a INTERLINK Exhibitions, a integra\u00e7\u00e3o entre INTRA-LOG Expo e Label & Pack Expo responde a uma mudan\u00e7a na forma como as empresas avaliam efici\u00eancia log\u00edstica. O Brasil ocupa papel estrat\u00e9gico da regi\u00e3o LATAM por concentrar escala industrial, grandes redes de transporte, operadores log\u00edsticos, plataformas de e-commerce, varejo, ind\u00fastria de transforma\u00e7\u00e3o e demanda crescente por tecnologias capazes de elevar produtividade e reduzir custos operacionais.<\/p>\n\n\n\n<p class=\"wp-block-paragraph\">Confira aqui a grade do\u00a0<a href=\"https:\/\/labelpackexpo.com.br\/programacao\" target=\"_blank\" rel=\"noreferrer noopener\">F\u00f3rum Label & Pack by ABRE<\/a><\/p>\n\n\n\n<p class=\"wp-block-paragraph\"><strong>SERVI\u00c7O \u2013 INTRA-LOG Expo South America 2026 \/ Label & Pack Expo<\/strong><\/p>\n\n\n\n<p class=\"wp-block-paragraph\"><strong>Data:<\/strong>\u00a015 a 17 de setembro de 2026, das 10 \u00e0s 18horas<\/p>\n\n\n\n<p class=\"wp-block-paragraph\"><strong>Local:\u00a0<\/strong>Expo Center Norte \u2013 Pavilh\u00e3o Azul \/ S\u00e3o Paulo \/ Brasil<\/p>\n","protected":false},"excerpt":{"rendered":"<p>Sete congressos de diferentes \u00e1reas da log\u00edstica ser\u00e3o coordenados por entidades como IMAM, ABRE, Setcesp, ABIACOM, Projeto Pack. ABRE vai lan\u00e7ar Guia&#8230;<\/p>\n","protected":false},"author":47,"featured_media":84884,"comment_status":"closed","ping_status":"open","sticky":false,"template":"","format":"standard","meta":{"footnotes":""},"categories":[1973],"tags":[],"ppma_author":[13248],"class_list":["post-84883","post","type-post","status-publish","format-standard","has-post-thumbnail","category-eventos"],"yoast_head":"<!-- This site is optimized with the Yoast SEO plugin v27.2 - https:\/\/yoast.com\/product\/yoast-seo-wordpress\/ -->\n<title>INTRA-LOG Expo South America ter\u00e1 maior hub de conte\u00fado de log\u00edstica, automa\u00e7\u00e3o, embalagens de distribui\u00e7\u00e3o, Intelig\u00eancia Artificial e e-commerce em eventos - Economia S\/A<\/title>\n<meta name=\"robots\" content=\"index, follow, max-snippet:-1, max-image-preview:large, max-video-preview:-1\" \/>\n<link rel=\"canonical\" href=\"https:\/\/economiasa.com.br\/blog\/intra-log-expo-south-america-tera-maior-hub-de-conteudo-de-logistica-automacao-embalagens-de-distribuicao-inteligencia-artificial-e-e-commerce-em-eventos\/\" \/>\n<meta property=\"og:locale\" content=\"pt_BR\" \/>\n<meta property=\"og:type\" content=\"article\" \/>\n<meta property=\"og:title\" content=\"INTRA-LOG Expo South America ter\u00e1 maior hub de conte\u00fado de log\u00edstica, automa\u00e7\u00e3o, embalagens de distribui\u00e7\u00e3o, Intelig\u00eancia Artificial e e-commerce em eventos - Economia S\/A\" \/>\n<meta property=\"og:description\" content=\"Sete congressos de diferentes \u00e1reas da log\u00edstica ser\u00e3o coordenados por entidades como IMAM, ABRE, Setcesp, ABIACOM, Projeto Pack. ABRE vai lan\u00e7ar Guia...\" \/>\n<meta property=\"og:url\" content=\"https:\/\/economiasa.com.br\/blog\/intra-log-expo-south-america-tera-maior-hub-de-conteudo-de-logistica-automacao-embalagens-de-distribuicao-inteligencia-artificial-e-e-commerce-em-eventos\/\" \/>\n<meta property=\"og:site_name\" content=\"Economia S\/A\" \/>\n<meta property=\"article:published_time\" content=\"2026-09-01T17:21:57+00:00\" \/>\n<meta property=\"article:modified_time\" content=\"2026-09-01T17:21:58+00:00\" \/>\n<meta property=\"og:image\" content=\"https:\/\/economiasa.com.br\/blog\/wp-content\/uploads\/2026\/09\/7IV05232.jpg\" \/>\n\t<meta property=\"og:image:width\" content=\"3000\" \/>\n\t<meta property=\"og:image:height\" content=\"2000\" \/>\n\t<meta property=\"og:image:type\" content=\"image\/jpeg\" \/>\n<meta name=\"author\" content=\"Reda\u00e7\u00e3o\" \/>\n<meta name=\"twitter:card\" content=\"summary_large_image\" \/>\n<meta name=\"twitter:label1\" content=\"Escrito por\" \/>\n\t<meta name=\"twitter:data1\" content=\"Reda\u00e7\u00e3o\" \/>\n\t<meta name=\"twitter:label2\" content=\"Est. tempo de leitura\" \/>\n\t<meta name=\"twitter:data2\" content=\"5 minutos\" \/>\n<script type=\"application\/ld+json\" class=\"yoast-schema-graph\">{\"@context\":\"https:\/\/schema.org\",\"@graph\":[{\"@type\":\"Article\",\"@id\":\"https:\/\/economiasa.com.br\/blog\/intra-log-expo-south-america-tera-maior-hub-de-conteudo-de-logistica-automacao-embalagens-de-distribuicao-inteligencia-artificial-e-e-commerce-em-eventos\/#article\",\"isPartOf\":{\"@id\":\"https:\/\/economiasa.com.br\/blog\/intra-log-expo-south-america-tera-maior-hub-de-conteudo-de-logistica-automacao-embalagens-de-distribuicao-inteligencia-artificial-e-e-commerce-em-eventos\/\"},\"author\":{\"name\":\"Reda\u00e7\u00e3o\",\"@id\":\"https:\/\/economiasa.com.br\/blog\/#\/schema\/person\/14b8ac2dc25bd63b52bc54e845fa3923\"},\"headline\":\"INTRA-LOG Expo South America ter\u00e1 maior hub de conte\u00fado de log\u00edstica, automa\u00e7\u00e3o, embalagens de distribui\u00e7\u00e3o, Intelig\u00eancia Artificial e e-commerce em eventos\",\"datePublished\":\"2026-09-01T17:21:57+00:00\",\"dateModified\":\"2026-09-01T17:21:58+00:00\",\"mainEntityOfPage\":{\"@id\":\"https:\/\/economiasa.com.br\/blog\/intra-log-expo-south-america-tera-maior-hub-de-conteudo-de-logistica-automacao-embalagens-de-distribuicao-inteligencia-artificial-e-e-commerce-em-eventos\/\"},\"wordCount\":1010,\"image\":{\"@id\":\"https:\/\/economiasa.com.br\/blog\/intra-log-expo-south-america-tera-maior-hub-de-conteudo-de-logistica-automacao-embalagens-de-distribuicao-inteligencia-artificial-e-e-commerce-em-eventos\/#primaryimage\"},\"thumbnailUrl\":\"https:\/\/economiasa.com.br\/blog\/wp-content\/uploads\/2026\/09\/7IV05232.jpg\",\"articleSection\":[\"Eventos\"],\"inLanguage\":\"pt-BR\"},{\"@type\":\"WebPage\",\"@id\":\"https:\/\/economiasa.com.br\/blog\/intra-log-expo-south-america-tera-maior-hub-de-conteudo-de-logistica-automacao-embalagens-de-distribuicao-inteligencia-artificial-e-e-commerce-em-eventos\/\",\"url\":\"https:\/\/economiasa.com.br\/blog\/intra-log-expo-south-america-tera-maior-hub-de-conteudo-de-logistica-automacao-embalagens-de-distribuicao-inteligencia-artificial-e-e-commerce-em-eventos\/\",\"name\":\"INTRA-LOG Expo South America ter\u00e1 maior hub de conte\u00fado de log\u00edstica, automa\u00e7\u00e3o, embalagens de distribui\u00e7\u00e3o, Intelig\u00eancia Artificial e e-commerce em eventos - Economia S\/A\",\"isPartOf\":{\"@id\":\"https:\/\/economiasa.com.br\/blog\/#website\"},\"primaryImageOfPage\":{\"@id\":\"https:\/\/economiasa.com.br\/blog\/intra-log-expo-south-america-tera-maior-hub-de-conteudo-de-logistica-automacao-embalagens-de-distribuicao-inteligencia-artificial-e-e-commerce-em-eventos\/#primaryimage\"},\"image\":{\"@id\":\"https:\/\/economiasa.com.br\/blog\/intra-log-expo-south-america-tera-maior-hub-de-conteudo-de-logistica-automacao-embalagens-de-distribuicao-inteligencia-artificial-e-e-commerce-em-eventos\/#primaryimage\"},\"thumbnailUrl\":\"https:\/\/economiasa.com.br\/blog\/wp-content\/uploads\/2026\/09\/7IV05232.jpg\",\"datePublished\":\"2026-09-01T17:21:57+00:00\",\"dateModified\":\"2026-09-01T17:21:58+00:00\",\"author\":{\"@id\":\"https:\/\/economiasa.com.br\/blog\/#\/schema\/person\/14b8ac2dc25bd63b52bc54e845fa3923\"},\"breadcrumb\":{\"@id\":\"https:\/\/economiasa.com.br\/blog\/intra-log-expo-south-america-tera-maior-hub-de-conteudo-de-logistica-automacao-embalagens-de-distribuicao-inteligencia-artificial-e-e-commerce-em-eventos\/#breadcrumb\"},\"inLanguage\":\"pt-BR\",\"potentialAction\":[{\"@type\":\"ReadAction\",\"target\":[\"https:\/\/economiasa.com.br\/blog\/intra-log-expo-south-america-tera-maior-hub-de-conteudo-de-logistica-automacao-embalagens-de-distribuicao-inteligencia-artificial-e-e-commerce-em-eventos\/\"]}]},{\"@type\":\"ImageObject\",\"inLanguage\":\"pt-BR\",\"@id\":\"https:\/\/economiasa.com.br\/blog\/intra-log-expo-south-america-tera-maior-hub-de-conteudo-de-logistica-automacao-embalagens-de-distribuicao-inteligencia-artificial-e-e-commerce-em-eventos\/#primaryimage\",\"url\":\"https:\/\/economiasa.com.br\/blog\/wp-content\/uploads\/2026\/09\/7IV05232.jpg\",\"contentUrl\":\"https:\/\/economiasa.com.br\/blog\/wp-content\/uploads\/2026\/09\/7IV05232.jpg\",\"width\":3000,\"height\":2000,\"caption\":\"Cr\u00e9ditos da foto: Divulga\u00e7\u00e3o\"},{\"@type\":\"BreadcrumbList\",\"@id\":\"https:\/\/economiasa.com.br\/blog\/intra-log-expo-south-america-tera-maior-hub-de-conteudo-de-logistica-automacao-embalagens-de-distribuicao-inteligencia-artificial-e-e-commerce-em-eventos\/#breadcrumb\",\"itemListElement\":[{\"@type\":\"ListItem\",\"position\":1,\"name\":\"In\u00edcio\",\"item\":\"https:\/\/economiasa.com.br\/blog\/\"},{\"@type\":\"ListItem\",\"position\":2,\"name\":\"INTRA-LOG Expo South America ter\u00e1 maior hub de conte\u00fado de log\u00edstica, automa\u00e7\u00e3o, embalagens de distribui\u00e7\u00e3o, Intelig\u00eancia Artificial e e-commerce em eventos\"}]},{\"@type\":\"WebSite\",\"@id\":\"https:\/\/economiasa.com.br\/blog\/#website\",\"url\":\"https:\/\/economiasa.com.br\/blog\/\",\"name\":\"Economia S\/A\",\"description\":\"Ler faz bem para os neg\u00f3cios\",\"potentialAction\":[{\"@type\":\"SearchAction\",\"target\":{\"@type\":\"EntryPoint\",\"urlTemplate\":\"https:\/\/economiasa.com.br\/blog\/?s={search_term_string}\"},\"query-input\":{\"@type\":\"PropertyValueSpecification\",\"valueRequired\":true,\"valueName\":\"search_term_string\"}}],\"inLanguage\":\"pt-BR\"},{\"@type\":\"Person\",\"@id\":\"https:\/\/economiasa.com.br\/blog\/#\/schema\/person\/14b8ac2dc25bd63b52bc54e845fa3923\",\"name\":\"Reda\u00e7\u00e3o\",\"image\":{\"@type\":\"ImageObject\",\"inLanguage\":\"pt-BR\",\"@id\":\"https:\/\/secure.gravatar.com\/avatar\/c8c795261f7f8547b22616a549577db9e450bd5622da3f6eb62b0e2c3e364c4e?s=96&d=mm&r=g0fb5212bc57e2287787936667fbbe0ff\",\"url\":\"https:\/\/secure.gravatar.com\/avatar\/c8c795261f7f8547b22616a549577db9e450bd5622da3f6eb62b0e2c3e364c4e?s=96&d=mm&r=g\",\"contentUrl\":\"https:\/\/secure.gravatar.com\/avatar\/c8c795261f7f8547b22616a549577db9e450bd5622da3f6eb62b0e2c3e364c4e?s=96&d=mm&r=g\",\"caption\":\"Reda\u00e7\u00e3o\"},\"sameAs\":[\"http:\/\/www.economiasa.com.br\"],\"url\":\"https:\/\/economiasa.com.br\/blog\/author\/redacao\/\"}]}<\/script>\n<!-- \/ Yoast SEO plugin. -->","yoast_head_json":{"title":"INTRA-LOG Expo South America ter\u00e1 maior hub de conte\u00fado de log\u00edstica, automa\u00e7\u00e3o, embalagens de distribui\u00e7\u00e3o, Intelig\u00eancia Artificial e e-commerce em eventos - Economia S\/A","robots":{"index":"index","follow":"follow","max-snippet":"max-snippet:-1","max-image-preview":"max-image-preview:large","max-video-preview":"max-video-preview:-1"},"canonical":"https:\/\/economiasa.com.br\/blog\/intra-log-expo-south-america-tera-maior-hub-de-conteudo-de-logistica-automacao-embalagens-de-distribuicao-inteligencia-artificial-e-e-commerce-em-eventos\/","og_locale":"pt_BR","og_type":"article","og_title":"INTRA-LOG Expo South America ter\u00e1 maior hub de conte\u00fado de log\u00edstica, automa\u00e7\u00e3o, embalagens de distribui\u00e7\u00e3o, Intelig\u00eancia Artificial e e-commerce em eventos - Economia S\/A","og_description":"Sete congressos de diferentes \u00e1reas da log\u00edstica ser\u00e3o coordenados por entidades como IMAM, ABRE, Setcesp, ABIACOM, Projeto Pack. ABRE vai lan\u00e7ar Guia...","og_url":"https:\/\/economiasa.com.br\/blog\/intra-log-expo-south-america-tera-maior-hub-de-conteudo-de-logistica-automacao-embalagens-de-distribuicao-inteligencia-artificial-e-e-commerce-em-eventos\/","og_site_name":"Economia S\/A","article_published_time":"2026-09-01T17:21:57+00:00","article_modified_time":"2026-09-01T17:21:58+00:00","og_image":[{"width":3000,"height":2000,"url":"https:\/\/economiasa.com.br\/blog\/wp-content\/uploads\/2026\/09\/7IV05232.jpg","type":"image\/jpeg"}],"author":"Reda\u00e7\u00e3o","twitter_card":"summary_large_image","twitter_misc":{"Escrito por":"Reda\u00e7\u00e3o","Est. tempo de leitura":"5 minutos"},"schema":{"@context":"https:\/\/schema.org","@graph":[{"@type":"Article","@id":"https:\/\/economiasa.com.br\/blog\/intra-log-expo-south-america-tera-maior-hub-de-conteudo-de-logistica-automacao-embalagens-de-distribuicao-inteligencia-artificial-e-e-commerce-em-eventos\/#article","isPartOf":{"@id":"https:\/\/economiasa.com.br\/blog\/intra-log-expo-south-america-tera-maior-hub-de-conteudo-de-logistica-automacao-embalagens-de-distribuicao-inteligencia-artificial-e-e-commerce-em-eventos\/"},"author":{"name":"Reda\u00e7\u00e3o","@id":"https:\/\/economiasa.com.br\/blog\/#\/schema\/person\/14b8ac2dc25bd63b52bc54e845fa3923"},"headline":"INTRA-LOG Expo South America ter\u00e1 maior hub de conte\u00fado de log\u00edstica, automa\u00e7\u00e3o, embalagens de distribui\u00e7\u00e3o, Intelig\u00eancia Artificial e e-commerce em eventos","datePublished":"2026-09-01T17:21:57+00:00","dateModified":"2026-09-01T17:21:58+00:00","mainEntityOfPage":{"@id":"https:\/\/economiasa.com.br\/blog\/intra-log-expo-south-america-tera-maior-hub-de-conteudo-de-logistica-automacao-embalagens-de-distribuicao-inteligencia-artificial-e-e-commerce-em-eventos\/"},"wordCount":1010,"image":{"@id":"https:\/\/economiasa.com.br\/blog\/intra-log-expo-south-america-tera-maior-hub-de-conteudo-de-logistica-automacao-embalagens-de-distribuicao-inteligencia-artificial-e-e-commerce-em-eventos\/#primaryimage"},"thumbnailUrl":"https:\/\/economiasa.com.br\/blog\/wp-content\/uploads\/2026\/09\/7IV05232.jpg","articleSection":["Eventos"],"inLanguage":"pt-BR"},{"@type":"WebPage","@id":"https:\/\/economiasa.com.br\/blog\/intra-log-expo-south-america-tera-maior-hub-de-conteudo-de-logistica-automacao-embalagens-de-distribuicao-inteligencia-artificial-e-e-commerce-em-eventos\/","url":"https:\/\/economiasa.com.br\/blog\/intra-log-expo-south-america-tera-maior-hub-de-conteudo-de-logistica-automacao-embalagens-de-distribuicao-inteligencia-artificial-e-e-commerce-em-eventos\/","name":"INTRA-LOG Expo South America ter\u00e1 maior hub de conte\u00fado de log\u00edstica, automa\u00e7\u00e3o, embalagens de distribui\u00e7\u00e3o, Intelig\u00eancia Artificial e e-commerce em eventos - Economia S\/A","isPartOf":{"@id":"https:\/\/economiasa.com.br\/blog\/#website"},"primaryImageOfPage":{"@id":"https:\/\/economiasa.com.br\/blog\/intra-log-expo-south-america-tera-maior-hub-de-conteudo-de-logistica-automacao-embalagens-de-distribuicao-inteligencia-artificial-e-e-commerce-em-eventos\/#primaryimage"},"image":{"@id":"https:\/\/economiasa.com.br\/blog\/intra-log-expo-south-america-tera-maior-hub-de-conteudo-de-logistica-automacao-embalagens-de-distribuicao-inteligencia-artificial-e-e-commerce-em-eventos\/#primaryimage"},"thumbnailUrl":"https:\/\/economiasa.com.br\/blog\/wp-content\/uploads\/2026\/09\/7IV05232.jpg","datePublished":"2026-09-01T17:21:57+00:00","dateModified":"2026-09-01T17:21:58+00:00","author":{"@id":"https:\/\/economiasa.com.br\/blog\/#\/schema\/person\/14b8ac2dc25bd63b52bc54e845fa3923"},"breadcrumb":{"@id":"https:\/\/economiasa.com.br\/blog\/intra-log-expo-south-america-tera-maior-hub-de-conteudo-de-logistica-automacao-embalagens-de-distribuicao-inteligencia-artificial-e-e-commerce-em-eventos\/#breadcrumb"},"inLanguage":"pt-BR","potentialAction":[{"@type":"ReadAction","target":["https:\/\/economiasa.com.br\/blog\/intra-log-expo-south-america-tera-maior-hub-de-conteudo-de-logistica-automacao-embalagens-de-distribuicao-inteligencia-artificial-e-e-commerce-em-eventos\/"]}]},{"@type":"ImageObject","inLanguage":"pt-BR","@id":"https:\/\/economiasa.com.br\/blog\/intra-log-expo-south-america-tera-maior-hub-de-conteudo-de-logistica-automacao-embalagens-de-distribuicao-inteligencia-artificial-e-e-commerce-em-eventos\/#primaryimage","url":"https:\/\/economiasa.com.br\/blog\/wp-content\/uploads\/2026\/09\/7IV05232.jpg","contentUrl":"https:\/\/economiasa.com.br\/blog\/wp-content\/uploads\/2026\/09\/7IV05232.jpg","width":3000,"height":2000,"caption":"Cr\u00e9ditos da foto: Divulga\u00e7\u00e3o"},{"@type":"BreadcrumbList","@id":"https:\/\/economiasa.com.br\/blog\/intra-log-expo-south-america-tera-maior-hub-de-conteudo-de-logistica-automacao-embalagens-de-distribuicao-inteligencia-artificial-e-e-commerce-em-eventos\/#breadcrumb","itemListElement":[{"@type":"ListItem","position":1,"name":"In\u00edcio","item":"https:\/\/economiasa.com.br\/blog\/"},{"@type":"ListItem","position":2,"name":"INTRA-LOG Expo South America ter\u00e1 maior hub de conte\u00fado de log\u00edstica, automa\u00e7\u00e3o, embalagens de distribui\u00e7\u00e3o, Intelig\u00eancia Artificial e e-commerce em eventos"}]},{"@type":"WebSite","@id":"https:\/\/economiasa.com.br\/blog\/#website","url":"https:\/\/economiasa.com.br\/blog\/","name":"Economia S\/A","description":"Ler faz bem para os neg\u00f3cios","potentialAction":[{"@type":"SearchAction","target":{"@type":"EntryPoint","urlTemplate":"https:\/\/economiasa.com.br\/blog\/?s={search_term_string}"},"query-input":{"@type":"PropertyValueSpecification","valueRequired":true,"valueName":"search_term_string"}}],"inLanguage":"pt-BR"},{"@type":"Person","@id":"https:\/\/economiasa.com.br\/blog\/#\/schema\/person\/14b8ac2dc25bd63b52bc54e845fa3923","name":"Reda\u00e7\u00e3o","image":{"@type":"ImageObject","inLanguage":"pt-BR","@id":"https:\/\/secure.gravatar.com\/avatar\/c8c795261f7f8547b22616a549577db9e450bd5622da3f6eb62b0e2c3e364c4e?s=96&d=mm&r=g0fb5212bc57e2287787936667fbbe0ff","url":"https:\/\/secure.gravatar.com\/avatar\/c8c795261f7f8547b22616a549577db9e450bd5622da3f6eb62b0e2c3e364c4e?s=96&d=mm&r=g","contentUrl":"https:\/\/secure.gravatar.com\/avatar\/c8c795261f7f8547b22616a549577db9e450bd5622da3f6eb62b0e2c3e364c4e?s=96&d=mm&r=g","caption":"Reda\u00e7\u00e3o"},"sameAs":["http:\/\/www.economiasa.com.br"],"url":"https:\/\/economiasa.com.br\/blog\/author\/redacao\/"}]}},"authors":[{"term_id":13248,"user_id":47,"is_guest":0,"slug":"redacao","display_name":"Reda\u00e7\u00e3o","avatar_url":"https:\/\/secure.gravatar.com\/avatar\/c8c795261f7f8547b22616a549577db9e450bd5622da3f6eb62b0e2c3e364c4e?s=96&d=mm&r=g","author_category":"","first_name":"Reda\u00e7\u00e3o","last_name":"","user_url":"http:\/\/www.economiasa.com.br","job_title":"","description":""}],"amp_enabled":true,"_links":{"self":[{"href":"https:\/\/economiasa.com.br\/blog\/wp-json\/wp\/v2\/posts\/84883","targetHints":{"allow":["GET"]}}],"collection":[{"href":"https:\/\/economiasa.com.br\/blog\/wp-json\/wp\/v2\/posts"}],"about":[{"href":"https:\/\/economiasa.com.br\/blog\/wp-json\/wp\/v2\/types\/post"}],"author":[{"embeddable":true,"href":"https:\/\/economiasa.com.br\/blog\/wp-json\/wp\/v2\/users\/47"}],"replies":[{"embeddable":true,"href":"https:\/\/economiasa.com.br\/blog\/wp-json\/wp\/v2\/comments?post=84883"}],"version-history":[{"count":0,"href":"https:\/\/economiasa.com.br\/blog\/wp-json\/wp\/v2\/posts\/84883\/revisions"}],"wp:featuredmedia":[{"embeddable":true,"href":"https:\/\/economiasa.com.br\/blog\/wp-json\/wp\/v2\/media\/84884"}],"wp:attachment":[{"href":"https:\/\/economiasa.com.br\/blog\/wp-json\/wp\/v2\/media?parent=84883"}],"wp:term":[{"taxonomy":"category","embeddable":true,"href":"https:\/\/economiasa.com.br\/blog\/wp-json\/wp\/v2\/categories?post=84883"},{"taxonomy":"post_tag","embeddable":true,"href":"https:\/\/economiasa.com.br\/blog\/wp-json\/wp\/v2\/tags?post=84883"},{"taxonomy":"author","embeddable":true,"href":"https:\/\/economiasa.com.br\/blog\/wp-json\/wp\/v2\/ppma_author?post=84883"}],"curies":[{"name":"wp","href":"https:\/\/api.w.org\/{rel}","templated":true}]}}