{"id":84885,"date":"2026-09-01T14:23:24","date_gmt":"2026-09-01T17:23:24","guid":{"rendered":"https:\/\/economiasa.com.br\/blog\/?p=84885"},"modified":"2026-09-01T14:23:24","modified_gmt":"2026-09-01T17:23:24","slug":"instituto-dara-abraca-campanha-agosto-lilas-e-promove-acoes-de-conscientizacao-e-enfrentamento-a-violencia-contra-a-mulher","status":"publish","type":"post","link":"https:\/\/economiasa.com.br\/blog\/instituto-dara-abraca-campanha-agosto-lilas-e-promove-acoes-de-conscientizacao-e-enfrentamento-a-violencia-contra-a-mulher\/","title":{"rendered":"Instituto Dara abra\u00e7a campanha &#8216;Agosto Lil\u00e1s&#8217; e promove a\u00e7\u00f5es de conscientiza\u00e7\u00e3o e enfrentamento \u00e0 viol\u00eancia contra a mulher"},"content":{"rendered":"\n<p class=\"wp-block-paragraph\"><em>Entidade atende a fam\u00edlias para acolhimento e atendimento multidisciplinar de combate \u00e0 pobreza; no m\u00eas de 20 anos da Lei Maria da Penha, Instituto revela que mais de 90% das mulheres atendidas j\u00e1 sofreram epis\u00f3dios de viol\u00eancia<\/em><\/p>\n\n\n\n<p class=\"wp-block-paragraph\">O<a href=\"https:\/\/dara.org.br\/\" target=\"_blank\" rel=\"noreferrer noopener\"> Instituto Dara<\/a>, organiza\u00e7\u00e3o da sociedade civil dedicada a combater a pobreza de forma sist\u00eamica e integrada, apoiando fam\u00edlias em contextos de alta vulnerabilidade, abra\u00e7a a campanha \u2018Agosto Lil\u00e1s\u2019 \u2013 m\u00eas de conscientiza\u00e7\u00e3o e enfrentamento \u00e0 viol\u00eancia contra a mulher \u2013\u00a0 e realiza, ao longo do per\u00edodo, a\u00e7\u00f5es de esclarecimento sobre depend\u00eancia emocional, identifica\u00e7\u00e3o de rela\u00e7\u00f5es abusivas e fortalecimento da autonomia emocional.\u00a0<\/p>\n\n\n\n<p class=\"wp-block-paragraph\">A programa\u00e7\u00e3o engloba o projeto \u2018Aconchego\u2019, iniciativa que faz parte da segunda edi\u00e7\u00e3o da Programa\u00e7\u00e3o Art\u00edstico Familiar (PAF). Em um m\u00eas, cerca de 130 mulheres debateram e refletiram sobre tem\u00e1ticas alinhadas ao \u2018Agosto Lil\u00e1s\u2019.\u00a0\u00a0<\/p>\n\n\n\n<p class=\"wp-block-paragraph\">A partir das experi\u00eancias das benefici\u00e1rias nas a\u00e7\u00f5es, \u00e9 gerado repert\u00f3rio criativo, afetivo e simb\u00f3lico e, sob orienta\u00e7\u00e3o da assistente social Elisangela Barros e da coordenadora de cidadania Laura Motta, al\u00e9m de uma equipe multidisciplinar, elas produzem materiais de artes visuais, como cartazes e pain\u00e9is coloridos e de diferentes formas. O trabalho apresenta o conte\u00fado debatido, transformando di\u00e1logos em obras de destaque, como as cartilhas \u2018Vamos conversar sobre viol\u00eancia contra a mulher\u2019, do Minist\u00e9rio P\u00fablico do Estado do Rio de Janeiro (MPRJ), e \u2018Eu me Protejo\u2019.\u00a0<\/p>\n\n\n\n<p class=\"wp-block-paragraph\">O projeto Aconchego se torna ainda mais relevante no atual contexto, uma vez que a Lei Maria da Penha (Lei n\u00ba 11.340\/2006) completa 20 anos em agosto de 2026. A normativa funciona como o principal marco legal do pa\u00eds de preven\u00e7\u00e3o e enfrentamento \u00e0 viol\u00eancia dom\u00e9stica e familiar contra as mulheres e o Instituto Dara identificou que\u00a0 mais de 90% das atendidas j\u00e1 sofreram epis\u00f3dios de viol\u00eancia.\u00a0<\/p>\n\n\n\n<p class=\"wp-block-paragraph\">O aprendizado tamb\u00e9m se torna estrat\u00e9gico quando o tema \u00e9 a primeira inf\u00e2ncia. As tem\u00e1ticas refor\u00e7am a import\u00e2ncia de ambientes seguros, est\u00e1veis e livres de viol\u00eancia para o desenvolvimento saud\u00e1vel de crian\u00e7as.<\/p>\n\n\n\n<p class=\"wp-block-paragraph\">\u201c\u00c9 preciso criar condi\u00e7\u00f5es para que fam\u00edlias, e sobretudo mulheres, tenham autonomia, conhecimento, renda e acesso aos seus direitos. Quando trabalhamos essas dimens\u00f5es de forma integrada, os resultados se tornam sustent\u00e1veis\u201d, afirma a m\u00e9dica\u00a0 e presidente do Instituto Dara, dra. Vera Cordeiro.\u00a0\u00a0<\/p>\n\n\n\n<p class=\"wp-block-paragraph\"><strong>M\u00e9todo-Dara: atua\u00e7\u00e3o cont\u00ednua e integrada<\/strong><\/p>\n\n\n\n<p class=\"wp-block-paragraph\">O Instituto Dara trabalha com uma tecnologia social pioneira criada para combater a pobreza e promover a sa\u00fade e o desenvolvimento humano, o M\u00e9todo-Dara. Sua filosofia central \u00e9 que a pobreza \u00e9 multidimensional e, portanto, a solu\u00e7\u00e3o deve ser multidisciplinar e simult\u00e2nea: a fam\u00edlia s\u00f3 alcan\u00e7a a autonomia e a sa\u00edda da vulnerabilidade se todos os seus vetores forem atacados ao mesmo tempo \u2013 sa\u00fade, educa\u00e7\u00e3o, moradia, gera\u00e7\u00e3o de renda e cidadania.\u00a0<\/p>\n\n\n\n<p class=\"wp-block-paragraph\">O processo do M\u00e9todo-Dara dura em m\u00e9dia dois anos, em que as fam\u00edlias deixam de ser benefici\u00e1rias passivas para se tornarem protagonistas do seu pr\u00f3prio desenvolvimento. Seu impacto \u00e9 comprovado cientificamente por avalia\u00e7\u00f5es como a da Universidade de Georgetown, que indicou redu\u00e7\u00e3o de 86% nas reinterna\u00e7\u00f5es hospitalares de crian\u00e7as e a duplica\u00e7\u00e3o da renda familiar em um per\u00edodo de tr\u00eas a cinco anos.\u00a0<\/p>\n\n\n\n<p class=\"wp-block-paragraph\"><strong>Dados corroboram sucesso institucional<\/strong><\/p>\n\n\n\n<p class=\"wp-block-paragraph\">N\u00fameros de 2026 referentes a 62 fam\u00edlias atendidas pelo Instituto traduzem o \u00eaxito do trabalho realizado. Ap\u00f3s cerca de dois anos de acompanhamento, a renda m\u00e9dia triplicou; 30% superaram a linha da pobreza; 75% sa\u00edram da inseguran\u00e7a alimentar grave; 67% das crian\u00e7as e adolescentes voltaram para a escola; 33% melhoraram as condi\u00e7\u00f5es de moradia; e 63% reduziram o estresse emocional.\u00a0<\/p>\n\n\n\n<p class=\"wp-block-paragraph\">\u201cComo a pobreza \u00e9 multidimensional, o atendimento multidisciplinar do Instituto Dara vai no cerne da inclus\u00e3o social das fam\u00edlias em vulnerabilidade atendidas. Quando a interven\u00e7\u00e3o \u00e9 estruturada e centrada na fam\u00edlia, a mudan\u00e7a acontece. Em 35 anos de atua\u00e7\u00e3o, impactamos diretamente mais de 100 mil pessoas e indiretamente mais de um milh\u00e3o. Mais do que n\u00fameros, s\u00e3o hist\u00f3rias de dignidade, acesso e novas oportunidades. Transformar realidades exige estrat\u00e9gia, acompanhamento e olhar para a fam\u00edlia como protagonista da mudan\u00e7a. E esses resultados mostram que \u00e9 poss\u00edvel romper ciclos de pobreza\u201d, destaca a presidente do Instituto Dara, Vera Cordeiro.<\/p>\n","protected":false},"excerpt":{"rendered":"<p>Entidade atende a fam\u00edlias para acolhimento e atendimento multidisciplinar de combate \u00e0 pobreza; no m\u00eas de 20 anos da Lei Maria da&#8230;<\/p>\n","protected":false},"author":47,"featured_media":84886,"comment_status":"closed","ping_status":"open","sticky":false,"template":"","format":"standard","meta":{"footnotes":""},"categories":[283],"tags":[],"ppma_author":[13248],"class_list":["post-84885","post","type-post","status-publish","format-standard","has-post-thumbnail","category-saude"],"yoast_head":"<!-- This site is optimized with the Yoast SEO plugin v27.2 - https:\/\/yoast.com\/product\/yoast-seo-wordpress\/ -->\n<title>Instituto Dara abra\u00e7a campanha &#039;Agosto Lil\u00e1s&#039; e promove a\u00e7\u00f5es de conscientiza\u00e7\u00e3o e enfrentamento \u00e0 viol\u00eancia contra a mulher - Economia S\/A<\/title>\n<meta name=\"robots\" content=\"index, follow, max-snippet:-1, max-image-preview:large, max-video-preview:-1\" \/>\n<link rel=\"canonical\" href=\"https:\/\/economiasa.com.br\/blog\/instituto-dara-abraca-campanha-agosto-lilas-e-promove-acoes-de-conscientizacao-e-enfrentamento-a-violencia-contra-a-mulher\/\" \/>\n<meta property=\"og:locale\" content=\"pt_BR\" \/>\n<meta property=\"og:type\" content=\"article\" \/>\n<meta property=\"og:title\" content=\"Instituto Dara abra\u00e7a campanha &#039;Agosto Lil\u00e1s&#039; e promove a\u00e7\u00f5es de conscientiza\u00e7\u00e3o e enfrentamento \u00e0 viol\u00eancia contra a mulher - Economia S\/A\" \/>\n<meta property=\"og:description\" content=\"Entidade atende a fam\u00edlias para acolhimento e atendimento multidisciplinar de combate \u00e0 pobreza; no m\u00eas de 20 anos da Lei Maria da...\" \/>\n<meta property=\"og:url\" content=\"https:\/\/economiasa.com.br\/blog\/instituto-dara-abraca-campanha-agosto-lilas-e-promove-acoes-de-conscientizacao-e-enfrentamento-a-violencia-contra-a-mulher\/\" \/>\n<meta property=\"og:site_name\" content=\"Economia S\/A\" \/>\n<meta property=\"article:published_time\" content=\"2026-09-01T17:23:24+00:00\" \/>\n<meta property=\"og:image\" content=\"https:\/\/economiasa.com.br\/blog\/wp-content\/uploads\/2026\/09\/Aconchego_Agosto-Lilas.jpg\" \/>\n\t<meta property=\"og:image:width\" content=\"2100\" \/>\n\t<meta property=\"og:image:height\" content=\"1400\" \/>\n\t<meta property=\"og:image:type\" content=\"image\/jpeg\" \/>\n<meta name=\"author\" content=\"Reda\u00e7\u00e3o\" \/>\n<meta name=\"twitter:card\" content=\"summary_large_image\" \/>\n<meta name=\"twitter:label1\" content=\"Escrito por\" \/>\n\t<meta name=\"twitter:data1\" content=\"Reda\u00e7\u00e3o\" \/>\n\t<meta name=\"twitter:label2\" content=\"Est. tempo de leitura\" \/>\n\t<meta name=\"twitter:data2\" content=\"4 minutos\" \/>\n<script type=\"application\/ld+json\" class=\"yoast-schema-graph\">{\"@context\":\"https:\/\/schema.org\",\"@graph\":[{\"@type\":\"Article\",\"@id\":\"https:\/\/economiasa.com.br\/blog\/instituto-dara-abraca-campanha-agosto-lilas-e-promove-acoes-de-conscientizacao-e-enfrentamento-a-violencia-contra-a-mulher\/#article\",\"isPartOf\":{\"@id\":\"https:\/\/economiasa.com.br\/blog\/instituto-dara-abraca-campanha-agosto-lilas-e-promove-acoes-de-conscientizacao-e-enfrentamento-a-violencia-contra-a-mulher\/\"},\"author\":{\"name\":\"Reda\u00e7\u00e3o\",\"@id\":\"https:\/\/economiasa.com.br\/blog\/#\/schema\/person\/14b8ac2dc25bd63b52bc54e845fa3923\"},\"headline\":\"Instituto Dara abra\u00e7a campanha &#8216;Agosto Lil\u00e1s&#8217; e promove a\u00e7\u00f5es de conscientiza\u00e7\u00e3o e enfrentamento \u00e0 viol\u00eancia contra a mulher\",\"datePublished\":\"2026-09-01T17:23:24+00:00\",\"mainEntityOfPage\":{\"@id\":\"https:\/\/economiasa.com.br\/blog\/instituto-dara-abraca-campanha-agosto-lilas-e-promove-acoes-de-conscientizacao-e-enfrentamento-a-violencia-contra-a-mulher\/\"},\"wordCount\":770,\"image\":{\"@id\":\"https:\/\/economiasa.com.br\/blog\/instituto-dara-abraca-campanha-agosto-lilas-e-promove-acoes-de-conscientizacao-e-enfrentamento-a-violencia-contra-a-mulher\/#primaryimage\"},\"thumbnailUrl\":\"https:\/\/economiasa.com.br\/blog\/wp-content\/uploads\/2026\/09\/Aconchego_Agosto-Lilas.jpg\",\"articleSection\":[\"Sa\u00fade\"],\"inLanguage\":\"pt-BR\"},{\"@type\":\"WebPage\",\"@id\":\"https:\/\/economiasa.com.br\/blog\/instituto-dara-abraca-campanha-agosto-lilas-e-promove-acoes-de-conscientizacao-e-enfrentamento-a-violencia-contra-a-mulher\/\",\"url\":\"https:\/\/economiasa.com.br\/blog\/instituto-dara-abraca-campanha-agosto-lilas-e-promove-acoes-de-conscientizacao-e-enfrentamento-a-violencia-contra-a-mulher\/\",\"name\":\"Instituto Dara abra\u00e7a campanha 'Agosto Lil\u00e1s' e promove a\u00e7\u00f5es de conscientiza\u00e7\u00e3o e enfrentamento \u00e0 viol\u00eancia contra a mulher - Economia S\/A\",\"isPartOf\":{\"@id\":\"https:\/\/economiasa.com.br\/blog\/#website\"},\"primaryImageOfPage\":{\"@id\":\"https:\/\/economiasa.com.br\/blog\/instituto-dara-abraca-campanha-agosto-lilas-e-promove-acoes-de-conscientizacao-e-enfrentamento-a-violencia-contra-a-mulher\/#primaryimage\"},\"image\":{\"@id\":\"https:\/\/economiasa.com.br\/blog\/instituto-dara-abraca-campanha-agosto-lilas-e-promove-acoes-de-conscientizacao-e-enfrentamento-a-violencia-contra-a-mulher\/#primaryimage\"},\"thumbnailUrl\":\"https:\/\/economiasa.com.br\/blog\/wp-content\/uploads\/2026\/09\/Aconchego_Agosto-Lilas.jpg\",\"datePublished\":\"2026-09-01T17:23:24+00:00\",\"author\":{\"@id\":\"https:\/\/economiasa.com.br\/blog\/#\/schema\/person\/14b8ac2dc25bd63b52bc54e845fa3923\"},\"breadcrumb\":{\"@id\":\"https:\/\/economiasa.com.br\/blog\/instituto-dara-abraca-campanha-agosto-lilas-e-promove-acoes-de-conscientizacao-e-enfrentamento-a-violencia-contra-a-mulher\/#breadcrumb\"},\"inLanguage\":\"pt-BR\",\"potentialAction\":[{\"@type\":\"ReadAction\",\"target\":[\"https:\/\/economiasa.com.br\/blog\/instituto-dara-abraca-campanha-agosto-lilas-e-promove-acoes-de-conscientizacao-e-enfrentamento-a-violencia-contra-a-mulher\/\"]}]},{\"@type\":\"ImageObject\",\"inLanguage\":\"pt-BR\",\"@id\":\"https:\/\/economiasa.com.br\/blog\/instituto-dara-abraca-campanha-agosto-lilas-e-promove-acoes-de-conscientizacao-e-enfrentamento-a-violencia-contra-a-mulher\/#primaryimage\",\"url\":\"https:\/\/economiasa.com.br\/blog\/wp-content\/uploads\/2026\/09\/Aconchego_Agosto-Lilas.jpg\",\"contentUrl\":\"https:\/\/economiasa.com.br\/blog\/wp-content\/uploads\/2026\/09\/Aconchego_Agosto-Lilas.jpg\",\"width\":2100,\"height\":1400,\"caption\":\"Cr\u00e9ditos da foto: Divulga\u00e7\u00e3o\"},{\"@type\":\"BreadcrumbList\",\"@id\":\"https:\/\/economiasa.com.br\/blog\/instituto-dara-abraca-campanha-agosto-lilas-e-promove-acoes-de-conscientizacao-e-enfrentamento-a-violencia-contra-a-mulher\/#breadcrumb\",\"itemListElement\":[{\"@type\":\"ListItem\",\"position\":1,\"name\":\"In\u00edcio\",\"item\":\"https:\/\/economiasa.com.br\/blog\/\"},{\"@type\":\"ListItem\",\"position\":2,\"name\":\"Instituto Dara abra\u00e7a campanha &#8216;Agosto Lil\u00e1s&#8217; e promove a\u00e7\u00f5es de conscientiza\u00e7\u00e3o e enfrentamento \u00e0 viol\u00eancia contra a mulher\"}]},{\"@type\":\"WebSite\",\"@id\":\"https:\/\/economiasa.com.br\/blog\/#website\",\"url\":\"https:\/\/economiasa.com.br\/blog\/\",\"name\":\"Economia S\/A\",\"description\":\"Ler faz bem para os neg\u00f3cios\",\"potentialAction\":[{\"@type\":\"SearchAction\",\"target\":{\"@type\":\"EntryPoint\",\"urlTemplate\":\"https:\/\/economiasa.com.br\/blog\/?s={search_term_string}\"},\"query-input\":{\"@type\":\"PropertyValueSpecification\",\"valueRequired\":true,\"valueName\":\"search_term_string\"}}],\"inLanguage\":\"pt-BR\"},{\"@type\":\"Person\",\"@id\":\"https:\/\/economiasa.com.br\/blog\/#\/schema\/person\/14b8ac2dc25bd63b52bc54e845fa3923\",\"name\":\"Reda\u00e7\u00e3o\",\"image\":{\"@type\":\"ImageObject\",\"inLanguage\":\"pt-BR\",\"@id\":\"https:\/\/secure.gravatar.com\/avatar\/c8c795261f7f8547b22616a549577db9e450bd5622da3f6eb62b0e2c3e364c4e?s=96&d=mm&r=g0fb5212bc57e2287787936667fbbe0ff\",\"url\":\"https:\/\/secure.gravatar.com\/avatar\/c8c795261f7f8547b22616a549577db9e450bd5622da3f6eb62b0e2c3e364c4e?s=96&d=mm&r=g\",\"contentUrl\":\"https:\/\/secure.gravatar.com\/avatar\/c8c795261f7f8547b22616a549577db9e450bd5622da3f6eb62b0e2c3e364c4e?s=96&d=mm&r=g\",\"caption\":\"Reda\u00e7\u00e3o\"},\"sameAs\":[\"http:\/\/www.economiasa.com.br\"],\"url\":\"https:\/\/economiasa.com.br\/blog\/author\/redacao\/\"}]}<\/script>\n<!-- \/ Yoast SEO plugin. -->","yoast_head_json":{"title":"Instituto Dara abra\u00e7a campanha 'Agosto Lil\u00e1s' e promove a\u00e7\u00f5es de conscientiza\u00e7\u00e3o e enfrentamento \u00e0 viol\u00eancia contra a mulher - Economia S\/A","robots":{"index":"index","follow":"follow","max-snippet":"max-snippet:-1","max-image-preview":"max-image-preview:large","max-video-preview":"max-video-preview:-1"},"canonical":"https:\/\/economiasa.com.br\/blog\/instituto-dara-abraca-campanha-agosto-lilas-e-promove-acoes-de-conscientizacao-e-enfrentamento-a-violencia-contra-a-mulher\/","og_locale":"pt_BR","og_type":"article","og_title":"Instituto Dara abra\u00e7a campanha 'Agosto Lil\u00e1s' e promove a\u00e7\u00f5es de conscientiza\u00e7\u00e3o e enfrentamento \u00e0 viol\u00eancia contra a mulher - Economia S\/A","og_description":"Entidade atende a fam\u00edlias para acolhimento e atendimento multidisciplinar de combate \u00e0 pobreza; no m\u00eas de 20 anos da Lei Maria da...","og_url":"https:\/\/economiasa.com.br\/blog\/instituto-dara-abraca-campanha-agosto-lilas-e-promove-acoes-de-conscientizacao-e-enfrentamento-a-violencia-contra-a-mulher\/","og_site_name":"Economia S\/A","article_published_time":"2026-09-01T17:23:24+00:00","og_image":[{"width":2100,"height":1400,"url":"https:\/\/economiasa.com.br\/blog\/wp-content\/uploads\/2026\/09\/Aconchego_Agosto-Lilas.jpg","type":"image\/jpeg"}],"author":"Reda\u00e7\u00e3o","twitter_card":"summary_large_image","twitter_misc":{"Escrito por":"Reda\u00e7\u00e3o","Est. tempo de leitura":"4 minutos"},"schema":{"@context":"https:\/\/schema.org","@graph":[{"@type":"Article","@id":"https:\/\/economiasa.com.br\/blog\/instituto-dara-abraca-campanha-agosto-lilas-e-promove-acoes-de-conscientizacao-e-enfrentamento-a-violencia-contra-a-mulher\/#article","isPartOf":{"@id":"https:\/\/economiasa.com.br\/blog\/instituto-dara-abraca-campanha-agosto-lilas-e-promove-acoes-de-conscientizacao-e-enfrentamento-a-violencia-contra-a-mulher\/"},"author":{"name":"Reda\u00e7\u00e3o","@id":"https:\/\/economiasa.com.br\/blog\/#\/schema\/person\/14b8ac2dc25bd63b52bc54e845fa3923"},"headline":"Instituto Dara abra\u00e7a campanha &#8216;Agosto Lil\u00e1s&#8217; e promove a\u00e7\u00f5es de conscientiza\u00e7\u00e3o e enfrentamento \u00e0 viol\u00eancia contra a mulher","datePublished":"2026-09-01T17:23:24+00:00","mainEntityOfPage":{"@id":"https:\/\/economiasa.com.br\/blog\/instituto-dara-abraca-campanha-agosto-lilas-e-promove-acoes-de-conscientizacao-e-enfrentamento-a-violencia-contra-a-mulher\/"},"wordCount":770,"image":{"@id":"https:\/\/economiasa.com.br\/blog\/instituto-dara-abraca-campanha-agosto-lilas-e-promove-acoes-de-conscientizacao-e-enfrentamento-a-violencia-contra-a-mulher\/#primaryimage"},"thumbnailUrl":"https:\/\/economiasa.com.br\/blog\/wp-content\/uploads\/2026\/09\/Aconchego_Agosto-Lilas.jpg","articleSection":["Sa\u00fade"],"inLanguage":"pt-BR"},{"@type":"WebPage","@id":"https:\/\/economiasa.com.br\/blog\/instituto-dara-abraca-campanha-agosto-lilas-e-promove-acoes-de-conscientizacao-e-enfrentamento-a-violencia-contra-a-mulher\/","url":"https:\/\/economiasa.com.br\/blog\/instituto-dara-abraca-campanha-agosto-lilas-e-promove-acoes-de-conscientizacao-e-enfrentamento-a-violencia-contra-a-mulher\/","name":"Instituto Dara abra\u00e7a campanha 'Agosto Lil\u00e1s' e promove a\u00e7\u00f5es de conscientiza\u00e7\u00e3o e enfrentamento \u00e0 viol\u00eancia contra a mulher - Economia S\/A","isPartOf":{"@id":"https:\/\/economiasa.com.br\/blog\/#website"},"primaryImageOfPage":{"@id":"https:\/\/economiasa.com.br\/blog\/instituto-dara-abraca-campanha-agosto-lilas-e-promove-acoes-de-conscientizacao-e-enfrentamento-a-violencia-contra-a-mulher\/#primaryimage"},"image":{"@id":"https:\/\/economiasa.com.br\/blog\/instituto-dara-abraca-campanha-agosto-lilas-e-promove-acoes-de-conscientizacao-e-enfrentamento-a-violencia-contra-a-mulher\/#primaryimage"},"thumbnailUrl":"https:\/\/economiasa.com.br\/blog\/wp-content\/uploads\/2026\/09\/Aconchego_Agosto-Lilas.jpg","datePublished":"2026-09-01T17:23:24+00:00","author":{"@id":"https:\/\/economiasa.com.br\/blog\/#\/schema\/person\/14b8ac2dc25bd63b52bc54e845fa3923"},"breadcrumb":{"@id":"https:\/\/economiasa.com.br\/blog\/instituto-dara-abraca-campanha-agosto-lilas-e-promove-acoes-de-conscientizacao-e-enfrentamento-a-violencia-contra-a-mulher\/#breadcrumb"},"inLanguage":"pt-BR","potentialAction":[{"@type":"ReadAction","target":["https:\/\/economiasa.com.br\/blog\/instituto-dara-abraca-campanha-agosto-lilas-e-promove-acoes-de-conscientizacao-e-enfrentamento-a-violencia-contra-a-mulher\/"]}]},{"@type":"ImageObject","inLanguage":"pt-BR","@id":"https:\/\/economiasa.com.br\/blog\/instituto-dara-abraca-campanha-agosto-lilas-e-promove-acoes-de-conscientizacao-e-enfrentamento-a-violencia-contra-a-mulher\/#primaryimage","url":"https:\/\/economiasa.com.br\/blog\/wp-content\/uploads\/2026\/09\/Aconchego_Agosto-Lilas.jpg","contentUrl":"https:\/\/economiasa.com.br\/blog\/wp-content\/uploads\/2026\/09\/Aconchego_Agosto-Lilas.jpg","width":2100,"height":1400,"caption":"Cr\u00e9ditos da foto: Divulga\u00e7\u00e3o"},{"@type":"BreadcrumbList","@id":"https:\/\/economiasa.com.br\/blog\/instituto-dara-abraca-campanha-agosto-lilas-e-promove-acoes-de-conscientizacao-e-enfrentamento-a-violencia-contra-a-mulher\/#breadcrumb","itemListElement":[{"@type":"ListItem","position":1,"name":"In\u00edcio","item":"https:\/\/economiasa.com.br\/blog\/"},{"@type":"ListItem","position":2,"name":"Instituto Dara abra\u00e7a campanha &#8216;Agosto Lil\u00e1s&#8217; e promove a\u00e7\u00f5es de conscientiza\u00e7\u00e3o e enfrentamento \u00e0 viol\u00eancia contra a mulher"}]},{"@type":"WebSite","@id":"https:\/\/economiasa.com.br\/blog\/#website","url":"https:\/\/economiasa.com.br\/blog\/","name":"Economia S\/A","description":"Ler faz bem para os neg\u00f3cios","potentialAction":[{"@type":"SearchAction","target":{"@type":"EntryPoint","urlTemplate":"https:\/\/economiasa.com.br\/blog\/?s={search_term_string}"},"query-input":{"@type":"PropertyValueSpecification","valueRequired":true,"valueName":"search_term_string"}}],"inLanguage":"pt-BR"},{"@type":"Person","@id":"https:\/\/economiasa.com.br\/blog\/#\/schema\/person\/14b8ac2dc25bd63b52bc54e845fa3923","name":"Reda\u00e7\u00e3o","image":{"@type":"ImageObject","inLanguage":"pt-BR","@id":"https:\/\/secure.gravatar.com\/avatar\/c8c795261f7f8547b22616a549577db9e450bd5622da3f6eb62b0e2c3e364c4e?s=96&d=mm&r=g0fb5212bc57e2287787936667fbbe0ff","url":"https:\/\/secure.gravatar.com\/avatar\/c8c795261f7f8547b22616a549577db9e450bd5622da3f6eb62b0e2c3e364c4e?s=96&d=mm&r=g","contentUrl":"https:\/\/secure.gravatar.com\/avatar\/c8c795261f7f8547b22616a549577db9e450bd5622da3f6eb62b0e2c3e364c4e?s=96&d=mm&r=g","caption":"Reda\u00e7\u00e3o"},"sameAs":["http:\/\/www.economiasa.com.br"],"url":"https:\/\/economiasa.com.br\/blog\/author\/redacao\/"}]}},"authors":[{"term_id":13248,"user_id":47,"is_guest":0,"slug":"redacao","display_name":"Reda\u00e7\u00e3o","avatar_url":"https:\/\/secure.gravatar.com\/avatar\/c8c795261f7f8547b22616a549577db9e450bd5622da3f6eb62b0e2c3e364c4e?s=96&d=mm&r=g","author_category":"","first_name":"Reda\u00e7\u00e3o","last_name":"","user_url":"http:\/\/www.economiasa.com.br","job_title":"","description":""}],"amp_enabled":true,"_links":{"self":[{"href":"https:\/\/economiasa.com.br\/blog\/wp-json\/wp\/v2\/posts\/84885","targetHints":{"allow":["GET"]}}],"collection":[{"href":"https:\/\/economiasa.com.br\/blog\/wp-json\/wp\/v2\/posts"}],"about":[{"href":"https:\/\/economiasa.com.br\/blog\/wp-json\/wp\/v2\/types\/post"}],"author":[{"embeddable":true,"href":"https:\/\/economiasa.com.br\/blog\/wp-json\/wp\/v2\/users\/47"}],"replies":[{"embeddable":true,"href":"https:\/\/economiasa.com.br\/blog\/wp-json\/wp\/v2\/comments?post=84885"}],"version-history":[{"count":0,"href":"https:\/\/economiasa.com.br\/blog\/wp-json\/wp\/v2\/posts\/84885\/revisions"}],"wp:featuredmedia":[{"embeddable":true,"href":"https:\/\/economiasa.com.br\/blog\/wp-json\/wp\/v2\/media\/84886"}],"wp:attachment":[{"href":"https:\/\/economiasa.com.br\/blog\/wp-json\/wp\/v2\/media?parent=84885"}],"wp:term":[{"taxonomy":"category","embeddable":true,"href":"https:\/\/economiasa.com.br\/blog\/wp-json\/wp\/v2\/categories?post=84885"},{"taxonomy":"post_tag","embeddable":true,"href":"https:\/\/economiasa.com.br\/blog\/wp-json\/wp\/v2\/tags?post=84885"},{"taxonomy":"author","embeddable":true,"href":"https:\/\/economiasa.com.br\/blog\/wp-json\/wp\/v2\/ppma_author?post=84885"}],"curies":[{"name":"wp","href":"https:\/\/api.w.org\/{rel}","templated":true}]}}