{"id":84889,"date":"2026-09-01T14:26:49","date_gmt":"2026-09-01T17:26:49","guid":{"rendered":"https:\/\/economiasa.com.br\/blog\/?p=84889"},"modified":"2026-09-01T14:26:50","modified_gmt":"2026-09-01T17:26:50","slug":"com-r-23-tri-movimentados-em-cartoes-e-85-de-faturas-pagas-em-dia-alerta-vai-para-o-acumulo-de-parcelas","status":"publish","type":"post","link":"https:\/\/economiasa.com.br\/blog\/com-r-23-tri-movimentados-em-cartoes-e-85-de-faturas-pagas-em-dia-alerta-vai-para-o-acumulo-de-parcelas\/","title":{"rendered":"Com R$ 2,3 tri movimentados em cart\u00f5es e 85% de faturas pagas em dia, alerta vai para o ac\u00famulo de parcelas"},"content":{"rendered":"\n<p class=\"wp-block-paragraph\"><em>Apesar do avan\u00e7o no uso do cr\u00e9dito e do alto \u00edndice de pagamento integral, excesso de compromissos financeiros pode pesar no or\u00e7amento futuro<\/em><\/p>\n\n\n\n<p class=\"wp-block-paragraph\">As transa\u00e7\u00f5es com cart\u00f5es movimentaram R$2,3 trilh\u00f5es no Brasil no primeiro semestre de 2026, crescimento de 8% em rela\u00e7\u00e3o ao mesmo per\u00edodo do ano passado, segundo dados divulgados pela Associa\u00e7\u00e3o Brasileira das Empresas de Cart\u00f5es de Cr\u00e9dito e Servi\u00e7os (Abecs). O avan\u00e7o foi impulsionado principalmente pelo cart\u00e3o de cr\u00e9dito, que respondeu pela maior parte do volume movimentado e consolidou a modalidade como uma das principais ferramentas de pagamento dos brasileiros.<\/p>\n\n\n\n<p class=\"wp-block-paragraph\">Ao mesmo tempo, uma pesquisa da entidade em parceria com o Datafolha trouxe um dado positivo: 85% dos usu\u00e1rios afirmam pagar o valor integral da fatura todos os meses. O levantamento tamb\u00e9m mostra que 76% da popula\u00e7\u00e3o recorre a algum tipo de cart\u00e3o para realizar pagamentos.<\/p>\n\n\n\n<p class=\"wp-block-paragraph\">O resultado indica maior conscientiza\u00e7\u00e3o sobre os riscos do cr\u00e9dito, considerado uma das modalidades mais caras do mercado. Ainda assim, pagar a fatura em dia \u00e9 apenas uma parte da equa\u00e7\u00e3o quando o assunto \u00e9 sa\u00fade financeira.<\/p>\n\n\n\n<p class=\"wp-block-paragraph\">Para Rodrigo Mandaliti, presidente do Instituto Gest\u00e3o de Excel\u00eancia Operacional em Cobran\u00e7a (IGEOC), o crescimento do uso dos cart\u00f5es exige aten\u00e7\u00e3o para que a conveni\u00eancia n\u00e3o se transforme em comprometimento excessivo da renda.<\/p>\n\n\n\n<p class=\"wp-block-paragraph\">\u201cMuitas pessoas pagam a fatura, mas comprometem uma fra\u00e7\u00e3o significativa da renda com parcelas e despesas recorrentes, o que reduz a poupan\u00e7a e aumenta a vulnerabilidade a imprevistos\u201d.<\/p>\n\n\n\n<p class=\"wp-block-paragraph\">Segundo o especialista, um dos erros mais comuns \u00e9 utilizar o limite dispon\u00edvel do cart\u00e3o como refer\u00eancia para definir o quanto se pode gastar.<\/p>\n\n\n\n<p class=\"wp-block-paragraph\">\u201cO limite concedido pelo banco n\u00e3o representa a capacidade financeira do consumidor. As compras devem estar alinhadas ao or\u00e7amento mensal e aos objetivos de m\u00e9dio e longo prazo, sob risco de desequil\u00edbrio\u201d.<\/p>\n\n\n\n<p class=\"wp-block-paragraph\">Embora o parcelamento seja um recurso importante para o planejamento de determinadas compras, o ac\u00famulo de parcelas pode comprometer o or\u00e7amento dos meses seguintes.<\/p>\n\n\n\n<p class=\"wp-block-paragraph\">Mandaliti recomenda que os consumidores acompanhem os gastos ao longo do m\u00eas, estabele\u00e7am limites compat\u00edveis com a pr\u00f3pria renda e utilizem o cr\u00e9dito como ferramenta de organiza\u00e7\u00e3o financeira.<\/p>\n\n\n\n<p class=\"wp-block-paragraph\">\u201cA soma de v\u00e1rias compras parceladas pode consumir uma parte relevante da renda dos pr\u00f3ximos meses. O consumidor precisa monitorar n\u00e3o s\u00f3 o valor da fatura atual, mas o total de compromissos j\u00e1 assumidos para as faturas seguintes\u201d, conclui.<\/p>\n","protected":false},"excerpt":{"rendered":"<p>Apesar do avan\u00e7o no uso do cr\u00e9dito e do alto \u00edndice de pagamento integral, excesso de compromissos financeiros pode pesar no or\u00e7amento&#8230;<\/p>\n","protected":false},"author":47,"featured_media":84890,"comment_status":"closed","ping_status":"open","sticky":false,"template":"","format":"standard","meta":{"footnotes":""},"categories":[2160],"tags":[],"ppma_author":[13248],"class_list":["post-84889","post","type-post","status-publish","format-standard","has-post-thumbnail","category-financas"],"yoast_head":"<!-- This site is optimized with the Yoast SEO plugin v27.2 - https:\/\/yoast.com\/product\/yoast-seo-wordpress\/ -->\n<title>Com R$ 2,3 tri movimentados em cart\u00f5es e 85% de faturas pagas em dia, alerta vai para o ac\u00famulo de parcelas - Economia S\/A<\/title>\n<meta name=\"robots\" content=\"index, follow, max-snippet:-1, max-image-preview:large, max-video-preview:-1\" \/>\n<link rel=\"canonical\" href=\"https:\/\/economiasa.com.br\/blog\/com-r-23-tri-movimentados-em-cartoes-e-85-de-faturas-pagas-em-dia-alerta-vai-para-o-acumulo-de-parcelas\/\" \/>\n<meta property=\"og:locale\" content=\"pt_BR\" \/>\n<meta property=\"og:type\" content=\"article\" \/>\n<meta property=\"og:title\" content=\"Com R$ 2,3 tri movimentados em cart\u00f5es e 85% de faturas pagas em dia, alerta vai para o ac\u00famulo de parcelas - Economia S\/A\" \/>\n<meta property=\"og:description\" content=\"Apesar do avan\u00e7o no uso do cr\u00e9dito e do alto \u00edndice de pagamento integral, excesso de compromissos financeiros pode pesar no or\u00e7amento...\" \/>\n<meta property=\"og:url\" content=\"https:\/\/economiasa.com.br\/blog\/com-r-23-tri-movimentados-em-cartoes-e-85-de-faturas-pagas-em-dia-alerta-vai-para-o-acumulo-de-parcelas\/\" \/>\n<meta property=\"og:site_name\" content=\"Economia S\/A\" \/>\n<meta property=\"article:published_time\" content=\"2026-09-01T17:26:49+00:00\" \/>\n<meta property=\"article:modified_time\" content=\"2026-09-01T17:26:50+00:00\" \/>\n<meta property=\"og:image\" content=\"https:\/\/economiasa.com.br\/blog\/wp-content\/uploads\/2026\/09\/ChatGPT-Image-24-de-ago.-de-2026-15_28_46.png\" \/>\n\t<meta property=\"og:image:width\" content=\"1536\" \/>\n\t<meta property=\"og:image:height\" content=\"1024\" \/>\n\t<meta property=\"og:image:type\" content=\"image\/png\" \/>\n<meta name=\"author\" content=\"Reda\u00e7\u00e3o\" \/>\n<meta name=\"twitter:card\" content=\"summary_large_image\" \/>\n<meta name=\"twitter:label1\" content=\"Escrito por\" \/>\n\t<meta name=\"twitter:data1\" content=\"Reda\u00e7\u00e3o\" \/>\n\t<meta name=\"twitter:label2\" content=\"Est. tempo de leitura\" \/>\n\t<meta name=\"twitter:data2\" content=\"3 minutos\" \/>\n<script type=\"application\/ld+json\" class=\"yoast-schema-graph\">{\"@context\":\"https:\/\/schema.org\",\"@graph\":[{\"@type\":\"Article\",\"@id\":\"https:\/\/economiasa.com.br\/blog\/com-r-23-tri-movimentados-em-cartoes-e-85-de-faturas-pagas-em-dia-alerta-vai-para-o-acumulo-de-parcelas\/#article\",\"isPartOf\":{\"@id\":\"https:\/\/economiasa.com.br\/blog\/com-r-23-tri-movimentados-em-cartoes-e-85-de-faturas-pagas-em-dia-alerta-vai-para-o-acumulo-de-parcelas\/\"},\"author\":{\"name\":\"Reda\u00e7\u00e3o\",\"@id\":\"https:\/\/economiasa.com.br\/blog\/#\/schema\/person\/14b8ac2dc25bd63b52bc54e845fa3923\"},\"headline\":\"Com R$ 2,3 tri movimentados em cart\u00f5es e 85% de faturas pagas em dia, alerta vai para o ac\u00famulo de parcelas\",\"datePublished\":\"2026-09-01T17:26:49+00:00\",\"dateModified\":\"2026-09-01T17:26:50+00:00\",\"mainEntityOfPage\":{\"@id\":\"https:\/\/economiasa.com.br\/blog\/com-r-23-tri-movimentados-em-cartoes-e-85-de-faturas-pagas-em-dia-alerta-vai-para-o-acumulo-de-parcelas\/\"},\"wordCount\":448,\"image\":{\"@id\":\"https:\/\/economiasa.com.br\/blog\/com-r-23-tri-movimentados-em-cartoes-e-85-de-faturas-pagas-em-dia-alerta-vai-para-o-acumulo-de-parcelas\/#primaryimage\"},\"thumbnailUrl\":\"https:\/\/economiasa.com.br\/blog\/wp-content\/uploads\/2026\/09\/ChatGPT-Image-24-de-ago.-de-2026-15_28_46.png\",\"articleSection\":[\"Finan\u00e7as\"],\"inLanguage\":\"pt-BR\"},{\"@type\":\"WebPage\",\"@id\":\"https:\/\/economiasa.com.br\/blog\/com-r-23-tri-movimentados-em-cartoes-e-85-de-faturas-pagas-em-dia-alerta-vai-para-o-acumulo-de-parcelas\/\",\"url\":\"https:\/\/economiasa.com.br\/blog\/com-r-23-tri-movimentados-em-cartoes-e-85-de-faturas-pagas-em-dia-alerta-vai-para-o-acumulo-de-parcelas\/\",\"name\":\"Com R$ 2,3 tri movimentados em cart\u00f5es e 85% de faturas pagas em dia, alerta vai para o ac\u00famulo de parcelas - Economia S\/A\",\"isPartOf\":{\"@id\":\"https:\/\/economiasa.com.br\/blog\/#website\"},\"primaryImageOfPage\":{\"@id\":\"https:\/\/economiasa.com.br\/blog\/com-r-23-tri-movimentados-em-cartoes-e-85-de-faturas-pagas-em-dia-alerta-vai-para-o-acumulo-de-parcelas\/#primaryimage\"},\"image\":{\"@id\":\"https:\/\/economiasa.com.br\/blog\/com-r-23-tri-movimentados-em-cartoes-e-85-de-faturas-pagas-em-dia-alerta-vai-para-o-acumulo-de-parcelas\/#primaryimage\"},\"thumbnailUrl\":\"https:\/\/economiasa.com.br\/blog\/wp-content\/uploads\/2026\/09\/ChatGPT-Image-24-de-ago.-de-2026-15_28_46.png\",\"datePublished\":\"2026-09-01T17:26:49+00:00\",\"dateModified\":\"2026-09-01T17:26:50+00:00\",\"author\":{\"@id\":\"https:\/\/economiasa.com.br\/blog\/#\/schema\/person\/14b8ac2dc25bd63b52bc54e845fa3923\"},\"breadcrumb\":{\"@id\":\"https:\/\/economiasa.com.br\/blog\/com-r-23-tri-movimentados-em-cartoes-e-85-de-faturas-pagas-em-dia-alerta-vai-para-o-acumulo-de-parcelas\/#breadcrumb\"},\"inLanguage\":\"pt-BR\",\"potentialAction\":[{\"@type\":\"ReadAction\",\"target\":[\"https:\/\/economiasa.com.br\/blog\/com-r-23-tri-movimentados-em-cartoes-e-85-de-faturas-pagas-em-dia-alerta-vai-para-o-acumulo-de-parcelas\/\"]}]},{\"@type\":\"ImageObject\",\"inLanguage\":\"pt-BR\",\"@id\":\"https:\/\/economiasa.com.br\/blog\/com-r-23-tri-movimentados-em-cartoes-e-85-de-faturas-pagas-em-dia-alerta-vai-para-o-acumulo-de-parcelas\/#primaryimage\",\"url\":\"https:\/\/economiasa.com.br\/blog\/wp-content\/uploads\/2026\/09\/ChatGPT-Image-24-de-ago.-de-2026-15_28_46.png\",\"contentUrl\":\"https:\/\/economiasa.com.br\/blog\/wp-content\/uploads\/2026\/09\/ChatGPT-Image-24-de-ago.-de-2026-15_28_46.png\",\"width\":1536,\"height\":1024,\"caption\":\"Cr\u00e9ditos da foto: Divulga\u00e7\u00e3o\"},{\"@type\":\"BreadcrumbList\",\"@id\":\"https:\/\/economiasa.com.br\/blog\/com-r-23-tri-movimentados-em-cartoes-e-85-de-faturas-pagas-em-dia-alerta-vai-para-o-acumulo-de-parcelas\/#breadcrumb\",\"itemListElement\":[{\"@type\":\"ListItem\",\"position\":1,\"name\":\"In\u00edcio\",\"item\":\"https:\/\/economiasa.com.br\/blog\/\"},{\"@type\":\"ListItem\",\"position\":2,\"name\":\"Com R$ 2,3 tri movimentados em cart\u00f5es e 85% de faturas pagas em dia, alerta vai para o ac\u00famulo de parcelas\"}]},{\"@type\":\"WebSite\",\"@id\":\"https:\/\/economiasa.com.br\/blog\/#website\",\"url\":\"https:\/\/economiasa.com.br\/blog\/\",\"name\":\"Economia S\/A\",\"description\":\"Ler faz bem para os neg\u00f3cios\",\"potentialAction\":[{\"@type\":\"SearchAction\",\"target\":{\"@type\":\"EntryPoint\",\"urlTemplate\":\"https:\/\/economiasa.com.br\/blog\/?s={search_term_string}\"},\"query-input\":{\"@type\":\"PropertyValueSpecification\",\"valueRequired\":true,\"valueName\":\"search_term_string\"}}],\"inLanguage\":\"pt-BR\"},{\"@type\":\"Person\",\"@id\":\"https:\/\/economiasa.com.br\/blog\/#\/schema\/person\/14b8ac2dc25bd63b52bc54e845fa3923\",\"name\":\"Reda\u00e7\u00e3o\",\"image\":{\"@type\":\"ImageObject\",\"inLanguage\":\"pt-BR\",\"@id\":\"https:\/\/secure.gravatar.com\/avatar\/c8c795261f7f8547b22616a549577db9e450bd5622da3f6eb62b0e2c3e364c4e?s=96&d=mm&r=g0fb5212bc57e2287787936667fbbe0ff\",\"url\":\"https:\/\/secure.gravatar.com\/avatar\/c8c795261f7f8547b22616a549577db9e450bd5622da3f6eb62b0e2c3e364c4e?s=96&d=mm&r=g\",\"contentUrl\":\"https:\/\/secure.gravatar.com\/avatar\/c8c795261f7f8547b22616a549577db9e450bd5622da3f6eb62b0e2c3e364c4e?s=96&d=mm&r=g\",\"caption\":\"Reda\u00e7\u00e3o\"},\"sameAs\":[\"http:\/\/www.economiasa.com.br\"],\"url\":\"https:\/\/economiasa.com.br\/blog\/author\/redacao\/\"}]}<\/script>\n<!-- \/ Yoast SEO plugin. -->","yoast_head_json":{"title":"Com R$ 2,3 tri movimentados em cart\u00f5es e 85% de faturas pagas em dia, alerta vai para o ac\u00famulo de parcelas - Economia S\/A","robots":{"index":"index","follow":"follow","max-snippet":"max-snippet:-1","max-image-preview":"max-image-preview:large","max-video-preview":"max-video-preview:-1"},"canonical":"https:\/\/economiasa.com.br\/blog\/com-r-23-tri-movimentados-em-cartoes-e-85-de-faturas-pagas-em-dia-alerta-vai-para-o-acumulo-de-parcelas\/","og_locale":"pt_BR","og_type":"article","og_title":"Com R$ 2,3 tri movimentados em cart\u00f5es e 85% de faturas pagas em dia, alerta vai para o ac\u00famulo de parcelas - Economia S\/A","og_description":"Apesar do avan\u00e7o no uso do cr\u00e9dito e do alto \u00edndice de pagamento integral, excesso de compromissos financeiros pode pesar no or\u00e7amento...","og_url":"https:\/\/economiasa.com.br\/blog\/com-r-23-tri-movimentados-em-cartoes-e-85-de-faturas-pagas-em-dia-alerta-vai-para-o-acumulo-de-parcelas\/","og_site_name":"Economia S\/A","article_published_time":"2026-09-01T17:26:49+00:00","article_modified_time":"2026-09-01T17:26:50+00:00","og_image":[{"width":1536,"height":1024,"url":"https:\/\/economiasa.com.br\/blog\/wp-content\/uploads\/2026\/09\/ChatGPT-Image-24-de-ago.-de-2026-15_28_46.png","type":"image\/png"}],"author":"Reda\u00e7\u00e3o","twitter_card":"summary_large_image","twitter_misc":{"Escrito por":"Reda\u00e7\u00e3o","Est. tempo de leitura":"3 minutos"},"schema":{"@context":"https:\/\/schema.org","@graph":[{"@type":"Article","@id":"https:\/\/economiasa.com.br\/blog\/com-r-23-tri-movimentados-em-cartoes-e-85-de-faturas-pagas-em-dia-alerta-vai-para-o-acumulo-de-parcelas\/#article","isPartOf":{"@id":"https:\/\/economiasa.com.br\/blog\/com-r-23-tri-movimentados-em-cartoes-e-85-de-faturas-pagas-em-dia-alerta-vai-para-o-acumulo-de-parcelas\/"},"author":{"name":"Reda\u00e7\u00e3o","@id":"https:\/\/economiasa.com.br\/blog\/#\/schema\/person\/14b8ac2dc25bd63b52bc54e845fa3923"},"headline":"Com R$ 2,3 tri movimentados em cart\u00f5es e 85% de faturas pagas em dia, alerta vai para o ac\u00famulo de parcelas","datePublished":"2026-09-01T17:26:49+00:00","dateModified":"2026-09-01T17:26:50+00:00","mainEntityOfPage":{"@id":"https:\/\/economiasa.com.br\/blog\/com-r-23-tri-movimentados-em-cartoes-e-85-de-faturas-pagas-em-dia-alerta-vai-para-o-acumulo-de-parcelas\/"},"wordCount":448,"image":{"@id":"https:\/\/economiasa.com.br\/blog\/com-r-23-tri-movimentados-em-cartoes-e-85-de-faturas-pagas-em-dia-alerta-vai-para-o-acumulo-de-parcelas\/#primaryimage"},"thumbnailUrl":"https:\/\/economiasa.com.br\/blog\/wp-content\/uploads\/2026\/09\/ChatGPT-Image-24-de-ago.-de-2026-15_28_46.png","articleSection":["Finan\u00e7as"],"inLanguage":"pt-BR"},{"@type":"WebPage","@id":"https:\/\/economiasa.com.br\/blog\/com-r-23-tri-movimentados-em-cartoes-e-85-de-faturas-pagas-em-dia-alerta-vai-para-o-acumulo-de-parcelas\/","url":"https:\/\/economiasa.com.br\/blog\/com-r-23-tri-movimentados-em-cartoes-e-85-de-faturas-pagas-em-dia-alerta-vai-para-o-acumulo-de-parcelas\/","name":"Com R$ 2,3 tri movimentados em cart\u00f5es e 85% de faturas pagas em dia, alerta vai para o ac\u00famulo de parcelas - Economia S\/A","isPartOf":{"@id":"https:\/\/economiasa.com.br\/blog\/#website"},"primaryImageOfPage":{"@id":"https:\/\/economiasa.com.br\/blog\/com-r-23-tri-movimentados-em-cartoes-e-85-de-faturas-pagas-em-dia-alerta-vai-para-o-acumulo-de-parcelas\/#primaryimage"},"image":{"@id":"https:\/\/economiasa.com.br\/blog\/com-r-23-tri-movimentados-em-cartoes-e-85-de-faturas-pagas-em-dia-alerta-vai-para-o-acumulo-de-parcelas\/#primaryimage"},"thumbnailUrl":"https:\/\/economiasa.com.br\/blog\/wp-content\/uploads\/2026\/09\/ChatGPT-Image-24-de-ago.-de-2026-15_28_46.png","datePublished":"2026-09-01T17:26:49+00:00","dateModified":"2026-09-01T17:26:50+00:00","author":{"@id":"https:\/\/economiasa.com.br\/blog\/#\/schema\/person\/14b8ac2dc25bd63b52bc54e845fa3923"},"breadcrumb":{"@id":"https:\/\/economiasa.com.br\/blog\/com-r-23-tri-movimentados-em-cartoes-e-85-de-faturas-pagas-em-dia-alerta-vai-para-o-acumulo-de-parcelas\/#breadcrumb"},"inLanguage":"pt-BR","potentialAction":[{"@type":"ReadAction","target":["https:\/\/economiasa.com.br\/blog\/com-r-23-tri-movimentados-em-cartoes-e-85-de-faturas-pagas-em-dia-alerta-vai-para-o-acumulo-de-parcelas\/"]}]},{"@type":"ImageObject","inLanguage":"pt-BR","@id":"https:\/\/economiasa.com.br\/blog\/com-r-23-tri-movimentados-em-cartoes-e-85-de-faturas-pagas-em-dia-alerta-vai-para-o-acumulo-de-parcelas\/#primaryimage","url":"https:\/\/economiasa.com.br\/blog\/wp-content\/uploads\/2026\/09\/ChatGPT-Image-24-de-ago.-de-2026-15_28_46.png","contentUrl":"https:\/\/economiasa.com.br\/blog\/wp-content\/uploads\/2026\/09\/ChatGPT-Image-24-de-ago.-de-2026-15_28_46.png","width":1536,"height":1024,"caption":"Cr\u00e9ditos da foto: Divulga\u00e7\u00e3o"},{"@type":"BreadcrumbList","@id":"https:\/\/economiasa.com.br\/blog\/com-r-23-tri-movimentados-em-cartoes-e-85-de-faturas-pagas-em-dia-alerta-vai-para-o-acumulo-de-parcelas\/#breadcrumb","itemListElement":[{"@type":"ListItem","position":1,"name":"In\u00edcio","item":"https:\/\/economiasa.com.br\/blog\/"},{"@type":"ListItem","position":2,"name":"Com R$ 2,3 tri movimentados em cart\u00f5es e 85% de faturas pagas em dia, alerta vai para o ac\u00famulo de parcelas"}]},{"@type":"WebSite","@id":"https:\/\/economiasa.com.br\/blog\/#website","url":"https:\/\/economiasa.com.br\/blog\/","name":"Economia S\/A","description":"Ler faz bem para os neg\u00f3cios","potentialAction":[{"@type":"SearchAction","target":{"@type":"EntryPoint","urlTemplate":"https:\/\/economiasa.com.br\/blog\/?s={search_term_string}"},"query-input":{"@type":"PropertyValueSpecification","valueRequired":true,"valueName":"search_term_string"}}],"inLanguage":"pt-BR"},{"@type":"Person","@id":"https:\/\/economiasa.com.br\/blog\/#\/schema\/person\/14b8ac2dc25bd63b52bc54e845fa3923","name":"Reda\u00e7\u00e3o","image":{"@type":"ImageObject","inLanguage":"pt-BR","@id":"https:\/\/secure.gravatar.com\/avatar\/c8c795261f7f8547b22616a549577db9e450bd5622da3f6eb62b0e2c3e364c4e?s=96&d=mm&r=g0fb5212bc57e2287787936667fbbe0ff","url":"https:\/\/secure.gravatar.com\/avatar\/c8c795261f7f8547b22616a549577db9e450bd5622da3f6eb62b0e2c3e364c4e?s=96&d=mm&r=g","contentUrl":"https:\/\/secure.gravatar.com\/avatar\/c8c795261f7f8547b22616a549577db9e450bd5622da3f6eb62b0e2c3e364c4e?s=96&d=mm&r=g","caption":"Reda\u00e7\u00e3o"},"sameAs":["http:\/\/www.economiasa.com.br"],"url":"https:\/\/economiasa.com.br\/blog\/author\/redacao\/"}]}},"authors":[{"term_id":13248,"user_id":47,"is_guest":0,"slug":"redacao","display_name":"Reda\u00e7\u00e3o","avatar_url":"https:\/\/secure.gravatar.com\/avatar\/c8c795261f7f8547b22616a549577db9e450bd5622da3f6eb62b0e2c3e364c4e?s=96&d=mm&r=g","author_category":"","first_name":"Reda\u00e7\u00e3o","last_name":"","user_url":"http:\/\/www.economiasa.com.br","job_title":"","description":""}],"amp_enabled":true,"_links":{"self":[{"href":"https:\/\/economiasa.com.br\/blog\/wp-json\/wp\/v2\/posts\/84889","targetHints":{"allow":["GET"]}}],"collection":[{"href":"https:\/\/economiasa.com.br\/blog\/wp-json\/wp\/v2\/posts"}],"about":[{"href":"https:\/\/economiasa.com.br\/blog\/wp-json\/wp\/v2\/types\/post"}],"author":[{"embeddable":true,"href":"https:\/\/economiasa.com.br\/blog\/wp-json\/wp\/v2\/users\/47"}],"replies":[{"embeddable":true,"href":"https:\/\/economiasa.com.br\/blog\/wp-json\/wp\/v2\/comments?post=84889"}],"version-history":[{"count":0,"href":"https:\/\/economiasa.com.br\/blog\/wp-json\/wp\/v2\/posts\/84889\/revisions"}],"wp:featuredmedia":[{"embeddable":true,"href":"https:\/\/economiasa.com.br\/blog\/wp-json\/wp\/v2\/media\/84890"}],"wp:attachment":[{"href":"https:\/\/economiasa.com.br\/blog\/wp-json\/wp\/v2\/media?parent=84889"}],"wp:term":[{"taxonomy":"category","embeddable":true,"href":"https:\/\/economiasa.com.br\/blog\/wp-json\/wp\/v2\/categories?post=84889"},{"taxonomy":"post_tag","embeddable":true,"href":"https:\/\/economiasa.com.br\/blog\/wp-json\/wp\/v2\/tags?post=84889"},{"taxonomy":"author","embeddable":true,"href":"https:\/\/economiasa.com.br\/blog\/wp-json\/wp\/v2\/ppma_author?post=84889"}],"curies":[{"name":"wp","href":"https:\/\/api.w.org\/{rel}","templated":true}]}}