{"id":84891,"date":"2026-09-01T14:28:29","date_gmt":"2026-09-01T17:28:29","guid":{"rendered":"https:\/\/economiasa.com.br\/blog\/?p=84891"},"modified":"2026-09-01T14:28:29","modified_gmt":"2026-09-01T17:28:29","slug":"rede-supermarket-lanca-colecao-de-sacolas-retornaveis-capivara-carioca-com-renda-revertida-ao-pro-crianca-cardiaca","status":"publish","type":"post","link":"https:\/\/economiasa.com.br\/blog\/rede-supermarket-lanca-colecao-de-sacolas-retornaveis-capivara-carioca-com-renda-revertida-ao-pro-crianca-cardiaca\/","title":{"rendered":"Rede Supermarket lan\u00e7a cole\u00e7\u00e3o de sacolas retorn\u00e1veis &#8216;Capivara Carioca&#8217; com renda revertida ao Pro Crian\u00e7a Card\u00edaca"},"content":{"rendered":"\n<p class=\"wp-block-paragraph\"><em>Marca exclusiva tem oito estampas e estar\u00e1 \u00e0 venda em todas as 152 lojas da Rede em todo o estado do Rio de Janeiro<\/em><\/p>\n\n\n\n<p class=\"wp-block-paragraph\">A Rede Supermarket est\u00e1 lan\u00e7ando sacolas retorn\u00e1veis que ser\u00e3o vendidas em todas as 152 lojas da Rede com parte da renda revertida para o projeto Pro Crian\u00e7a Card\u00edaca. As pe\u00e7as colecion\u00e1veis chegam aos pontos de venda da rede com uma personagem carism\u00e1tica: uma capivara, com frases bem conhecidas e amadas pelos moradores do Rio de Janeiro e por quem admira uma carioquice.<\/p>\n\n\n\n<p class=\"wp-block-paragraph\">O lan\u00e7amento da marca exclusiva \u00e9 uma iniciativa solid\u00e1ria que faz parte das comemora\u00e7\u00f5es do anivers\u00e1rio de 17 anos da Rede Supermarket e tem o objetivo de dar continuidade \u00e0 parceria com o projeto Pro Crian\u00e7a Card\u00edaca. As sacolas da cole\u00e7\u00e3o Capivara Carioca contam com oito estampas e quatro tipos de bolsas. Cada item custa R$ 7,99 e pode ser adquirido diretamente nos caixas de pagamento.\u00a0<\/p>\n\n\n\n<p class=\"wp-block-paragraph\">\u201cA parceria com o Pro Crian\u00e7a Card\u00edaca existe desde a cria\u00e7\u00e3o da Rede, em que a renda com a venda dos panetones de marca pr\u00f3pria era revertida ao projeto, retirando parte do custo operacional e doando o lucro. Acreditamos que, ao criar uma cole\u00e7\u00e3o com um personagem carism\u00e1tico e estampas que revelam a identidade descontra\u00edda dos moradores do Rio de Janeiro, vamos conseguir ampliar ainda mais a nossa colabora\u00e7\u00e3o com o instituto e a conex\u00e3o com o consumidor. A parceria tamb\u00e9m reflete parte de nossa miss\u00e3o: inova\u00e7\u00e3o de produto e prop\u00f3sito\u201d, diz o diretor-presidente da Rede Supermarket, Paulo Bonif\u00e1cio.\u00a0<\/p>\n\n\n\n<p class=\"wp-block-paragraph\">\u201cQuando empresas e institui\u00e7\u00f5es unem prop\u00f3sitos, o impacto vai muito al\u00e9m de uma campanha: ele chega ao cora\u00e7\u00e3o de centenas de crian\u00e7as e suas fam\u00edlias.\u00a0A parceria com a Rede Supermarket fortalece nossa miss\u00e3o e demonstra que a solidariedade pode fazer parte do dia a dia. Cada sacola adquirida representa uma contribui\u00e7\u00e3o direta para que possamos continuar oferecendo atendimento de excel\u00eancia \u00e0s crian\u00e7as e adolescentes com cardiopatias\u201d, afirma a diretora m\u00e9dica do Pro Crian\u00e7a Card\u00edaca, Dra. Isabela Rangel.<\/p>\n","protected":false},"excerpt":{"rendered":"<p>Marca exclusiva tem oito estampas e estar\u00e1 \u00e0 venda em todas as 152 lojas da Rede em todo o estado do Rio&#8230;<\/p>\n","protected":false},"author":47,"featured_media":84892,"comment_status":"closed","ping_status":"open","sticky":false,"template":"","format":"standard","meta":{"footnotes":""},"categories":[6310],"tags":[],"ppma_author":[13248],"class_list":["post-84891","post","type-post","status-publish","format-standard","has-post-thumbnail","category-sustentabilidade"],"yoast_head":"<!-- This site is optimized with the Yoast SEO plugin v27.2 - https:\/\/yoast.com\/product\/yoast-seo-wordpress\/ -->\n<title>Rede Supermarket lan\u00e7a cole\u00e7\u00e3o de sacolas retorn\u00e1veis &#039;Capivara Carioca&#039; com renda revertida ao Pro Crian\u00e7a Card\u00edaca - Economia S\/A<\/title>\n<meta name=\"robots\" content=\"index, follow, max-snippet:-1, max-image-preview:large, max-video-preview:-1\" \/>\n<link rel=\"canonical\" href=\"https:\/\/economiasa.com.br\/blog\/rede-supermarket-lanca-colecao-de-sacolas-retornaveis-capivara-carioca-com-renda-revertida-ao-pro-crianca-cardiaca\/\" \/>\n<meta property=\"og:locale\" content=\"pt_BR\" \/>\n<meta property=\"og:type\" content=\"article\" \/>\n<meta property=\"og:title\" content=\"Rede Supermarket lan\u00e7a cole\u00e7\u00e3o de sacolas retorn\u00e1veis &#039;Capivara Carioca&#039; com renda revertida ao Pro Crian\u00e7a Card\u00edaca - Economia S\/A\" \/>\n<meta property=\"og:description\" content=\"Marca exclusiva tem oito estampas e estar\u00e1 \u00e0 venda em todas as 152 lojas da Rede em todo o estado do Rio...\" \/>\n<meta property=\"og:url\" content=\"https:\/\/economiasa.com.br\/blog\/rede-supermarket-lanca-colecao-de-sacolas-retornaveis-capivara-carioca-com-renda-revertida-ao-pro-crianca-cardiaca\/\" \/>\n<meta property=\"og:site_name\" content=\"Economia S\/A\" \/>\n<meta property=\"article:published_time\" content=\"2026-09-01T17:28:29+00:00\" \/>\n<meta property=\"og:image\" content=\"https:\/\/economiasa.com.br\/blog\/wp-content\/uploads\/2026\/09\/MERMAO_Colecao-Capivara-Carioca_Supermarket.jpg\" \/>\n\t<meta property=\"og:image:width\" content=\"1245\" \/>\n\t<meta property=\"og:image:height\" content=\"1209\" \/>\n\t<meta property=\"og:image:type\" content=\"image\/jpeg\" \/>\n<meta name=\"author\" content=\"Reda\u00e7\u00e3o\" \/>\n<meta name=\"twitter:card\" content=\"summary_large_image\" \/>\n<meta name=\"twitter:label1\" content=\"Escrito por\" \/>\n\t<meta name=\"twitter:data1\" content=\"Reda\u00e7\u00e3o\" \/>\n\t<meta name=\"twitter:label2\" content=\"Est. tempo de leitura\" \/>\n\t<meta name=\"twitter:data2\" content=\"3 minutos\" \/>\n<script type=\"application\/ld+json\" class=\"yoast-schema-graph\">{\"@context\":\"https:\/\/schema.org\",\"@graph\":[{\"@type\":\"Article\",\"@id\":\"https:\/\/economiasa.com.br\/blog\/rede-supermarket-lanca-colecao-de-sacolas-retornaveis-capivara-carioca-com-renda-revertida-ao-pro-crianca-cardiaca\/#article\",\"isPartOf\":{\"@id\":\"https:\/\/economiasa.com.br\/blog\/rede-supermarket-lanca-colecao-de-sacolas-retornaveis-capivara-carioca-com-renda-revertida-ao-pro-crianca-cardiaca\/\"},\"author\":{\"name\":\"Reda\u00e7\u00e3o\",\"@id\":\"https:\/\/economiasa.com.br\/blog\/#\/schema\/person\/14b8ac2dc25bd63b52bc54e845fa3923\"},\"headline\":\"Rede Supermarket lan\u00e7a cole\u00e7\u00e3o de sacolas retorn\u00e1veis &#8216;Capivara Carioca&#8217; com renda revertida ao Pro Crian\u00e7a Card\u00edaca\",\"datePublished\":\"2026-09-01T17:28:29+00:00\",\"mainEntityOfPage\":{\"@id\":\"https:\/\/economiasa.com.br\/blog\/rede-supermarket-lanca-colecao-de-sacolas-retornaveis-capivara-carioca-com-renda-revertida-ao-pro-crianca-cardiaca\/\"},\"wordCount\":388,\"image\":{\"@id\":\"https:\/\/economiasa.com.br\/blog\/rede-supermarket-lanca-colecao-de-sacolas-retornaveis-capivara-carioca-com-renda-revertida-ao-pro-crianca-cardiaca\/#primaryimage\"},\"thumbnailUrl\":\"https:\/\/economiasa.com.br\/blog\/wp-content\/uploads\/2026\/09\/MERMAO_Colecao-Capivara-Carioca_Supermarket.jpg\",\"articleSection\":[\"Sustentabilidade\"],\"inLanguage\":\"pt-BR\"},{\"@type\":\"WebPage\",\"@id\":\"https:\/\/economiasa.com.br\/blog\/rede-supermarket-lanca-colecao-de-sacolas-retornaveis-capivara-carioca-com-renda-revertida-ao-pro-crianca-cardiaca\/\",\"url\":\"https:\/\/economiasa.com.br\/blog\/rede-supermarket-lanca-colecao-de-sacolas-retornaveis-capivara-carioca-com-renda-revertida-ao-pro-crianca-cardiaca\/\",\"name\":\"Rede Supermarket lan\u00e7a cole\u00e7\u00e3o de sacolas retorn\u00e1veis 'Capivara Carioca' com renda revertida ao Pro Crian\u00e7a Card\u00edaca - Economia S\/A\",\"isPartOf\":{\"@id\":\"https:\/\/economiasa.com.br\/blog\/#website\"},\"primaryImageOfPage\":{\"@id\":\"https:\/\/economiasa.com.br\/blog\/rede-supermarket-lanca-colecao-de-sacolas-retornaveis-capivara-carioca-com-renda-revertida-ao-pro-crianca-cardiaca\/#primaryimage\"},\"image\":{\"@id\":\"https:\/\/economiasa.com.br\/blog\/rede-supermarket-lanca-colecao-de-sacolas-retornaveis-capivara-carioca-com-renda-revertida-ao-pro-crianca-cardiaca\/#primaryimage\"},\"thumbnailUrl\":\"https:\/\/economiasa.com.br\/blog\/wp-content\/uploads\/2026\/09\/MERMAO_Colecao-Capivara-Carioca_Supermarket.jpg\",\"datePublished\":\"2026-09-01T17:28:29+00:00\",\"author\":{\"@id\":\"https:\/\/economiasa.com.br\/blog\/#\/schema\/person\/14b8ac2dc25bd63b52bc54e845fa3923\"},\"breadcrumb\":{\"@id\":\"https:\/\/economiasa.com.br\/blog\/rede-supermarket-lanca-colecao-de-sacolas-retornaveis-capivara-carioca-com-renda-revertida-ao-pro-crianca-cardiaca\/#breadcrumb\"},\"inLanguage\":\"pt-BR\",\"potentialAction\":[{\"@type\":\"ReadAction\",\"target\":[\"https:\/\/economiasa.com.br\/blog\/rede-supermarket-lanca-colecao-de-sacolas-retornaveis-capivara-carioca-com-renda-revertida-ao-pro-crianca-cardiaca\/\"]}]},{\"@type\":\"ImageObject\",\"inLanguage\":\"pt-BR\",\"@id\":\"https:\/\/economiasa.com.br\/blog\/rede-supermarket-lanca-colecao-de-sacolas-retornaveis-capivara-carioca-com-renda-revertida-ao-pro-crianca-cardiaca\/#primaryimage\",\"url\":\"https:\/\/economiasa.com.br\/blog\/wp-content\/uploads\/2026\/09\/MERMAO_Colecao-Capivara-Carioca_Supermarket.jpg\",\"contentUrl\":\"https:\/\/economiasa.com.br\/blog\/wp-content\/uploads\/2026\/09\/MERMAO_Colecao-Capivara-Carioca_Supermarket.jpg\",\"width\":1245,\"height\":1209,\"caption\":\"Cole\u00e7\u00e3o Capivara Carioca - Cr\u00e9ditos da foto: Divulga\u00e7\u00e3o\"},{\"@type\":\"BreadcrumbList\",\"@id\":\"https:\/\/economiasa.com.br\/blog\/rede-supermarket-lanca-colecao-de-sacolas-retornaveis-capivara-carioca-com-renda-revertida-ao-pro-crianca-cardiaca\/#breadcrumb\",\"itemListElement\":[{\"@type\":\"ListItem\",\"position\":1,\"name\":\"In\u00edcio\",\"item\":\"https:\/\/economiasa.com.br\/blog\/\"},{\"@type\":\"ListItem\",\"position\":2,\"name\":\"Rede Supermarket lan\u00e7a cole\u00e7\u00e3o de sacolas retorn\u00e1veis &#8216;Capivara Carioca&#8217; com renda revertida ao Pro Crian\u00e7a Card\u00edaca\"}]},{\"@type\":\"WebSite\",\"@id\":\"https:\/\/economiasa.com.br\/blog\/#website\",\"url\":\"https:\/\/economiasa.com.br\/blog\/\",\"name\":\"Economia S\/A\",\"description\":\"Ler faz bem para os neg\u00f3cios\",\"potentialAction\":[{\"@type\":\"SearchAction\",\"target\":{\"@type\":\"EntryPoint\",\"urlTemplate\":\"https:\/\/economiasa.com.br\/blog\/?s={search_term_string}\"},\"query-input\":{\"@type\":\"PropertyValueSpecification\",\"valueRequired\":true,\"valueName\":\"search_term_string\"}}],\"inLanguage\":\"pt-BR\"},{\"@type\":\"Person\",\"@id\":\"https:\/\/economiasa.com.br\/blog\/#\/schema\/person\/14b8ac2dc25bd63b52bc54e845fa3923\",\"name\":\"Reda\u00e7\u00e3o\",\"image\":{\"@type\":\"ImageObject\",\"inLanguage\":\"pt-BR\",\"@id\":\"https:\/\/secure.gravatar.com\/avatar\/c8c795261f7f8547b22616a549577db9e450bd5622da3f6eb62b0e2c3e364c4e?s=96&d=mm&r=g0fb5212bc57e2287787936667fbbe0ff\",\"url\":\"https:\/\/secure.gravatar.com\/avatar\/c8c795261f7f8547b22616a549577db9e450bd5622da3f6eb62b0e2c3e364c4e?s=96&d=mm&r=g\",\"contentUrl\":\"https:\/\/secure.gravatar.com\/avatar\/c8c795261f7f8547b22616a549577db9e450bd5622da3f6eb62b0e2c3e364c4e?s=96&d=mm&r=g\",\"caption\":\"Reda\u00e7\u00e3o\"},\"sameAs\":[\"http:\/\/www.economiasa.com.br\"],\"url\":\"https:\/\/economiasa.com.br\/blog\/author\/redacao\/\"}]}<\/script>\n<!-- \/ Yoast SEO plugin. -->","yoast_head_json":{"title":"Rede Supermarket lan\u00e7a cole\u00e7\u00e3o de sacolas retorn\u00e1veis 'Capivara Carioca' com renda revertida ao Pro Crian\u00e7a Card\u00edaca - Economia S\/A","robots":{"index":"index","follow":"follow","max-snippet":"max-snippet:-1","max-image-preview":"max-image-preview:large","max-video-preview":"max-video-preview:-1"},"canonical":"https:\/\/economiasa.com.br\/blog\/rede-supermarket-lanca-colecao-de-sacolas-retornaveis-capivara-carioca-com-renda-revertida-ao-pro-crianca-cardiaca\/","og_locale":"pt_BR","og_type":"article","og_title":"Rede Supermarket lan\u00e7a cole\u00e7\u00e3o de sacolas retorn\u00e1veis 'Capivara Carioca' com renda revertida ao Pro Crian\u00e7a Card\u00edaca - Economia S\/A","og_description":"Marca exclusiva tem oito estampas e estar\u00e1 \u00e0 venda em todas as 152 lojas da Rede em todo o estado do Rio...","og_url":"https:\/\/economiasa.com.br\/blog\/rede-supermarket-lanca-colecao-de-sacolas-retornaveis-capivara-carioca-com-renda-revertida-ao-pro-crianca-cardiaca\/","og_site_name":"Economia S\/A","article_published_time":"2026-09-01T17:28:29+00:00","og_image":[{"width":1245,"height":1209,"url":"https:\/\/economiasa.com.br\/blog\/wp-content\/uploads\/2026\/09\/MERMAO_Colecao-Capivara-Carioca_Supermarket.jpg","type":"image\/jpeg"}],"author":"Reda\u00e7\u00e3o","twitter_card":"summary_large_image","twitter_misc":{"Escrito por":"Reda\u00e7\u00e3o","Est. tempo de leitura":"3 minutos"},"schema":{"@context":"https:\/\/schema.org","@graph":[{"@type":"Article","@id":"https:\/\/economiasa.com.br\/blog\/rede-supermarket-lanca-colecao-de-sacolas-retornaveis-capivara-carioca-com-renda-revertida-ao-pro-crianca-cardiaca\/#article","isPartOf":{"@id":"https:\/\/economiasa.com.br\/blog\/rede-supermarket-lanca-colecao-de-sacolas-retornaveis-capivara-carioca-com-renda-revertida-ao-pro-crianca-cardiaca\/"},"author":{"name":"Reda\u00e7\u00e3o","@id":"https:\/\/economiasa.com.br\/blog\/#\/schema\/person\/14b8ac2dc25bd63b52bc54e845fa3923"},"headline":"Rede Supermarket lan\u00e7a cole\u00e7\u00e3o de sacolas retorn\u00e1veis &#8216;Capivara Carioca&#8217; com renda revertida ao Pro Crian\u00e7a Card\u00edaca","datePublished":"2026-09-01T17:28:29+00:00","mainEntityOfPage":{"@id":"https:\/\/economiasa.com.br\/blog\/rede-supermarket-lanca-colecao-de-sacolas-retornaveis-capivara-carioca-com-renda-revertida-ao-pro-crianca-cardiaca\/"},"wordCount":388,"image":{"@id":"https:\/\/economiasa.com.br\/blog\/rede-supermarket-lanca-colecao-de-sacolas-retornaveis-capivara-carioca-com-renda-revertida-ao-pro-crianca-cardiaca\/#primaryimage"},"thumbnailUrl":"https:\/\/economiasa.com.br\/blog\/wp-content\/uploads\/2026\/09\/MERMAO_Colecao-Capivara-Carioca_Supermarket.jpg","articleSection":["Sustentabilidade"],"inLanguage":"pt-BR"},{"@type":"WebPage","@id":"https:\/\/economiasa.com.br\/blog\/rede-supermarket-lanca-colecao-de-sacolas-retornaveis-capivara-carioca-com-renda-revertida-ao-pro-crianca-cardiaca\/","url":"https:\/\/economiasa.com.br\/blog\/rede-supermarket-lanca-colecao-de-sacolas-retornaveis-capivara-carioca-com-renda-revertida-ao-pro-crianca-cardiaca\/","name":"Rede Supermarket lan\u00e7a cole\u00e7\u00e3o de sacolas retorn\u00e1veis 'Capivara Carioca' com renda revertida ao Pro Crian\u00e7a Card\u00edaca - Economia S\/A","isPartOf":{"@id":"https:\/\/economiasa.com.br\/blog\/#website"},"primaryImageOfPage":{"@id":"https:\/\/economiasa.com.br\/blog\/rede-supermarket-lanca-colecao-de-sacolas-retornaveis-capivara-carioca-com-renda-revertida-ao-pro-crianca-cardiaca\/#primaryimage"},"image":{"@id":"https:\/\/economiasa.com.br\/blog\/rede-supermarket-lanca-colecao-de-sacolas-retornaveis-capivara-carioca-com-renda-revertida-ao-pro-crianca-cardiaca\/#primaryimage"},"thumbnailUrl":"https:\/\/economiasa.com.br\/blog\/wp-content\/uploads\/2026\/09\/MERMAO_Colecao-Capivara-Carioca_Supermarket.jpg","datePublished":"2026-09-01T17:28:29+00:00","author":{"@id":"https:\/\/economiasa.com.br\/blog\/#\/schema\/person\/14b8ac2dc25bd63b52bc54e845fa3923"},"breadcrumb":{"@id":"https:\/\/economiasa.com.br\/blog\/rede-supermarket-lanca-colecao-de-sacolas-retornaveis-capivara-carioca-com-renda-revertida-ao-pro-crianca-cardiaca\/#breadcrumb"},"inLanguage":"pt-BR","potentialAction":[{"@type":"ReadAction","target":["https:\/\/economiasa.com.br\/blog\/rede-supermarket-lanca-colecao-de-sacolas-retornaveis-capivara-carioca-com-renda-revertida-ao-pro-crianca-cardiaca\/"]}]},{"@type":"ImageObject","inLanguage":"pt-BR","@id":"https:\/\/economiasa.com.br\/blog\/rede-supermarket-lanca-colecao-de-sacolas-retornaveis-capivara-carioca-com-renda-revertida-ao-pro-crianca-cardiaca\/#primaryimage","url":"https:\/\/economiasa.com.br\/blog\/wp-content\/uploads\/2026\/09\/MERMAO_Colecao-Capivara-Carioca_Supermarket.jpg","contentUrl":"https:\/\/economiasa.com.br\/blog\/wp-content\/uploads\/2026\/09\/MERMAO_Colecao-Capivara-Carioca_Supermarket.jpg","width":1245,"height":1209,"caption":"Cole\u00e7\u00e3o Capivara Carioca - Cr\u00e9ditos da foto: Divulga\u00e7\u00e3o"},{"@type":"BreadcrumbList","@id":"https:\/\/economiasa.com.br\/blog\/rede-supermarket-lanca-colecao-de-sacolas-retornaveis-capivara-carioca-com-renda-revertida-ao-pro-crianca-cardiaca\/#breadcrumb","itemListElement":[{"@type":"ListItem","position":1,"name":"In\u00edcio","item":"https:\/\/economiasa.com.br\/blog\/"},{"@type":"ListItem","position":2,"name":"Rede Supermarket lan\u00e7a cole\u00e7\u00e3o de sacolas retorn\u00e1veis &#8216;Capivara Carioca&#8217; com renda revertida ao Pro Crian\u00e7a Card\u00edaca"}]},{"@type":"WebSite","@id":"https:\/\/economiasa.com.br\/blog\/#website","url":"https:\/\/economiasa.com.br\/blog\/","name":"Economia S\/A","description":"Ler faz bem para os neg\u00f3cios","potentialAction":[{"@type":"SearchAction","target":{"@type":"EntryPoint","urlTemplate":"https:\/\/economiasa.com.br\/blog\/?s={search_term_string}"},"query-input":{"@type":"PropertyValueSpecification","valueRequired":true,"valueName":"search_term_string"}}],"inLanguage":"pt-BR"},{"@type":"Person","@id":"https:\/\/economiasa.com.br\/blog\/#\/schema\/person\/14b8ac2dc25bd63b52bc54e845fa3923","name":"Reda\u00e7\u00e3o","image":{"@type":"ImageObject","inLanguage":"pt-BR","@id":"https:\/\/secure.gravatar.com\/avatar\/c8c795261f7f8547b22616a549577db9e450bd5622da3f6eb62b0e2c3e364c4e?s=96&d=mm&r=g0fb5212bc57e2287787936667fbbe0ff","url":"https:\/\/secure.gravatar.com\/avatar\/c8c795261f7f8547b22616a549577db9e450bd5622da3f6eb62b0e2c3e364c4e?s=96&d=mm&r=g","contentUrl":"https:\/\/secure.gravatar.com\/avatar\/c8c795261f7f8547b22616a549577db9e450bd5622da3f6eb62b0e2c3e364c4e?s=96&d=mm&r=g","caption":"Reda\u00e7\u00e3o"},"sameAs":["http:\/\/www.economiasa.com.br"],"url":"https:\/\/economiasa.com.br\/blog\/author\/redacao\/"}]}},"authors":[{"term_id":13248,"user_id":47,"is_guest":0,"slug":"redacao","display_name":"Reda\u00e7\u00e3o","avatar_url":"https:\/\/secure.gravatar.com\/avatar\/c8c795261f7f8547b22616a549577db9e450bd5622da3f6eb62b0e2c3e364c4e?s=96&d=mm&r=g","author_category":"","first_name":"Reda\u00e7\u00e3o","last_name":"","user_url":"http:\/\/www.economiasa.com.br","job_title":"","description":""}],"amp_enabled":true,"_links":{"self":[{"href":"https:\/\/economiasa.com.br\/blog\/wp-json\/wp\/v2\/posts\/84891","targetHints":{"allow":["GET"]}}],"collection":[{"href":"https:\/\/economiasa.com.br\/blog\/wp-json\/wp\/v2\/posts"}],"about":[{"href":"https:\/\/economiasa.com.br\/blog\/wp-json\/wp\/v2\/types\/post"}],"author":[{"embeddable":true,"href":"https:\/\/economiasa.com.br\/blog\/wp-json\/wp\/v2\/users\/47"}],"replies":[{"embeddable":true,"href":"https:\/\/economiasa.com.br\/blog\/wp-json\/wp\/v2\/comments?post=84891"}],"version-history":[{"count":0,"href":"https:\/\/economiasa.com.br\/blog\/wp-json\/wp\/v2\/posts\/84891\/revisions"}],"wp:featuredmedia":[{"embeddable":true,"href":"https:\/\/economiasa.com.br\/blog\/wp-json\/wp\/v2\/media\/84892"}],"wp:attachment":[{"href":"https:\/\/economiasa.com.br\/blog\/wp-json\/wp\/v2\/media?parent=84891"}],"wp:term":[{"taxonomy":"category","embeddable":true,"href":"https:\/\/economiasa.com.br\/blog\/wp-json\/wp\/v2\/categories?post=84891"},{"taxonomy":"post_tag","embeddable":true,"href":"https:\/\/economiasa.com.br\/blog\/wp-json\/wp\/v2\/tags?post=84891"},{"taxonomy":"author","embeddable":true,"href":"https:\/\/economiasa.com.br\/blog\/wp-json\/wp\/v2\/ppma_author?post=84891"}],"curies":[{"name":"wp","href":"https:\/\/api.w.org\/{rel}","templated":true}]}}