{"id":84894,"date":"2026-09-01T14:31:11","date_gmt":"2026-09-01T17:31:11","guid":{"rendered":"https:\/\/economiasa.com.br\/blog\/?p=84894"},"modified":"2026-09-01T14:31:11","modified_gmt":"2026-09-01T17:31:11","slug":"aco-verde-mineiro-ganha-espaco-no-mercado-internacional-com-rota-de-descarbonizacao-baseada-em-florestas-plantadas","status":"publish","type":"post","link":"https:\/\/economiasa.com.br\/blog\/aco-verde-mineiro-ganha-espaco-no-mercado-internacional-com-rota-de-descarbonizacao-baseada-em-florestas-plantadas\/","title":{"rendered":"A\u00e7o verde mineiro ganha espa\u00e7o no mercado internacional com rota de descarboniza\u00e7\u00e3o baseada em florestas plantadas"},"content":{"rendered":"\n<p class=\"wp-block-paragraph\"><em>Carv\u00e3o vegetal produzido a partir de florestas pensadas coloca Minas Gerais no centro da busca da siderurgia mundial por alternativas ao carv\u00e3o mineral e amplia oportunidades para o ferro-gusa verde<\/em><\/p>\n\n\n\n<p class=\"wp-block-paragraph\">A siderurgia est\u00e1 entre as atividades industriais com maior volume de emiss\u00f5es de gases de efeito estufa no mundo, em grande parte pelo uso de carv\u00e3o mineral nos processos de produ\u00e7\u00e3o. Nesse cen\u00e1rio, uma rota desenvolvida no Brasil h\u00e1 d\u00e9cadas come\u00e7a a ganhar aten\u00e7\u00e3o internacional. Minas Gerais, maior produtor e consumidor mundial de carv\u00e3o vegetal, re\u00fane condi\u00e7\u00f5es para ampliar sua participa\u00e7\u00e3o na produ\u00e7\u00e3o de a\u00e7o de menor pegada de carbono, com base no uso de madeira de florestas plantadas.<\/p>\n\n\n\n<p class=\"wp-block-paragraph\">Segundo Adriana Maugeri, presidente executiva da Associa\u00e7\u00e3o Mineira da Ind\u00fastria Florestal (AMIF), o pa\u00eds construiu uma experi\u00eancia que hoje desperta interesse de mercados em busca de alternativas vi\u00e1veis para a descarboniza\u00e7\u00e3o da siderurgia. O carv\u00e3o vegetal apresenta uma possibilidade j\u00e1 dispon\u00edvel em escala, enquanto outras rotas, como o hidrog\u00eanio verde e a eletr\u00f3lise, ainda enfrentam desafios relacionados a custo, infraestrutura e disponibilidade de energia renov\u00e1vel.<\/p>\n\n\n\n<p class=\"wp-block-paragraph\"><strong>Do carv\u00e3o vegetal ao ferro-gusa verde<\/strong><\/p>\n\n\n\n<p class=\"wp-block-paragraph\">O avan\u00e7o da demanda internacional tamb\u00e9m aparece no mercado de ferro-gusa verde, produzido com carbono de origem vegetal associado ao min\u00e9rio de ferro. Segundo dados do\u00a0<a href=\"https:\/\/sindifer.com.br\/sndfr\/anuario-estatistico\/\" target=\"_blank\" rel=\"noreferrer noopener\">SINDIFER<\/a>, 76,1% da produ\u00e7\u00e3o nacional de ferro-gusa foi destinada ao mercado externo em 2025. No ano, o Brasil exportou 4,06 milh\u00f5es de toneladas do produto, sendo 3,37 milh\u00f5es de toneladas para os Estados Unidos, que responderam por cerca de 83% das exporta\u00e7\u00f5es. Europa e \u00c1sia tamb\u00e9m aparecem entre os destinos, com 392,8 mil toneladas e 55,8 mil toneladas, respectivamente. \u201cO mundo abriu os olhos para o ferro-gusa verde. \u00c9 uma tecnologia que re\u00fane o carbono vegetal e o min\u00e9rio de ferro em um produto que pode alimentar o alto-forno com baixa emiss\u00e3o\u201d, afirma Adriana.<\/p>\n\n\n\n<p class=\"wp-block-paragraph\">A experi\u00eancia mineira tamb\u00e9m est\u00e1 presente na produ\u00e7\u00e3o de a\u00e7o. Empresas instaladas no estado utilizam carv\u00e3o vegetal proveniente de florestas pensadas em seus processos, com destaque para a Aperam, maior produtora de a\u00e7o inoxid\u00e1vel da Am\u00e9rica Latina e uma das \u00fanicas com produ\u00e7\u00e3o de a\u00e7o 100% baseada em carv\u00e3o vegetal. O modelo tamb\u00e9m se aplica \u00e0 produ\u00e7\u00e3o de ferroligas, utilizadas em segmentos como eletr\u00f4nicos, sat\u00e9lites e aplica\u00e7\u00f5es medicinais.<\/p>\n\n\n\n<p class=\"wp-block-paragraph\">Para Adriana, a demanda externa representa um sinal importante sobre a transforma\u00e7\u00e3o da ind\u00fastria sider\u00fargica. \u201cO Brasil tem uma oportunidade muito grande nessa discuss\u00e3o porque possui uma rota de descarboniza\u00e7\u00e3o que j\u00e1 existe, tem produ\u00e7\u00e3o e est\u00e1 sendo reconhecida pelo mercado internacional\u201d, diz.<\/p>\n\n\n\n<p class=\"wp-block-paragraph\"><strong>Florestas renov\u00e1veis sustentam uma cadeia de baixo carbono<\/strong><\/p>\n\n\n\n<p class=\"wp-block-paragraph\">A produ\u00e7\u00e3o de carv\u00e3o vegetal est\u00e1 diretamente associada \u00e0 expans\u00e3o das florestas renov\u00e1veis em Minas Gerais. O estado possui cerca de 2,3 milh\u00f5es de hectares de florestas plantadas, segundo dados da AMIF, e o setor re\u00fane uma cadeia produtiva diversificada, com participa\u00e7\u00e3o de grandes empresas e de pequenos e m\u00e9dios produtores. As florestas s\u00e3o destinadas a diferentes finalidades industriais, entre elas celulose, carv\u00e3o vegetal e outros bioprodutos.<\/p>\n\n\n\n<p class=\"wp-block-paragraph\">A l\u00f3gica da cadeia tamb\u00e9m estabelece uma rela\u00e7\u00e3o direta entre produ\u00e7\u00e3o e conserva\u00e7\u00e3o ambiental. As florestas capturam di\u00f3xido de carbono durante o crescimento das \u00e1rvores e mant\u00eam parte desse carbono armazenado na biomassa e no solo. No caso dos plantios destinados \u00e0 ind\u00fastria, os ciclos produtivos brasileiros podem chegar a cerca de sete anos, resultado das condi\u00e7\u00f5es clim\u00e1ticas e do desenvolvimento tecnol\u00f3gico aplicado ao melhoramento gen\u00e9tico e ao manejo florestal. \u201cQuando falamos de carv\u00e3o vegetal, n\u00e3o estamos falando apenas de uma mat\u00e9ria-prima. Estamos falando de carbono renov\u00e1vel, de uma cadeia produtiva que envolve floresta, ci\u00eancia, tecnologia, conserva\u00e7\u00e3o e ind\u00fastria\u201d, explica Adriana.<\/p>\n\n\n\n<p class=\"wp-block-paragraph\">O avan\u00e7o dessa cadeia ocorre em paralelo \u00e0 necessidade de ampliar a oferta mundial de madeira sem aumentar a press\u00e3o sobre as \u00e1reas nativas. A AMIF estima que a demanda global por madeira pode dobrar at\u00e9 2050. Nesse contexto, a expans\u00e3o de\u00a0florestas renov\u00e1veis em \u00e1reas j\u00e1 degradadas pode contribuir para atender ao consumo industrial e reduzir a press\u00e3o sobre ecossistemas naturais.<\/p>\n\n\n\n<p class=\"wp-block-paragraph\">O movimento coloca Minas Gerais diante de uma oportunidade que combina voca\u00e7\u00e3o produtiva, tecnologia e transi\u00e7\u00e3o energ\u00e9tica. Com uma cadeia florestal consolidada e uma ind\u00fastria que utiliza o carv\u00e3o vegetal em diferentes processos, o estado re\u00fane ativos para participar da transforma\u00e7\u00e3o da siderurgia mundial e ampliar a presen\u00e7a brasileira em mercados que buscam produtos associados a menores emiss\u00f5es de carbono.<\/p>\n","protected":false},"excerpt":{"rendered":"<p>Carv\u00e3o vegetal produzido a partir de florestas pensadas coloca Minas Gerais no centro da busca da siderurgia mundial por alternativas ao carv\u00e3o&#8230;<\/p>\n","protected":false},"author":47,"featured_media":84895,"comment_status":"closed","ping_status":"open","sticky":false,"template":"","format":"standard","meta":{"footnotes":""},"categories":[101],"tags":[],"ppma_author":[13248],"class_list":["post-84894","post","type-post","status-publish","format-standard","has-post-thumbnail","category-negocios"],"yoast_head":"<!-- This site is optimized with the Yoast SEO plugin v27.2 - https:\/\/yoast.com\/product\/yoast-seo-wordpress\/ -->\n<title>A\u00e7o verde mineiro ganha espa\u00e7o no mercado internacional com rota de descarboniza\u00e7\u00e3o baseada em florestas plantadas - Economia S\/A<\/title>\n<meta name=\"robots\" content=\"index, follow, max-snippet:-1, max-image-preview:large, max-video-preview:-1\" \/>\n<link rel=\"canonical\" href=\"https:\/\/economiasa.com.br\/blog\/aco-verde-mineiro-ganha-espaco-no-mercado-internacional-com-rota-de-descarbonizacao-baseada-em-florestas-plantadas\/\" \/>\n<meta property=\"og:locale\" content=\"pt_BR\" \/>\n<meta property=\"og:type\" content=\"article\" \/>\n<meta property=\"og:title\" content=\"A\u00e7o verde mineiro ganha espa\u00e7o no mercado internacional com rota de descarboniza\u00e7\u00e3o baseada em florestas plantadas - Economia S\/A\" \/>\n<meta property=\"og:description\" content=\"Carv\u00e3o vegetal produzido a partir de florestas pensadas coloca Minas Gerais no centro da busca da siderurgia mundial por alternativas ao carv\u00e3o...\" \/>\n<meta property=\"og:url\" content=\"https:\/\/economiasa.com.br\/blog\/aco-verde-mineiro-ganha-espaco-no-mercado-internacional-com-rota-de-descarbonizacao-baseada-em-florestas-plantadas\/\" \/>\n<meta property=\"og:site_name\" content=\"Economia S\/A\" \/>\n<meta property=\"article:published_time\" content=\"2026-09-01T17:31:11+00:00\" \/>\n<meta property=\"og:image\" content=\"https:\/\/economiasa.com.br\/blog\/wp-content\/uploads\/2026\/09\/Aco-Verde-Alto-Forno-01-APERAM.jpg\" \/>\n\t<meta property=\"og:image:width\" content=\"2000\" \/>\n\t<meta property=\"og:image:height\" content=\"1333\" \/>\n\t<meta property=\"og:image:type\" content=\"image\/jpeg\" \/>\n<meta name=\"author\" content=\"Reda\u00e7\u00e3o\" \/>\n<meta name=\"twitter:card\" content=\"summary_large_image\" \/>\n<meta name=\"twitter:label1\" content=\"Escrito por\" \/>\n\t<meta name=\"twitter:data1\" content=\"Reda\u00e7\u00e3o\" \/>\n\t<meta name=\"twitter:label2\" content=\"Est. tempo de leitura\" \/>\n\t<meta name=\"twitter:data2\" content=\"5 minutos\" \/>\n<script type=\"application\/ld+json\" class=\"yoast-schema-graph\">{\"@context\":\"https:\/\/schema.org\",\"@graph\":[{\"@type\":\"Article\",\"@id\":\"https:\/\/economiasa.com.br\/blog\/aco-verde-mineiro-ganha-espaco-no-mercado-internacional-com-rota-de-descarbonizacao-baseada-em-florestas-plantadas\/#article\",\"isPartOf\":{\"@id\":\"https:\/\/economiasa.com.br\/blog\/aco-verde-mineiro-ganha-espaco-no-mercado-internacional-com-rota-de-descarbonizacao-baseada-em-florestas-plantadas\/\"},\"author\":{\"name\":\"Reda\u00e7\u00e3o\",\"@id\":\"https:\/\/economiasa.com.br\/blog\/#\/schema\/person\/14b8ac2dc25bd63b52bc54e845fa3923\"},\"headline\":\"A\u00e7o verde mineiro ganha espa\u00e7o no mercado internacional com rota de descarboniza\u00e7\u00e3o baseada em florestas plantadas\",\"datePublished\":\"2026-09-01T17:31:11+00:00\",\"mainEntityOfPage\":{\"@id\":\"https:\/\/economiasa.com.br\/blog\/aco-verde-mineiro-ganha-espaco-no-mercado-internacional-com-rota-de-descarbonizacao-baseada-em-florestas-plantadas\/\"},\"wordCount\":819,\"image\":{\"@id\":\"https:\/\/economiasa.com.br\/blog\/aco-verde-mineiro-ganha-espaco-no-mercado-internacional-com-rota-de-descarbonizacao-baseada-em-florestas-plantadas\/#primaryimage\"},\"thumbnailUrl\":\"https:\/\/economiasa.com.br\/blog\/wp-content\/uploads\/2026\/09\/Aco-Verde-Alto-Forno-01-APERAM.jpg\",\"articleSection\":[\"Neg\u00f3cios\"],\"inLanguage\":\"pt-BR\"},{\"@type\":\"WebPage\",\"@id\":\"https:\/\/economiasa.com.br\/blog\/aco-verde-mineiro-ganha-espaco-no-mercado-internacional-com-rota-de-descarbonizacao-baseada-em-florestas-plantadas\/\",\"url\":\"https:\/\/economiasa.com.br\/blog\/aco-verde-mineiro-ganha-espaco-no-mercado-internacional-com-rota-de-descarbonizacao-baseada-em-florestas-plantadas\/\",\"name\":\"A\u00e7o verde mineiro ganha espa\u00e7o no mercado internacional com rota de descarboniza\u00e7\u00e3o baseada em florestas plantadas - Economia S\/A\",\"isPartOf\":{\"@id\":\"https:\/\/economiasa.com.br\/blog\/#website\"},\"primaryImageOfPage\":{\"@id\":\"https:\/\/economiasa.com.br\/blog\/aco-verde-mineiro-ganha-espaco-no-mercado-internacional-com-rota-de-descarbonizacao-baseada-em-florestas-plantadas\/#primaryimage\"},\"image\":{\"@id\":\"https:\/\/economiasa.com.br\/blog\/aco-verde-mineiro-ganha-espaco-no-mercado-internacional-com-rota-de-descarbonizacao-baseada-em-florestas-plantadas\/#primaryimage\"},\"thumbnailUrl\":\"https:\/\/economiasa.com.br\/blog\/wp-content\/uploads\/2026\/09\/Aco-Verde-Alto-Forno-01-APERAM.jpg\",\"datePublished\":\"2026-09-01T17:31:11+00:00\",\"author\":{\"@id\":\"https:\/\/economiasa.com.br\/blog\/#\/schema\/person\/14b8ac2dc25bd63b52bc54e845fa3923\"},\"breadcrumb\":{\"@id\":\"https:\/\/economiasa.com.br\/blog\/aco-verde-mineiro-ganha-espaco-no-mercado-internacional-com-rota-de-descarbonizacao-baseada-em-florestas-plantadas\/#breadcrumb\"},\"inLanguage\":\"pt-BR\",\"potentialAction\":[{\"@type\":\"ReadAction\",\"target\":[\"https:\/\/economiasa.com.br\/blog\/aco-verde-mineiro-ganha-espaco-no-mercado-internacional-com-rota-de-descarbonizacao-baseada-em-florestas-plantadas\/\"]}]},{\"@type\":\"ImageObject\",\"inLanguage\":\"pt-BR\",\"@id\":\"https:\/\/economiasa.com.br\/blog\/aco-verde-mineiro-ganha-espaco-no-mercado-internacional-com-rota-de-descarbonizacao-baseada-em-florestas-plantadas\/#primaryimage\",\"url\":\"https:\/\/economiasa.com.br\/blog\/wp-content\/uploads\/2026\/09\/Aco-Verde-Alto-Forno-01-APERAM.jpg\",\"contentUrl\":\"https:\/\/economiasa.com.br\/blog\/wp-content\/uploads\/2026\/09\/Aco-Verde-Alto-Forno-01-APERAM.jpg\",\"width\":2000,\"height\":1333,\"caption\":\"Divulga\u00e7\u00e3o APERAM A\u00e7o Verde\"},{\"@type\":\"BreadcrumbList\",\"@id\":\"https:\/\/economiasa.com.br\/blog\/aco-verde-mineiro-ganha-espaco-no-mercado-internacional-com-rota-de-descarbonizacao-baseada-em-florestas-plantadas\/#breadcrumb\",\"itemListElement\":[{\"@type\":\"ListItem\",\"position\":1,\"name\":\"In\u00edcio\",\"item\":\"https:\/\/economiasa.com.br\/blog\/\"},{\"@type\":\"ListItem\",\"position\":2,\"name\":\"A\u00e7o verde mineiro ganha espa\u00e7o no mercado internacional com rota de descarboniza\u00e7\u00e3o baseada em florestas plantadas\"}]},{\"@type\":\"WebSite\",\"@id\":\"https:\/\/economiasa.com.br\/blog\/#website\",\"url\":\"https:\/\/economiasa.com.br\/blog\/\",\"name\":\"Economia S\/A\",\"description\":\"Ler faz bem para os neg\u00f3cios\",\"potentialAction\":[{\"@type\":\"SearchAction\",\"target\":{\"@type\":\"EntryPoint\",\"urlTemplate\":\"https:\/\/economiasa.com.br\/blog\/?s={search_term_string}\"},\"query-input\":{\"@type\":\"PropertyValueSpecification\",\"valueRequired\":true,\"valueName\":\"search_term_string\"}}],\"inLanguage\":\"pt-BR\"},{\"@type\":\"Person\",\"@id\":\"https:\/\/economiasa.com.br\/blog\/#\/schema\/person\/14b8ac2dc25bd63b52bc54e845fa3923\",\"name\":\"Reda\u00e7\u00e3o\",\"image\":{\"@type\":\"ImageObject\",\"inLanguage\":\"pt-BR\",\"@id\":\"https:\/\/secure.gravatar.com\/avatar\/c8c795261f7f8547b22616a549577db9e450bd5622da3f6eb62b0e2c3e364c4e?s=96&d=mm&r=g0fb5212bc57e2287787936667fbbe0ff\",\"url\":\"https:\/\/secure.gravatar.com\/avatar\/c8c795261f7f8547b22616a549577db9e450bd5622da3f6eb62b0e2c3e364c4e?s=96&d=mm&r=g\",\"contentUrl\":\"https:\/\/secure.gravatar.com\/avatar\/c8c795261f7f8547b22616a549577db9e450bd5622da3f6eb62b0e2c3e364c4e?s=96&d=mm&r=g\",\"caption\":\"Reda\u00e7\u00e3o\"},\"sameAs\":[\"http:\/\/www.economiasa.com.br\"],\"url\":\"https:\/\/economiasa.com.br\/blog\/author\/redacao\/\"}]}<\/script>\n<!-- \/ Yoast SEO plugin. -->","yoast_head_json":{"title":"A\u00e7o verde mineiro ganha espa\u00e7o no mercado internacional com rota de descarboniza\u00e7\u00e3o baseada em florestas plantadas - Economia S\/A","robots":{"index":"index","follow":"follow","max-snippet":"max-snippet:-1","max-image-preview":"max-image-preview:large","max-video-preview":"max-video-preview:-1"},"canonical":"https:\/\/economiasa.com.br\/blog\/aco-verde-mineiro-ganha-espaco-no-mercado-internacional-com-rota-de-descarbonizacao-baseada-em-florestas-plantadas\/","og_locale":"pt_BR","og_type":"article","og_title":"A\u00e7o verde mineiro ganha espa\u00e7o no mercado internacional com rota de descarboniza\u00e7\u00e3o baseada em florestas plantadas - Economia S\/A","og_description":"Carv\u00e3o vegetal produzido a partir de florestas pensadas coloca Minas Gerais no centro da busca da siderurgia mundial por alternativas ao carv\u00e3o...","og_url":"https:\/\/economiasa.com.br\/blog\/aco-verde-mineiro-ganha-espaco-no-mercado-internacional-com-rota-de-descarbonizacao-baseada-em-florestas-plantadas\/","og_site_name":"Economia S\/A","article_published_time":"2026-09-01T17:31:11+00:00","og_image":[{"width":2000,"height":1333,"url":"https:\/\/economiasa.com.br\/blog\/wp-content\/uploads\/2026\/09\/Aco-Verde-Alto-Forno-01-APERAM.jpg","type":"image\/jpeg"}],"author":"Reda\u00e7\u00e3o","twitter_card":"summary_large_image","twitter_misc":{"Escrito por":"Reda\u00e7\u00e3o","Est. tempo de leitura":"5 minutos"},"schema":{"@context":"https:\/\/schema.org","@graph":[{"@type":"Article","@id":"https:\/\/economiasa.com.br\/blog\/aco-verde-mineiro-ganha-espaco-no-mercado-internacional-com-rota-de-descarbonizacao-baseada-em-florestas-plantadas\/#article","isPartOf":{"@id":"https:\/\/economiasa.com.br\/blog\/aco-verde-mineiro-ganha-espaco-no-mercado-internacional-com-rota-de-descarbonizacao-baseada-em-florestas-plantadas\/"},"author":{"name":"Reda\u00e7\u00e3o","@id":"https:\/\/economiasa.com.br\/blog\/#\/schema\/person\/14b8ac2dc25bd63b52bc54e845fa3923"},"headline":"A\u00e7o verde mineiro ganha espa\u00e7o no mercado internacional com rota de descarboniza\u00e7\u00e3o baseada em florestas plantadas","datePublished":"2026-09-01T17:31:11+00:00","mainEntityOfPage":{"@id":"https:\/\/economiasa.com.br\/blog\/aco-verde-mineiro-ganha-espaco-no-mercado-internacional-com-rota-de-descarbonizacao-baseada-em-florestas-plantadas\/"},"wordCount":819,"image":{"@id":"https:\/\/economiasa.com.br\/blog\/aco-verde-mineiro-ganha-espaco-no-mercado-internacional-com-rota-de-descarbonizacao-baseada-em-florestas-plantadas\/#primaryimage"},"thumbnailUrl":"https:\/\/economiasa.com.br\/blog\/wp-content\/uploads\/2026\/09\/Aco-Verde-Alto-Forno-01-APERAM.jpg","articleSection":["Neg\u00f3cios"],"inLanguage":"pt-BR"},{"@type":"WebPage","@id":"https:\/\/economiasa.com.br\/blog\/aco-verde-mineiro-ganha-espaco-no-mercado-internacional-com-rota-de-descarbonizacao-baseada-em-florestas-plantadas\/","url":"https:\/\/economiasa.com.br\/blog\/aco-verde-mineiro-ganha-espaco-no-mercado-internacional-com-rota-de-descarbonizacao-baseada-em-florestas-plantadas\/","name":"A\u00e7o verde mineiro ganha espa\u00e7o no mercado internacional com rota de descarboniza\u00e7\u00e3o baseada em florestas plantadas - Economia S\/A","isPartOf":{"@id":"https:\/\/economiasa.com.br\/blog\/#website"},"primaryImageOfPage":{"@id":"https:\/\/economiasa.com.br\/blog\/aco-verde-mineiro-ganha-espaco-no-mercado-internacional-com-rota-de-descarbonizacao-baseada-em-florestas-plantadas\/#primaryimage"},"image":{"@id":"https:\/\/economiasa.com.br\/blog\/aco-verde-mineiro-ganha-espaco-no-mercado-internacional-com-rota-de-descarbonizacao-baseada-em-florestas-plantadas\/#primaryimage"},"thumbnailUrl":"https:\/\/economiasa.com.br\/blog\/wp-content\/uploads\/2026\/09\/Aco-Verde-Alto-Forno-01-APERAM.jpg","datePublished":"2026-09-01T17:31:11+00:00","author":{"@id":"https:\/\/economiasa.com.br\/blog\/#\/schema\/person\/14b8ac2dc25bd63b52bc54e845fa3923"},"breadcrumb":{"@id":"https:\/\/economiasa.com.br\/blog\/aco-verde-mineiro-ganha-espaco-no-mercado-internacional-com-rota-de-descarbonizacao-baseada-em-florestas-plantadas\/#breadcrumb"},"inLanguage":"pt-BR","potentialAction":[{"@type":"ReadAction","target":["https:\/\/economiasa.com.br\/blog\/aco-verde-mineiro-ganha-espaco-no-mercado-internacional-com-rota-de-descarbonizacao-baseada-em-florestas-plantadas\/"]}]},{"@type":"ImageObject","inLanguage":"pt-BR","@id":"https:\/\/economiasa.com.br\/blog\/aco-verde-mineiro-ganha-espaco-no-mercado-internacional-com-rota-de-descarbonizacao-baseada-em-florestas-plantadas\/#primaryimage","url":"https:\/\/economiasa.com.br\/blog\/wp-content\/uploads\/2026\/09\/Aco-Verde-Alto-Forno-01-APERAM.jpg","contentUrl":"https:\/\/economiasa.com.br\/blog\/wp-content\/uploads\/2026\/09\/Aco-Verde-Alto-Forno-01-APERAM.jpg","width":2000,"height":1333,"caption":"Divulga\u00e7\u00e3o APERAM A\u00e7o Verde"},{"@type":"BreadcrumbList","@id":"https:\/\/economiasa.com.br\/blog\/aco-verde-mineiro-ganha-espaco-no-mercado-internacional-com-rota-de-descarbonizacao-baseada-em-florestas-plantadas\/#breadcrumb","itemListElement":[{"@type":"ListItem","position":1,"name":"In\u00edcio","item":"https:\/\/economiasa.com.br\/blog\/"},{"@type":"ListItem","position":2,"name":"A\u00e7o verde mineiro ganha espa\u00e7o no mercado internacional com rota de descarboniza\u00e7\u00e3o baseada em florestas plantadas"}]},{"@type":"WebSite","@id":"https:\/\/economiasa.com.br\/blog\/#website","url":"https:\/\/economiasa.com.br\/blog\/","name":"Economia S\/A","description":"Ler faz bem para os neg\u00f3cios","potentialAction":[{"@type":"SearchAction","target":{"@type":"EntryPoint","urlTemplate":"https:\/\/economiasa.com.br\/blog\/?s={search_term_string}"},"query-input":{"@type":"PropertyValueSpecification","valueRequired":true,"valueName":"search_term_string"}}],"inLanguage":"pt-BR"},{"@type":"Person","@id":"https:\/\/economiasa.com.br\/blog\/#\/schema\/person\/14b8ac2dc25bd63b52bc54e845fa3923","name":"Reda\u00e7\u00e3o","image":{"@type":"ImageObject","inLanguage":"pt-BR","@id":"https:\/\/secure.gravatar.com\/avatar\/c8c795261f7f8547b22616a549577db9e450bd5622da3f6eb62b0e2c3e364c4e?s=96&d=mm&r=g0fb5212bc57e2287787936667fbbe0ff","url":"https:\/\/secure.gravatar.com\/avatar\/c8c795261f7f8547b22616a549577db9e450bd5622da3f6eb62b0e2c3e364c4e?s=96&d=mm&r=g","contentUrl":"https:\/\/secure.gravatar.com\/avatar\/c8c795261f7f8547b22616a549577db9e450bd5622da3f6eb62b0e2c3e364c4e?s=96&d=mm&r=g","caption":"Reda\u00e7\u00e3o"},"sameAs":["http:\/\/www.economiasa.com.br"],"url":"https:\/\/economiasa.com.br\/blog\/author\/redacao\/"}]}},"authors":[{"term_id":13248,"user_id":47,"is_guest":0,"slug":"redacao","display_name":"Reda\u00e7\u00e3o","avatar_url":"https:\/\/secure.gravatar.com\/avatar\/c8c795261f7f8547b22616a549577db9e450bd5622da3f6eb62b0e2c3e364c4e?s=96&d=mm&r=g","author_category":"","first_name":"Reda\u00e7\u00e3o","last_name":"","user_url":"http:\/\/www.economiasa.com.br","job_title":"","description":""}],"amp_enabled":true,"_links":{"self":[{"href":"https:\/\/economiasa.com.br\/blog\/wp-json\/wp\/v2\/posts\/84894","targetHints":{"allow":["GET"]}}],"collection":[{"href":"https:\/\/economiasa.com.br\/blog\/wp-json\/wp\/v2\/posts"}],"about":[{"href":"https:\/\/economiasa.com.br\/blog\/wp-json\/wp\/v2\/types\/post"}],"author":[{"embeddable":true,"href":"https:\/\/economiasa.com.br\/blog\/wp-json\/wp\/v2\/users\/47"}],"replies":[{"embeddable":true,"href":"https:\/\/economiasa.com.br\/blog\/wp-json\/wp\/v2\/comments?post=84894"}],"version-history":[{"count":0,"href":"https:\/\/economiasa.com.br\/blog\/wp-json\/wp\/v2\/posts\/84894\/revisions"}],"wp:featuredmedia":[{"embeddable":true,"href":"https:\/\/economiasa.com.br\/blog\/wp-json\/wp\/v2\/media\/84895"}],"wp:attachment":[{"href":"https:\/\/economiasa.com.br\/blog\/wp-json\/wp\/v2\/media?parent=84894"}],"wp:term":[{"taxonomy":"category","embeddable":true,"href":"https:\/\/economiasa.com.br\/blog\/wp-json\/wp\/v2\/categories?post=84894"},{"taxonomy":"post_tag","embeddable":true,"href":"https:\/\/economiasa.com.br\/blog\/wp-json\/wp\/v2\/tags?post=84894"},{"taxonomy":"author","embeddable":true,"href":"https:\/\/economiasa.com.br\/blog\/wp-json\/wp\/v2\/ppma_author?post=84894"}],"curies":[{"name":"wp","href":"https:\/\/api.w.org\/{rel}","templated":true}]}}