{"id":84897,"date":"2026-09-01T14:32:47","date_gmt":"2026-09-01T17:32:47","guid":{"rendered":"https:\/\/economiasa.com.br\/blog\/?p=84897"},"modified":"2026-09-01T14:32:49","modified_gmt":"2026-09-01T17:32:49","slug":"mallory-anuncia-novo-posicionamento-e-amplia-estrategia-de-presenca-de-marca","status":"publish","type":"post","link":"https:\/\/economiasa.com.br\/blog\/mallory-anuncia-novo-posicionamento-e-amplia-estrategia-de-presenca-de-marca\/","title":{"rendered":"Mallory anuncia novo posicionamento e amplia estrat\u00e9gia de presen\u00e7a de marca"},"content":{"rendered":"\n<p class=\"wp-block-paragraph\"><em>Nova assinatura \u201cMallory, presente no seu dia a dia\u201d marca evolu\u00e7\u00e3o na comunica\u00e7\u00e3o da empresa<\/em><\/p>\n\n\n\n<p class=\"wp-block-paragraph\">A Mallory, empresa brasileira refer\u00eancia em eletroport\u00e1teis fundada em 1974, com sede em Maranguape (CE) e showroom em S\u00e3o Paulo (SP), anuncia seu novo posicionamento institucional: \u201cMallory, presente no seu dia a dia\u201d. O movimento tem como objetivo aproximar ainda mais a marca da rotina dos consumidores, conectando suas diferentes categorias e produtos sob uma narrativa integrada.<\/p>\n\n\n\n<p class=\"wp-block-paragraph\">Presente em todo o Brasil e tamb\u00e9m em mercados da Am\u00e9rica Latina, a empresa d\u00e1 in\u00edcio a essa nova etapa de comunica\u00e7\u00e3o que vai al\u00e9m de uma mudan\u00e7a de assinatura. O reposicionamento representa uma evolu\u00e7\u00e3o na forma de dialogar com o p\u00fablico, destacando menos o produto isolado e mais os momentos, necessidades e situa\u00e7\u00f5es em que a Mallory est\u00e1 presente na vida das pessoas. Assim, a marca se consolida como parceira cotidiana, oferecendo solu\u00e7\u00f5es que tornam o dia a dia mais pr\u00e1tico, confort\u00e1vel e simples.<\/p>\n\n\n\n<p class=\"wp-block-paragraph\">Para dar visibilidade a essa transforma\u00e7\u00e3o, o lan\u00e7amento ser\u00e1 apresentado por meio de uma estrat\u00e9gia integrada de comunica\u00e7\u00e3o, que ter\u00e1 in\u00edcio nas redes sociais da Mallory. A campanha contempla diferentes frentes, como v\u00eddeo manifesto, m\u00eddia Out of Home (OOH), canais digitais e atua\u00e7\u00e3o com influenciadores, garantindo consist\u00eancia e alcance na divulga\u00e7\u00e3o da nova mensagem.<\/p>\n\n\n\n<p class=\"wp-block-paragraph\">Entre essas iniciativas, o v\u00eddeo manifesto ocupa papel central. Criado em parceria com a produtora Areia Filmes, ele foi desenvolvido a partir de situa\u00e7\u00f5es reais e cotidianas, traduzindo a rela\u00e7\u00e3o da marca com a vida dos clientes. O processo criativo buscou retratar momentos de cuidado, alimenta\u00e7\u00e3o, tarefas cotidianas, conforto e pausa, refor\u00e7ando atributos como proximidade, praticidade e qualidade. Essa pe\u00e7a audiovisual \u00e9 o ponto de partida da campanha institucional e servir\u00e1 como guia para os demais desdobramentos da comunica\u00e7\u00e3o.<\/p>\n\n\n\n<p class=\"wp-block-paragraph\">Complementando a estrat\u00e9gia, a Mallory tamb\u00e9m investe em m\u00eddia OOH, come\u00e7ando por Fortaleza, capital do Cear\u00e1. A marca estar\u00e1 presente em sete pain\u00e9is digitais distribu\u00eddos por importantes eixos de circula\u00e7\u00e3o da cidade. Essa primeira etapa funcionar\u00e1 como teste da relev\u00e2ncia da m\u00eddia tradicional dentro da constru\u00e7\u00e3o de marca, com possibilidade de expans\u00e3o para outras regi\u00f5es e mercados estrat\u00e9gicos.<\/p>\n\n\n\n<p class=\"wp-block-paragraph\">\u201cQueremos posicionar a Mallory cada vez mais pr\u00f3xima das pessoas e da forma como elas realmente vivem. Nosso portf\u00f3lio est\u00e1 presente em diferentes momentos da rotina, o novo posicionamento organiza essa rela\u00e7\u00e3o em torno de uma mensagem \u00fanica: estar presente, oferecendo solu\u00e7\u00f5es que tornam o dia a dia mais pr\u00e1tico, confort\u00e1vel e simples. Esse movimento tamb\u00e9m orientar\u00e1 a maneira como vamos construir nossa comunica\u00e7\u00e3o e nossa presen\u00e7a de marca daqui para frente.\u201d Afirma Gabriel Moaco, Coordenador de Trade e Marketing da Mallory<\/p>\n","protected":false},"excerpt":{"rendered":"<p>Nova assinatura \u201cMallory, presente no seu dia a dia\u201d marca evolu\u00e7\u00e3o na comunica\u00e7\u00e3o da empresa A Mallory, empresa brasileira refer\u00eancia em eletroport\u00e1teis&#8230;<\/p>\n","protected":false},"author":47,"featured_media":84899,"comment_status":"closed","ping_status":"open","sticky":false,"template":"","format":"standard","meta":{"footnotes":""},"categories":[101],"tags":[],"ppma_author":[13248],"class_list":["post-84897","post","type-post","status-publish","format-standard","has-post-thumbnail","category-negocios"],"yoast_head":"<!-- This site is optimized with the Yoast SEO plugin v27.2 - https:\/\/yoast.com\/product\/yoast-seo-wordpress\/ -->\n<title>Mallory anuncia novo posicionamento e amplia estrat\u00e9gia de presen\u00e7a de marca - Economia S\/A<\/title>\n<meta name=\"robots\" content=\"index, follow, max-snippet:-1, max-image-preview:large, max-video-preview:-1\" \/>\n<link rel=\"canonical\" href=\"https:\/\/economiasa.com.br\/blog\/mallory-anuncia-novo-posicionamento-e-amplia-estrategia-de-presenca-de-marca\/\" \/>\n<meta property=\"og:locale\" content=\"pt_BR\" \/>\n<meta property=\"og:type\" content=\"article\" \/>\n<meta property=\"og:title\" content=\"Mallory anuncia novo posicionamento e amplia estrat\u00e9gia de presen\u00e7a de marca - Economia S\/A\" \/>\n<meta property=\"og:description\" content=\"Nova assinatura \u201cMallory, presente no seu dia a dia\u201d marca evolu\u00e7\u00e3o na comunica\u00e7\u00e3o da empresa A Mallory, empresa brasileira refer\u00eancia em eletroport\u00e1teis...\" \/>\n<meta property=\"og:url\" content=\"https:\/\/economiasa.com.br\/blog\/mallory-anuncia-novo-posicionamento-e-amplia-estrategia-de-presenca-de-marca\/\" \/>\n<meta property=\"og:site_name\" content=\"Economia S\/A\" \/>\n<meta property=\"article:published_time\" content=\"2026-09-01T17:32:47+00:00\" \/>\n<meta property=\"article:modified_time\" content=\"2026-09-01T17:32:49+00:00\" \/>\n<meta property=\"og:image\" content=\"https:\/\/economiasa.com.br\/blog\/wp-content\/uploads\/2026\/09\/Campanha-Institucional.jpg\" \/>\n\t<meta property=\"og:image:width\" content=\"1600\" \/>\n\t<meta property=\"og:image:height\" content=\"900\" \/>\n\t<meta property=\"og:image:type\" content=\"image\/jpeg\" \/>\n<meta name=\"author\" content=\"Reda\u00e7\u00e3o\" \/>\n<meta name=\"twitter:card\" content=\"summary_large_image\" \/>\n<meta name=\"twitter:label1\" content=\"Escrito por\" \/>\n\t<meta name=\"twitter:data1\" content=\"Reda\u00e7\u00e3o\" \/>\n\t<meta name=\"twitter:label2\" content=\"Est. tempo de leitura\" \/>\n\t<meta name=\"twitter:data2\" content=\"3 minutos\" \/>\n<script type=\"application\/ld+json\" class=\"yoast-schema-graph\">{\"@context\":\"https:\/\/schema.org\",\"@graph\":[{\"@type\":\"Article\",\"@id\":\"https:\/\/economiasa.com.br\/blog\/mallory-anuncia-novo-posicionamento-e-amplia-estrategia-de-presenca-de-marca\/#article\",\"isPartOf\":{\"@id\":\"https:\/\/economiasa.com.br\/blog\/mallory-anuncia-novo-posicionamento-e-amplia-estrategia-de-presenca-de-marca\/\"},\"author\":{\"name\":\"Reda\u00e7\u00e3o\",\"@id\":\"https:\/\/economiasa.com.br\/blog\/#\/schema\/person\/14b8ac2dc25bd63b52bc54e845fa3923\"},\"headline\":\"Mallory anuncia novo posicionamento e amplia estrat\u00e9gia de presen\u00e7a de marca\",\"datePublished\":\"2026-09-01T17:32:47+00:00\",\"dateModified\":\"2026-09-01T17:32:49+00:00\",\"mainEntityOfPage\":{\"@id\":\"https:\/\/economiasa.com.br\/blog\/mallory-anuncia-novo-posicionamento-e-amplia-estrategia-de-presenca-de-marca\/\"},\"wordCount\":497,\"image\":{\"@id\":\"https:\/\/economiasa.com.br\/blog\/mallory-anuncia-novo-posicionamento-e-amplia-estrategia-de-presenca-de-marca\/#primaryimage\"},\"thumbnailUrl\":\"https:\/\/economiasa.com.br\/blog\/wp-content\/uploads\/2026\/09\/Campanha-Institucional.jpg\",\"articleSection\":[\"Neg\u00f3cios\"],\"inLanguage\":\"pt-BR\"},{\"@type\":\"WebPage\",\"@id\":\"https:\/\/economiasa.com.br\/blog\/mallory-anuncia-novo-posicionamento-e-amplia-estrategia-de-presenca-de-marca\/\",\"url\":\"https:\/\/economiasa.com.br\/blog\/mallory-anuncia-novo-posicionamento-e-amplia-estrategia-de-presenca-de-marca\/\",\"name\":\"Mallory anuncia novo posicionamento e amplia estrat\u00e9gia de presen\u00e7a de marca - Economia S\/A\",\"isPartOf\":{\"@id\":\"https:\/\/economiasa.com.br\/blog\/#website\"},\"primaryImageOfPage\":{\"@id\":\"https:\/\/economiasa.com.br\/blog\/mallory-anuncia-novo-posicionamento-e-amplia-estrategia-de-presenca-de-marca\/#primaryimage\"},\"image\":{\"@id\":\"https:\/\/economiasa.com.br\/blog\/mallory-anuncia-novo-posicionamento-e-amplia-estrategia-de-presenca-de-marca\/#primaryimage\"},\"thumbnailUrl\":\"https:\/\/economiasa.com.br\/blog\/wp-content\/uploads\/2026\/09\/Campanha-Institucional.jpg\",\"datePublished\":\"2026-09-01T17:32:47+00:00\",\"dateModified\":\"2026-09-01T17:32:49+00:00\",\"author\":{\"@id\":\"https:\/\/economiasa.com.br\/blog\/#\/schema\/person\/14b8ac2dc25bd63b52bc54e845fa3923\"},\"breadcrumb\":{\"@id\":\"https:\/\/economiasa.com.br\/blog\/mallory-anuncia-novo-posicionamento-e-amplia-estrategia-de-presenca-de-marca\/#breadcrumb\"},\"inLanguage\":\"pt-BR\",\"potentialAction\":[{\"@type\":\"ReadAction\",\"target\":[\"https:\/\/economiasa.com.br\/blog\/mallory-anuncia-novo-posicionamento-e-amplia-estrategia-de-presenca-de-marca\/\"]}]},{\"@type\":\"ImageObject\",\"inLanguage\":\"pt-BR\",\"@id\":\"https:\/\/economiasa.com.br\/blog\/mallory-anuncia-novo-posicionamento-e-amplia-estrategia-de-presenca-de-marca\/#primaryimage\",\"url\":\"https:\/\/economiasa.com.br\/blog\/wp-content\/uploads\/2026\/09\/Campanha-Institucional.jpg\",\"contentUrl\":\"https:\/\/economiasa.com.br\/blog\/wp-content\/uploads\/2026\/09\/Campanha-Institucional.jpg\",\"width\":1600,\"height\":900,\"caption\":\"Campanha-Institucional - Cr\u00e9ditos da foto: Divulga\u00e7\u00e3o\"},{\"@type\":\"BreadcrumbList\",\"@id\":\"https:\/\/economiasa.com.br\/blog\/mallory-anuncia-novo-posicionamento-e-amplia-estrategia-de-presenca-de-marca\/#breadcrumb\",\"itemListElement\":[{\"@type\":\"ListItem\",\"position\":1,\"name\":\"In\u00edcio\",\"item\":\"https:\/\/economiasa.com.br\/blog\/\"},{\"@type\":\"ListItem\",\"position\":2,\"name\":\"Mallory anuncia novo posicionamento e amplia estrat\u00e9gia de presen\u00e7a de marca\"}]},{\"@type\":\"WebSite\",\"@id\":\"https:\/\/economiasa.com.br\/blog\/#website\",\"url\":\"https:\/\/economiasa.com.br\/blog\/\",\"name\":\"Economia S\/A\",\"description\":\"Ler faz bem para os neg\u00f3cios\",\"potentialAction\":[{\"@type\":\"SearchAction\",\"target\":{\"@type\":\"EntryPoint\",\"urlTemplate\":\"https:\/\/economiasa.com.br\/blog\/?s={search_term_string}\"},\"query-input\":{\"@type\":\"PropertyValueSpecification\",\"valueRequired\":true,\"valueName\":\"search_term_string\"}}],\"inLanguage\":\"pt-BR\"},{\"@type\":\"Person\",\"@id\":\"https:\/\/economiasa.com.br\/blog\/#\/schema\/person\/14b8ac2dc25bd63b52bc54e845fa3923\",\"name\":\"Reda\u00e7\u00e3o\",\"image\":{\"@type\":\"ImageObject\",\"inLanguage\":\"pt-BR\",\"@id\":\"https:\/\/secure.gravatar.com\/avatar\/c8c795261f7f8547b22616a549577db9e450bd5622da3f6eb62b0e2c3e364c4e?s=96&d=mm&r=g0fb5212bc57e2287787936667fbbe0ff\",\"url\":\"https:\/\/secure.gravatar.com\/avatar\/c8c795261f7f8547b22616a549577db9e450bd5622da3f6eb62b0e2c3e364c4e?s=96&d=mm&r=g\",\"contentUrl\":\"https:\/\/secure.gravatar.com\/avatar\/c8c795261f7f8547b22616a549577db9e450bd5622da3f6eb62b0e2c3e364c4e?s=96&d=mm&r=g\",\"caption\":\"Reda\u00e7\u00e3o\"},\"sameAs\":[\"http:\/\/www.economiasa.com.br\"],\"url\":\"https:\/\/economiasa.com.br\/blog\/author\/redacao\/\"}]}<\/script>\n<!-- \/ Yoast SEO plugin. -->","yoast_head_json":{"title":"Mallory anuncia novo posicionamento e amplia estrat\u00e9gia de presen\u00e7a de marca - Economia S\/A","robots":{"index":"index","follow":"follow","max-snippet":"max-snippet:-1","max-image-preview":"max-image-preview:large","max-video-preview":"max-video-preview:-1"},"canonical":"https:\/\/economiasa.com.br\/blog\/mallory-anuncia-novo-posicionamento-e-amplia-estrategia-de-presenca-de-marca\/","og_locale":"pt_BR","og_type":"article","og_title":"Mallory anuncia novo posicionamento e amplia estrat\u00e9gia de presen\u00e7a de marca - Economia S\/A","og_description":"Nova assinatura \u201cMallory, presente no seu dia a dia\u201d marca evolu\u00e7\u00e3o na comunica\u00e7\u00e3o da empresa A Mallory, empresa brasileira refer\u00eancia em eletroport\u00e1teis...","og_url":"https:\/\/economiasa.com.br\/blog\/mallory-anuncia-novo-posicionamento-e-amplia-estrategia-de-presenca-de-marca\/","og_site_name":"Economia S\/A","article_published_time":"2026-09-01T17:32:47+00:00","article_modified_time":"2026-09-01T17:32:49+00:00","og_image":[{"width":1600,"height":900,"url":"https:\/\/economiasa.com.br\/blog\/wp-content\/uploads\/2026\/09\/Campanha-Institucional.jpg","type":"image\/jpeg"}],"author":"Reda\u00e7\u00e3o","twitter_card":"summary_large_image","twitter_misc":{"Escrito por":"Reda\u00e7\u00e3o","Est. tempo de leitura":"3 minutos"},"schema":{"@context":"https:\/\/schema.org","@graph":[{"@type":"Article","@id":"https:\/\/economiasa.com.br\/blog\/mallory-anuncia-novo-posicionamento-e-amplia-estrategia-de-presenca-de-marca\/#article","isPartOf":{"@id":"https:\/\/economiasa.com.br\/blog\/mallory-anuncia-novo-posicionamento-e-amplia-estrategia-de-presenca-de-marca\/"},"author":{"name":"Reda\u00e7\u00e3o","@id":"https:\/\/economiasa.com.br\/blog\/#\/schema\/person\/14b8ac2dc25bd63b52bc54e845fa3923"},"headline":"Mallory anuncia novo posicionamento e amplia estrat\u00e9gia de presen\u00e7a de marca","datePublished":"2026-09-01T17:32:47+00:00","dateModified":"2026-09-01T17:32:49+00:00","mainEntityOfPage":{"@id":"https:\/\/economiasa.com.br\/blog\/mallory-anuncia-novo-posicionamento-e-amplia-estrategia-de-presenca-de-marca\/"},"wordCount":497,"image":{"@id":"https:\/\/economiasa.com.br\/blog\/mallory-anuncia-novo-posicionamento-e-amplia-estrategia-de-presenca-de-marca\/#primaryimage"},"thumbnailUrl":"https:\/\/economiasa.com.br\/blog\/wp-content\/uploads\/2026\/09\/Campanha-Institucional.jpg","articleSection":["Neg\u00f3cios"],"inLanguage":"pt-BR"},{"@type":"WebPage","@id":"https:\/\/economiasa.com.br\/blog\/mallory-anuncia-novo-posicionamento-e-amplia-estrategia-de-presenca-de-marca\/","url":"https:\/\/economiasa.com.br\/blog\/mallory-anuncia-novo-posicionamento-e-amplia-estrategia-de-presenca-de-marca\/","name":"Mallory anuncia novo posicionamento e amplia estrat\u00e9gia de presen\u00e7a de marca - Economia S\/A","isPartOf":{"@id":"https:\/\/economiasa.com.br\/blog\/#website"},"primaryImageOfPage":{"@id":"https:\/\/economiasa.com.br\/blog\/mallory-anuncia-novo-posicionamento-e-amplia-estrategia-de-presenca-de-marca\/#primaryimage"},"image":{"@id":"https:\/\/economiasa.com.br\/blog\/mallory-anuncia-novo-posicionamento-e-amplia-estrategia-de-presenca-de-marca\/#primaryimage"},"thumbnailUrl":"https:\/\/economiasa.com.br\/blog\/wp-content\/uploads\/2026\/09\/Campanha-Institucional.jpg","datePublished":"2026-09-01T17:32:47+00:00","dateModified":"2026-09-01T17:32:49+00:00","author":{"@id":"https:\/\/economiasa.com.br\/blog\/#\/schema\/person\/14b8ac2dc25bd63b52bc54e845fa3923"},"breadcrumb":{"@id":"https:\/\/economiasa.com.br\/blog\/mallory-anuncia-novo-posicionamento-e-amplia-estrategia-de-presenca-de-marca\/#breadcrumb"},"inLanguage":"pt-BR","potentialAction":[{"@type":"ReadAction","target":["https:\/\/economiasa.com.br\/blog\/mallory-anuncia-novo-posicionamento-e-amplia-estrategia-de-presenca-de-marca\/"]}]},{"@type":"ImageObject","inLanguage":"pt-BR","@id":"https:\/\/economiasa.com.br\/blog\/mallory-anuncia-novo-posicionamento-e-amplia-estrategia-de-presenca-de-marca\/#primaryimage","url":"https:\/\/economiasa.com.br\/blog\/wp-content\/uploads\/2026\/09\/Campanha-Institucional.jpg","contentUrl":"https:\/\/economiasa.com.br\/blog\/wp-content\/uploads\/2026\/09\/Campanha-Institucional.jpg","width":1600,"height":900,"caption":"Campanha-Institucional - Cr\u00e9ditos da foto: Divulga\u00e7\u00e3o"},{"@type":"BreadcrumbList","@id":"https:\/\/economiasa.com.br\/blog\/mallory-anuncia-novo-posicionamento-e-amplia-estrategia-de-presenca-de-marca\/#breadcrumb","itemListElement":[{"@type":"ListItem","position":1,"name":"In\u00edcio","item":"https:\/\/economiasa.com.br\/blog\/"},{"@type":"ListItem","position":2,"name":"Mallory anuncia novo posicionamento e amplia estrat\u00e9gia de presen\u00e7a de marca"}]},{"@type":"WebSite","@id":"https:\/\/economiasa.com.br\/blog\/#website","url":"https:\/\/economiasa.com.br\/blog\/","name":"Economia S\/A","description":"Ler faz bem para os neg\u00f3cios","potentialAction":[{"@type":"SearchAction","target":{"@type":"EntryPoint","urlTemplate":"https:\/\/economiasa.com.br\/blog\/?s={search_term_string}"},"query-input":{"@type":"PropertyValueSpecification","valueRequired":true,"valueName":"search_term_string"}}],"inLanguage":"pt-BR"},{"@type":"Person","@id":"https:\/\/economiasa.com.br\/blog\/#\/schema\/person\/14b8ac2dc25bd63b52bc54e845fa3923","name":"Reda\u00e7\u00e3o","image":{"@type":"ImageObject","inLanguage":"pt-BR","@id":"https:\/\/secure.gravatar.com\/avatar\/c8c795261f7f8547b22616a549577db9e450bd5622da3f6eb62b0e2c3e364c4e?s=96&d=mm&r=g0fb5212bc57e2287787936667fbbe0ff","url":"https:\/\/secure.gravatar.com\/avatar\/c8c795261f7f8547b22616a549577db9e450bd5622da3f6eb62b0e2c3e364c4e?s=96&d=mm&r=g","contentUrl":"https:\/\/secure.gravatar.com\/avatar\/c8c795261f7f8547b22616a549577db9e450bd5622da3f6eb62b0e2c3e364c4e?s=96&d=mm&r=g","caption":"Reda\u00e7\u00e3o"},"sameAs":["http:\/\/www.economiasa.com.br"],"url":"https:\/\/economiasa.com.br\/blog\/author\/redacao\/"}]}},"authors":[{"term_id":13248,"user_id":47,"is_guest":0,"slug":"redacao","display_name":"Reda\u00e7\u00e3o","avatar_url":"https:\/\/secure.gravatar.com\/avatar\/c8c795261f7f8547b22616a549577db9e450bd5622da3f6eb62b0e2c3e364c4e?s=96&d=mm&r=g","author_category":"","first_name":"Reda\u00e7\u00e3o","last_name":"","user_url":"http:\/\/www.economiasa.com.br","job_title":"","description":""}],"amp_enabled":true,"_links":{"self":[{"href":"https:\/\/economiasa.com.br\/blog\/wp-json\/wp\/v2\/posts\/84897","targetHints":{"allow":["GET"]}}],"collection":[{"href":"https:\/\/economiasa.com.br\/blog\/wp-json\/wp\/v2\/posts"}],"about":[{"href":"https:\/\/economiasa.com.br\/blog\/wp-json\/wp\/v2\/types\/post"}],"author":[{"embeddable":true,"href":"https:\/\/economiasa.com.br\/blog\/wp-json\/wp\/v2\/users\/47"}],"replies":[{"embeddable":true,"href":"https:\/\/economiasa.com.br\/blog\/wp-json\/wp\/v2\/comments?post=84897"}],"version-history":[{"count":0,"href":"https:\/\/economiasa.com.br\/blog\/wp-json\/wp\/v2\/posts\/84897\/revisions"}],"wp:featuredmedia":[{"embeddable":true,"href":"https:\/\/economiasa.com.br\/blog\/wp-json\/wp\/v2\/media\/84899"}],"wp:attachment":[{"href":"https:\/\/economiasa.com.br\/blog\/wp-json\/wp\/v2\/media?parent=84897"}],"wp:term":[{"taxonomy":"category","embeddable":true,"href":"https:\/\/economiasa.com.br\/blog\/wp-json\/wp\/v2\/categories?post=84897"},{"taxonomy":"post_tag","embeddable":true,"href":"https:\/\/economiasa.com.br\/blog\/wp-json\/wp\/v2\/tags?post=84897"},{"taxonomy":"author","embeddable":true,"href":"https:\/\/economiasa.com.br\/blog\/wp-json\/wp\/v2\/ppma_author?post=84897"}],"curies":[{"name":"wp","href":"https:\/\/api.w.org\/{rel}","templated":true}]}}