{"id":84900,"date":"2026-09-01T14:38:05","date_gmt":"2026-09-01T17:38:05","guid":{"rendered":"https:\/\/economiasa.com.br\/blog\/?p=84900"},"modified":"2026-09-01T14:38:06","modified_gmt":"2026-09-01T17:38:06","slug":"data-centers-comecam-a-redesenhar-a-economia-do-interior-brasileiro","status":"publish","type":"post","link":"https:\/\/economiasa.com.br\/blog\/data-centers-comecam-a-redesenhar-a-economia-do-interior-brasileiro\/","title":{"rendered":"Data centers come\u00e7am a redesenhar a economia do interior brasileiro"},"content":{"rendered":"\n<p class=\"wp-block-paragraph\"><em>Inaugura\u00e7\u00e3o em Varginha mostra como a demanda por processamento de dados pode movimentar investimentos qualificados e criar novas oportunidades profissionais longe dos grandes polos<\/em><\/p>\n\n\n\n<p class=\"wp-block-paragraph\">A expans\u00e3o da intelig\u00eancia artificial e da computa\u00e7\u00e3o em nuvem est\u00e1 aumentando a demanda por uma infraestrutura que, at\u00e9 pouco tempo, permanecia distante do cotidiano da maioria das empresas. Os quatro maiores mercados de data centers da Am\u00e9rica Latina alcan\u00e7aram 1.045 MW de capacidade no primeiro trimestre de 2026, crescimento de 41,3% em rela\u00e7\u00e3o ao mesmo per\u00edodo do ano anterior, segundo a CBRE.\u00a0<\/p>\n\n\n\n<p class=\"wp-block-paragraph\">S\u00e3o Paulo continua na lideran\u00e7a, com 536,7 MW, mas a necessidade de ampliar capacidade, reduzir lat\u00eancia e aproximar o processamento dos usu\u00e1rios come\u00e7a a abrir espa\u00e7o para novas localidades. Foi nesse movimento que Varginha inaugurou, em 15 de setembro de 2025, o primeiro data center do Sul de Minas Gerais.<\/p>\n\n\n\n<p class=\"wp-block-paragraph\"><a href=\"https:\/\/www.linkedin.com\/in\/henriquelvreis\/\" target=\"_blank\" rel=\"noreferrer noopener\">Henrique Reis<\/a>, empres\u00e1rio, fundador da\u00a0<a href=\"https:\/\/sourei.com.br\/\" target=\"_blank\" rel=\"noreferrer noopener\">Sourei<\/a><strong>,\u00a0<\/strong>ecossistema de empresas de tecnologia com atua\u00e7\u00e3o em infraestrutura digital, computa\u00e7\u00e3o em nuvem, intelig\u00eancia artificial e solu\u00e7\u00f5es para neg\u00f3cios, participou diretamente da implanta\u00e7\u00e3o do projeto. Instalado no Porto Seco Sul de Minas, o empreendimento prev\u00ea R$23 milh\u00f5es em investimentos ao longo de dois anos e cerca de 30 empregos diretos. Na fase de desenvolvimento, a escolha de Varginha levou em considera\u00e7\u00e3o disponibilidade de rede, seguran\u00e7a, acesso ao aeroporto e a proximidade entre universidades, empresas, governo e o parque tecnol\u00f3gico local.<\/p>\n\n\n\n<p class=\"wp-block-paragraph\">Para Reis, o valor de uma estrutura desse tipo n\u00e3o est\u00e1 restrito aos servidores instalados dentro do pr\u00e9dio. \u201cQuando uma cidade passa a ter infraestrutura capaz de armazenar, processar e transportar dados com seguran\u00e7a e baixa lat\u00eancia, ela ganha condi\u00e7\u00f5es para receber neg\u00f3cios que antes dificilmente considerariam aquela regi\u00e3o. O efeito n\u00e3o acontece de um dia para o outro, mas come\u00e7a a criar uma base para novos servi\u00e7os, profissionais e empresas\u201d, afirma o executivo.<\/p>\n\n\n\n<p class=\"wp-block-paragraph\">O avan\u00e7o coincide com uma fase de forte expans\u00e3o da economia digital brasileira. A Brasscom calcula que o macrossetor de tecnologia da informa\u00e7\u00e3o e comunica\u00e7\u00e3o movimentou R$919,7 bilh\u00f5es em 2025, equivalente a 7,2% do PIB, e projeta at\u00e9 R$2 trilh\u00f5es em investimentos em tecnologias entre 2026 e 2029. Nuvem deve responder por R$765,6 bilh\u00f5es desse montante, enquanto intelig\u00eancia artificial pode receber R$736,6 bilh\u00f5es. Quanto maior o uso dessas tecnologias, maior tamb\u00e9m \u00e9 a necessidade de capacidade f\u00edsica para manter aplica\u00e7\u00f5es, sistemas e informa\u00e7\u00f5es funcionando.<\/p>\n\n\n\n<p class=\"wp-block-paragraph\"><strong>O impacto econ\u00f4mico vai al\u00e9m das vagas dentro do data center<\/strong><\/p>\n\n\n\n<p class=\"wp-block-paragraph\">A constru\u00e7\u00e3o de um data center movimenta uma cadeia que combina tecnologia e infraestrutura tradicional. Obras civis, instala\u00e7\u00f5es el\u00e9tricas, sistemas de climatiza\u00e7\u00e3o e refrigera\u00e7\u00e3o, geradores, telecomunica\u00e7\u00f5es, fibra \u00f3ptica, equipamentos de seguran\u00e7a, manuten\u00e7\u00e3o e servi\u00e7os especializados fazem parte da implanta\u00e7\u00e3o. Depois que a estrutura entra em opera\u00e7\u00e3o, permanece a demanda por equipes respons\u00e1veis por redes, servidores, energia, seguran\u00e7a cibern\u00e9tica, monitoramento e continuidade operacional.<\/p>\n\n\n\n<p class=\"wp-block-paragraph\">Isso significa que o impacto sobre o emprego precisa ser analisado em duas etapas. A constru\u00e7\u00e3o tende a concentrar maior volume de trabalhadores durante determinado per\u00edodo, enquanto a opera\u00e7\u00e3o permanente utiliza equipes menores, mas com maior especializa\u00e7\u00e3o. No caso de Varginha, a expectativa divulgada durante a implanta\u00e7\u00e3o foi de aproximadamente 30 postos diretos ligados \u00e0 unidade.<\/p>\n\n\n\n<p class=\"wp-block-paragraph\">O efeito regional pode aparecer tamb\u00e9m fora dos limites f\u00edsicos do empreendimento. Empresas que dependem de conectividade, servi\u00e7os de nuvem, processamento de grandes volumes de dados ou aplica\u00e7\u00f5es sens\u00edveis \u00e0 lat\u00eancia passam a encontrar uma infraestrutura mais pr\u00f3xima. Isso pode favorecer provedores de tecnologia, softwares empresariais, ciberseguran\u00e7a, telecomunica\u00e7\u00f5es e neg\u00f3cios digitais, al\u00e9m de estimular investimentos em redes e energia.<\/p>\n\n\n\n<p class=\"wp-block-paragraph\">\u201cUm data center isolado n\u00e3o transforma uma economia regional sozinho. O que faz diferen\u00e7a \u00e9 o ecossistema constru\u00eddo ao redor dele. \u00c9 preciso ter energia, conectividade, forma\u00e7\u00e3o profissional, fornecedores e empresas capazes de usar essa infraestrutura. Quando essas pe\u00e7as come\u00e7am a se conectar, a tecnologia deixa de ser apenas consumida pela regi\u00e3o e passa a ser produzida e operada ali\u201d, ressalta Reis.<\/p>\n\n\n\n<p class=\"wp-block-paragraph\">Essa descentraliza\u00e7\u00e3o j\u00e1 entrou no radar regulat\u00f3rio. A Anatel reconhece os centros de dados como infraestrutura cr\u00edtica para a continuidade e a seguran\u00e7a dos servi\u00e7os digitais e aponta aspectos como prote\u00e7\u00e3o f\u00edsica e cibern\u00e9tica, efici\u00eancia energ\u00e9tica e sustentabilidade entre os requisitos que ganham import\u00e2ncia \u00e0 medida que o setor cresce<strong>.<\/strong><\/p>\n\n\n\n<p class=\"wp-block-paragraph\"><strong>Crescimento abre espa\u00e7o para novas profiss\u00f5es<\/strong><\/p>\n\n\n\n<p class=\"wp-block-paragraph\">Para o trabalhador, a expans\u00e3o da infraestrutura digital cria oportunidades que v\u00e3o al\u00e9m da programa\u00e7\u00e3o. Data centers precisam de t\u00e9cnicos em eletrot\u00e9cnica e eletr\u00f4nica, profissionais de redes e telecomunica\u00e7\u00f5es, especialistas em climatiza\u00e7\u00e3o, engenheiros eletricistas e de infraestrutura, administradores de sistemas, analistas de seguran\u00e7a cibern\u00e9tica, especialistas em nuvem e equipes de opera\u00e7\u00e3o de ambientes cr\u00edticos.<\/p>\n\n\n\n<p class=\"wp-block-paragraph\">Nem todas essas carreiras exigem gradua\u00e7\u00e3o universit\u00e1ria. Cursos t\u00e9cnicos em eletrot\u00e9cnica, eletr\u00f4nica, refrigera\u00e7\u00e3o e climatiza\u00e7\u00e3o, telecomunica\u00e7\u00f5es e redes de computadores podem funcionar como portas de entrada. Para posi\u00e7\u00f5es de tecnologia, forma\u00e7\u00f5es em ci\u00eancia da computa\u00e7\u00e3o, sistemas de informa\u00e7\u00e3o e engenharias podem ser complementadas por certifica\u00e7\u00f5es de redes, cloud computing, seguran\u00e7a da informa\u00e7\u00e3o e administra\u00e7\u00e3o de servidores.<\/p>\n\n\n\n<p class=\"wp-block-paragraph\">O desafio est\u00e1 justamente em aproximar a qualifica\u00e7\u00e3o da velocidade dos investimentos. O macrossetor de TIC terminou 2025 com 2,125 milh\u00f5es de empregos formais, ap\u00f3s criar 31,3 mil postos no ano, de acordo com a Brasscom. Em servi\u00e7os de tecnologia, a remunera\u00e7\u00e3o m\u00e9dia chega a 2,3 vezes a m\u00e9dia nacional e, em software, a 3,3 vezes. Uma pesquisa da entidade com o Instituto PROA divulgada em 2026 mostrou ainda que 59% dos jovens consultados t\u00eam interesse em trabalhar com tecnologia e 89% j\u00e1 buscaram algum tipo de curso de prepara\u00e7\u00e3o.<\/p>\n\n\n\n<p class=\"wp-block-paragraph\">Para Reis, cidades que recebem estruturas desse porte precisam antecipar essa demanda. \u201cO investimento f\u00edsico precisa caminhar junto com a forma\u00e7\u00e3o das pessoas. Um jovem do interior n\u00e3o deveria imaginar que precisa necessariamente mudar para S\u00e3o Paulo para construir uma carreira em infraestrutura, nuvem ou seguran\u00e7a. Quanto mais tecnologia \u00e9 implantada fora das capitais, maior \u00e9 a responsabilidade de aproximar escolas t\u00e9cnicas, universidades e empresas das compet\u00eancias que ser\u00e3o necess\u00e1rias\u201d, aponta o fundador.<\/p>\n\n\n\n<p class=\"wp-block-paragraph\"><strong>Energia passa a fazer parte da discuss\u00e3o<\/strong><\/p>\n\n\n\n<p class=\"wp-block-paragraph\">O crescimento dos data centers tamb\u00e9m coloca press\u00e3o sobre outra infraestrutura essencial, a el\u00e9trica. Em estudo divulgado em 2026, a Empresa de Pesquisa Energ\u00e9tica passou a considerar centros de dados entre as chamadas grandes cargas que podem alterar o planejamento do sistema brasileiro. Dependendo do ritmo de implanta\u00e7\u00e3o de data centers, projetos de hidrog\u00eanio e eletromobilidade, essas novas demandas podem representar entre 1,2% e 12,9% do consumo nacional de eletricidade em 2035.<\/p>\n\n\n\n<p class=\"wp-block-paragraph\">O fen\u00f4meno \u00e9 global. A Ag\u00eancia Internacional de Energia estima que o consumo el\u00e9trico mundial dos data centers pode passar de cerca de 485 TWh em 2025 para aproximadamente 950 TWh em 2030. A intelig\u00eancia artificial \u00e9 apontada como um dos principais motores dessa expans\u00e3o.<\/p>\n\n\n\n<p class=\"wp-block-paragraph\">No Brasil, a elevada participa\u00e7\u00e3o de fontes renov\u00e1veis \u00e9 considerada pela EPE um dos fatores capazes de favorecer novos projetos, mas a entidade alerta que a chegada dessas estruturas exige planejamento de transmiss\u00e3o, disponibilidade de energia e rapidez na conex\u00e3o de grandes cargas.<\/p>\n\n\n\n<p class=\"wp-block-paragraph\">\u00c9 nesse ponto que a experi\u00eancia de Varginha ganha relev\u00e2ncia para al\u00e9m do tamanho do empreendimento. A instala\u00e7\u00e3o do primeiro data center do Sul de Minas coloca uma cidade do interior dentro de uma discuss\u00e3o que envolve intelig\u00eancia artificial, energia, telecomunica\u00e7\u00f5es, qualifica\u00e7\u00e3o profissional e desenvolvimento econ\u00f4mico.<\/p>\n\n\n\n<p class=\"wp-block-paragraph\">Para Reis, a descentraliza\u00e7\u00e3o da infraestrutura digital pode mudar tamb\u00e9m a forma como o pa\u00eds enxerga a origem de suas empresas de tecnologia. \u201cConstruir tecnologia no interior n\u00e3o significa pensar pequeno ou atuar apenas regionalmente. A infraestrutura est\u00e1 fisicamente em uma cidade, mas os servi\u00e7os que passam por ela podem atender empresas em diferentes partes do pa\u00eds e do mundo. O desafio \u00e9 transformar essa vantagem local em capacidade de competir em escala maior\u201d, conclui o CEO.<\/p>\n","protected":false},"excerpt":{"rendered":"<p>Inaugura\u00e7\u00e3o em Varginha mostra como a demanda por processamento de dados pode movimentar investimentos qualificados e criar novas oportunidades profissionais longe dos&#8230;<\/p>\n","protected":false},"author":47,"featured_media":84901,"comment_status":"closed","ping_status":"open","sticky":false,"template":"","format":"standard","meta":{"footnotes":""},"categories":[1970],"tags":[],"ppma_author":[13248],"class_list":["post-84900","post","type-post","status-publish","format-standard","has-post-thumbnail","category-tecnologia"],"yoast_head":"<!-- This site is optimized with the Yoast SEO plugin v27.2 - https:\/\/yoast.com\/product\/yoast-seo-wordpress\/ -->\n<title>Data centers come\u00e7am a redesenhar a economia do interior brasileiro - Economia S\/A<\/title>\n<meta name=\"robots\" content=\"index, follow, max-snippet:-1, max-image-preview:large, max-video-preview:-1\" \/>\n<link rel=\"canonical\" href=\"https:\/\/economiasa.com.br\/blog\/data-centers-comecam-a-redesenhar-a-economia-do-interior-brasileiro\/\" \/>\n<meta property=\"og:locale\" content=\"pt_BR\" \/>\n<meta property=\"og:type\" content=\"article\" \/>\n<meta property=\"og:title\" content=\"Data centers come\u00e7am a redesenhar a economia do interior brasileiro - Economia S\/A\" \/>\n<meta property=\"og:description\" content=\"Inaugura\u00e7\u00e3o em Varginha mostra como a demanda por processamento de dados pode movimentar investimentos qualificados e criar novas oportunidades profissionais longe dos...\" \/>\n<meta property=\"og:url\" content=\"https:\/\/economiasa.com.br\/blog\/data-centers-comecam-a-redesenhar-a-economia-do-interior-brasileiro\/\" \/>\n<meta property=\"og:site_name\" content=\"Economia S\/A\" \/>\n<meta property=\"article:published_time\" content=\"2026-09-01T17:38:05+00:00\" \/>\n<meta property=\"article:modified_time\" content=\"2026-09-01T17:38:06+00:00\" \/>\n<meta property=\"og:image\" content=\"https:\/\/economiasa.com.br\/blog\/wp-content\/uploads\/2026\/09\/20260731-henrique-sou-rei-33--1024x683.jpg\" \/>\n\t<meta property=\"og:image:width\" content=\"1024\" \/>\n\t<meta property=\"og:image:height\" content=\"683\" \/>\n\t<meta property=\"og:image:type\" content=\"image\/jpeg\" \/>\n<meta name=\"author\" content=\"Reda\u00e7\u00e3o\" \/>\n<meta name=\"twitter:card\" content=\"summary_large_image\" \/>\n<meta name=\"twitter:label1\" content=\"Escrito por\" \/>\n\t<meta name=\"twitter:data1\" content=\"Reda\u00e7\u00e3o\" \/>\n\t<meta name=\"twitter:label2\" content=\"Est. tempo de leitura\" \/>\n\t<meta name=\"twitter:data2\" content=\"8 minutos\" \/>\n<script type=\"application\/ld+json\" class=\"yoast-schema-graph\">{\"@context\":\"https:\/\/schema.org\",\"@graph\":[{\"@type\":\"Article\",\"@id\":\"https:\/\/economiasa.com.br\/blog\/data-centers-comecam-a-redesenhar-a-economia-do-interior-brasileiro\/#article\",\"isPartOf\":{\"@id\":\"https:\/\/economiasa.com.br\/blog\/data-centers-comecam-a-redesenhar-a-economia-do-interior-brasileiro\/\"},\"author\":{\"name\":\"Reda\u00e7\u00e3o\",\"@id\":\"https:\/\/economiasa.com.br\/blog\/#\/schema\/person\/14b8ac2dc25bd63b52bc54e845fa3923\"},\"headline\":\"Data centers come\u00e7am a redesenhar a economia do interior brasileiro\",\"datePublished\":\"2026-09-01T17:38:05+00:00\",\"dateModified\":\"2026-09-01T17:38:06+00:00\",\"mainEntityOfPage\":{\"@id\":\"https:\/\/economiasa.com.br\/blog\/data-centers-comecam-a-redesenhar-a-economia-do-interior-brasileiro\/\"},\"wordCount\":1402,\"image\":{\"@id\":\"https:\/\/economiasa.com.br\/blog\/data-centers-comecam-a-redesenhar-a-economia-do-interior-brasileiro\/#primaryimage\"},\"thumbnailUrl\":\"https:\/\/economiasa.com.br\/blog\/wp-content\/uploads\/2026\/09\/20260731-henrique-sou-rei-33-.jpg\",\"articleSection\":[\"Tecnologia\"],\"inLanguage\":\"pt-BR\"},{\"@type\":\"WebPage\",\"@id\":\"https:\/\/economiasa.com.br\/blog\/data-centers-comecam-a-redesenhar-a-economia-do-interior-brasileiro\/\",\"url\":\"https:\/\/economiasa.com.br\/blog\/data-centers-comecam-a-redesenhar-a-economia-do-interior-brasileiro\/\",\"name\":\"Data centers come\u00e7am a redesenhar a economia do interior brasileiro - Economia S\/A\",\"isPartOf\":{\"@id\":\"https:\/\/economiasa.com.br\/blog\/#website\"},\"primaryImageOfPage\":{\"@id\":\"https:\/\/economiasa.com.br\/blog\/data-centers-comecam-a-redesenhar-a-economia-do-interior-brasileiro\/#primaryimage\"},\"image\":{\"@id\":\"https:\/\/economiasa.com.br\/blog\/data-centers-comecam-a-redesenhar-a-economia-do-interior-brasileiro\/#primaryimage\"},\"thumbnailUrl\":\"https:\/\/economiasa.com.br\/blog\/wp-content\/uploads\/2026\/09\/20260731-henrique-sou-rei-33-.jpg\",\"datePublished\":\"2026-09-01T17:38:05+00:00\",\"dateModified\":\"2026-09-01T17:38:06+00:00\",\"author\":{\"@id\":\"https:\/\/economiasa.com.br\/blog\/#\/schema\/person\/14b8ac2dc25bd63b52bc54e845fa3923\"},\"breadcrumb\":{\"@id\":\"https:\/\/economiasa.com.br\/blog\/data-centers-comecam-a-redesenhar-a-economia-do-interior-brasileiro\/#breadcrumb\"},\"inLanguage\":\"pt-BR\",\"potentialAction\":[{\"@type\":\"ReadAction\",\"target\":[\"https:\/\/economiasa.com.br\/blog\/data-centers-comecam-a-redesenhar-a-economia-do-interior-brasileiro\/\"]}]},{\"@type\":\"ImageObject\",\"inLanguage\":\"pt-BR\",\"@id\":\"https:\/\/economiasa.com.br\/blog\/data-centers-comecam-a-redesenhar-a-economia-do-interior-brasileiro\/#primaryimage\",\"url\":\"https:\/\/economiasa.com.br\/blog\/wp-content\/uploads\/2026\/09\/20260731-henrique-sou-rei-33-.jpg\",\"contentUrl\":\"https:\/\/economiasa.com.br\/blog\/wp-content\/uploads\/2026\/09\/20260731-henrique-sou-rei-33-.jpg\",\"width\":2528,\"height\":1686,\"caption\":\"Henrique Reis - Cr\u00e9ditos da foto: Divulga\u00e7\u00e3o\"},{\"@type\":\"BreadcrumbList\",\"@id\":\"https:\/\/economiasa.com.br\/blog\/data-centers-comecam-a-redesenhar-a-economia-do-interior-brasileiro\/#breadcrumb\",\"itemListElement\":[{\"@type\":\"ListItem\",\"position\":1,\"name\":\"In\u00edcio\",\"item\":\"https:\/\/economiasa.com.br\/blog\/\"},{\"@type\":\"ListItem\",\"position\":2,\"name\":\"Data centers come\u00e7am a redesenhar a economia do interior brasileiro\"}]},{\"@type\":\"WebSite\",\"@id\":\"https:\/\/economiasa.com.br\/blog\/#website\",\"url\":\"https:\/\/economiasa.com.br\/blog\/\",\"name\":\"Economia S\/A\",\"description\":\"Ler faz bem para os neg\u00f3cios\",\"potentialAction\":[{\"@type\":\"SearchAction\",\"target\":{\"@type\":\"EntryPoint\",\"urlTemplate\":\"https:\/\/economiasa.com.br\/blog\/?s={search_term_string}\"},\"query-input\":{\"@type\":\"PropertyValueSpecification\",\"valueRequired\":true,\"valueName\":\"search_term_string\"}}],\"inLanguage\":\"pt-BR\"},{\"@type\":\"Person\",\"@id\":\"https:\/\/economiasa.com.br\/blog\/#\/schema\/person\/14b8ac2dc25bd63b52bc54e845fa3923\",\"name\":\"Reda\u00e7\u00e3o\",\"image\":{\"@type\":\"ImageObject\",\"inLanguage\":\"pt-BR\",\"@id\":\"https:\/\/secure.gravatar.com\/avatar\/c8c795261f7f8547b22616a549577db9e450bd5622da3f6eb62b0e2c3e364c4e?s=96&d=mm&r=g0fb5212bc57e2287787936667fbbe0ff\",\"url\":\"https:\/\/secure.gravatar.com\/avatar\/c8c795261f7f8547b22616a549577db9e450bd5622da3f6eb62b0e2c3e364c4e?s=96&d=mm&r=g\",\"contentUrl\":\"https:\/\/secure.gravatar.com\/avatar\/c8c795261f7f8547b22616a549577db9e450bd5622da3f6eb62b0e2c3e364c4e?s=96&d=mm&r=g\",\"caption\":\"Reda\u00e7\u00e3o\"},\"sameAs\":[\"http:\/\/www.economiasa.com.br\"],\"url\":\"https:\/\/economiasa.com.br\/blog\/author\/redacao\/\"}]}<\/script>\n<!-- \/ Yoast SEO plugin. -->","yoast_head_json":{"title":"Data centers come\u00e7am a redesenhar a economia do interior brasileiro - Economia S\/A","robots":{"index":"index","follow":"follow","max-snippet":"max-snippet:-1","max-image-preview":"max-image-preview:large","max-video-preview":"max-video-preview:-1"},"canonical":"https:\/\/economiasa.com.br\/blog\/data-centers-comecam-a-redesenhar-a-economia-do-interior-brasileiro\/","og_locale":"pt_BR","og_type":"article","og_title":"Data centers come\u00e7am a redesenhar a economia do interior brasileiro - Economia S\/A","og_description":"Inaugura\u00e7\u00e3o em Varginha mostra como a demanda por processamento de dados pode movimentar investimentos qualificados e criar novas oportunidades profissionais longe dos...","og_url":"https:\/\/economiasa.com.br\/blog\/data-centers-comecam-a-redesenhar-a-economia-do-interior-brasileiro\/","og_site_name":"Economia S\/A","article_published_time":"2026-09-01T17:38:05+00:00","article_modified_time":"2026-09-01T17:38:06+00:00","og_image":[{"width":1024,"height":683,"url":"https:\/\/economiasa.com.br\/blog\/wp-content\/uploads\/2026\/09\/20260731-henrique-sou-rei-33--1024x683.jpg","type":"image\/jpeg"}],"author":"Reda\u00e7\u00e3o","twitter_card":"summary_large_image","twitter_misc":{"Escrito por":"Reda\u00e7\u00e3o","Est. tempo de leitura":"8 minutos"},"schema":{"@context":"https:\/\/schema.org","@graph":[{"@type":"Article","@id":"https:\/\/economiasa.com.br\/blog\/data-centers-comecam-a-redesenhar-a-economia-do-interior-brasileiro\/#article","isPartOf":{"@id":"https:\/\/economiasa.com.br\/blog\/data-centers-comecam-a-redesenhar-a-economia-do-interior-brasileiro\/"},"author":{"name":"Reda\u00e7\u00e3o","@id":"https:\/\/economiasa.com.br\/blog\/#\/schema\/person\/14b8ac2dc25bd63b52bc54e845fa3923"},"headline":"Data centers come\u00e7am a redesenhar a economia do interior brasileiro","datePublished":"2026-09-01T17:38:05+00:00","dateModified":"2026-09-01T17:38:06+00:00","mainEntityOfPage":{"@id":"https:\/\/economiasa.com.br\/blog\/data-centers-comecam-a-redesenhar-a-economia-do-interior-brasileiro\/"},"wordCount":1402,"image":{"@id":"https:\/\/economiasa.com.br\/blog\/data-centers-comecam-a-redesenhar-a-economia-do-interior-brasileiro\/#primaryimage"},"thumbnailUrl":"https:\/\/economiasa.com.br\/blog\/wp-content\/uploads\/2026\/09\/20260731-henrique-sou-rei-33-.jpg","articleSection":["Tecnologia"],"inLanguage":"pt-BR"},{"@type":"WebPage","@id":"https:\/\/economiasa.com.br\/blog\/data-centers-comecam-a-redesenhar-a-economia-do-interior-brasileiro\/","url":"https:\/\/economiasa.com.br\/blog\/data-centers-comecam-a-redesenhar-a-economia-do-interior-brasileiro\/","name":"Data centers come\u00e7am a redesenhar a economia do interior brasileiro - Economia S\/A","isPartOf":{"@id":"https:\/\/economiasa.com.br\/blog\/#website"},"primaryImageOfPage":{"@id":"https:\/\/economiasa.com.br\/blog\/data-centers-comecam-a-redesenhar-a-economia-do-interior-brasileiro\/#primaryimage"},"image":{"@id":"https:\/\/economiasa.com.br\/blog\/data-centers-comecam-a-redesenhar-a-economia-do-interior-brasileiro\/#primaryimage"},"thumbnailUrl":"https:\/\/economiasa.com.br\/blog\/wp-content\/uploads\/2026\/09\/20260731-henrique-sou-rei-33-.jpg","datePublished":"2026-09-01T17:38:05+00:00","dateModified":"2026-09-01T17:38:06+00:00","author":{"@id":"https:\/\/economiasa.com.br\/blog\/#\/schema\/person\/14b8ac2dc25bd63b52bc54e845fa3923"},"breadcrumb":{"@id":"https:\/\/economiasa.com.br\/blog\/data-centers-comecam-a-redesenhar-a-economia-do-interior-brasileiro\/#breadcrumb"},"inLanguage":"pt-BR","potentialAction":[{"@type":"ReadAction","target":["https:\/\/economiasa.com.br\/blog\/data-centers-comecam-a-redesenhar-a-economia-do-interior-brasileiro\/"]}]},{"@type":"ImageObject","inLanguage":"pt-BR","@id":"https:\/\/economiasa.com.br\/blog\/data-centers-comecam-a-redesenhar-a-economia-do-interior-brasileiro\/#primaryimage","url":"https:\/\/economiasa.com.br\/blog\/wp-content\/uploads\/2026\/09\/20260731-henrique-sou-rei-33-.jpg","contentUrl":"https:\/\/economiasa.com.br\/blog\/wp-content\/uploads\/2026\/09\/20260731-henrique-sou-rei-33-.jpg","width":2528,"height":1686,"caption":"Henrique Reis - Cr\u00e9ditos da foto: Divulga\u00e7\u00e3o"},{"@type":"BreadcrumbList","@id":"https:\/\/economiasa.com.br\/blog\/data-centers-comecam-a-redesenhar-a-economia-do-interior-brasileiro\/#breadcrumb","itemListElement":[{"@type":"ListItem","position":1,"name":"In\u00edcio","item":"https:\/\/economiasa.com.br\/blog\/"},{"@type":"ListItem","position":2,"name":"Data centers come\u00e7am a redesenhar a economia do interior brasileiro"}]},{"@type":"WebSite","@id":"https:\/\/economiasa.com.br\/blog\/#website","url":"https:\/\/economiasa.com.br\/blog\/","name":"Economia S\/A","description":"Ler faz bem para os neg\u00f3cios","potentialAction":[{"@type":"SearchAction","target":{"@type":"EntryPoint","urlTemplate":"https:\/\/economiasa.com.br\/blog\/?s={search_term_string}"},"query-input":{"@type":"PropertyValueSpecification","valueRequired":true,"valueName":"search_term_string"}}],"inLanguage":"pt-BR"},{"@type":"Person","@id":"https:\/\/economiasa.com.br\/blog\/#\/schema\/person\/14b8ac2dc25bd63b52bc54e845fa3923","name":"Reda\u00e7\u00e3o","image":{"@type":"ImageObject","inLanguage":"pt-BR","@id":"https:\/\/secure.gravatar.com\/avatar\/c8c795261f7f8547b22616a549577db9e450bd5622da3f6eb62b0e2c3e364c4e?s=96&d=mm&r=g0fb5212bc57e2287787936667fbbe0ff","url":"https:\/\/secure.gravatar.com\/avatar\/c8c795261f7f8547b22616a549577db9e450bd5622da3f6eb62b0e2c3e364c4e?s=96&d=mm&r=g","contentUrl":"https:\/\/secure.gravatar.com\/avatar\/c8c795261f7f8547b22616a549577db9e450bd5622da3f6eb62b0e2c3e364c4e?s=96&d=mm&r=g","caption":"Reda\u00e7\u00e3o"},"sameAs":["http:\/\/www.economiasa.com.br"],"url":"https:\/\/economiasa.com.br\/blog\/author\/redacao\/"}]}},"authors":[{"term_id":13248,"user_id":47,"is_guest":0,"slug":"redacao","display_name":"Reda\u00e7\u00e3o","avatar_url":"https:\/\/secure.gravatar.com\/avatar\/c8c795261f7f8547b22616a549577db9e450bd5622da3f6eb62b0e2c3e364c4e?s=96&d=mm&r=g","author_category":"","first_name":"Reda\u00e7\u00e3o","last_name":"","user_url":"http:\/\/www.economiasa.com.br","job_title":"","description":""}],"amp_enabled":true,"_links":{"self":[{"href":"https:\/\/economiasa.com.br\/blog\/wp-json\/wp\/v2\/posts\/84900","targetHints":{"allow":["GET"]}}],"collection":[{"href":"https:\/\/economiasa.com.br\/blog\/wp-json\/wp\/v2\/posts"}],"about":[{"href":"https:\/\/economiasa.com.br\/blog\/wp-json\/wp\/v2\/types\/post"}],"author":[{"embeddable":true,"href":"https:\/\/economiasa.com.br\/blog\/wp-json\/wp\/v2\/users\/47"}],"replies":[{"embeddable":true,"href":"https:\/\/economiasa.com.br\/blog\/wp-json\/wp\/v2\/comments?post=84900"}],"version-history":[{"count":0,"href":"https:\/\/economiasa.com.br\/blog\/wp-json\/wp\/v2\/posts\/84900\/revisions"}],"wp:featuredmedia":[{"embeddable":true,"href":"https:\/\/economiasa.com.br\/blog\/wp-json\/wp\/v2\/media\/84901"}],"wp:attachment":[{"href":"https:\/\/economiasa.com.br\/blog\/wp-json\/wp\/v2\/media?parent=84900"}],"wp:term":[{"taxonomy":"category","embeddable":true,"href":"https:\/\/economiasa.com.br\/blog\/wp-json\/wp\/v2\/categories?post=84900"},{"taxonomy":"post_tag","embeddable":true,"href":"https:\/\/economiasa.com.br\/blog\/wp-json\/wp\/v2\/tags?post=84900"},{"taxonomy":"author","embeddable":true,"href":"https:\/\/economiasa.com.br\/blog\/wp-json\/wp\/v2\/ppma_author?post=84900"}],"curies":[{"name":"wp","href":"https:\/\/api.w.org\/{rel}","templated":true}]}}