{"id":84902,"date":"2026-09-01T14:40:49","date_gmt":"2026-09-01T17:40:49","guid":{"rendered":"https:\/\/economiasa.com.br\/blog\/?p=84902"},"modified":"2026-09-01T14:40:50","modified_gmt":"2026-09-01T17:40:50","slug":"sua-empresa-esta-preparada-para-o-pos-eleicoes","status":"publish","type":"post","link":"https:\/\/economiasa.com.br\/blog\/sua-empresa-esta-preparada-para-o-pos-eleicoes\/","title":{"rendered":"Sua empresa est\u00e1 preparada para o p\u00f3s-elei\u00e7\u00f5es?"},"content":{"rendered":"\n<p class=\"wp-block-paragraph\"><em>*Por Fernando Moulin, CEO & Founder da Polaris Group, professor e especialista em dados, transforma\u00e7\u00e3o digital e experi\u00eancia do cliente<\/em><\/p>\n\n\n\n<p class=\"wp-block-paragraph\">Existem sinais de crise estrutural por todo lado: endividamento das fam\u00edlias superior a 80% segundo pesquisa de julho da CNC, com 30% em inadimplemento; uma sucess\u00e3o de empresas, de diversos segmentos, entrando em regime de recupera\u00e7\u00e3o judicial (RJ) como forma de tentar protelar suas d\u00edvidas e encontrar formas legalmente v\u00e1lidas de sobreviv\u00eancia;\u00a0<em>bets<\/em>\u00a0consumindo parte significativa da renda originalmente destinada ao consumo, por pessoas que sonham melhorar sua vida apertada achando que ter\u00e3o \u201csorte\u201d no tigrinho; juros reais insuportavelmente altos, que apertam a economia real em fun\u00e7\u00e3o de uma pol\u00edtica macroecon\u00f4mica pouco respons\u00e1vel fiscalmente; e muitas outras not\u00edcias, que diariamente perturbam o sono dos executivos e empres\u00e1rios.\u00a0<\/p>\n\n\n\n<p class=\"wp-block-paragraph\">Ano passado foi marcado pelas instabilidades do tarifa\u00e7o americano e dos choques geopol\u00edticos globais; este ano, o per\u00edodo de guerras do petr\u00f3leo, Copa do Mundo de 40 dias, in\u00fameros feriados longos e uma ferozmente polarizada elei\u00e7\u00e3o presidencial brasileira. Um El Ni\u00f1o iminente sombreia as perspectivas do futuro pr\u00f3ximo, e existe um pessimismo generalizado em v\u00e1rios c\u00edrculos corporativos e sociais.\u00a0<\/p>\n\n\n\n<p class=\"wp-block-paragraph\">Em paralelo, a intelig\u00eancia artificial \u00e9 a ponta de lan\u00e7a de um conjunto de transforma\u00e7\u00f5es tecnol\u00f3gicas absolutamente in\u00e9ditas para todos, tanto em ritmo quanto em escala. Manter-se plenamente atualizado tem sido mais sacrificante que a vit\u00f3ria de Pirro: parece que nem com um chip da Neuralink conectando nosso c\u00e9rebro diretamente a um superprocessador na nuvem conseguir\u00edamos entender todas as implica\u00e7\u00f5es, potencialidades e riscos das mudan\u00e7as em curso. Capacita\u00e7\u00e3o cont\u00ednua n\u00e3o parece ser suficiente, e a sensa\u00e7\u00e3o de FOMO virou companheira de vida.\u00a0\u00a0<\/p>\n\n\n\n<p class=\"wp-block-paragraph\">Ora, nada disso \u00e9 novidade (ou n\u00e3o deveria ser). Mas tem servido como justificativa nas mais diversas organiza\u00e7\u00f5es para resultados fracos em sequ\u00eancia, pouca ousadia na implementa\u00e7\u00e3o de projetos estruturantes de transforma\u00e7\u00e3o e para a falta de investimentos em inova\u00e7\u00e3o. O foco no curt\u00edssimo prazo, \u00e0s vezes por necess\u00e1ria sobreviv\u00eancia, mas frequentemente simplesmente por miopia corporativa e falta de coragem, impede vislumbrar o que ocorrer\u00e1 por detr\u00e1s da neblina de incertezas \u00e0 frente de todos.\u00a0<\/p>\n\n\n\n<p class=\"wp-block-paragraph\">Amy Webb, uma das mais reconhecidas \u201cfuturistas\u201d globais, declarou h\u00e1 alguns meses que seu conhecido relat\u00f3rio anual de tend\u00eancias n\u00e3o ser\u00e1 mais produzido, porque n\u00e3o d\u00e1 para esperar um ano para apontar mudan\u00e7as em um mundo extremamente acelerado. Outro elemento para um pano de fundo que prejudica quem planeja com vis\u00e3o de longo prazo e prepara o amanh\u00e3 com um olhar no agora.\u00a0<\/p>\n\n\n\n<p class=\"wp-block-paragraph\">Tamb\u00e9m o mercado de consultorias de gest\u00e3o, globalmente, vem demonstrando parte desta sintom\u00e1tica com seus recentes resultados. McKinsey, Accenture, IBM, Bain e diversas outras empresas consagradas ao longo do tempo por seus\u00a0<em>frameworks<\/em>\u00a0de gest\u00e3o e impacto como\u00a0<em>think tanks<\/em>\u00a0corporativos est\u00e3o todas sendo profundamente impactadas financeiramente por uma forte retra\u00e7\u00e3o de mercado. As organiza\u00e7\u00f5es n\u00e3o possuem apetite para contratar quem pensa diferente e com vis\u00e3o de longo prazo, e muito menos para implementar projetos que ir\u00e3o colher resultados efetivos daqui a alguns meses ou anos. N\u00e3o existe projeto vi\u00e1vel se n\u00e3o for baseado em\u00a0<em>quick-wins\u00a0<\/em>\u2013 preferencialmente aqueles que resolvam em 3 semanas um problema que ningu\u00e9m resolveu ao longo dos \u00faltimos 3 anos. Meu ponto n\u00e3o consiste em defender que esse modelo de trabalho consultivo cl\u00e1ssico e seus custos n\u00e3o deveriam ser repensados profundamente, pois de fato tamb\u00e9m eles traziam consigo in\u00fameras inefici\u00eancias; mas sim que este \u00e9 mais um sintoma da vis\u00e3o curto-prazista que assola todo o mercado.\u00a0\u00a0<\/p>\n\n\n\n<p class=\"wp-block-paragraph\">Ali\u00e1s, asseguro que o uso do travess\u00e3o no par\u00e1grafo anterior n\u00e3o \u00e9 um recurso estil\u00edstico da IA, em tempos nos quais ideias pr\u00f3prias andam tamb\u00e9m escassas e que todo texto autoral parece ter sido feito pela m\u00e1quina, e vice-versa. Mais um sinal dos tempos.\u00a0<\/p>\n\n\n\n<p class=\"wp-block-paragraph\">Pois bem: o grande problema \u00e9 que reagir \u00e0 crise com uma inje\u00e7\u00e3o de adrenalina organizacional n\u00e3o constr\u00f3i o futuro. Estamos desenvolvendo organiza\u00e7\u00f5es din\u00e2micas e r\u00e1pidas, mas pouco resilientes para se ajustar \u00e0s transforma\u00e7\u00f5es maiores em curso, principalmente sob a perspectiva do cliente.\u00a0<\/p>\n\n\n\n<p class=\"wp-block-paragraph\">Vejamos o varejo, por exemplo. Desde 2010, os dados deixavam evidentes que havia uma mudan\u00e7a estrutural em curso, trazida pela digitaliza\u00e7\u00e3o em todas as dimens\u00f5es, e que ter presen\u00e7a relevante no\u00a0<em>e-commerce<\/em>\u00a0seria fundamental. Mas n\u00e3o foram poucos os varejistas que passaram anos sem se preparar adequadamente, e muitos tiveram que implantar seus canais digitais a f\u00f3rceps durante a pandemia (com implica\u00e7\u00f5es t\u00e9cnicas e problemas que perduram at\u00e9 hoje). Enquanto isso, empresas com um olhar mais estruturado e consistente desenvolveram seus pr\u00f3prios\u00a0<em>marketplaces<\/em>, presen\u00e7a digital, e est\u00e3o menos dependentes (ou ref\u00e9ns) do faturamento originado no Mercado Livre, Amazon, Shopee ou iFood, por exemplo. N\u00e3o era dif\u00edcil antever a transforma\u00e7\u00e3o; mas, como na Kodak, era mais f\u00e1cil acelerar a captura de valor no curto prazo e deixar a mudan\u00e7a \u201cum pouquinho mais para a frente\u201d.\u00a0<\/p>\n\n\n\n<p class=\"wp-block-paragraph\">Faltam pouco menos de 60 dias para a conclus\u00e3o das elei\u00e7\u00f5es, e pouco mais de 120 dias para o in\u00edcio de um novo ano-calend\u00e1rio. O cen\u00e1rio econ\u00f4mico, social, pol\u00edtico, tecnol\u00f3gico e ambiental n\u00e3o deixar\u00e1 de ser altamente vol\u00e1til, transiente e complexo. Voc\u00ea e sua empresa estar\u00e3o preparados para liderar nesse contexto, mudando o que for necess\u00e1rio para atender a um cliente cada vez mais exigente, controlador e pouco fiel? Ou somente para reagir?\u00a0<\/p>\n","protected":false},"excerpt":{"rendered":"<p>*Por Fernando Moulin, CEO &#038; Founder da Polaris Group, professor e especialista em dados, transforma\u00e7\u00e3o digital e experi\u00eancia do cliente Existem sinais&#8230;<\/p>\n","protected":false},"author":47,"featured_media":84903,"comment_status":"closed","ping_status":"open","sticky":false,"template":"","format":"standard","meta":{"footnotes":""},"categories":[2160,2017],"tags":[],"ppma_author":[13248],"class_list":["post-84902","post","type-post","status-publish","format-standard","has-post-thumbnail","category-financas","category-informacoes"],"yoast_head":"<!-- This site is optimized with the Yoast SEO plugin v27.2 - https:\/\/yoast.com\/product\/yoast-seo-wordpress\/ -->\n<title>Sua empresa est\u00e1 preparada para o p\u00f3s-elei\u00e7\u00f5es? - Economia S\/A<\/title>\n<meta name=\"robots\" content=\"index, follow, max-snippet:-1, max-image-preview:large, max-video-preview:-1\" \/>\n<link rel=\"canonical\" href=\"https:\/\/economiasa.com.br\/blog\/sua-empresa-esta-preparada-para-o-pos-eleicoes\/\" \/>\n<meta property=\"og:locale\" content=\"pt_BR\" \/>\n<meta property=\"og:type\" content=\"article\" \/>\n<meta property=\"og:title\" content=\"Sua empresa est\u00e1 preparada para o p\u00f3s-elei\u00e7\u00f5es? - Economia S\/A\" \/>\n<meta property=\"og:description\" content=\"*Por Fernando Moulin, CEO &amp; Founder da Polaris Group, professor e especialista em dados, transforma\u00e7\u00e3o digital e experi\u00eancia do cliente Existem sinais...\" \/>\n<meta property=\"og:url\" content=\"https:\/\/economiasa.com.br\/blog\/sua-empresa-esta-preparada-para-o-pos-eleicoes\/\" \/>\n<meta property=\"og:site_name\" content=\"Economia S\/A\" \/>\n<meta property=\"article:published_time\" content=\"2026-09-01T17:40:49+00:00\" \/>\n<meta property=\"article:modified_time\" content=\"2026-09-01T17:40:50+00:00\" \/>\n<meta property=\"og:image\" content=\"https:\/\/economiasa.com.br\/blog\/wp-content\/uploads\/2026\/09\/Capturar-3.png\" \/>\n\t<meta property=\"og:image:width\" content=\"775\" \/>\n\t<meta property=\"og:image:height\" content=\"517\" \/>\n\t<meta property=\"og:image:type\" content=\"image\/png\" \/>\n<meta name=\"author\" content=\"Reda\u00e7\u00e3o\" \/>\n<meta name=\"twitter:card\" content=\"summary_large_image\" \/>\n<meta name=\"twitter:label1\" content=\"Escrito por\" \/>\n\t<meta name=\"twitter:data1\" content=\"Reda\u00e7\u00e3o\" \/>\n\t<meta name=\"twitter:label2\" content=\"Est. tempo de leitura\" \/>\n\t<meta name=\"twitter:data2\" content=\"5 minutos\" \/>\n<script type=\"application\/ld+json\" class=\"yoast-schema-graph\">{\"@context\":\"https:\/\/schema.org\",\"@graph\":[{\"@type\":\"Article\",\"@id\":\"https:\/\/economiasa.com.br\/blog\/sua-empresa-esta-preparada-para-o-pos-eleicoes\/#article\",\"isPartOf\":{\"@id\":\"https:\/\/economiasa.com.br\/blog\/sua-empresa-esta-preparada-para-o-pos-eleicoes\/\"},\"author\":{\"name\":\"Reda\u00e7\u00e3o\",\"@id\":\"https:\/\/economiasa.com.br\/blog\/#\/schema\/person\/14b8ac2dc25bd63b52bc54e845fa3923\"},\"headline\":\"Sua empresa est\u00e1 preparada para o p\u00f3s-elei\u00e7\u00f5es?\",\"datePublished\":\"2026-09-01T17:40:49+00:00\",\"dateModified\":\"2026-09-01T17:40:50+00:00\",\"mainEntityOfPage\":{\"@id\":\"https:\/\/economiasa.com.br\/blog\/sua-empresa-esta-preparada-para-o-pos-eleicoes\/\"},\"wordCount\":997,\"image\":{\"@id\":\"https:\/\/economiasa.com.br\/blog\/sua-empresa-esta-preparada-para-o-pos-eleicoes\/#primaryimage\"},\"thumbnailUrl\":\"https:\/\/economiasa.com.br\/blog\/wp-content\/uploads\/2026\/09\/Capturar-3.png\",\"articleSection\":[\"Finan\u00e7as\",\"Informa\u00e7\u00f5es\"],\"inLanguage\":\"pt-BR\"},{\"@type\":\"WebPage\",\"@id\":\"https:\/\/economiasa.com.br\/blog\/sua-empresa-esta-preparada-para-o-pos-eleicoes\/\",\"url\":\"https:\/\/economiasa.com.br\/blog\/sua-empresa-esta-preparada-para-o-pos-eleicoes\/\",\"name\":\"Sua empresa est\u00e1 preparada para o p\u00f3s-elei\u00e7\u00f5es? - Economia S\/A\",\"isPartOf\":{\"@id\":\"https:\/\/economiasa.com.br\/blog\/#website\"},\"primaryImageOfPage\":{\"@id\":\"https:\/\/economiasa.com.br\/blog\/sua-empresa-esta-preparada-para-o-pos-eleicoes\/#primaryimage\"},\"image\":{\"@id\":\"https:\/\/economiasa.com.br\/blog\/sua-empresa-esta-preparada-para-o-pos-eleicoes\/#primaryimage\"},\"thumbnailUrl\":\"https:\/\/economiasa.com.br\/blog\/wp-content\/uploads\/2026\/09\/Capturar-3.png\",\"datePublished\":\"2026-09-01T17:40:49+00:00\",\"dateModified\":\"2026-09-01T17:40:50+00:00\",\"author\":{\"@id\":\"https:\/\/economiasa.com.br\/blog\/#\/schema\/person\/14b8ac2dc25bd63b52bc54e845fa3923\"},\"breadcrumb\":{\"@id\":\"https:\/\/economiasa.com.br\/blog\/sua-empresa-esta-preparada-para-o-pos-eleicoes\/#breadcrumb\"},\"inLanguage\":\"pt-BR\",\"potentialAction\":[{\"@type\":\"ReadAction\",\"target\":[\"https:\/\/economiasa.com.br\/blog\/sua-empresa-esta-preparada-para-o-pos-eleicoes\/\"]}]},{\"@type\":\"ImageObject\",\"inLanguage\":\"pt-BR\",\"@id\":\"https:\/\/economiasa.com.br\/blog\/sua-empresa-esta-preparada-para-o-pos-eleicoes\/#primaryimage\",\"url\":\"https:\/\/economiasa.com.br\/blog\/wp-content\/uploads\/2026\/09\/Capturar-3.png\",\"contentUrl\":\"https:\/\/economiasa.com.br\/blog\/wp-content\/uploads\/2026\/09\/Capturar-3.png\",\"width\":775,\"height\":517,\"caption\":\"Fernando Moulin - Cr\u00e9ditos da foto: Divulga\u00e7\u00e3o\"},{\"@type\":\"BreadcrumbList\",\"@id\":\"https:\/\/economiasa.com.br\/blog\/sua-empresa-esta-preparada-para-o-pos-eleicoes\/#breadcrumb\",\"itemListElement\":[{\"@type\":\"ListItem\",\"position\":1,\"name\":\"In\u00edcio\",\"item\":\"https:\/\/economiasa.com.br\/blog\/\"},{\"@type\":\"ListItem\",\"position\":2,\"name\":\"Sua empresa est\u00e1 preparada para o p\u00f3s-elei\u00e7\u00f5es?\"}]},{\"@type\":\"WebSite\",\"@id\":\"https:\/\/economiasa.com.br\/blog\/#website\",\"url\":\"https:\/\/economiasa.com.br\/blog\/\",\"name\":\"Economia S\/A\",\"description\":\"Ler faz bem para os neg\u00f3cios\",\"potentialAction\":[{\"@type\":\"SearchAction\",\"target\":{\"@type\":\"EntryPoint\",\"urlTemplate\":\"https:\/\/economiasa.com.br\/blog\/?s={search_term_string}\"},\"query-input\":{\"@type\":\"PropertyValueSpecification\",\"valueRequired\":true,\"valueName\":\"search_term_string\"}}],\"inLanguage\":\"pt-BR\"},{\"@type\":\"Person\",\"@id\":\"https:\/\/economiasa.com.br\/blog\/#\/schema\/person\/14b8ac2dc25bd63b52bc54e845fa3923\",\"name\":\"Reda\u00e7\u00e3o\",\"image\":{\"@type\":\"ImageObject\",\"inLanguage\":\"pt-BR\",\"@id\":\"https:\/\/secure.gravatar.com\/avatar\/c8c795261f7f8547b22616a549577db9e450bd5622da3f6eb62b0e2c3e364c4e?s=96&d=mm&r=g0fb5212bc57e2287787936667fbbe0ff\",\"url\":\"https:\/\/secure.gravatar.com\/avatar\/c8c795261f7f8547b22616a549577db9e450bd5622da3f6eb62b0e2c3e364c4e?s=96&d=mm&r=g\",\"contentUrl\":\"https:\/\/secure.gravatar.com\/avatar\/c8c795261f7f8547b22616a549577db9e450bd5622da3f6eb62b0e2c3e364c4e?s=96&d=mm&r=g\",\"caption\":\"Reda\u00e7\u00e3o\"},\"sameAs\":[\"http:\/\/www.economiasa.com.br\"],\"url\":\"https:\/\/economiasa.com.br\/blog\/author\/redacao\/\"}]}<\/script>\n<!-- \/ Yoast SEO plugin. -->","yoast_head_json":{"title":"Sua empresa est\u00e1 preparada para o p\u00f3s-elei\u00e7\u00f5es? - Economia S\/A","robots":{"index":"index","follow":"follow","max-snippet":"max-snippet:-1","max-image-preview":"max-image-preview:large","max-video-preview":"max-video-preview:-1"},"canonical":"https:\/\/economiasa.com.br\/blog\/sua-empresa-esta-preparada-para-o-pos-eleicoes\/","og_locale":"pt_BR","og_type":"article","og_title":"Sua empresa est\u00e1 preparada para o p\u00f3s-elei\u00e7\u00f5es? - Economia S\/A","og_description":"*Por Fernando Moulin, CEO & Founder da Polaris Group, professor e especialista em dados, transforma\u00e7\u00e3o digital e experi\u00eancia do cliente Existem sinais...","og_url":"https:\/\/economiasa.com.br\/blog\/sua-empresa-esta-preparada-para-o-pos-eleicoes\/","og_site_name":"Economia S\/A","article_published_time":"2026-09-01T17:40:49+00:00","article_modified_time":"2026-09-01T17:40:50+00:00","og_image":[{"width":775,"height":517,"url":"https:\/\/economiasa.com.br\/blog\/wp-content\/uploads\/2026\/09\/Capturar-3.png","type":"image\/png"}],"author":"Reda\u00e7\u00e3o","twitter_card":"summary_large_image","twitter_misc":{"Escrito por":"Reda\u00e7\u00e3o","Est. tempo de leitura":"5 minutos"},"schema":{"@context":"https:\/\/schema.org","@graph":[{"@type":"Article","@id":"https:\/\/economiasa.com.br\/blog\/sua-empresa-esta-preparada-para-o-pos-eleicoes\/#article","isPartOf":{"@id":"https:\/\/economiasa.com.br\/blog\/sua-empresa-esta-preparada-para-o-pos-eleicoes\/"},"author":{"name":"Reda\u00e7\u00e3o","@id":"https:\/\/economiasa.com.br\/blog\/#\/schema\/person\/14b8ac2dc25bd63b52bc54e845fa3923"},"headline":"Sua empresa est\u00e1 preparada para o p\u00f3s-elei\u00e7\u00f5es?","datePublished":"2026-09-01T17:40:49+00:00","dateModified":"2026-09-01T17:40:50+00:00","mainEntityOfPage":{"@id":"https:\/\/economiasa.com.br\/blog\/sua-empresa-esta-preparada-para-o-pos-eleicoes\/"},"wordCount":997,"image":{"@id":"https:\/\/economiasa.com.br\/blog\/sua-empresa-esta-preparada-para-o-pos-eleicoes\/#primaryimage"},"thumbnailUrl":"https:\/\/economiasa.com.br\/blog\/wp-content\/uploads\/2026\/09\/Capturar-3.png","articleSection":["Finan\u00e7as","Informa\u00e7\u00f5es"],"inLanguage":"pt-BR"},{"@type":"WebPage","@id":"https:\/\/economiasa.com.br\/blog\/sua-empresa-esta-preparada-para-o-pos-eleicoes\/","url":"https:\/\/economiasa.com.br\/blog\/sua-empresa-esta-preparada-para-o-pos-eleicoes\/","name":"Sua empresa est\u00e1 preparada para o p\u00f3s-elei\u00e7\u00f5es? - Economia S\/A","isPartOf":{"@id":"https:\/\/economiasa.com.br\/blog\/#website"},"primaryImageOfPage":{"@id":"https:\/\/economiasa.com.br\/blog\/sua-empresa-esta-preparada-para-o-pos-eleicoes\/#primaryimage"},"image":{"@id":"https:\/\/economiasa.com.br\/blog\/sua-empresa-esta-preparada-para-o-pos-eleicoes\/#primaryimage"},"thumbnailUrl":"https:\/\/economiasa.com.br\/blog\/wp-content\/uploads\/2026\/09\/Capturar-3.png","datePublished":"2026-09-01T17:40:49+00:00","dateModified":"2026-09-01T17:40:50+00:00","author":{"@id":"https:\/\/economiasa.com.br\/blog\/#\/schema\/person\/14b8ac2dc25bd63b52bc54e845fa3923"},"breadcrumb":{"@id":"https:\/\/economiasa.com.br\/blog\/sua-empresa-esta-preparada-para-o-pos-eleicoes\/#breadcrumb"},"inLanguage":"pt-BR","potentialAction":[{"@type":"ReadAction","target":["https:\/\/economiasa.com.br\/blog\/sua-empresa-esta-preparada-para-o-pos-eleicoes\/"]}]},{"@type":"ImageObject","inLanguage":"pt-BR","@id":"https:\/\/economiasa.com.br\/blog\/sua-empresa-esta-preparada-para-o-pos-eleicoes\/#primaryimage","url":"https:\/\/economiasa.com.br\/blog\/wp-content\/uploads\/2026\/09\/Capturar-3.png","contentUrl":"https:\/\/economiasa.com.br\/blog\/wp-content\/uploads\/2026\/09\/Capturar-3.png","width":775,"height":517,"caption":"Fernando Moulin - Cr\u00e9ditos da foto: Divulga\u00e7\u00e3o"},{"@type":"BreadcrumbList","@id":"https:\/\/economiasa.com.br\/blog\/sua-empresa-esta-preparada-para-o-pos-eleicoes\/#breadcrumb","itemListElement":[{"@type":"ListItem","position":1,"name":"In\u00edcio","item":"https:\/\/economiasa.com.br\/blog\/"},{"@type":"ListItem","position":2,"name":"Sua empresa est\u00e1 preparada para o p\u00f3s-elei\u00e7\u00f5es?"}]},{"@type":"WebSite","@id":"https:\/\/economiasa.com.br\/blog\/#website","url":"https:\/\/economiasa.com.br\/blog\/","name":"Economia S\/A","description":"Ler faz bem para os neg\u00f3cios","potentialAction":[{"@type":"SearchAction","target":{"@type":"EntryPoint","urlTemplate":"https:\/\/economiasa.com.br\/blog\/?s={search_term_string}"},"query-input":{"@type":"PropertyValueSpecification","valueRequired":true,"valueName":"search_term_string"}}],"inLanguage":"pt-BR"},{"@type":"Person","@id":"https:\/\/economiasa.com.br\/blog\/#\/schema\/person\/14b8ac2dc25bd63b52bc54e845fa3923","name":"Reda\u00e7\u00e3o","image":{"@type":"ImageObject","inLanguage":"pt-BR","@id":"https:\/\/secure.gravatar.com\/avatar\/c8c795261f7f8547b22616a549577db9e450bd5622da3f6eb62b0e2c3e364c4e?s=96&d=mm&r=g0fb5212bc57e2287787936667fbbe0ff","url":"https:\/\/secure.gravatar.com\/avatar\/c8c795261f7f8547b22616a549577db9e450bd5622da3f6eb62b0e2c3e364c4e?s=96&d=mm&r=g","contentUrl":"https:\/\/secure.gravatar.com\/avatar\/c8c795261f7f8547b22616a549577db9e450bd5622da3f6eb62b0e2c3e364c4e?s=96&d=mm&r=g","caption":"Reda\u00e7\u00e3o"},"sameAs":["http:\/\/www.economiasa.com.br"],"url":"https:\/\/economiasa.com.br\/blog\/author\/redacao\/"}]}},"authors":[{"term_id":13248,"user_id":47,"is_guest":0,"slug":"redacao","display_name":"Reda\u00e7\u00e3o","avatar_url":"https:\/\/secure.gravatar.com\/avatar\/c8c795261f7f8547b22616a549577db9e450bd5622da3f6eb62b0e2c3e364c4e?s=96&d=mm&r=g","author_category":"","first_name":"Reda\u00e7\u00e3o","last_name":"","user_url":"http:\/\/www.economiasa.com.br","job_title":"","description":""}],"amp_enabled":true,"_links":{"self":[{"href":"https:\/\/economiasa.com.br\/blog\/wp-json\/wp\/v2\/posts\/84902","targetHints":{"allow":["GET"]}}],"collection":[{"href":"https:\/\/economiasa.com.br\/blog\/wp-json\/wp\/v2\/posts"}],"about":[{"href":"https:\/\/economiasa.com.br\/blog\/wp-json\/wp\/v2\/types\/post"}],"author":[{"embeddable":true,"href":"https:\/\/economiasa.com.br\/blog\/wp-json\/wp\/v2\/users\/47"}],"replies":[{"embeddable":true,"href":"https:\/\/economiasa.com.br\/blog\/wp-json\/wp\/v2\/comments?post=84902"}],"version-history":[{"count":0,"href":"https:\/\/economiasa.com.br\/blog\/wp-json\/wp\/v2\/posts\/84902\/revisions"}],"wp:featuredmedia":[{"embeddable":true,"href":"https:\/\/economiasa.com.br\/blog\/wp-json\/wp\/v2\/media\/84903"}],"wp:attachment":[{"href":"https:\/\/economiasa.com.br\/blog\/wp-json\/wp\/v2\/media?parent=84902"}],"wp:term":[{"taxonomy":"category","embeddable":true,"href":"https:\/\/economiasa.com.br\/blog\/wp-json\/wp\/v2\/categories?post=84902"},{"taxonomy":"post_tag","embeddable":true,"href":"https:\/\/economiasa.com.br\/blog\/wp-json\/wp\/v2\/tags?post=84902"},{"taxonomy":"author","embeddable":true,"href":"https:\/\/economiasa.com.br\/blog\/wp-json\/wp\/v2\/ppma_author?post=84902"}],"curies":[{"name":"wp","href":"https:\/\/api.w.org\/{rel}","templated":true}]}}