{"id":84908,"date":"2026-09-01T14:51:34","date_gmt":"2026-09-01T17:51:34","guid":{"rendered":"https:\/\/economiasa.com.br\/blog\/?p=84908"},"modified":"2026-09-01T14:51:35","modified_gmt":"2026-09-01T17:51:35","slug":"especialista-mineiro-alerta-50-das-empresas-serao-substituidas-em-uma-decada","status":"publish","type":"post","link":"https:\/\/economiasa.com.br\/blog\/especialista-mineiro-alerta-50-das-empresas-serao-substituidas-em-uma-decada\/","title":{"rendered":"Especialista mineiro alerta: 50% das empresas ser\u00e3o substitu\u00eddas em uma d\u00e9cada"},"content":{"rendered":"\n<p class=\"wp-block-paragraph\"><em>Vender ativos saud\u00e1veis para sustentar o neg\u00f3cio principal \u00e9 o erro cl\u00e1ssico de quem confunde sobreviv\u00eancia com estrat\u00e9gia<\/em><\/p>\n\n\n\n<p class=\"wp-block-paragraph\">Quem para pra analisar o caso da Abril pode n\u00e3o perceber de imediato, mas sua crise foi menos sobre o avan\u00e7o do digital e a retirada do modelo impresso de publica\u00e7\u00f5es e mais sobre a dificuldade de adapta\u00e7\u00e3o estrat\u00e9gica em tempo h\u00e1bil. Esse \u00e9 o principal alerta apontado pelos especialistas da FC Partners, consultoria especializada em M&A, valuation e governan\u00e7a<\/p>\n\n\n\n<p class=\"wp-block-paragraph\">Para quem n\u00e3o lembra, em 2018, a Editora Abril entrou em recupera\u00e7\u00e3o judicial com uma d\u00edvida superior a R$ 1,6 bilh\u00e3o, tornando-se um dos casos mais emblem\u00e1ticos das dificuldades enfrentadas por empresas tradicionais de m\u00eddia.<\/p>\n\n\n\n<p class=\"wp-block-paragraph\">Segundo Pedro Fenati Bicalho, s\u00f3cio-diretor da consultoria, \u00e9 importante observar esse caso \u00e0 luz do cen\u00e1rio atual. Se a transforma\u00e7\u00e3o digital j\u00e1 foi capaz de redefinir mercados inteiros, a intelig\u00eancia artificial promete acelerar esse processo em uma escala ainda maior, exigindo das empresas capacidade cont\u00ednua de reinven\u00e7\u00e3o e adapta\u00e7\u00e3o estrat\u00e9gica.<\/p>\n\n\n\n<figure class=\"wp-block-image size-large\"><img loading=\"lazy\" decoding=\"async\" width=\"683\" height=\"1024\" src=\"https:\/\/economiasa.com.br\/blog\/wp-content\/uploads\/2026\/09\/Pedro-Fenati-Bicalho-683x1024.jpg\" alt=\"Pedro Fenati Bicalho - Cr\u00e9ditos da foto: Divulga\u00e7\u00e3o\" class=\"wp-image-84910\" srcset=\"https:\/\/economiasa.com.br\/blog\/wp-content\/uploads\/2026\/09\/Pedro-Fenati-Bicalho-683x1024.jpg 683w, https:\/\/economiasa.com.br\/blog\/wp-content\/uploads\/2026\/09\/Pedro-Fenati-Bicalho-200x300.jpg 200w, https:\/\/economiasa.com.br\/blog\/wp-content\/uploads\/2026\/09\/Pedro-Fenati-Bicalho-768x1152.jpg 768w, https:\/\/economiasa.com.br\/blog\/wp-content\/uploads\/2026\/09\/Pedro-Fenati-Bicalho-1024x1536.jpg 1024w, https:\/\/economiasa.com.br\/blog\/wp-content\/uploads\/2026\/09\/Pedro-Fenati-Bicalho-360x540.jpg 360w, https:\/\/economiasa.com.br\/blog\/wp-content\/uploads\/2026\/09\/Pedro-Fenati-Bicalho.jpg 1067w\" sizes=\"auto, (max-width: 683px) 100vw, 683px\" \/><figcaption class=\"wp-element-caption\">Pedro Fenati Bicalho \u2013 Cr\u00e9ditos da foto: Divulga\u00e7\u00e3o<\/figcaption><\/figure>\n\n\n\n<p class=\"wp-block-paragraph\">A estabilidade das grandes corpora\u00e7\u00f5es nunca foi t\u00e3o curta. Estudo da Innosight indica que a perman\u00eancia m\u00e9dia das empresas no S&P 500 caiu de cerca de 61 anos, em 1958, para menos de duas d\u00e9cadas atualmente. A consultoria projeta ainda que aproximadamente 50% das empresas que hoje comp\u00f5em o \u00edndice devem ser substitu\u00eddas nos pr\u00f3ximos dez anos.<\/p>\n\n\n\n<p class=\"wp-block-paragraph\">\u201cNo setor de m\u00eddia, o impacto foi estrutural e irrevers\u00edvel. Quando a Abril construiu seu imp\u00e9rio editorial, jornais e revistas concentravam boa parte da aten\u00e7\u00e3o dos anunciantes. Hoje, o cen\u00e1rio \u00e9 radicalmente diferente\u201d, explica Fenati. Para se ter uma ideia desse movimento, a WPP Media projeta que o mercado global de publicidade ultrapassar\u00e1 US$ 1 trilh\u00e3o em 2026, mas quase 70% desse valor j\u00e1 est\u00e1 direcionado a canais digitais. Estimativas do setor apontam que a publicidade online deve movimentar cerca de US$ 680 bilh\u00f5es neste ano, enquanto gigantes como Meta, Google e Amazon concentram mais de 60% das receitas globais do segmento.<\/p>\n\n\n\n<p class=\"wp-block-paragraph\">Para o executivo, a Abril viu esse movimento acontecer, mas reagiu de forma tardia. \u201cO elemento central do case n\u00e3o est\u00e1 apenas na queda de receita, mas na aloca\u00e7\u00e3o de capital. Em momentos de press\u00e3o, empresas maduras frequentemente recorrem a um movimento cl\u00e1ssico de proteger opera\u00e7\u00f5es tradicionais, mesmo quando j\u00e1 est\u00e3o estruturalmente comprometidas\u201d.<\/p>\n\n\n\n<p class=\"wp-block-paragraph\">No caso da Abril, isso se materializou na venda de ativos considerados saud\u00e1veis, como o bra\u00e7o educacional, para sustentar um core business em decl\u00ednio. \u201cDo ponto de vista financeiro, trata-se de abrir m\u00e3o de crescimento para financiar sobreviv\u00eancia. Em processos de disrup\u00e7\u00e3o, a destrui\u00e7\u00e3o de valor costuma aparecer primeiro nos m\u00faltiplos de mercado. Empresas que n\u00e3o conseguem demonstrar capacidade de adapta\u00e7\u00e3o tendem a sofrer compress\u00e3o de valuation, mesmo antes de uma deteriora\u00e7\u00e3o mais profunda dos resultados financeiros\u201d, diz Fenati.<\/p>\n\n\n\n<p class=\"wp-block-paragraph\">Esse padr\u00e3o se repete em outros casos emblem\u00e1ticos. A Blockbuster ignorou a transi\u00e7\u00e3o para o streaming, mesmo diante da queda de receitas f\u00edsicas. A Saraiva manteve estruturas pesadas enquanto o e-commerce avan\u00e7ava. Em ambos, o resultado foi semelhante: perda acelerada de valor e incapacidade de rea\u00e7\u00e3o. \u201cNeg\u00f3cios maduros podem parecer baratos do ponto de vista financeiro, mas se tornam armadilhas de valor quando perdem capacidade de inova\u00e7\u00e3o e crescimento. Nesses casos, a percep\u00e7\u00e3o de mercado se deteriora e os m\u00faltiplos continuam encolhendo\u201d, explica Lucas Della-S\u00e1via, tamb\u00e9m s\u00f3cio-diretor da FC Partners.<\/p>\n\n\n\n<figure class=\"wp-block-image size-large\"><img loading=\"lazy\" decoding=\"async\" width=\"682\" height=\"1024\" src=\"https:\/\/economiasa.com.br\/blog\/wp-content\/uploads\/2026\/09\/Lucas-Della-Savia-682x1024.jpg\" alt=\"Lucas Della Savia - Cr\u00e9ditos da foto: Divulga\u00e7\u00e3o\" class=\"wp-image-84909\" srcset=\"https:\/\/economiasa.com.br\/blog\/wp-content\/uploads\/2026\/09\/Lucas-Della-Savia-682x1024.jpg 682w, https:\/\/economiasa.com.br\/blog\/wp-content\/uploads\/2026\/09\/Lucas-Della-Savia-200x300.jpg 200w, https:\/\/economiasa.com.br\/blog\/wp-content\/uploads\/2026\/09\/Lucas-Della-Savia-768x1153.jpg 768w, https:\/\/economiasa.com.br\/blog\/wp-content\/uploads\/2026\/09\/Lucas-Della-Savia-1023x1536.jpg 1023w, https:\/\/economiasa.com.br\/blog\/wp-content\/uploads\/2026\/09\/Lucas-Della-Savia-360x540.jpg 360w, https:\/\/economiasa.com.br\/blog\/wp-content\/uploads\/2026\/09\/Lucas-Della-Savia.jpg 1066w\" sizes=\"auto, (max-width: 682px) 100vw, 682px\" \/><figcaption class=\"wp-element-caption\">Lucas Della Savia \u2013 Cr\u00e9ditos da foto: Divulga\u00e7\u00e3o<\/figcaption><\/figure>\n\n\n\n<p class=\"wp-block-paragraph\">\u201cA gente costuma olhar para esses casos como crises de mercado, mas, na pr\u00e1tica, s\u00e3o crises de decis\u00e3o\u201d, afirma Della-S\u00e1via. \u201cO mercado muda para todos, mas nem todos reagem no mesmo tempo. E tempo, nesse contexto, \u00e9 valor\u201d, complementa.<\/p>\n\n\n\n<p class=\"wp-block-paragraph\">De acordo com o executivo, processos de sucess\u00e3o e concentra\u00e7\u00e3o de poder decis\u00f3rio costumam agravar o problema. \u201cEmpresas muito ligadas \u00e0 figura do fundador tendem a carregar uma in\u00e9rcia maior. Existe uma confian\u00e7a leg\u00edtima no modelo que deu certo, mas que, em ciclos de disrup\u00e7\u00e3o, pode se transformar em risco\u201d.<\/p>\n\n\n\n<p class=\"wp-block-paragraph\">Em um pa\u00eds onde cerca de 90% das empresas t\u00eam origem familiar, a sucess\u00e3o continua sendo um dos principais fatores de risco para a continuidade dos neg\u00f3cios. Dados citados pela PwC mostram que apenas 24% das empresas familiares possuem um plano de sucess\u00e3o estruturado e documentado. N\u00e3o por acaso, apenas 36% chegam \u00e0 segunda gera\u00e7\u00e3o e cerca de 12% alcan\u00e7am a terceira.<\/p>\n\n\n\n<p class=\"wp-block-paragraph\">A falha em reconhecer mudan\u00e7as estruturais\u00a0t\u00eam impacto direto no valuation. \u201cO mercado raramente pune uma empresa por um trimestre ruim. O que destr\u00f3i valuation \u00e9 a percep\u00e7\u00e3o de que ela perdeu a capacidade de crescer e se adaptar. Quando isso acontece, o desconto aplicado pelos investidores costuma ser muito mais severo do que a queda moment\u00e2nea da receita\u201d, afirma Pedro Fenati.<\/p>\n\n\n\n<p class=\"wp-block-paragraph\">\u201cA destrui\u00e7\u00e3o de valor n\u00e3o acontece de uma vez; ela \u00e9 progressiva e silenciosa. Primeiro, a empresa perde margem; depois, perde relev\u00e2ncia. Quando percebe, perdeu tamb\u00e9m a capacidade de investir na pr\u00f3pria transforma\u00e7\u00e3o\u201d, completa Fenati.\u00a0<\/p>\n\n\n\n<p class=\"wp-block-paragraph\">Esse processo \u00e9 potencializado pelo que analistas chamam de \u201carrog\u00e2ncia silenciosa\u201d: a confian\u00e7a excessiva em um modelo que funcionou por d\u00e9cadas e que passa a ser defendido mesmo diante de evid\u00eancias contr\u00e1rias.<\/p>\n\n\n\n<p class=\"wp-block-paragraph\">O caso Abril sintetiza um padr\u00e3o que hoje se repete em diferentes setores, do varejo \u00e0 ind\u00fastria tradicional: empresas pressionadas por tecnologia, com estruturas legadas e dificuldade de realoca\u00e7\u00e3o estrat\u00e9gica.<\/p>\n\n\n\n<p class=\"wp-block-paragraph\">A diferen\u00e7a, cada vez mais, est\u00e1 na velocidade de resposta. \u201cHoje, n\u00e3o \u00e9 mais sobre prever o futuro com precis\u00e3o\u201d, conclui. \u201c\u00c9 sobre reconhecer rapidamente quando o presente j\u00e1 mudou e ter governan\u00e7a, capital e coragem para agir\u201d, conclui Della-S\u00e1via.<\/p>\n","protected":false},"excerpt":{"rendered":"<p>Vender ativos saud\u00e1veis para sustentar o neg\u00f3cio principal \u00e9 o erro cl\u00e1ssico de quem confunde sobreviv\u00eancia com estrat\u00e9gia Quem para pra analisar&#8230;<\/p>\n","protected":false},"author":47,"featured_media":84912,"comment_status":"closed","ping_status":"open","sticky":false,"template":"","format":"standard","meta":{"footnotes":""},"categories":[101],"tags":[],"ppma_author":[13248],"class_list":["post-84908","post","type-post","status-publish","format-standard","has-post-thumbnail","category-negocios"],"yoast_head":"<!-- This site is optimized with the Yoast SEO plugin v27.2 - https:\/\/yoast.com\/product\/yoast-seo-wordpress\/ -->\n<title>Especialista mineiro alerta: 50% das empresas ser\u00e3o substitu\u00eddas em uma d\u00e9cada - Economia S\/A<\/title>\n<meta name=\"robots\" content=\"index, follow, max-snippet:-1, max-image-preview:large, max-video-preview:-1\" \/>\n<link rel=\"canonical\" href=\"https:\/\/economiasa.com.br\/blog\/especialista-mineiro-alerta-50-das-empresas-serao-substituidas-em-uma-decada\/\" \/>\n<meta property=\"og:locale\" content=\"pt_BR\" \/>\n<meta property=\"og:type\" content=\"article\" \/>\n<meta property=\"og:title\" content=\"Especialista mineiro alerta: 50% das empresas ser\u00e3o substitu\u00eddas em uma d\u00e9cada - Economia S\/A\" \/>\n<meta property=\"og:description\" content=\"Vender ativos saud\u00e1veis para sustentar o neg\u00f3cio principal \u00e9 o erro cl\u00e1ssico de quem confunde sobreviv\u00eancia com estrat\u00e9gia Quem para pra analisar...\" \/>\n<meta property=\"og:url\" content=\"https:\/\/economiasa.com.br\/blog\/especialista-mineiro-alerta-50-das-empresas-serao-substituidas-em-uma-decada\/\" \/>\n<meta property=\"og:site_name\" content=\"Economia S\/A\" \/>\n<meta property=\"article:published_time\" content=\"2026-09-01T17:51:34+00:00\" \/>\n<meta property=\"article:modified_time\" content=\"2026-09-01T17:51:35+00:00\" \/>\n<meta property=\"og:image\" content=\"https:\/\/economiasa.com.br\/blog\/wp-content\/uploads\/2026\/09\/Capturar-5.png\" \/>\n\t<meta property=\"og:image:width\" content=\"391\" \/>\n\t<meta property=\"og:image:height\" content=\"281\" \/>\n\t<meta property=\"og:image:type\" content=\"image\/png\" \/>\n<meta name=\"author\" content=\"Reda\u00e7\u00e3o\" \/>\n<meta name=\"twitter:card\" content=\"summary_large_image\" \/>\n<meta name=\"twitter:label1\" content=\"Escrito por\" \/>\n\t<meta name=\"twitter:data1\" content=\"Reda\u00e7\u00e3o\" \/>\n\t<meta name=\"twitter:label2\" content=\"Est. tempo de leitura\" \/>\n\t<meta name=\"twitter:data2\" content=\"6 minutos\" \/>\n<script type=\"application\/ld+json\" class=\"yoast-schema-graph\">{\"@context\":\"https:\/\/schema.org\",\"@graph\":[{\"@type\":\"Article\",\"@id\":\"https:\/\/economiasa.com.br\/blog\/especialista-mineiro-alerta-50-das-empresas-serao-substituidas-em-uma-decada\/#article\",\"isPartOf\":{\"@id\":\"https:\/\/economiasa.com.br\/blog\/especialista-mineiro-alerta-50-das-empresas-serao-substituidas-em-uma-decada\/\"},\"author\":{\"name\":\"Reda\u00e7\u00e3o\",\"@id\":\"https:\/\/economiasa.com.br\/blog\/#\/schema\/person\/14b8ac2dc25bd63b52bc54e845fa3923\"},\"headline\":\"Especialista mineiro alerta: 50% das empresas ser\u00e3o substitu\u00eddas em uma d\u00e9cada\",\"datePublished\":\"2026-09-01T17:51:34+00:00\",\"dateModified\":\"2026-09-01T17:51:35+00:00\",\"mainEntityOfPage\":{\"@id\":\"https:\/\/economiasa.com.br\/blog\/especialista-mineiro-alerta-50-das-empresas-serao-substituidas-em-uma-decada\/\"},\"wordCount\":1020,\"image\":{\"@id\":\"https:\/\/economiasa.com.br\/blog\/especialista-mineiro-alerta-50-das-empresas-serao-substituidas-em-uma-decada\/#primaryimage\"},\"thumbnailUrl\":\"https:\/\/economiasa.com.br\/blog\/wp-content\/uploads\/2026\/09\/Capturar-5.png\",\"articleSection\":[\"Neg\u00f3cios\"],\"inLanguage\":\"pt-BR\"},{\"@type\":\"WebPage\",\"@id\":\"https:\/\/economiasa.com.br\/blog\/especialista-mineiro-alerta-50-das-empresas-serao-substituidas-em-uma-decada\/\",\"url\":\"https:\/\/economiasa.com.br\/blog\/especialista-mineiro-alerta-50-das-empresas-serao-substituidas-em-uma-decada\/\",\"name\":\"Especialista mineiro alerta: 50% das empresas ser\u00e3o substitu\u00eddas em uma d\u00e9cada - Economia S\/A\",\"isPartOf\":{\"@id\":\"https:\/\/economiasa.com.br\/blog\/#website\"},\"primaryImageOfPage\":{\"@id\":\"https:\/\/economiasa.com.br\/blog\/especialista-mineiro-alerta-50-das-empresas-serao-substituidas-em-uma-decada\/#primaryimage\"},\"image\":{\"@id\":\"https:\/\/economiasa.com.br\/blog\/especialista-mineiro-alerta-50-das-empresas-serao-substituidas-em-uma-decada\/#primaryimage\"},\"thumbnailUrl\":\"https:\/\/economiasa.com.br\/blog\/wp-content\/uploads\/2026\/09\/Capturar-5.png\",\"datePublished\":\"2026-09-01T17:51:34+00:00\",\"dateModified\":\"2026-09-01T17:51:35+00:00\",\"author\":{\"@id\":\"https:\/\/economiasa.com.br\/blog\/#\/schema\/person\/14b8ac2dc25bd63b52bc54e845fa3923\"},\"breadcrumb\":{\"@id\":\"https:\/\/economiasa.com.br\/blog\/especialista-mineiro-alerta-50-das-empresas-serao-substituidas-em-uma-decada\/#breadcrumb\"},\"inLanguage\":\"pt-BR\",\"potentialAction\":[{\"@type\":\"ReadAction\",\"target\":[\"https:\/\/economiasa.com.br\/blog\/especialista-mineiro-alerta-50-das-empresas-serao-substituidas-em-uma-decada\/\"]}]},{\"@type\":\"ImageObject\",\"inLanguage\":\"pt-BR\",\"@id\":\"https:\/\/economiasa.com.br\/blog\/especialista-mineiro-alerta-50-das-empresas-serao-substituidas-em-uma-decada\/#primaryimage\",\"url\":\"https:\/\/economiasa.com.br\/blog\/wp-content\/uploads\/2026\/09\/Capturar-5.png\",\"contentUrl\":\"https:\/\/economiasa.com.br\/blog\/wp-content\/uploads\/2026\/09\/Capturar-5.png\",\"width\":391,\"height\":281,\"caption\":\"Cr\u00e9ditos da foto: Divulga\u00e7\u00e3o\"},{\"@type\":\"BreadcrumbList\",\"@id\":\"https:\/\/economiasa.com.br\/blog\/especialista-mineiro-alerta-50-das-empresas-serao-substituidas-em-uma-decada\/#breadcrumb\",\"itemListElement\":[{\"@type\":\"ListItem\",\"position\":1,\"name\":\"In\u00edcio\",\"item\":\"https:\/\/economiasa.com.br\/blog\/\"},{\"@type\":\"ListItem\",\"position\":2,\"name\":\"Especialista mineiro alerta: 50% das empresas ser\u00e3o substitu\u00eddas em uma d\u00e9cada\"}]},{\"@type\":\"WebSite\",\"@id\":\"https:\/\/economiasa.com.br\/blog\/#website\",\"url\":\"https:\/\/economiasa.com.br\/blog\/\",\"name\":\"Economia S\/A\",\"description\":\"Ler faz bem para os neg\u00f3cios\",\"potentialAction\":[{\"@type\":\"SearchAction\",\"target\":{\"@type\":\"EntryPoint\",\"urlTemplate\":\"https:\/\/economiasa.com.br\/blog\/?s={search_term_string}\"},\"query-input\":{\"@type\":\"PropertyValueSpecification\",\"valueRequired\":true,\"valueName\":\"search_term_string\"}}],\"inLanguage\":\"pt-BR\"},{\"@type\":\"Person\",\"@id\":\"https:\/\/economiasa.com.br\/blog\/#\/schema\/person\/14b8ac2dc25bd63b52bc54e845fa3923\",\"name\":\"Reda\u00e7\u00e3o\",\"image\":{\"@type\":\"ImageObject\",\"inLanguage\":\"pt-BR\",\"@id\":\"https:\/\/secure.gravatar.com\/avatar\/c8c795261f7f8547b22616a549577db9e450bd5622da3f6eb62b0e2c3e364c4e?s=96&d=mm&r=g0fb5212bc57e2287787936667fbbe0ff\",\"url\":\"https:\/\/secure.gravatar.com\/avatar\/c8c795261f7f8547b22616a549577db9e450bd5622da3f6eb62b0e2c3e364c4e?s=96&d=mm&r=g\",\"contentUrl\":\"https:\/\/secure.gravatar.com\/avatar\/c8c795261f7f8547b22616a549577db9e450bd5622da3f6eb62b0e2c3e364c4e?s=96&d=mm&r=g\",\"caption\":\"Reda\u00e7\u00e3o\"},\"sameAs\":[\"http:\/\/www.economiasa.com.br\"],\"url\":\"https:\/\/economiasa.com.br\/blog\/author\/redacao\/\"}]}<\/script>\n<!-- \/ Yoast SEO plugin. -->","yoast_head_json":{"title":"Especialista mineiro alerta: 50% das empresas ser\u00e3o substitu\u00eddas em uma d\u00e9cada - Economia S\/A","robots":{"index":"index","follow":"follow","max-snippet":"max-snippet:-1","max-image-preview":"max-image-preview:large","max-video-preview":"max-video-preview:-1"},"canonical":"https:\/\/economiasa.com.br\/blog\/especialista-mineiro-alerta-50-das-empresas-serao-substituidas-em-uma-decada\/","og_locale":"pt_BR","og_type":"article","og_title":"Especialista mineiro alerta: 50% das empresas ser\u00e3o substitu\u00eddas em uma d\u00e9cada - Economia S\/A","og_description":"Vender ativos saud\u00e1veis para sustentar o neg\u00f3cio principal \u00e9 o erro cl\u00e1ssico de quem confunde sobreviv\u00eancia com estrat\u00e9gia Quem para pra analisar...","og_url":"https:\/\/economiasa.com.br\/blog\/especialista-mineiro-alerta-50-das-empresas-serao-substituidas-em-uma-decada\/","og_site_name":"Economia S\/A","article_published_time":"2026-09-01T17:51:34+00:00","article_modified_time":"2026-09-01T17:51:35+00:00","og_image":[{"width":391,"height":281,"url":"https:\/\/economiasa.com.br\/blog\/wp-content\/uploads\/2026\/09\/Capturar-5.png","type":"image\/png"}],"author":"Reda\u00e7\u00e3o","twitter_card":"summary_large_image","twitter_misc":{"Escrito por":"Reda\u00e7\u00e3o","Est. tempo de leitura":"6 minutos"},"schema":{"@context":"https:\/\/schema.org","@graph":[{"@type":"Article","@id":"https:\/\/economiasa.com.br\/blog\/especialista-mineiro-alerta-50-das-empresas-serao-substituidas-em-uma-decada\/#article","isPartOf":{"@id":"https:\/\/economiasa.com.br\/blog\/especialista-mineiro-alerta-50-das-empresas-serao-substituidas-em-uma-decada\/"},"author":{"name":"Reda\u00e7\u00e3o","@id":"https:\/\/economiasa.com.br\/blog\/#\/schema\/person\/14b8ac2dc25bd63b52bc54e845fa3923"},"headline":"Especialista mineiro alerta: 50% das empresas ser\u00e3o substitu\u00eddas em uma d\u00e9cada","datePublished":"2026-09-01T17:51:34+00:00","dateModified":"2026-09-01T17:51:35+00:00","mainEntityOfPage":{"@id":"https:\/\/economiasa.com.br\/blog\/especialista-mineiro-alerta-50-das-empresas-serao-substituidas-em-uma-decada\/"},"wordCount":1020,"image":{"@id":"https:\/\/economiasa.com.br\/blog\/especialista-mineiro-alerta-50-das-empresas-serao-substituidas-em-uma-decada\/#primaryimage"},"thumbnailUrl":"https:\/\/economiasa.com.br\/blog\/wp-content\/uploads\/2026\/09\/Capturar-5.png","articleSection":["Neg\u00f3cios"],"inLanguage":"pt-BR"},{"@type":"WebPage","@id":"https:\/\/economiasa.com.br\/blog\/especialista-mineiro-alerta-50-das-empresas-serao-substituidas-em-uma-decada\/","url":"https:\/\/economiasa.com.br\/blog\/especialista-mineiro-alerta-50-das-empresas-serao-substituidas-em-uma-decada\/","name":"Especialista mineiro alerta: 50% das empresas ser\u00e3o substitu\u00eddas em uma d\u00e9cada - Economia S\/A","isPartOf":{"@id":"https:\/\/economiasa.com.br\/blog\/#website"},"primaryImageOfPage":{"@id":"https:\/\/economiasa.com.br\/blog\/especialista-mineiro-alerta-50-das-empresas-serao-substituidas-em-uma-decada\/#primaryimage"},"image":{"@id":"https:\/\/economiasa.com.br\/blog\/especialista-mineiro-alerta-50-das-empresas-serao-substituidas-em-uma-decada\/#primaryimage"},"thumbnailUrl":"https:\/\/economiasa.com.br\/blog\/wp-content\/uploads\/2026\/09\/Capturar-5.png","datePublished":"2026-09-01T17:51:34+00:00","dateModified":"2026-09-01T17:51:35+00:00","author":{"@id":"https:\/\/economiasa.com.br\/blog\/#\/schema\/person\/14b8ac2dc25bd63b52bc54e845fa3923"},"breadcrumb":{"@id":"https:\/\/economiasa.com.br\/blog\/especialista-mineiro-alerta-50-das-empresas-serao-substituidas-em-uma-decada\/#breadcrumb"},"inLanguage":"pt-BR","potentialAction":[{"@type":"ReadAction","target":["https:\/\/economiasa.com.br\/blog\/especialista-mineiro-alerta-50-das-empresas-serao-substituidas-em-uma-decada\/"]}]},{"@type":"ImageObject","inLanguage":"pt-BR","@id":"https:\/\/economiasa.com.br\/blog\/especialista-mineiro-alerta-50-das-empresas-serao-substituidas-em-uma-decada\/#primaryimage","url":"https:\/\/economiasa.com.br\/blog\/wp-content\/uploads\/2026\/09\/Capturar-5.png","contentUrl":"https:\/\/economiasa.com.br\/blog\/wp-content\/uploads\/2026\/09\/Capturar-5.png","width":391,"height":281,"caption":"Cr\u00e9ditos da foto: Divulga\u00e7\u00e3o"},{"@type":"BreadcrumbList","@id":"https:\/\/economiasa.com.br\/blog\/especialista-mineiro-alerta-50-das-empresas-serao-substituidas-em-uma-decada\/#breadcrumb","itemListElement":[{"@type":"ListItem","position":1,"name":"In\u00edcio","item":"https:\/\/economiasa.com.br\/blog\/"},{"@type":"ListItem","position":2,"name":"Especialista mineiro alerta: 50% das empresas ser\u00e3o substitu\u00eddas em uma d\u00e9cada"}]},{"@type":"WebSite","@id":"https:\/\/economiasa.com.br\/blog\/#website","url":"https:\/\/economiasa.com.br\/blog\/","name":"Economia S\/A","description":"Ler faz bem para os neg\u00f3cios","potentialAction":[{"@type":"SearchAction","target":{"@type":"EntryPoint","urlTemplate":"https:\/\/economiasa.com.br\/blog\/?s={search_term_string}"},"query-input":{"@type":"PropertyValueSpecification","valueRequired":true,"valueName":"search_term_string"}}],"inLanguage":"pt-BR"},{"@type":"Person","@id":"https:\/\/economiasa.com.br\/blog\/#\/schema\/person\/14b8ac2dc25bd63b52bc54e845fa3923","name":"Reda\u00e7\u00e3o","image":{"@type":"ImageObject","inLanguage":"pt-BR","@id":"https:\/\/secure.gravatar.com\/avatar\/c8c795261f7f8547b22616a549577db9e450bd5622da3f6eb62b0e2c3e364c4e?s=96&d=mm&r=g0fb5212bc57e2287787936667fbbe0ff","url":"https:\/\/secure.gravatar.com\/avatar\/c8c795261f7f8547b22616a549577db9e450bd5622da3f6eb62b0e2c3e364c4e?s=96&d=mm&r=g","contentUrl":"https:\/\/secure.gravatar.com\/avatar\/c8c795261f7f8547b22616a549577db9e450bd5622da3f6eb62b0e2c3e364c4e?s=96&d=mm&r=g","caption":"Reda\u00e7\u00e3o"},"sameAs":["http:\/\/www.economiasa.com.br"],"url":"https:\/\/economiasa.com.br\/blog\/author\/redacao\/"}]}},"authors":[{"term_id":13248,"user_id":47,"is_guest":0,"slug":"redacao","display_name":"Reda\u00e7\u00e3o","avatar_url":"https:\/\/secure.gravatar.com\/avatar\/c8c795261f7f8547b22616a549577db9e450bd5622da3f6eb62b0e2c3e364c4e?s=96&d=mm&r=g","author_category":"","first_name":"Reda\u00e7\u00e3o","last_name":"","user_url":"http:\/\/www.economiasa.com.br","job_title":"","description":""}],"amp_enabled":true,"_links":{"self":[{"href":"https:\/\/economiasa.com.br\/blog\/wp-json\/wp\/v2\/posts\/84908","targetHints":{"allow":["GET"]}}],"collection":[{"href":"https:\/\/economiasa.com.br\/blog\/wp-json\/wp\/v2\/posts"}],"about":[{"href":"https:\/\/economiasa.com.br\/blog\/wp-json\/wp\/v2\/types\/post"}],"author":[{"embeddable":true,"href":"https:\/\/economiasa.com.br\/blog\/wp-json\/wp\/v2\/users\/47"}],"replies":[{"embeddable":true,"href":"https:\/\/economiasa.com.br\/blog\/wp-json\/wp\/v2\/comments?post=84908"}],"version-history":[{"count":0,"href":"https:\/\/economiasa.com.br\/blog\/wp-json\/wp\/v2\/posts\/84908\/revisions"}],"wp:featuredmedia":[{"embeddable":true,"href":"https:\/\/economiasa.com.br\/blog\/wp-json\/wp\/v2\/media\/84912"}],"wp:attachment":[{"href":"https:\/\/economiasa.com.br\/blog\/wp-json\/wp\/v2\/media?parent=84908"}],"wp:term":[{"taxonomy":"category","embeddable":true,"href":"https:\/\/economiasa.com.br\/blog\/wp-json\/wp\/v2\/categories?post=84908"},{"taxonomy":"post_tag","embeddable":true,"href":"https:\/\/economiasa.com.br\/blog\/wp-json\/wp\/v2\/tags?post=84908"},{"taxonomy":"author","embeddable":true,"href":"https:\/\/economiasa.com.br\/blog\/wp-json\/wp\/v2\/ppma_author?post=84908"}],"curies":[{"name":"wp","href":"https:\/\/api.w.org\/{rel}","templated":true}]}}