{"id":84917,"date":"2026-09-01T15:06:32","date_gmt":"2026-09-01T18:06:32","guid":{"rendered":"https:\/\/economiasa.com.br\/blog\/?p=84917"},"modified":"2026-09-01T15:06:32","modified_gmt":"2026-09-01T18:06:32","slug":"locar-empreendimentos-imobiliarios-reposiciona-marca-e-se-consolida-como-conglomerado-de-solucoes-imobiliarias-em-niteroi","status":"publish","type":"post","link":"https:\/\/economiasa.com.br\/blog\/locar-empreendimentos-imobiliarios-reposiciona-marca-e-se-consolida-como-conglomerado-de-solucoes-imobiliarias-em-niteroi\/","title":{"rendered":"Locar Empreendimentos Imobili\u00e1rios reposiciona marca e se consolida como conglomerado de solu\u00e7\u00f5es imobili\u00e1rias em Niter\u00f3i"},"content":{"rendered":"\n<p class=\"wp-block-paragraph\"><em>Empresa aposta em atendimento humanizado, tecnologia e transpar\u00eancia para se tornar refer\u00eancia em gest\u00e3o patrimonial na regi\u00e3o<\/em><\/p>\n\n\n\n<p class=\"wp-block-paragraph\">A Locar Empreendimentos Imobili\u00e1rios, companhia com 23 anos de atua\u00e7\u00e3o consolidada em Niter\u00f3i, anuncia o reposicionamento de sua marca para se firmar como um conglomerado de solu\u00e7\u00f5es imobili\u00e1rias integradas, com um atendimento profundamente humanizado. O novo momento da empresa inclui a inaugura\u00e7\u00e3o de um escrit\u00f3rio h\u00edbrido e o refor\u00e7o da responsabilidade social corporativa da marca na regi\u00e3o, e \u00e9 conduzido pela segunda gera\u00e7\u00e3o da fam\u00edlia fundadora: a CEO \u00c9rica Carreiro e o vice-presidente Pedro Carreiro.<\/p>\n\n\n\n<p class=\"wp-block-paragraph\">Presente nos segmentos residencial, comercial, de loteamentos e de incorpora\u00e7\u00e3o, a Locar atua em Niter\u00f3i e em munic\u00edpios da regi\u00e3o, unindo a seguran\u00e7a jur\u00eddica tradicional, marca registrada da empresa desde sua funda\u00e7\u00e3o \u2014 a ferramentas tecnol\u00f3gicas que aceleram processos sem abrir m\u00e3o da proximidade com o cliente. O objetivo declarado da gest\u00e3o \u00e9 claro: tornar-se refer\u00eancia em gest\u00e3o patrimonial com transpar\u00eancia.<\/p>\n\n\n\n<p class=\"wp-block-paragraph\">Para \u00c9rica Carreiro, CEO da Locar, o reposicionamento reflete uma vis\u00e3o de longo prazo constru\u00edda ao longo de gera\u00e7\u00f5es. \u201cQuero ser sin\u00f4nimo de seguran\u00e7a e apoio jur\u00eddico para os propriet\u00e1rios. Nosso prop\u00f3sito \u00e9 expandir a carteira de im\u00f3veis sem nunca perder a proximidade no atendimento \u2014 quero ser o ponto central que resolve desde a solu\u00e7\u00e3o burocr\u00e1tica at\u00e9 a consultoria imobili\u00e1ria mais estrat\u00e9gica\u201d, afirma a executiva.<\/p>\n\n\n\n<p class=\"wp-block-paragraph\">J\u00e1 o vice-presidente Pedro Carreiro refor\u00e7a que o crescimento da empresa passa, necessariamente, pela qualidade da rela\u00e7\u00e3o com locadores e locat\u00e1rios. \u201cNosso legado \u00e9 criar conex\u00f5es duradouras, onde as pessoas se sintam protegidas e valorizadas. Queremos apresentar que a administra\u00e7\u00e3o de im\u00f3veis pode ser transparente, previs\u00edvel e sem dores de cabe\u00e7a, ajudando fam\u00edlias e investidores a proteger e rentabilizar seus bens ao longo das gera\u00e7\u00f5es\u201d, declara Pedro.<\/p>\n\n\n\n<p class=\"wp-block-paragraph\">Em um mercado cada vez mais dominado por aplicativos e grandes redes imobili\u00e1rias, a Locar identificou um movimento de retorno do p\u00fablico a um tipo de atendimento mais pr\u00f3ximo e responsivo. Depois de recorrerem a plataformas digitais e imobili\u00e1rias de grande porte, muitos clientes buscam empresas em que o contato humano seja real, inclusive com acesso direto \u00e0 lideran\u00e7a da companhia.<\/p>\n\n\n\n<p class=\"wp-block-paragraph\">Segundo a CEO \u00c9rica Carreiro, esse \u00e9 justamente o espa\u00e7o que a Locar ocupa. \u201cAs pessoas querem ser ouvidas por gente de verdade, n\u00e3o por rob\u00f4s ou respostas autom\u00e1ticas e frias. Nossa escuta ativa busca compreender de fato as dores e necessidades espec\u00edficas de cada locador e locat\u00e1rio, e agimos com proatividade para resolver conflitos e manuten\u00e7\u00f5es antes que se transformem em problemas maiores\u201d, explica.<\/p>\n\n\n\n<p class=\"wp-block-paragraph\">Esse compromisso \u00e9 sustentado por uma estrutura de garantia financeira, com gest\u00e3o de receb\u00edveis feita com responsabilidade. \u201cNosso crescimento \u00e9 sustent\u00e1vel porque est\u00e1 focado na qualidade do servi\u00e7o prestado. Nunca vamos sacrificar o suporte que damos hoje em nome de uma expans\u00e3o apressada\u201d, pontua Pedro Carreiro, vice-presidente da empresa.<\/p>\n\n\n\n<p class=\"wp-block-paragraph\">A cultura da Locar est\u00e1 ancorada em quatro pilares: transpar\u00eancia, seguran\u00e7a jur\u00eddica, compromisso com a palavra e clareza absoluta em contratos, taxas e processos \u2014 sem letras mi\u00fadas. A empresa afirma proteger rigorosamente tanto o patrim\u00f4nio do propriet\u00e1rio quanto os direitos do inquilino, al\u00e9m de cumprir prazos e acordos com disciplina.<\/p>\n\n\n\n<p class=\"wp-block-paragraph\">Cen\u00e1rio do mercado imobili\u00e1rio e tend\u00eancias<\/p>\n\n\n\n<p class=\"wp-block-paragraph\">O momento de reposicionamento da Locar acompanha um cen\u00e1rio positivo para o setor imobili\u00e1rio brasileiro. Dados recentes mostram que o mercado mant\u00e9m alta nas vendas e pre\u00e7os firmes, superando os \u00edndices inflacion\u00e1rios por conta da procura real de compradores e investidores. Em Niter\u00f3i, por exemplo, o pre\u00e7o m\u00e9dio do metro quadrado vertical fechou o primeiro trimestre de 2026 em R$ 11.690, alta de 13,7% em 12 meses, com bairros da regi\u00e3o Sul, como Icara\u00ed e Charitas e da regi\u00e3o Oce\u00e2nica, como Piratininga e Camboinhas, concentrando os maiores valores de alto padr\u00e3o e superluxo da cidade.<\/p>\n\n\n\n<p class=\"wp-block-paragraph\">Apesar do aquecimento, compradores e investidores t\u00eam operado com mais cautela financeira, avaliando previsibilidade e o custo do cr\u00e9dito no longo prazo \u2014 um comportamento que, segundo a lideran\u00e7a da Locar, refor\u00e7a a import\u00e2ncia de um atendimento consultivo e transparente.<\/p>\n\n\n\n<p class=\"wp-block-paragraph\">Para \u00c9rica Carreiro e Pedro Carreiro, quatro tend\u00eancias devem se consolidar nos pr\u00f3ximos anos:<\/p>\n\n\n\n<p class=\"wp-block-paragraph\">Sustentabilidade integrada: efici\u00eancia energ\u00e9tica e materiais ecol\u00f3gicos deixam de ser diferencial e passam a ser exig\u00eancia padr\u00e3o do mercado, movimento j\u00e1 identificado por consultorias do setor em 2026.<\/p>\n\n\n\n<p class=\"wp-block-paragraph\">Compactos funcionais: unidades menores com plantas inteligentes ganham espa\u00e7o nas grandes cidades como forma de otimizar o uso urbano, tend\u00eancia confirmada pelo crescimento de lan\u00e7amentos de est\u00fadios e apartamentos de um dormit\u00f3rio.<\/p>\n\n\n\n<p class=\"wp-block-paragraph\">Gest\u00e3o e suporte: seguran\u00e7a jur\u00eddica, triagem rigorosa de locat\u00e1rios e efici\u00eancia na administra\u00e7\u00e3o patrimonial se tornam fatores decisivos na escolha da imobili\u00e1ria.<\/p>\n\n\n\n<p class=\"wp-block-paragraph\">Atendimento consultivo: em um cen\u00e1rio din\u00e2mico e de cr\u00e9dito mais seletivo, o contato humano especializado ganha valor como orienta\u00e7\u00e3o segura para decis\u00f5es de compra, loca\u00e7\u00e3o e investimento.<\/p>\n","protected":false},"excerpt":{"rendered":"<p>Empresa aposta em atendimento humanizado, tecnologia e transpar\u00eancia para se tornar refer\u00eancia em gest\u00e3o patrimonial na regi\u00e3o A Locar Empreendimentos Imobili\u00e1rios, companhia&#8230;<\/p>\n","protected":false},"author":47,"featured_media":84918,"comment_status":"closed","ping_status":"open","sticky":false,"template":"","format":"standard","meta":{"footnotes":""},"categories":[2741],"tags":[],"ppma_author":[13248],"class_list":["post-84917","post","type-post","status-publish","format-standard","has-post-thumbnail","category-imoveis"],"yoast_head":"<!-- This site is optimized with the Yoast SEO plugin v27.2 - https:\/\/yoast.com\/product\/yoast-seo-wordpress\/ -->\n<title>Locar Empreendimentos Imobili\u00e1rios reposiciona marca e se consolida como conglomerado de solu\u00e7\u00f5es imobili\u00e1rias em Niter\u00f3i - Economia S\/A<\/title>\n<meta name=\"robots\" content=\"index, follow, max-snippet:-1, max-image-preview:large, max-video-preview:-1\" \/>\n<link rel=\"canonical\" href=\"https:\/\/economiasa.com.br\/blog\/locar-empreendimentos-imobiliarios-reposiciona-marca-e-se-consolida-como-conglomerado-de-solucoes-imobiliarias-em-niteroi\/\" \/>\n<meta property=\"og:locale\" content=\"pt_BR\" \/>\n<meta property=\"og:type\" content=\"article\" \/>\n<meta property=\"og:title\" content=\"Locar Empreendimentos Imobili\u00e1rios reposiciona marca e se consolida como conglomerado de solu\u00e7\u00f5es imobili\u00e1rias em Niter\u00f3i - Economia S\/A\" \/>\n<meta property=\"og:description\" content=\"Empresa aposta em atendimento humanizado, tecnologia e transpar\u00eancia para se tornar refer\u00eancia em gest\u00e3o patrimonial na regi\u00e3o A Locar Empreendimentos Imobili\u00e1rios, companhia...\" \/>\n<meta property=\"og:url\" content=\"https:\/\/economiasa.com.br\/blog\/locar-empreendimentos-imobiliarios-reposiciona-marca-e-se-consolida-como-conglomerado-de-solucoes-imobiliarias-em-niteroi\/\" \/>\n<meta property=\"og:site_name\" content=\"Economia S\/A\" \/>\n<meta property=\"article:published_time\" content=\"2026-09-01T18:06:32+00:00\" \/>\n<meta property=\"og:image\" content=\"https:\/\/economiasa.com.br\/blog\/wp-content\/uploads\/2026\/09\/Capturar-7.png\" \/>\n\t<meta property=\"og:image:width\" content=\"398\" \/>\n\t<meta property=\"og:image:height\" content=\"276\" \/>\n\t<meta property=\"og:image:type\" content=\"image\/png\" \/>\n<meta name=\"author\" content=\"Reda\u00e7\u00e3o\" \/>\n<meta name=\"twitter:card\" content=\"summary_large_image\" \/>\n<meta name=\"twitter:label1\" content=\"Escrito por\" \/>\n\t<meta name=\"twitter:data1\" content=\"Reda\u00e7\u00e3o\" \/>\n\t<meta name=\"twitter:label2\" content=\"Est. tempo de leitura\" \/>\n\t<meta name=\"twitter:data2\" content=\"5 minutos\" \/>\n<script type=\"application\/ld+json\" class=\"yoast-schema-graph\">{\"@context\":\"https:\/\/schema.org\",\"@graph\":[{\"@type\":\"Article\",\"@id\":\"https:\/\/economiasa.com.br\/blog\/locar-empreendimentos-imobiliarios-reposiciona-marca-e-se-consolida-como-conglomerado-de-solucoes-imobiliarias-em-niteroi\/#article\",\"isPartOf\":{\"@id\":\"https:\/\/economiasa.com.br\/blog\/locar-empreendimentos-imobiliarios-reposiciona-marca-e-se-consolida-como-conglomerado-de-solucoes-imobiliarias-em-niteroi\/\"},\"author\":{\"name\":\"Reda\u00e7\u00e3o\",\"@id\":\"https:\/\/economiasa.com.br\/blog\/#\/schema\/person\/14b8ac2dc25bd63b52bc54e845fa3923\"},\"headline\":\"Locar Empreendimentos Imobili\u00e1rios reposiciona marca e se consolida como conglomerado de solu\u00e7\u00f5es imobili\u00e1rias em Niter\u00f3i\",\"datePublished\":\"2026-09-01T18:06:32+00:00\",\"mainEntityOfPage\":{\"@id\":\"https:\/\/economiasa.com.br\/blog\/locar-empreendimentos-imobiliarios-reposiciona-marca-e-se-consolida-como-conglomerado-de-solucoes-imobiliarias-em-niteroi\/\"},\"wordCount\":898,\"image\":{\"@id\":\"https:\/\/economiasa.com.br\/blog\/locar-empreendimentos-imobiliarios-reposiciona-marca-e-se-consolida-como-conglomerado-de-solucoes-imobiliarias-em-niteroi\/#primaryimage\"},\"thumbnailUrl\":\"https:\/\/economiasa.com.br\/blog\/wp-content\/uploads\/2026\/09\/Capturar-7.png\",\"articleSection\":[\"Im\u00f3veis\"],\"inLanguage\":\"pt-BR\"},{\"@type\":\"WebPage\",\"@id\":\"https:\/\/economiasa.com.br\/blog\/locar-empreendimentos-imobiliarios-reposiciona-marca-e-se-consolida-como-conglomerado-de-solucoes-imobiliarias-em-niteroi\/\",\"url\":\"https:\/\/economiasa.com.br\/blog\/locar-empreendimentos-imobiliarios-reposiciona-marca-e-se-consolida-como-conglomerado-de-solucoes-imobiliarias-em-niteroi\/\",\"name\":\"Locar Empreendimentos Imobili\u00e1rios reposiciona marca e se consolida como conglomerado de solu\u00e7\u00f5es imobili\u00e1rias em Niter\u00f3i - Economia S\/A\",\"isPartOf\":{\"@id\":\"https:\/\/economiasa.com.br\/blog\/#website\"},\"primaryImageOfPage\":{\"@id\":\"https:\/\/economiasa.com.br\/blog\/locar-empreendimentos-imobiliarios-reposiciona-marca-e-se-consolida-como-conglomerado-de-solucoes-imobiliarias-em-niteroi\/#primaryimage\"},\"image\":{\"@id\":\"https:\/\/economiasa.com.br\/blog\/locar-empreendimentos-imobiliarios-reposiciona-marca-e-se-consolida-como-conglomerado-de-solucoes-imobiliarias-em-niteroi\/#primaryimage\"},\"thumbnailUrl\":\"https:\/\/economiasa.com.br\/blog\/wp-content\/uploads\/2026\/09\/Capturar-7.png\",\"datePublished\":\"2026-09-01T18:06:32+00:00\",\"author\":{\"@id\":\"https:\/\/economiasa.com.br\/blog\/#\/schema\/person\/14b8ac2dc25bd63b52bc54e845fa3923\"},\"breadcrumb\":{\"@id\":\"https:\/\/economiasa.com.br\/blog\/locar-empreendimentos-imobiliarios-reposiciona-marca-e-se-consolida-como-conglomerado-de-solucoes-imobiliarias-em-niteroi\/#breadcrumb\"},\"inLanguage\":\"pt-BR\",\"potentialAction\":[{\"@type\":\"ReadAction\",\"target\":[\"https:\/\/economiasa.com.br\/blog\/locar-empreendimentos-imobiliarios-reposiciona-marca-e-se-consolida-como-conglomerado-de-solucoes-imobiliarias-em-niteroi\/\"]}]},{\"@type\":\"ImageObject\",\"inLanguage\":\"pt-BR\",\"@id\":\"https:\/\/economiasa.com.br\/blog\/locar-empreendimentos-imobiliarios-reposiciona-marca-e-se-consolida-como-conglomerado-de-solucoes-imobiliarias-em-niteroi\/#primaryimage\",\"url\":\"https:\/\/economiasa.com.br\/blog\/wp-content\/uploads\/2026\/09\/Capturar-7.png\",\"contentUrl\":\"https:\/\/economiasa.com.br\/blog\/wp-content\/uploads\/2026\/09\/Capturar-7.png\",\"width\":398,\"height\":276,\"caption\":\"Erica e Pedro Carreiro - Cr\u00e9ditos da foto: Divulga\u00e7\u00e3o\"},{\"@type\":\"BreadcrumbList\",\"@id\":\"https:\/\/economiasa.com.br\/blog\/locar-empreendimentos-imobiliarios-reposiciona-marca-e-se-consolida-como-conglomerado-de-solucoes-imobiliarias-em-niteroi\/#breadcrumb\",\"itemListElement\":[{\"@type\":\"ListItem\",\"position\":1,\"name\":\"In\u00edcio\",\"item\":\"https:\/\/economiasa.com.br\/blog\/\"},{\"@type\":\"ListItem\",\"position\":2,\"name\":\"Locar Empreendimentos Imobili\u00e1rios reposiciona marca e se consolida como conglomerado de solu\u00e7\u00f5es imobili\u00e1rias em Niter\u00f3i\"}]},{\"@type\":\"WebSite\",\"@id\":\"https:\/\/economiasa.com.br\/blog\/#website\",\"url\":\"https:\/\/economiasa.com.br\/blog\/\",\"name\":\"Economia S\/A\",\"description\":\"Ler faz bem para os neg\u00f3cios\",\"potentialAction\":[{\"@type\":\"SearchAction\",\"target\":{\"@type\":\"EntryPoint\",\"urlTemplate\":\"https:\/\/economiasa.com.br\/blog\/?s={search_term_string}\"},\"query-input\":{\"@type\":\"PropertyValueSpecification\",\"valueRequired\":true,\"valueName\":\"search_term_string\"}}],\"inLanguage\":\"pt-BR\"},{\"@type\":\"Person\",\"@id\":\"https:\/\/economiasa.com.br\/blog\/#\/schema\/person\/14b8ac2dc25bd63b52bc54e845fa3923\",\"name\":\"Reda\u00e7\u00e3o\",\"image\":{\"@type\":\"ImageObject\",\"inLanguage\":\"pt-BR\",\"@id\":\"https:\/\/secure.gravatar.com\/avatar\/c8c795261f7f8547b22616a549577db9e450bd5622da3f6eb62b0e2c3e364c4e?s=96&d=mm&r=g0fb5212bc57e2287787936667fbbe0ff\",\"url\":\"https:\/\/secure.gravatar.com\/avatar\/c8c795261f7f8547b22616a549577db9e450bd5622da3f6eb62b0e2c3e364c4e?s=96&d=mm&r=g\",\"contentUrl\":\"https:\/\/secure.gravatar.com\/avatar\/c8c795261f7f8547b22616a549577db9e450bd5622da3f6eb62b0e2c3e364c4e?s=96&d=mm&r=g\",\"caption\":\"Reda\u00e7\u00e3o\"},\"sameAs\":[\"http:\/\/www.economiasa.com.br\"],\"url\":\"https:\/\/economiasa.com.br\/blog\/author\/redacao\/\"}]}<\/script>\n<!-- \/ Yoast SEO plugin. -->","yoast_head_json":{"title":"Locar Empreendimentos Imobili\u00e1rios reposiciona marca e se consolida como conglomerado de solu\u00e7\u00f5es imobili\u00e1rias em Niter\u00f3i - Economia S\/A","robots":{"index":"index","follow":"follow","max-snippet":"max-snippet:-1","max-image-preview":"max-image-preview:large","max-video-preview":"max-video-preview:-1"},"canonical":"https:\/\/economiasa.com.br\/blog\/locar-empreendimentos-imobiliarios-reposiciona-marca-e-se-consolida-como-conglomerado-de-solucoes-imobiliarias-em-niteroi\/","og_locale":"pt_BR","og_type":"article","og_title":"Locar Empreendimentos Imobili\u00e1rios reposiciona marca e se consolida como conglomerado de solu\u00e7\u00f5es imobili\u00e1rias em Niter\u00f3i - Economia S\/A","og_description":"Empresa aposta em atendimento humanizado, tecnologia e transpar\u00eancia para se tornar refer\u00eancia em gest\u00e3o patrimonial na regi\u00e3o A Locar Empreendimentos Imobili\u00e1rios, companhia...","og_url":"https:\/\/economiasa.com.br\/blog\/locar-empreendimentos-imobiliarios-reposiciona-marca-e-se-consolida-como-conglomerado-de-solucoes-imobiliarias-em-niteroi\/","og_site_name":"Economia S\/A","article_published_time":"2026-09-01T18:06:32+00:00","og_image":[{"width":398,"height":276,"url":"https:\/\/economiasa.com.br\/blog\/wp-content\/uploads\/2026\/09\/Capturar-7.png","type":"image\/png"}],"author":"Reda\u00e7\u00e3o","twitter_card":"summary_large_image","twitter_misc":{"Escrito por":"Reda\u00e7\u00e3o","Est. tempo de leitura":"5 minutos"},"schema":{"@context":"https:\/\/schema.org","@graph":[{"@type":"Article","@id":"https:\/\/economiasa.com.br\/blog\/locar-empreendimentos-imobiliarios-reposiciona-marca-e-se-consolida-como-conglomerado-de-solucoes-imobiliarias-em-niteroi\/#article","isPartOf":{"@id":"https:\/\/economiasa.com.br\/blog\/locar-empreendimentos-imobiliarios-reposiciona-marca-e-se-consolida-como-conglomerado-de-solucoes-imobiliarias-em-niteroi\/"},"author":{"name":"Reda\u00e7\u00e3o","@id":"https:\/\/economiasa.com.br\/blog\/#\/schema\/person\/14b8ac2dc25bd63b52bc54e845fa3923"},"headline":"Locar Empreendimentos Imobili\u00e1rios reposiciona marca e se consolida como conglomerado de solu\u00e7\u00f5es imobili\u00e1rias em Niter\u00f3i","datePublished":"2026-09-01T18:06:32+00:00","mainEntityOfPage":{"@id":"https:\/\/economiasa.com.br\/blog\/locar-empreendimentos-imobiliarios-reposiciona-marca-e-se-consolida-como-conglomerado-de-solucoes-imobiliarias-em-niteroi\/"},"wordCount":898,"image":{"@id":"https:\/\/economiasa.com.br\/blog\/locar-empreendimentos-imobiliarios-reposiciona-marca-e-se-consolida-como-conglomerado-de-solucoes-imobiliarias-em-niteroi\/#primaryimage"},"thumbnailUrl":"https:\/\/economiasa.com.br\/blog\/wp-content\/uploads\/2026\/09\/Capturar-7.png","articleSection":["Im\u00f3veis"],"inLanguage":"pt-BR"},{"@type":"WebPage","@id":"https:\/\/economiasa.com.br\/blog\/locar-empreendimentos-imobiliarios-reposiciona-marca-e-se-consolida-como-conglomerado-de-solucoes-imobiliarias-em-niteroi\/","url":"https:\/\/economiasa.com.br\/blog\/locar-empreendimentos-imobiliarios-reposiciona-marca-e-se-consolida-como-conglomerado-de-solucoes-imobiliarias-em-niteroi\/","name":"Locar Empreendimentos Imobili\u00e1rios reposiciona marca e se consolida como conglomerado de solu\u00e7\u00f5es imobili\u00e1rias em Niter\u00f3i - Economia S\/A","isPartOf":{"@id":"https:\/\/economiasa.com.br\/blog\/#website"},"primaryImageOfPage":{"@id":"https:\/\/economiasa.com.br\/blog\/locar-empreendimentos-imobiliarios-reposiciona-marca-e-se-consolida-como-conglomerado-de-solucoes-imobiliarias-em-niteroi\/#primaryimage"},"image":{"@id":"https:\/\/economiasa.com.br\/blog\/locar-empreendimentos-imobiliarios-reposiciona-marca-e-se-consolida-como-conglomerado-de-solucoes-imobiliarias-em-niteroi\/#primaryimage"},"thumbnailUrl":"https:\/\/economiasa.com.br\/blog\/wp-content\/uploads\/2026\/09\/Capturar-7.png","datePublished":"2026-09-01T18:06:32+00:00","author":{"@id":"https:\/\/economiasa.com.br\/blog\/#\/schema\/person\/14b8ac2dc25bd63b52bc54e845fa3923"},"breadcrumb":{"@id":"https:\/\/economiasa.com.br\/blog\/locar-empreendimentos-imobiliarios-reposiciona-marca-e-se-consolida-como-conglomerado-de-solucoes-imobiliarias-em-niteroi\/#breadcrumb"},"inLanguage":"pt-BR","potentialAction":[{"@type":"ReadAction","target":["https:\/\/economiasa.com.br\/blog\/locar-empreendimentos-imobiliarios-reposiciona-marca-e-se-consolida-como-conglomerado-de-solucoes-imobiliarias-em-niteroi\/"]}]},{"@type":"ImageObject","inLanguage":"pt-BR","@id":"https:\/\/economiasa.com.br\/blog\/locar-empreendimentos-imobiliarios-reposiciona-marca-e-se-consolida-como-conglomerado-de-solucoes-imobiliarias-em-niteroi\/#primaryimage","url":"https:\/\/economiasa.com.br\/blog\/wp-content\/uploads\/2026\/09\/Capturar-7.png","contentUrl":"https:\/\/economiasa.com.br\/blog\/wp-content\/uploads\/2026\/09\/Capturar-7.png","width":398,"height":276,"caption":"Erica e Pedro Carreiro - Cr\u00e9ditos da foto: Divulga\u00e7\u00e3o"},{"@type":"BreadcrumbList","@id":"https:\/\/economiasa.com.br\/blog\/locar-empreendimentos-imobiliarios-reposiciona-marca-e-se-consolida-como-conglomerado-de-solucoes-imobiliarias-em-niteroi\/#breadcrumb","itemListElement":[{"@type":"ListItem","position":1,"name":"In\u00edcio","item":"https:\/\/economiasa.com.br\/blog\/"},{"@type":"ListItem","position":2,"name":"Locar Empreendimentos Imobili\u00e1rios reposiciona marca e se consolida como conglomerado de solu\u00e7\u00f5es imobili\u00e1rias em Niter\u00f3i"}]},{"@type":"WebSite","@id":"https:\/\/economiasa.com.br\/blog\/#website","url":"https:\/\/economiasa.com.br\/blog\/","name":"Economia S\/A","description":"Ler faz bem para os neg\u00f3cios","potentialAction":[{"@type":"SearchAction","target":{"@type":"EntryPoint","urlTemplate":"https:\/\/economiasa.com.br\/blog\/?s={search_term_string}"},"query-input":{"@type":"PropertyValueSpecification","valueRequired":true,"valueName":"search_term_string"}}],"inLanguage":"pt-BR"},{"@type":"Person","@id":"https:\/\/economiasa.com.br\/blog\/#\/schema\/person\/14b8ac2dc25bd63b52bc54e845fa3923","name":"Reda\u00e7\u00e3o","image":{"@type":"ImageObject","inLanguage":"pt-BR","@id":"https:\/\/secure.gravatar.com\/avatar\/c8c795261f7f8547b22616a549577db9e450bd5622da3f6eb62b0e2c3e364c4e?s=96&d=mm&r=g0fb5212bc57e2287787936667fbbe0ff","url":"https:\/\/secure.gravatar.com\/avatar\/c8c795261f7f8547b22616a549577db9e450bd5622da3f6eb62b0e2c3e364c4e?s=96&d=mm&r=g","contentUrl":"https:\/\/secure.gravatar.com\/avatar\/c8c795261f7f8547b22616a549577db9e450bd5622da3f6eb62b0e2c3e364c4e?s=96&d=mm&r=g","caption":"Reda\u00e7\u00e3o"},"sameAs":["http:\/\/www.economiasa.com.br"],"url":"https:\/\/economiasa.com.br\/blog\/author\/redacao\/"}]}},"authors":[{"term_id":13248,"user_id":47,"is_guest":0,"slug":"redacao","display_name":"Reda\u00e7\u00e3o","avatar_url":"https:\/\/secure.gravatar.com\/avatar\/c8c795261f7f8547b22616a549577db9e450bd5622da3f6eb62b0e2c3e364c4e?s=96&d=mm&r=g","author_category":"","first_name":"Reda\u00e7\u00e3o","last_name":"","user_url":"http:\/\/www.economiasa.com.br","job_title":"","description":""}],"amp_enabled":true,"_links":{"self":[{"href":"https:\/\/economiasa.com.br\/blog\/wp-json\/wp\/v2\/posts\/84917","targetHints":{"allow":["GET"]}}],"collection":[{"href":"https:\/\/economiasa.com.br\/blog\/wp-json\/wp\/v2\/posts"}],"about":[{"href":"https:\/\/economiasa.com.br\/blog\/wp-json\/wp\/v2\/types\/post"}],"author":[{"embeddable":true,"href":"https:\/\/economiasa.com.br\/blog\/wp-json\/wp\/v2\/users\/47"}],"replies":[{"embeddable":true,"href":"https:\/\/economiasa.com.br\/blog\/wp-json\/wp\/v2\/comments?post=84917"}],"version-history":[{"count":0,"href":"https:\/\/economiasa.com.br\/blog\/wp-json\/wp\/v2\/posts\/84917\/revisions"}],"wp:featuredmedia":[{"embeddable":true,"href":"https:\/\/economiasa.com.br\/blog\/wp-json\/wp\/v2\/media\/84918"}],"wp:attachment":[{"href":"https:\/\/economiasa.com.br\/blog\/wp-json\/wp\/v2\/media?parent=84917"}],"wp:term":[{"taxonomy":"category","embeddable":true,"href":"https:\/\/economiasa.com.br\/blog\/wp-json\/wp\/v2\/categories?post=84917"},{"taxonomy":"post_tag","embeddable":true,"href":"https:\/\/economiasa.com.br\/blog\/wp-json\/wp\/v2\/tags?post=84917"},{"taxonomy":"author","embeddable":true,"href":"https:\/\/economiasa.com.br\/blog\/wp-json\/wp\/v2\/ppma_author?post=84917"}],"curies":[{"name":"wp","href":"https:\/\/api.w.org\/{rel}","templated":true}]}}