{"id":84921,"date":"2026-09-01T15:10:07","date_gmt":"2026-09-01T18:10:07","guid":{"rendered":"https:\/\/economiasa.com.br\/blog\/?p=84921"},"modified":"2026-09-01T15:10:08","modified_gmt":"2026-09-01T18:10:08","slug":"divida-exige-reacao-rapida","status":"publish","type":"post","link":"https:\/\/economiasa.com.br\/blog\/divida-exige-reacao-rapida\/","title":{"rendered":"D\u00edvida exige rea\u00e7\u00e3o r\u00e1pida"},"content":{"rendered":"\n<p class=\"wp-block-paragraph\"><em>Pedido de Recupera\u00e7\u00e3o Judicial de ind\u00fastria paranaense com passivo de R$ 16,1 milh\u00f5es acende alerta para empresas que mant\u00eam opera\u00e7\u00e3o e mercado, mas j\u00e1 n\u00e3o conseguem equilibrar faturamento, custos e d\u00edvidas<\/em><\/p>\n\n\n\n<p class=\"wp-block-paragraph\">Uma ind\u00fastria paranaense que mant\u00e9m sua produ\u00e7\u00e3o, possui mercado nacional e exporta para pa\u00edses da Am\u00e9rica Latina acaba de recorrer \u00e0 Recupera\u00e7\u00e3o Judicial para reorganizar um passivo superior a R$ 16,1 milh\u00f5es. O pedido da D. Plastic Ind\u00fastria e Com\u00e9rcio de Artigos de Pl\u00e1sticos Ltda. foi protocolado em Curitiba no dia 24 de agosto e exp\u00f5e uma situa\u00e7\u00e3o cada vez mais sens\u00edvel no ambiente empresarial: empresas que continuam operacionalmente vi\u00e1veis, mas chegam a um ponto em que o custo das d\u00edvidas e a press\u00e3o sobre o caixa amea\u00e7am a continuidade do neg\u00f3cio. O valor exato dos cr\u00e9ditos sujeitos \u00e0 recupera\u00e7\u00e3o \u00e9 de R$ 16.105.983,24.<\/p>\n\n\n\n<p class=\"wp-block-paragraph\">Para Pedro Siqueira, CEO da\u00a0<a href=\"https:\/\/psconsult.com.br\/\" target=\"_blank\" rel=\"noreferrer noopener\">PS Consultoria<\/a>, respons\u00e1vel pela consultoria empresarial no processo, o caso ajuda a desconstruir uma percep\u00e7\u00e3o ainda comum entre empres\u00e1rios. \u201cRecupera\u00e7\u00e3o Judicial n\u00e3o significa que uma empresa acabou. A situa\u00e7\u00e3o \u00e9 justamente o contr\u00e1rio: existe produto, cliente, faturamento e uma opera\u00e7\u00e3o vi\u00e1vel, mas o endividamento chegou a um n\u00edvel incompat\u00edvel com a gera\u00e7\u00e3o de caixa. O grande risco \u00e9 o empres\u00e1rio esperar o caixa acabar para procurar ajuda. Quanto antes fazemos o diagn\u00f3stico, maiores s\u00e3o as possibilidades de reorganiza\u00e7\u00e3o\u201d, afirma. A PS atua em gest\u00e3o estrat\u00e9gica, solu\u00e7\u00f5es financeiras e gest\u00e3o de crises, com equipe multidisciplinar formada por profissionais de administra\u00e7\u00e3o, contabilidade, direito, mercado e planejamento.<\/p>\n\n\n\n<p class=\"wp-block-paragraph\">Fundada em 2019, a D. Plastic atua na fabrica\u00e7\u00e3o de mantas t\u00e9rmicas de subcobertura e outros produtos e estruturou um processo produtivo verticalizado. Al\u00e9m do mercado brasileiro, a empresa comercializa para Paraguai, Bol\u00edvia e Uruguai e iniciou a implanta\u00e7\u00e3o de uma planta para fabrica\u00e7\u00e3o de fita asf\u00e1ltica multiuso, que, segundo a peti\u00e7\u00e3o, a coloca como \u00fanica ind\u00fastria paranaense a produzir esse insumo. O ciclo de investimento coincidiu com a pandemia, quando a companhia precisou recorrer ao cr\u00e9dito banc\u00e1rio para manter a opera\u00e7\u00e3o e os postos de trabalho.<\/p>\n\n\n\n<p class=\"wp-block-paragraph\">O quadro ganhou uma dimens\u00e3o ainda maior em 2026 com a forte eleva\u00e7\u00e3o dos custos das mat\u00e9rias-primas. Documentos fiscais apresentados no processo mostram que o Polietileno de Alta Densidade, PEAD, passou de R$ 10,80 por quilo, em janeiro, para R$ 25 por quilo mais impostos, em maio, alta aproximada de 131,5%. J\u00e1 o BOPP metalizado passou de R$ 18,71 por quilo, em fevereiro, para R$ 34,77 mais impostos em junho, aumento de aproximadamente 85,8%. A empresa afirma ter absorvido parte relevante dessas altas para evitar o repasse integral aos clientes, decis\u00e3o que ajudou a preservar mercado, mas comprimiu ainda mais suas margens.<\/p>\n\n\n\n<p class=\"wp-block-paragraph\">\u00c9 justamente nesse ponto, segundo Siqueira, que o acompanhamento dos n\u00fameros deixa de ser apenas uma quest\u00e3o cont\u00e1bil e passa a ser estrat\u00e9gico. \u201cUm dos sinais mais importantes aparece quando as obriga\u00e7\u00f5es futuras come\u00e7am a superar a capacidade de gera\u00e7\u00e3o de caixa. Muitas vezes o empres\u00e1rio responde buscando mais cr\u00e9dito. O empr\u00e9stimo pode resolver uma necessidade pontual, mas, se estiver sendo utilizado repetidamente para financiar um desequil\u00edbrio estrutural, pode aumentar o problema. Antes de contratar uma nova d\u00edvida, \u00e9 preciso entender margem, fluxo de caixa, passivo e capacidade real de pagamento\u201d, explica. Segundo ele, a PS j\u00e1 participou da assessoria de mais de uma centena de processos e de casos que, somados, envolvem mais de R$ 1 bilh\u00e3o em passivos.<\/p>\n\n\n\n<p class=\"wp-block-paragraph\">A condu\u00e7\u00e3o de uma Recupera\u00e7\u00e3o Judicial, por\u00e9m, vai muito al\u00e9m do protocolo de uma a\u00e7\u00e3o. No caso da D. Plastic, a PS realizou an\u00e1lise financeira, levantamento do passivo, fluxo de caixa, obriga\u00e7\u00f5es existentes e capacidade de pagamento, enquanto a estrutura jur\u00eddica \u00e9 conduzida em parceria com a Vaz Advogados. Para o advogado Dr. Bruno Vaz, a decis\u00e3o de ingressar com uma RJ precisa estar sustentada por uma estrat\u00e9gia capaz de atravessar todo o processo. \u201cN\u00e3o basta pedir a Recupera\u00e7\u00e3o Judicial. \u00c9 preciso avaliar previamente se a empresa \u00e9 vi\u00e1vel, estruturar o plano de recupera\u00e7\u00e3o, conhecer sua capacidade financeira e construir uma estrat\u00e9gia de negocia\u00e7\u00e3o com os credores. Uma recupera\u00e7\u00e3o mal planejada pode n\u00e3o solucionar a crise e aumentar o risco de fal\u00eancia. Por isso, \u00e9 um trabalho que exige responsabilidade e atua\u00e7\u00e3o multidisciplinar\u201d, destaca.<\/p>\n\n\n\n<p class=\"wp-block-paragraph\">A pr\u00f3pria legisla\u00e7\u00e3o estabelece como objetivo da Recupera\u00e7\u00e3o Judicial permitir a supera\u00e7\u00e3o da crise econ\u00f4mico-financeira para preservar a fonte produtora, os empregos e os interesses dos credores. No pedido da D. Plastic, a defesa sustenta que a crise \u00e9 financeira e n\u00e3o operacional e que a equaliza\u00e7\u00e3o do passivo permitiria restabelecer o equil\u00edbrio entre a gera\u00e7\u00e3o de caixa e o servi\u00e7o da d\u00edvida. A companhia permanece em atividade e o pedido requer, entre outras medidas, a suspens\u00e3o das a\u00e7\u00f5es e execu\u00e7\u00f5es contra a empresa pelo prazo legal de 180 dias e prazo de 60 dias para apresenta\u00e7\u00e3o do plano de Recupera\u00e7\u00e3o Judicial.<\/p>\n\n\n\n<p class=\"wp-block-paragraph\">Para Siqueira, a principal mensagem para outros empres\u00e1rios est\u00e1 justamente no momento de procurar aux\u00edlio. \u201cRecupera\u00e7\u00e3o Judicial \u00e9 uma das ferramentas poss\u00edveis, n\u00e3o necessariamente a primeira. Quando a empresa percebe queda persistente da margem, dificuldade para honrar compromissos, depend\u00eancia crescente de empr\u00e9stimos ou um volume de obriga\u00e7\u00f5es incompat\u00edvel com o faturamento, \u00e9 hora de fazer um diagn\u00f3stico. Quanto mais cedo identificamos a origem do desequil\u00edbrio, mais alternativas temos para renegociar d\u00edvidas, reorganizar o neg\u00f3cio e preservar a empresa\u201d, conclui.<\/p>\n","protected":false},"excerpt":{"rendered":"<p>Pedido de Recupera\u00e7\u00e3o Judicial de ind\u00fastria paranaense com passivo de R$ 16,1 milh\u00f5es acende alerta para empresas que mant\u00eam opera\u00e7\u00e3o e mercado,&#8230;<\/p>\n","protected":false},"author":47,"featured_media":84922,"comment_status":"closed","ping_status":"open","sticky":false,"template":"","format":"standard","meta":{"footnotes":""},"categories":[2160],"tags":[],"ppma_author":[13248],"class_list":["post-84921","post","type-post","status-publish","format-standard","has-post-thumbnail","category-financas"],"yoast_head":"<!-- This site is optimized with the Yoast SEO plugin v27.2 - https:\/\/yoast.com\/product\/yoast-seo-wordpress\/ -->\n<title>D\u00edvida exige rea\u00e7\u00e3o r\u00e1pida - Economia S\/A<\/title>\n<meta name=\"robots\" content=\"index, follow, max-snippet:-1, max-image-preview:large, max-video-preview:-1\" \/>\n<link rel=\"canonical\" href=\"https:\/\/economiasa.com.br\/blog\/divida-exige-reacao-rapida\/\" \/>\n<meta property=\"og:locale\" content=\"pt_BR\" \/>\n<meta property=\"og:type\" content=\"article\" \/>\n<meta property=\"og:title\" content=\"D\u00edvida exige rea\u00e7\u00e3o r\u00e1pida - Economia S\/A\" \/>\n<meta property=\"og:description\" content=\"Pedido de Recupera\u00e7\u00e3o Judicial de ind\u00fastria paranaense com passivo de R$ 16,1 milh\u00f5es acende alerta para empresas que mant\u00eam opera\u00e7\u00e3o e mercado,...\" \/>\n<meta property=\"og:url\" content=\"https:\/\/economiasa.com.br\/blog\/divida-exige-reacao-rapida\/\" \/>\n<meta property=\"og:site_name\" content=\"Economia S\/A\" \/>\n<meta property=\"article:published_time\" content=\"2026-09-01T18:10:07+00:00\" \/>\n<meta property=\"article:modified_time\" content=\"2026-09-01T18:10:08+00:00\" \/>\n<meta property=\"og:image\" content=\"https:\/\/economiasa.com.br\/blog\/wp-content\/uploads\/2026\/09\/WhatsApp-Image-2026-07-29-at-02.57.32.jpg\" \/>\n\t<meta property=\"og:image:width\" content=\"1066\" \/>\n\t<meta property=\"og:image:height\" content=\"706\" \/>\n\t<meta property=\"og:image:type\" content=\"image\/jpeg\" \/>\n<meta name=\"author\" content=\"Reda\u00e7\u00e3o\" \/>\n<meta name=\"twitter:card\" content=\"summary_large_image\" \/>\n<meta name=\"twitter:label1\" content=\"Escrito por\" \/>\n\t<meta name=\"twitter:data1\" content=\"Reda\u00e7\u00e3o\" \/>\n\t<meta name=\"twitter:label2\" content=\"Est. tempo de leitura\" \/>\n\t<meta name=\"twitter:data2\" content=\"5 minutos\" \/>\n<script type=\"application\/ld+json\" class=\"yoast-schema-graph\">{\"@context\":\"https:\/\/schema.org\",\"@graph\":[{\"@type\":\"Article\",\"@id\":\"https:\/\/economiasa.com.br\/blog\/divida-exige-reacao-rapida\/#article\",\"isPartOf\":{\"@id\":\"https:\/\/economiasa.com.br\/blog\/divida-exige-reacao-rapida\/\"},\"author\":{\"name\":\"Reda\u00e7\u00e3o\",\"@id\":\"https:\/\/economiasa.com.br\/blog\/#\/schema\/person\/14b8ac2dc25bd63b52bc54e845fa3923\"},\"headline\":\"D\u00edvida exige rea\u00e7\u00e3o r\u00e1pida\",\"datePublished\":\"2026-09-01T18:10:07+00:00\",\"dateModified\":\"2026-09-01T18:10:08+00:00\",\"mainEntityOfPage\":{\"@id\":\"https:\/\/economiasa.com.br\/blog\/divida-exige-reacao-rapida\/\"},\"wordCount\":973,\"image\":{\"@id\":\"https:\/\/economiasa.com.br\/blog\/divida-exige-reacao-rapida\/#primaryimage\"},\"thumbnailUrl\":\"https:\/\/economiasa.com.br\/blog\/wp-content\/uploads\/2026\/09\/WhatsApp-Image-2026-07-29-at-02.57.32.jpg\",\"articleSection\":[\"Finan\u00e7as\"],\"inLanguage\":\"pt-BR\"},{\"@type\":\"WebPage\",\"@id\":\"https:\/\/economiasa.com.br\/blog\/divida-exige-reacao-rapida\/\",\"url\":\"https:\/\/economiasa.com.br\/blog\/divida-exige-reacao-rapida\/\",\"name\":\"D\u00edvida exige rea\u00e7\u00e3o r\u00e1pida - Economia S\/A\",\"isPartOf\":{\"@id\":\"https:\/\/economiasa.com.br\/blog\/#website\"},\"primaryImageOfPage\":{\"@id\":\"https:\/\/economiasa.com.br\/blog\/divida-exige-reacao-rapida\/#primaryimage\"},\"image\":{\"@id\":\"https:\/\/economiasa.com.br\/blog\/divida-exige-reacao-rapida\/#primaryimage\"},\"thumbnailUrl\":\"https:\/\/economiasa.com.br\/blog\/wp-content\/uploads\/2026\/09\/WhatsApp-Image-2026-07-29-at-02.57.32.jpg\",\"datePublished\":\"2026-09-01T18:10:07+00:00\",\"dateModified\":\"2026-09-01T18:10:08+00:00\",\"author\":{\"@id\":\"https:\/\/economiasa.com.br\/blog\/#\/schema\/person\/14b8ac2dc25bd63b52bc54e845fa3923\"},\"breadcrumb\":{\"@id\":\"https:\/\/economiasa.com.br\/blog\/divida-exige-reacao-rapida\/#breadcrumb\"},\"inLanguage\":\"pt-BR\",\"potentialAction\":[{\"@type\":\"ReadAction\",\"target\":[\"https:\/\/economiasa.com.br\/blog\/divida-exige-reacao-rapida\/\"]}]},{\"@type\":\"ImageObject\",\"inLanguage\":\"pt-BR\",\"@id\":\"https:\/\/economiasa.com.br\/blog\/divida-exige-reacao-rapida\/#primaryimage\",\"url\":\"https:\/\/economiasa.com.br\/blog\/wp-content\/uploads\/2026\/09\/WhatsApp-Image-2026-07-29-at-02.57.32.jpg\",\"contentUrl\":\"https:\/\/economiasa.com.br\/blog\/wp-content\/uploads\/2026\/09\/WhatsApp-Image-2026-07-29-at-02.57.32.jpg\",\"width\":1066,\"height\":706,\"caption\":\"arquivo pessoal Pedro Siqueira, CEO da PS Consultoria\"},{\"@type\":\"BreadcrumbList\",\"@id\":\"https:\/\/economiasa.com.br\/blog\/divida-exige-reacao-rapida\/#breadcrumb\",\"itemListElement\":[{\"@type\":\"ListItem\",\"position\":1,\"name\":\"In\u00edcio\",\"item\":\"https:\/\/economiasa.com.br\/blog\/\"},{\"@type\":\"ListItem\",\"position\":2,\"name\":\"D\u00edvida exige rea\u00e7\u00e3o r\u00e1pida\"}]},{\"@type\":\"WebSite\",\"@id\":\"https:\/\/economiasa.com.br\/blog\/#website\",\"url\":\"https:\/\/economiasa.com.br\/blog\/\",\"name\":\"Economia S\/A\",\"description\":\"Ler faz bem para os neg\u00f3cios\",\"potentialAction\":[{\"@type\":\"SearchAction\",\"target\":{\"@type\":\"EntryPoint\",\"urlTemplate\":\"https:\/\/economiasa.com.br\/blog\/?s={search_term_string}\"},\"query-input\":{\"@type\":\"PropertyValueSpecification\",\"valueRequired\":true,\"valueName\":\"search_term_string\"}}],\"inLanguage\":\"pt-BR\"},{\"@type\":\"Person\",\"@id\":\"https:\/\/economiasa.com.br\/blog\/#\/schema\/person\/14b8ac2dc25bd63b52bc54e845fa3923\",\"name\":\"Reda\u00e7\u00e3o\",\"image\":{\"@type\":\"ImageObject\",\"inLanguage\":\"pt-BR\",\"@id\":\"https:\/\/secure.gravatar.com\/avatar\/c8c795261f7f8547b22616a549577db9e450bd5622da3f6eb62b0e2c3e364c4e?s=96&d=mm&r=g0fb5212bc57e2287787936667fbbe0ff\",\"url\":\"https:\/\/secure.gravatar.com\/avatar\/c8c795261f7f8547b22616a549577db9e450bd5622da3f6eb62b0e2c3e364c4e?s=96&d=mm&r=g\",\"contentUrl\":\"https:\/\/secure.gravatar.com\/avatar\/c8c795261f7f8547b22616a549577db9e450bd5622da3f6eb62b0e2c3e364c4e?s=96&d=mm&r=g\",\"caption\":\"Reda\u00e7\u00e3o\"},\"sameAs\":[\"http:\/\/www.economiasa.com.br\"],\"url\":\"https:\/\/economiasa.com.br\/blog\/author\/redacao\/\"}]}<\/script>\n<!-- \/ Yoast SEO plugin. -->","yoast_head_json":{"title":"D\u00edvida exige rea\u00e7\u00e3o r\u00e1pida - Economia S\/A","robots":{"index":"index","follow":"follow","max-snippet":"max-snippet:-1","max-image-preview":"max-image-preview:large","max-video-preview":"max-video-preview:-1"},"canonical":"https:\/\/economiasa.com.br\/blog\/divida-exige-reacao-rapida\/","og_locale":"pt_BR","og_type":"article","og_title":"D\u00edvida exige rea\u00e7\u00e3o r\u00e1pida - Economia S\/A","og_description":"Pedido de Recupera\u00e7\u00e3o Judicial de ind\u00fastria paranaense com passivo de R$ 16,1 milh\u00f5es acende alerta para empresas que mant\u00eam opera\u00e7\u00e3o e mercado,...","og_url":"https:\/\/economiasa.com.br\/blog\/divida-exige-reacao-rapida\/","og_site_name":"Economia S\/A","article_published_time":"2026-09-01T18:10:07+00:00","article_modified_time":"2026-09-01T18:10:08+00:00","og_image":[{"width":1066,"height":706,"url":"https:\/\/economiasa.com.br\/blog\/wp-content\/uploads\/2026\/09\/WhatsApp-Image-2026-07-29-at-02.57.32.jpg","type":"image\/jpeg"}],"author":"Reda\u00e7\u00e3o","twitter_card":"summary_large_image","twitter_misc":{"Escrito por":"Reda\u00e7\u00e3o","Est. tempo de leitura":"5 minutos"},"schema":{"@context":"https:\/\/schema.org","@graph":[{"@type":"Article","@id":"https:\/\/economiasa.com.br\/blog\/divida-exige-reacao-rapida\/#article","isPartOf":{"@id":"https:\/\/economiasa.com.br\/blog\/divida-exige-reacao-rapida\/"},"author":{"name":"Reda\u00e7\u00e3o","@id":"https:\/\/economiasa.com.br\/blog\/#\/schema\/person\/14b8ac2dc25bd63b52bc54e845fa3923"},"headline":"D\u00edvida exige rea\u00e7\u00e3o r\u00e1pida","datePublished":"2026-09-01T18:10:07+00:00","dateModified":"2026-09-01T18:10:08+00:00","mainEntityOfPage":{"@id":"https:\/\/economiasa.com.br\/blog\/divida-exige-reacao-rapida\/"},"wordCount":973,"image":{"@id":"https:\/\/economiasa.com.br\/blog\/divida-exige-reacao-rapida\/#primaryimage"},"thumbnailUrl":"https:\/\/economiasa.com.br\/blog\/wp-content\/uploads\/2026\/09\/WhatsApp-Image-2026-07-29-at-02.57.32.jpg","articleSection":["Finan\u00e7as"],"inLanguage":"pt-BR"},{"@type":"WebPage","@id":"https:\/\/economiasa.com.br\/blog\/divida-exige-reacao-rapida\/","url":"https:\/\/economiasa.com.br\/blog\/divida-exige-reacao-rapida\/","name":"D\u00edvida exige rea\u00e7\u00e3o r\u00e1pida - Economia S\/A","isPartOf":{"@id":"https:\/\/economiasa.com.br\/blog\/#website"},"primaryImageOfPage":{"@id":"https:\/\/economiasa.com.br\/blog\/divida-exige-reacao-rapida\/#primaryimage"},"image":{"@id":"https:\/\/economiasa.com.br\/blog\/divida-exige-reacao-rapida\/#primaryimage"},"thumbnailUrl":"https:\/\/economiasa.com.br\/blog\/wp-content\/uploads\/2026\/09\/WhatsApp-Image-2026-07-29-at-02.57.32.jpg","datePublished":"2026-09-01T18:10:07+00:00","dateModified":"2026-09-01T18:10:08+00:00","author":{"@id":"https:\/\/economiasa.com.br\/blog\/#\/schema\/person\/14b8ac2dc25bd63b52bc54e845fa3923"},"breadcrumb":{"@id":"https:\/\/economiasa.com.br\/blog\/divida-exige-reacao-rapida\/#breadcrumb"},"inLanguage":"pt-BR","potentialAction":[{"@type":"ReadAction","target":["https:\/\/economiasa.com.br\/blog\/divida-exige-reacao-rapida\/"]}]},{"@type":"ImageObject","inLanguage":"pt-BR","@id":"https:\/\/economiasa.com.br\/blog\/divida-exige-reacao-rapida\/#primaryimage","url":"https:\/\/economiasa.com.br\/blog\/wp-content\/uploads\/2026\/09\/WhatsApp-Image-2026-07-29-at-02.57.32.jpg","contentUrl":"https:\/\/economiasa.com.br\/blog\/wp-content\/uploads\/2026\/09\/WhatsApp-Image-2026-07-29-at-02.57.32.jpg","width":1066,"height":706,"caption":"arquivo pessoal Pedro Siqueira, CEO da PS Consultoria"},{"@type":"BreadcrumbList","@id":"https:\/\/economiasa.com.br\/blog\/divida-exige-reacao-rapida\/#breadcrumb","itemListElement":[{"@type":"ListItem","position":1,"name":"In\u00edcio","item":"https:\/\/economiasa.com.br\/blog\/"},{"@type":"ListItem","position":2,"name":"D\u00edvida exige rea\u00e7\u00e3o r\u00e1pida"}]},{"@type":"WebSite","@id":"https:\/\/economiasa.com.br\/blog\/#website","url":"https:\/\/economiasa.com.br\/blog\/","name":"Economia S\/A","description":"Ler faz bem para os neg\u00f3cios","potentialAction":[{"@type":"SearchAction","target":{"@type":"EntryPoint","urlTemplate":"https:\/\/economiasa.com.br\/blog\/?s={search_term_string}"},"query-input":{"@type":"PropertyValueSpecification","valueRequired":true,"valueName":"search_term_string"}}],"inLanguage":"pt-BR"},{"@type":"Person","@id":"https:\/\/economiasa.com.br\/blog\/#\/schema\/person\/14b8ac2dc25bd63b52bc54e845fa3923","name":"Reda\u00e7\u00e3o","image":{"@type":"ImageObject","inLanguage":"pt-BR","@id":"https:\/\/secure.gravatar.com\/avatar\/c8c795261f7f8547b22616a549577db9e450bd5622da3f6eb62b0e2c3e364c4e?s=96&d=mm&r=g0fb5212bc57e2287787936667fbbe0ff","url":"https:\/\/secure.gravatar.com\/avatar\/c8c795261f7f8547b22616a549577db9e450bd5622da3f6eb62b0e2c3e364c4e?s=96&d=mm&r=g","contentUrl":"https:\/\/secure.gravatar.com\/avatar\/c8c795261f7f8547b22616a549577db9e450bd5622da3f6eb62b0e2c3e364c4e?s=96&d=mm&r=g","caption":"Reda\u00e7\u00e3o"},"sameAs":["http:\/\/www.economiasa.com.br"],"url":"https:\/\/economiasa.com.br\/blog\/author\/redacao\/"}]}},"authors":[{"term_id":13248,"user_id":47,"is_guest":0,"slug":"redacao","display_name":"Reda\u00e7\u00e3o","avatar_url":"https:\/\/secure.gravatar.com\/avatar\/c8c795261f7f8547b22616a549577db9e450bd5622da3f6eb62b0e2c3e364c4e?s=96&d=mm&r=g","author_category":"","first_name":"Reda\u00e7\u00e3o","last_name":"","user_url":"http:\/\/www.economiasa.com.br","job_title":"","description":""}],"amp_enabled":true,"_links":{"self":[{"href":"https:\/\/economiasa.com.br\/blog\/wp-json\/wp\/v2\/posts\/84921","targetHints":{"allow":["GET"]}}],"collection":[{"href":"https:\/\/economiasa.com.br\/blog\/wp-json\/wp\/v2\/posts"}],"about":[{"href":"https:\/\/economiasa.com.br\/blog\/wp-json\/wp\/v2\/types\/post"}],"author":[{"embeddable":true,"href":"https:\/\/economiasa.com.br\/blog\/wp-json\/wp\/v2\/users\/47"}],"replies":[{"embeddable":true,"href":"https:\/\/economiasa.com.br\/blog\/wp-json\/wp\/v2\/comments?post=84921"}],"version-history":[{"count":0,"href":"https:\/\/economiasa.com.br\/blog\/wp-json\/wp\/v2\/posts\/84921\/revisions"}],"wp:featuredmedia":[{"embeddable":true,"href":"https:\/\/economiasa.com.br\/blog\/wp-json\/wp\/v2\/media\/84922"}],"wp:attachment":[{"href":"https:\/\/economiasa.com.br\/blog\/wp-json\/wp\/v2\/media?parent=84921"}],"wp:term":[{"taxonomy":"category","embeddable":true,"href":"https:\/\/economiasa.com.br\/blog\/wp-json\/wp\/v2\/categories?post=84921"},{"taxonomy":"post_tag","embeddable":true,"href":"https:\/\/economiasa.com.br\/blog\/wp-json\/wp\/v2\/tags?post=84921"},{"taxonomy":"author","embeddable":true,"href":"https:\/\/economiasa.com.br\/blog\/wp-json\/wp\/v2\/ppma_author?post=84921"}],"curies":[{"name":"wp","href":"https:\/\/api.w.org\/{rel}","templated":true}]}}