{"id":84923,"date":"2026-09-01T15:12:01","date_gmt":"2026-09-01T18:12:01","guid":{"rendered":"https:\/\/economiasa.com.br\/blog\/?p=84923"},"modified":"2026-09-01T15:12:02","modified_gmt":"2026-09-01T18:12:02","slug":"cria-cafe-comanda-cafeteria-da-casacor-minas-2026","status":"publish","type":"post","link":"https:\/\/economiasa.com.br\/blog\/cria-cafe-comanda-cafeteria-da-casacor-minas-2026\/","title":{"rendered":"Cria Caf\u00e9 comanda Cafeteria da CASACOR Minas 2026"},"content":{"rendered":"\n<p class=\"wp-block-paragraph\"><em>Em sua segunda participa\u00e7\u00e3o na CASACOR Minas, Cria Caf\u00e9 amplia a experi\u00eancia em torno dos caf\u00e9s especiais com novos sabores, coquet\u00e9is autorais, harmoniza\u00e7\u00f5es e a\u00e7\u00f5es sensoriais criadas especialmente para a mostra<\/em><\/p>\n\n\n\n<p class=\"wp-block-paragraph\">A parceria de sucesso da CASACOR Minas com o Cria Caf\u00e9 se repete em 2026. Pelo segundo ano consecutivo, a marca \u00e9 a respons\u00e1vel pela opera\u00e7\u00e3o de cafeteria da 31\u00aa edi\u00e7\u00e3o da maior plataforma cultural de arquitetura, paisagismo, arte e design de interiores das Am\u00e9ricas, que retorna ao pr\u00e9dio da PUC Minas Lourdes, no Circuito Liberdade. Mantendo a proposta de ser um lugar para criar momentos e mem\u00f3rias, o espa\u00e7o, projetado pela ESC Arquitetura, conta com card\u00e1pio renovado, com foco nos caf\u00e9s especiais da marca, e nas experi\u00eancias sensoriais em torno das possibilidades da bebida.<\/p>\n\n\n\n<p class=\"wp-block-paragraph\">\u201cO nosso principal objetivo \u00e9 tirar o caf\u00e9 do lugar comum do caf\u00e9 com bolo ou caf\u00e9 com p\u00e3o e mostrar o quanto ele \u00e9 vers\u00e1til como bebida e o quanto ele \u00e9 ponto de contato, gerador de mem\u00f3rias e criador de experi\u00eancias\u201d, explicam os fundadores da Cria Caf\u00e9, Alessandro e J\u00e9ssica Almeida.<\/p>\n\n\n\n<p class=\"wp-block-paragraph\">Para isso, o casal aposta em um card\u00e1pio criativo, que desperta curiosidade ao servir o caf\u00e9 de formas diferentes e utilizar os gr\u00e3os como ingrediente de receitas variadas.<\/p>\n\n\n\n<p class=\"wp-block-paragraph\">O p\u00fablico ter\u00e1 a oportunidade de conhecer e degustar seis perfis de caf\u00e9s no espa\u00e7o da Cria Caf\u00e9 na CASACOR Minas 2026. S\u00e3o eles: Start, Inspira, Impulso, Feeling, Insight e Ess\u00eancia, este \u00faltimo inclusive \u00e9 o mais vendido da marca. Com notas de chocolate e caramelo, o Ess\u00eancia \u00e9 um caf\u00e9 equilibrado, confort\u00e1vel e envolvente, f\u00e1cil de beber no dia a dia. Todos os gr\u00e3os podem ser preparados atrav\u00e9s dos m\u00e9todos espresso, V60 e prensa francesa.<\/p>\n\n\n\n<p class=\"wp-block-paragraph\"><strong>Da x\u00edcara \u00e0 ta\u00e7a<\/strong><\/p>\n\n\n\n<p class=\"wp-block-paragraph\">Nesta edi\u00e7\u00e3o da CASACOR Minas, a Cria Caf\u00e9 tamb\u00e9m conta com uma carta de drinks, desenvolvida pelo mixologista e sommelier de cacha\u00e7as Leo Gomes, incluindo nove coquet\u00e9is que carregam o caf\u00e9 na lista de ingredientes \u2013 sete com \u00e1lcool e dois n\u00e3o alco\u00f3licos. Entre eles, uma nova mistura, que traduz o DNA criativo e inovador da marca, com u\u00edsque, pipoca e caf\u00e9, e uma cria\u00e7\u00e3o que se destacou bastante no ano passado, o drink CQC, formado por espuma de queijo, aguardente de caf\u00e9 e xarope de caf\u00e9.<\/p>\n\n\n\n<p class=\"wp-block-paragraph\">Quando o assunto \u00e9 comida, uma das novidades ser\u00e1 a presen\u00e7a dos toasts, que j\u00e1 conquistaram o paladar dos clientes na loja f\u00edsica da Cria Caf\u00e9, localizada no bairro de Lourdes. Outra op\u00e7\u00e3o \u00e9 o Ra\u00edzes Toast, que une p\u00e3o de fermenta\u00e7\u00e3o natural, pasta de lim\u00e3o, alho-por\u00f3, tomate assado e castanhas para entregar muita croc\u00e2ncia. A se\u00e7\u00e3o de doces oferece pudim de caf\u00e9, bolo de milho cremoso, bolo de tangerina e um tiramis\u00fa, servido dentro de uma cafeteira italiana.<\/p>\n\n\n\n<p class=\"wp-block-paragraph\">As experi\u00eancias sensoriais s\u00e3o um dos grandes atrativos da programa\u00e7\u00e3o da Cria Caf\u00e9 na CASACOR Minas 2026. O\u00a0<em>Cria Class Experience\u00a0<\/em>oferecen degusta\u00e7\u00e3o e harmoniza\u00e7\u00e3o guiada dos principais caf\u00e9s da marca com itens selecionados do card\u00e1pio autoral. \u201c\u00c9 uma forma educativa, din\u00e2mica e saborosa de mostrar o caf\u00e9 de uma outra forma\u201d, apontam Alessandro e J\u00e9ssica, que reafirmam o prop\u00f3sito da marca de criar momentos. Os s\u00f3cios tamb\u00e9m anunciam a estreia de uma experi\u00eancia exclusiva que vai conectar caf\u00e9 com vinho e queijos.<\/p>\n\n\n\n<p class=\"wp-block-paragraph\"><strong>O ambiente<\/strong><\/p>\n\n\n\n<p class=\"wp-block-paragraph\">Quem assina o projeto do ambiente da Cria Caf\u00e9 na CASACOR Minas 2026 \u00e9 o escrit\u00f3rio ESC Arquitetura, da dupla Mariana Queir\u00f3z e Patr\u00edcia Naves. Alessandro e J\u00e9ssica conheceram as arquitetas na edi\u00e7\u00e3o de 2025 da CASACOR Minas e, desse encontro, surgiu o desejo de desenvolver um projeto juntos. \u201cO di\u00e1logo tem sido de construir juntos, com muito respeito aos trabalhos e necessidades de cada um, mas com o mesmo objetivo, que \u00e9 oferecer algo inovador e criativo, visando trabalhar forma e fun\u00e7\u00e3o com o m\u00e1ximo de efici\u00eancia para o cliente ter a melhor experi\u00eancia poss\u00edvel\u201d, adiantam os fundadores da Cria Caf\u00e9.<\/p>\n\n\n\n<p class=\"wp-block-paragraph\">A segunda participa\u00e7\u00e3o da Cria Caf\u00e9 na CASACOR Minas refor\u00e7a a inten\u00e7\u00e3o da marca de participar de eventos que valorizam criatividade, estilo de vida e gastronomia. \u201cA CASACOR Minas \u00e9 o evento mais importante em nosso calend\u00e1rio de a\u00e7\u00f5es do ano. Temos o pazer e a possibilidade de estar em contato com um p\u00fablico altamente interessado nos nossos produtos e nos encontros que eles proporcionam\u201d, atestam Alessandro e J\u00e9ssica.<\/p>\n","protected":false},"excerpt":{"rendered":"<p>Em sua segunda participa\u00e7\u00e3o na CASACOR Minas, Cria Caf\u00e9 amplia a experi\u00eancia em torno dos caf\u00e9s especiais com novos sabores, coquet\u00e9is autorais,&#8230;<\/p>\n","protected":false},"author":47,"featured_media":84924,"comment_status":"closed","ping_status":"open","sticky":false,"template":"","format":"standard","meta":{"footnotes":""},"categories":[916],"tags":[],"ppma_author":[13248],"class_list":["post-84923","post","type-post","status-publish","format-standard","has-post-thumbnail","category-gastronomia"],"yoast_head":"<!-- This site is optimized with the Yoast SEO plugin v27.2 - https:\/\/yoast.com\/product\/yoast-seo-wordpress\/ -->\n<title>Cria Caf\u00e9 comanda Cafeteria da CASACOR Minas 2026 - Economia S\/A<\/title>\n<meta name=\"robots\" content=\"index, follow, max-snippet:-1, max-image-preview:large, max-video-preview:-1\" \/>\n<link rel=\"canonical\" href=\"https:\/\/economiasa.com.br\/blog\/cria-cafe-comanda-cafeteria-da-casacor-minas-2026\/\" \/>\n<meta property=\"og:locale\" content=\"pt_BR\" \/>\n<meta property=\"og:type\" content=\"article\" \/>\n<meta property=\"og:title\" content=\"Cria Caf\u00e9 comanda Cafeteria da CASACOR Minas 2026 - Economia S\/A\" \/>\n<meta property=\"og:description\" content=\"Em sua segunda participa\u00e7\u00e3o na CASACOR Minas, Cria Caf\u00e9 amplia a experi\u00eancia em torno dos caf\u00e9s especiais com novos sabores, coquet\u00e9is autorais,...\" \/>\n<meta property=\"og:url\" content=\"https:\/\/economiasa.com.br\/blog\/cria-cafe-comanda-cafeteria-da-casacor-minas-2026\/\" \/>\n<meta property=\"og:site_name\" content=\"Economia S\/A\" \/>\n<meta property=\"article:published_time\" content=\"2026-09-01T18:12:01+00:00\" \/>\n<meta property=\"article:modified_time\" content=\"2026-09-01T18:12:02+00:00\" \/>\n<meta property=\"og:image\" content=\"https:\/\/economiasa.com.br\/blog\/wp-content\/uploads\/2026\/09\/Cria-Cafe-769-ESC-Arquitetura-Foto-Studio-Tertulia-1024x683.jpg\" \/>\n\t<meta property=\"og:image:width\" content=\"1024\" \/>\n\t<meta property=\"og:image:height\" content=\"683\" \/>\n\t<meta property=\"og:image:type\" content=\"image\/jpeg\" \/>\n<meta name=\"author\" content=\"Reda\u00e7\u00e3o\" \/>\n<meta name=\"twitter:card\" content=\"summary_large_image\" \/>\n<meta name=\"twitter:label1\" content=\"Escrito por\" \/>\n\t<meta name=\"twitter:data1\" content=\"Reda\u00e7\u00e3o\" \/>\n\t<meta name=\"twitter:label2\" content=\"Est. tempo de leitura\" \/>\n\t<meta name=\"twitter:data2\" content=\"5 minutos\" \/>\n<script type=\"application\/ld+json\" class=\"yoast-schema-graph\">{\"@context\":\"https:\/\/schema.org\",\"@graph\":[{\"@type\":\"Article\",\"@id\":\"https:\/\/economiasa.com.br\/blog\/cria-cafe-comanda-cafeteria-da-casacor-minas-2026\/#article\",\"isPartOf\":{\"@id\":\"https:\/\/economiasa.com.br\/blog\/cria-cafe-comanda-cafeteria-da-casacor-minas-2026\/\"},\"author\":{\"name\":\"Reda\u00e7\u00e3o\",\"@id\":\"https:\/\/economiasa.com.br\/blog\/#\/schema\/person\/14b8ac2dc25bd63b52bc54e845fa3923\"},\"headline\":\"Cria Caf\u00e9 comanda Cafeteria da CASACOR Minas 2026\",\"datePublished\":\"2026-09-01T18:12:01+00:00\",\"dateModified\":\"2026-09-01T18:12:02+00:00\",\"mainEntityOfPage\":{\"@id\":\"https:\/\/economiasa.com.br\/blog\/cria-cafe-comanda-cafeteria-da-casacor-minas-2026\/\"},\"wordCount\":782,\"image\":{\"@id\":\"https:\/\/economiasa.com.br\/blog\/cria-cafe-comanda-cafeteria-da-casacor-minas-2026\/#primaryimage\"},\"thumbnailUrl\":\"https:\/\/economiasa.com.br\/blog\/wp-content\/uploads\/2026\/09\/Cria-Cafe-769-ESC-Arquitetura-Foto-Studio-Tertulia.jpg\",\"articleSection\":[\"Gastronomia\"],\"inLanguage\":\"pt-BR\"},{\"@type\":\"WebPage\",\"@id\":\"https:\/\/economiasa.com.br\/blog\/cria-cafe-comanda-cafeteria-da-casacor-minas-2026\/\",\"url\":\"https:\/\/economiasa.com.br\/blog\/cria-cafe-comanda-cafeteria-da-casacor-minas-2026\/\",\"name\":\"Cria Caf\u00e9 comanda Cafeteria da CASACOR Minas 2026 - Economia S\/A\",\"isPartOf\":{\"@id\":\"https:\/\/economiasa.com.br\/blog\/#website\"},\"primaryImageOfPage\":{\"@id\":\"https:\/\/economiasa.com.br\/blog\/cria-cafe-comanda-cafeteria-da-casacor-minas-2026\/#primaryimage\"},\"image\":{\"@id\":\"https:\/\/economiasa.com.br\/blog\/cria-cafe-comanda-cafeteria-da-casacor-minas-2026\/#primaryimage\"},\"thumbnailUrl\":\"https:\/\/economiasa.com.br\/blog\/wp-content\/uploads\/2026\/09\/Cria-Cafe-769-ESC-Arquitetura-Foto-Studio-Tertulia.jpg\",\"datePublished\":\"2026-09-01T18:12:01+00:00\",\"dateModified\":\"2026-09-01T18:12:02+00:00\",\"author\":{\"@id\":\"https:\/\/economiasa.com.br\/blog\/#\/schema\/person\/14b8ac2dc25bd63b52bc54e845fa3923\"},\"breadcrumb\":{\"@id\":\"https:\/\/economiasa.com.br\/blog\/cria-cafe-comanda-cafeteria-da-casacor-minas-2026\/#breadcrumb\"},\"inLanguage\":\"pt-BR\",\"potentialAction\":[{\"@type\":\"ReadAction\",\"target\":[\"https:\/\/economiasa.com.br\/blog\/cria-cafe-comanda-cafeteria-da-casacor-minas-2026\/\"]}]},{\"@type\":\"ImageObject\",\"inLanguage\":\"pt-BR\",\"@id\":\"https:\/\/economiasa.com.br\/blog\/cria-cafe-comanda-cafeteria-da-casacor-minas-2026\/#primaryimage\",\"url\":\"https:\/\/economiasa.com.br\/blog\/wp-content\/uploads\/2026\/09\/Cria-Cafe-769-ESC-Arquitetura-Foto-Studio-Tertulia.jpg\",\"contentUrl\":\"https:\/\/economiasa.com.br\/blog\/wp-content\/uploads\/2026\/09\/Cria-Cafe-769-ESC-Arquitetura-Foto-Studio-Tertulia.jpg\",\"width\":5906,\"height\":3937,\"caption\":\"St\u00fadio Tert\u00falia Cria Caf\u00e9 e Galeria - CASACOR Minas\"},{\"@type\":\"BreadcrumbList\",\"@id\":\"https:\/\/economiasa.com.br\/blog\/cria-cafe-comanda-cafeteria-da-casacor-minas-2026\/#breadcrumb\",\"itemListElement\":[{\"@type\":\"ListItem\",\"position\":1,\"name\":\"In\u00edcio\",\"item\":\"https:\/\/economiasa.com.br\/blog\/\"},{\"@type\":\"ListItem\",\"position\":2,\"name\":\"Cria Caf\u00e9 comanda Cafeteria da CASACOR Minas 2026\"}]},{\"@type\":\"WebSite\",\"@id\":\"https:\/\/economiasa.com.br\/blog\/#website\",\"url\":\"https:\/\/economiasa.com.br\/blog\/\",\"name\":\"Economia S\/A\",\"description\":\"Ler faz bem para os neg\u00f3cios\",\"potentialAction\":[{\"@type\":\"SearchAction\",\"target\":{\"@type\":\"EntryPoint\",\"urlTemplate\":\"https:\/\/economiasa.com.br\/blog\/?s={search_term_string}\"},\"query-input\":{\"@type\":\"PropertyValueSpecification\",\"valueRequired\":true,\"valueName\":\"search_term_string\"}}],\"inLanguage\":\"pt-BR\"},{\"@type\":\"Person\",\"@id\":\"https:\/\/economiasa.com.br\/blog\/#\/schema\/person\/14b8ac2dc25bd63b52bc54e845fa3923\",\"name\":\"Reda\u00e7\u00e3o\",\"image\":{\"@type\":\"ImageObject\",\"inLanguage\":\"pt-BR\",\"@id\":\"https:\/\/secure.gravatar.com\/avatar\/c8c795261f7f8547b22616a549577db9e450bd5622da3f6eb62b0e2c3e364c4e?s=96&d=mm&r=g0fb5212bc57e2287787936667fbbe0ff\",\"url\":\"https:\/\/secure.gravatar.com\/avatar\/c8c795261f7f8547b22616a549577db9e450bd5622da3f6eb62b0e2c3e364c4e?s=96&d=mm&r=g\",\"contentUrl\":\"https:\/\/secure.gravatar.com\/avatar\/c8c795261f7f8547b22616a549577db9e450bd5622da3f6eb62b0e2c3e364c4e?s=96&d=mm&r=g\",\"caption\":\"Reda\u00e7\u00e3o\"},\"sameAs\":[\"http:\/\/www.economiasa.com.br\"],\"url\":\"https:\/\/economiasa.com.br\/blog\/author\/redacao\/\"}]}<\/script>\n<!-- \/ Yoast SEO plugin. -->","yoast_head_json":{"title":"Cria Caf\u00e9 comanda Cafeteria da CASACOR Minas 2026 - Economia S\/A","robots":{"index":"index","follow":"follow","max-snippet":"max-snippet:-1","max-image-preview":"max-image-preview:large","max-video-preview":"max-video-preview:-1"},"canonical":"https:\/\/economiasa.com.br\/blog\/cria-cafe-comanda-cafeteria-da-casacor-minas-2026\/","og_locale":"pt_BR","og_type":"article","og_title":"Cria Caf\u00e9 comanda Cafeteria da CASACOR Minas 2026 - Economia S\/A","og_description":"Em sua segunda participa\u00e7\u00e3o na CASACOR Minas, Cria Caf\u00e9 amplia a experi\u00eancia em torno dos caf\u00e9s especiais com novos sabores, coquet\u00e9is autorais,...","og_url":"https:\/\/economiasa.com.br\/blog\/cria-cafe-comanda-cafeteria-da-casacor-minas-2026\/","og_site_name":"Economia S\/A","article_published_time":"2026-09-01T18:12:01+00:00","article_modified_time":"2026-09-01T18:12:02+00:00","og_image":[{"width":1024,"height":683,"url":"https:\/\/economiasa.com.br\/blog\/wp-content\/uploads\/2026\/09\/Cria-Cafe-769-ESC-Arquitetura-Foto-Studio-Tertulia-1024x683.jpg","type":"image\/jpeg"}],"author":"Reda\u00e7\u00e3o","twitter_card":"summary_large_image","twitter_misc":{"Escrito por":"Reda\u00e7\u00e3o","Est. tempo de leitura":"5 minutos"},"schema":{"@context":"https:\/\/schema.org","@graph":[{"@type":"Article","@id":"https:\/\/economiasa.com.br\/blog\/cria-cafe-comanda-cafeteria-da-casacor-minas-2026\/#article","isPartOf":{"@id":"https:\/\/economiasa.com.br\/blog\/cria-cafe-comanda-cafeteria-da-casacor-minas-2026\/"},"author":{"name":"Reda\u00e7\u00e3o","@id":"https:\/\/economiasa.com.br\/blog\/#\/schema\/person\/14b8ac2dc25bd63b52bc54e845fa3923"},"headline":"Cria Caf\u00e9 comanda Cafeteria da CASACOR Minas 2026","datePublished":"2026-09-01T18:12:01+00:00","dateModified":"2026-09-01T18:12:02+00:00","mainEntityOfPage":{"@id":"https:\/\/economiasa.com.br\/blog\/cria-cafe-comanda-cafeteria-da-casacor-minas-2026\/"},"wordCount":782,"image":{"@id":"https:\/\/economiasa.com.br\/blog\/cria-cafe-comanda-cafeteria-da-casacor-minas-2026\/#primaryimage"},"thumbnailUrl":"https:\/\/economiasa.com.br\/blog\/wp-content\/uploads\/2026\/09\/Cria-Cafe-769-ESC-Arquitetura-Foto-Studio-Tertulia.jpg","articleSection":["Gastronomia"],"inLanguage":"pt-BR"},{"@type":"WebPage","@id":"https:\/\/economiasa.com.br\/blog\/cria-cafe-comanda-cafeteria-da-casacor-minas-2026\/","url":"https:\/\/economiasa.com.br\/blog\/cria-cafe-comanda-cafeteria-da-casacor-minas-2026\/","name":"Cria Caf\u00e9 comanda Cafeteria da CASACOR Minas 2026 - Economia S\/A","isPartOf":{"@id":"https:\/\/economiasa.com.br\/blog\/#website"},"primaryImageOfPage":{"@id":"https:\/\/economiasa.com.br\/blog\/cria-cafe-comanda-cafeteria-da-casacor-minas-2026\/#primaryimage"},"image":{"@id":"https:\/\/economiasa.com.br\/blog\/cria-cafe-comanda-cafeteria-da-casacor-minas-2026\/#primaryimage"},"thumbnailUrl":"https:\/\/economiasa.com.br\/blog\/wp-content\/uploads\/2026\/09\/Cria-Cafe-769-ESC-Arquitetura-Foto-Studio-Tertulia.jpg","datePublished":"2026-09-01T18:12:01+00:00","dateModified":"2026-09-01T18:12:02+00:00","author":{"@id":"https:\/\/economiasa.com.br\/blog\/#\/schema\/person\/14b8ac2dc25bd63b52bc54e845fa3923"},"breadcrumb":{"@id":"https:\/\/economiasa.com.br\/blog\/cria-cafe-comanda-cafeteria-da-casacor-minas-2026\/#breadcrumb"},"inLanguage":"pt-BR","potentialAction":[{"@type":"ReadAction","target":["https:\/\/economiasa.com.br\/blog\/cria-cafe-comanda-cafeteria-da-casacor-minas-2026\/"]}]},{"@type":"ImageObject","inLanguage":"pt-BR","@id":"https:\/\/economiasa.com.br\/blog\/cria-cafe-comanda-cafeteria-da-casacor-minas-2026\/#primaryimage","url":"https:\/\/economiasa.com.br\/blog\/wp-content\/uploads\/2026\/09\/Cria-Cafe-769-ESC-Arquitetura-Foto-Studio-Tertulia.jpg","contentUrl":"https:\/\/economiasa.com.br\/blog\/wp-content\/uploads\/2026\/09\/Cria-Cafe-769-ESC-Arquitetura-Foto-Studio-Tertulia.jpg","width":5906,"height":3937,"caption":"St\u00fadio Tert\u00falia Cria Caf\u00e9 e Galeria - CASACOR Minas"},{"@type":"BreadcrumbList","@id":"https:\/\/economiasa.com.br\/blog\/cria-cafe-comanda-cafeteria-da-casacor-minas-2026\/#breadcrumb","itemListElement":[{"@type":"ListItem","position":1,"name":"In\u00edcio","item":"https:\/\/economiasa.com.br\/blog\/"},{"@type":"ListItem","position":2,"name":"Cria Caf\u00e9 comanda Cafeteria da CASACOR Minas 2026"}]},{"@type":"WebSite","@id":"https:\/\/economiasa.com.br\/blog\/#website","url":"https:\/\/economiasa.com.br\/blog\/","name":"Economia S\/A","description":"Ler faz bem para os neg\u00f3cios","potentialAction":[{"@type":"SearchAction","target":{"@type":"EntryPoint","urlTemplate":"https:\/\/economiasa.com.br\/blog\/?s={search_term_string}"},"query-input":{"@type":"PropertyValueSpecification","valueRequired":true,"valueName":"search_term_string"}}],"inLanguage":"pt-BR"},{"@type":"Person","@id":"https:\/\/economiasa.com.br\/blog\/#\/schema\/person\/14b8ac2dc25bd63b52bc54e845fa3923","name":"Reda\u00e7\u00e3o","image":{"@type":"ImageObject","inLanguage":"pt-BR","@id":"https:\/\/secure.gravatar.com\/avatar\/c8c795261f7f8547b22616a549577db9e450bd5622da3f6eb62b0e2c3e364c4e?s=96&d=mm&r=g0fb5212bc57e2287787936667fbbe0ff","url":"https:\/\/secure.gravatar.com\/avatar\/c8c795261f7f8547b22616a549577db9e450bd5622da3f6eb62b0e2c3e364c4e?s=96&d=mm&r=g","contentUrl":"https:\/\/secure.gravatar.com\/avatar\/c8c795261f7f8547b22616a549577db9e450bd5622da3f6eb62b0e2c3e364c4e?s=96&d=mm&r=g","caption":"Reda\u00e7\u00e3o"},"sameAs":["http:\/\/www.economiasa.com.br"],"url":"https:\/\/economiasa.com.br\/blog\/author\/redacao\/"}]}},"authors":[{"term_id":13248,"user_id":47,"is_guest":0,"slug":"redacao","display_name":"Reda\u00e7\u00e3o","avatar_url":"https:\/\/secure.gravatar.com\/avatar\/c8c795261f7f8547b22616a549577db9e450bd5622da3f6eb62b0e2c3e364c4e?s=96&d=mm&r=g","author_category":"","first_name":"Reda\u00e7\u00e3o","last_name":"","user_url":"http:\/\/www.economiasa.com.br","job_title":"","description":""}],"amp_enabled":true,"_links":{"self":[{"href":"https:\/\/economiasa.com.br\/blog\/wp-json\/wp\/v2\/posts\/84923","targetHints":{"allow":["GET"]}}],"collection":[{"href":"https:\/\/economiasa.com.br\/blog\/wp-json\/wp\/v2\/posts"}],"about":[{"href":"https:\/\/economiasa.com.br\/blog\/wp-json\/wp\/v2\/types\/post"}],"author":[{"embeddable":true,"href":"https:\/\/economiasa.com.br\/blog\/wp-json\/wp\/v2\/users\/47"}],"replies":[{"embeddable":true,"href":"https:\/\/economiasa.com.br\/blog\/wp-json\/wp\/v2\/comments?post=84923"}],"version-history":[{"count":0,"href":"https:\/\/economiasa.com.br\/blog\/wp-json\/wp\/v2\/posts\/84923\/revisions"}],"wp:featuredmedia":[{"embeddable":true,"href":"https:\/\/economiasa.com.br\/blog\/wp-json\/wp\/v2\/media\/84924"}],"wp:attachment":[{"href":"https:\/\/economiasa.com.br\/blog\/wp-json\/wp\/v2\/media?parent=84923"}],"wp:term":[{"taxonomy":"category","embeddable":true,"href":"https:\/\/economiasa.com.br\/blog\/wp-json\/wp\/v2\/categories?post=84923"},{"taxonomy":"post_tag","embeddable":true,"href":"https:\/\/economiasa.com.br\/blog\/wp-json\/wp\/v2\/tags?post=84923"},{"taxonomy":"author","embeddable":true,"href":"https:\/\/economiasa.com.br\/blog\/wp-json\/wp\/v2\/ppma_author?post=84923"}],"curies":[{"name":"wp","href":"https:\/\/api.w.org\/{rel}","templated":true}]}}