{"id":84925,"date":"2026-09-01T15:13:42","date_gmt":"2026-09-01T18:13:42","guid":{"rendered":"https:\/\/economiasa.com.br\/blog\/?p=84925"},"modified":"2026-09-01T15:13:43","modified_gmt":"2026-09-01T18:13:43","slug":"mesmo-com-queda-nas-vagas-ti-lidera-demanda-por-talento-qualificado-no-brasil","status":"publish","type":"post","link":"https:\/\/economiasa.com.br\/blog\/mesmo-com-queda-nas-vagas-ti-lidera-demanda-por-talento-qualificado-no-brasil\/","title":{"rendered":"Mesmo com queda nas vagas, TI lidera demanda por talento qualificado no Brasil"},"content":{"rendered":"\n<p class=\"wp-block-paragraph\"><em>Recorte do Hiring Signals mostra que Tecnologia da Informa\u00e7\u00e3o concentrou 4,2 mil das 9,1 mil vagas para profissionais com ensino superior completo ou acima em julho<\/em><\/p>\n\n\n\n<p class=\"wp-block-paragraph\">A Tecnologia da Informa\u00e7\u00e3o foi a \u00e1rea que mais abriu vagas para profissionais com ensino superior completo ou acima no Brasil em julho de 2026, segundo o\u00a0<a href=\"https:\/\/simcarreira.com.br\/mercado-de-trabalho-brasil\/2026\/julho\" target=\"_blank\" rel=\"noreferrer noopener\">Hiring Signals<\/a>, relat\u00f3rio de intelig\u00eancia de talentos da\u00a0<a href=\"https:\/\/simcarreira.com.br\/\" target=\"_blank\" rel=\"noreferrer noopener\">Sim Carreira<\/a>.<\/p>\n\n\n\n<p class=\"wp-block-paragraph\">No per\u00edodo, TI concentrou 4,2 mil das 9,1 mil oportunidades mapeadas no recorte, \u00e0 frente de Opera\u00e7\u00f5es, com 1,4 mil vagas, e Comercial, com 1,3 mil. Somadas, Tecnologia da Informa\u00e7\u00e3o e Opera\u00e7\u00f5es responderam por mais de 60% de toda a demanda por profissionais qualificados no m\u00eas.<\/p>\n\n\n\n<p class=\"wp-block-paragraph\">O dado chama aten\u00e7\u00e3o porque ocorre em um m\u00eas de retra\u00e7\u00e3o no volume total de vagas. Segundo a an\u00e1lise da Sim Carreira, o total de oportunidades monitoradas caiu 20% em julho, mas a demanda por profissionais de Tecnologia da Informa\u00e7\u00e3o permaneceu como o principal eixo de contrata\u00e7\u00e3o qualificada no pa\u00eds.<\/p>\n\n\n\n<p class=\"wp-block-paragraph\">A dist\u00e2ncia para as demais \u00e1reas refor\u00e7a a concentra\u00e7\u00e3o da demanda. Engenharia apareceu com 508 vagas, seguida por Finan\u00e7as, com 400. J\u00e1 Recursos Humanos, Sa\u00fade e Jur\u00eddico ficaram abaixo de 400 vagas cada no per\u00edodo.<\/p>\n\n\n\n<p class=\"wp-block-paragraph\">Para a Sim Carreira, o movimento indica que o ajuste do mercado n\u00e3o ocorre de forma homog\u00eanea entre as \u00e1reas. Enquanto algumas fun\u00e7\u00f5es registram menor volume de abertura, Tecnologia da Informa\u00e7\u00e3o segue concentrando parte relevante da procura por profissionais com maior escolaridade.<\/p>\n\n\n\n<p class=\"wp-block-paragraph\">\u201cTecnologia se tornou uma das principais engrenagens de sustenta\u00e7\u00e3o da opera\u00e7\u00e3o e da inova\u00e7\u00e3o nas empresas. Mesmo em momentos de maior cautela no mercado, a demanda por profissionais da \u00e1rea tende a permanecer relevante, porque est\u00e1 diretamente ligada \u00e0 efici\u00eancia, transforma\u00e7\u00e3o digital e competitividade dos neg\u00f3cios\u201d, afirma Thiago Melo, CEO da Sim Carreira.<\/p>\n\n\n\n<p class=\"wp-block-paragraph\">A leitura da Sim Carreira \u00e9 que essa concentra\u00e7\u00e3o aumenta a competi\u00e7\u00e3o por profissionais de Tecnologia. Nesse contexto, velocidade de processo, clareza de escopo e competitividade da proposta passam a ter peso maior na atra\u00e7\u00e3o de talentos da \u00e1rea.<\/p>\n\n\n\n<p class=\"wp-block-paragraph\">Principais achados<\/p>\n\n\n\n<ul class=\"wp-block-list\">\n<li>Tecnologia da Informa\u00e7\u00e3o concentrou 4,2 mil das 9,1 mil vagas para profissionais com ensino superior completo ou acima em julho.<\/li>\n\n\n\n<li>TI e Opera\u00e7\u00f5es responderam, juntas, por mais de 60% da demanda mapeada no recorte.<\/li>\n\n\n\n<li>Opera\u00e7\u00f5es apareceu em segundo lugar, com 1,4 mil vagas.<\/li>\n\n\n\n<li>Comercial ficou na terceira posi\u00e7\u00e3o, com 1,3 mil vagas.<\/li>\n\n\n\n<li>Engenharia registrou 508 vagas, seguida por Finan\u00e7as, com 400.<\/li>\n\n\n\n<li>O volume total de oportunidades monitoradas caiu 20% em julho.<\/li>\n<\/ul>\n","protected":false},"excerpt":{"rendered":"<p>Recorte do Hiring Signals mostra que Tecnologia da Informa\u00e7\u00e3o concentrou 4,2 mil das 9,1 mil vagas para profissionais com ensino superior completo&#8230;<\/p>\n","protected":false},"author":47,"featured_media":84926,"comment_status":"closed","ping_status":"open","sticky":false,"template":"","format":"standard","meta":{"footnotes":""},"categories":[9524,1970],"tags":[],"ppma_author":[13248],"class_list":["post-84925","post","type-post","status-publish","format-standard","has-post-thumbnail","category-empregos","category-tecnologia"],"yoast_head":"<!-- This site is optimized with the Yoast SEO plugin v27.2 - https:\/\/yoast.com\/product\/yoast-seo-wordpress\/ -->\n<title>Mesmo com queda nas vagas, TI lidera demanda por talento qualificado no Brasil - Economia S\/A<\/title>\n<meta name=\"robots\" content=\"index, follow, max-snippet:-1, max-image-preview:large, max-video-preview:-1\" \/>\n<link rel=\"canonical\" href=\"https:\/\/economiasa.com.br\/blog\/mesmo-com-queda-nas-vagas-ti-lidera-demanda-por-talento-qualificado-no-brasil\/\" \/>\n<meta property=\"og:locale\" content=\"pt_BR\" \/>\n<meta property=\"og:type\" content=\"article\" \/>\n<meta property=\"og:title\" content=\"Mesmo com queda nas vagas, TI lidera demanda por talento qualificado no Brasil - Economia S\/A\" \/>\n<meta property=\"og:description\" content=\"Recorte do Hiring Signals mostra que Tecnologia da Informa\u00e7\u00e3o concentrou 4,2 mil das 9,1 mil vagas para profissionais com ensino superior completo...\" \/>\n<meta property=\"og:url\" content=\"https:\/\/economiasa.com.br\/blog\/mesmo-com-queda-nas-vagas-ti-lidera-demanda-por-talento-qualificado-no-brasil\/\" \/>\n<meta property=\"og:site_name\" content=\"Economia S\/A\" \/>\n<meta property=\"article:published_time\" content=\"2026-09-01T18:13:42+00:00\" \/>\n<meta property=\"article:modified_time\" content=\"2026-09-01T18:13:43+00:00\" \/>\n<meta property=\"og:image\" content=\"https:\/\/economiasa.com.br\/blog\/wp-content\/uploads\/2026\/09\/123601.jpg\" \/>\n\t<meta property=\"og:image:width\" content=\"1000\" \/>\n\t<meta property=\"og:image:height\" content=\"667\" \/>\n\t<meta property=\"og:image:type\" content=\"image\/jpeg\" \/>\n<meta name=\"author\" content=\"Reda\u00e7\u00e3o\" \/>\n<meta name=\"twitter:card\" content=\"summary_large_image\" \/>\n<meta name=\"twitter:label1\" content=\"Escrito por\" \/>\n\t<meta name=\"twitter:data1\" content=\"Reda\u00e7\u00e3o\" \/>\n\t<meta name=\"twitter:label2\" content=\"Est. tempo de leitura\" \/>\n\t<meta name=\"twitter:data2\" content=\"3 minutos\" \/>\n<script type=\"application\/ld+json\" class=\"yoast-schema-graph\">{\"@context\":\"https:\/\/schema.org\",\"@graph\":[{\"@type\":\"Article\",\"@id\":\"https:\/\/economiasa.com.br\/blog\/mesmo-com-queda-nas-vagas-ti-lidera-demanda-por-talento-qualificado-no-brasil\/#article\",\"isPartOf\":{\"@id\":\"https:\/\/economiasa.com.br\/blog\/mesmo-com-queda-nas-vagas-ti-lidera-demanda-por-talento-qualificado-no-brasil\/\"},\"author\":{\"name\":\"Reda\u00e7\u00e3o\",\"@id\":\"https:\/\/economiasa.com.br\/blog\/#\/schema\/person\/14b8ac2dc25bd63b52bc54e845fa3923\"},\"headline\":\"Mesmo com queda nas vagas, TI lidera demanda por talento qualificado no Brasil\",\"datePublished\":\"2026-09-01T18:13:42+00:00\",\"dateModified\":\"2026-09-01T18:13:43+00:00\",\"mainEntityOfPage\":{\"@id\":\"https:\/\/economiasa.com.br\/blog\/mesmo-com-queda-nas-vagas-ti-lidera-demanda-por-talento-qualificado-no-brasil\/\"},\"wordCount\":434,\"image\":{\"@id\":\"https:\/\/economiasa.com.br\/blog\/mesmo-com-queda-nas-vagas-ti-lidera-demanda-por-talento-qualificado-no-brasil\/#primaryimage\"},\"thumbnailUrl\":\"https:\/\/economiasa.com.br\/blog\/wp-content\/uploads\/2026\/09\/123601.jpg\",\"articleSection\":[\"Empregos\",\"Tecnologia\"],\"inLanguage\":\"pt-BR\"},{\"@type\":\"WebPage\",\"@id\":\"https:\/\/economiasa.com.br\/blog\/mesmo-com-queda-nas-vagas-ti-lidera-demanda-por-talento-qualificado-no-brasil\/\",\"url\":\"https:\/\/economiasa.com.br\/blog\/mesmo-com-queda-nas-vagas-ti-lidera-demanda-por-talento-qualificado-no-brasil\/\",\"name\":\"Mesmo com queda nas vagas, TI lidera demanda por talento qualificado no Brasil - Economia S\/A\",\"isPartOf\":{\"@id\":\"https:\/\/economiasa.com.br\/blog\/#website\"},\"primaryImageOfPage\":{\"@id\":\"https:\/\/economiasa.com.br\/blog\/mesmo-com-queda-nas-vagas-ti-lidera-demanda-por-talento-qualificado-no-brasil\/#primaryimage\"},\"image\":{\"@id\":\"https:\/\/economiasa.com.br\/blog\/mesmo-com-queda-nas-vagas-ti-lidera-demanda-por-talento-qualificado-no-brasil\/#primaryimage\"},\"thumbnailUrl\":\"https:\/\/economiasa.com.br\/blog\/wp-content\/uploads\/2026\/09\/123601.jpg\",\"datePublished\":\"2026-09-01T18:13:42+00:00\",\"dateModified\":\"2026-09-01T18:13:43+00:00\",\"author\":{\"@id\":\"https:\/\/economiasa.com.br\/blog\/#\/schema\/person\/14b8ac2dc25bd63b52bc54e845fa3923\"},\"breadcrumb\":{\"@id\":\"https:\/\/economiasa.com.br\/blog\/mesmo-com-queda-nas-vagas-ti-lidera-demanda-por-talento-qualificado-no-brasil\/#breadcrumb\"},\"inLanguage\":\"pt-BR\",\"potentialAction\":[{\"@type\":\"ReadAction\",\"target\":[\"https:\/\/economiasa.com.br\/blog\/mesmo-com-queda-nas-vagas-ti-lidera-demanda-por-talento-qualificado-no-brasil\/\"]}]},{\"@type\":\"ImageObject\",\"inLanguage\":\"pt-BR\",\"@id\":\"https:\/\/economiasa.com.br\/blog\/mesmo-com-queda-nas-vagas-ti-lidera-demanda-por-talento-qualificado-no-brasil\/#primaryimage\",\"url\":\"https:\/\/economiasa.com.br\/blog\/wp-content\/uploads\/2026\/09\/123601.jpg\",\"contentUrl\":\"https:\/\/economiasa.com.br\/blog\/wp-content\/uploads\/2026\/09\/123601.jpg\",\"width\":1000,\"height\":667,\"caption\":\"Cr\u00e9ditos da foto: Divulga\u00e7\u00e3o\"},{\"@type\":\"BreadcrumbList\",\"@id\":\"https:\/\/economiasa.com.br\/blog\/mesmo-com-queda-nas-vagas-ti-lidera-demanda-por-talento-qualificado-no-brasil\/#breadcrumb\",\"itemListElement\":[{\"@type\":\"ListItem\",\"position\":1,\"name\":\"In\u00edcio\",\"item\":\"https:\/\/economiasa.com.br\/blog\/\"},{\"@type\":\"ListItem\",\"position\":2,\"name\":\"Mesmo com queda nas vagas, TI lidera demanda por talento qualificado no Brasil\"}]},{\"@type\":\"WebSite\",\"@id\":\"https:\/\/economiasa.com.br\/blog\/#website\",\"url\":\"https:\/\/economiasa.com.br\/blog\/\",\"name\":\"Economia S\/A\",\"description\":\"Ler faz bem para os neg\u00f3cios\",\"potentialAction\":[{\"@type\":\"SearchAction\",\"target\":{\"@type\":\"EntryPoint\",\"urlTemplate\":\"https:\/\/economiasa.com.br\/blog\/?s={search_term_string}\"},\"query-input\":{\"@type\":\"PropertyValueSpecification\",\"valueRequired\":true,\"valueName\":\"search_term_string\"}}],\"inLanguage\":\"pt-BR\"},{\"@type\":\"Person\",\"@id\":\"https:\/\/economiasa.com.br\/blog\/#\/schema\/person\/14b8ac2dc25bd63b52bc54e845fa3923\",\"name\":\"Reda\u00e7\u00e3o\",\"image\":{\"@type\":\"ImageObject\",\"inLanguage\":\"pt-BR\",\"@id\":\"https:\/\/secure.gravatar.com\/avatar\/c8c795261f7f8547b22616a549577db9e450bd5622da3f6eb62b0e2c3e364c4e?s=96&d=mm&r=g0fb5212bc57e2287787936667fbbe0ff\",\"url\":\"https:\/\/secure.gravatar.com\/avatar\/c8c795261f7f8547b22616a549577db9e450bd5622da3f6eb62b0e2c3e364c4e?s=96&d=mm&r=g\",\"contentUrl\":\"https:\/\/secure.gravatar.com\/avatar\/c8c795261f7f8547b22616a549577db9e450bd5622da3f6eb62b0e2c3e364c4e?s=96&d=mm&r=g\",\"caption\":\"Reda\u00e7\u00e3o\"},\"sameAs\":[\"http:\/\/www.economiasa.com.br\"],\"url\":\"https:\/\/economiasa.com.br\/blog\/author\/redacao\/\"}]}<\/script>\n<!-- \/ Yoast SEO plugin. -->","yoast_head_json":{"title":"Mesmo com queda nas vagas, TI lidera demanda por talento qualificado no Brasil - Economia S\/A","robots":{"index":"index","follow":"follow","max-snippet":"max-snippet:-1","max-image-preview":"max-image-preview:large","max-video-preview":"max-video-preview:-1"},"canonical":"https:\/\/economiasa.com.br\/blog\/mesmo-com-queda-nas-vagas-ti-lidera-demanda-por-talento-qualificado-no-brasil\/","og_locale":"pt_BR","og_type":"article","og_title":"Mesmo com queda nas vagas, TI lidera demanda por talento qualificado no Brasil - Economia S\/A","og_description":"Recorte do Hiring Signals mostra que Tecnologia da Informa\u00e7\u00e3o concentrou 4,2 mil das 9,1 mil vagas para profissionais com ensino superior completo...","og_url":"https:\/\/economiasa.com.br\/blog\/mesmo-com-queda-nas-vagas-ti-lidera-demanda-por-talento-qualificado-no-brasil\/","og_site_name":"Economia S\/A","article_published_time":"2026-09-01T18:13:42+00:00","article_modified_time":"2026-09-01T18:13:43+00:00","og_image":[{"width":1000,"height":667,"url":"https:\/\/economiasa.com.br\/blog\/wp-content\/uploads\/2026\/09\/123601.jpg","type":"image\/jpeg"}],"author":"Reda\u00e7\u00e3o","twitter_card":"summary_large_image","twitter_misc":{"Escrito por":"Reda\u00e7\u00e3o","Est. tempo de leitura":"3 minutos"},"schema":{"@context":"https:\/\/schema.org","@graph":[{"@type":"Article","@id":"https:\/\/economiasa.com.br\/blog\/mesmo-com-queda-nas-vagas-ti-lidera-demanda-por-talento-qualificado-no-brasil\/#article","isPartOf":{"@id":"https:\/\/economiasa.com.br\/blog\/mesmo-com-queda-nas-vagas-ti-lidera-demanda-por-talento-qualificado-no-brasil\/"},"author":{"name":"Reda\u00e7\u00e3o","@id":"https:\/\/economiasa.com.br\/blog\/#\/schema\/person\/14b8ac2dc25bd63b52bc54e845fa3923"},"headline":"Mesmo com queda nas vagas, TI lidera demanda por talento qualificado no Brasil","datePublished":"2026-09-01T18:13:42+00:00","dateModified":"2026-09-01T18:13:43+00:00","mainEntityOfPage":{"@id":"https:\/\/economiasa.com.br\/blog\/mesmo-com-queda-nas-vagas-ti-lidera-demanda-por-talento-qualificado-no-brasil\/"},"wordCount":434,"image":{"@id":"https:\/\/economiasa.com.br\/blog\/mesmo-com-queda-nas-vagas-ti-lidera-demanda-por-talento-qualificado-no-brasil\/#primaryimage"},"thumbnailUrl":"https:\/\/economiasa.com.br\/blog\/wp-content\/uploads\/2026\/09\/123601.jpg","articleSection":["Empregos","Tecnologia"],"inLanguage":"pt-BR"},{"@type":"WebPage","@id":"https:\/\/economiasa.com.br\/blog\/mesmo-com-queda-nas-vagas-ti-lidera-demanda-por-talento-qualificado-no-brasil\/","url":"https:\/\/economiasa.com.br\/blog\/mesmo-com-queda-nas-vagas-ti-lidera-demanda-por-talento-qualificado-no-brasil\/","name":"Mesmo com queda nas vagas, TI lidera demanda por talento qualificado no Brasil - Economia S\/A","isPartOf":{"@id":"https:\/\/economiasa.com.br\/blog\/#website"},"primaryImageOfPage":{"@id":"https:\/\/economiasa.com.br\/blog\/mesmo-com-queda-nas-vagas-ti-lidera-demanda-por-talento-qualificado-no-brasil\/#primaryimage"},"image":{"@id":"https:\/\/economiasa.com.br\/blog\/mesmo-com-queda-nas-vagas-ti-lidera-demanda-por-talento-qualificado-no-brasil\/#primaryimage"},"thumbnailUrl":"https:\/\/economiasa.com.br\/blog\/wp-content\/uploads\/2026\/09\/123601.jpg","datePublished":"2026-09-01T18:13:42+00:00","dateModified":"2026-09-01T18:13:43+00:00","author":{"@id":"https:\/\/economiasa.com.br\/blog\/#\/schema\/person\/14b8ac2dc25bd63b52bc54e845fa3923"},"breadcrumb":{"@id":"https:\/\/economiasa.com.br\/blog\/mesmo-com-queda-nas-vagas-ti-lidera-demanda-por-talento-qualificado-no-brasil\/#breadcrumb"},"inLanguage":"pt-BR","potentialAction":[{"@type":"ReadAction","target":["https:\/\/economiasa.com.br\/blog\/mesmo-com-queda-nas-vagas-ti-lidera-demanda-por-talento-qualificado-no-brasil\/"]}]},{"@type":"ImageObject","inLanguage":"pt-BR","@id":"https:\/\/economiasa.com.br\/blog\/mesmo-com-queda-nas-vagas-ti-lidera-demanda-por-talento-qualificado-no-brasil\/#primaryimage","url":"https:\/\/economiasa.com.br\/blog\/wp-content\/uploads\/2026\/09\/123601.jpg","contentUrl":"https:\/\/economiasa.com.br\/blog\/wp-content\/uploads\/2026\/09\/123601.jpg","width":1000,"height":667,"caption":"Cr\u00e9ditos da foto: Divulga\u00e7\u00e3o"},{"@type":"BreadcrumbList","@id":"https:\/\/economiasa.com.br\/blog\/mesmo-com-queda-nas-vagas-ti-lidera-demanda-por-talento-qualificado-no-brasil\/#breadcrumb","itemListElement":[{"@type":"ListItem","position":1,"name":"In\u00edcio","item":"https:\/\/economiasa.com.br\/blog\/"},{"@type":"ListItem","position":2,"name":"Mesmo com queda nas vagas, TI lidera demanda por talento qualificado no Brasil"}]},{"@type":"WebSite","@id":"https:\/\/economiasa.com.br\/blog\/#website","url":"https:\/\/economiasa.com.br\/blog\/","name":"Economia S\/A","description":"Ler faz bem para os neg\u00f3cios","potentialAction":[{"@type":"SearchAction","target":{"@type":"EntryPoint","urlTemplate":"https:\/\/economiasa.com.br\/blog\/?s={search_term_string}"},"query-input":{"@type":"PropertyValueSpecification","valueRequired":true,"valueName":"search_term_string"}}],"inLanguage":"pt-BR"},{"@type":"Person","@id":"https:\/\/economiasa.com.br\/blog\/#\/schema\/person\/14b8ac2dc25bd63b52bc54e845fa3923","name":"Reda\u00e7\u00e3o","image":{"@type":"ImageObject","inLanguage":"pt-BR","@id":"https:\/\/secure.gravatar.com\/avatar\/c8c795261f7f8547b22616a549577db9e450bd5622da3f6eb62b0e2c3e364c4e?s=96&d=mm&r=g0fb5212bc57e2287787936667fbbe0ff","url":"https:\/\/secure.gravatar.com\/avatar\/c8c795261f7f8547b22616a549577db9e450bd5622da3f6eb62b0e2c3e364c4e?s=96&d=mm&r=g","contentUrl":"https:\/\/secure.gravatar.com\/avatar\/c8c795261f7f8547b22616a549577db9e450bd5622da3f6eb62b0e2c3e364c4e?s=96&d=mm&r=g","caption":"Reda\u00e7\u00e3o"},"sameAs":["http:\/\/www.economiasa.com.br"],"url":"https:\/\/economiasa.com.br\/blog\/author\/redacao\/"}]}},"authors":[{"term_id":13248,"user_id":47,"is_guest":0,"slug":"redacao","display_name":"Reda\u00e7\u00e3o","avatar_url":"https:\/\/secure.gravatar.com\/avatar\/c8c795261f7f8547b22616a549577db9e450bd5622da3f6eb62b0e2c3e364c4e?s=96&d=mm&r=g","author_category":"","first_name":"Reda\u00e7\u00e3o","last_name":"","user_url":"http:\/\/www.economiasa.com.br","job_title":"","description":""}],"amp_enabled":true,"_links":{"self":[{"href":"https:\/\/economiasa.com.br\/blog\/wp-json\/wp\/v2\/posts\/84925","targetHints":{"allow":["GET"]}}],"collection":[{"href":"https:\/\/economiasa.com.br\/blog\/wp-json\/wp\/v2\/posts"}],"about":[{"href":"https:\/\/economiasa.com.br\/blog\/wp-json\/wp\/v2\/types\/post"}],"author":[{"embeddable":true,"href":"https:\/\/economiasa.com.br\/blog\/wp-json\/wp\/v2\/users\/47"}],"replies":[{"embeddable":true,"href":"https:\/\/economiasa.com.br\/blog\/wp-json\/wp\/v2\/comments?post=84925"}],"version-history":[{"count":0,"href":"https:\/\/economiasa.com.br\/blog\/wp-json\/wp\/v2\/posts\/84925\/revisions"}],"wp:featuredmedia":[{"embeddable":true,"href":"https:\/\/economiasa.com.br\/blog\/wp-json\/wp\/v2\/media\/84926"}],"wp:attachment":[{"href":"https:\/\/economiasa.com.br\/blog\/wp-json\/wp\/v2\/media?parent=84925"}],"wp:term":[{"taxonomy":"category","embeddable":true,"href":"https:\/\/economiasa.com.br\/blog\/wp-json\/wp\/v2\/categories?post=84925"},{"taxonomy":"post_tag","embeddable":true,"href":"https:\/\/economiasa.com.br\/blog\/wp-json\/wp\/v2\/tags?post=84925"},{"taxonomy":"author","embeddable":true,"href":"https:\/\/economiasa.com.br\/blog\/wp-json\/wp\/v2\/ppma_author?post=84925"}],"curies":[{"name":"wp","href":"https:\/\/api.w.org\/{rel}","templated":true}]}}