{"id":84927,"date":"2026-09-01T15:16:26","date_gmt":"2026-09-01T18:16:26","guid":{"rendered":"https:\/\/economiasa.com.br\/blog\/?p=84927"},"modified":"2026-09-01T15:16:27","modified_gmt":"2026-09-01T18:16:27","slug":"75-das-equipes-de-vendas-nao-batem-metas-livro-propoe-nova-estrategia-para-desenvolver-equipes-comerciais-2","status":"publish","type":"post","link":"https:\/\/economiasa.com.br\/blog\/75-das-equipes-de-vendas-nao-batem-metas-livro-propoe-nova-estrategia-para-desenvolver-equipes-comerciais-2\/","title":{"rendered":"75% das equipes de vendas n\u00e3o batem metas: livro prop\u00f5e nova estrat\u00e9gia para desenvolver equipes comerciais"},"content":{"rendered":"\n<p class=\"wp-block-paragraph\"><em>Com m\u00e9todo pr\u00f3prio e mais de 20 anos de experi\u00eancia em desenvolvimento comercial, Carol Manciola questiona os modelos tradicionais de treinamento e sustenta que o principal gargalo das equipes pode estar na capacidade de aprender<\/em><\/p>\n\n\n\n<p class=\"wp-block-paragraph\">Transformar o potencial das equipes comerciais em resultados concretos segue sendo um dos maiores desafios das empresas brasileiras. N\u00e3o por acaso, 75% dos times de vendas n\u00e3o atingiram suas metas em 2025, segundo estudo da RD Station. Diante desse cen\u00e1rio,\u00a0<strong>Carol Manciola<\/strong>, autora\u00a0<em>best-seller\u00a0<\/em>de \u201c#BoraBaterMeta: o desafio da venda presencial no mundo digital\u201d e um dos maiores nomes em vendas no Brasil, lan\u00e7a\u00a0<strong>Vendas Movem o Mundo \u2013 Como treinar equipes de vendas para transformar potencial em impacto<\/strong>, publicado pela\u00a0<strong>DVS Editora<\/strong>.<\/p>\n\n\n\n<p class=\"wp-block-paragraph\">Com mais de duas d\u00e9cadas de atua\u00e7\u00e3o no mercado de educa\u00e7\u00e3o corporativa, a especialista avalia que o problema vai muito al\u00e9m da performance individual dos vendedores. A pr\u00f3pria estrutura das \u00e1reas comerciais ajuda a explicar esses resultados: apenas 33% das empresas afirmam contar com um processo comercial bem estruturado, previs\u00edvel, escal\u00e1vel e sustent\u00e1vel.<\/p>\n\n\n\n<p class=\"wp-block-paragraph\">A autora defende que vender \u00e9 conectar problemas a solu\u00e7\u00f5es, necessidades a possibilidades, empresas a clientes, inten\u00e7\u00e3o a resultado, e apresenta um m\u00e9todo estruturado para formar, treinar e desenvolver profissionais que atuam na \u00e1rea comercial. Para ela, desenvolver equipes de vendas capazes de pensar melhor, aprender continuamente, criar valor real para o cliente e transformar potencial em impacto para o neg\u00f3cio ser\u00e1 o grande diferencial para um neg\u00f3cio.<\/p>\n\n\n\n<p class=\"wp-block-paragraph\">O ambiente de vendas passou por uma transforma\u00e7\u00e3o profunda. Clientes bem-informados, o avan\u00e7o da intelig\u00eancia artificial e a crescente complexidade das rela\u00e7\u00f5es comerciais tornaram insuficiente o antigo modelo baseado apenas em press\u00e3o, repeti\u00e7\u00e3o e volume de contatos. Diante disso, Manciola prop\u00f5e o conceito de \u201cvendedor ambidestro\u201d, o profissional capaz de combinar m\u00e9todo e intui\u00e7\u00e3o, processo e criatividade, hist\u00f3rico e vis\u00e3o de futuro.<\/p>\n\n\n\n<p class=\"wp-block-paragraph\"><em>\u201c(\u2026) Vendas n\u00e3o s\u00e3o apenas uma fun\u00e7\u00e3o empresarial, s\u00e3o uma engrenagem vital da sociedade. N\u00e3o existe economia sem consumo, n\u00e3o existe consumo sem venda e n\u00e3o existe venda sem algu\u00e9m que saiba conectar o que se oferece ao que o outro precisa. \u00c9 a\u00ed que o profissional de vendas entra. E \u00e9 por isso que essa profiss\u00e3o tem, e sempre ter\u00e1, um papel essencial no mundo\u201d.<\/em><br><strong>Vendas Movem o Mundo, p. 31<\/strong><\/p>\n\n\n\n<figure class=\"wp-block-image size-large\"><img loading=\"lazy\" decoding=\"async\" width=\"663\" height=\"1024\" src=\"https:\/\/economiasa.com.br\/blog\/wp-content\/uploads\/2026\/09\/Capa-Vendas-Movem-o-Mundo-DVS-663x1024.jpg\" alt=\"Capa Vendas Movem o Mundo-Cr\u00e9ditos da foto: Divulga\u00e7\u00e3o\" class=\"wp-image-84929\" srcset=\"https:\/\/economiasa.com.br\/blog\/wp-content\/uploads\/2026\/09\/Capa-Vendas-Movem-o-Mundo-DVS-663x1024.jpg 663w, https:\/\/economiasa.com.br\/blog\/wp-content\/uploads\/2026\/09\/Capa-Vendas-Movem-o-Mundo-DVS-194x300.jpg 194w, https:\/\/economiasa.com.br\/blog\/wp-content\/uploads\/2026\/09\/Capa-Vendas-Movem-o-Mundo-DVS-768x1186.jpg 768w, https:\/\/economiasa.com.br\/blog\/wp-content\/uploads\/2026\/09\/Capa-Vendas-Movem-o-Mundo-DVS-360x556.jpg 360w, https:\/\/economiasa.com.br\/blog\/wp-content\/uploads\/2026\/09\/Capa-Vendas-Movem-o-Mundo-DVS.jpg 771w\" sizes=\"auto, (max-width: 663px) 100vw, 663px\" \/><figcaption class=\"wp-element-caption\">Capa Vendas Movem o Mundo-Cr\u00e9ditos da foto: Divulga\u00e7\u00e3o<\/figcaption><\/figure>\n\n\n\n<p class=\"wp-block-paragraph\">Levando a linguagem dos neg\u00f3cios para as equipes de RH e T&D e, ao mesmo tempo, entendimentos sobre gest\u00e3o de pessoas para l\u00edderes de neg\u00f3cios, o livro \u00e9 estruturado de forma did\u00e1tica em tr\u00eas se\u00e7\u00f5es. A primeira, Fa\u00edsca, mapeia os sintomas que corroem a performance em sil\u00eancio, isto \u00e9, resultados que camuflam processos ruins, gestores consumidos por urg\u00eancias operacionais e a venda de pre\u00e7o onde deveria haver venda de valor.<\/p>\n\n\n\n<p class=\"wp-block-paragraph\">A segunda, Fogo, apresenta a metodologia das cinco etapas de desenvolvimento comercial criada pela autora, que contempla do diagn\u00f3stico \u00e0 mensura\u00e7\u00e3o: Contextualiza\u00e7\u00e3o, Cria\u00e7\u00e3o, Customiza\u00e7\u00e3o, Conex\u00e3o e Concretiza\u00e7\u00e3o. Cada etapa \u00e9 apoiada por ferramentas pr\u00e1ticas, como um diagn\u00f3stico que analisa o processo comercial pelo olhar do vendedor e um m\u00e9todo para engajar adultos em situa\u00e7\u00f5es de treinamento.<\/p>\n\n\n\n<p class=\"wp-block-paragraph\">A terceira se\u00e7\u00e3o, Combust\u00edvel, posiciona a lideran\u00e7a como o fator que sustenta ou interrompe qualquer processo de aprendizado. Para a autora, o l\u00edder comercial n\u00e3o \u00e9 apenas gestor de metas, mas um desenvolvedor de pessoas. A obra inclui ferramentas que cruzam indicadores de performance com comportamentos observ\u00e1veis, ou mesmo orientam planos de a\u00e7\u00e3o individuais, com base no repert\u00f3rio e modo de atuar de cada vendedor.<\/p>\n\n\n\n<p class=\"wp-block-paragraph\">Destinado a vendedores, l\u00edderes comerciais e especialistas em RH, T&D,\u00a0<em>Sales Enablement<\/em>\u00a0e facilitadores,\u00a0<strong>Vendas Movem o Mundo<\/strong>\u00a0\u00e9 um guia para quem acredita no potencial humano como motor de transforma\u00e7\u00e3o e buscam desenvolver alta performance em vendas por meio do aprendizado. O t\u00edtulo tamb\u00e9m beneficia o leitor que deseja ampliar a maturidade comercial, o repert\u00f3rio e a intelig\u00eancia emocional, contribuindo para a constru\u00e7\u00e3o de uma cultura de desenvolvimento capaz de transformar potencial em resultados.<\/p>\n\n\n\n<p class=\"wp-block-paragraph\"><strong>Ficha t\u00e9cnica<\/strong><\/p>\n\n\n\n<p class=\"wp-block-paragraph\"><strong>T\u00edtulo<\/strong>: Vendas Movem o Mundo \u2013 Como treinar equipes de vendas para transformar potencial em impacto<br><strong>Autoria<\/strong>: Carol Manciola<br><strong>Editora<\/strong>: DVS Editora<br><strong>ISBN<\/strong>: 978-65-5695-187-4<br><strong>P\u00e1ginas<\/strong>: 280<br><strong>Pre\u00e7o<\/strong>: R$ 84,00<br><strong>Onde encontrar<\/strong>:\u00a0<a href=\"https:\/\/a.co\/d\/0dPXDQcy\" target=\"_blank\" rel=\"noreferrer noopener\">Amazon<\/a><\/p>\n","protected":false},"excerpt":{"rendered":"<p>Com m\u00e9todo pr\u00f3prio e mais de 20 anos de experi\u00eancia em desenvolvimento comercial, Carol Manciola questiona os modelos tradicionais de treinamento e&#8230;<\/p>\n","protected":false},"author":47,"featured_media":84928,"comment_status":"closed","ping_status":"open","sticky":false,"template":"","format":"standard","meta":{"footnotes":""},"categories":[233],"tags":[],"ppma_author":[13248],"class_list":["post-84927","post","type-post","status-publish","format-standard","has-post-thumbnail","category-livro"],"yoast_head":"<!-- This site is optimized with the Yoast SEO plugin v27.2 - https:\/\/yoast.com\/product\/yoast-seo-wordpress\/ -->\n<title>75% das equipes de vendas n\u00e3o batem metas: livro prop\u00f5e nova estrat\u00e9gia para desenvolver equipes comerciais - Economia S\/A<\/title>\n<meta name=\"robots\" content=\"index, follow, max-snippet:-1, max-image-preview:large, max-video-preview:-1\" \/>\n<link rel=\"canonical\" href=\"https:\/\/economiasa.com.br\/blog\/75-das-equipes-de-vendas-nao-batem-metas-livro-propoe-nova-estrategia-para-desenvolver-equipes-comerciais-2\/\" \/>\n<meta property=\"og:locale\" content=\"pt_BR\" \/>\n<meta property=\"og:type\" content=\"article\" \/>\n<meta property=\"og:title\" content=\"75% das equipes de vendas n\u00e3o batem metas: livro prop\u00f5e nova estrat\u00e9gia para desenvolver equipes comerciais - Economia S\/A\" \/>\n<meta property=\"og:description\" content=\"Com m\u00e9todo pr\u00f3prio e mais de 20 anos de experi\u00eancia em desenvolvimento comercial, Carol Manciola questiona os modelos tradicionais de treinamento e...\" \/>\n<meta property=\"og:url\" content=\"https:\/\/economiasa.com.br\/blog\/75-das-equipes-de-vendas-nao-batem-metas-livro-propoe-nova-estrategia-para-desenvolver-equipes-comerciais-2\/\" \/>\n<meta property=\"og:site_name\" content=\"Economia S\/A\" \/>\n<meta property=\"article:published_time\" content=\"2026-09-01T18:16:26+00:00\" \/>\n<meta property=\"article:modified_time\" content=\"2026-09-01T18:16:27+00:00\" \/>\n<meta property=\"og:image\" content=\"https:\/\/economiasa.com.br\/blog\/wp-content\/uploads\/2026\/09\/Capturar-8.png\" \/>\n\t<meta property=\"og:image:width\" content=\"300\" \/>\n\t<meta property=\"og:image:height\" content=\"199\" \/>\n\t<meta property=\"og:image:type\" content=\"image\/png\" \/>\n<meta name=\"author\" content=\"Reda\u00e7\u00e3o\" \/>\n<meta name=\"twitter:card\" content=\"summary_large_image\" \/>\n<meta name=\"twitter:label1\" content=\"Escrito por\" \/>\n\t<meta name=\"twitter:data1\" content=\"Reda\u00e7\u00e3o\" \/>\n\t<meta name=\"twitter:label2\" content=\"Est. tempo de leitura\" \/>\n\t<meta name=\"twitter:data2\" content=\"5 minutos\" \/>\n<script type=\"application\/ld+json\" class=\"yoast-schema-graph\">{\"@context\":\"https:\/\/schema.org\",\"@graph\":[{\"@type\":\"Article\",\"@id\":\"https:\/\/economiasa.com.br\/blog\/75-das-equipes-de-vendas-nao-batem-metas-livro-propoe-nova-estrategia-para-desenvolver-equipes-comerciais-2\/#article\",\"isPartOf\":{\"@id\":\"https:\/\/economiasa.com.br\/blog\/75-das-equipes-de-vendas-nao-batem-metas-livro-propoe-nova-estrategia-para-desenvolver-equipes-comerciais-2\/\"},\"author\":{\"name\":\"Reda\u00e7\u00e3o\",\"@id\":\"https:\/\/economiasa.com.br\/blog\/#\/schema\/person\/14b8ac2dc25bd63b52bc54e845fa3923\"},\"headline\":\"75% das equipes de vendas n\u00e3o batem metas: livro prop\u00f5e nova estrat\u00e9gia para desenvolver equipes comerciais\",\"datePublished\":\"2026-09-01T18:16:26+00:00\",\"dateModified\":\"2026-09-01T18:16:27+00:00\",\"mainEntityOfPage\":{\"@id\":\"https:\/\/economiasa.com.br\/blog\/75-das-equipes-de-vendas-nao-batem-metas-livro-propoe-nova-estrategia-para-desenvolver-equipes-comerciais-2\/\"},\"wordCount\":780,\"image\":{\"@id\":\"https:\/\/economiasa.com.br\/blog\/75-das-equipes-de-vendas-nao-batem-metas-livro-propoe-nova-estrategia-para-desenvolver-equipes-comerciais-2\/#primaryimage\"},\"thumbnailUrl\":\"https:\/\/economiasa.com.br\/blog\/wp-content\/uploads\/2026\/09\/Capturar-8.png\",\"articleSection\":[\"Livro\"],\"inLanguage\":\"pt-BR\"},{\"@type\":\"WebPage\",\"@id\":\"https:\/\/economiasa.com.br\/blog\/75-das-equipes-de-vendas-nao-batem-metas-livro-propoe-nova-estrategia-para-desenvolver-equipes-comerciais-2\/\",\"url\":\"https:\/\/economiasa.com.br\/blog\/75-das-equipes-de-vendas-nao-batem-metas-livro-propoe-nova-estrategia-para-desenvolver-equipes-comerciais-2\/\",\"name\":\"75% das equipes de vendas n\u00e3o batem metas: livro prop\u00f5e nova estrat\u00e9gia para desenvolver equipes comerciais - Economia S\/A\",\"isPartOf\":{\"@id\":\"https:\/\/economiasa.com.br\/blog\/#website\"},\"primaryImageOfPage\":{\"@id\":\"https:\/\/economiasa.com.br\/blog\/75-das-equipes-de-vendas-nao-batem-metas-livro-propoe-nova-estrategia-para-desenvolver-equipes-comerciais-2\/#primaryimage\"},\"image\":{\"@id\":\"https:\/\/economiasa.com.br\/blog\/75-das-equipes-de-vendas-nao-batem-metas-livro-propoe-nova-estrategia-para-desenvolver-equipes-comerciais-2\/#primaryimage\"},\"thumbnailUrl\":\"https:\/\/economiasa.com.br\/blog\/wp-content\/uploads\/2026\/09\/Capturar-8.png\",\"datePublished\":\"2026-09-01T18:16:26+00:00\",\"dateModified\":\"2026-09-01T18:16:27+00:00\",\"author\":{\"@id\":\"https:\/\/economiasa.com.br\/blog\/#\/schema\/person\/14b8ac2dc25bd63b52bc54e845fa3923\"},\"breadcrumb\":{\"@id\":\"https:\/\/economiasa.com.br\/blog\/75-das-equipes-de-vendas-nao-batem-metas-livro-propoe-nova-estrategia-para-desenvolver-equipes-comerciais-2\/#breadcrumb\"},\"inLanguage\":\"pt-BR\",\"potentialAction\":[{\"@type\":\"ReadAction\",\"target\":[\"https:\/\/economiasa.com.br\/blog\/75-das-equipes-de-vendas-nao-batem-metas-livro-propoe-nova-estrategia-para-desenvolver-equipes-comerciais-2\/\"]}]},{\"@type\":\"ImageObject\",\"inLanguage\":\"pt-BR\",\"@id\":\"https:\/\/economiasa.com.br\/blog\/75-das-equipes-de-vendas-nao-batem-metas-livro-propoe-nova-estrategia-para-desenvolver-equipes-comerciais-2\/#primaryimage\",\"url\":\"https:\/\/economiasa.com.br\/blog\/wp-content\/uploads\/2026\/09\/Capturar-8.png\",\"contentUrl\":\"https:\/\/economiasa.com.br\/blog\/wp-content\/uploads\/2026\/09\/Capturar-8.png\",\"width\":300,\"height\":199,\"caption\":\"Magnific \/ Divulga\u00e7\u00e3o\"},{\"@type\":\"BreadcrumbList\",\"@id\":\"https:\/\/economiasa.com.br\/blog\/75-das-equipes-de-vendas-nao-batem-metas-livro-propoe-nova-estrategia-para-desenvolver-equipes-comerciais-2\/#breadcrumb\",\"itemListElement\":[{\"@type\":\"ListItem\",\"position\":1,\"name\":\"In\u00edcio\",\"item\":\"https:\/\/economiasa.com.br\/blog\/\"},{\"@type\":\"ListItem\",\"position\":2,\"name\":\"75% das equipes de vendas n\u00e3o batem metas: livro prop\u00f5e nova estrat\u00e9gia para desenvolver equipes comerciais\"}]},{\"@type\":\"WebSite\",\"@id\":\"https:\/\/economiasa.com.br\/blog\/#website\",\"url\":\"https:\/\/economiasa.com.br\/blog\/\",\"name\":\"Economia S\/A\",\"description\":\"Ler faz bem para os neg\u00f3cios\",\"potentialAction\":[{\"@type\":\"SearchAction\",\"target\":{\"@type\":\"EntryPoint\",\"urlTemplate\":\"https:\/\/economiasa.com.br\/blog\/?s={search_term_string}\"},\"query-input\":{\"@type\":\"PropertyValueSpecification\",\"valueRequired\":true,\"valueName\":\"search_term_string\"}}],\"inLanguage\":\"pt-BR\"},{\"@type\":\"Person\",\"@id\":\"https:\/\/economiasa.com.br\/blog\/#\/schema\/person\/14b8ac2dc25bd63b52bc54e845fa3923\",\"name\":\"Reda\u00e7\u00e3o\",\"image\":{\"@type\":\"ImageObject\",\"inLanguage\":\"pt-BR\",\"@id\":\"https:\/\/secure.gravatar.com\/avatar\/c8c795261f7f8547b22616a549577db9e450bd5622da3f6eb62b0e2c3e364c4e?s=96&d=mm&r=g0fb5212bc57e2287787936667fbbe0ff\",\"url\":\"https:\/\/secure.gravatar.com\/avatar\/c8c795261f7f8547b22616a549577db9e450bd5622da3f6eb62b0e2c3e364c4e?s=96&d=mm&r=g\",\"contentUrl\":\"https:\/\/secure.gravatar.com\/avatar\/c8c795261f7f8547b22616a549577db9e450bd5622da3f6eb62b0e2c3e364c4e?s=96&d=mm&r=g\",\"caption\":\"Reda\u00e7\u00e3o\"},\"sameAs\":[\"http:\/\/www.economiasa.com.br\"],\"url\":\"https:\/\/economiasa.com.br\/blog\/author\/redacao\/\"}]}<\/script>\n<!-- \/ Yoast SEO plugin. -->","yoast_head_json":{"title":"75% das equipes de vendas n\u00e3o batem metas: livro prop\u00f5e nova estrat\u00e9gia para desenvolver equipes comerciais - Economia S\/A","robots":{"index":"index","follow":"follow","max-snippet":"max-snippet:-1","max-image-preview":"max-image-preview:large","max-video-preview":"max-video-preview:-1"},"canonical":"https:\/\/economiasa.com.br\/blog\/75-das-equipes-de-vendas-nao-batem-metas-livro-propoe-nova-estrategia-para-desenvolver-equipes-comerciais-2\/","og_locale":"pt_BR","og_type":"article","og_title":"75% das equipes de vendas n\u00e3o batem metas: livro prop\u00f5e nova estrat\u00e9gia para desenvolver equipes comerciais - Economia S\/A","og_description":"Com m\u00e9todo pr\u00f3prio e mais de 20 anos de experi\u00eancia em desenvolvimento comercial, Carol Manciola questiona os modelos tradicionais de treinamento e...","og_url":"https:\/\/economiasa.com.br\/blog\/75-das-equipes-de-vendas-nao-batem-metas-livro-propoe-nova-estrategia-para-desenvolver-equipes-comerciais-2\/","og_site_name":"Economia S\/A","article_published_time":"2026-09-01T18:16:26+00:00","article_modified_time":"2026-09-01T18:16:27+00:00","og_image":[{"width":300,"height":199,"url":"https:\/\/economiasa.com.br\/blog\/wp-content\/uploads\/2026\/09\/Capturar-8.png","type":"image\/png"}],"author":"Reda\u00e7\u00e3o","twitter_card":"summary_large_image","twitter_misc":{"Escrito por":"Reda\u00e7\u00e3o","Est. tempo de leitura":"5 minutos"},"schema":{"@context":"https:\/\/schema.org","@graph":[{"@type":"Article","@id":"https:\/\/economiasa.com.br\/blog\/75-das-equipes-de-vendas-nao-batem-metas-livro-propoe-nova-estrategia-para-desenvolver-equipes-comerciais-2\/#article","isPartOf":{"@id":"https:\/\/economiasa.com.br\/blog\/75-das-equipes-de-vendas-nao-batem-metas-livro-propoe-nova-estrategia-para-desenvolver-equipes-comerciais-2\/"},"author":{"name":"Reda\u00e7\u00e3o","@id":"https:\/\/economiasa.com.br\/blog\/#\/schema\/person\/14b8ac2dc25bd63b52bc54e845fa3923"},"headline":"75% das equipes de vendas n\u00e3o batem metas: livro prop\u00f5e nova estrat\u00e9gia para desenvolver equipes comerciais","datePublished":"2026-09-01T18:16:26+00:00","dateModified":"2026-09-01T18:16:27+00:00","mainEntityOfPage":{"@id":"https:\/\/economiasa.com.br\/blog\/75-das-equipes-de-vendas-nao-batem-metas-livro-propoe-nova-estrategia-para-desenvolver-equipes-comerciais-2\/"},"wordCount":780,"image":{"@id":"https:\/\/economiasa.com.br\/blog\/75-das-equipes-de-vendas-nao-batem-metas-livro-propoe-nova-estrategia-para-desenvolver-equipes-comerciais-2\/#primaryimage"},"thumbnailUrl":"https:\/\/economiasa.com.br\/blog\/wp-content\/uploads\/2026\/09\/Capturar-8.png","articleSection":["Livro"],"inLanguage":"pt-BR"},{"@type":"WebPage","@id":"https:\/\/economiasa.com.br\/blog\/75-das-equipes-de-vendas-nao-batem-metas-livro-propoe-nova-estrategia-para-desenvolver-equipes-comerciais-2\/","url":"https:\/\/economiasa.com.br\/blog\/75-das-equipes-de-vendas-nao-batem-metas-livro-propoe-nova-estrategia-para-desenvolver-equipes-comerciais-2\/","name":"75% das equipes de vendas n\u00e3o batem metas: livro prop\u00f5e nova estrat\u00e9gia para desenvolver equipes comerciais - Economia S\/A","isPartOf":{"@id":"https:\/\/economiasa.com.br\/blog\/#website"},"primaryImageOfPage":{"@id":"https:\/\/economiasa.com.br\/blog\/75-das-equipes-de-vendas-nao-batem-metas-livro-propoe-nova-estrategia-para-desenvolver-equipes-comerciais-2\/#primaryimage"},"image":{"@id":"https:\/\/economiasa.com.br\/blog\/75-das-equipes-de-vendas-nao-batem-metas-livro-propoe-nova-estrategia-para-desenvolver-equipes-comerciais-2\/#primaryimage"},"thumbnailUrl":"https:\/\/economiasa.com.br\/blog\/wp-content\/uploads\/2026\/09\/Capturar-8.png","datePublished":"2026-09-01T18:16:26+00:00","dateModified":"2026-09-01T18:16:27+00:00","author":{"@id":"https:\/\/economiasa.com.br\/blog\/#\/schema\/person\/14b8ac2dc25bd63b52bc54e845fa3923"},"breadcrumb":{"@id":"https:\/\/economiasa.com.br\/blog\/75-das-equipes-de-vendas-nao-batem-metas-livro-propoe-nova-estrategia-para-desenvolver-equipes-comerciais-2\/#breadcrumb"},"inLanguage":"pt-BR","potentialAction":[{"@type":"ReadAction","target":["https:\/\/economiasa.com.br\/blog\/75-das-equipes-de-vendas-nao-batem-metas-livro-propoe-nova-estrategia-para-desenvolver-equipes-comerciais-2\/"]}]},{"@type":"ImageObject","inLanguage":"pt-BR","@id":"https:\/\/economiasa.com.br\/blog\/75-das-equipes-de-vendas-nao-batem-metas-livro-propoe-nova-estrategia-para-desenvolver-equipes-comerciais-2\/#primaryimage","url":"https:\/\/economiasa.com.br\/blog\/wp-content\/uploads\/2026\/09\/Capturar-8.png","contentUrl":"https:\/\/economiasa.com.br\/blog\/wp-content\/uploads\/2026\/09\/Capturar-8.png","width":300,"height":199,"caption":"Magnific \/ Divulga\u00e7\u00e3o"},{"@type":"BreadcrumbList","@id":"https:\/\/economiasa.com.br\/blog\/75-das-equipes-de-vendas-nao-batem-metas-livro-propoe-nova-estrategia-para-desenvolver-equipes-comerciais-2\/#breadcrumb","itemListElement":[{"@type":"ListItem","position":1,"name":"In\u00edcio","item":"https:\/\/economiasa.com.br\/blog\/"},{"@type":"ListItem","position":2,"name":"75% das equipes de vendas n\u00e3o batem metas: livro prop\u00f5e nova estrat\u00e9gia para desenvolver equipes comerciais"}]},{"@type":"WebSite","@id":"https:\/\/economiasa.com.br\/blog\/#website","url":"https:\/\/economiasa.com.br\/blog\/","name":"Economia S\/A","description":"Ler faz bem para os neg\u00f3cios","potentialAction":[{"@type":"SearchAction","target":{"@type":"EntryPoint","urlTemplate":"https:\/\/economiasa.com.br\/blog\/?s={search_term_string}"},"query-input":{"@type":"PropertyValueSpecification","valueRequired":true,"valueName":"search_term_string"}}],"inLanguage":"pt-BR"},{"@type":"Person","@id":"https:\/\/economiasa.com.br\/blog\/#\/schema\/person\/14b8ac2dc25bd63b52bc54e845fa3923","name":"Reda\u00e7\u00e3o","image":{"@type":"ImageObject","inLanguage":"pt-BR","@id":"https:\/\/secure.gravatar.com\/avatar\/c8c795261f7f8547b22616a549577db9e450bd5622da3f6eb62b0e2c3e364c4e?s=96&d=mm&r=g0fb5212bc57e2287787936667fbbe0ff","url":"https:\/\/secure.gravatar.com\/avatar\/c8c795261f7f8547b22616a549577db9e450bd5622da3f6eb62b0e2c3e364c4e?s=96&d=mm&r=g","contentUrl":"https:\/\/secure.gravatar.com\/avatar\/c8c795261f7f8547b22616a549577db9e450bd5622da3f6eb62b0e2c3e364c4e?s=96&d=mm&r=g","caption":"Reda\u00e7\u00e3o"},"sameAs":["http:\/\/www.economiasa.com.br"],"url":"https:\/\/economiasa.com.br\/blog\/author\/redacao\/"}]}},"authors":[{"term_id":13248,"user_id":47,"is_guest":0,"slug":"redacao","display_name":"Reda\u00e7\u00e3o","avatar_url":"https:\/\/secure.gravatar.com\/avatar\/c8c795261f7f8547b22616a549577db9e450bd5622da3f6eb62b0e2c3e364c4e?s=96&d=mm&r=g","author_category":"","first_name":"Reda\u00e7\u00e3o","last_name":"","user_url":"http:\/\/www.economiasa.com.br","job_title":"","description":""}],"amp_enabled":true,"_links":{"self":[{"href":"https:\/\/economiasa.com.br\/blog\/wp-json\/wp\/v2\/posts\/84927","targetHints":{"allow":["GET"]}}],"collection":[{"href":"https:\/\/economiasa.com.br\/blog\/wp-json\/wp\/v2\/posts"}],"about":[{"href":"https:\/\/economiasa.com.br\/blog\/wp-json\/wp\/v2\/types\/post"}],"author":[{"embeddable":true,"href":"https:\/\/economiasa.com.br\/blog\/wp-json\/wp\/v2\/users\/47"}],"replies":[{"embeddable":true,"href":"https:\/\/economiasa.com.br\/blog\/wp-json\/wp\/v2\/comments?post=84927"}],"version-history":[{"count":0,"href":"https:\/\/economiasa.com.br\/blog\/wp-json\/wp\/v2\/posts\/84927\/revisions"}],"wp:featuredmedia":[{"embeddable":true,"href":"https:\/\/economiasa.com.br\/blog\/wp-json\/wp\/v2\/media\/84928"}],"wp:attachment":[{"href":"https:\/\/economiasa.com.br\/blog\/wp-json\/wp\/v2\/media?parent=84927"}],"wp:term":[{"taxonomy":"category","embeddable":true,"href":"https:\/\/economiasa.com.br\/blog\/wp-json\/wp\/v2\/categories?post=84927"},{"taxonomy":"post_tag","embeddable":true,"href":"https:\/\/economiasa.com.br\/blog\/wp-json\/wp\/v2\/tags?post=84927"},{"taxonomy":"author","embeddable":true,"href":"https:\/\/economiasa.com.br\/blog\/wp-json\/wp\/v2\/ppma_author?post=84927"}],"curies":[{"name":"wp","href":"https:\/\/api.w.org\/{rel}","templated":true}]}}