{"id":84936,"date":"2026-09-01T15:34:03","date_gmt":"2026-09-01T18:34:03","guid":{"rendered":"https:\/\/economiasa.com.br\/blog\/?p=84936"},"modified":"2026-09-01T15:34:04","modified_gmt":"2026-09-01T18:34:04","slug":"familias-adiam-o-preparo-dos-herdeiros-e-colocam-o-patrimonio-em-risco","status":"publish","type":"post","link":"https:\/\/economiasa.com.br\/blog\/familias-adiam-o-preparo-dos-herdeiros-e-colocam-o-patrimonio-em-risco\/","title":{"rendered":"Fam\u00edlias adiam o preparo dos herdeiros e colocam o patrim\u00f4nio em risco"},"content":{"rendered":"\n<p class=\"wp-block-paragraph\">Por Daniel Mazza, S\u00f3cio Fundador da MZM Wealth*<\/p>\n\n\n\n<p class=\"wp-block-paragraph\">A maioria das fam\u00edlias faz a pergunta errada quando pensa na pr\u00f3xima gera\u00e7\u00e3o. Em vez de discutir com que idade um filho deve come\u00e7ar a administrar o patrim\u00f4nio, deveria avaliar quando ele passa a desenvolver as compet\u00eancias necess\u00e1rias para assumir essa responsabilidade. A urg\u00eancia cresce \u00e0 medida que o pa\u00eds envelhece. Segundo o Censo 2022 do IBGE, o n\u00famero de brasileiros com 65 anos ou mais aumentou 57,4% em doze anos e chegou a 22,2 milh\u00f5es. Ainda assim, muitas sucess\u00f5es continuam sendo tratadas como um evento futuro, quando deveriam ser constru\u00eddas ao longo da vida.<br><br>O receio de falar sobre dinheiro costuma ser apresentado como uma forma de prote\u00e7\u00e3o. Pais evitam expor valores, decis\u00f5es e conflitos para n\u00e3o estimular ansiedade, depend\u00eancia ou sensa\u00e7\u00e3o de privil\u00e9gio. O efeito, por\u00e9m, pode ser o oposto. Quem nunca acompanhou escolhas patrimoniais chega \u00e0 vida adulta com informa\u00e7\u00e3o limitada e nenhuma experi\u00eancia para lidar com press\u00e3o, diverg\u00eancias familiares ou decis\u00f5es de longo prazo. Na Pesquisa Global NextGen 2022 da PwC, apenas 24% dos membros da gera\u00e7\u00e3o atual no Brasil afirmaram possuir um plano de sucess\u00e3o robusto. O dado mostra que o problema come\u00e7a muito antes da transfer\u00eancia dos bens.<br><br>Preparar n\u00e3o significa entregar acesso irrestrito nem colocar adolescentes diante de decis\u00f5es para as quais ainda n\u00e3o t\u00eam repert\u00f3rio. Na inf\u00e2ncia, a forma\u00e7\u00e3o passa pelo valor do trabalho, da espera e das escolhas. Na adolesc\u00eancia, pequenas responsabilidades financeiras permitem erros de baixo impacto e aprendizado real. No in\u00edcio da vida adulta, investimentos, tributa\u00e7\u00e3o, empresas e governan\u00e7a podem ser apresentados de forma mais estruturada, sempre acompanhados de participa\u00e7\u00e3o gradual nas decis\u00f5es. Informa\u00e7\u00e3o sem responsabilidade produz apenas uma apar\u00eancia de preparo.<br><br>Tamb\u00e9m \u00e9 compreens\u00edvel o argumento de que falar cedo sobre patrim\u00f4nio pode criar acomoda\u00e7\u00e3o. Esse risco existe quando a conversa gira apenas em torno de riqueza e consumo. Quando a fam\u00edlia inclui prop\u00f3sito, limites, deveres e consequ\u00eancias, o efeito tende a ser diferente. Um herdeiro pode come\u00e7ar observando reuni\u00f5es, participando de projetos sociais, conhecendo a hist\u00f3ria do neg\u00f3cio e entendendo por que determinados ativos s\u00e3o preservados. Essa conviv\u00eancia ensina algo que nenhum curso oferece sozinho, pois revela que o patrim\u00f4nio representa poder de escolha acompanhado de obriga\u00e7\u00e3o.<br><br>Documentos jur\u00eddicos, estruturas societ\u00e1rias e estrat\u00e9gias tribut\u00e1rias continuam essenciais, por\u00e9m n\u00e3o substituem pessoas capazes de decidir. Uma sucess\u00e3o consistente depende de tr\u00eas dimens\u00f5es que precisam caminhar juntas, a estrutura que organiza e protege os ativos, a governan\u00e7a que estabelece como as decis\u00f5es ser\u00e3o tomadas e o preparo de quem assumir\u00e1 as responsabilidades. Quando uma delas falha, o patrim\u00f4nio pode estar protegido no papel e permanecer vulner\u00e1vel na pr\u00e1tica.<br><br>O melhor momento para preparar um filho n\u00e3o \u00e9 quando ele vai receber os bens, nem quando os pais come\u00e7am a pensar em se afastar. \u00c9 quando ele j\u00e1 consegue compreender que escolhas produzem consequ\u00eancias. Sucess\u00e3o n\u00e3o se resolve em dois anos nem se encerra com um invent\u00e1rio. Trata-se de um processo de uma gera\u00e7\u00e3o inteira. Quem herda apenas ativos pode conservar riqueza por algum tempo. Quem herda tamb\u00e9m valores, disciplina e capacidade de decis\u00e3o re\u00fane melhores condi\u00e7\u00f5es para preserv\u00e1-la por gera\u00e7\u00f5es.<\/p>\n","protected":false},"excerpt":{"rendered":"<p>Por Daniel Mazza, S\u00f3cio Fundador da MZM Wealth* A maioria das fam\u00edlias faz a pergunta errada quando pensa na pr\u00f3xima gera\u00e7\u00e3o. Em&#8230;<\/p>\n","protected":false},"author":47,"featured_media":77547,"comment_status":"closed","ping_status":"open","sticky":false,"template":"","format":"standard","meta":{"footnotes":""},"categories":[2160,2017],"tags":[],"ppma_author":[13248],"class_list":["post-84936","post","type-post","status-publish","format-standard","has-post-thumbnail","category-financas","category-informacoes"],"yoast_head":"<!-- This site is optimized with the Yoast SEO plugin v27.2 - https:\/\/yoast.com\/product\/yoast-seo-wordpress\/ -->\n<title>Fam\u00edlias adiam o preparo dos herdeiros e colocam o patrim\u00f4nio em risco - Economia S\/A<\/title>\n<meta name=\"robots\" content=\"index, follow, max-snippet:-1, max-image-preview:large, max-video-preview:-1\" \/>\n<link rel=\"canonical\" href=\"https:\/\/economiasa.com.br\/blog\/familias-adiam-o-preparo-dos-herdeiros-e-colocam-o-patrimonio-em-risco\/\" \/>\n<meta property=\"og:locale\" content=\"pt_BR\" \/>\n<meta property=\"og:type\" content=\"article\" \/>\n<meta property=\"og:title\" content=\"Fam\u00edlias adiam o preparo dos herdeiros e colocam o patrim\u00f4nio em risco - Economia S\/A\" \/>\n<meta property=\"og:description\" content=\"Por Daniel Mazza, S\u00f3cio Fundador da MZM Wealth* A maioria das fam\u00edlias faz a pergunta errada quando pensa na pr\u00f3xima gera\u00e7\u00e3o. Em...\" \/>\n<meta property=\"og:url\" content=\"https:\/\/economiasa.com.br\/blog\/familias-adiam-o-preparo-dos-herdeiros-e-colocam-o-patrimonio-em-risco\/\" \/>\n<meta property=\"og:site_name\" content=\"Economia S\/A\" \/>\n<meta property=\"article:published_time\" content=\"2026-09-01T18:34:03+00:00\" \/>\n<meta property=\"article:modified_time\" content=\"2026-09-01T18:34:04+00:00\" \/>\n<meta property=\"og:image\" content=\"https:\/\/economiasa.com.br\/blog\/wp-content\/uploads\/2026\/03\/Daniel-Mazza.jpg\" \/>\n\t<meta property=\"og:image:width\" content=\"500\" \/>\n\t<meta property=\"og:image:height\" content=\"405\" \/>\n\t<meta property=\"og:image:type\" content=\"image\/jpeg\" \/>\n<meta name=\"author\" content=\"Reda\u00e7\u00e3o\" \/>\n<meta name=\"twitter:card\" content=\"summary_large_image\" \/>\n<meta name=\"twitter:label1\" content=\"Escrito por\" \/>\n\t<meta name=\"twitter:data1\" content=\"Reda\u00e7\u00e3o\" \/>\n\t<meta name=\"twitter:label2\" content=\"Est. tempo de leitura\" \/>\n\t<meta name=\"twitter:data2\" content=\"4 minutos\" \/>\n<script type=\"application\/ld+json\" class=\"yoast-schema-graph\">{\"@context\":\"https:\/\/schema.org\",\"@graph\":[{\"@type\":\"Article\",\"@id\":\"https:\/\/economiasa.com.br\/blog\/familias-adiam-o-preparo-dos-herdeiros-e-colocam-o-patrimonio-em-risco\/#article\",\"isPartOf\":{\"@id\":\"https:\/\/economiasa.com.br\/blog\/familias-adiam-o-preparo-dos-herdeiros-e-colocam-o-patrimonio-em-risco\/\"},\"author\":{\"name\":\"Reda\u00e7\u00e3o\",\"@id\":\"https:\/\/economiasa.com.br\/blog\/#\/schema\/person\/14b8ac2dc25bd63b52bc54e845fa3923\"},\"headline\":\"Fam\u00edlias adiam o preparo dos herdeiros e colocam o patrim\u00f4nio em risco\",\"datePublished\":\"2026-09-01T18:34:03+00:00\",\"dateModified\":\"2026-09-01T18:34:04+00:00\",\"mainEntityOfPage\":{\"@id\":\"https:\/\/economiasa.com.br\/blog\/familias-adiam-o-preparo-dos-herdeiros-e-colocam-o-patrimonio-em-risco\/\"},\"wordCount\":609,\"image\":{\"@id\":\"https:\/\/economiasa.com.br\/blog\/familias-adiam-o-preparo-dos-herdeiros-e-colocam-o-patrimonio-em-risco\/#primaryimage\"},\"thumbnailUrl\":\"https:\/\/economiasa.com.br\/blog\/wp-content\/uploads\/2026\/03\/Daniel-Mazza.jpg\",\"articleSection\":[\"Finan\u00e7as\",\"Informa\u00e7\u00f5es\"],\"inLanguage\":\"pt-BR\"},{\"@type\":\"WebPage\",\"@id\":\"https:\/\/economiasa.com.br\/blog\/familias-adiam-o-preparo-dos-herdeiros-e-colocam-o-patrimonio-em-risco\/\",\"url\":\"https:\/\/economiasa.com.br\/blog\/familias-adiam-o-preparo-dos-herdeiros-e-colocam-o-patrimonio-em-risco\/\",\"name\":\"Fam\u00edlias adiam o preparo dos herdeiros e colocam o patrim\u00f4nio em risco - Economia S\/A\",\"isPartOf\":{\"@id\":\"https:\/\/economiasa.com.br\/blog\/#website\"},\"primaryImageOfPage\":{\"@id\":\"https:\/\/economiasa.com.br\/blog\/familias-adiam-o-preparo-dos-herdeiros-e-colocam-o-patrimonio-em-risco\/#primaryimage\"},\"image\":{\"@id\":\"https:\/\/economiasa.com.br\/blog\/familias-adiam-o-preparo-dos-herdeiros-e-colocam-o-patrimonio-em-risco\/#primaryimage\"},\"thumbnailUrl\":\"https:\/\/economiasa.com.br\/blog\/wp-content\/uploads\/2026\/03\/Daniel-Mazza.jpg\",\"datePublished\":\"2026-09-01T18:34:03+00:00\",\"dateModified\":\"2026-09-01T18:34:04+00:00\",\"author\":{\"@id\":\"https:\/\/economiasa.com.br\/blog\/#\/schema\/person\/14b8ac2dc25bd63b52bc54e845fa3923\"},\"breadcrumb\":{\"@id\":\"https:\/\/economiasa.com.br\/blog\/familias-adiam-o-preparo-dos-herdeiros-e-colocam-o-patrimonio-em-risco\/#breadcrumb\"},\"inLanguage\":\"pt-BR\",\"potentialAction\":[{\"@type\":\"ReadAction\",\"target\":[\"https:\/\/economiasa.com.br\/blog\/familias-adiam-o-preparo-dos-herdeiros-e-colocam-o-patrimonio-em-risco\/\"]}]},{\"@type\":\"ImageObject\",\"inLanguage\":\"pt-BR\",\"@id\":\"https:\/\/economiasa.com.br\/blog\/familias-adiam-o-preparo-dos-herdeiros-e-colocam-o-patrimonio-em-risco\/#primaryimage\",\"url\":\"https:\/\/economiasa.com.br\/blog\/wp-content\/uploads\/2026\/03\/Daniel-Mazza.jpg\",\"contentUrl\":\"https:\/\/economiasa.com.br\/blog\/wp-content\/uploads\/2026\/03\/Daniel-Mazza.jpg\",\"width\":500,\"height\":405,\"caption\":\"Daniel Mazza - Cr\u00e9ditos da foto: Divulga\u00e7\u00e3o\"},{\"@type\":\"BreadcrumbList\",\"@id\":\"https:\/\/economiasa.com.br\/blog\/familias-adiam-o-preparo-dos-herdeiros-e-colocam-o-patrimonio-em-risco\/#breadcrumb\",\"itemListElement\":[{\"@type\":\"ListItem\",\"position\":1,\"name\":\"In\u00edcio\",\"item\":\"https:\/\/economiasa.com.br\/blog\/\"},{\"@type\":\"ListItem\",\"position\":2,\"name\":\"Fam\u00edlias adiam o preparo dos herdeiros e colocam o patrim\u00f4nio em risco\"}]},{\"@type\":\"WebSite\",\"@id\":\"https:\/\/economiasa.com.br\/blog\/#website\",\"url\":\"https:\/\/economiasa.com.br\/blog\/\",\"name\":\"Economia S\/A\",\"description\":\"Ler faz bem para os neg\u00f3cios\",\"potentialAction\":[{\"@type\":\"SearchAction\",\"target\":{\"@type\":\"EntryPoint\",\"urlTemplate\":\"https:\/\/economiasa.com.br\/blog\/?s={search_term_string}\"},\"query-input\":{\"@type\":\"PropertyValueSpecification\",\"valueRequired\":true,\"valueName\":\"search_term_string\"}}],\"inLanguage\":\"pt-BR\"},{\"@type\":\"Person\",\"@id\":\"https:\/\/economiasa.com.br\/blog\/#\/schema\/person\/14b8ac2dc25bd63b52bc54e845fa3923\",\"name\":\"Reda\u00e7\u00e3o\",\"image\":{\"@type\":\"ImageObject\",\"inLanguage\":\"pt-BR\",\"@id\":\"https:\/\/secure.gravatar.com\/avatar\/c8c795261f7f8547b22616a549577db9e450bd5622da3f6eb62b0e2c3e364c4e?s=96&d=mm&r=g0fb5212bc57e2287787936667fbbe0ff\",\"url\":\"https:\/\/secure.gravatar.com\/avatar\/c8c795261f7f8547b22616a549577db9e450bd5622da3f6eb62b0e2c3e364c4e?s=96&d=mm&r=g\",\"contentUrl\":\"https:\/\/secure.gravatar.com\/avatar\/c8c795261f7f8547b22616a549577db9e450bd5622da3f6eb62b0e2c3e364c4e?s=96&d=mm&r=g\",\"caption\":\"Reda\u00e7\u00e3o\"},\"sameAs\":[\"http:\/\/www.economiasa.com.br\"],\"url\":\"https:\/\/economiasa.com.br\/blog\/author\/redacao\/\"}]}<\/script>\n<!-- \/ Yoast SEO plugin. -->","yoast_head_json":{"title":"Fam\u00edlias adiam o preparo dos herdeiros e colocam o patrim\u00f4nio em risco - Economia S\/A","robots":{"index":"index","follow":"follow","max-snippet":"max-snippet:-1","max-image-preview":"max-image-preview:large","max-video-preview":"max-video-preview:-1"},"canonical":"https:\/\/economiasa.com.br\/blog\/familias-adiam-o-preparo-dos-herdeiros-e-colocam-o-patrimonio-em-risco\/","og_locale":"pt_BR","og_type":"article","og_title":"Fam\u00edlias adiam o preparo dos herdeiros e colocam o patrim\u00f4nio em risco - Economia S\/A","og_description":"Por Daniel Mazza, S\u00f3cio Fundador da MZM Wealth* A maioria das fam\u00edlias faz a pergunta errada quando pensa na pr\u00f3xima gera\u00e7\u00e3o. Em...","og_url":"https:\/\/economiasa.com.br\/blog\/familias-adiam-o-preparo-dos-herdeiros-e-colocam-o-patrimonio-em-risco\/","og_site_name":"Economia S\/A","article_published_time":"2026-09-01T18:34:03+00:00","article_modified_time":"2026-09-01T18:34:04+00:00","og_image":[{"width":500,"height":405,"url":"https:\/\/economiasa.com.br\/blog\/wp-content\/uploads\/2026\/03\/Daniel-Mazza.jpg","type":"image\/jpeg"}],"author":"Reda\u00e7\u00e3o","twitter_card":"summary_large_image","twitter_misc":{"Escrito por":"Reda\u00e7\u00e3o","Est. tempo de leitura":"4 minutos"},"schema":{"@context":"https:\/\/schema.org","@graph":[{"@type":"Article","@id":"https:\/\/economiasa.com.br\/blog\/familias-adiam-o-preparo-dos-herdeiros-e-colocam-o-patrimonio-em-risco\/#article","isPartOf":{"@id":"https:\/\/economiasa.com.br\/blog\/familias-adiam-o-preparo-dos-herdeiros-e-colocam-o-patrimonio-em-risco\/"},"author":{"name":"Reda\u00e7\u00e3o","@id":"https:\/\/economiasa.com.br\/blog\/#\/schema\/person\/14b8ac2dc25bd63b52bc54e845fa3923"},"headline":"Fam\u00edlias adiam o preparo dos herdeiros e colocam o patrim\u00f4nio em risco","datePublished":"2026-09-01T18:34:03+00:00","dateModified":"2026-09-01T18:34:04+00:00","mainEntityOfPage":{"@id":"https:\/\/economiasa.com.br\/blog\/familias-adiam-o-preparo-dos-herdeiros-e-colocam-o-patrimonio-em-risco\/"},"wordCount":609,"image":{"@id":"https:\/\/economiasa.com.br\/blog\/familias-adiam-o-preparo-dos-herdeiros-e-colocam-o-patrimonio-em-risco\/#primaryimage"},"thumbnailUrl":"https:\/\/economiasa.com.br\/blog\/wp-content\/uploads\/2026\/03\/Daniel-Mazza.jpg","articleSection":["Finan\u00e7as","Informa\u00e7\u00f5es"],"inLanguage":"pt-BR"},{"@type":"WebPage","@id":"https:\/\/economiasa.com.br\/blog\/familias-adiam-o-preparo-dos-herdeiros-e-colocam-o-patrimonio-em-risco\/","url":"https:\/\/economiasa.com.br\/blog\/familias-adiam-o-preparo-dos-herdeiros-e-colocam-o-patrimonio-em-risco\/","name":"Fam\u00edlias adiam o preparo dos herdeiros e colocam o patrim\u00f4nio em risco - Economia S\/A","isPartOf":{"@id":"https:\/\/economiasa.com.br\/blog\/#website"},"primaryImageOfPage":{"@id":"https:\/\/economiasa.com.br\/blog\/familias-adiam-o-preparo-dos-herdeiros-e-colocam-o-patrimonio-em-risco\/#primaryimage"},"image":{"@id":"https:\/\/economiasa.com.br\/blog\/familias-adiam-o-preparo-dos-herdeiros-e-colocam-o-patrimonio-em-risco\/#primaryimage"},"thumbnailUrl":"https:\/\/economiasa.com.br\/blog\/wp-content\/uploads\/2026\/03\/Daniel-Mazza.jpg","datePublished":"2026-09-01T18:34:03+00:00","dateModified":"2026-09-01T18:34:04+00:00","author":{"@id":"https:\/\/economiasa.com.br\/blog\/#\/schema\/person\/14b8ac2dc25bd63b52bc54e845fa3923"},"breadcrumb":{"@id":"https:\/\/economiasa.com.br\/blog\/familias-adiam-o-preparo-dos-herdeiros-e-colocam-o-patrimonio-em-risco\/#breadcrumb"},"inLanguage":"pt-BR","potentialAction":[{"@type":"ReadAction","target":["https:\/\/economiasa.com.br\/blog\/familias-adiam-o-preparo-dos-herdeiros-e-colocam-o-patrimonio-em-risco\/"]}]},{"@type":"ImageObject","inLanguage":"pt-BR","@id":"https:\/\/economiasa.com.br\/blog\/familias-adiam-o-preparo-dos-herdeiros-e-colocam-o-patrimonio-em-risco\/#primaryimage","url":"https:\/\/economiasa.com.br\/blog\/wp-content\/uploads\/2026\/03\/Daniel-Mazza.jpg","contentUrl":"https:\/\/economiasa.com.br\/blog\/wp-content\/uploads\/2026\/03\/Daniel-Mazza.jpg","width":500,"height":405,"caption":"Daniel Mazza - Cr\u00e9ditos da foto: Divulga\u00e7\u00e3o"},{"@type":"BreadcrumbList","@id":"https:\/\/economiasa.com.br\/blog\/familias-adiam-o-preparo-dos-herdeiros-e-colocam-o-patrimonio-em-risco\/#breadcrumb","itemListElement":[{"@type":"ListItem","position":1,"name":"In\u00edcio","item":"https:\/\/economiasa.com.br\/blog\/"},{"@type":"ListItem","position":2,"name":"Fam\u00edlias adiam o preparo dos herdeiros e colocam o patrim\u00f4nio em risco"}]},{"@type":"WebSite","@id":"https:\/\/economiasa.com.br\/blog\/#website","url":"https:\/\/economiasa.com.br\/blog\/","name":"Economia S\/A","description":"Ler faz bem para os neg\u00f3cios","potentialAction":[{"@type":"SearchAction","target":{"@type":"EntryPoint","urlTemplate":"https:\/\/economiasa.com.br\/blog\/?s={search_term_string}"},"query-input":{"@type":"PropertyValueSpecification","valueRequired":true,"valueName":"search_term_string"}}],"inLanguage":"pt-BR"},{"@type":"Person","@id":"https:\/\/economiasa.com.br\/blog\/#\/schema\/person\/14b8ac2dc25bd63b52bc54e845fa3923","name":"Reda\u00e7\u00e3o","image":{"@type":"ImageObject","inLanguage":"pt-BR","@id":"https:\/\/secure.gravatar.com\/avatar\/c8c795261f7f8547b22616a549577db9e450bd5622da3f6eb62b0e2c3e364c4e?s=96&d=mm&r=g0fb5212bc57e2287787936667fbbe0ff","url":"https:\/\/secure.gravatar.com\/avatar\/c8c795261f7f8547b22616a549577db9e450bd5622da3f6eb62b0e2c3e364c4e?s=96&d=mm&r=g","contentUrl":"https:\/\/secure.gravatar.com\/avatar\/c8c795261f7f8547b22616a549577db9e450bd5622da3f6eb62b0e2c3e364c4e?s=96&d=mm&r=g","caption":"Reda\u00e7\u00e3o"},"sameAs":["http:\/\/www.economiasa.com.br"],"url":"https:\/\/economiasa.com.br\/blog\/author\/redacao\/"}]}},"authors":[{"term_id":13248,"user_id":47,"is_guest":0,"slug":"redacao","display_name":"Reda\u00e7\u00e3o","avatar_url":"https:\/\/secure.gravatar.com\/avatar\/c8c795261f7f8547b22616a549577db9e450bd5622da3f6eb62b0e2c3e364c4e?s=96&d=mm&r=g","author_category":"","first_name":"Reda\u00e7\u00e3o","last_name":"","user_url":"http:\/\/www.economiasa.com.br","job_title":"","description":""}],"amp_enabled":true,"_links":{"self":[{"href":"https:\/\/economiasa.com.br\/blog\/wp-json\/wp\/v2\/posts\/84936","targetHints":{"allow":["GET"]}}],"collection":[{"href":"https:\/\/economiasa.com.br\/blog\/wp-json\/wp\/v2\/posts"}],"about":[{"href":"https:\/\/economiasa.com.br\/blog\/wp-json\/wp\/v2\/types\/post"}],"author":[{"embeddable":true,"href":"https:\/\/economiasa.com.br\/blog\/wp-json\/wp\/v2\/users\/47"}],"replies":[{"embeddable":true,"href":"https:\/\/economiasa.com.br\/blog\/wp-json\/wp\/v2\/comments?post=84936"}],"version-history":[{"count":0,"href":"https:\/\/economiasa.com.br\/blog\/wp-json\/wp\/v2\/posts\/84936\/revisions"}],"wp:featuredmedia":[{"embeddable":true,"href":"https:\/\/economiasa.com.br\/blog\/wp-json\/wp\/v2\/media\/77547"}],"wp:attachment":[{"href":"https:\/\/economiasa.com.br\/blog\/wp-json\/wp\/v2\/media?parent=84936"}],"wp:term":[{"taxonomy":"category","embeddable":true,"href":"https:\/\/economiasa.com.br\/blog\/wp-json\/wp\/v2\/categories?post=84936"},{"taxonomy":"post_tag","embeddable":true,"href":"https:\/\/economiasa.com.br\/blog\/wp-json\/wp\/v2\/tags?post=84936"},{"taxonomy":"author","embeddable":true,"href":"https:\/\/economiasa.com.br\/blog\/wp-json\/wp\/v2\/ppma_author?post=84936"}],"curies":[{"name":"wp","href":"https:\/\/api.w.org\/{rel}","templated":true}]}}