{"id":84943,"date":"2026-09-01T15:41:49","date_gmt":"2026-09-01T18:41:49","guid":{"rendered":"https:\/\/economiasa.com.br\/blog\/?p=84943"},"modified":"2026-09-01T15:41:50","modified_gmt":"2026-09-01T18:41:50","slug":"app-brasileiro-ajuda-meninas-pelo-mundo-a-aprender-como-lidar-com-a-menstruacao-e-puberdade","status":"publish","type":"post","link":"https:\/\/economiasa.com.br\/blog\/app-brasileiro-ajuda-meninas-pelo-mundo-a-aprender-como-lidar-com-a-menstruacao-e-puberdade\/","title":{"rendered":"App brasileiro ajuda meninas pelo mundo a aprender como lidar com a menstrua\u00e7\u00e3o e puberdade"},"content":{"rendered":"\n<p class=\"wp-block-paragraph\"><em>\u00a0Desenvolvido por pais ap\u00f3s diagn\u00f3stico de puberdade precoce da filha, o app \u201cSos\u00f4: Ciclo sem Drama\u201d surge como alternativa de informa\u00e7\u00e3o segura sobre menstrua\u00e7\u00e3o para meninas<\/em><\/p>\n\n\n\n<p class=\"wp-block-paragraph\">A primeira menstrua\u00e7\u00e3o costuma chegar acompanhada de perguntas que nem sempre encontram resposta em casa, na escola ou nas consultas m\u00e9dicas.<\/p>\n\n\n\n<p class=\"wp-block-paragraph\">Foi dessa lacuna que nasceu o \u201cSos\u00f4: Ciclo sem Drama\u201d, um aplicativo que traz um canal direto onde os pr\u00f3prios pais e co-fundadores da plataforma respondem pessoalmente \u00e0s d\u00favidas de meninas sobre puberdade, mudan\u00e7as no corpo e ciclo menstrual, em uma linguagem pensada para quem ainda est\u00e1 descobrindo esse universo.<\/p>\n\n\n\n<p class=\"wp-block-paragraph\">A ideia surgiu quando R\u00f4mulo Gomes e Ver\u00f4nica Tarsitano perceberam que a filha, Sophia, come\u00e7ou a apresentar sinais de puberdade aos 8 anos. A busca por conte\u00fados adequados \u00e0 idade revelou um vazio: havia informa\u00e7\u00f5es sobre sa\u00fade feminina, mas poucas explicavam a chegada da menstrua\u00e7\u00e3o de forma acess\u00edvel para crian\u00e7as.<\/p>\n\n\n\n<p class=\"wp-block-paragraph\">O aplicativo tenta preencher esse espa\u00e7o ao transformar termos m\u00e9dicos em explica\u00e7\u00f5es simples e criar um ambiente em que perguntas possam ser feitas sem constrangimento.<\/p>\n\n\n\n<p class=\"wp-block-paragraph\">O objetivo final \u00e9 servir como um guia de acolhimento e educativo sobre sa\u00fade, a partir dos artigos que ensinam desde din\u00e2micas hormonais e emocionais at\u00e9 as orienta\u00e7\u00f5es mais pr\u00e1ticas do dia a dia, como quais produtos comprar, quais exerc\u00edcios f\u00edsicos s\u00e3o indicados para o per\u00edodo, dicas de autocuidado. Esses t\u00f3picos podem parecer simples para alguns, mas fazem toda a diferen\u00e7a para quem est\u00e1 assimilando as mudan\u00e7as do corpo.<\/p>\n\n\n\n<p class=\"wp-block-paragraph\">Miss\u00e3o \u00e9 ajudar 2 milh\u00f5es de crian\u00e7as e pr\u00e9-adolescentes a atravessarem seus primeiros ciclos<br>\u201cPara os pais, principalmente para a m\u00e3e, \u00e9 um choque receber o diagn\u00f3stico de puberdade precoce e perceber que a filha, que ainda assiste a desenhos, vai come\u00e7ar a menstruar daqui a pouco. Quando come\u00e7amos a buscar ferramentas para ajudar a Sophia, percebemos que os aplicativos tradicionais traziam conte\u00fados inadequados para a idade das meninas. O prop\u00f3sito da Sos\u00f4 \u00e9 entregar uma tecnologia desenhada do zero para o universo de crian\u00e7as e pr\u00e9-adolescentes de 8 a 12 anos, desmistificando os tabus da menarca e apoiar o conhecimento em sa\u00fade com privacidade, ajudando a tirar o peso que muitas meninas ainda sentem nessa fase de transi\u00e7\u00e3o\u201d, destaca Ver\u00f4nica Tarsitano, co-fundadora do aplicativo .<\/p>\n\n\n\n<p class=\"wp-block-paragraph\">Diferente de plataformas tradicionais que focam na performance ou na compara\u00e7\u00e3o, o aplicativo prioriza o aprendizado e a auto-observa\u00e7\u00e3o das jovens sobre esse novo momento da vida. Segundo os criadores do app, a meta \u00e9 ajudar 2 milh\u00f5es de crian\u00e7as e pr\u00e9-adolescentes a atravessarem seus primeiros ciclos menstruais de forma mais leve e sem tabus, at\u00e9 2030.<\/p>\n\n\n\n<p class=\"wp-block-paragraph\">Impacto social na adolesc\u00eancia<br>O cen\u00e1rio da sa\u00fade menstrual do Brasil refor\u00e7a a necessidade de canais de informa\u00e7\u00e3o adequados ao tema, direcionados \u00e0 inf\u00e2ncia e \u00e0 adolesc\u00eancia. Especialistas apontam que a idade m\u00e9dia da primeira menstrua\u00e7\u00e3o tem ca\u00eddo globalmente.<\/p>\n\n\n\n<p class=\"wp-block-paragraph\">Se nas gera\u00e7\u00f5es anteriores a menarca (termo conhecido para a primeira menstrua\u00e7\u00e3o) ocorria por volta dos 16 anos, hoje esse ciclo tem in\u00edcio pr\u00f3ximo aos 10 anos de idade. Essa antecipa\u00e7\u00e3o biol\u00f3gica coloca meninas muito jovens diante de mudan\u00e7as corporais profundas para as quais muitas vezes n\u00e3o possuem maturidade cognitiva ou apoio informativo para enfrentar no momento.<\/p>\n\n\n\n<p class=\"wp-block-paragraph\">Dados recentes da Pesquisa Nacional de Sa\u00fade do Escolar (PeNSE), coordenada pelo IBGE, revelam em um raio-x como o ciclo menstrual afeta a rotina das estudantes brasileiras de 13 a 17 anos com tr\u00eas pontos importantes:<\/p>\n\n\n\n<p class=\"wp-block-paragraph\">Cerca de 15% das adolescentes no Brasil j\u00e1 deixaram de ir \u00e0 escola por pelo menos um dia no ano devido \u00e0 falta de absorventes. Na rede p\u00fablica de ensino, esse \u00edndice sobe para 17%, enquanto na rede privada cai para 6%.<\/p>\n\n\n\n<p class=\"wp-block-paragraph\">A vulnerabilidade geogr\u00e1fica tamb\u00e9m acentua mais um problema. No Amazonas, 27,9% das adolescentes faltaram \u00e0s aulas por motivos ligados \u00e0 pobreza menstrual. J\u00e1 o menor \u00edndice foi registrado em Santa Catarina, com 9,2%.<\/p>\n\n\n\n<p class=\"wp-block-paragraph\">O ambiente escolar tamb\u00e9m reflete essa desigualdade regional. Enquanto a regi\u00e3o Sudeste lidera o pa\u00eds com 92% das alunas estudando em institui\u00e7\u00f5es que fornecem absorventes, esse \u00edndice despenca para apenas 56% na regi\u00e3o Norte.<\/p>\n\n\n\n<p class=\"wp-block-paragraph\">O levantamento do IBGE tamb\u00e9m alerta para fatores de sa\u00fade mental que unem a essa fase de transi\u00e7\u00e3o, revelando que quase 29% das adolescentes declaram se sentir tristes sempre ou na maioria das vezes, al\u00e9m de registrar uma queda na satisfa\u00e7\u00e3o com o pr\u00f3prio corpo entre as jovens.<\/p>\n\n\n\n<p class=\"wp-block-paragraph\">Tecnol\u00f3gica e ecossistema do aplicativo<br>Diante desse panorama que demanda por informa\u00e7\u00e3o e acolhimento em sa\u00fade, a Sos\u00f4 estruturou um caminho para solucionar as barreiras de linguagem e de privacidade na internet. O recurso pedag\u00f3gico integrado na funcionalidade \u201cFalar com a Sos\u00f4\u201d permite que as usu\u00e1rias enviem suas d\u00favidas e recebam o retorno direto dos fundadores com um tom emp\u00e1tico, acolhedor, informativo e seguro.<\/p>\n\n\n\n<p class=\"wp-block-paragraph\">A tecnologia desenvolvida no aplicativo permite que os primeiros per\u00edodos menstruais fiquem registrados para consulta. Al\u00e9m de incentivar uma rotina de auto-observa\u00e7\u00e3o na crian\u00e7a, as informa\u00e7\u00f5es contribuem para uma an\u00e1lise m\u00e9dica sobre o ciclo biol\u00f3gico e tamb\u00e9m para o entendimento das fam\u00edlias diante de cada caso.<\/p>\n\n\n\n<p class=\"wp-block-paragraph\">Para al\u00e9m do sangramento f\u00edsico, o ciclo menstrual precisa priorizar tamb\u00e9m o bem-estar emocional. Para entender melhor as flutua\u00e7\u00f5es hormonais no corpo, a ferramenta ajuda a mapear as esta\u00e7\u00f5es de humor, como irritabilidade, tristeza, alegria, promovendo a conscientiza\u00e7\u00e3o de todas as fases desse tempo.<\/p>\n\n\n\n<p class=\"wp-block-paragraph\">Toda essa experi\u00eancia \u00e9 pensada para a crian\u00e7a e protegida por uma pol\u00edtica de seguran\u00e7a digital alinhada ao setor infantojuvenil. Diferente de plataformas com redes de an\u00fancios, a ferramenta opera de forma 100% local. Isso garante que a totalidade dos dados inseridos fique encriptada e armazenada exclusivamente no dispositivo f\u00edsico da usu\u00e1ria, sem qualquer tr\u00e1fego para servidores em nuvem.<\/p>\n\n\n\n<p class=\"wp-block-paragraph\">O ecossistema \u00e9 inteiramente livre de publicidade, feeds sociais ou chats abertos com terceiros, sustentado apenas pelo modelo de assinaturas. Para as fam\u00edlias, o sistema disponibiliza a vers\u00e3o Plus Family, permitindo que os pais tenham acesso ao hist\u00f3rico t\u00e9cnico e construam uma ponte segura de monitoramento e di\u00e1logo saud\u00e1vel em casa.<\/p>\n\n\n\n<p class=\"wp-block-paragraph\">Projetada para que o acompanhamento do ciclo aconte\u00e7a de maneira simples e sem ru\u00eddos visuais. O aplicativo apresenta o fluxo em um calend\u00e1rio, al\u00e9m de registrar sintomas com \u00edcones f\u00e1ceis e n\u00edveis adaptados \u00e0 sensibilidade da idade, como c\u00f3licas.<\/p>\n\n\n\n<p class=\"wp-block-paragraph\">A tecnologia tamb\u00e9m \u00e9 utilizada para gerar conex\u00f5es afetivas de longo prazo. Quando a primeira menstrua\u00e7\u00e3o \u00e9 registrada, a plataforma cria um cart\u00e3o comemorativo especial e aciona a \u201cC\u00e1psula do Tempo\u201d, onde a usu\u00e1ria pode digitar uma carta digital para o seu eu do futuro daqui a 1 ou 10 anos.<\/p>\n","protected":false},"excerpt":{"rendered":"<p>\u00a0Desenvolvido por pais ap\u00f3s diagn\u00f3stico de puberdade precoce da filha, o app \u201cSos\u00f4: Ciclo sem Drama\u201d surge como alternativa de informa\u00e7\u00e3o segura&#8230;<\/p>\n","protected":false},"author":47,"featured_media":84944,"comment_status":"closed","ping_status":"open","sticky":false,"template":"","format":"standard","meta":{"footnotes":""},"categories":[2017],"tags":[],"ppma_author":[13248],"class_list":["post-84943","post","type-post","status-publish","format-standard","has-post-thumbnail","category-informacoes"],"yoast_head":"<!-- This site is optimized with the Yoast SEO plugin v27.2 - https:\/\/yoast.com\/product\/yoast-seo-wordpress\/ -->\n<title>App brasileiro ajuda meninas pelo mundo a aprender como lidar com a menstrua\u00e7\u00e3o e puberdade - Economia S\/A<\/title>\n<meta name=\"robots\" content=\"index, follow, max-snippet:-1, max-image-preview:large, max-video-preview:-1\" \/>\n<link rel=\"canonical\" href=\"https:\/\/economiasa.com.br\/blog\/app-brasileiro-ajuda-meninas-pelo-mundo-a-aprender-como-lidar-com-a-menstruacao-e-puberdade\/\" \/>\n<meta property=\"og:locale\" content=\"pt_BR\" \/>\n<meta property=\"og:type\" content=\"article\" \/>\n<meta property=\"og:title\" content=\"App brasileiro ajuda meninas pelo mundo a aprender como lidar com a menstrua\u00e7\u00e3o e puberdade - Economia S\/A\" \/>\n<meta property=\"og:description\" content=\"\u00a0Desenvolvido por pais ap\u00f3s diagn\u00f3stico de puberdade precoce da filha, o app \u201cSos\u00f4: Ciclo sem Drama\u201d surge como alternativa de informa\u00e7\u00e3o segura...\" \/>\n<meta property=\"og:url\" content=\"https:\/\/economiasa.com.br\/blog\/app-brasileiro-ajuda-meninas-pelo-mundo-a-aprender-como-lidar-com-a-menstruacao-e-puberdade\/\" \/>\n<meta property=\"og:site_name\" content=\"Economia S\/A\" \/>\n<meta property=\"article:published_time\" content=\"2026-09-01T18:41:49+00:00\" \/>\n<meta property=\"article:modified_time\" content=\"2026-09-01T18:41:50+00:00\" \/>\n<meta property=\"og:image\" content=\"https:\/\/economiasa.com.br\/blog\/wp-content\/uploads\/2026\/09\/Capturar-10.png\" \/>\n\t<meta property=\"og:image:width\" content=\"338\" \/>\n\t<meta property=\"og:image:height\" content=\"184\" \/>\n\t<meta property=\"og:image:type\" content=\"image\/png\" \/>\n<meta name=\"author\" content=\"Reda\u00e7\u00e3o\" \/>\n<meta name=\"twitter:card\" content=\"summary_large_image\" \/>\n<meta name=\"twitter:label1\" content=\"Escrito por\" \/>\n\t<meta name=\"twitter:data1\" content=\"Reda\u00e7\u00e3o\" \/>\n\t<meta name=\"twitter:label2\" content=\"Est. tempo de leitura\" \/>\n\t<meta name=\"twitter:data2\" content=\"7 minutos\" \/>\n<script type=\"application\/ld+json\" class=\"yoast-schema-graph\">{\"@context\":\"https:\/\/schema.org\",\"@graph\":[{\"@type\":\"Article\",\"@id\":\"https:\/\/economiasa.com.br\/blog\/app-brasileiro-ajuda-meninas-pelo-mundo-a-aprender-como-lidar-com-a-menstruacao-e-puberdade\/#article\",\"isPartOf\":{\"@id\":\"https:\/\/economiasa.com.br\/blog\/app-brasileiro-ajuda-meninas-pelo-mundo-a-aprender-como-lidar-com-a-menstruacao-e-puberdade\/\"},\"author\":{\"name\":\"Reda\u00e7\u00e3o\",\"@id\":\"https:\/\/economiasa.com.br\/blog\/#\/schema\/person\/14b8ac2dc25bd63b52bc54e845fa3923\"},\"headline\":\"App brasileiro ajuda meninas pelo mundo a aprender como lidar com a menstrua\u00e7\u00e3o e puberdade\",\"datePublished\":\"2026-09-01T18:41:49+00:00\",\"dateModified\":\"2026-09-01T18:41:50+00:00\",\"mainEntityOfPage\":{\"@id\":\"https:\/\/economiasa.com.br\/blog\/app-brasileiro-ajuda-meninas-pelo-mundo-a-aprender-como-lidar-com-a-menstruacao-e-puberdade\/\"},\"wordCount\":1180,\"image\":{\"@id\":\"https:\/\/economiasa.com.br\/blog\/app-brasileiro-ajuda-meninas-pelo-mundo-a-aprender-como-lidar-com-a-menstruacao-e-puberdade\/#primaryimage\"},\"thumbnailUrl\":\"https:\/\/economiasa.com.br\/blog\/wp-content\/uploads\/2026\/09\/Capturar-10.png\",\"articleSection\":[\"Informa\u00e7\u00f5es\"],\"inLanguage\":\"pt-BR\"},{\"@type\":\"WebPage\",\"@id\":\"https:\/\/economiasa.com.br\/blog\/app-brasileiro-ajuda-meninas-pelo-mundo-a-aprender-como-lidar-com-a-menstruacao-e-puberdade\/\",\"url\":\"https:\/\/economiasa.com.br\/blog\/app-brasileiro-ajuda-meninas-pelo-mundo-a-aprender-como-lidar-com-a-menstruacao-e-puberdade\/\",\"name\":\"App brasileiro ajuda meninas pelo mundo a aprender como lidar com a menstrua\u00e7\u00e3o e puberdade - Economia S\/A\",\"isPartOf\":{\"@id\":\"https:\/\/economiasa.com.br\/blog\/#website\"},\"primaryImageOfPage\":{\"@id\":\"https:\/\/economiasa.com.br\/blog\/app-brasileiro-ajuda-meninas-pelo-mundo-a-aprender-como-lidar-com-a-menstruacao-e-puberdade\/#primaryimage\"},\"image\":{\"@id\":\"https:\/\/economiasa.com.br\/blog\/app-brasileiro-ajuda-meninas-pelo-mundo-a-aprender-como-lidar-com-a-menstruacao-e-puberdade\/#primaryimage\"},\"thumbnailUrl\":\"https:\/\/economiasa.com.br\/blog\/wp-content\/uploads\/2026\/09\/Capturar-10.png\",\"datePublished\":\"2026-09-01T18:41:49+00:00\",\"dateModified\":\"2026-09-01T18:41:50+00:00\",\"author\":{\"@id\":\"https:\/\/economiasa.com.br\/blog\/#\/schema\/person\/14b8ac2dc25bd63b52bc54e845fa3923\"},\"breadcrumb\":{\"@id\":\"https:\/\/economiasa.com.br\/blog\/app-brasileiro-ajuda-meninas-pelo-mundo-a-aprender-como-lidar-com-a-menstruacao-e-puberdade\/#breadcrumb\"},\"inLanguage\":\"pt-BR\",\"potentialAction\":[{\"@type\":\"ReadAction\",\"target\":[\"https:\/\/economiasa.com.br\/blog\/app-brasileiro-ajuda-meninas-pelo-mundo-a-aprender-como-lidar-com-a-menstruacao-e-puberdade\/\"]}]},{\"@type\":\"ImageObject\",\"inLanguage\":\"pt-BR\",\"@id\":\"https:\/\/economiasa.com.br\/blog\/app-brasileiro-ajuda-meninas-pelo-mundo-a-aprender-como-lidar-com-a-menstruacao-e-puberdade\/#primaryimage\",\"url\":\"https:\/\/economiasa.com.br\/blog\/wp-content\/uploads\/2026\/09\/Capturar-10.png\",\"contentUrl\":\"https:\/\/economiasa.com.br\/blog\/wp-content\/uploads\/2026\/09\/Capturar-10.png\",\"width\":338,\"height\":184,\"caption\":\"Cr\u00e9ditos da foto: Divulga\u00e7\u00e3o\"},{\"@type\":\"BreadcrumbList\",\"@id\":\"https:\/\/economiasa.com.br\/blog\/app-brasileiro-ajuda-meninas-pelo-mundo-a-aprender-como-lidar-com-a-menstruacao-e-puberdade\/#breadcrumb\",\"itemListElement\":[{\"@type\":\"ListItem\",\"position\":1,\"name\":\"In\u00edcio\",\"item\":\"https:\/\/economiasa.com.br\/blog\/\"},{\"@type\":\"ListItem\",\"position\":2,\"name\":\"App brasileiro ajuda meninas pelo mundo a aprender como lidar com a menstrua\u00e7\u00e3o e puberdade\"}]},{\"@type\":\"WebSite\",\"@id\":\"https:\/\/economiasa.com.br\/blog\/#website\",\"url\":\"https:\/\/economiasa.com.br\/blog\/\",\"name\":\"Economia S\/A\",\"description\":\"Ler faz bem para os neg\u00f3cios\",\"potentialAction\":[{\"@type\":\"SearchAction\",\"target\":{\"@type\":\"EntryPoint\",\"urlTemplate\":\"https:\/\/economiasa.com.br\/blog\/?s={search_term_string}\"},\"query-input\":{\"@type\":\"PropertyValueSpecification\",\"valueRequired\":true,\"valueName\":\"search_term_string\"}}],\"inLanguage\":\"pt-BR\"},{\"@type\":\"Person\",\"@id\":\"https:\/\/economiasa.com.br\/blog\/#\/schema\/person\/14b8ac2dc25bd63b52bc54e845fa3923\",\"name\":\"Reda\u00e7\u00e3o\",\"image\":{\"@type\":\"ImageObject\",\"inLanguage\":\"pt-BR\",\"@id\":\"https:\/\/secure.gravatar.com\/avatar\/c8c795261f7f8547b22616a549577db9e450bd5622da3f6eb62b0e2c3e364c4e?s=96&d=mm&r=g0fb5212bc57e2287787936667fbbe0ff\",\"url\":\"https:\/\/secure.gravatar.com\/avatar\/c8c795261f7f8547b22616a549577db9e450bd5622da3f6eb62b0e2c3e364c4e?s=96&d=mm&r=g\",\"contentUrl\":\"https:\/\/secure.gravatar.com\/avatar\/c8c795261f7f8547b22616a549577db9e450bd5622da3f6eb62b0e2c3e364c4e?s=96&d=mm&r=g\",\"caption\":\"Reda\u00e7\u00e3o\"},\"sameAs\":[\"http:\/\/www.economiasa.com.br\"],\"url\":\"https:\/\/economiasa.com.br\/blog\/author\/redacao\/\"}]}<\/script>\n<!-- \/ Yoast SEO plugin. -->","yoast_head_json":{"title":"App brasileiro ajuda meninas pelo mundo a aprender como lidar com a menstrua\u00e7\u00e3o e puberdade - Economia S\/A","robots":{"index":"index","follow":"follow","max-snippet":"max-snippet:-1","max-image-preview":"max-image-preview:large","max-video-preview":"max-video-preview:-1"},"canonical":"https:\/\/economiasa.com.br\/blog\/app-brasileiro-ajuda-meninas-pelo-mundo-a-aprender-como-lidar-com-a-menstruacao-e-puberdade\/","og_locale":"pt_BR","og_type":"article","og_title":"App brasileiro ajuda meninas pelo mundo a aprender como lidar com a menstrua\u00e7\u00e3o e puberdade - Economia S\/A","og_description":"\u00a0Desenvolvido por pais ap\u00f3s diagn\u00f3stico de puberdade precoce da filha, o app \u201cSos\u00f4: Ciclo sem Drama\u201d surge como alternativa de informa\u00e7\u00e3o segura...","og_url":"https:\/\/economiasa.com.br\/blog\/app-brasileiro-ajuda-meninas-pelo-mundo-a-aprender-como-lidar-com-a-menstruacao-e-puberdade\/","og_site_name":"Economia S\/A","article_published_time":"2026-09-01T18:41:49+00:00","article_modified_time":"2026-09-01T18:41:50+00:00","og_image":[{"width":338,"height":184,"url":"https:\/\/economiasa.com.br\/blog\/wp-content\/uploads\/2026\/09\/Capturar-10.png","type":"image\/png"}],"author":"Reda\u00e7\u00e3o","twitter_card":"summary_large_image","twitter_misc":{"Escrito por":"Reda\u00e7\u00e3o","Est. tempo de leitura":"7 minutos"},"schema":{"@context":"https:\/\/schema.org","@graph":[{"@type":"Article","@id":"https:\/\/economiasa.com.br\/blog\/app-brasileiro-ajuda-meninas-pelo-mundo-a-aprender-como-lidar-com-a-menstruacao-e-puberdade\/#article","isPartOf":{"@id":"https:\/\/economiasa.com.br\/blog\/app-brasileiro-ajuda-meninas-pelo-mundo-a-aprender-como-lidar-com-a-menstruacao-e-puberdade\/"},"author":{"name":"Reda\u00e7\u00e3o","@id":"https:\/\/economiasa.com.br\/blog\/#\/schema\/person\/14b8ac2dc25bd63b52bc54e845fa3923"},"headline":"App brasileiro ajuda meninas pelo mundo a aprender como lidar com a menstrua\u00e7\u00e3o e puberdade","datePublished":"2026-09-01T18:41:49+00:00","dateModified":"2026-09-01T18:41:50+00:00","mainEntityOfPage":{"@id":"https:\/\/economiasa.com.br\/blog\/app-brasileiro-ajuda-meninas-pelo-mundo-a-aprender-como-lidar-com-a-menstruacao-e-puberdade\/"},"wordCount":1180,"image":{"@id":"https:\/\/economiasa.com.br\/blog\/app-brasileiro-ajuda-meninas-pelo-mundo-a-aprender-como-lidar-com-a-menstruacao-e-puberdade\/#primaryimage"},"thumbnailUrl":"https:\/\/economiasa.com.br\/blog\/wp-content\/uploads\/2026\/09\/Capturar-10.png","articleSection":["Informa\u00e7\u00f5es"],"inLanguage":"pt-BR"},{"@type":"WebPage","@id":"https:\/\/economiasa.com.br\/blog\/app-brasileiro-ajuda-meninas-pelo-mundo-a-aprender-como-lidar-com-a-menstruacao-e-puberdade\/","url":"https:\/\/economiasa.com.br\/blog\/app-brasileiro-ajuda-meninas-pelo-mundo-a-aprender-como-lidar-com-a-menstruacao-e-puberdade\/","name":"App brasileiro ajuda meninas pelo mundo a aprender como lidar com a menstrua\u00e7\u00e3o e puberdade - Economia S\/A","isPartOf":{"@id":"https:\/\/economiasa.com.br\/blog\/#website"},"primaryImageOfPage":{"@id":"https:\/\/economiasa.com.br\/blog\/app-brasileiro-ajuda-meninas-pelo-mundo-a-aprender-como-lidar-com-a-menstruacao-e-puberdade\/#primaryimage"},"image":{"@id":"https:\/\/economiasa.com.br\/blog\/app-brasileiro-ajuda-meninas-pelo-mundo-a-aprender-como-lidar-com-a-menstruacao-e-puberdade\/#primaryimage"},"thumbnailUrl":"https:\/\/economiasa.com.br\/blog\/wp-content\/uploads\/2026\/09\/Capturar-10.png","datePublished":"2026-09-01T18:41:49+00:00","dateModified":"2026-09-01T18:41:50+00:00","author":{"@id":"https:\/\/economiasa.com.br\/blog\/#\/schema\/person\/14b8ac2dc25bd63b52bc54e845fa3923"},"breadcrumb":{"@id":"https:\/\/economiasa.com.br\/blog\/app-brasileiro-ajuda-meninas-pelo-mundo-a-aprender-como-lidar-com-a-menstruacao-e-puberdade\/#breadcrumb"},"inLanguage":"pt-BR","potentialAction":[{"@type":"ReadAction","target":["https:\/\/economiasa.com.br\/blog\/app-brasileiro-ajuda-meninas-pelo-mundo-a-aprender-como-lidar-com-a-menstruacao-e-puberdade\/"]}]},{"@type":"ImageObject","inLanguage":"pt-BR","@id":"https:\/\/economiasa.com.br\/blog\/app-brasileiro-ajuda-meninas-pelo-mundo-a-aprender-como-lidar-com-a-menstruacao-e-puberdade\/#primaryimage","url":"https:\/\/economiasa.com.br\/blog\/wp-content\/uploads\/2026\/09\/Capturar-10.png","contentUrl":"https:\/\/economiasa.com.br\/blog\/wp-content\/uploads\/2026\/09\/Capturar-10.png","width":338,"height":184,"caption":"Cr\u00e9ditos da foto: Divulga\u00e7\u00e3o"},{"@type":"BreadcrumbList","@id":"https:\/\/economiasa.com.br\/blog\/app-brasileiro-ajuda-meninas-pelo-mundo-a-aprender-como-lidar-com-a-menstruacao-e-puberdade\/#breadcrumb","itemListElement":[{"@type":"ListItem","position":1,"name":"In\u00edcio","item":"https:\/\/economiasa.com.br\/blog\/"},{"@type":"ListItem","position":2,"name":"App brasileiro ajuda meninas pelo mundo a aprender como lidar com a menstrua\u00e7\u00e3o e puberdade"}]},{"@type":"WebSite","@id":"https:\/\/economiasa.com.br\/blog\/#website","url":"https:\/\/economiasa.com.br\/blog\/","name":"Economia S\/A","description":"Ler faz bem para os neg\u00f3cios","potentialAction":[{"@type":"SearchAction","target":{"@type":"EntryPoint","urlTemplate":"https:\/\/economiasa.com.br\/blog\/?s={search_term_string}"},"query-input":{"@type":"PropertyValueSpecification","valueRequired":true,"valueName":"search_term_string"}}],"inLanguage":"pt-BR"},{"@type":"Person","@id":"https:\/\/economiasa.com.br\/blog\/#\/schema\/person\/14b8ac2dc25bd63b52bc54e845fa3923","name":"Reda\u00e7\u00e3o","image":{"@type":"ImageObject","inLanguage":"pt-BR","@id":"https:\/\/secure.gravatar.com\/avatar\/c8c795261f7f8547b22616a549577db9e450bd5622da3f6eb62b0e2c3e364c4e?s=96&d=mm&r=g0fb5212bc57e2287787936667fbbe0ff","url":"https:\/\/secure.gravatar.com\/avatar\/c8c795261f7f8547b22616a549577db9e450bd5622da3f6eb62b0e2c3e364c4e?s=96&d=mm&r=g","contentUrl":"https:\/\/secure.gravatar.com\/avatar\/c8c795261f7f8547b22616a549577db9e450bd5622da3f6eb62b0e2c3e364c4e?s=96&d=mm&r=g","caption":"Reda\u00e7\u00e3o"},"sameAs":["http:\/\/www.economiasa.com.br"],"url":"https:\/\/economiasa.com.br\/blog\/author\/redacao\/"}]}},"authors":[{"term_id":13248,"user_id":47,"is_guest":0,"slug":"redacao","display_name":"Reda\u00e7\u00e3o","avatar_url":"https:\/\/secure.gravatar.com\/avatar\/c8c795261f7f8547b22616a549577db9e450bd5622da3f6eb62b0e2c3e364c4e?s=96&d=mm&r=g","author_category":"","first_name":"Reda\u00e7\u00e3o","last_name":"","user_url":"http:\/\/www.economiasa.com.br","job_title":"","description":""}],"amp_enabled":true,"_links":{"self":[{"href":"https:\/\/economiasa.com.br\/blog\/wp-json\/wp\/v2\/posts\/84943","targetHints":{"allow":["GET"]}}],"collection":[{"href":"https:\/\/economiasa.com.br\/blog\/wp-json\/wp\/v2\/posts"}],"about":[{"href":"https:\/\/economiasa.com.br\/blog\/wp-json\/wp\/v2\/types\/post"}],"author":[{"embeddable":true,"href":"https:\/\/economiasa.com.br\/blog\/wp-json\/wp\/v2\/users\/47"}],"replies":[{"embeddable":true,"href":"https:\/\/economiasa.com.br\/blog\/wp-json\/wp\/v2\/comments?post=84943"}],"version-history":[{"count":0,"href":"https:\/\/economiasa.com.br\/blog\/wp-json\/wp\/v2\/posts\/84943\/revisions"}],"wp:featuredmedia":[{"embeddable":true,"href":"https:\/\/economiasa.com.br\/blog\/wp-json\/wp\/v2\/media\/84944"}],"wp:attachment":[{"href":"https:\/\/economiasa.com.br\/blog\/wp-json\/wp\/v2\/media?parent=84943"}],"wp:term":[{"taxonomy":"category","embeddable":true,"href":"https:\/\/economiasa.com.br\/blog\/wp-json\/wp\/v2\/categories?post=84943"},{"taxonomy":"post_tag","embeddable":true,"href":"https:\/\/economiasa.com.br\/blog\/wp-json\/wp\/v2\/tags?post=84943"},{"taxonomy":"author","embeddable":true,"href":"https:\/\/economiasa.com.br\/blog\/wp-json\/wp\/v2\/ppma_author?post=84943"}],"curies":[{"name":"wp","href":"https:\/\/api.w.org\/{rel}","templated":true}]}}