{"id":84945,"date":"2026-09-01T15:43:31","date_gmt":"2026-09-01T18:43:31","guid":{"rendered":"https:\/\/economiasa.com.br\/blog\/?p=84945"},"modified":"2026-09-01T15:43:32","modified_gmt":"2026-09-01T18:43:32","slug":"carreta-do-elefontinho-comeca-a-percorrer-o-parana-e-leva-nova-marca-infantil-da-font-life-para-mais-perto-das-familias","status":"publish","type":"post","link":"https:\/\/economiasa.com.br\/blog\/carreta-do-elefontinho-comeca-a-percorrer-o-parana-e-leva-nova-marca-infantil-da-font-life-para-mais-perto-das-familias\/","title":{"rendered":"Carreta do Elefontinho come\u00e7a a percorrer o Paran\u00e1 e leva nova marca infantil da Font Life para mais perto das fam\u00edlias"},"content":{"rendered":"\n<h3 class=\"wp-block-heading\"><em>Ve\u00edculo com mais de 15 metros de comprimento e quase 47 metros quadrados de comunica\u00e7\u00e3o visual apresenta ao p\u00fablico a nova linha infantil da empresa e refor\u00e7a o conceito Viva Mais<\/em><\/h3>\n\n\n\n<p class=\"wp-block-paragraph\">Quem passar pelas rodovias do Paran\u00e1 nos pr\u00f3ximos dias, principalmente na regi\u00e3o metropolitana de Curitiba,\u00a0 poder\u00e1 encontrar um novo personagem chamando a aten\u00e7\u00e3o.\u00a0<\/p>\n\n\n\n<p class=\"wp-block-paragraph\">A <a href=\"https:\/\/fontlife.com.br\/\" target=\"_blank\" rel=\"noreferrer noopener\">Font Life<\/a> colocou em circula\u00e7\u00e3o a primeira carreta totalmente personalizada com a identidade visual do Elefontinho, personagem que d\u00e1 nome \u00e0 nova linha infantil de \u00e1gua mineral da empresa.\u00a0<\/p>\n\n\n\n<p class=\"wp-block-paragraph\">Com uma lona impressa de 15,30 metros de comprimento por 3,05 metros de altura, totalizando cerca de 46,7 metros quadrados de comunica\u00e7\u00e3o visual em cada lateral, o ve\u00edculo se transforma em uma verdadeira vitrine itinerante da marca, levando sua mensagem para milhares de pessoas em diferentes regi\u00f5es do Estado. Al\u00e9m disso, a ideia \u00e9 usar essa carreta em eventos de promo\u00e7\u00e3o do Elefontinho.<\/p>\n\n\n\n<p class=\"wp-block-paragraph\">A carreta marca uma nova etapa da divulga\u00e7\u00e3o do Elefontinho, desenvolvido para incentivar h\u00e1bitos saud\u00e1veis desde a inf\u00e2ncia por meio da hidrata\u00e7\u00e3o. A expectativa \u00e9 ampliar o reconhecimento da marca entre as fam\u00edlias paranaenses e fortalecer a presen\u00e7a da Font Life nas estradas, nos pontos de venda e no dia a dia dos consumidores.<\/p>\n\n\n\n<p class=\"wp-block-paragraph\">Segundo o diretor administrativo da <a href=\"https:\/\/fontlife.com.br\/\" target=\"_blank\" rel=\"noreferrer noopener\">Font Life<\/a>, C\u00e9lio Baggio, a iniciativa representa um importante investimento para aproximar a marca do p\u00fablico.<\/p>\n\n\n\n<p class=\"wp-block-paragraph\">\u201cQuer\u00edamos apresentar o Elefontinho de uma forma marcante. Colocar essa identidade em uma carreta com esse tamanho faz com que a mensagem viaje pelas estrada, desperte a curiosidade das fam\u00edlias e apresente esse novo momento da <a href=\"https:\/\/fontlife.com.br\/\" target=\"_blank\" rel=\"noreferrer noopener\">Font Life<\/a>. \u00c9 um investimento em visibilidade, mas, principalmente, em prop\u00f3sito. Queremos incentivar as crian\u00e7as a desenvolverem o h\u00e1bito da hidrata\u00e7\u00e3o desde cedo e mostrar que beber \u00e1gua tamb\u00e9m pode ser divertido\u201d, afirma Baggio<\/p>\n\n\n\n<h2 class=\"wp-block-heading\">Um personagem para incentivar a hidrata\u00e7\u00e3o desde a inf\u00e2ncia<\/h2>\n\n\n\n<p class=\"wp-block-paragraph\">Desenvolvida especialmente para o p\u00fablico infantil, a linha Elefontinho une sa\u00fade, divers\u00e3o e educa\u00e7\u00e3o em torno de um h\u00e1bito essencial para o desenvolvimento das crian\u00e7as: beber \u00e1gua.<\/p>\n\n\n\n<p class=\"wp-block-paragraph\">As embalagens de 250 ml foram pensadas para acompanhar a rotina infantil, seja na lancheira da escola, em passeios, atividades esportivas ou momentos de lazer. Com identidade visual colorida e linguagem l\u00fadica, o personagem transforma o consumo de \u00e1gua em uma experi\u00eancia mais leve e pr\u00f3xima do universo das crian\u00e7as.<\/p>\n\n\n\n<p class=\"wp-block-paragraph\">O objetivo \u00e9 estimular, desde os primeiros anos de vida, um h\u00e1bito que contribui para a sa\u00fade, o desenvolvimento e o bem-estar, al\u00e9m de despertar nas novas gera\u00e7\u00f5es uma maior conscientiza\u00e7\u00e3o sobre a import\u00e2ncia da \u00e1gua.<\/p>\n\n\n\n<p class=\"wp-block-paragraph\">\u201cOs h\u00e1bitos constru\u00eddos na inf\u00e2ncia costumam acompanhar as pessoas por toda a vida. Queremos que o Elefontinho seja um aliado das fam\u00edlias nessa miss\u00e3o, mostrando que beber \u00e1gua pode ser algo prazeroso, divertido e presente no cotidiano das crian\u00e7as. Mais do que lan\u00e7ar um produto, queremos criar uma conex\u00e3o que incentive sa\u00fade e qualidade de vida\u201d, diz o diretor da empresa.<\/p>\n\n\n\n<h2 class=\"wp-block-heading\">Viva Mais: um prop\u00f3sito que vai al\u00e9m da \u00e1gua mineral<\/h2>\n\n\n\n<p class=\"wp-block-paragraph\">O lan\u00e7amento do Elefontinho integra o novo posicionamento institucional da <a href=\"https:\/\/fontlife.com.br\/\" target=\"_blank\" rel=\"noreferrer noopener\">Font Life,<\/a> traduzido pelo conceito <strong>Viva Mais<\/strong>. Mais do que fornecer \u00e1gua mineral de qualidade, a empresa refor\u00e7a seu compromisso em incentivar escolhas que promovam sa\u00fade, bem-estar e qualidade de vida em todas as fases da vida.<\/p>\n\n\n\n<p class=\"wp-block-paragraph\">O conceito amplia a conex\u00e3o da marca com temas como hidrata\u00e7\u00e3o, preven\u00e7\u00e3o, equil\u00edbrio e cuidado com as pessoas, mostrando que pequenas atitudes do dia a dia podem gerar grandes benef\u00edcios para a sa\u00fade.<\/p>\n\n\n\n<p class=\"wp-block-paragraph\">Para C\u00e9lio Baggio, o Elefontinho representa esse prop\u00f3sito de forma pr\u00e1tica e acess\u00edvel.<\/p>\n\n\n\n<p class=\"wp-block-paragraph\">\u201cO conceito Viva Mais representa aquilo em que acreditamos como empresa. Queremos incentivar escolhas simples que geram mais sa\u00fade e qualidade de vida. O Elefontinho \u00e9 a tradu\u00e7\u00e3o desse prop\u00f3sito para o p\u00fablico infantil, mostrando que cuidar da hidrata\u00e7\u00e3o pode ser algo leve, divertido e fazer parte da rotina das fam\u00edlias\u201d, explica Baggio;<\/p>\n","protected":false},"excerpt":{"rendered":"<p>Ve\u00edculo com mais de 15 metros de comprimento e quase 47 metros quadrados de comunica\u00e7\u00e3o visual apresenta ao p\u00fablico a nova linha&#8230;<\/p>\n","protected":false},"author":47,"featured_media":84946,"comment_status":"closed","ping_status":"open","sticky":false,"template":"","format":"standard","meta":{"footnotes":""},"categories":[10609],"tags":[],"ppma_author":[13248],"class_list":["post-84945","post","type-post","status-publish","format-standard","has-post-thumbnail","category-transporte"],"yoast_head":"<!-- This site is optimized with the Yoast SEO plugin v27.2 - https:\/\/yoast.com\/product\/yoast-seo-wordpress\/ -->\n<title>Carreta do Elefontinho come\u00e7a a percorrer o Paran\u00e1 e leva nova marca infantil da Font Life para mais perto das fam\u00edlias - Economia S\/A<\/title>\n<meta name=\"robots\" content=\"index, follow, max-snippet:-1, max-image-preview:large, max-video-preview:-1\" \/>\n<link rel=\"canonical\" href=\"https:\/\/economiasa.com.br\/blog\/carreta-do-elefontinho-comeca-a-percorrer-o-parana-e-leva-nova-marca-infantil-da-font-life-para-mais-perto-das-familias\/\" \/>\n<meta property=\"og:locale\" content=\"pt_BR\" \/>\n<meta property=\"og:type\" content=\"article\" \/>\n<meta property=\"og:title\" content=\"Carreta do Elefontinho come\u00e7a a percorrer o Paran\u00e1 e leva nova marca infantil da Font Life para mais perto das fam\u00edlias - Economia S\/A\" \/>\n<meta property=\"og:description\" content=\"Ve\u00edculo com mais de 15 metros de comprimento e quase 47 metros quadrados de comunica\u00e7\u00e3o visual apresenta ao p\u00fablico a nova linha...\" \/>\n<meta property=\"og:url\" content=\"https:\/\/economiasa.com.br\/blog\/carreta-do-elefontinho-comeca-a-percorrer-o-parana-e-leva-nova-marca-infantil-da-font-life-para-mais-perto-das-familias\/\" \/>\n<meta property=\"og:site_name\" content=\"Economia S\/A\" \/>\n<meta property=\"article:published_time\" content=\"2026-09-01T18:43:31+00:00\" \/>\n<meta property=\"article:modified_time\" content=\"2026-09-01T18:43:32+00:00\" \/>\n<meta property=\"og:image\" content=\"https:\/\/economiasa.com.br\/blog\/wp-content\/uploads\/2026\/09\/Carreta-Font-Life.jpeg\" \/>\n\t<meta property=\"og:image:width\" content=\"1200\" \/>\n\t<meta property=\"og:image:height\" content=\"675\" \/>\n\t<meta property=\"og:image:type\" content=\"image\/jpeg\" \/>\n<meta name=\"author\" content=\"Reda\u00e7\u00e3o\" \/>\n<meta name=\"twitter:card\" content=\"summary_large_image\" \/>\n<meta name=\"twitter:label1\" content=\"Escrito por\" \/>\n\t<meta name=\"twitter:data1\" content=\"Reda\u00e7\u00e3o\" \/>\n\t<meta name=\"twitter:label2\" content=\"Est. tempo de leitura\" \/>\n\t<meta name=\"twitter:data2\" content=\"4 minutos\" \/>\n<script type=\"application\/ld+json\" class=\"yoast-schema-graph\">{\"@context\":\"https:\/\/schema.org\",\"@graph\":[{\"@type\":\"Article\",\"@id\":\"https:\/\/economiasa.com.br\/blog\/carreta-do-elefontinho-comeca-a-percorrer-o-parana-e-leva-nova-marca-infantil-da-font-life-para-mais-perto-das-familias\/#article\",\"isPartOf\":{\"@id\":\"https:\/\/economiasa.com.br\/blog\/carreta-do-elefontinho-comeca-a-percorrer-o-parana-e-leva-nova-marca-infantil-da-font-life-para-mais-perto-das-familias\/\"},\"author\":{\"name\":\"Reda\u00e7\u00e3o\",\"@id\":\"https:\/\/economiasa.com.br\/blog\/#\/schema\/person\/14b8ac2dc25bd63b52bc54e845fa3923\"},\"headline\":\"Carreta do Elefontinho come\u00e7a a percorrer o Paran\u00e1 e leva nova marca infantil da Font Life para mais perto das fam\u00edlias\",\"datePublished\":\"2026-09-01T18:43:31+00:00\",\"dateModified\":\"2026-09-01T18:43:32+00:00\",\"mainEntityOfPage\":{\"@id\":\"https:\/\/economiasa.com.br\/blog\/carreta-do-elefontinho-comeca-a-percorrer-o-parana-e-leva-nova-marca-infantil-da-font-life-para-mais-perto-das-familias\/\"},\"wordCount\":722,\"image\":{\"@id\":\"https:\/\/economiasa.com.br\/blog\/carreta-do-elefontinho-comeca-a-percorrer-o-parana-e-leva-nova-marca-infantil-da-font-life-para-mais-perto-das-familias\/#primaryimage\"},\"thumbnailUrl\":\"https:\/\/economiasa.com.br\/blog\/wp-content\/uploads\/2026\/09\/Carreta-Font-Life.jpeg\",\"articleSection\":[\"Transporte\"],\"inLanguage\":\"pt-BR\"},{\"@type\":\"WebPage\",\"@id\":\"https:\/\/economiasa.com.br\/blog\/carreta-do-elefontinho-comeca-a-percorrer-o-parana-e-leva-nova-marca-infantil-da-font-life-para-mais-perto-das-familias\/\",\"url\":\"https:\/\/economiasa.com.br\/blog\/carreta-do-elefontinho-comeca-a-percorrer-o-parana-e-leva-nova-marca-infantil-da-font-life-para-mais-perto-das-familias\/\",\"name\":\"Carreta do Elefontinho come\u00e7a a percorrer o Paran\u00e1 e leva nova marca infantil da Font Life para mais perto das fam\u00edlias - Economia S\/A\",\"isPartOf\":{\"@id\":\"https:\/\/economiasa.com.br\/blog\/#website\"},\"primaryImageOfPage\":{\"@id\":\"https:\/\/economiasa.com.br\/blog\/carreta-do-elefontinho-comeca-a-percorrer-o-parana-e-leva-nova-marca-infantil-da-font-life-para-mais-perto-das-familias\/#primaryimage\"},\"image\":{\"@id\":\"https:\/\/economiasa.com.br\/blog\/carreta-do-elefontinho-comeca-a-percorrer-o-parana-e-leva-nova-marca-infantil-da-font-life-para-mais-perto-das-familias\/#primaryimage\"},\"thumbnailUrl\":\"https:\/\/economiasa.com.br\/blog\/wp-content\/uploads\/2026\/09\/Carreta-Font-Life.jpeg\",\"datePublished\":\"2026-09-01T18:43:31+00:00\",\"dateModified\":\"2026-09-01T18:43:32+00:00\",\"author\":{\"@id\":\"https:\/\/economiasa.com.br\/blog\/#\/schema\/person\/14b8ac2dc25bd63b52bc54e845fa3923\"},\"breadcrumb\":{\"@id\":\"https:\/\/economiasa.com.br\/blog\/carreta-do-elefontinho-comeca-a-percorrer-o-parana-e-leva-nova-marca-infantil-da-font-life-para-mais-perto-das-familias\/#breadcrumb\"},\"inLanguage\":\"pt-BR\",\"potentialAction\":[{\"@type\":\"ReadAction\",\"target\":[\"https:\/\/economiasa.com.br\/blog\/carreta-do-elefontinho-comeca-a-percorrer-o-parana-e-leva-nova-marca-infantil-da-font-life-para-mais-perto-das-familias\/\"]}]},{\"@type\":\"ImageObject\",\"inLanguage\":\"pt-BR\",\"@id\":\"https:\/\/economiasa.com.br\/blog\/carreta-do-elefontinho-comeca-a-percorrer-o-parana-e-leva-nova-marca-infantil-da-font-life-para-mais-perto-das-familias\/#primaryimage\",\"url\":\"https:\/\/economiasa.com.br\/blog\/wp-content\/uploads\/2026\/09\/Carreta-Font-Life.jpeg\",\"contentUrl\":\"https:\/\/economiasa.com.br\/blog\/wp-content\/uploads\/2026\/09\/Carreta-Font-Life.jpeg\",\"width\":1200,\"height\":675,\"caption\":\"Carreta Font Life - Cr\u00e9ditos da foto: Divulga\u00e7\u00e3o\"},{\"@type\":\"BreadcrumbList\",\"@id\":\"https:\/\/economiasa.com.br\/blog\/carreta-do-elefontinho-comeca-a-percorrer-o-parana-e-leva-nova-marca-infantil-da-font-life-para-mais-perto-das-familias\/#breadcrumb\",\"itemListElement\":[{\"@type\":\"ListItem\",\"position\":1,\"name\":\"In\u00edcio\",\"item\":\"https:\/\/economiasa.com.br\/blog\/\"},{\"@type\":\"ListItem\",\"position\":2,\"name\":\"Carreta do Elefontinho come\u00e7a a percorrer o Paran\u00e1 e leva nova marca infantil da Font Life para mais perto das fam\u00edlias\"}]},{\"@type\":\"WebSite\",\"@id\":\"https:\/\/economiasa.com.br\/blog\/#website\",\"url\":\"https:\/\/economiasa.com.br\/blog\/\",\"name\":\"Economia S\/A\",\"description\":\"Ler faz bem para os neg\u00f3cios\",\"potentialAction\":[{\"@type\":\"SearchAction\",\"target\":{\"@type\":\"EntryPoint\",\"urlTemplate\":\"https:\/\/economiasa.com.br\/blog\/?s={search_term_string}\"},\"query-input\":{\"@type\":\"PropertyValueSpecification\",\"valueRequired\":true,\"valueName\":\"search_term_string\"}}],\"inLanguage\":\"pt-BR\"},{\"@type\":\"Person\",\"@id\":\"https:\/\/economiasa.com.br\/blog\/#\/schema\/person\/14b8ac2dc25bd63b52bc54e845fa3923\",\"name\":\"Reda\u00e7\u00e3o\",\"image\":{\"@type\":\"ImageObject\",\"inLanguage\":\"pt-BR\",\"@id\":\"https:\/\/secure.gravatar.com\/avatar\/c8c795261f7f8547b22616a549577db9e450bd5622da3f6eb62b0e2c3e364c4e?s=96&d=mm&r=g0fb5212bc57e2287787936667fbbe0ff\",\"url\":\"https:\/\/secure.gravatar.com\/avatar\/c8c795261f7f8547b22616a549577db9e450bd5622da3f6eb62b0e2c3e364c4e?s=96&d=mm&r=g\",\"contentUrl\":\"https:\/\/secure.gravatar.com\/avatar\/c8c795261f7f8547b22616a549577db9e450bd5622da3f6eb62b0e2c3e364c4e?s=96&d=mm&r=g\",\"caption\":\"Reda\u00e7\u00e3o\"},\"sameAs\":[\"http:\/\/www.economiasa.com.br\"],\"url\":\"https:\/\/economiasa.com.br\/blog\/author\/redacao\/\"}]}<\/script>\n<!-- \/ Yoast SEO plugin. -->","yoast_head_json":{"title":"Carreta do Elefontinho come\u00e7a a percorrer o Paran\u00e1 e leva nova marca infantil da Font Life para mais perto das fam\u00edlias - Economia S\/A","robots":{"index":"index","follow":"follow","max-snippet":"max-snippet:-1","max-image-preview":"max-image-preview:large","max-video-preview":"max-video-preview:-1"},"canonical":"https:\/\/economiasa.com.br\/blog\/carreta-do-elefontinho-comeca-a-percorrer-o-parana-e-leva-nova-marca-infantil-da-font-life-para-mais-perto-das-familias\/","og_locale":"pt_BR","og_type":"article","og_title":"Carreta do Elefontinho come\u00e7a a percorrer o Paran\u00e1 e leva nova marca infantil da Font Life para mais perto das fam\u00edlias - Economia S\/A","og_description":"Ve\u00edculo com mais de 15 metros de comprimento e quase 47 metros quadrados de comunica\u00e7\u00e3o visual apresenta ao p\u00fablico a nova linha...","og_url":"https:\/\/economiasa.com.br\/blog\/carreta-do-elefontinho-comeca-a-percorrer-o-parana-e-leva-nova-marca-infantil-da-font-life-para-mais-perto-das-familias\/","og_site_name":"Economia S\/A","article_published_time":"2026-09-01T18:43:31+00:00","article_modified_time":"2026-09-01T18:43:32+00:00","og_image":[{"width":1200,"height":675,"url":"https:\/\/economiasa.com.br\/blog\/wp-content\/uploads\/2026\/09\/Carreta-Font-Life.jpeg","type":"image\/jpeg"}],"author":"Reda\u00e7\u00e3o","twitter_card":"summary_large_image","twitter_misc":{"Escrito por":"Reda\u00e7\u00e3o","Est. tempo de leitura":"4 minutos"},"schema":{"@context":"https:\/\/schema.org","@graph":[{"@type":"Article","@id":"https:\/\/economiasa.com.br\/blog\/carreta-do-elefontinho-comeca-a-percorrer-o-parana-e-leva-nova-marca-infantil-da-font-life-para-mais-perto-das-familias\/#article","isPartOf":{"@id":"https:\/\/economiasa.com.br\/blog\/carreta-do-elefontinho-comeca-a-percorrer-o-parana-e-leva-nova-marca-infantil-da-font-life-para-mais-perto-das-familias\/"},"author":{"name":"Reda\u00e7\u00e3o","@id":"https:\/\/economiasa.com.br\/blog\/#\/schema\/person\/14b8ac2dc25bd63b52bc54e845fa3923"},"headline":"Carreta do Elefontinho come\u00e7a a percorrer o Paran\u00e1 e leva nova marca infantil da Font Life para mais perto das fam\u00edlias","datePublished":"2026-09-01T18:43:31+00:00","dateModified":"2026-09-01T18:43:32+00:00","mainEntityOfPage":{"@id":"https:\/\/economiasa.com.br\/blog\/carreta-do-elefontinho-comeca-a-percorrer-o-parana-e-leva-nova-marca-infantil-da-font-life-para-mais-perto-das-familias\/"},"wordCount":722,"image":{"@id":"https:\/\/economiasa.com.br\/blog\/carreta-do-elefontinho-comeca-a-percorrer-o-parana-e-leva-nova-marca-infantil-da-font-life-para-mais-perto-das-familias\/#primaryimage"},"thumbnailUrl":"https:\/\/economiasa.com.br\/blog\/wp-content\/uploads\/2026\/09\/Carreta-Font-Life.jpeg","articleSection":["Transporte"],"inLanguage":"pt-BR"},{"@type":"WebPage","@id":"https:\/\/economiasa.com.br\/blog\/carreta-do-elefontinho-comeca-a-percorrer-o-parana-e-leva-nova-marca-infantil-da-font-life-para-mais-perto-das-familias\/","url":"https:\/\/economiasa.com.br\/blog\/carreta-do-elefontinho-comeca-a-percorrer-o-parana-e-leva-nova-marca-infantil-da-font-life-para-mais-perto-das-familias\/","name":"Carreta do Elefontinho come\u00e7a a percorrer o Paran\u00e1 e leva nova marca infantil da Font Life para mais perto das fam\u00edlias - Economia S\/A","isPartOf":{"@id":"https:\/\/economiasa.com.br\/blog\/#website"},"primaryImageOfPage":{"@id":"https:\/\/economiasa.com.br\/blog\/carreta-do-elefontinho-comeca-a-percorrer-o-parana-e-leva-nova-marca-infantil-da-font-life-para-mais-perto-das-familias\/#primaryimage"},"image":{"@id":"https:\/\/economiasa.com.br\/blog\/carreta-do-elefontinho-comeca-a-percorrer-o-parana-e-leva-nova-marca-infantil-da-font-life-para-mais-perto-das-familias\/#primaryimage"},"thumbnailUrl":"https:\/\/economiasa.com.br\/blog\/wp-content\/uploads\/2026\/09\/Carreta-Font-Life.jpeg","datePublished":"2026-09-01T18:43:31+00:00","dateModified":"2026-09-01T18:43:32+00:00","author":{"@id":"https:\/\/economiasa.com.br\/blog\/#\/schema\/person\/14b8ac2dc25bd63b52bc54e845fa3923"},"breadcrumb":{"@id":"https:\/\/economiasa.com.br\/blog\/carreta-do-elefontinho-comeca-a-percorrer-o-parana-e-leva-nova-marca-infantil-da-font-life-para-mais-perto-das-familias\/#breadcrumb"},"inLanguage":"pt-BR","potentialAction":[{"@type":"ReadAction","target":["https:\/\/economiasa.com.br\/blog\/carreta-do-elefontinho-comeca-a-percorrer-o-parana-e-leva-nova-marca-infantil-da-font-life-para-mais-perto-das-familias\/"]}]},{"@type":"ImageObject","inLanguage":"pt-BR","@id":"https:\/\/economiasa.com.br\/blog\/carreta-do-elefontinho-comeca-a-percorrer-o-parana-e-leva-nova-marca-infantil-da-font-life-para-mais-perto-das-familias\/#primaryimage","url":"https:\/\/economiasa.com.br\/blog\/wp-content\/uploads\/2026\/09\/Carreta-Font-Life.jpeg","contentUrl":"https:\/\/economiasa.com.br\/blog\/wp-content\/uploads\/2026\/09\/Carreta-Font-Life.jpeg","width":1200,"height":675,"caption":"Carreta Font Life - Cr\u00e9ditos da foto: Divulga\u00e7\u00e3o"},{"@type":"BreadcrumbList","@id":"https:\/\/economiasa.com.br\/blog\/carreta-do-elefontinho-comeca-a-percorrer-o-parana-e-leva-nova-marca-infantil-da-font-life-para-mais-perto-das-familias\/#breadcrumb","itemListElement":[{"@type":"ListItem","position":1,"name":"In\u00edcio","item":"https:\/\/economiasa.com.br\/blog\/"},{"@type":"ListItem","position":2,"name":"Carreta do Elefontinho come\u00e7a a percorrer o Paran\u00e1 e leva nova marca infantil da Font Life para mais perto das fam\u00edlias"}]},{"@type":"WebSite","@id":"https:\/\/economiasa.com.br\/blog\/#website","url":"https:\/\/economiasa.com.br\/blog\/","name":"Economia S\/A","description":"Ler faz bem para os neg\u00f3cios","potentialAction":[{"@type":"SearchAction","target":{"@type":"EntryPoint","urlTemplate":"https:\/\/economiasa.com.br\/blog\/?s={search_term_string}"},"query-input":{"@type":"PropertyValueSpecification","valueRequired":true,"valueName":"search_term_string"}}],"inLanguage":"pt-BR"},{"@type":"Person","@id":"https:\/\/economiasa.com.br\/blog\/#\/schema\/person\/14b8ac2dc25bd63b52bc54e845fa3923","name":"Reda\u00e7\u00e3o","image":{"@type":"ImageObject","inLanguage":"pt-BR","@id":"https:\/\/secure.gravatar.com\/avatar\/c8c795261f7f8547b22616a549577db9e450bd5622da3f6eb62b0e2c3e364c4e?s=96&d=mm&r=g0fb5212bc57e2287787936667fbbe0ff","url":"https:\/\/secure.gravatar.com\/avatar\/c8c795261f7f8547b22616a549577db9e450bd5622da3f6eb62b0e2c3e364c4e?s=96&d=mm&r=g","contentUrl":"https:\/\/secure.gravatar.com\/avatar\/c8c795261f7f8547b22616a549577db9e450bd5622da3f6eb62b0e2c3e364c4e?s=96&d=mm&r=g","caption":"Reda\u00e7\u00e3o"},"sameAs":["http:\/\/www.economiasa.com.br"],"url":"https:\/\/economiasa.com.br\/blog\/author\/redacao\/"}]}},"authors":[{"term_id":13248,"user_id":47,"is_guest":0,"slug":"redacao","display_name":"Reda\u00e7\u00e3o","avatar_url":"https:\/\/secure.gravatar.com\/avatar\/c8c795261f7f8547b22616a549577db9e450bd5622da3f6eb62b0e2c3e364c4e?s=96&d=mm&r=g","author_category":"","first_name":"Reda\u00e7\u00e3o","last_name":"","user_url":"http:\/\/www.economiasa.com.br","job_title":"","description":""}],"amp_enabled":true,"_links":{"self":[{"href":"https:\/\/economiasa.com.br\/blog\/wp-json\/wp\/v2\/posts\/84945","targetHints":{"allow":["GET"]}}],"collection":[{"href":"https:\/\/economiasa.com.br\/blog\/wp-json\/wp\/v2\/posts"}],"about":[{"href":"https:\/\/economiasa.com.br\/blog\/wp-json\/wp\/v2\/types\/post"}],"author":[{"embeddable":true,"href":"https:\/\/economiasa.com.br\/blog\/wp-json\/wp\/v2\/users\/47"}],"replies":[{"embeddable":true,"href":"https:\/\/economiasa.com.br\/blog\/wp-json\/wp\/v2\/comments?post=84945"}],"version-history":[{"count":0,"href":"https:\/\/economiasa.com.br\/blog\/wp-json\/wp\/v2\/posts\/84945\/revisions"}],"wp:featuredmedia":[{"embeddable":true,"href":"https:\/\/economiasa.com.br\/blog\/wp-json\/wp\/v2\/media\/84946"}],"wp:attachment":[{"href":"https:\/\/economiasa.com.br\/blog\/wp-json\/wp\/v2\/media?parent=84945"}],"wp:term":[{"taxonomy":"category","embeddable":true,"href":"https:\/\/economiasa.com.br\/blog\/wp-json\/wp\/v2\/categories?post=84945"},{"taxonomy":"post_tag","embeddable":true,"href":"https:\/\/economiasa.com.br\/blog\/wp-json\/wp\/v2\/tags?post=84945"},{"taxonomy":"author","embeddable":true,"href":"https:\/\/economiasa.com.br\/blog\/wp-json\/wp\/v2\/ppma_author?post=84945"}],"curies":[{"name":"wp","href":"https:\/\/api.w.org\/{rel}","templated":true}]}}