{"id":84947,"date":"2026-09-01T15:52:26","date_gmt":"2026-09-01T18:52:26","guid":{"rendered":"https:\/\/economiasa.com.br\/blog\/?p=84947"},"modified":"2026-09-01T15:52:26","modified_gmt":"2026-09-01T18:52:26","slug":"dolar-a-r-6-e-juros-a-18-mercado-teme-nova-crise-fiscal-em-2027","status":"publish","type":"post","link":"https:\/\/economiasa.com.br\/blog\/dolar-a-r-6-e-juros-a-18-mercado-teme-nova-crise-fiscal-em-2027\/","title":{"rendered":"D\u00f3lar a R$ 6 e juros a 18%: mercado teme nova crise fiscal em 2027"},"content":{"rendered":"\n<p class=\"wp-block-paragraph\"><em>Para o economista Charles Mendlowicz, falta de compromisso com o controle da d\u00edvida p\u00fablica amplia volatilidade, pressiona o c\u00e2mbio e for\u00e7a Faria Lima a buscar alternativas pol\u00edticas<\/em><\/p>\n\n\n\n<p class=\"wp-block-paragraph\">A trajet\u00f3ria da d\u00edvida p\u00fablica brasileira e a aus\u00eancia de um plano fiscal transparente para o ciclo p\u00f3s-elei\u00e7\u00f5es de 2026 acenderam o sinal vermelho na Faria Lima. Um relat\u00f3rio recente do Morgan Stanley indicou que, caso o pr\u00f3ximo governo n\u00e3o apresente uma proposta consistente de controle dos gastos p\u00fablicos, a economia brasileira pode enfrentar um cen\u00e1rio extremo: d\u00f3lar cotado a R$ 6 e taxas de juros de longo prazo atingindo 18% ao ano.<\/p>\n\n\n\n<p class=\"wp-block-paragraph\">A proje\u00e7\u00e3o reflete o avan\u00e7o descontrolado das contas p\u00fablicas e a deteriora\u00e7\u00e3o da confian\u00e7a dos investidores. Com a D\u00edvida P\u00fablica Federal (DPF) atingindo o patamar de R$ 9,28 trilh\u00f5es (fonte: Secretaria do\u00a0Tesouro Nacional), o custo do endividamento alcan\u00e7ou a marca de R$ 1,16 trilh\u00e3o apenas em pagamento de juros, conforme divulgou o Banco Central em um estudo sobre finan\u00e7as.<\/p>\n\n\n\n<p class=\"wp-block-paragraph\">Para o economista Charles Mendlowicz, s\u00f3cio da consultoria de\u00a0<em>wealth management<\/em>\u00a0Ticker Wealth e criador do canal Economista Sincero, o cen\u00e1rio atual guarda semelhan\u00e7as preocupantes com momentos de crise do passado.<\/p>\n\n\n\n<p class=\"wp-block-paragraph\">\u201cA trajet\u00f3ria de gastos do governo \u00e9 preocupante porque est\u00e1 subindo continuamente. A d\u00edvida p\u00fablica avan\u00e7ou muito e a situa\u00e7\u00e3o \u00e9 extremamente delicada, em um patamar parecido com o da crise de 2015. Se o fiscal vacila, a confian\u00e7a cai, o d\u00f3lar dispara, a infla\u00e7\u00e3o acompanha e n\u00e3o h\u00e1 dinheiro suficiente para honrar todos os compromissos\u201d, avalia Mendlowicz.<\/p>\n\n\n\n<p class=\"wp-block-paragraph\"><strong>Postura de Bras\u00edlia causa desconforto no mercado<\/strong><\/p>\n\n\n\n<p class=\"wp-block-paragraph\">O desconforto do mercado financeiro aumentou ap\u00f3s declara\u00e7\u00f5es do presidente Luiz In\u00e1cio Lula da Silva minimizando o avan\u00e7o do endividamento. Em entrevista recente, o chefe do Executivo afirmou que a d\u00edvida p\u00fablica \u201cn\u00e3o o preocupa\u201d. Para Mendlowicz, o problema central n\u00e3o reside apenas no crescimento dos n\u00fameros, mas na qualidade e no destino do gasto p\u00fablico.<\/p>\n\n\n\n<p class=\"wp-block-paragraph\">\u201cSe a d\u00edvida estivesse subindo para construir aeroportos, portos e ferrovias que gerassem receita, seria diferente. O governo vem subindo impostos e gastando mais sem entregar melhorias proporcionais para a popula\u00e7\u00e3o. O mercado deu um recado importante: teme essa tempestade perfeita da d\u00edvida p\u00fablica somada aos juros elevados\u201d, pondera o economista<\/p>\n\n\n\n<p class=\"wp-block-paragraph\">Segundo Mendlowicz, embora o patamar de 18% para os juros exija \u201cmuitos erros na condu\u00e7\u00e3o econ\u00f4mica\u201d, a cota\u00e7\u00e3o do d\u00f3lar a R$ 6 \u00e9 um risco plaus\u00edvel. \u201cO d\u00f3lar \u00e9 complexo e depende de fatores internos e externos, mas chegar a R$ 6 n\u00e3o \u00e9 nenhum absurdo, considerando o hist\u00f3rico recente da moeda\u201d, argumenta.<\/p>\n\n\n\n<p class=\"wp-block-paragraph\">Diante do ceticismo em rela\u00e7\u00e3o \u00e0 condu\u00e7\u00e3o fiscal, agentes financeiros, investidores e lideran\u00e7as do setor produtivo passaram a monitorar de perto as articula\u00e7\u00f5es pol\u00edticas para as elei\u00e7\u00f5es de 2026. O mercado busca interlocu\u00e7\u00e3o com diferentes frentes e nomes da oposi\u00e7\u00e3o e de centro em busca de propostas concretas focadas em rigor or\u00e7ament\u00e1rio, reformas estruturais, cortes de gastos e ambiente favor\u00e1vel a investimentos.<\/p>\n\n\n\n<p class=\"wp-block-paragraph\">\u201cQuem tem consci\u00eancia econ\u00f4mica b\u00e1sica j\u00e1 entendeu que a trajet\u00f3ria atual cria gargalos. Qualquer um que acompanha o mercado sabe que juro alto por muito tempo acaba quebrando o pa\u00eds. \u00c9 um efeito domin\u00f3 que sai das planilhas de Bras\u00edlia e chega direto \u00e0 mesa do trabalhador\u201d, conclui Mendlowicz.<\/p>\n","protected":false},"excerpt":{"rendered":"<p>Para o economista Charles Mendlowicz, falta de compromisso com o controle da d\u00edvida p\u00fablica amplia volatilidade, pressiona o c\u00e2mbio e for\u00e7a Faria&#8230;<\/p>\n","protected":false},"author":47,"featured_media":84948,"comment_status":"closed","ping_status":"open","sticky":false,"template":"","format":"standard","meta":{"footnotes":""},"categories":[2160,661],"tags":[],"ppma_author":[13248],"class_list":["post-84947","post","type-post","status-publish","format-standard","has-post-thumbnail","category-financas","category-gestao-publica"],"yoast_head":"<!-- This site is optimized with the Yoast SEO plugin v27.2 - https:\/\/yoast.com\/product\/yoast-seo-wordpress\/ -->\n<title>D\u00f3lar a R$ 6 e juros a 18%: mercado teme nova crise fiscal em 2027 - Economia S\/A<\/title>\n<meta name=\"robots\" content=\"index, follow, max-snippet:-1, max-image-preview:large, max-video-preview:-1\" \/>\n<link rel=\"canonical\" href=\"https:\/\/economiasa.com.br\/blog\/dolar-a-r-6-e-juros-a-18-mercado-teme-nova-crise-fiscal-em-2027\/\" \/>\n<meta property=\"og:locale\" content=\"pt_BR\" \/>\n<meta property=\"og:type\" content=\"article\" \/>\n<meta property=\"og:title\" content=\"D\u00f3lar a R$ 6 e juros a 18%: mercado teme nova crise fiscal em 2027 - Economia S\/A\" \/>\n<meta property=\"og:description\" content=\"Para o economista Charles Mendlowicz, falta de compromisso com o controle da d\u00edvida p\u00fablica amplia volatilidade, pressiona o c\u00e2mbio e for\u00e7a Faria...\" \/>\n<meta property=\"og:url\" content=\"https:\/\/economiasa.com.br\/blog\/dolar-a-r-6-e-juros-a-18-mercado-teme-nova-crise-fiscal-em-2027\/\" \/>\n<meta property=\"og:site_name\" content=\"Economia S\/A\" \/>\n<meta property=\"article:published_time\" content=\"2026-09-01T18:52:26+00:00\" \/>\n<meta property=\"og:image\" content=\"https:\/\/economiasa.com.br\/blog\/wp-content\/uploads\/2026\/09\/Mercado-teme-nova-crise-fiscal-em-2027_Credito-Imagem-gerada-por-IA.jpg\" \/>\n\t<meta property=\"og:image:width\" content=\"1376\" \/>\n\t<meta property=\"og:image:height\" content=\"768\" \/>\n\t<meta property=\"og:image:type\" content=\"image\/jpeg\" \/>\n<meta name=\"author\" content=\"Reda\u00e7\u00e3o\" \/>\n<meta name=\"twitter:card\" content=\"summary_large_image\" \/>\n<meta name=\"twitter:label1\" content=\"Escrito por\" \/>\n\t<meta name=\"twitter:data1\" content=\"Reda\u00e7\u00e3o\" \/>\n\t<meta name=\"twitter:label2\" content=\"Est. tempo de leitura\" \/>\n\t<meta name=\"twitter:data2\" content=\"4 minutos\" \/>\n<script type=\"application\/ld+json\" class=\"yoast-schema-graph\">{\"@context\":\"https:\/\/schema.org\",\"@graph\":[{\"@type\":\"Article\",\"@id\":\"https:\/\/economiasa.com.br\/blog\/dolar-a-r-6-e-juros-a-18-mercado-teme-nova-crise-fiscal-em-2027\/#article\",\"isPartOf\":{\"@id\":\"https:\/\/economiasa.com.br\/blog\/dolar-a-r-6-e-juros-a-18-mercado-teme-nova-crise-fiscal-em-2027\/\"},\"author\":{\"name\":\"Reda\u00e7\u00e3o\",\"@id\":\"https:\/\/economiasa.com.br\/blog\/#\/schema\/person\/14b8ac2dc25bd63b52bc54e845fa3923\"},\"headline\":\"D\u00f3lar a R$ 6 e juros a 18%: mercado teme nova crise fiscal em 2027\",\"datePublished\":\"2026-09-01T18:52:26+00:00\",\"mainEntityOfPage\":{\"@id\":\"https:\/\/economiasa.com.br\/blog\/dolar-a-r-6-e-juros-a-18-mercado-teme-nova-crise-fiscal-em-2027\/\"},\"wordCount\":606,\"image\":{\"@id\":\"https:\/\/economiasa.com.br\/blog\/dolar-a-r-6-e-juros-a-18-mercado-teme-nova-crise-fiscal-em-2027\/#primaryimage\"},\"thumbnailUrl\":\"https:\/\/economiasa.com.br\/blog\/wp-content\/uploads\/2026\/09\/Mercado-teme-nova-crise-fiscal-em-2027_Credito-Imagem-gerada-por-IA.jpg\",\"articleSection\":[\"Finan\u00e7as\",\"Gest\u00e3o Publica\"],\"inLanguage\":\"pt-BR\"},{\"@type\":\"WebPage\",\"@id\":\"https:\/\/economiasa.com.br\/blog\/dolar-a-r-6-e-juros-a-18-mercado-teme-nova-crise-fiscal-em-2027\/\",\"url\":\"https:\/\/economiasa.com.br\/blog\/dolar-a-r-6-e-juros-a-18-mercado-teme-nova-crise-fiscal-em-2027\/\",\"name\":\"D\u00f3lar a R$ 6 e juros a 18%: mercado teme nova crise fiscal em 2027 - Economia S\/A\",\"isPartOf\":{\"@id\":\"https:\/\/economiasa.com.br\/blog\/#website\"},\"primaryImageOfPage\":{\"@id\":\"https:\/\/economiasa.com.br\/blog\/dolar-a-r-6-e-juros-a-18-mercado-teme-nova-crise-fiscal-em-2027\/#primaryimage\"},\"image\":{\"@id\":\"https:\/\/economiasa.com.br\/blog\/dolar-a-r-6-e-juros-a-18-mercado-teme-nova-crise-fiscal-em-2027\/#primaryimage\"},\"thumbnailUrl\":\"https:\/\/economiasa.com.br\/blog\/wp-content\/uploads\/2026\/09\/Mercado-teme-nova-crise-fiscal-em-2027_Credito-Imagem-gerada-por-IA.jpg\",\"datePublished\":\"2026-09-01T18:52:26+00:00\",\"author\":{\"@id\":\"https:\/\/economiasa.com.br\/blog\/#\/schema\/person\/14b8ac2dc25bd63b52bc54e845fa3923\"},\"breadcrumb\":{\"@id\":\"https:\/\/economiasa.com.br\/blog\/dolar-a-r-6-e-juros-a-18-mercado-teme-nova-crise-fiscal-em-2027\/#breadcrumb\"},\"inLanguage\":\"pt-BR\",\"potentialAction\":[{\"@type\":\"ReadAction\",\"target\":[\"https:\/\/economiasa.com.br\/blog\/dolar-a-r-6-e-juros-a-18-mercado-teme-nova-crise-fiscal-em-2027\/\"]}]},{\"@type\":\"ImageObject\",\"inLanguage\":\"pt-BR\",\"@id\":\"https:\/\/economiasa.com.br\/blog\/dolar-a-r-6-e-juros-a-18-mercado-teme-nova-crise-fiscal-em-2027\/#primaryimage\",\"url\":\"https:\/\/economiasa.com.br\/blog\/wp-content\/uploads\/2026\/09\/Mercado-teme-nova-crise-fiscal-em-2027_Credito-Imagem-gerada-por-IA.jpg\",\"contentUrl\":\"https:\/\/economiasa.com.br\/blog\/wp-content\/uploads\/2026\/09\/Mercado-teme-nova-crise-fiscal-em-2027_Credito-Imagem-gerada-por-IA.jpg\",\"width\":1376,\"height\":768,\"caption\":\"Cr\u00e9ditos da foto: Divulga\u00e7\u00e3o\"},{\"@type\":\"BreadcrumbList\",\"@id\":\"https:\/\/economiasa.com.br\/blog\/dolar-a-r-6-e-juros-a-18-mercado-teme-nova-crise-fiscal-em-2027\/#breadcrumb\",\"itemListElement\":[{\"@type\":\"ListItem\",\"position\":1,\"name\":\"In\u00edcio\",\"item\":\"https:\/\/economiasa.com.br\/blog\/\"},{\"@type\":\"ListItem\",\"position\":2,\"name\":\"D\u00f3lar a R$ 6 e juros a 18%: mercado teme nova crise fiscal em 2027\"}]},{\"@type\":\"WebSite\",\"@id\":\"https:\/\/economiasa.com.br\/blog\/#website\",\"url\":\"https:\/\/economiasa.com.br\/blog\/\",\"name\":\"Economia S\/A\",\"description\":\"Ler faz bem para os neg\u00f3cios\",\"potentialAction\":[{\"@type\":\"SearchAction\",\"target\":{\"@type\":\"EntryPoint\",\"urlTemplate\":\"https:\/\/economiasa.com.br\/blog\/?s={search_term_string}\"},\"query-input\":{\"@type\":\"PropertyValueSpecification\",\"valueRequired\":true,\"valueName\":\"search_term_string\"}}],\"inLanguage\":\"pt-BR\"},{\"@type\":\"Person\",\"@id\":\"https:\/\/economiasa.com.br\/blog\/#\/schema\/person\/14b8ac2dc25bd63b52bc54e845fa3923\",\"name\":\"Reda\u00e7\u00e3o\",\"image\":{\"@type\":\"ImageObject\",\"inLanguage\":\"pt-BR\",\"@id\":\"https:\/\/secure.gravatar.com\/avatar\/c8c795261f7f8547b22616a549577db9e450bd5622da3f6eb62b0e2c3e364c4e?s=96&d=mm&r=g0fb5212bc57e2287787936667fbbe0ff\",\"url\":\"https:\/\/secure.gravatar.com\/avatar\/c8c795261f7f8547b22616a549577db9e450bd5622da3f6eb62b0e2c3e364c4e?s=96&d=mm&r=g\",\"contentUrl\":\"https:\/\/secure.gravatar.com\/avatar\/c8c795261f7f8547b22616a549577db9e450bd5622da3f6eb62b0e2c3e364c4e?s=96&d=mm&r=g\",\"caption\":\"Reda\u00e7\u00e3o\"},\"sameAs\":[\"http:\/\/www.economiasa.com.br\"],\"url\":\"https:\/\/economiasa.com.br\/blog\/author\/redacao\/\"}]}<\/script>\n<!-- \/ Yoast SEO plugin. -->","yoast_head_json":{"title":"D\u00f3lar a R$ 6 e juros a 18%: mercado teme nova crise fiscal em 2027 - Economia S\/A","robots":{"index":"index","follow":"follow","max-snippet":"max-snippet:-1","max-image-preview":"max-image-preview:large","max-video-preview":"max-video-preview:-1"},"canonical":"https:\/\/economiasa.com.br\/blog\/dolar-a-r-6-e-juros-a-18-mercado-teme-nova-crise-fiscal-em-2027\/","og_locale":"pt_BR","og_type":"article","og_title":"D\u00f3lar a R$ 6 e juros a 18%: mercado teme nova crise fiscal em 2027 - Economia S\/A","og_description":"Para o economista Charles Mendlowicz, falta de compromisso com o controle da d\u00edvida p\u00fablica amplia volatilidade, pressiona o c\u00e2mbio e for\u00e7a Faria...","og_url":"https:\/\/economiasa.com.br\/blog\/dolar-a-r-6-e-juros-a-18-mercado-teme-nova-crise-fiscal-em-2027\/","og_site_name":"Economia S\/A","article_published_time":"2026-09-01T18:52:26+00:00","og_image":[{"width":1376,"height":768,"url":"https:\/\/economiasa.com.br\/blog\/wp-content\/uploads\/2026\/09\/Mercado-teme-nova-crise-fiscal-em-2027_Credito-Imagem-gerada-por-IA.jpg","type":"image\/jpeg"}],"author":"Reda\u00e7\u00e3o","twitter_card":"summary_large_image","twitter_misc":{"Escrito por":"Reda\u00e7\u00e3o","Est. tempo de leitura":"4 minutos"},"schema":{"@context":"https:\/\/schema.org","@graph":[{"@type":"Article","@id":"https:\/\/economiasa.com.br\/blog\/dolar-a-r-6-e-juros-a-18-mercado-teme-nova-crise-fiscal-em-2027\/#article","isPartOf":{"@id":"https:\/\/economiasa.com.br\/blog\/dolar-a-r-6-e-juros-a-18-mercado-teme-nova-crise-fiscal-em-2027\/"},"author":{"name":"Reda\u00e7\u00e3o","@id":"https:\/\/economiasa.com.br\/blog\/#\/schema\/person\/14b8ac2dc25bd63b52bc54e845fa3923"},"headline":"D\u00f3lar a R$ 6 e juros a 18%: mercado teme nova crise fiscal em 2027","datePublished":"2026-09-01T18:52:26+00:00","mainEntityOfPage":{"@id":"https:\/\/economiasa.com.br\/blog\/dolar-a-r-6-e-juros-a-18-mercado-teme-nova-crise-fiscal-em-2027\/"},"wordCount":606,"image":{"@id":"https:\/\/economiasa.com.br\/blog\/dolar-a-r-6-e-juros-a-18-mercado-teme-nova-crise-fiscal-em-2027\/#primaryimage"},"thumbnailUrl":"https:\/\/economiasa.com.br\/blog\/wp-content\/uploads\/2026\/09\/Mercado-teme-nova-crise-fiscal-em-2027_Credito-Imagem-gerada-por-IA.jpg","articleSection":["Finan\u00e7as","Gest\u00e3o Publica"],"inLanguage":"pt-BR"},{"@type":"WebPage","@id":"https:\/\/economiasa.com.br\/blog\/dolar-a-r-6-e-juros-a-18-mercado-teme-nova-crise-fiscal-em-2027\/","url":"https:\/\/economiasa.com.br\/blog\/dolar-a-r-6-e-juros-a-18-mercado-teme-nova-crise-fiscal-em-2027\/","name":"D\u00f3lar a R$ 6 e juros a 18%: mercado teme nova crise fiscal em 2027 - Economia S\/A","isPartOf":{"@id":"https:\/\/economiasa.com.br\/blog\/#website"},"primaryImageOfPage":{"@id":"https:\/\/economiasa.com.br\/blog\/dolar-a-r-6-e-juros-a-18-mercado-teme-nova-crise-fiscal-em-2027\/#primaryimage"},"image":{"@id":"https:\/\/economiasa.com.br\/blog\/dolar-a-r-6-e-juros-a-18-mercado-teme-nova-crise-fiscal-em-2027\/#primaryimage"},"thumbnailUrl":"https:\/\/economiasa.com.br\/blog\/wp-content\/uploads\/2026\/09\/Mercado-teme-nova-crise-fiscal-em-2027_Credito-Imagem-gerada-por-IA.jpg","datePublished":"2026-09-01T18:52:26+00:00","author":{"@id":"https:\/\/economiasa.com.br\/blog\/#\/schema\/person\/14b8ac2dc25bd63b52bc54e845fa3923"},"breadcrumb":{"@id":"https:\/\/economiasa.com.br\/blog\/dolar-a-r-6-e-juros-a-18-mercado-teme-nova-crise-fiscal-em-2027\/#breadcrumb"},"inLanguage":"pt-BR","potentialAction":[{"@type":"ReadAction","target":["https:\/\/economiasa.com.br\/blog\/dolar-a-r-6-e-juros-a-18-mercado-teme-nova-crise-fiscal-em-2027\/"]}]},{"@type":"ImageObject","inLanguage":"pt-BR","@id":"https:\/\/economiasa.com.br\/blog\/dolar-a-r-6-e-juros-a-18-mercado-teme-nova-crise-fiscal-em-2027\/#primaryimage","url":"https:\/\/economiasa.com.br\/blog\/wp-content\/uploads\/2026\/09\/Mercado-teme-nova-crise-fiscal-em-2027_Credito-Imagem-gerada-por-IA.jpg","contentUrl":"https:\/\/economiasa.com.br\/blog\/wp-content\/uploads\/2026\/09\/Mercado-teme-nova-crise-fiscal-em-2027_Credito-Imagem-gerada-por-IA.jpg","width":1376,"height":768,"caption":"Cr\u00e9ditos da foto: Divulga\u00e7\u00e3o"},{"@type":"BreadcrumbList","@id":"https:\/\/economiasa.com.br\/blog\/dolar-a-r-6-e-juros-a-18-mercado-teme-nova-crise-fiscal-em-2027\/#breadcrumb","itemListElement":[{"@type":"ListItem","position":1,"name":"In\u00edcio","item":"https:\/\/economiasa.com.br\/blog\/"},{"@type":"ListItem","position":2,"name":"D\u00f3lar a R$ 6 e juros a 18%: mercado teme nova crise fiscal em 2027"}]},{"@type":"WebSite","@id":"https:\/\/economiasa.com.br\/blog\/#website","url":"https:\/\/economiasa.com.br\/blog\/","name":"Economia S\/A","description":"Ler faz bem para os neg\u00f3cios","potentialAction":[{"@type":"SearchAction","target":{"@type":"EntryPoint","urlTemplate":"https:\/\/economiasa.com.br\/blog\/?s={search_term_string}"},"query-input":{"@type":"PropertyValueSpecification","valueRequired":true,"valueName":"search_term_string"}}],"inLanguage":"pt-BR"},{"@type":"Person","@id":"https:\/\/economiasa.com.br\/blog\/#\/schema\/person\/14b8ac2dc25bd63b52bc54e845fa3923","name":"Reda\u00e7\u00e3o","image":{"@type":"ImageObject","inLanguage":"pt-BR","@id":"https:\/\/secure.gravatar.com\/avatar\/c8c795261f7f8547b22616a549577db9e450bd5622da3f6eb62b0e2c3e364c4e?s=96&d=mm&r=g0fb5212bc57e2287787936667fbbe0ff","url":"https:\/\/secure.gravatar.com\/avatar\/c8c795261f7f8547b22616a549577db9e450bd5622da3f6eb62b0e2c3e364c4e?s=96&d=mm&r=g","contentUrl":"https:\/\/secure.gravatar.com\/avatar\/c8c795261f7f8547b22616a549577db9e450bd5622da3f6eb62b0e2c3e364c4e?s=96&d=mm&r=g","caption":"Reda\u00e7\u00e3o"},"sameAs":["http:\/\/www.economiasa.com.br"],"url":"https:\/\/economiasa.com.br\/blog\/author\/redacao\/"}]}},"authors":[{"term_id":13248,"user_id":47,"is_guest":0,"slug":"redacao","display_name":"Reda\u00e7\u00e3o","avatar_url":"https:\/\/secure.gravatar.com\/avatar\/c8c795261f7f8547b22616a549577db9e450bd5622da3f6eb62b0e2c3e364c4e?s=96&d=mm&r=g","author_category":"","first_name":"Reda\u00e7\u00e3o","last_name":"","user_url":"http:\/\/www.economiasa.com.br","job_title":"","description":""}],"amp_enabled":true,"_links":{"self":[{"href":"https:\/\/economiasa.com.br\/blog\/wp-json\/wp\/v2\/posts\/84947","targetHints":{"allow":["GET"]}}],"collection":[{"href":"https:\/\/economiasa.com.br\/blog\/wp-json\/wp\/v2\/posts"}],"about":[{"href":"https:\/\/economiasa.com.br\/blog\/wp-json\/wp\/v2\/types\/post"}],"author":[{"embeddable":true,"href":"https:\/\/economiasa.com.br\/blog\/wp-json\/wp\/v2\/users\/47"}],"replies":[{"embeddable":true,"href":"https:\/\/economiasa.com.br\/blog\/wp-json\/wp\/v2\/comments?post=84947"}],"version-history":[{"count":0,"href":"https:\/\/economiasa.com.br\/blog\/wp-json\/wp\/v2\/posts\/84947\/revisions"}],"wp:featuredmedia":[{"embeddable":true,"href":"https:\/\/economiasa.com.br\/blog\/wp-json\/wp\/v2\/media\/84948"}],"wp:attachment":[{"href":"https:\/\/economiasa.com.br\/blog\/wp-json\/wp\/v2\/media?parent=84947"}],"wp:term":[{"taxonomy":"category","embeddable":true,"href":"https:\/\/economiasa.com.br\/blog\/wp-json\/wp\/v2\/categories?post=84947"},{"taxonomy":"post_tag","embeddable":true,"href":"https:\/\/economiasa.com.br\/blog\/wp-json\/wp\/v2\/tags?post=84947"},{"taxonomy":"author","embeddable":true,"href":"https:\/\/economiasa.com.br\/blog\/wp-json\/wp\/v2\/ppma_author?post=84947"}],"curies":[{"name":"wp","href":"https:\/\/api.w.org\/{rel}","templated":true}]}}