{"id":84949,"date":"2026-09-01T16:49:50","date_gmt":"2026-09-01T19:49:50","guid":{"rendered":"https:\/\/economiasa.com.br\/blog\/?p=84949"},"modified":"2026-09-01T16:49:50","modified_gmt":"2026-09-01T19:49:50","slug":"divina-terra-run-reuniu-550-corredores-em-primeira-edicao-da-corrida-de-rua-da-marca-no-rio-grande-do-sul","status":"publish","type":"post","link":"https:\/\/economiasa.com.br\/blog\/divina-terra-run-reuniu-550-corredores-em-primeira-edicao-da-corrida-de-rua-da-marca-no-rio-grande-do-sul\/","title":{"rendered":"Divina Terra Run reuniu 550 corredores em primeira edi\u00e7\u00e3o da corrida de rua da marca no Rio Grande do Sul"},"content":{"rendered":"\n<p class=\"wp-block-paragraph\"><em>Evento reuniu moradores da regi\u00e3o para uma manh\u00e3 dedicada \u00e0 atividade f\u00edsica e ao bem-estar<\/em><\/p>\n\n\n\n<p class=\"wp-block-paragraph\">A primeira edi\u00e7\u00e3o da Divina Terra Run reuniu cerca de 550 corredores no \u00faltimo s\u00e1bado (29), em Est\u00e2ncia Velha, no Rio Grande do Sul. Promovida pela Divina Terra, maior rede de mercados saud\u00e1veis do pa\u00eds, a corrida contou com percursos de 3 km e 5 km e recebeu participantes de diferentes n\u00edveis, al\u00e9m de fam\u00edlias e grupos de amigos.<\/p>\n\n\n\n<p class=\"wp-block-paragraph\">Realizada na Pra\u00e7a 1\u00ba de Maio, no Centro da cidade, a a\u00e7\u00e3o foi mobilizada pelos franqueados da regi\u00e3o e levou para fora das lojas temas associados \u00e0 marca, como sa\u00fade, alimenta\u00e7\u00e3o equilibrada, movimento e qualidade de vida.<\/p>\n\n\n\n<p class=\"wp-block-paragraph\">A manh\u00e3 tamb\u00e9m reuniu parceiros que se somaram \u00e0 iniciativa e ajudaram a compor a experi\u00eancia do p\u00fablico, entre eles Toca, Gluac, ALPACAS, TAO, ALVA, Alquimia da Sa\u00fade, Supercoffee, Guaday, DOBRO, KICK OFF, ESSENTIAL, Organics Life, Ocean Drop, JUNGLE Caf\u00e9, Divina Terra, UEVO, Evolve, Vitafor, Ybira, Vitalize, Activitta, Belive e Run More. A programa\u00e7\u00e3o incluiu momentos de intera\u00e7\u00e3o e degusta\u00e7\u00e3o, al\u00e9m de m\u00fasica com DJ, mantendo o foco na celebra\u00e7\u00e3o do esporte, do bem-estar e da conviv\u00eancia.<\/p>\n\n\n\n<p class=\"wp-block-paragraph\">A realiza\u00e7\u00e3o tamb\u00e9m refor\u00e7a a presen\u00e7a da Divina Terra no Vale dos Sinos, onde a marca mant\u00e9m lojas em S\u00e3o Leopoldo, Est\u00e2ncia Velha, Novo Hamburgo, Dois Irm\u00e3os, Campo Bom e Sapiranga.<\/p>\n\n\n\n<p class=\"wp-block-paragraph\">A corrida ainda d\u00e1 continuidade a a\u00e7\u00f5es promovidas pelos franqueados, como o Trein\u00e3o Solid\u00e1rio, realizado em outubro de 2025 em apoio \u00e0 preven\u00e7\u00e3o do c\u00e2ncer de mama.<\/p>\n\n\n\n<p class=\"wp-block-paragraph\">Para S\u00e9rgio Costa, s\u00f3cio da Divina Terra, o retorno positivo do p\u00fablico refor\u00e7a a proposta da iniciativa. \u201cTivemos muitos elogios \u00e0 organiza\u00e7\u00e3o, \u00e0s ativa\u00e7\u00f5es, ao kit e \u00e0 premia\u00e7\u00e3o. Foi muito especial perceber o quanto as pessoas valorizaram cada detalhe da experi\u00eancia\u201d, afirma.<\/p>\n\n\n\n<p class=\"wp-block-paragraph\">A corrida tamb\u00e9m traduz a atua\u00e7\u00e3o da marca para al\u00e9m da alimenta\u00e7\u00e3o. \u201cA Divina Terra acredita em um estilo de vida saud\u00e1vel de forma ampla. A corrida \u00e9 uma extens\u00e3o disso: da nutri\u00e7\u00e3o ao estilo de vida, passando pelo movimento, bem-estar e conviv\u00eancia\u201d, destaca.<\/p>\n\n\n\n<h3 class=\"wp-block-heading\">Pr\u00f3ximas edi\u00e7\u00f5es<\/h3>\n\n\n\n<p class=\"wp-block-paragraph\">A estreia em Est\u00e2ncia Velha servir\u00e1 como ponto de partida para a expans\u00e3o da Divina Terra Run. Ainda em 2026, a marca prev\u00ea novas edi\u00e7\u00f5es no Rio Grande do Sul.<\/p>\n\n\n\n<p class=\"wp-block-paragraph\">A pr\u00f3xima edi\u00e7\u00e3o j\u00e1 tem data marcada em Bel\u00e9m do Par\u00e1:\u00a0<strong>24 de janeiro de 2027<\/strong>. A proposta \u00e9 levar a corrida a novas cidades e criar experi\u00eancias de aproxima\u00e7\u00e3o com os consumidores, conectando a atua\u00e7\u00e3o da Divina Terra a temas como alimenta\u00e7\u00e3o, movimento e bem-estar.<\/p>\n","protected":false},"excerpt":{"rendered":"<p>Evento reuniu moradores da regi\u00e3o para uma manh\u00e3 dedicada \u00e0 atividade f\u00edsica e ao bem-estar A primeira edi\u00e7\u00e3o da Divina Terra Run&#8230;<\/p>\n","protected":false},"author":47,"featured_media":84950,"comment_status":"closed","ping_status":"open","sticky":false,"template":"","format":"standard","meta":{"footnotes":""},"categories":[1176],"tags":[],"ppma_author":[13248],"class_list":["post-84949","post","type-post","status-publish","format-standard","has-post-thumbnail","category-esportes"],"yoast_head":"<!-- This site is optimized with the Yoast SEO plugin v27.2 - https:\/\/yoast.com\/product\/yoast-seo-wordpress\/ -->\n<title>Divina Terra Run reuniu 550 corredores em primeira edi\u00e7\u00e3o da corrida de rua da marca no Rio Grande do Sul - Economia S\/A<\/title>\n<meta name=\"robots\" content=\"index, follow, max-snippet:-1, max-image-preview:large, max-video-preview:-1\" \/>\n<link rel=\"canonical\" href=\"https:\/\/economiasa.com.br\/blog\/divina-terra-run-reuniu-550-corredores-em-primeira-edicao-da-corrida-de-rua-da-marca-no-rio-grande-do-sul\/\" \/>\n<meta property=\"og:locale\" content=\"pt_BR\" \/>\n<meta property=\"og:type\" content=\"article\" \/>\n<meta property=\"og:title\" content=\"Divina Terra Run reuniu 550 corredores em primeira edi\u00e7\u00e3o da corrida de rua da marca no Rio Grande do Sul - Economia S\/A\" \/>\n<meta property=\"og:description\" content=\"Evento reuniu moradores da regi\u00e3o para uma manh\u00e3 dedicada \u00e0 atividade f\u00edsica e ao bem-estar A primeira edi\u00e7\u00e3o da Divina Terra Run...\" \/>\n<meta property=\"og:url\" content=\"https:\/\/economiasa.com.br\/blog\/divina-terra-run-reuniu-550-corredores-em-primeira-edicao-da-corrida-de-rua-da-marca-no-rio-grande-do-sul\/\" \/>\n<meta property=\"og:site_name\" content=\"Economia S\/A\" \/>\n<meta property=\"article:published_time\" content=\"2026-09-01T19:49:50+00:00\" \/>\n<meta property=\"og:image\" content=\"https:\/\/economiasa.com.br\/blog\/wp-content\/uploads\/2026\/09\/WhatsApp-Image-2026-08-31-at-15.43.11.jpeg\" \/>\n\t<meta property=\"og:image:width\" content=\"1600\" \/>\n\t<meta property=\"og:image:height\" content=\"1067\" \/>\n\t<meta property=\"og:image:type\" content=\"image\/jpeg\" \/>\n<meta name=\"author\" content=\"Reda\u00e7\u00e3o\" \/>\n<meta name=\"twitter:card\" content=\"summary_large_image\" \/>\n<meta name=\"twitter:label1\" content=\"Escrito por\" \/>\n\t<meta name=\"twitter:data1\" content=\"Reda\u00e7\u00e3o\" \/>\n\t<meta name=\"twitter:label2\" content=\"Est. tempo de leitura\" \/>\n\t<meta name=\"twitter:data2\" content=\"3 minutos\" \/>\n<script type=\"application\/ld+json\" class=\"yoast-schema-graph\">{\"@context\":\"https:\/\/schema.org\",\"@graph\":[{\"@type\":\"Article\",\"@id\":\"https:\/\/economiasa.com.br\/blog\/divina-terra-run-reuniu-550-corredores-em-primeira-edicao-da-corrida-de-rua-da-marca-no-rio-grande-do-sul\/#article\",\"isPartOf\":{\"@id\":\"https:\/\/economiasa.com.br\/blog\/divina-terra-run-reuniu-550-corredores-em-primeira-edicao-da-corrida-de-rua-da-marca-no-rio-grande-do-sul\/\"},\"author\":{\"name\":\"Reda\u00e7\u00e3o\",\"@id\":\"https:\/\/economiasa.com.br\/blog\/#\/schema\/person\/14b8ac2dc25bd63b52bc54e845fa3923\"},\"headline\":\"Divina Terra Run reuniu 550 corredores em primeira edi\u00e7\u00e3o da corrida de rua da marca no Rio Grande do Sul\",\"datePublished\":\"2026-09-01T19:49:50+00:00\",\"mainEntityOfPage\":{\"@id\":\"https:\/\/economiasa.com.br\/blog\/divina-terra-run-reuniu-550-corredores-em-primeira-edicao-da-corrida-de-rua-da-marca-no-rio-grande-do-sul\/\"},\"wordCount\":482,\"image\":{\"@id\":\"https:\/\/economiasa.com.br\/blog\/divina-terra-run-reuniu-550-corredores-em-primeira-edicao-da-corrida-de-rua-da-marca-no-rio-grande-do-sul\/#primaryimage\"},\"thumbnailUrl\":\"https:\/\/economiasa.com.br\/blog\/wp-content\/uploads\/2026\/09\/WhatsApp-Image-2026-08-31-at-15.43.11.jpeg\",\"articleSection\":[\"Esportes\"],\"inLanguage\":\"pt-BR\"},{\"@type\":\"WebPage\",\"@id\":\"https:\/\/economiasa.com.br\/blog\/divina-terra-run-reuniu-550-corredores-em-primeira-edicao-da-corrida-de-rua-da-marca-no-rio-grande-do-sul\/\",\"url\":\"https:\/\/economiasa.com.br\/blog\/divina-terra-run-reuniu-550-corredores-em-primeira-edicao-da-corrida-de-rua-da-marca-no-rio-grande-do-sul\/\",\"name\":\"Divina Terra Run reuniu 550 corredores em primeira edi\u00e7\u00e3o da corrida de rua da marca no Rio Grande do Sul - Economia S\/A\",\"isPartOf\":{\"@id\":\"https:\/\/economiasa.com.br\/blog\/#website\"},\"primaryImageOfPage\":{\"@id\":\"https:\/\/economiasa.com.br\/blog\/divina-terra-run-reuniu-550-corredores-em-primeira-edicao-da-corrida-de-rua-da-marca-no-rio-grande-do-sul\/#primaryimage\"},\"image\":{\"@id\":\"https:\/\/economiasa.com.br\/blog\/divina-terra-run-reuniu-550-corredores-em-primeira-edicao-da-corrida-de-rua-da-marca-no-rio-grande-do-sul\/#primaryimage\"},\"thumbnailUrl\":\"https:\/\/economiasa.com.br\/blog\/wp-content\/uploads\/2026\/09\/WhatsApp-Image-2026-08-31-at-15.43.11.jpeg\",\"datePublished\":\"2026-09-01T19:49:50+00:00\",\"author\":{\"@id\":\"https:\/\/economiasa.com.br\/blog\/#\/schema\/person\/14b8ac2dc25bd63b52bc54e845fa3923\"},\"breadcrumb\":{\"@id\":\"https:\/\/economiasa.com.br\/blog\/divina-terra-run-reuniu-550-corredores-em-primeira-edicao-da-corrida-de-rua-da-marca-no-rio-grande-do-sul\/#breadcrumb\"},\"inLanguage\":\"pt-BR\",\"potentialAction\":[{\"@type\":\"ReadAction\",\"target\":[\"https:\/\/economiasa.com.br\/blog\/divina-terra-run-reuniu-550-corredores-em-primeira-edicao-da-corrida-de-rua-da-marca-no-rio-grande-do-sul\/\"]}]},{\"@type\":\"ImageObject\",\"inLanguage\":\"pt-BR\",\"@id\":\"https:\/\/economiasa.com.br\/blog\/divina-terra-run-reuniu-550-corredores-em-primeira-edicao-da-corrida-de-rua-da-marca-no-rio-grande-do-sul\/#primaryimage\",\"url\":\"https:\/\/economiasa.com.br\/blog\/wp-content\/uploads\/2026\/09\/WhatsApp-Image-2026-08-31-at-15.43.11.jpeg\",\"contentUrl\":\"https:\/\/economiasa.com.br\/blog\/wp-content\/uploads\/2026\/09\/WhatsApp-Image-2026-08-31-at-15.43.11.jpeg\",\"width\":1600,\"height\":1067,\"caption\":\"Cr\u00e9dito: Divina Terra\"},{\"@type\":\"BreadcrumbList\",\"@id\":\"https:\/\/economiasa.com.br\/blog\/divina-terra-run-reuniu-550-corredores-em-primeira-edicao-da-corrida-de-rua-da-marca-no-rio-grande-do-sul\/#breadcrumb\",\"itemListElement\":[{\"@type\":\"ListItem\",\"position\":1,\"name\":\"In\u00edcio\",\"item\":\"https:\/\/economiasa.com.br\/blog\/\"},{\"@type\":\"ListItem\",\"position\":2,\"name\":\"Divina Terra Run reuniu 550 corredores em primeira edi\u00e7\u00e3o da corrida de rua da marca no Rio Grande do Sul\"}]},{\"@type\":\"WebSite\",\"@id\":\"https:\/\/economiasa.com.br\/blog\/#website\",\"url\":\"https:\/\/economiasa.com.br\/blog\/\",\"name\":\"Economia S\/A\",\"description\":\"Ler faz bem para os neg\u00f3cios\",\"potentialAction\":[{\"@type\":\"SearchAction\",\"target\":{\"@type\":\"EntryPoint\",\"urlTemplate\":\"https:\/\/economiasa.com.br\/blog\/?s={search_term_string}\"},\"query-input\":{\"@type\":\"PropertyValueSpecification\",\"valueRequired\":true,\"valueName\":\"search_term_string\"}}],\"inLanguage\":\"pt-BR\"},{\"@type\":\"Person\",\"@id\":\"https:\/\/economiasa.com.br\/blog\/#\/schema\/person\/14b8ac2dc25bd63b52bc54e845fa3923\",\"name\":\"Reda\u00e7\u00e3o\",\"image\":{\"@type\":\"ImageObject\",\"inLanguage\":\"pt-BR\",\"@id\":\"https:\/\/secure.gravatar.com\/avatar\/c8c795261f7f8547b22616a549577db9e450bd5622da3f6eb62b0e2c3e364c4e?s=96&d=mm&r=g0fb5212bc57e2287787936667fbbe0ff\",\"url\":\"https:\/\/secure.gravatar.com\/avatar\/c8c795261f7f8547b22616a549577db9e450bd5622da3f6eb62b0e2c3e364c4e?s=96&d=mm&r=g\",\"contentUrl\":\"https:\/\/secure.gravatar.com\/avatar\/c8c795261f7f8547b22616a549577db9e450bd5622da3f6eb62b0e2c3e364c4e?s=96&d=mm&r=g\",\"caption\":\"Reda\u00e7\u00e3o\"},\"sameAs\":[\"http:\/\/www.economiasa.com.br\"],\"url\":\"https:\/\/economiasa.com.br\/blog\/author\/redacao\/\"}]}<\/script>\n<!-- \/ Yoast SEO plugin. -->","yoast_head_json":{"title":"Divina Terra Run reuniu 550 corredores em primeira edi\u00e7\u00e3o da corrida de rua da marca no Rio Grande do Sul - Economia S\/A","robots":{"index":"index","follow":"follow","max-snippet":"max-snippet:-1","max-image-preview":"max-image-preview:large","max-video-preview":"max-video-preview:-1"},"canonical":"https:\/\/economiasa.com.br\/blog\/divina-terra-run-reuniu-550-corredores-em-primeira-edicao-da-corrida-de-rua-da-marca-no-rio-grande-do-sul\/","og_locale":"pt_BR","og_type":"article","og_title":"Divina Terra Run reuniu 550 corredores em primeira edi\u00e7\u00e3o da corrida de rua da marca no Rio Grande do Sul - Economia S\/A","og_description":"Evento reuniu moradores da regi\u00e3o para uma manh\u00e3 dedicada \u00e0 atividade f\u00edsica e ao bem-estar A primeira edi\u00e7\u00e3o da Divina Terra Run...","og_url":"https:\/\/economiasa.com.br\/blog\/divina-terra-run-reuniu-550-corredores-em-primeira-edicao-da-corrida-de-rua-da-marca-no-rio-grande-do-sul\/","og_site_name":"Economia S\/A","article_published_time":"2026-09-01T19:49:50+00:00","og_image":[{"width":1600,"height":1067,"url":"https:\/\/economiasa.com.br\/blog\/wp-content\/uploads\/2026\/09\/WhatsApp-Image-2026-08-31-at-15.43.11.jpeg","type":"image\/jpeg"}],"author":"Reda\u00e7\u00e3o","twitter_card":"summary_large_image","twitter_misc":{"Escrito por":"Reda\u00e7\u00e3o","Est. tempo de leitura":"3 minutos"},"schema":{"@context":"https:\/\/schema.org","@graph":[{"@type":"Article","@id":"https:\/\/economiasa.com.br\/blog\/divina-terra-run-reuniu-550-corredores-em-primeira-edicao-da-corrida-de-rua-da-marca-no-rio-grande-do-sul\/#article","isPartOf":{"@id":"https:\/\/economiasa.com.br\/blog\/divina-terra-run-reuniu-550-corredores-em-primeira-edicao-da-corrida-de-rua-da-marca-no-rio-grande-do-sul\/"},"author":{"name":"Reda\u00e7\u00e3o","@id":"https:\/\/economiasa.com.br\/blog\/#\/schema\/person\/14b8ac2dc25bd63b52bc54e845fa3923"},"headline":"Divina Terra Run reuniu 550 corredores em primeira edi\u00e7\u00e3o da corrida de rua da marca no Rio Grande do Sul","datePublished":"2026-09-01T19:49:50+00:00","mainEntityOfPage":{"@id":"https:\/\/economiasa.com.br\/blog\/divina-terra-run-reuniu-550-corredores-em-primeira-edicao-da-corrida-de-rua-da-marca-no-rio-grande-do-sul\/"},"wordCount":482,"image":{"@id":"https:\/\/economiasa.com.br\/blog\/divina-terra-run-reuniu-550-corredores-em-primeira-edicao-da-corrida-de-rua-da-marca-no-rio-grande-do-sul\/#primaryimage"},"thumbnailUrl":"https:\/\/economiasa.com.br\/blog\/wp-content\/uploads\/2026\/09\/WhatsApp-Image-2026-08-31-at-15.43.11.jpeg","articleSection":["Esportes"],"inLanguage":"pt-BR"},{"@type":"WebPage","@id":"https:\/\/economiasa.com.br\/blog\/divina-terra-run-reuniu-550-corredores-em-primeira-edicao-da-corrida-de-rua-da-marca-no-rio-grande-do-sul\/","url":"https:\/\/economiasa.com.br\/blog\/divina-terra-run-reuniu-550-corredores-em-primeira-edicao-da-corrida-de-rua-da-marca-no-rio-grande-do-sul\/","name":"Divina Terra Run reuniu 550 corredores em primeira edi\u00e7\u00e3o da corrida de rua da marca no Rio Grande do Sul - Economia S\/A","isPartOf":{"@id":"https:\/\/economiasa.com.br\/blog\/#website"},"primaryImageOfPage":{"@id":"https:\/\/economiasa.com.br\/blog\/divina-terra-run-reuniu-550-corredores-em-primeira-edicao-da-corrida-de-rua-da-marca-no-rio-grande-do-sul\/#primaryimage"},"image":{"@id":"https:\/\/economiasa.com.br\/blog\/divina-terra-run-reuniu-550-corredores-em-primeira-edicao-da-corrida-de-rua-da-marca-no-rio-grande-do-sul\/#primaryimage"},"thumbnailUrl":"https:\/\/economiasa.com.br\/blog\/wp-content\/uploads\/2026\/09\/WhatsApp-Image-2026-08-31-at-15.43.11.jpeg","datePublished":"2026-09-01T19:49:50+00:00","author":{"@id":"https:\/\/economiasa.com.br\/blog\/#\/schema\/person\/14b8ac2dc25bd63b52bc54e845fa3923"},"breadcrumb":{"@id":"https:\/\/economiasa.com.br\/blog\/divina-terra-run-reuniu-550-corredores-em-primeira-edicao-da-corrida-de-rua-da-marca-no-rio-grande-do-sul\/#breadcrumb"},"inLanguage":"pt-BR","potentialAction":[{"@type":"ReadAction","target":["https:\/\/economiasa.com.br\/blog\/divina-terra-run-reuniu-550-corredores-em-primeira-edicao-da-corrida-de-rua-da-marca-no-rio-grande-do-sul\/"]}]},{"@type":"ImageObject","inLanguage":"pt-BR","@id":"https:\/\/economiasa.com.br\/blog\/divina-terra-run-reuniu-550-corredores-em-primeira-edicao-da-corrida-de-rua-da-marca-no-rio-grande-do-sul\/#primaryimage","url":"https:\/\/economiasa.com.br\/blog\/wp-content\/uploads\/2026\/09\/WhatsApp-Image-2026-08-31-at-15.43.11.jpeg","contentUrl":"https:\/\/economiasa.com.br\/blog\/wp-content\/uploads\/2026\/09\/WhatsApp-Image-2026-08-31-at-15.43.11.jpeg","width":1600,"height":1067,"caption":"Cr\u00e9dito: Divina Terra"},{"@type":"BreadcrumbList","@id":"https:\/\/economiasa.com.br\/blog\/divina-terra-run-reuniu-550-corredores-em-primeira-edicao-da-corrida-de-rua-da-marca-no-rio-grande-do-sul\/#breadcrumb","itemListElement":[{"@type":"ListItem","position":1,"name":"In\u00edcio","item":"https:\/\/economiasa.com.br\/blog\/"},{"@type":"ListItem","position":2,"name":"Divina Terra Run reuniu 550 corredores em primeira edi\u00e7\u00e3o da corrida de rua da marca no Rio Grande do Sul"}]},{"@type":"WebSite","@id":"https:\/\/economiasa.com.br\/blog\/#website","url":"https:\/\/economiasa.com.br\/blog\/","name":"Economia S\/A","description":"Ler faz bem para os neg\u00f3cios","potentialAction":[{"@type":"SearchAction","target":{"@type":"EntryPoint","urlTemplate":"https:\/\/economiasa.com.br\/blog\/?s={search_term_string}"},"query-input":{"@type":"PropertyValueSpecification","valueRequired":true,"valueName":"search_term_string"}}],"inLanguage":"pt-BR"},{"@type":"Person","@id":"https:\/\/economiasa.com.br\/blog\/#\/schema\/person\/14b8ac2dc25bd63b52bc54e845fa3923","name":"Reda\u00e7\u00e3o","image":{"@type":"ImageObject","inLanguage":"pt-BR","@id":"https:\/\/secure.gravatar.com\/avatar\/c8c795261f7f8547b22616a549577db9e450bd5622da3f6eb62b0e2c3e364c4e?s=96&d=mm&r=g0fb5212bc57e2287787936667fbbe0ff","url":"https:\/\/secure.gravatar.com\/avatar\/c8c795261f7f8547b22616a549577db9e450bd5622da3f6eb62b0e2c3e364c4e?s=96&d=mm&r=g","contentUrl":"https:\/\/secure.gravatar.com\/avatar\/c8c795261f7f8547b22616a549577db9e450bd5622da3f6eb62b0e2c3e364c4e?s=96&d=mm&r=g","caption":"Reda\u00e7\u00e3o"},"sameAs":["http:\/\/www.economiasa.com.br"],"url":"https:\/\/economiasa.com.br\/blog\/author\/redacao\/"}]}},"authors":[{"term_id":13248,"user_id":47,"is_guest":0,"slug":"redacao","display_name":"Reda\u00e7\u00e3o","avatar_url":"https:\/\/secure.gravatar.com\/avatar\/c8c795261f7f8547b22616a549577db9e450bd5622da3f6eb62b0e2c3e364c4e?s=96&d=mm&r=g","author_category":"","first_name":"Reda\u00e7\u00e3o","last_name":"","user_url":"http:\/\/www.economiasa.com.br","job_title":"","description":""}],"amp_enabled":true,"_links":{"self":[{"href":"https:\/\/economiasa.com.br\/blog\/wp-json\/wp\/v2\/posts\/84949","targetHints":{"allow":["GET"]}}],"collection":[{"href":"https:\/\/economiasa.com.br\/blog\/wp-json\/wp\/v2\/posts"}],"about":[{"href":"https:\/\/economiasa.com.br\/blog\/wp-json\/wp\/v2\/types\/post"}],"author":[{"embeddable":true,"href":"https:\/\/economiasa.com.br\/blog\/wp-json\/wp\/v2\/users\/47"}],"replies":[{"embeddable":true,"href":"https:\/\/economiasa.com.br\/blog\/wp-json\/wp\/v2\/comments?post=84949"}],"version-history":[{"count":0,"href":"https:\/\/economiasa.com.br\/blog\/wp-json\/wp\/v2\/posts\/84949\/revisions"}],"wp:featuredmedia":[{"embeddable":true,"href":"https:\/\/economiasa.com.br\/blog\/wp-json\/wp\/v2\/media\/84950"}],"wp:attachment":[{"href":"https:\/\/economiasa.com.br\/blog\/wp-json\/wp\/v2\/media?parent=84949"}],"wp:term":[{"taxonomy":"category","embeddable":true,"href":"https:\/\/economiasa.com.br\/blog\/wp-json\/wp\/v2\/categories?post=84949"},{"taxonomy":"post_tag","embeddable":true,"href":"https:\/\/economiasa.com.br\/blog\/wp-json\/wp\/v2\/tags?post=84949"},{"taxonomy":"author","embeddable":true,"href":"https:\/\/economiasa.com.br\/blog\/wp-json\/wp\/v2\/ppma_author?post=84949"}],"curies":[{"name":"wp","href":"https:\/\/api.w.org\/{rel}","templated":true}]}}