{"id":84953,"date":"2026-09-01T17:48:07","date_gmt":"2026-09-01T20:48:07","guid":{"rendered":"https:\/\/economiasa.com.br\/blog\/?p=84953"},"modified":"2026-09-01T17:50:20","modified_gmt":"2026-09-01T20:50:20","slug":"quitutes-e-batuques-festival-gratuito-une-gastronomia-e-cultura-em-cunha-e-atibaia-ate-dia-12-de-setembro","status":"publish","type":"post","link":"https:\/\/economiasa.com.br\/blog\/quitutes-e-batuques-festival-gratuito-une-gastronomia-e-cultura-em-cunha-e-atibaia-ate-dia-12-de-setembro\/","title":{"rendered":"Quitutes e Batuques: festival gratuito une gastronomia e cultura em Cunha e Atibaia, at\u00e9 dia 12 de setembro"},"content":{"rendered":"\n<p class=\"wp-block-paragraph\">Com o tema \u201cImigrantes\u201d, a edi\u00e7\u00e3o 2026 do Festival Quitutes e Batuques re\u00fane gastronomia, dan\u00e7a, m\u00fasica, artes visuais, audiovisual e artes c\u00eanicas entre 31 de agosto e 12 de setembro, passando por Cunha e Atibaia, no interior de S\u00e3o Paulo.<\/p>\n\n\n\n<p class=\"wp-block-paragraph\">Para mostrar como diferentes culturas podem se encontrar e se transformar, quando pessoas de v\u00e1rias origens passam a dividir o mesmo territ\u00f3rio, a festa comemora hist\u00f3rias de quem deixou sua terra natal e construiu novos v\u00ednculos no Brasil.<\/p>\n\n\n\n<p class=\"wp-block-paragraph\">Um dos personagens que merece destaque \u00e9 o holand\u00eas Gerwin de Koning. Ele chegou ao Brasil em 1997 para trabalhar como geneticista de animais em Campinas. Quatro anos depois, mudou-se para Cunha e acabou encontrando na gastronomia um novo caminho. Abriu o restaurante Dr\u00e3o, cujo nome foi inspirado na famosa can\u00e7\u00e3o de Gilberto Gil, e criou ra\u00edzes na cidade.<\/p>\n\n\n\n<p class=\"wp-block-paragraph\">Gerwin j\u00e1 havia participado do Quitutes e Batuques em 2011, quando a Holanda foi tema do evento. Agora retorna em uma edi\u00e7\u00e3o dedicada justamente \u00e0s experi\u00eancias dos imigrantes. Na cozinha, um dos protagonistas ser\u00e1 o queijo, produto que se tornou parte importante da identidade gastron\u00f4mica de Cunha.<\/p>\n\n\n\n<p class=\"wp-block-paragraph\">Tamb\u00e9m participa dessa experi\u00eancia Luiz Paulo Pereira dos Santos Quinta, conhecido como Luiz Queijista. Formado pela Escola Brasileira de Queijistas e atualmente radicado em Lorena, ele j\u00e1 atuou como jurado em importantes competi\u00e7\u00f5es, entre elas o Mundial do Queijo e a ExpoQueijo Mundial, realizada em Arax\u00e1. No evento, Luiz participa das atividades de gastronomia com curadoria e degusta\u00e7\u00e3o.<\/p>\n\n\n\n<p class=\"wp-block-paragraph\">Mas as trajet\u00f3rias de quem atravessou fronteiras n\u00e3o aparecem apenas \u00e0 mesa. Em Atibaia, uma delas ganha movimento por meio da dan\u00e7a. Genilda Ngunga Morais, conhecida como Safira, come\u00e7ou a dan\u00e7ar aos oito anos em Angola. Passou pelo Ballet Nacional do pa\u00eds e pelo grupo Jovens de Semba antes de se mudar para o Brasil, em 2018.<\/p>\n\n\n\n<p class=\"wp-block-paragraph\">Hoje, Safira integra companhias de dan\u00e7a em S\u00e3o Paulo e participa novamente do festival depois de j\u00e1 ter estado em uma edi\u00e7\u00e3o dedicada aos pa\u00edses de l\u00edngua portuguesa. Sua trajet\u00f3ria ajuda a mostrar como manifesta\u00e7\u00f5es art\u00edsticas podem funcionar como uma esp\u00e9cie de mem\u00f3ria afetiva para quem vive longe do lugar onde nasceu.<\/p>\n\n\n\n<p class=\"wp-block-paragraph\">A m\u00fasica tamb\u00e9m ter\u00e1 espa\u00e7o com a percussionista C\u00e1ssia Maria de Ara\u00fajo. Na \u00e1rea desde 1997, ela j\u00e1 trabalhou com artistas como Pereira da Viola e Socorro Lira e atualmente est\u00e1 \u00e0 frente do Bloco Percussomos, dedicado ao estudo e \u00e0 valoriza\u00e7\u00e3o dos ritmos brasileiros. Durante as oficinas, a proposta \u00e9 trabalhar percuss\u00e3o, cultura popular e a mem\u00f3ria existente por tr\u00e1s de cada ritmo.<\/p>\n\n\n\n<p class=\"wp-block-paragraph\">Segundo Coraly Pedroso, diretora-geral do Quitutes e Batuques, a escolha do tema desta edi\u00e7\u00e3o acompanha uma discuss\u00e3o que ganhou import\u00e2ncia nos \u00faltimos anos. \u201cAo colocar o artista imigrante como protagonista, o projeto reconhece sua import\u00e2ncia para a forma\u00e7\u00e3o cultural, o di\u00e1logo entre culturas, a valoriza\u00e7\u00e3o da diversidade e a promo\u00e7\u00e3o da Cultura de Paz\u201d, afirma.<\/p>\n\n\n\n<p class=\"wp-block-paragraph\">Criado a partir de uma ideia surgida em 2008 e realizado pela primeira vez no ano seguinte, o Quitutes e Batuques j\u00e1 teve seis edi\u00e7\u00f5es, alcan\u00e7ando mais de 20 mil pessoas. Aproximadamente 1.800 participantes passaram pelas oficinas realizadas ao longo desse per\u00edodo.<\/p>\n\n\n\n<p class=\"wp-block-paragraph\">Em Cunha, as atividades acontecem entre 31 de agosto e 4 de setembro, na Escola Estadual Dr. Casemiro da Rocha. O encerramento ser\u00e1 em 5 de setembro, na Pra\u00e7a Lavap\u00e9s, dentro da Festa do Queijo, com atra\u00e7\u00f5es de m\u00fasica, gastronomia, audiovisual e artes pl\u00e1sticas.<\/p>\n\n\n\n<p class=\"wp-block-paragraph\">J\u00e1 em Atibaia, as oficinas ser\u00e3o realizadas entre 8 e 12 de setembro, no Quilombo Urbano Negra Vis\u00e3o, localizado na Rua Dr. Osvaldo Urioste, 41, no Centro. No dia 12, o espa\u00e7o tamb\u00e9m recebe apresenta\u00e7\u00f5es de artes c\u00eanicas, gastronomia, m\u00fasica, artes pl\u00e1sticas, moda e audiovisual.<\/p>\n\n\n\n<p class=\"wp-block-paragraph\">Todas as atividades s\u00e3o gratuitas. A programa\u00e7\u00e3o completa pode ser consultada no insta\u00a0<a href=\"http:\/\/quitutesebatuques.com.br\/\" rel=\"noreferrer noopener\" target=\"_blank\">quitutesebatuques.com.br<\/a><\/p>\n","protected":false},"excerpt":{"rendered":"<p>Com o tema \u201cImigrantes\u201d, a edi\u00e7\u00e3o 2026 do Festival Quitutes e Batuques re\u00fane gastronomia, dan\u00e7a, m\u00fasica, artes visuais, audiovisual e artes c\u00eanicas&#8230;<\/p>\n","protected":false},"author":13,"featured_media":84954,"comment_status":"closed","ping_status":"open","sticky":false,"template":"","format":"standard","meta":{"footnotes":""},"categories":[12577],"tags":[],"ppma_author":[13237],"class_list":["post-84953","post","type-post","status-publish","format-standard","has-post-thumbnail","category-destaques"],"yoast_head":"<!-- This site is optimized with the Yoast SEO plugin v27.2 - https:\/\/yoast.com\/product\/yoast-seo-wordpress\/ -->\n<title>Quitutes e Batuques: festival gratuito une gastronomia e cultura em Cunha e Atibaia, at\u00e9 dia 12 de setembro - Economia S\/A<\/title>\n<meta name=\"robots\" content=\"index, follow, max-snippet:-1, max-image-preview:large, max-video-preview:-1\" \/>\n<link rel=\"canonical\" href=\"https:\/\/economiasa.com.br\/blog\/quitutes-e-batuques-festival-gratuito-une-gastronomia-e-cultura-em-cunha-e-atibaia-ate-dia-12-de-setembro\/\" \/>\n<meta property=\"og:locale\" content=\"pt_BR\" \/>\n<meta property=\"og:type\" content=\"article\" \/>\n<meta property=\"og:title\" content=\"Quitutes e Batuques: festival gratuito une gastronomia e cultura em Cunha e Atibaia, at\u00e9 dia 12 de setembro - Economia S\/A\" \/>\n<meta property=\"og:description\" content=\"Com o tema \u201cImigrantes\u201d, a edi\u00e7\u00e3o 2026 do Festival Quitutes e Batuques re\u00fane gastronomia, dan\u00e7a, m\u00fasica, artes visuais, audiovisual e artes c\u00eanicas...\" \/>\n<meta property=\"og:url\" content=\"https:\/\/economiasa.com.br\/blog\/quitutes-e-batuques-festival-gratuito-une-gastronomia-e-cultura-em-cunha-e-atibaia-ate-dia-12-de-setembro\/\" \/>\n<meta property=\"og:site_name\" content=\"Economia S\/A\" \/>\n<meta property=\"article:published_time\" content=\"2026-09-01T20:48:07+00:00\" \/>\n<meta property=\"article:modified_time\" content=\"2026-09-01T20:50:20+00:00\" \/>\n<meta property=\"og:image\" content=\"https:\/\/economiasa.com.br\/blog\/wp-content\/uploads\/2026\/09\/PHOTO-2026-09-01-16-15-57.jpg\" \/>\n\t<meta property=\"og:image:width\" content=\"1480\" \/>\n\t<meta property=\"og:image:height\" content=\"980\" \/>\n\t<meta property=\"og:image:type\" content=\"image\/jpeg\" \/>\n<meta name=\"author\" content=\"Reda\u00e7\u00e3o\" \/>\n<meta name=\"twitter:card\" content=\"summary_large_image\" \/>\n<meta name=\"twitter:label1\" content=\"Escrito por\" \/>\n\t<meta name=\"twitter:data1\" content=\"Reda\u00e7\u00e3o\" \/>\n\t<meta name=\"twitter:label2\" content=\"Est. tempo de leitura\" \/>\n\t<meta name=\"twitter:data2\" content=\"4 minutos\" \/>\n<script type=\"application\/ld+json\" class=\"yoast-schema-graph\">{\"@context\":\"https:\/\/schema.org\",\"@graph\":[{\"@type\":\"Article\",\"@id\":\"https:\/\/economiasa.com.br\/blog\/quitutes-e-batuques-festival-gratuito-une-gastronomia-e-cultura-em-cunha-e-atibaia-ate-dia-12-de-setembro\/#article\",\"isPartOf\":{\"@id\":\"https:\/\/economiasa.com.br\/blog\/quitutes-e-batuques-festival-gratuito-une-gastronomia-e-cultura-em-cunha-e-atibaia-ate-dia-12-de-setembro\/\"},\"author\":{\"name\":\"Reda\u00e7\u00e3o\",\"@id\":\"https:\/\/economiasa.com.br\/blog\/#\/schema\/person\/57f2dfaf8250a36d041a4e4cf0498faf\"},\"headline\":\"Quitutes e Batuques: festival gratuito une gastronomia e cultura em Cunha e Atibaia, at\u00e9 dia 12 de setembro\",\"datePublished\":\"2026-09-01T20:48:07+00:00\",\"dateModified\":\"2026-09-01T20:50:20+00:00\",\"mainEntityOfPage\":{\"@id\":\"https:\/\/economiasa.com.br\/blog\/quitutes-e-batuques-festival-gratuito-une-gastronomia-e-cultura-em-cunha-e-atibaia-ate-dia-12-de-setembro\/\"},\"wordCount\":685,\"image\":{\"@id\":\"https:\/\/economiasa.com.br\/blog\/quitutes-e-batuques-festival-gratuito-une-gastronomia-e-cultura-em-cunha-e-atibaia-ate-dia-12-de-setembro\/#primaryimage\"},\"thumbnailUrl\":\"https:\/\/economiasa.com.br\/blog\/wp-content\/uploads\/2026\/09\/PHOTO-2026-09-01-16-15-57.jpg\",\"articleSection\":[\"Destaques\"],\"inLanguage\":\"pt-BR\"},{\"@type\":\"WebPage\",\"@id\":\"https:\/\/economiasa.com.br\/blog\/quitutes-e-batuques-festival-gratuito-une-gastronomia-e-cultura-em-cunha-e-atibaia-ate-dia-12-de-setembro\/\",\"url\":\"https:\/\/economiasa.com.br\/blog\/quitutes-e-batuques-festival-gratuito-une-gastronomia-e-cultura-em-cunha-e-atibaia-ate-dia-12-de-setembro\/\",\"name\":\"Quitutes e Batuques: festival gratuito une gastronomia e cultura em Cunha e Atibaia, at\u00e9 dia 12 de setembro - Economia S\/A\",\"isPartOf\":{\"@id\":\"https:\/\/economiasa.com.br\/blog\/#website\"},\"primaryImageOfPage\":{\"@id\":\"https:\/\/economiasa.com.br\/blog\/quitutes-e-batuques-festival-gratuito-une-gastronomia-e-cultura-em-cunha-e-atibaia-ate-dia-12-de-setembro\/#primaryimage\"},\"image\":{\"@id\":\"https:\/\/economiasa.com.br\/blog\/quitutes-e-batuques-festival-gratuito-une-gastronomia-e-cultura-em-cunha-e-atibaia-ate-dia-12-de-setembro\/#primaryimage\"},\"thumbnailUrl\":\"https:\/\/economiasa.com.br\/blog\/wp-content\/uploads\/2026\/09\/PHOTO-2026-09-01-16-15-57.jpg\",\"datePublished\":\"2026-09-01T20:48:07+00:00\",\"dateModified\":\"2026-09-01T20:50:20+00:00\",\"author\":{\"@id\":\"https:\/\/economiasa.com.br\/blog\/#\/schema\/person\/57f2dfaf8250a36d041a4e4cf0498faf\"},\"breadcrumb\":{\"@id\":\"https:\/\/economiasa.com.br\/blog\/quitutes-e-batuques-festival-gratuito-une-gastronomia-e-cultura-em-cunha-e-atibaia-ate-dia-12-de-setembro\/#breadcrumb\"},\"inLanguage\":\"pt-BR\",\"potentialAction\":[{\"@type\":\"ReadAction\",\"target\":[\"https:\/\/economiasa.com.br\/blog\/quitutes-e-batuques-festival-gratuito-une-gastronomia-e-cultura-em-cunha-e-atibaia-ate-dia-12-de-setembro\/\"]}]},{\"@type\":\"ImageObject\",\"inLanguage\":\"pt-BR\",\"@id\":\"https:\/\/economiasa.com.br\/blog\/quitutes-e-batuques-festival-gratuito-une-gastronomia-e-cultura-em-cunha-e-atibaia-ate-dia-12-de-setembro\/#primaryimage\",\"url\":\"https:\/\/economiasa.com.br\/blog\/wp-content\/uploads\/2026\/09\/PHOTO-2026-09-01-16-15-57.jpg\",\"contentUrl\":\"https:\/\/economiasa.com.br\/blog\/wp-content\/uploads\/2026\/09\/PHOTO-2026-09-01-16-15-57.jpg\",\"width\":1480,\"height\":980},{\"@type\":\"BreadcrumbList\",\"@id\":\"https:\/\/economiasa.com.br\/blog\/quitutes-e-batuques-festival-gratuito-une-gastronomia-e-cultura-em-cunha-e-atibaia-ate-dia-12-de-setembro\/#breadcrumb\",\"itemListElement\":[{\"@type\":\"ListItem\",\"position\":1,\"name\":\"In\u00edcio\",\"item\":\"https:\/\/economiasa.com.br\/blog\/\"},{\"@type\":\"ListItem\",\"position\":2,\"name\":\"Quitutes e Batuques: festival gratuito une gastronomia e cultura em Cunha e Atibaia, at\u00e9 dia 12 de setembro\"}]},{\"@type\":\"WebSite\",\"@id\":\"https:\/\/economiasa.com.br\/blog\/#website\",\"url\":\"https:\/\/economiasa.com.br\/blog\/\",\"name\":\"Economia S\/A\",\"description\":\"Ler faz bem para os neg\u00f3cios\",\"potentialAction\":[{\"@type\":\"SearchAction\",\"target\":{\"@type\":\"EntryPoint\",\"urlTemplate\":\"https:\/\/economiasa.com.br\/blog\/?s={search_term_string}\"},\"query-input\":{\"@type\":\"PropertyValueSpecification\",\"valueRequired\":true,\"valueName\":\"search_term_string\"}}],\"inLanguage\":\"pt-BR\"},{\"@type\":\"Person\",\"@id\":\"https:\/\/economiasa.com.br\/blog\/#\/schema\/person\/57f2dfaf8250a36d041a4e4cf0498faf\",\"name\":\"Reda\u00e7\u00e3o\",\"image\":{\"@type\":\"ImageObject\",\"inLanguage\":\"pt-BR\",\"@id\":\"https:\/\/secure.gravatar.com\/avatar\/b9a74cf83ab7b387115b660a012a810ba4283a49e2dc1845eacfc09fd7fadd4b?s=96&d=mm&r=g8b4e5e7107f0781ab9bc60df20107da5\",\"url\":\"https:\/\/secure.gravatar.com\/avatar\/b9a74cf83ab7b387115b660a012a810ba4283a49e2dc1845eacfc09fd7fadd4b?s=96&d=mm&r=g\",\"contentUrl\":\"https:\/\/secure.gravatar.com\/avatar\/b9a74cf83ab7b387115b660a012a810ba4283a49e2dc1845eacfc09fd7fadd4b?s=96&d=mm&r=g\",\"caption\":\"Reda\u00e7\u00e3o\"},\"url\":\"https:\/\/economiasa.com.br\/blog\/author\/vhassessoriagmail-com\/\"}]}<\/script>\n<!-- \/ Yoast SEO plugin. -->","yoast_head_json":{"title":"Quitutes e Batuques: festival gratuito une gastronomia e cultura em Cunha e Atibaia, at\u00e9 dia 12 de setembro - Economia S\/A","robots":{"index":"index","follow":"follow","max-snippet":"max-snippet:-1","max-image-preview":"max-image-preview:large","max-video-preview":"max-video-preview:-1"},"canonical":"https:\/\/economiasa.com.br\/blog\/quitutes-e-batuques-festival-gratuito-une-gastronomia-e-cultura-em-cunha-e-atibaia-ate-dia-12-de-setembro\/","og_locale":"pt_BR","og_type":"article","og_title":"Quitutes e Batuques: festival gratuito une gastronomia e cultura em Cunha e Atibaia, at\u00e9 dia 12 de setembro - Economia S\/A","og_description":"Com o tema \u201cImigrantes\u201d, a edi\u00e7\u00e3o 2026 do Festival Quitutes e Batuques re\u00fane gastronomia, dan\u00e7a, m\u00fasica, artes visuais, audiovisual e artes c\u00eanicas...","og_url":"https:\/\/economiasa.com.br\/blog\/quitutes-e-batuques-festival-gratuito-une-gastronomia-e-cultura-em-cunha-e-atibaia-ate-dia-12-de-setembro\/","og_site_name":"Economia S\/A","article_published_time":"2026-09-01T20:48:07+00:00","article_modified_time":"2026-09-01T20:50:20+00:00","og_image":[{"width":1480,"height":980,"url":"https:\/\/economiasa.com.br\/blog\/wp-content\/uploads\/2026\/09\/PHOTO-2026-09-01-16-15-57.jpg","type":"image\/jpeg"}],"author":"Reda\u00e7\u00e3o","twitter_card":"summary_large_image","twitter_misc":{"Escrito por":"Reda\u00e7\u00e3o","Est. tempo de leitura":"4 minutos"},"schema":{"@context":"https:\/\/schema.org","@graph":[{"@type":"Article","@id":"https:\/\/economiasa.com.br\/blog\/quitutes-e-batuques-festival-gratuito-une-gastronomia-e-cultura-em-cunha-e-atibaia-ate-dia-12-de-setembro\/#article","isPartOf":{"@id":"https:\/\/economiasa.com.br\/blog\/quitutes-e-batuques-festival-gratuito-une-gastronomia-e-cultura-em-cunha-e-atibaia-ate-dia-12-de-setembro\/"},"author":{"name":"Reda\u00e7\u00e3o","@id":"https:\/\/economiasa.com.br\/blog\/#\/schema\/person\/57f2dfaf8250a36d041a4e4cf0498faf"},"headline":"Quitutes e Batuques: festival gratuito une gastronomia e cultura em Cunha e Atibaia, at\u00e9 dia 12 de setembro","datePublished":"2026-09-01T20:48:07+00:00","dateModified":"2026-09-01T20:50:20+00:00","mainEntityOfPage":{"@id":"https:\/\/economiasa.com.br\/blog\/quitutes-e-batuques-festival-gratuito-une-gastronomia-e-cultura-em-cunha-e-atibaia-ate-dia-12-de-setembro\/"},"wordCount":685,"image":{"@id":"https:\/\/economiasa.com.br\/blog\/quitutes-e-batuques-festival-gratuito-une-gastronomia-e-cultura-em-cunha-e-atibaia-ate-dia-12-de-setembro\/#primaryimage"},"thumbnailUrl":"https:\/\/economiasa.com.br\/blog\/wp-content\/uploads\/2026\/09\/PHOTO-2026-09-01-16-15-57.jpg","articleSection":["Destaques"],"inLanguage":"pt-BR"},{"@type":"WebPage","@id":"https:\/\/economiasa.com.br\/blog\/quitutes-e-batuques-festival-gratuito-une-gastronomia-e-cultura-em-cunha-e-atibaia-ate-dia-12-de-setembro\/","url":"https:\/\/economiasa.com.br\/blog\/quitutes-e-batuques-festival-gratuito-une-gastronomia-e-cultura-em-cunha-e-atibaia-ate-dia-12-de-setembro\/","name":"Quitutes e Batuques: festival gratuito une gastronomia e cultura em Cunha e Atibaia, at\u00e9 dia 12 de setembro - Economia S\/A","isPartOf":{"@id":"https:\/\/economiasa.com.br\/blog\/#website"},"primaryImageOfPage":{"@id":"https:\/\/economiasa.com.br\/blog\/quitutes-e-batuques-festival-gratuito-une-gastronomia-e-cultura-em-cunha-e-atibaia-ate-dia-12-de-setembro\/#primaryimage"},"image":{"@id":"https:\/\/economiasa.com.br\/blog\/quitutes-e-batuques-festival-gratuito-une-gastronomia-e-cultura-em-cunha-e-atibaia-ate-dia-12-de-setembro\/#primaryimage"},"thumbnailUrl":"https:\/\/economiasa.com.br\/blog\/wp-content\/uploads\/2026\/09\/PHOTO-2026-09-01-16-15-57.jpg","datePublished":"2026-09-01T20:48:07+00:00","dateModified":"2026-09-01T20:50:20+00:00","author":{"@id":"https:\/\/economiasa.com.br\/blog\/#\/schema\/person\/57f2dfaf8250a36d041a4e4cf0498faf"},"breadcrumb":{"@id":"https:\/\/economiasa.com.br\/blog\/quitutes-e-batuques-festival-gratuito-une-gastronomia-e-cultura-em-cunha-e-atibaia-ate-dia-12-de-setembro\/#breadcrumb"},"inLanguage":"pt-BR","potentialAction":[{"@type":"ReadAction","target":["https:\/\/economiasa.com.br\/blog\/quitutes-e-batuques-festival-gratuito-une-gastronomia-e-cultura-em-cunha-e-atibaia-ate-dia-12-de-setembro\/"]}]},{"@type":"ImageObject","inLanguage":"pt-BR","@id":"https:\/\/economiasa.com.br\/blog\/quitutes-e-batuques-festival-gratuito-une-gastronomia-e-cultura-em-cunha-e-atibaia-ate-dia-12-de-setembro\/#primaryimage","url":"https:\/\/economiasa.com.br\/blog\/wp-content\/uploads\/2026\/09\/PHOTO-2026-09-01-16-15-57.jpg","contentUrl":"https:\/\/economiasa.com.br\/blog\/wp-content\/uploads\/2026\/09\/PHOTO-2026-09-01-16-15-57.jpg","width":1480,"height":980},{"@type":"BreadcrumbList","@id":"https:\/\/economiasa.com.br\/blog\/quitutes-e-batuques-festival-gratuito-une-gastronomia-e-cultura-em-cunha-e-atibaia-ate-dia-12-de-setembro\/#breadcrumb","itemListElement":[{"@type":"ListItem","position":1,"name":"In\u00edcio","item":"https:\/\/economiasa.com.br\/blog\/"},{"@type":"ListItem","position":2,"name":"Quitutes e Batuques: festival gratuito une gastronomia e cultura em Cunha e Atibaia, at\u00e9 dia 12 de setembro"}]},{"@type":"WebSite","@id":"https:\/\/economiasa.com.br\/blog\/#website","url":"https:\/\/economiasa.com.br\/blog\/","name":"Economia S\/A","description":"Ler faz bem para os neg\u00f3cios","potentialAction":[{"@type":"SearchAction","target":{"@type":"EntryPoint","urlTemplate":"https:\/\/economiasa.com.br\/blog\/?s={search_term_string}"},"query-input":{"@type":"PropertyValueSpecification","valueRequired":true,"valueName":"search_term_string"}}],"inLanguage":"pt-BR"},{"@type":"Person","@id":"https:\/\/economiasa.com.br\/blog\/#\/schema\/person\/57f2dfaf8250a36d041a4e4cf0498faf","name":"Reda\u00e7\u00e3o","image":{"@type":"ImageObject","inLanguage":"pt-BR","@id":"https:\/\/secure.gravatar.com\/avatar\/b9a74cf83ab7b387115b660a012a810ba4283a49e2dc1845eacfc09fd7fadd4b?s=96&d=mm&r=g8b4e5e7107f0781ab9bc60df20107da5","url":"https:\/\/secure.gravatar.com\/avatar\/b9a74cf83ab7b387115b660a012a810ba4283a49e2dc1845eacfc09fd7fadd4b?s=96&d=mm&r=g","contentUrl":"https:\/\/secure.gravatar.com\/avatar\/b9a74cf83ab7b387115b660a012a810ba4283a49e2dc1845eacfc09fd7fadd4b?s=96&d=mm&r=g","caption":"Reda\u00e7\u00e3o"},"url":"https:\/\/economiasa.com.br\/blog\/author\/vhassessoriagmail-com\/"}]}},"authors":[{"term_id":13237,"user_id":13,"is_guest":0,"slug":"vhassessoriagmail-com","display_name":"Reda\u00e7\u00e3o","avatar_url":"https:\/\/secure.gravatar.com\/avatar\/b9a74cf83ab7b387115b660a012a810ba4283a49e2dc1845eacfc09fd7fadd4b?s=96&d=mm&r=g","author_category":"","first_name":"Vanessa","last_name":"Reda\u00e7\u00e3o","user_url":"","job_title":"","description":""}],"amp_enabled":true,"_links":{"self":[{"href":"https:\/\/economiasa.com.br\/blog\/wp-json\/wp\/v2\/posts\/84953","targetHints":{"allow":["GET"]}}],"collection":[{"href":"https:\/\/economiasa.com.br\/blog\/wp-json\/wp\/v2\/posts"}],"about":[{"href":"https:\/\/economiasa.com.br\/blog\/wp-json\/wp\/v2\/types\/post"}],"author":[{"embeddable":true,"href":"https:\/\/economiasa.com.br\/blog\/wp-json\/wp\/v2\/users\/13"}],"replies":[{"embeddable":true,"href":"https:\/\/economiasa.com.br\/blog\/wp-json\/wp\/v2\/comments?post=84953"}],"version-history":[{"count":0,"href":"https:\/\/economiasa.com.br\/blog\/wp-json\/wp\/v2\/posts\/84953\/revisions"}],"wp:featuredmedia":[{"embeddable":true,"href":"https:\/\/economiasa.com.br\/blog\/wp-json\/wp\/v2\/media\/84954"}],"wp:attachment":[{"href":"https:\/\/economiasa.com.br\/blog\/wp-json\/wp\/v2\/media?parent=84953"}],"wp:term":[{"taxonomy":"category","embeddable":true,"href":"https:\/\/economiasa.com.br\/blog\/wp-json\/wp\/v2\/categories?post=84953"},{"taxonomy":"post_tag","embeddable":true,"href":"https:\/\/economiasa.com.br\/blog\/wp-json\/wp\/v2\/tags?post=84953"},{"taxonomy":"author","embeddable":true,"href":"https:\/\/economiasa.com.br\/blog\/wp-json\/wp\/v2\/ppma_author?post=84953"}],"curies":[{"name":"wp","href":"https:\/\/api.w.org\/{rel}","templated":true}]}}