{"id":84955,"date":"2026-09-01T20:23:49","date_gmt":"2026-09-01T23:23:49","guid":{"rendered":"https:\/\/economiasa.com.br\/blog\/?p=84955"},"modified":"2026-09-01T20:23:50","modified_gmt":"2026-09-01T23:23:50","slug":"koria-lanca-segunda-edicao-do-summit-com-novidades-para-2027","status":"publish","type":"post","link":"https:\/\/economiasa.com.br\/blog\/koria-lanca-segunda-edicao-do-summit-com-novidades-para-2027\/","title":{"rendered":"Koria lan\u00e7a segunda edi\u00e7\u00e3o do Summit com novidades para 2027"},"content":{"rendered":"\n<p class=\"wp-block-paragraph\"><em>Evento reuniu 130 convidados em Caxias do Sul com palestra de Ant\u00f4nio Napole, estrategista de neg\u00f3cios de alto impacto<\/em>A Koria lan\u00e7ou oficialmente, na noite de 26 de agosto, a segunda edi\u00e7\u00e3o do Koria Summit. Promovido no Intercity Premium Caxias do Sul, o evento reuniu 130 convidados para conhecer em primeira m\u00e3o os planos para o pr\u00f3ximo encontro, que ser\u00e1 realizado no dia 18 de mar\u00e7o de 2027, na Casa Perlage, em Farroupilha (RS). Para a nova edi\u00e7\u00e3o, o Summit ter\u00e1 estrutura ampliada, passando de dois para tr\u00eas palcos, com conte\u00fados direcionados aos tr\u00eas principais segmentos de atua\u00e7\u00e3o da Koria: ind\u00fastria, mercado moveleiro e repintura automotiva.<\/p>\n\n\n\n<p class=\"wp-block-paragraph\">Durante o lan\u00e7amento, o CEO da Koria, Renato Valcarengh Nunes, apresentou o palestrante da noite, o consultor e especialista em planejamento estrat\u00e9gico, Antonio Napole, fundador da Katalisis Associates, ex-s\u00f3cio e diretor da Kaiser Associates. Destacando sua experi\u00eancia de quatro dias de imers\u00e3o em consultoria realizada com o estrategista empresarial, Renato ressaltou a import\u00e2ncia de compartilhar esse conhecimento com a regi\u00e3o e antecipou a vis\u00e3o que orienta a pr\u00f3xima edi\u00e7\u00e3o do Summit. \u201cTrazer o Napole para este encontro \u00e9 um presente para a nossa regi\u00e3o. Contem conosco para construir o futuro e aproveitem tudo o que ele tem a oferecer em conhecimento e experi\u00eancia\u201d, afirmou.<\/p>\n\n\n\n<p class=\"wp-block-paragraph\">Com 30 anos de atua\u00e7\u00e3o em consultoria, Napole iniciou sua apresenta\u00e7\u00e3o compartilhando aspectos de sua trajet\u00f3ria profissional e seu perfil empreendedor. Ao longo da carreira, participou do planejamento estrat\u00e9gico de mais de mil empresas e auxiliou ind\u00fastrias a alcan\u00e7arem posi\u00e7\u00f5es de lideran\u00e7a mundial em seus segmentos. Sua atua\u00e7\u00e3o \u00e9 concentrada principalmente em empresas de pequeno e m\u00e9dio porte e neg\u00f3cios conduzidos pelos pr\u00f3prios s\u00f3cios, com foco nos desafios de crescimento e competitividade diante de um mercado global.<\/p>\n\n\n\n<p class=\"wp-block-paragraph\">A palestra abordou a necessidade das empresas compreenderem com clareza onde est\u00e3o e para onde pretendem ir antes de definir suas estrat\u00e9gias de evolu\u00e7\u00e3o. Napole apresentou um roteiro de planejamento estrat\u00e9gico que considera diagn\u00f3sticos externo e interno, avaliando elementos e caracter\u00edsticas do mercado, natureza da demanda, posicionamento atual, resultados e potencial do neg\u00f3cio.<\/p>\n\n\n\n<p class=\"wp-block-paragraph\">Tamb\u00e9m destacou a import\u00e2ncia de transformar o planejamento em execu\u00e7\u00e3o e de compreender que iniciativas novas passam por ciclos de aprendizado e ajustes at\u00e9 alcan\u00e7ar os resultados esperados. \u201cA estrat\u00e9gia come\u00e7a pelo desejo dos s\u00f3cios e pela clareza sobre quem a empresa quer servir. Quando sabemos a quem servimos, tamb\u00e9m conseguimos entender com quem competimos e quais refer\u00eancias devem orientar nosso crescimento. Toda a\u00e7\u00e3o precisa nascer com um objetivo claro, e toda estrat\u00e9gia exige mudan\u00e7a e execu\u00e7\u00e3o\u201d, apontou o palestrante.<\/p>\n\n\n\n<p class=\"wp-block-paragraph\">O estrategista tamb\u00e9m compartilhou exemplos de estrat\u00e9gias adotadas por empresas atendidas ao longo de sua carreira e abriu espa\u00e7o para perguntas dos participantes, aprofundando temas relacionados a planejamento, posicionamento, crescimento e tomada de decis\u00e3o.<\/p>\n\n\n\n<p class=\"wp-block-paragraph\">O primeiro Koria Summit foi realizado em mar\u00e7o de 2026, reunindo 450 participantes, 12 expositores e mais de 20 palestrantes nacionais e internacionais, em 12 horas de programa\u00e7\u00e3o. O encontro tamb\u00e9m gerou mais de R$ 30 milh\u00f5es em oportunidades de neg\u00f3cios, resultado que serviu como base para a amplia\u00e7\u00e3o do projeto em 2027.<\/p>\n","protected":false},"excerpt":{"rendered":"<p>Evento reuniu 130 convidados em Caxias do Sul com palestra de Ant\u00f4nio Napole, estrategista de neg\u00f3cios de alto impactoA Koria lan\u00e7ou oficialmente,&#8230;<\/p>\n","protected":false},"author":47,"featured_media":84956,"comment_status":"closed","ping_status":"open","sticky":false,"template":"","format":"standard","meta":{"footnotes":""},"categories":[1973],"tags":[],"ppma_author":[13248],"class_list":["post-84955","post","type-post","status-publish","format-standard","has-post-thumbnail","category-eventos"],"yoast_head":"<!-- This site is optimized with the Yoast SEO plugin v27.2 - https:\/\/yoast.com\/product\/yoast-seo-wordpress\/ -->\n<title>Koria lan\u00e7a segunda edi\u00e7\u00e3o do Summit com novidades para 2027 - Economia S\/A<\/title>\n<meta name=\"robots\" content=\"index, follow, max-snippet:-1, max-image-preview:large, max-video-preview:-1\" \/>\n<link rel=\"canonical\" href=\"https:\/\/economiasa.com.br\/blog\/koria-lanca-segunda-edicao-do-summit-com-novidades-para-2027\/\" \/>\n<meta property=\"og:locale\" content=\"pt_BR\" \/>\n<meta property=\"og:type\" content=\"article\" \/>\n<meta property=\"og:title\" content=\"Koria lan\u00e7a segunda edi\u00e7\u00e3o do Summit com novidades para 2027 - Economia S\/A\" \/>\n<meta property=\"og:description\" content=\"Evento reuniu 130 convidados em Caxias do Sul com palestra de Ant\u00f4nio Napole, estrategista de neg\u00f3cios de alto impactoA Koria lan\u00e7ou oficialmente,...\" \/>\n<meta property=\"og:url\" content=\"https:\/\/economiasa.com.br\/blog\/koria-lanca-segunda-edicao-do-summit-com-novidades-para-2027\/\" \/>\n<meta property=\"og:site_name\" content=\"Economia S\/A\" \/>\n<meta property=\"article:published_time\" content=\"2026-09-01T23:23:49+00:00\" \/>\n<meta property=\"article:modified_time\" content=\"2026-09-01T23:23:50+00:00\" \/>\n<meta property=\"og:image\" content=\"https:\/\/economiasa.com.br\/blog\/wp-content\/uploads\/2026\/09\/CEO-da-Koria-Renato-Valcarengh-Nunes-discursa-no-evento-de-lancamento-do-Koria-Summit-2027-Credito-Divulgacao.jpeg\" \/>\n\t<meta property=\"og:image:width\" content=\"6000\" \/>\n\t<meta property=\"og:image:height\" content=\"4000\" \/>\n\t<meta property=\"og:image:type\" content=\"image\/jpeg\" \/>\n<meta name=\"author\" content=\"Reda\u00e7\u00e3o\" \/>\n<meta name=\"twitter:card\" content=\"summary_large_image\" \/>\n<meta name=\"twitter:label1\" content=\"Escrito por\" \/>\n\t<meta name=\"twitter:data1\" content=\"Reda\u00e7\u00e3o\" \/>\n\t<meta name=\"twitter:label2\" content=\"Est. tempo de leitura\" \/>\n\t<meta name=\"twitter:data2\" content=\"4 minutos\" \/>\n<script type=\"application\/ld+json\" class=\"yoast-schema-graph\">{\"@context\":\"https:\/\/schema.org\",\"@graph\":[{\"@type\":\"Article\",\"@id\":\"https:\/\/economiasa.com.br\/blog\/koria-lanca-segunda-edicao-do-summit-com-novidades-para-2027\/#article\",\"isPartOf\":{\"@id\":\"https:\/\/economiasa.com.br\/blog\/koria-lanca-segunda-edicao-do-summit-com-novidades-para-2027\/\"},\"author\":{\"name\":\"Reda\u00e7\u00e3o\",\"@id\":\"https:\/\/economiasa.com.br\/blog\/#\/schema\/person\/14b8ac2dc25bd63b52bc54e845fa3923\"},\"headline\":\"Koria lan\u00e7a segunda edi\u00e7\u00e3o do Summit com novidades para 2027\",\"datePublished\":\"2026-09-01T23:23:49+00:00\",\"dateModified\":\"2026-09-01T23:23:50+00:00\",\"mainEntityOfPage\":{\"@id\":\"https:\/\/economiasa.com.br\/blog\/koria-lanca-segunda-edicao-do-summit-com-novidades-para-2027\/\"},\"wordCount\":570,\"image\":{\"@id\":\"https:\/\/economiasa.com.br\/blog\/koria-lanca-segunda-edicao-do-summit-com-novidades-para-2027\/#primaryimage\"},\"thumbnailUrl\":\"https:\/\/economiasa.com.br\/blog\/wp-content\/uploads\/2026\/09\/CEO-da-Koria-Renato-Valcarengh-Nunes-discursa-no-evento-de-lancamento-do-Koria-Summit-2027-Credito-Divulgacao.jpeg\",\"articleSection\":[\"Eventos\"],\"inLanguage\":\"pt-BR\"},{\"@type\":\"WebPage\",\"@id\":\"https:\/\/economiasa.com.br\/blog\/koria-lanca-segunda-edicao-do-summit-com-novidades-para-2027\/\",\"url\":\"https:\/\/economiasa.com.br\/blog\/koria-lanca-segunda-edicao-do-summit-com-novidades-para-2027\/\",\"name\":\"Koria lan\u00e7a segunda edi\u00e7\u00e3o do Summit com novidades para 2027 - Economia S\/A\",\"isPartOf\":{\"@id\":\"https:\/\/economiasa.com.br\/blog\/#website\"},\"primaryImageOfPage\":{\"@id\":\"https:\/\/economiasa.com.br\/blog\/koria-lanca-segunda-edicao-do-summit-com-novidades-para-2027\/#primaryimage\"},\"image\":{\"@id\":\"https:\/\/economiasa.com.br\/blog\/koria-lanca-segunda-edicao-do-summit-com-novidades-para-2027\/#primaryimage\"},\"thumbnailUrl\":\"https:\/\/economiasa.com.br\/blog\/wp-content\/uploads\/2026\/09\/CEO-da-Koria-Renato-Valcarengh-Nunes-discursa-no-evento-de-lancamento-do-Koria-Summit-2027-Credito-Divulgacao.jpeg\",\"datePublished\":\"2026-09-01T23:23:49+00:00\",\"dateModified\":\"2026-09-01T23:23:50+00:00\",\"author\":{\"@id\":\"https:\/\/economiasa.com.br\/blog\/#\/schema\/person\/14b8ac2dc25bd63b52bc54e845fa3923\"},\"breadcrumb\":{\"@id\":\"https:\/\/economiasa.com.br\/blog\/koria-lanca-segunda-edicao-do-summit-com-novidades-para-2027\/#breadcrumb\"},\"inLanguage\":\"pt-BR\",\"potentialAction\":[{\"@type\":\"ReadAction\",\"target\":[\"https:\/\/economiasa.com.br\/blog\/koria-lanca-segunda-edicao-do-summit-com-novidades-para-2027\/\"]}]},{\"@type\":\"ImageObject\",\"inLanguage\":\"pt-BR\",\"@id\":\"https:\/\/economiasa.com.br\/blog\/koria-lanca-segunda-edicao-do-summit-com-novidades-para-2027\/#primaryimage\",\"url\":\"https:\/\/economiasa.com.br\/blog\/wp-content\/uploads\/2026\/09\/CEO-da-Koria-Renato-Valcarengh-Nunes-discursa-no-evento-de-lancamento-do-Koria-Summit-2027-Credito-Divulgacao.jpeg\",\"contentUrl\":\"https:\/\/economiasa.com.br\/blog\/wp-content\/uploads\/2026\/09\/CEO-da-Koria-Renato-Valcarengh-Nunes-discursa-no-evento-de-lancamento-do-Koria-Summit-2027-Credito-Divulgacao.jpeg\",\"width\":6000,\"height\":4000,\"caption\":\"CEO da Koria, Renato Valcarengh Nunes discursa no evento de lan\u00e7amento do Koria Summit 2027 - Cr\u00e9dito Divulga\u00e7\u00e3o\"},{\"@type\":\"BreadcrumbList\",\"@id\":\"https:\/\/economiasa.com.br\/blog\/koria-lanca-segunda-edicao-do-summit-com-novidades-para-2027\/#breadcrumb\",\"itemListElement\":[{\"@type\":\"ListItem\",\"position\":1,\"name\":\"In\u00edcio\",\"item\":\"https:\/\/economiasa.com.br\/blog\/\"},{\"@type\":\"ListItem\",\"position\":2,\"name\":\"Koria lan\u00e7a segunda edi\u00e7\u00e3o do Summit com novidades para 2027\"}]},{\"@type\":\"WebSite\",\"@id\":\"https:\/\/economiasa.com.br\/blog\/#website\",\"url\":\"https:\/\/economiasa.com.br\/blog\/\",\"name\":\"Economia S\/A\",\"description\":\"Ler faz bem para os neg\u00f3cios\",\"potentialAction\":[{\"@type\":\"SearchAction\",\"target\":{\"@type\":\"EntryPoint\",\"urlTemplate\":\"https:\/\/economiasa.com.br\/blog\/?s={search_term_string}\"},\"query-input\":{\"@type\":\"PropertyValueSpecification\",\"valueRequired\":true,\"valueName\":\"search_term_string\"}}],\"inLanguage\":\"pt-BR\"},{\"@type\":\"Person\",\"@id\":\"https:\/\/economiasa.com.br\/blog\/#\/schema\/person\/14b8ac2dc25bd63b52bc54e845fa3923\",\"name\":\"Reda\u00e7\u00e3o\",\"image\":{\"@type\":\"ImageObject\",\"inLanguage\":\"pt-BR\",\"@id\":\"https:\/\/secure.gravatar.com\/avatar\/c8c795261f7f8547b22616a549577db9e450bd5622da3f6eb62b0e2c3e364c4e?s=96&d=mm&r=g0fb5212bc57e2287787936667fbbe0ff\",\"url\":\"https:\/\/secure.gravatar.com\/avatar\/c8c795261f7f8547b22616a549577db9e450bd5622da3f6eb62b0e2c3e364c4e?s=96&d=mm&r=g\",\"contentUrl\":\"https:\/\/secure.gravatar.com\/avatar\/c8c795261f7f8547b22616a549577db9e450bd5622da3f6eb62b0e2c3e364c4e?s=96&d=mm&r=g\",\"caption\":\"Reda\u00e7\u00e3o\"},\"sameAs\":[\"http:\/\/www.economiasa.com.br\"],\"url\":\"https:\/\/economiasa.com.br\/blog\/author\/redacao\/\"}]}<\/script>\n<!-- \/ Yoast SEO plugin. -->","yoast_head_json":{"title":"Koria lan\u00e7a segunda edi\u00e7\u00e3o do Summit com novidades para 2027 - Economia S\/A","robots":{"index":"index","follow":"follow","max-snippet":"max-snippet:-1","max-image-preview":"max-image-preview:large","max-video-preview":"max-video-preview:-1"},"canonical":"https:\/\/economiasa.com.br\/blog\/koria-lanca-segunda-edicao-do-summit-com-novidades-para-2027\/","og_locale":"pt_BR","og_type":"article","og_title":"Koria lan\u00e7a segunda edi\u00e7\u00e3o do Summit com novidades para 2027 - Economia S\/A","og_description":"Evento reuniu 130 convidados em Caxias do Sul com palestra de Ant\u00f4nio Napole, estrategista de neg\u00f3cios de alto impactoA Koria lan\u00e7ou oficialmente,...","og_url":"https:\/\/economiasa.com.br\/blog\/koria-lanca-segunda-edicao-do-summit-com-novidades-para-2027\/","og_site_name":"Economia S\/A","article_published_time":"2026-09-01T23:23:49+00:00","article_modified_time":"2026-09-01T23:23:50+00:00","og_image":[{"width":6000,"height":4000,"url":"https:\/\/economiasa.com.br\/blog\/wp-content\/uploads\/2026\/09\/CEO-da-Koria-Renato-Valcarengh-Nunes-discursa-no-evento-de-lancamento-do-Koria-Summit-2027-Credito-Divulgacao.jpeg","type":"image\/jpeg"}],"author":"Reda\u00e7\u00e3o","twitter_card":"summary_large_image","twitter_misc":{"Escrito por":"Reda\u00e7\u00e3o","Est. tempo de leitura":"4 minutos"},"schema":{"@context":"https:\/\/schema.org","@graph":[{"@type":"Article","@id":"https:\/\/economiasa.com.br\/blog\/koria-lanca-segunda-edicao-do-summit-com-novidades-para-2027\/#article","isPartOf":{"@id":"https:\/\/economiasa.com.br\/blog\/koria-lanca-segunda-edicao-do-summit-com-novidades-para-2027\/"},"author":{"name":"Reda\u00e7\u00e3o","@id":"https:\/\/economiasa.com.br\/blog\/#\/schema\/person\/14b8ac2dc25bd63b52bc54e845fa3923"},"headline":"Koria lan\u00e7a segunda edi\u00e7\u00e3o do Summit com novidades para 2027","datePublished":"2026-09-01T23:23:49+00:00","dateModified":"2026-09-01T23:23:50+00:00","mainEntityOfPage":{"@id":"https:\/\/economiasa.com.br\/blog\/koria-lanca-segunda-edicao-do-summit-com-novidades-para-2027\/"},"wordCount":570,"image":{"@id":"https:\/\/economiasa.com.br\/blog\/koria-lanca-segunda-edicao-do-summit-com-novidades-para-2027\/#primaryimage"},"thumbnailUrl":"https:\/\/economiasa.com.br\/blog\/wp-content\/uploads\/2026\/09\/CEO-da-Koria-Renato-Valcarengh-Nunes-discursa-no-evento-de-lancamento-do-Koria-Summit-2027-Credito-Divulgacao.jpeg","articleSection":["Eventos"],"inLanguage":"pt-BR"},{"@type":"WebPage","@id":"https:\/\/economiasa.com.br\/blog\/koria-lanca-segunda-edicao-do-summit-com-novidades-para-2027\/","url":"https:\/\/economiasa.com.br\/blog\/koria-lanca-segunda-edicao-do-summit-com-novidades-para-2027\/","name":"Koria lan\u00e7a segunda edi\u00e7\u00e3o do Summit com novidades para 2027 - Economia S\/A","isPartOf":{"@id":"https:\/\/economiasa.com.br\/blog\/#website"},"primaryImageOfPage":{"@id":"https:\/\/economiasa.com.br\/blog\/koria-lanca-segunda-edicao-do-summit-com-novidades-para-2027\/#primaryimage"},"image":{"@id":"https:\/\/economiasa.com.br\/blog\/koria-lanca-segunda-edicao-do-summit-com-novidades-para-2027\/#primaryimage"},"thumbnailUrl":"https:\/\/economiasa.com.br\/blog\/wp-content\/uploads\/2026\/09\/CEO-da-Koria-Renato-Valcarengh-Nunes-discursa-no-evento-de-lancamento-do-Koria-Summit-2027-Credito-Divulgacao.jpeg","datePublished":"2026-09-01T23:23:49+00:00","dateModified":"2026-09-01T23:23:50+00:00","author":{"@id":"https:\/\/economiasa.com.br\/blog\/#\/schema\/person\/14b8ac2dc25bd63b52bc54e845fa3923"},"breadcrumb":{"@id":"https:\/\/economiasa.com.br\/blog\/koria-lanca-segunda-edicao-do-summit-com-novidades-para-2027\/#breadcrumb"},"inLanguage":"pt-BR","potentialAction":[{"@type":"ReadAction","target":["https:\/\/economiasa.com.br\/blog\/koria-lanca-segunda-edicao-do-summit-com-novidades-para-2027\/"]}]},{"@type":"ImageObject","inLanguage":"pt-BR","@id":"https:\/\/economiasa.com.br\/blog\/koria-lanca-segunda-edicao-do-summit-com-novidades-para-2027\/#primaryimage","url":"https:\/\/economiasa.com.br\/blog\/wp-content\/uploads\/2026\/09\/CEO-da-Koria-Renato-Valcarengh-Nunes-discursa-no-evento-de-lancamento-do-Koria-Summit-2027-Credito-Divulgacao.jpeg","contentUrl":"https:\/\/economiasa.com.br\/blog\/wp-content\/uploads\/2026\/09\/CEO-da-Koria-Renato-Valcarengh-Nunes-discursa-no-evento-de-lancamento-do-Koria-Summit-2027-Credito-Divulgacao.jpeg","width":6000,"height":4000,"caption":"CEO da Koria, Renato Valcarengh Nunes discursa no evento de lan\u00e7amento do Koria Summit 2027 - Cr\u00e9dito Divulga\u00e7\u00e3o"},{"@type":"BreadcrumbList","@id":"https:\/\/economiasa.com.br\/blog\/koria-lanca-segunda-edicao-do-summit-com-novidades-para-2027\/#breadcrumb","itemListElement":[{"@type":"ListItem","position":1,"name":"In\u00edcio","item":"https:\/\/economiasa.com.br\/blog\/"},{"@type":"ListItem","position":2,"name":"Koria lan\u00e7a segunda edi\u00e7\u00e3o do Summit com novidades para 2027"}]},{"@type":"WebSite","@id":"https:\/\/economiasa.com.br\/blog\/#website","url":"https:\/\/economiasa.com.br\/blog\/","name":"Economia S\/A","description":"Ler faz bem para os neg\u00f3cios","potentialAction":[{"@type":"SearchAction","target":{"@type":"EntryPoint","urlTemplate":"https:\/\/economiasa.com.br\/blog\/?s={search_term_string}"},"query-input":{"@type":"PropertyValueSpecification","valueRequired":true,"valueName":"search_term_string"}}],"inLanguage":"pt-BR"},{"@type":"Person","@id":"https:\/\/economiasa.com.br\/blog\/#\/schema\/person\/14b8ac2dc25bd63b52bc54e845fa3923","name":"Reda\u00e7\u00e3o","image":{"@type":"ImageObject","inLanguage":"pt-BR","@id":"https:\/\/secure.gravatar.com\/avatar\/c8c795261f7f8547b22616a549577db9e450bd5622da3f6eb62b0e2c3e364c4e?s=96&d=mm&r=g0fb5212bc57e2287787936667fbbe0ff","url":"https:\/\/secure.gravatar.com\/avatar\/c8c795261f7f8547b22616a549577db9e450bd5622da3f6eb62b0e2c3e364c4e?s=96&d=mm&r=g","contentUrl":"https:\/\/secure.gravatar.com\/avatar\/c8c795261f7f8547b22616a549577db9e450bd5622da3f6eb62b0e2c3e364c4e?s=96&d=mm&r=g","caption":"Reda\u00e7\u00e3o"},"sameAs":["http:\/\/www.economiasa.com.br"],"url":"https:\/\/economiasa.com.br\/blog\/author\/redacao\/"}]}},"authors":[{"term_id":13248,"user_id":47,"is_guest":0,"slug":"redacao","display_name":"Reda\u00e7\u00e3o","avatar_url":"https:\/\/secure.gravatar.com\/avatar\/c8c795261f7f8547b22616a549577db9e450bd5622da3f6eb62b0e2c3e364c4e?s=96&d=mm&r=g","author_category":"","first_name":"Reda\u00e7\u00e3o","last_name":"","user_url":"http:\/\/www.economiasa.com.br","job_title":"","description":""}],"amp_enabled":true,"_links":{"self":[{"href":"https:\/\/economiasa.com.br\/blog\/wp-json\/wp\/v2\/posts\/84955","targetHints":{"allow":["GET"]}}],"collection":[{"href":"https:\/\/economiasa.com.br\/blog\/wp-json\/wp\/v2\/posts"}],"about":[{"href":"https:\/\/economiasa.com.br\/blog\/wp-json\/wp\/v2\/types\/post"}],"author":[{"embeddable":true,"href":"https:\/\/economiasa.com.br\/blog\/wp-json\/wp\/v2\/users\/47"}],"replies":[{"embeddable":true,"href":"https:\/\/economiasa.com.br\/blog\/wp-json\/wp\/v2\/comments?post=84955"}],"version-history":[{"count":0,"href":"https:\/\/economiasa.com.br\/blog\/wp-json\/wp\/v2\/posts\/84955\/revisions"}],"wp:featuredmedia":[{"embeddable":true,"href":"https:\/\/economiasa.com.br\/blog\/wp-json\/wp\/v2\/media\/84956"}],"wp:attachment":[{"href":"https:\/\/economiasa.com.br\/blog\/wp-json\/wp\/v2\/media?parent=84955"}],"wp:term":[{"taxonomy":"category","embeddable":true,"href":"https:\/\/economiasa.com.br\/blog\/wp-json\/wp\/v2\/categories?post=84955"},{"taxonomy":"post_tag","embeddable":true,"href":"https:\/\/economiasa.com.br\/blog\/wp-json\/wp\/v2\/tags?post=84955"},{"taxonomy":"author","embeddable":true,"href":"https:\/\/economiasa.com.br\/blog\/wp-json\/wp\/v2\/ppma_author?post=84955"}],"curies":[{"name":"wp","href":"https:\/\/api.w.org\/{rel}","templated":true}]}}