{"id":84959,"date":"2026-09-01T20:30:49","date_gmt":"2026-09-01T23:30:49","guid":{"rendered":"https:\/\/economiasa.com.br\/blog\/?p=84959"},"modified":"2026-09-01T20:30:50","modified_gmt":"2026-09-01T23:30:50","slug":"setembro-e-hora-de-iniciar-o-planejamento-de-2027-mas-94-das-pmes-nao-tem-orcamento-anual","status":"publish","type":"post","link":"https:\/\/economiasa.com.br\/blog\/setembro-e-hora-de-iniciar-o-planejamento-de-2027-mas-94-das-pmes-nao-tem-orcamento-anual\/","title":{"rendered":"Setembro \u00e9 hora de iniciar o planejamento de 2027, mas 94% das PMEs n\u00e3o t\u00eam or\u00e7amento anual"},"content":{"rendered":"\n<p class=\"wp-block-paragraph\">Levantamento com 356 PMEs mostra dificuldades na gest\u00e3o financeira, e especialista explica como come\u00e7ar a organizar o pr\u00f3ximo ano<\/p>\n\n\n\n<p class=\"wp-block-paragraph\">Setembro marca o in\u00edcio de uma janela importante para pequenas e m\u00e9dias empresas que ainda n\u00e3o come\u00e7aram a planejar 2027. Com quatro meses at\u00e9 o pr\u00f3ximo ano, decis\u00f5es como contratar, investir, expandir ou rever metas exigem proje\u00e7\u00f5es e tempo para avaliar diferentes cen\u00e1rios.<br>Um levantamento realizado pela JM Consultoria com 356 PMEs mostra que 94% das empresas analisadas n\u00e3o possuem um or\u00e7amento anual com previs\u00e3o de receitas, despesas e investimentos.<br>Sem essa proje\u00e7\u00e3o, decis\u00f5es para o pr\u00f3ximo ano podem ser tomadas sem uma vis\u00e3o clara dos recursos dispon\u00edveis e das prioridades do neg\u00f3cio. \u00c9 por isso que antecipar o planejamento pode fazer diferen\u00e7a.<br>\u201cA hora de fazer o planejamento de 2027 n\u00e3o \u00e9 em janeiro, quando o ano j\u00e1 come\u00e7ou, nem em dezembro, quando o foco j\u00e1 est\u00e1 no fechamento do ano, festas e recessos. Setembro \u00e9 um bom momento porque um planejamento bem feito leva tempo, envolve v\u00e1rias \u00e1reas da empresa, exige discuss\u00f5es, simula\u00e7\u00f5es de resultados, ajustes e aprova\u00e7\u00f5es\u201d, explica Rafael Gomes Martins, diretor comercial da JM Consultoria.<br>Planejar vai al\u00e9m de prever vendas<br>Um dos erros mais comuns \u00e9 olhar apenas para o faturamento. Para construir um or\u00e7amento, \u00e9 preciso considerar tamb\u00e9m custos, despesas, impostos, pessoas, investimentos, fluxo de caixa e margem de lucro.<\/p>\n\n\n\n<p class=\"wp-block-paragraph\">\u201cO or\u00e7amento financeiro \u00e9 uma das bases do planejamento estrat\u00e9gico. \u00c9 nele que todo o planejamento se transforma em n\u00fameros: proje\u00e7\u00e3o de vendas, impostos, custos, despesas, estrutura de pessoas, capacidade produtiva, investimentos e, no final, o lucro esperado\u201d, afirma Rafael.<\/p>\n\n\n\n<p class=\"wp-block-paragraph\">Isso significa que vender mais n\u00e3o necessariamente representa um resultado melhor. O crescimento precisa vir acompanhado de uma estrutura capaz de sustent\u00e1-lo e de uma margem que mantenha a opera\u00e7\u00e3o saud\u00e1vel.<\/p>\n\n\n\n<p class=\"wp-block-paragraph\">Para 2027, tamb\u00e9m \u00e9 importante considerar diferentes cen\u00e1rios. Mudan\u00e7as na economia, novos concorrentes, tecnologia, comportamento do consumidor e os impactos da Reforma Tribut\u00e1ria podem alterar as proje\u00e7\u00f5es ao longo do ano. A avalia\u00e7\u00e3o dos efeitos espec\u00edficos para cada empresa deve ser feita com o apoio de um contador.<\/p>\n\n\n\n<p class=\"wp-block-paragraph\">Tr\u00eas passos para come\u00e7ar<br>Para as PMEs que ainda n\u00e3o iniciaram o planejamento de 2027, a recomenda\u00e7\u00e3o \u00e9 come\u00e7ar pelo b\u00e1sico:<\/p>\n\n\n\n<p class=\"wp-block-paragraph\">1 \u2013 Projetar as vendas: estimar quanto a empresa pretende vender ajuda a definir a estrutura necess\u00e1ria para alcan\u00e7ar esse resultado.<\/p>\n\n\n\n<p class=\"wp-block-paragraph\">2 \u2013 Dimensionar a opera\u00e7\u00e3o: avaliar pessoas, materiais, m\u00e1quinas, despesas e investimentos necess\u00e1rios para atender \u00e0s vendas previstas.<\/p>\n\n\n\n<p class=\"wp-block-paragraph\">3 \u2013 Montar o or\u00e7amento financeiro: reunir as proje\u00e7\u00f5es e verificar se a rentabilidade esperada est\u00e1 de acordo com os objetivos. Se os n\u00fameros n\u00e3o fecharem, \u00e9 hora de revisar as premissas e simular outros cen\u00e1rios.<\/p>\n\n\n\n<p class=\"wp-block-paragraph\">Depois de elaborado, o or\u00e7amento tamb\u00e9m precisa ser comparado com os resultados reais ao longo de 2027. Nesse acompanhamento, DRE (Demonstra\u00e7\u00e3o do Resultado do Exerc\u00edcio) e fluxo de caixa cumprem pap\u00e9is diferentes e complementares.<\/p>\n\n\n\n<p class=\"wp-block-paragraph\">\u201cSe a DRE \u00e9 uma fotografia, o fluxo de caixa \u00e9 o filme, porque mostra a din\u00e2mica dos pagamentos e recebimentos e ajuda a antecipar necessidades de capital de giro\u201d, resume Rafael.<\/p>\n\n\n\n<p class=\"wp-block-paragraph\">Para quem ainda n\u00e3o iniciou o planejamento de 2027, a mensagem \u00e9 simples: antecipar as decis\u00f5es permite chegar ao pr\u00f3ximo ano com um plano que possa ser acompanhado e ajustado ao longo do caminho.<\/p>\n","protected":false},"excerpt":{"rendered":"<p>Levantamento com 356 PMEs mostra dificuldades na gest\u00e3o financeira, e especialista explica como come\u00e7ar a organizar o pr\u00f3ximo ano Setembro marca o&#8230;<\/p>\n","protected":false},"author":47,"featured_media":84960,"comment_status":"closed","ping_status":"open","sticky":false,"template":"","format":"standard","meta":{"footnotes":""},"categories":[101],"tags":[],"ppma_author":[13248],"class_list":["post-84959","post","type-post","status-publish","format-standard","has-post-thumbnail","category-negocios"],"yoast_head":"<!-- This site is optimized with the Yoast SEO plugin v27.2 - https:\/\/yoast.com\/product\/yoast-seo-wordpress\/ -->\n<title>Setembro \u00e9 hora de iniciar o planejamento de 2027, mas 94% das PMEs n\u00e3o t\u00eam or\u00e7amento anual - Economia S\/A<\/title>\n<meta name=\"robots\" content=\"index, follow, max-snippet:-1, max-image-preview:large, max-video-preview:-1\" \/>\n<link rel=\"canonical\" href=\"https:\/\/economiasa.com.br\/blog\/setembro-e-hora-de-iniciar-o-planejamento-de-2027-mas-94-das-pmes-nao-tem-orcamento-anual\/\" \/>\n<meta property=\"og:locale\" content=\"pt_BR\" \/>\n<meta property=\"og:type\" content=\"article\" \/>\n<meta property=\"og:title\" content=\"Setembro \u00e9 hora de iniciar o planejamento de 2027, mas 94% das PMEs n\u00e3o t\u00eam or\u00e7amento anual - Economia S\/A\" \/>\n<meta property=\"og:description\" content=\"Levantamento com 356 PMEs mostra dificuldades na gest\u00e3o financeira, e especialista explica como come\u00e7ar a organizar o pr\u00f3ximo ano Setembro marca o...\" \/>\n<meta property=\"og:url\" content=\"https:\/\/economiasa.com.br\/blog\/setembro-e-hora-de-iniciar-o-planejamento-de-2027-mas-94-das-pmes-nao-tem-orcamento-anual\/\" \/>\n<meta property=\"og:site_name\" content=\"Economia S\/A\" \/>\n<meta property=\"article:published_time\" content=\"2026-09-01T23:30:49+00:00\" \/>\n<meta property=\"article:modified_time\" content=\"2026-09-01T23:30:50+00:00\" \/>\n<meta property=\"og:image\" content=\"https:\/\/economiasa.com.br\/blog\/wp-content\/uploads\/2026\/09\/Capturar-12.png\" \/>\n\t<meta property=\"og:image:width\" content=\"308\" \/>\n\t<meta property=\"og:image:height\" content=\"251\" \/>\n\t<meta property=\"og:image:type\" content=\"image\/png\" \/>\n<meta name=\"author\" content=\"Reda\u00e7\u00e3o\" \/>\n<meta name=\"twitter:card\" content=\"summary_large_image\" \/>\n<meta name=\"twitter:label1\" content=\"Escrito por\" \/>\n\t<meta name=\"twitter:data1\" content=\"Reda\u00e7\u00e3o\" \/>\n\t<meta name=\"twitter:label2\" content=\"Est. tempo de leitura\" \/>\n\t<meta name=\"twitter:data2\" content=\"4 minutos\" \/>\n<script type=\"application\/ld+json\" class=\"yoast-schema-graph\">{\"@context\":\"https:\/\/schema.org\",\"@graph\":[{\"@type\":\"Article\",\"@id\":\"https:\/\/economiasa.com.br\/blog\/setembro-e-hora-de-iniciar-o-planejamento-de-2027-mas-94-das-pmes-nao-tem-orcamento-anual\/#article\",\"isPartOf\":{\"@id\":\"https:\/\/economiasa.com.br\/blog\/setembro-e-hora-de-iniciar-o-planejamento-de-2027-mas-94-das-pmes-nao-tem-orcamento-anual\/\"},\"author\":{\"name\":\"Reda\u00e7\u00e3o\",\"@id\":\"https:\/\/economiasa.com.br\/blog\/#\/schema\/person\/14b8ac2dc25bd63b52bc54e845fa3923\"},\"headline\":\"Setembro \u00e9 hora de iniciar o planejamento de 2027, mas 94% das PMEs n\u00e3o t\u00eam or\u00e7amento anual\",\"datePublished\":\"2026-09-01T23:30:49+00:00\",\"dateModified\":\"2026-09-01T23:30:50+00:00\",\"mainEntityOfPage\":{\"@id\":\"https:\/\/economiasa.com.br\/blog\/setembro-e-hora-de-iniciar-o-planejamento-de-2027-mas-94-das-pmes-nao-tem-orcamento-anual\/\"},\"wordCount\":600,\"image\":{\"@id\":\"https:\/\/economiasa.com.br\/blog\/setembro-e-hora-de-iniciar-o-planejamento-de-2027-mas-94-das-pmes-nao-tem-orcamento-anual\/#primaryimage\"},\"thumbnailUrl\":\"https:\/\/economiasa.com.br\/blog\/wp-content\/uploads\/2026\/09\/Capturar-12.png\",\"articleSection\":[\"Neg\u00f3cios\"],\"inLanguage\":\"pt-BR\"},{\"@type\":\"WebPage\",\"@id\":\"https:\/\/economiasa.com.br\/blog\/setembro-e-hora-de-iniciar-o-planejamento-de-2027-mas-94-das-pmes-nao-tem-orcamento-anual\/\",\"url\":\"https:\/\/economiasa.com.br\/blog\/setembro-e-hora-de-iniciar-o-planejamento-de-2027-mas-94-das-pmes-nao-tem-orcamento-anual\/\",\"name\":\"Setembro \u00e9 hora de iniciar o planejamento de 2027, mas 94% das PMEs n\u00e3o t\u00eam or\u00e7amento anual - Economia S\/A\",\"isPartOf\":{\"@id\":\"https:\/\/economiasa.com.br\/blog\/#website\"},\"primaryImageOfPage\":{\"@id\":\"https:\/\/economiasa.com.br\/blog\/setembro-e-hora-de-iniciar-o-planejamento-de-2027-mas-94-das-pmes-nao-tem-orcamento-anual\/#primaryimage\"},\"image\":{\"@id\":\"https:\/\/economiasa.com.br\/blog\/setembro-e-hora-de-iniciar-o-planejamento-de-2027-mas-94-das-pmes-nao-tem-orcamento-anual\/#primaryimage\"},\"thumbnailUrl\":\"https:\/\/economiasa.com.br\/blog\/wp-content\/uploads\/2026\/09\/Capturar-12.png\",\"datePublished\":\"2026-09-01T23:30:49+00:00\",\"dateModified\":\"2026-09-01T23:30:50+00:00\",\"author\":{\"@id\":\"https:\/\/economiasa.com.br\/blog\/#\/schema\/person\/14b8ac2dc25bd63b52bc54e845fa3923\"},\"breadcrumb\":{\"@id\":\"https:\/\/economiasa.com.br\/blog\/setembro-e-hora-de-iniciar-o-planejamento-de-2027-mas-94-das-pmes-nao-tem-orcamento-anual\/#breadcrumb\"},\"inLanguage\":\"pt-BR\",\"potentialAction\":[{\"@type\":\"ReadAction\",\"target\":[\"https:\/\/economiasa.com.br\/blog\/setembro-e-hora-de-iniciar-o-planejamento-de-2027-mas-94-das-pmes-nao-tem-orcamento-anual\/\"]}]},{\"@type\":\"ImageObject\",\"inLanguage\":\"pt-BR\",\"@id\":\"https:\/\/economiasa.com.br\/blog\/setembro-e-hora-de-iniciar-o-planejamento-de-2027-mas-94-das-pmes-nao-tem-orcamento-anual\/#primaryimage\",\"url\":\"https:\/\/economiasa.com.br\/blog\/wp-content\/uploads\/2026\/09\/Capturar-12.png\",\"contentUrl\":\"https:\/\/economiasa.com.br\/blog\/wp-content\/uploads\/2026\/09\/Capturar-12.png\",\"width\":308,\"height\":251,\"caption\":\"Cr\u00e9ditos da foto: Divulga\u00e7\u00e3o\"},{\"@type\":\"BreadcrumbList\",\"@id\":\"https:\/\/economiasa.com.br\/blog\/setembro-e-hora-de-iniciar-o-planejamento-de-2027-mas-94-das-pmes-nao-tem-orcamento-anual\/#breadcrumb\",\"itemListElement\":[{\"@type\":\"ListItem\",\"position\":1,\"name\":\"In\u00edcio\",\"item\":\"https:\/\/economiasa.com.br\/blog\/\"},{\"@type\":\"ListItem\",\"position\":2,\"name\":\"Setembro \u00e9 hora de iniciar o planejamento de 2027, mas 94% das PMEs n\u00e3o t\u00eam or\u00e7amento anual\"}]},{\"@type\":\"WebSite\",\"@id\":\"https:\/\/economiasa.com.br\/blog\/#website\",\"url\":\"https:\/\/economiasa.com.br\/blog\/\",\"name\":\"Economia S\/A\",\"description\":\"Ler faz bem para os neg\u00f3cios\",\"potentialAction\":[{\"@type\":\"SearchAction\",\"target\":{\"@type\":\"EntryPoint\",\"urlTemplate\":\"https:\/\/economiasa.com.br\/blog\/?s={search_term_string}\"},\"query-input\":{\"@type\":\"PropertyValueSpecification\",\"valueRequired\":true,\"valueName\":\"search_term_string\"}}],\"inLanguage\":\"pt-BR\"},{\"@type\":\"Person\",\"@id\":\"https:\/\/economiasa.com.br\/blog\/#\/schema\/person\/14b8ac2dc25bd63b52bc54e845fa3923\",\"name\":\"Reda\u00e7\u00e3o\",\"image\":{\"@type\":\"ImageObject\",\"inLanguage\":\"pt-BR\",\"@id\":\"https:\/\/secure.gravatar.com\/avatar\/c8c795261f7f8547b22616a549577db9e450bd5622da3f6eb62b0e2c3e364c4e?s=96&d=mm&r=g0fb5212bc57e2287787936667fbbe0ff\",\"url\":\"https:\/\/secure.gravatar.com\/avatar\/c8c795261f7f8547b22616a549577db9e450bd5622da3f6eb62b0e2c3e364c4e?s=96&d=mm&r=g\",\"contentUrl\":\"https:\/\/secure.gravatar.com\/avatar\/c8c795261f7f8547b22616a549577db9e450bd5622da3f6eb62b0e2c3e364c4e?s=96&d=mm&r=g\",\"caption\":\"Reda\u00e7\u00e3o\"},\"sameAs\":[\"http:\/\/www.economiasa.com.br\"],\"url\":\"https:\/\/economiasa.com.br\/blog\/author\/redacao\/\"}]}<\/script>\n<!-- \/ Yoast SEO plugin. -->","yoast_head_json":{"title":"Setembro \u00e9 hora de iniciar o planejamento de 2027, mas 94% das PMEs n\u00e3o t\u00eam or\u00e7amento anual - Economia S\/A","robots":{"index":"index","follow":"follow","max-snippet":"max-snippet:-1","max-image-preview":"max-image-preview:large","max-video-preview":"max-video-preview:-1"},"canonical":"https:\/\/economiasa.com.br\/blog\/setembro-e-hora-de-iniciar-o-planejamento-de-2027-mas-94-das-pmes-nao-tem-orcamento-anual\/","og_locale":"pt_BR","og_type":"article","og_title":"Setembro \u00e9 hora de iniciar o planejamento de 2027, mas 94% das PMEs n\u00e3o t\u00eam or\u00e7amento anual - Economia S\/A","og_description":"Levantamento com 356 PMEs mostra dificuldades na gest\u00e3o financeira, e especialista explica como come\u00e7ar a organizar o pr\u00f3ximo ano Setembro marca o...","og_url":"https:\/\/economiasa.com.br\/blog\/setembro-e-hora-de-iniciar-o-planejamento-de-2027-mas-94-das-pmes-nao-tem-orcamento-anual\/","og_site_name":"Economia S\/A","article_published_time":"2026-09-01T23:30:49+00:00","article_modified_time":"2026-09-01T23:30:50+00:00","og_image":[{"width":308,"height":251,"url":"https:\/\/economiasa.com.br\/blog\/wp-content\/uploads\/2026\/09\/Capturar-12.png","type":"image\/png"}],"author":"Reda\u00e7\u00e3o","twitter_card":"summary_large_image","twitter_misc":{"Escrito por":"Reda\u00e7\u00e3o","Est. tempo de leitura":"4 minutos"},"schema":{"@context":"https:\/\/schema.org","@graph":[{"@type":"Article","@id":"https:\/\/economiasa.com.br\/blog\/setembro-e-hora-de-iniciar-o-planejamento-de-2027-mas-94-das-pmes-nao-tem-orcamento-anual\/#article","isPartOf":{"@id":"https:\/\/economiasa.com.br\/blog\/setembro-e-hora-de-iniciar-o-planejamento-de-2027-mas-94-das-pmes-nao-tem-orcamento-anual\/"},"author":{"name":"Reda\u00e7\u00e3o","@id":"https:\/\/economiasa.com.br\/blog\/#\/schema\/person\/14b8ac2dc25bd63b52bc54e845fa3923"},"headline":"Setembro \u00e9 hora de iniciar o planejamento de 2027, mas 94% das PMEs n\u00e3o t\u00eam or\u00e7amento anual","datePublished":"2026-09-01T23:30:49+00:00","dateModified":"2026-09-01T23:30:50+00:00","mainEntityOfPage":{"@id":"https:\/\/economiasa.com.br\/blog\/setembro-e-hora-de-iniciar-o-planejamento-de-2027-mas-94-das-pmes-nao-tem-orcamento-anual\/"},"wordCount":600,"image":{"@id":"https:\/\/economiasa.com.br\/blog\/setembro-e-hora-de-iniciar-o-planejamento-de-2027-mas-94-das-pmes-nao-tem-orcamento-anual\/#primaryimage"},"thumbnailUrl":"https:\/\/economiasa.com.br\/blog\/wp-content\/uploads\/2026\/09\/Capturar-12.png","articleSection":["Neg\u00f3cios"],"inLanguage":"pt-BR"},{"@type":"WebPage","@id":"https:\/\/economiasa.com.br\/blog\/setembro-e-hora-de-iniciar-o-planejamento-de-2027-mas-94-das-pmes-nao-tem-orcamento-anual\/","url":"https:\/\/economiasa.com.br\/blog\/setembro-e-hora-de-iniciar-o-planejamento-de-2027-mas-94-das-pmes-nao-tem-orcamento-anual\/","name":"Setembro \u00e9 hora de iniciar o planejamento de 2027, mas 94% das PMEs n\u00e3o t\u00eam or\u00e7amento anual - Economia S\/A","isPartOf":{"@id":"https:\/\/economiasa.com.br\/blog\/#website"},"primaryImageOfPage":{"@id":"https:\/\/economiasa.com.br\/blog\/setembro-e-hora-de-iniciar-o-planejamento-de-2027-mas-94-das-pmes-nao-tem-orcamento-anual\/#primaryimage"},"image":{"@id":"https:\/\/economiasa.com.br\/blog\/setembro-e-hora-de-iniciar-o-planejamento-de-2027-mas-94-das-pmes-nao-tem-orcamento-anual\/#primaryimage"},"thumbnailUrl":"https:\/\/economiasa.com.br\/blog\/wp-content\/uploads\/2026\/09\/Capturar-12.png","datePublished":"2026-09-01T23:30:49+00:00","dateModified":"2026-09-01T23:30:50+00:00","author":{"@id":"https:\/\/economiasa.com.br\/blog\/#\/schema\/person\/14b8ac2dc25bd63b52bc54e845fa3923"},"breadcrumb":{"@id":"https:\/\/economiasa.com.br\/blog\/setembro-e-hora-de-iniciar-o-planejamento-de-2027-mas-94-das-pmes-nao-tem-orcamento-anual\/#breadcrumb"},"inLanguage":"pt-BR","potentialAction":[{"@type":"ReadAction","target":["https:\/\/economiasa.com.br\/blog\/setembro-e-hora-de-iniciar-o-planejamento-de-2027-mas-94-das-pmes-nao-tem-orcamento-anual\/"]}]},{"@type":"ImageObject","inLanguage":"pt-BR","@id":"https:\/\/economiasa.com.br\/blog\/setembro-e-hora-de-iniciar-o-planejamento-de-2027-mas-94-das-pmes-nao-tem-orcamento-anual\/#primaryimage","url":"https:\/\/economiasa.com.br\/blog\/wp-content\/uploads\/2026\/09\/Capturar-12.png","contentUrl":"https:\/\/economiasa.com.br\/blog\/wp-content\/uploads\/2026\/09\/Capturar-12.png","width":308,"height":251,"caption":"Cr\u00e9ditos da foto: Divulga\u00e7\u00e3o"},{"@type":"BreadcrumbList","@id":"https:\/\/economiasa.com.br\/blog\/setembro-e-hora-de-iniciar-o-planejamento-de-2027-mas-94-das-pmes-nao-tem-orcamento-anual\/#breadcrumb","itemListElement":[{"@type":"ListItem","position":1,"name":"In\u00edcio","item":"https:\/\/economiasa.com.br\/blog\/"},{"@type":"ListItem","position":2,"name":"Setembro \u00e9 hora de iniciar o planejamento de 2027, mas 94% das PMEs n\u00e3o t\u00eam or\u00e7amento anual"}]},{"@type":"WebSite","@id":"https:\/\/economiasa.com.br\/blog\/#website","url":"https:\/\/economiasa.com.br\/blog\/","name":"Economia S\/A","description":"Ler faz bem para os neg\u00f3cios","potentialAction":[{"@type":"SearchAction","target":{"@type":"EntryPoint","urlTemplate":"https:\/\/economiasa.com.br\/blog\/?s={search_term_string}"},"query-input":{"@type":"PropertyValueSpecification","valueRequired":true,"valueName":"search_term_string"}}],"inLanguage":"pt-BR"},{"@type":"Person","@id":"https:\/\/economiasa.com.br\/blog\/#\/schema\/person\/14b8ac2dc25bd63b52bc54e845fa3923","name":"Reda\u00e7\u00e3o","image":{"@type":"ImageObject","inLanguage":"pt-BR","@id":"https:\/\/secure.gravatar.com\/avatar\/c8c795261f7f8547b22616a549577db9e450bd5622da3f6eb62b0e2c3e364c4e?s=96&d=mm&r=g0fb5212bc57e2287787936667fbbe0ff","url":"https:\/\/secure.gravatar.com\/avatar\/c8c795261f7f8547b22616a549577db9e450bd5622da3f6eb62b0e2c3e364c4e?s=96&d=mm&r=g","contentUrl":"https:\/\/secure.gravatar.com\/avatar\/c8c795261f7f8547b22616a549577db9e450bd5622da3f6eb62b0e2c3e364c4e?s=96&d=mm&r=g","caption":"Reda\u00e7\u00e3o"},"sameAs":["http:\/\/www.economiasa.com.br"],"url":"https:\/\/economiasa.com.br\/blog\/author\/redacao\/"}]}},"authors":[{"term_id":13248,"user_id":47,"is_guest":0,"slug":"redacao","display_name":"Reda\u00e7\u00e3o","avatar_url":"https:\/\/secure.gravatar.com\/avatar\/c8c795261f7f8547b22616a549577db9e450bd5622da3f6eb62b0e2c3e364c4e?s=96&d=mm&r=g","author_category":"","first_name":"Reda\u00e7\u00e3o","last_name":"","user_url":"http:\/\/www.economiasa.com.br","job_title":"","description":""}],"amp_enabled":true,"_links":{"self":[{"href":"https:\/\/economiasa.com.br\/blog\/wp-json\/wp\/v2\/posts\/84959","targetHints":{"allow":["GET"]}}],"collection":[{"href":"https:\/\/economiasa.com.br\/blog\/wp-json\/wp\/v2\/posts"}],"about":[{"href":"https:\/\/economiasa.com.br\/blog\/wp-json\/wp\/v2\/types\/post"}],"author":[{"embeddable":true,"href":"https:\/\/economiasa.com.br\/blog\/wp-json\/wp\/v2\/users\/47"}],"replies":[{"embeddable":true,"href":"https:\/\/economiasa.com.br\/blog\/wp-json\/wp\/v2\/comments?post=84959"}],"version-history":[{"count":0,"href":"https:\/\/economiasa.com.br\/blog\/wp-json\/wp\/v2\/posts\/84959\/revisions"}],"wp:featuredmedia":[{"embeddable":true,"href":"https:\/\/economiasa.com.br\/blog\/wp-json\/wp\/v2\/media\/84960"}],"wp:attachment":[{"href":"https:\/\/economiasa.com.br\/blog\/wp-json\/wp\/v2\/media?parent=84959"}],"wp:term":[{"taxonomy":"category","embeddable":true,"href":"https:\/\/economiasa.com.br\/blog\/wp-json\/wp\/v2\/categories?post=84959"},{"taxonomy":"post_tag","embeddable":true,"href":"https:\/\/economiasa.com.br\/blog\/wp-json\/wp\/v2\/tags?post=84959"},{"taxonomy":"author","embeddable":true,"href":"https:\/\/economiasa.com.br\/blog\/wp-json\/wp\/v2\/ppma_author?post=84959"}],"curies":[{"name":"wp","href":"https:\/\/api.w.org\/{rel}","templated":true}]}}