{"id":84961,"date":"2026-09-01T20:32:46","date_gmt":"2026-09-01T23:32:46","guid":{"rendered":"https:\/\/economiasa.com.br\/blog\/?p=84961"},"modified":"2026-09-01T20:32:46","modified_gmt":"2026-09-01T23:32:46","slug":"vittia-aposta-em-tecnologias-combinadas-para-ampliar-espaco-dos-biologicos-no-manejo-agricola","status":"publish","type":"post","link":"https:\/\/economiasa.com.br\/blog\/vittia-aposta-em-tecnologias-combinadas-para-ampliar-espaco-dos-biologicos-no-manejo-agricola\/","title":{"rendered":"Vittia aposta em tecnologias combinadas para ampliar espa\u00e7o dos biol\u00f3gicos no manejo agr\u00edcola"},"content":{"rendered":"\n<p class=\"wp-block-paragraph\"><em>Companhia lan\u00e7a nova gera\u00e7\u00e3o de solu\u00e7\u00f5es que associa microrganismos, formula\u00e7\u00f5es e diferentes mecanismos de a\u00e7\u00e3o. A estrat\u00e9gia inclui plataforma pr\u00f3pria de desenvolvimento tecnol\u00f3gico.<\/em><\/p>\n\n\n\n<p class=\"wp-block-paragraph\">A Vittia amplia sua estrat\u00e9gia no mercado de biol\u00f3gicos com tr\u00eas novas solu\u00e7\u00f5es desenvolvidas para diferentes desafios do manejo agr\u00edcola. RizoForte, Guardium WP e Aeron-N s\u00e3o tecnologias que unem efici\u00eancia agron\u00f4mica, inova\u00e7\u00e3o em formula\u00e7\u00e3o e novas possibilidades de integra\u00e7\u00e3o aos sistemas produtivos. Entre as novidades, est\u00e1 uma nova gera\u00e7\u00e3o de tecnologia desenvolvida para atuar de forma combinada, em resposta a uma demanda crescente do produtor por solu\u00e7\u00f5es que entreguem efici\u00eancia e, ao mesmo tempo, possam ser incorporadas de forma pr\u00e1tica aos sistemas de produ\u00e7\u00e3o.<\/p>\n\n\n\n<p class=\"wp-block-paragraph\">Os novos lan\u00e7amentos avan\u00e7am em diferentes frentes: manejo de nematoides, controle biol\u00f3gico de pragas e novas estrat\u00e9gias para aumentar a efici\u00eancia fisiol\u00f3gica e nutricional das culturas. No caso dos nematoides, a companhia desenvolveu o RizoForte para atuar em diferentes momentos do ciclo, com destaque para a a\u00e7\u00e3o nas fases iniciais e sobre os ovos e f\u00eameas. A tecnologia tamb\u00e9m foi testada em associa\u00e7\u00e3o com o No-Nema, produto que j\u00e1 faz parte do portf\u00f3lio da Vittia e possui mecanismos de atua\u00e7\u00e3o complementares. Nos ensaios realizados pela \u00e1rea de Pesquisa, Desenvolvimento e Inova\u00e7\u00e3o da empresa, a combina\u00e7\u00e3o alcan\u00e7ou aproximadamente 70% de efici\u00eancia de controle.<\/p>\n\n\n\n<p class=\"wp-block-paragraph\">\u201cA tend\u00eancia que observamos \u00e9 de um manejo cada vez mais integrado. O produtor n\u00e3o est\u00e1 procurando apenas mais um produto, mas ferramentas que possam ser combinadas e incorporadas \u00e0 realidade da propriedade, que garantam maior efici\u00eancia e praticidade\u201d, afirma M\u00edrian Rabelo, Gerente de Produtos da Vittia.<\/p>\n\n\n\n<p class=\"wp-block-paragraph\">A mesma l\u00f3gica orientou o desenvolvimento do Guardium WP, primeira solu\u00e7\u00e3o da Vittia baseada na combina\u00e7\u00e3o de dois microrganismos. A entrada nesse segmento acontece ap\u00f3s um amplo estudo que sustenta, por evid\u00eancias cient\u00edficas, que a associa\u00e7\u00e3o dos microrganismos proporcionava desempenho superior \u00e0 simples presen\u00e7a dos dois componentes em um mesmo produto.<\/p>\n\n\n\n<p class=\"wp-block-paragraph\">As pesquisas conduzidas pela \u00e1rea de P&DI indicaram potencial da tecnologia contra pragas consideradas de dif\u00edcil controle. A formula\u00e7\u00e3o do produto tamb\u00e9m incorpora prote\u00e7\u00e3o contra radia\u00e7\u00e3o ultravioleta e aditivos destinados a aumentar a sobreviv\u00eancia e a viabilidade dos microrganismos depois da aplica\u00e7\u00e3o.<\/p>\n\n\n\n<p class=\"wp-block-paragraph\">O Aeron-N completa as tecnologias apresentadas com uma nova proposta tecnol\u00f3gica voltada \u00e0 efici\u00eancia no uso do nitrog\u00eanio. Desenvolvido para aplica\u00e7\u00e3o foliar, o produto potencializa a fixa\u00e7\u00e3o do nitrog\u00eanio atmosf\u00e9rico e contribui para processos fisiol\u00f3gicos importantes para o desenvolvimento das plantas. A solu\u00e7\u00e3o tamb\u00e9m apresenta efeitos relacionados \u00e0 promo\u00e7\u00e3o de crescimento, ampliando as possibilidades de manejo nutricional em culturas como soja, milho e feij\u00e3o. \u00a0Esse \u00e9 um dos pontos que a Vittia considera centrais para a pr\u00f3xima etapa de desenvolvimento do mercado de biol\u00f3gicos: reduzir a dist\u00e2ncia entre o desempenho observado em condi\u00e7\u00f5es controladas de pesquisa e as condi\u00e7\u00f5es encontradas efetivamente nas lavouras.<\/p>\n\n\n\n<p class=\"wp-block-paragraph\"><strong>Plataforma pr\u00f3pria de tecnologia<\/strong><\/p>\n\n\n\n<p class=\"wp-block-paragraph\">Guardium WP e Aeron-N t\u00eam tecnologia \u00a0VIT CORE\u2122<strong>,<\/strong>\u00a0plataforma criada pela Vittia para concentrar pesquisas relacionadas a formula\u00e7\u00f5es, metab\u00f3litos, fitorm\u00f4nios, multiplica\u00e7\u00e3o e desempenho de microrganismos. A proposta \u00e9 ir al\u00e9m do ingrediente ativo, incorporando tecnologias que contribuam para a prote\u00e7\u00e3o, estabilidade e desempenho dos produtos em condi\u00e7\u00f5es reais de campo. Dessa forma, a Vittia busca desenvolver solu\u00e7\u00f5es mais eficientes e preparadas para responder aos diferentes desafios encontrados na agricultura.<\/p>\n\n\n\n<p class=\"wp-block-paragraph\">No Guardium WP, a tecnologia VIT CORE\u2122 agrega diferenciais \u00e0 formula\u00e7\u00e3o que favorecem a prote\u00e7\u00e3o, a estabilidade e a viabilidade dos microrganismos, contribuindo para maior consist\u00eancia de desempenho no campo. No Aeron-N, a tecnologia est\u00e1 associada \u00e0 aplica\u00e7\u00e3o foliar, auxiliando a fixa\u00e7\u00e3o biol\u00f3gica de nitrog\u00eanio e favorecendo o vigor e a efici\u00eancia fisiol\u00f3gica das plantas. A tecnologia VIT CORE\u2122 nesse produto est\u00e1 relacionada ao processo fermentativo diferenciado, conduzido sob condi\u00e7\u00f5es controladas que permite a obten\u00e7\u00e3o de um perfil diferenciado de compostos bioativos e nanopart\u00edculas biol\u00f3gicas.<\/p>\n\n\n\n<p class=\"wp-block-paragraph\">A Vittia v\u00ea essa frente como parte de uma demanda mais ampla do agroneg\u00f3cio por aumento da efici\u00eancia no uso de insumos, especialmente em um ambiente no qual produtividade e custo de produ\u00e7\u00e3o exercem press\u00e3o crescente sobre as decis\u00f5es de manejo.<\/p>\n\n\n\n<p class=\"wp-block-paragraph\"><strong>Pr\u00f3xima etapa dos biol\u00f3gicos<\/strong><\/p>\n\n\n\n<p class=\"wp-block-paragraph\">Para a companhia, o crescimento da ado\u00e7\u00e3o dos biol\u00f3gicos deve aumentar tamb\u00e9m a exig\u00eancia sobre caracter\u00edsticas que v\u00e3o al\u00e9m da efic\u00e1cia isolada do produto, como estabilidade, compatibilidade, facilidade de aplica\u00e7\u00e3o e possibilidade de associa\u00e7\u00e3o com outras tecnologias.<\/p>\n\n\n\n<p class=\"wp-block-paragraph\">Os novos lan\u00e7amentos refletem essa orienta\u00e7\u00e3o do pipeline de Pesquisa, Desenvolvimento e Inova\u00e7\u00e3o da Vittia, que passa a concentrar esfor\u00e7os tamb\u00e9m em combina\u00e7\u00f5es de microrganismos, formula\u00e7\u00f5es e programas integrados de manejo.<\/p>\n\n\n\n<p class=\"wp-block-paragraph\">\u201cBiol\u00f3gico e qu\u00edmico n\u00e3o precisam ocupar lados opostos. O que estamos buscando \u00e9 construir solu\u00e7\u00f5es que funcionem dentro do sistema que o agricultor efetivamente utiliza e que permitam trabalhar diferentes mecanismos de a\u00e7\u00e3o de maneira complementar\u201d, afirma a agr\u00f4noma.<\/p>\n","protected":false},"excerpt":{"rendered":"<p>Companhia lan\u00e7a nova gera\u00e7\u00e3o de solu\u00e7\u00f5es que associa microrganismos, formula\u00e7\u00f5es e diferentes mecanismos de a\u00e7\u00e3o. A estrat\u00e9gia inclui plataforma pr\u00f3pria de desenvolvimento&#8230;<\/p>\n","protected":false},"author":47,"featured_media":84962,"comment_status":"closed","ping_status":"open","sticky":false,"template":"","format":"standard","meta":{"footnotes":""},"categories":[1970],"tags":[],"ppma_author":[13248],"class_list":["post-84961","post","type-post","status-publish","format-standard","has-post-thumbnail","category-tecnologia"],"yoast_head":"<!-- This site is optimized with the Yoast SEO plugin v27.2 - https:\/\/yoast.com\/product\/yoast-seo-wordpress\/ -->\n<title>Vittia aposta em tecnologias combinadas para ampliar espa\u00e7o dos biol\u00f3gicos no manejo agr\u00edcola - Economia S\/A<\/title>\n<meta name=\"robots\" content=\"index, follow, max-snippet:-1, max-image-preview:large, max-video-preview:-1\" \/>\n<link rel=\"canonical\" href=\"https:\/\/economiasa.com.br\/blog\/vittia-aposta-em-tecnologias-combinadas-para-ampliar-espaco-dos-biologicos-no-manejo-agricola\/\" \/>\n<meta property=\"og:locale\" content=\"pt_BR\" \/>\n<meta property=\"og:type\" content=\"article\" \/>\n<meta property=\"og:title\" content=\"Vittia aposta em tecnologias combinadas para ampliar espa\u00e7o dos biol\u00f3gicos no manejo agr\u00edcola - Economia S\/A\" \/>\n<meta property=\"og:description\" content=\"Companhia lan\u00e7a nova gera\u00e7\u00e3o de solu\u00e7\u00f5es que associa microrganismos, formula\u00e7\u00f5es e diferentes mecanismos de a\u00e7\u00e3o. A estrat\u00e9gia inclui plataforma pr\u00f3pria de desenvolvimento...\" \/>\n<meta property=\"og:url\" content=\"https:\/\/economiasa.com.br\/blog\/vittia-aposta-em-tecnologias-combinadas-para-ampliar-espaco-dos-biologicos-no-manejo-agricola\/\" \/>\n<meta property=\"og:site_name\" content=\"Economia S\/A\" \/>\n<meta property=\"article:published_time\" content=\"2026-09-01T23:32:46+00:00\" \/>\n<meta property=\"og:image\" content=\"https:\/\/economiasa.com.br\/blog\/wp-content\/uploads\/2026\/09\/Capturar-13.png\" \/>\n\t<meta property=\"og:image:width\" content=\"744\" \/>\n\t<meta property=\"og:image:height\" content=\"514\" \/>\n\t<meta property=\"og:image:type\" content=\"image\/png\" \/>\n<meta name=\"author\" content=\"Reda\u00e7\u00e3o\" \/>\n<meta name=\"twitter:card\" content=\"summary_large_image\" \/>\n<meta name=\"twitter:label1\" content=\"Escrito por\" \/>\n\t<meta name=\"twitter:data1\" content=\"Reda\u00e7\u00e3o\" \/>\n\t<meta name=\"twitter:label2\" content=\"Est. tempo de leitura\" \/>\n\t<meta name=\"twitter:data2\" content=\"5 minutos\" \/>\n<script type=\"application\/ld+json\" class=\"yoast-schema-graph\">{\"@context\":\"https:\/\/schema.org\",\"@graph\":[{\"@type\":\"Article\",\"@id\":\"https:\/\/economiasa.com.br\/blog\/vittia-aposta-em-tecnologias-combinadas-para-ampliar-espaco-dos-biologicos-no-manejo-agricola\/#article\",\"isPartOf\":{\"@id\":\"https:\/\/economiasa.com.br\/blog\/vittia-aposta-em-tecnologias-combinadas-para-ampliar-espaco-dos-biologicos-no-manejo-agricola\/\"},\"author\":{\"name\":\"Reda\u00e7\u00e3o\",\"@id\":\"https:\/\/economiasa.com.br\/blog\/#\/schema\/person\/14b8ac2dc25bd63b52bc54e845fa3923\"},\"headline\":\"Vittia aposta em tecnologias combinadas para ampliar espa\u00e7o dos biol\u00f3gicos no manejo agr\u00edcola\",\"datePublished\":\"2026-09-01T23:32:46+00:00\",\"mainEntityOfPage\":{\"@id\":\"https:\/\/economiasa.com.br\/blog\/vittia-aposta-em-tecnologias-combinadas-para-ampliar-espaco-dos-biologicos-no-manejo-agricola\/\"},\"wordCount\":901,\"image\":{\"@id\":\"https:\/\/economiasa.com.br\/blog\/vittia-aposta-em-tecnologias-combinadas-para-ampliar-espaco-dos-biologicos-no-manejo-agricola\/#primaryimage\"},\"thumbnailUrl\":\"https:\/\/economiasa.com.br\/blog\/wp-content\/uploads\/2026\/09\/Capturar-13.png\",\"articleSection\":[\"Tecnologia\"],\"inLanguage\":\"pt-BR\"},{\"@type\":\"WebPage\",\"@id\":\"https:\/\/economiasa.com.br\/blog\/vittia-aposta-em-tecnologias-combinadas-para-ampliar-espaco-dos-biologicos-no-manejo-agricola\/\",\"url\":\"https:\/\/economiasa.com.br\/blog\/vittia-aposta-em-tecnologias-combinadas-para-ampliar-espaco-dos-biologicos-no-manejo-agricola\/\",\"name\":\"Vittia aposta em tecnologias combinadas para ampliar espa\u00e7o dos biol\u00f3gicos no manejo agr\u00edcola - Economia S\/A\",\"isPartOf\":{\"@id\":\"https:\/\/economiasa.com.br\/blog\/#website\"},\"primaryImageOfPage\":{\"@id\":\"https:\/\/economiasa.com.br\/blog\/vittia-aposta-em-tecnologias-combinadas-para-ampliar-espaco-dos-biologicos-no-manejo-agricola\/#primaryimage\"},\"image\":{\"@id\":\"https:\/\/economiasa.com.br\/blog\/vittia-aposta-em-tecnologias-combinadas-para-ampliar-espaco-dos-biologicos-no-manejo-agricola\/#primaryimage\"},\"thumbnailUrl\":\"https:\/\/economiasa.com.br\/blog\/wp-content\/uploads\/2026\/09\/Capturar-13.png\",\"datePublished\":\"2026-09-01T23:32:46+00:00\",\"author\":{\"@id\":\"https:\/\/economiasa.com.br\/blog\/#\/schema\/person\/14b8ac2dc25bd63b52bc54e845fa3923\"},\"breadcrumb\":{\"@id\":\"https:\/\/economiasa.com.br\/blog\/vittia-aposta-em-tecnologias-combinadas-para-ampliar-espaco-dos-biologicos-no-manejo-agricola\/#breadcrumb\"},\"inLanguage\":\"pt-BR\",\"potentialAction\":[{\"@type\":\"ReadAction\",\"target\":[\"https:\/\/economiasa.com.br\/blog\/vittia-aposta-em-tecnologias-combinadas-para-ampliar-espaco-dos-biologicos-no-manejo-agricola\/\"]}]},{\"@type\":\"ImageObject\",\"inLanguage\":\"pt-BR\",\"@id\":\"https:\/\/economiasa.com.br\/blog\/vittia-aposta-em-tecnologias-combinadas-para-ampliar-espaco-dos-biologicos-no-manejo-agricola\/#primaryimage\",\"url\":\"https:\/\/economiasa.com.br\/blog\/wp-content\/uploads\/2026\/09\/Capturar-13.png\",\"contentUrl\":\"https:\/\/economiasa.com.br\/blog\/wp-content\/uploads\/2026\/09\/Capturar-13.png\",\"width\":744,\"height\":514,\"caption\":\"Cr\u00e9ditos da foto: Divulga\u00e7\u00e3o\"},{\"@type\":\"BreadcrumbList\",\"@id\":\"https:\/\/economiasa.com.br\/blog\/vittia-aposta-em-tecnologias-combinadas-para-ampliar-espaco-dos-biologicos-no-manejo-agricola\/#breadcrumb\",\"itemListElement\":[{\"@type\":\"ListItem\",\"position\":1,\"name\":\"In\u00edcio\",\"item\":\"https:\/\/economiasa.com.br\/blog\/\"},{\"@type\":\"ListItem\",\"position\":2,\"name\":\"Vittia aposta em tecnologias combinadas para ampliar espa\u00e7o dos biol\u00f3gicos no manejo agr\u00edcola\"}]},{\"@type\":\"WebSite\",\"@id\":\"https:\/\/economiasa.com.br\/blog\/#website\",\"url\":\"https:\/\/economiasa.com.br\/blog\/\",\"name\":\"Economia S\/A\",\"description\":\"Ler faz bem para os neg\u00f3cios\",\"potentialAction\":[{\"@type\":\"SearchAction\",\"target\":{\"@type\":\"EntryPoint\",\"urlTemplate\":\"https:\/\/economiasa.com.br\/blog\/?s={search_term_string}\"},\"query-input\":{\"@type\":\"PropertyValueSpecification\",\"valueRequired\":true,\"valueName\":\"search_term_string\"}}],\"inLanguage\":\"pt-BR\"},{\"@type\":\"Person\",\"@id\":\"https:\/\/economiasa.com.br\/blog\/#\/schema\/person\/14b8ac2dc25bd63b52bc54e845fa3923\",\"name\":\"Reda\u00e7\u00e3o\",\"image\":{\"@type\":\"ImageObject\",\"inLanguage\":\"pt-BR\",\"@id\":\"https:\/\/secure.gravatar.com\/avatar\/c8c795261f7f8547b22616a549577db9e450bd5622da3f6eb62b0e2c3e364c4e?s=96&d=mm&r=g0fb5212bc57e2287787936667fbbe0ff\",\"url\":\"https:\/\/secure.gravatar.com\/avatar\/c8c795261f7f8547b22616a549577db9e450bd5622da3f6eb62b0e2c3e364c4e?s=96&d=mm&r=g\",\"contentUrl\":\"https:\/\/secure.gravatar.com\/avatar\/c8c795261f7f8547b22616a549577db9e450bd5622da3f6eb62b0e2c3e364c4e?s=96&d=mm&r=g\",\"caption\":\"Reda\u00e7\u00e3o\"},\"sameAs\":[\"http:\/\/www.economiasa.com.br\"],\"url\":\"https:\/\/economiasa.com.br\/blog\/author\/redacao\/\"}]}<\/script>\n<!-- \/ Yoast SEO plugin. -->","yoast_head_json":{"title":"Vittia aposta em tecnologias combinadas para ampliar espa\u00e7o dos biol\u00f3gicos no manejo agr\u00edcola - Economia S\/A","robots":{"index":"index","follow":"follow","max-snippet":"max-snippet:-1","max-image-preview":"max-image-preview:large","max-video-preview":"max-video-preview:-1"},"canonical":"https:\/\/economiasa.com.br\/blog\/vittia-aposta-em-tecnologias-combinadas-para-ampliar-espaco-dos-biologicos-no-manejo-agricola\/","og_locale":"pt_BR","og_type":"article","og_title":"Vittia aposta em tecnologias combinadas para ampliar espa\u00e7o dos biol\u00f3gicos no manejo agr\u00edcola - Economia S\/A","og_description":"Companhia lan\u00e7a nova gera\u00e7\u00e3o de solu\u00e7\u00f5es que associa microrganismos, formula\u00e7\u00f5es e diferentes mecanismos de a\u00e7\u00e3o. A estrat\u00e9gia inclui plataforma pr\u00f3pria de desenvolvimento...","og_url":"https:\/\/economiasa.com.br\/blog\/vittia-aposta-em-tecnologias-combinadas-para-ampliar-espaco-dos-biologicos-no-manejo-agricola\/","og_site_name":"Economia S\/A","article_published_time":"2026-09-01T23:32:46+00:00","og_image":[{"width":744,"height":514,"url":"https:\/\/economiasa.com.br\/blog\/wp-content\/uploads\/2026\/09\/Capturar-13.png","type":"image\/png"}],"author":"Reda\u00e7\u00e3o","twitter_card":"summary_large_image","twitter_misc":{"Escrito por":"Reda\u00e7\u00e3o","Est. tempo de leitura":"5 minutos"},"schema":{"@context":"https:\/\/schema.org","@graph":[{"@type":"Article","@id":"https:\/\/economiasa.com.br\/blog\/vittia-aposta-em-tecnologias-combinadas-para-ampliar-espaco-dos-biologicos-no-manejo-agricola\/#article","isPartOf":{"@id":"https:\/\/economiasa.com.br\/blog\/vittia-aposta-em-tecnologias-combinadas-para-ampliar-espaco-dos-biologicos-no-manejo-agricola\/"},"author":{"name":"Reda\u00e7\u00e3o","@id":"https:\/\/economiasa.com.br\/blog\/#\/schema\/person\/14b8ac2dc25bd63b52bc54e845fa3923"},"headline":"Vittia aposta em tecnologias combinadas para ampliar espa\u00e7o dos biol\u00f3gicos no manejo agr\u00edcola","datePublished":"2026-09-01T23:32:46+00:00","mainEntityOfPage":{"@id":"https:\/\/economiasa.com.br\/blog\/vittia-aposta-em-tecnologias-combinadas-para-ampliar-espaco-dos-biologicos-no-manejo-agricola\/"},"wordCount":901,"image":{"@id":"https:\/\/economiasa.com.br\/blog\/vittia-aposta-em-tecnologias-combinadas-para-ampliar-espaco-dos-biologicos-no-manejo-agricola\/#primaryimage"},"thumbnailUrl":"https:\/\/economiasa.com.br\/blog\/wp-content\/uploads\/2026\/09\/Capturar-13.png","articleSection":["Tecnologia"],"inLanguage":"pt-BR"},{"@type":"WebPage","@id":"https:\/\/economiasa.com.br\/blog\/vittia-aposta-em-tecnologias-combinadas-para-ampliar-espaco-dos-biologicos-no-manejo-agricola\/","url":"https:\/\/economiasa.com.br\/blog\/vittia-aposta-em-tecnologias-combinadas-para-ampliar-espaco-dos-biologicos-no-manejo-agricola\/","name":"Vittia aposta em tecnologias combinadas para ampliar espa\u00e7o dos biol\u00f3gicos no manejo agr\u00edcola - Economia S\/A","isPartOf":{"@id":"https:\/\/economiasa.com.br\/blog\/#website"},"primaryImageOfPage":{"@id":"https:\/\/economiasa.com.br\/blog\/vittia-aposta-em-tecnologias-combinadas-para-ampliar-espaco-dos-biologicos-no-manejo-agricola\/#primaryimage"},"image":{"@id":"https:\/\/economiasa.com.br\/blog\/vittia-aposta-em-tecnologias-combinadas-para-ampliar-espaco-dos-biologicos-no-manejo-agricola\/#primaryimage"},"thumbnailUrl":"https:\/\/economiasa.com.br\/blog\/wp-content\/uploads\/2026\/09\/Capturar-13.png","datePublished":"2026-09-01T23:32:46+00:00","author":{"@id":"https:\/\/economiasa.com.br\/blog\/#\/schema\/person\/14b8ac2dc25bd63b52bc54e845fa3923"},"breadcrumb":{"@id":"https:\/\/economiasa.com.br\/blog\/vittia-aposta-em-tecnologias-combinadas-para-ampliar-espaco-dos-biologicos-no-manejo-agricola\/#breadcrumb"},"inLanguage":"pt-BR","potentialAction":[{"@type":"ReadAction","target":["https:\/\/economiasa.com.br\/blog\/vittia-aposta-em-tecnologias-combinadas-para-ampliar-espaco-dos-biologicos-no-manejo-agricola\/"]}]},{"@type":"ImageObject","inLanguage":"pt-BR","@id":"https:\/\/economiasa.com.br\/blog\/vittia-aposta-em-tecnologias-combinadas-para-ampliar-espaco-dos-biologicos-no-manejo-agricola\/#primaryimage","url":"https:\/\/economiasa.com.br\/blog\/wp-content\/uploads\/2026\/09\/Capturar-13.png","contentUrl":"https:\/\/economiasa.com.br\/blog\/wp-content\/uploads\/2026\/09\/Capturar-13.png","width":744,"height":514,"caption":"Cr\u00e9ditos da foto: Divulga\u00e7\u00e3o"},{"@type":"BreadcrumbList","@id":"https:\/\/economiasa.com.br\/blog\/vittia-aposta-em-tecnologias-combinadas-para-ampliar-espaco-dos-biologicos-no-manejo-agricola\/#breadcrumb","itemListElement":[{"@type":"ListItem","position":1,"name":"In\u00edcio","item":"https:\/\/economiasa.com.br\/blog\/"},{"@type":"ListItem","position":2,"name":"Vittia aposta em tecnologias combinadas para ampliar espa\u00e7o dos biol\u00f3gicos no manejo agr\u00edcola"}]},{"@type":"WebSite","@id":"https:\/\/economiasa.com.br\/blog\/#website","url":"https:\/\/economiasa.com.br\/blog\/","name":"Economia S\/A","description":"Ler faz bem para os neg\u00f3cios","potentialAction":[{"@type":"SearchAction","target":{"@type":"EntryPoint","urlTemplate":"https:\/\/economiasa.com.br\/blog\/?s={search_term_string}"},"query-input":{"@type":"PropertyValueSpecification","valueRequired":true,"valueName":"search_term_string"}}],"inLanguage":"pt-BR"},{"@type":"Person","@id":"https:\/\/economiasa.com.br\/blog\/#\/schema\/person\/14b8ac2dc25bd63b52bc54e845fa3923","name":"Reda\u00e7\u00e3o","image":{"@type":"ImageObject","inLanguage":"pt-BR","@id":"https:\/\/secure.gravatar.com\/avatar\/c8c795261f7f8547b22616a549577db9e450bd5622da3f6eb62b0e2c3e364c4e?s=96&d=mm&r=g0fb5212bc57e2287787936667fbbe0ff","url":"https:\/\/secure.gravatar.com\/avatar\/c8c795261f7f8547b22616a549577db9e450bd5622da3f6eb62b0e2c3e364c4e?s=96&d=mm&r=g","contentUrl":"https:\/\/secure.gravatar.com\/avatar\/c8c795261f7f8547b22616a549577db9e450bd5622da3f6eb62b0e2c3e364c4e?s=96&d=mm&r=g","caption":"Reda\u00e7\u00e3o"},"sameAs":["http:\/\/www.economiasa.com.br"],"url":"https:\/\/economiasa.com.br\/blog\/author\/redacao\/"}]}},"authors":[{"term_id":13248,"user_id":47,"is_guest":0,"slug":"redacao","display_name":"Reda\u00e7\u00e3o","avatar_url":"https:\/\/secure.gravatar.com\/avatar\/c8c795261f7f8547b22616a549577db9e450bd5622da3f6eb62b0e2c3e364c4e?s=96&d=mm&r=g","author_category":"","first_name":"Reda\u00e7\u00e3o","last_name":"","user_url":"http:\/\/www.economiasa.com.br","job_title":"","description":""}],"amp_enabled":true,"_links":{"self":[{"href":"https:\/\/economiasa.com.br\/blog\/wp-json\/wp\/v2\/posts\/84961","targetHints":{"allow":["GET"]}}],"collection":[{"href":"https:\/\/economiasa.com.br\/blog\/wp-json\/wp\/v2\/posts"}],"about":[{"href":"https:\/\/economiasa.com.br\/blog\/wp-json\/wp\/v2\/types\/post"}],"author":[{"embeddable":true,"href":"https:\/\/economiasa.com.br\/blog\/wp-json\/wp\/v2\/users\/47"}],"replies":[{"embeddable":true,"href":"https:\/\/economiasa.com.br\/blog\/wp-json\/wp\/v2\/comments?post=84961"}],"version-history":[{"count":0,"href":"https:\/\/economiasa.com.br\/blog\/wp-json\/wp\/v2\/posts\/84961\/revisions"}],"wp:featuredmedia":[{"embeddable":true,"href":"https:\/\/economiasa.com.br\/blog\/wp-json\/wp\/v2\/media\/84962"}],"wp:attachment":[{"href":"https:\/\/economiasa.com.br\/blog\/wp-json\/wp\/v2\/media?parent=84961"}],"wp:term":[{"taxonomy":"category","embeddable":true,"href":"https:\/\/economiasa.com.br\/blog\/wp-json\/wp\/v2\/categories?post=84961"},{"taxonomy":"post_tag","embeddable":true,"href":"https:\/\/economiasa.com.br\/blog\/wp-json\/wp\/v2\/tags?post=84961"},{"taxonomy":"author","embeddable":true,"href":"https:\/\/economiasa.com.br\/blog\/wp-json\/wp\/v2\/ppma_author?post=84961"}],"curies":[{"name":"wp","href":"https:\/\/api.w.org\/{rel}","templated":true}]}}