{"id":84963,"date":"2026-09-01T20:34:42","date_gmt":"2026-09-01T23:34:42","guid":{"rendered":"https:\/\/economiasa.com.br\/blog\/?p=84963"},"modified":"2026-09-01T20:34:42","modified_gmt":"2026-09-01T23:34:42","slug":"b55-conference-reune-ceos-e-fundadores-em-experiencia-inedita-para-3-mil-empreendedores","status":"publish","type":"post","link":"https:\/\/economiasa.com.br\/blog\/b55-conference-reune-ceos-e-fundadores-em-experiencia-inedita-para-3-mil-empreendedores\/","title":{"rendered":"B55 Conference re\u00fane CEOs e fundadores em experi\u00eancia in\u00e9dita para 3 mil empreendedores"},"content":{"rendered":"\n<p class=\"wp-block-paragraph\"><em>Primeira edi\u00e7\u00e3o do evento acontece em setembro, em S\u00e3o Paulo, e re\u00fane empres\u00e1rios, CEOs como Diego Barreto, Renata Vichi, Sandra Chayo, David V\u00e9lez, Jo\u00e3o Adibe, Guilherme Benchimol, Andre Street e Ram Charan<\/em><\/p>\n\n\n\n<p class=\"wp-block-paragraph\">O que acontece quando 3 mil empreendedores dividem a mesma sala com quem criou algumas das empresas mais relevantes do Brasil e do mundo? \u00c9 esse encontro que a B55 Conference prop\u00f5e em sua primeira edi\u00e7\u00e3o, nos dias 29 e 30 de setembro, no\u00a0Suhai Music Hall,\u00a0em S\u00e3o Paulo.\u00a0<\/p>\n\n\n\n<p class=\"wp-block-paragraph\">Promovido pelo Instituto B55, um ecossistema dedicado \u00e0 educa\u00e7\u00e3o empreendedora e \u00e0 conex\u00e3o entre empres\u00e1rios, o encontro leva ao palco mais de 30 fundadores, CEOs e lideran\u00e7as de algumas das principais empresas do pa\u00eds. Ser\u00e3o dois dias de conte\u00fado, troca de experi\u00eancias e mentorias voltados a quem est\u00e1 \u00e0 frente de empresas e busca crescer em um ambiente cada vez mais competitivo. A proposta \u00e9 colocar no mesmo espa\u00e7o quem j\u00e1 enfrentou os desafios de construir grandes companhias com quem est\u00e1 passando agora pelas mesmas dores.\u00a0<\/p>\n\n\n\n<p class=\"wp-block-paragraph\">Entre os nomes confirmados est\u00e3o Diego Barreto, do iFood; Sandra Chayo, da Hope; Renata Vichi, do Grupo CRM; Jo\u00e3o Adibe, da Cimed; Cristhiano Fa\u00e9, do Instituto B55; Andre Street, da Stone; Guilherme Benchimol, da XP; David V\u00e9lez, do Nubank; Nelson Sirotsky, do Grupo RBS; Uri Levine, cofundador do Waze; Romero Rodrigues, da Headline; Nizan Guanaes, do Grupo N Ideias; Artur Grynbaum, do Grupo Botic\u00e1rio; e Rony Meisler, da Reserva, entre outras lideran\u00e7as que v\u00e3o compartilhar decis\u00f5es e desafios vividos na constru\u00e7\u00e3o de seus pr\u00f3prios neg\u00f3cios.\u00a0Outro destaque \u00e9 Ram Charan, PhD em neg\u00f3cios por Harvard e consultor global de CEOs e conselhos em estrat\u00e9gia, execu\u00e7\u00e3o e crescimento. Autor de mais de 30 livros, entre eles o best-seller \u201cExecu\u00e7\u00e3o: A Disciplina para Atingir Resultados\u201d.\u00a0<\/p>\n\n\n\n<p class=\"wp-block-paragraph\">Mais do que um palco de palestras, a B55 Conference foi desenhada para potencializar conversas entre empreendedores, com mais de 20 horas de conte\u00fado, sala de mentoria e espa\u00e7os de networking. \u201cO empres\u00e1rio brasileiro n\u00e3o precisa de mais um evento motivacional, precisa de acesso e m\u00e9todo para construir algo grande\u201d, afirma Cristhiano Fa\u00e9, cofundador e CEO do Instituto B55.\u00a0<\/p>\n\n\n\n<p class=\"wp-block-paragraph\">A B55 Conference nasce como uma das principais iniciativas do primeiro ano de atua\u00e7\u00e3o do Instituto B55, organiza\u00e7\u00e3o constru\u00edda para fortalecer empresas brasileiras por meio de conhecimento pr\u00e1tico, comunidade e troca entre empres\u00e1rios. A proposta \u00e9 atuar no dia a dia como uma esp\u00e9cie de concierge do empreendedor, conectando membros a mentores, especialistas e outros fundadores capazes de ajudar a enxergar problemas, identificar caminhos e resolver desafios concretos.\u00a0\u00a0<\/p>\n","protected":false},"excerpt":{"rendered":"<p>Primeira edi\u00e7\u00e3o do evento acontece em setembro, em S\u00e3o Paulo, e re\u00fane empres\u00e1rios, CEOs como Diego Barreto, Renata Vichi, Sandra Chayo, David&#8230;<\/p>\n","protected":false},"author":47,"featured_media":84964,"comment_status":"closed","ping_status":"open","sticky":false,"template":"","format":"standard","meta":{"footnotes":""},"categories":[3997,101],"tags":[],"ppma_author":[13248],"class_list":["post-84963","post","type-post","status-publish","format-standard","has-post-thumbnail","category-empreender","category-negocios"],"yoast_head":"<!-- This site is optimized with the Yoast SEO plugin v27.2 - https:\/\/yoast.com\/product\/yoast-seo-wordpress\/ -->\n<title>B55 Conference re\u00fane CEOs e fundadores em experi\u00eancia in\u00e9dita para 3 mil empreendedores - Economia S\/A<\/title>\n<meta name=\"robots\" content=\"index, follow, max-snippet:-1, max-image-preview:large, max-video-preview:-1\" \/>\n<link rel=\"canonical\" href=\"https:\/\/economiasa.com.br\/blog\/b55-conference-reune-ceos-e-fundadores-em-experiencia-inedita-para-3-mil-empreendedores\/\" \/>\n<meta property=\"og:locale\" content=\"pt_BR\" \/>\n<meta property=\"og:type\" content=\"article\" \/>\n<meta property=\"og:title\" content=\"B55 Conference re\u00fane CEOs e fundadores em experi\u00eancia in\u00e9dita para 3 mil empreendedores - Economia S\/A\" \/>\n<meta property=\"og:description\" content=\"Primeira edi\u00e7\u00e3o do evento acontece em setembro, em S\u00e3o Paulo, e re\u00fane empres\u00e1rios, CEOs como Diego Barreto, Renata Vichi, Sandra Chayo, David...\" \/>\n<meta property=\"og:url\" content=\"https:\/\/economiasa.com.br\/blog\/b55-conference-reune-ceos-e-fundadores-em-experiencia-inedita-para-3-mil-empreendedores\/\" \/>\n<meta property=\"og:site_name\" content=\"Economia S\/A\" \/>\n<meta property=\"article:published_time\" content=\"2026-09-01T23:34:42+00:00\" \/>\n<meta property=\"og:image\" content=\"https:\/\/economiasa.com.br\/blog\/wp-content\/uploads\/2026\/09\/Capturar-14.png\" \/>\n\t<meta property=\"og:image:width\" content=\"349\" \/>\n\t<meta property=\"og:image:height\" content=\"212\" \/>\n\t<meta property=\"og:image:type\" content=\"image\/png\" \/>\n<meta name=\"author\" content=\"Reda\u00e7\u00e3o\" \/>\n<meta name=\"twitter:card\" content=\"summary_large_image\" \/>\n<meta name=\"twitter:label1\" content=\"Escrito por\" \/>\n\t<meta name=\"twitter:data1\" content=\"Reda\u00e7\u00e3o\" \/>\n\t<meta name=\"twitter:label2\" content=\"Est. tempo de leitura\" \/>\n\t<meta name=\"twitter:data2\" content=\"3 minutos\" \/>\n<script type=\"application\/ld+json\" class=\"yoast-schema-graph\">{\"@context\":\"https:\/\/schema.org\",\"@graph\":[{\"@type\":\"Article\",\"@id\":\"https:\/\/economiasa.com.br\/blog\/b55-conference-reune-ceos-e-fundadores-em-experiencia-inedita-para-3-mil-empreendedores\/#article\",\"isPartOf\":{\"@id\":\"https:\/\/economiasa.com.br\/blog\/b55-conference-reune-ceos-e-fundadores-em-experiencia-inedita-para-3-mil-empreendedores\/\"},\"author\":{\"name\":\"Reda\u00e7\u00e3o\",\"@id\":\"https:\/\/economiasa.com.br\/blog\/#\/schema\/person\/14b8ac2dc25bd63b52bc54e845fa3923\"},\"headline\":\"B55 Conference re\u00fane CEOs e fundadores em experi\u00eancia in\u00e9dita para 3 mil empreendedores\",\"datePublished\":\"2026-09-01T23:34:42+00:00\",\"mainEntityOfPage\":{\"@id\":\"https:\/\/economiasa.com.br\/blog\/b55-conference-reune-ceos-e-fundadores-em-experiencia-inedita-para-3-mil-empreendedores\/\"},\"wordCount\":469,\"image\":{\"@id\":\"https:\/\/economiasa.com.br\/blog\/b55-conference-reune-ceos-e-fundadores-em-experiencia-inedita-para-3-mil-empreendedores\/#primaryimage\"},\"thumbnailUrl\":\"https:\/\/economiasa.com.br\/blog\/wp-content\/uploads\/2026\/09\/Capturar-14.png\",\"articleSection\":[\"Empreender\",\"Neg\u00f3cios\"],\"inLanguage\":\"pt-BR\"},{\"@type\":\"WebPage\",\"@id\":\"https:\/\/economiasa.com.br\/blog\/b55-conference-reune-ceos-e-fundadores-em-experiencia-inedita-para-3-mil-empreendedores\/\",\"url\":\"https:\/\/economiasa.com.br\/blog\/b55-conference-reune-ceos-e-fundadores-em-experiencia-inedita-para-3-mil-empreendedores\/\",\"name\":\"B55 Conference re\u00fane CEOs e fundadores em experi\u00eancia in\u00e9dita para 3 mil empreendedores - Economia S\/A\",\"isPartOf\":{\"@id\":\"https:\/\/economiasa.com.br\/blog\/#website\"},\"primaryImageOfPage\":{\"@id\":\"https:\/\/economiasa.com.br\/blog\/b55-conference-reune-ceos-e-fundadores-em-experiencia-inedita-para-3-mil-empreendedores\/#primaryimage\"},\"image\":{\"@id\":\"https:\/\/economiasa.com.br\/blog\/b55-conference-reune-ceos-e-fundadores-em-experiencia-inedita-para-3-mil-empreendedores\/#primaryimage\"},\"thumbnailUrl\":\"https:\/\/economiasa.com.br\/blog\/wp-content\/uploads\/2026\/09\/Capturar-14.png\",\"datePublished\":\"2026-09-01T23:34:42+00:00\",\"author\":{\"@id\":\"https:\/\/economiasa.com.br\/blog\/#\/schema\/person\/14b8ac2dc25bd63b52bc54e845fa3923\"},\"breadcrumb\":{\"@id\":\"https:\/\/economiasa.com.br\/blog\/b55-conference-reune-ceos-e-fundadores-em-experiencia-inedita-para-3-mil-empreendedores\/#breadcrumb\"},\"inLanguage\":\"pt-BR\",\"potentialAction\":[{\"@type\":\"ReadAction\",\"target\":[\"https:\/\/economiasa.com.br\/blog\/b55-conference-reune-ceos-e-fundadores-em-experiencia-inedita-para-3-mil-empreendedores\/\"]}]},{\"@type\":\"ImageObject\",\"inLanguage\":\"pt-BR\",\"@id\":\"https:\/\/economiasa.com.br\/blog\/b55-conference-reune-ceos-e-fundadores-em-experiencia-inedita-para-3-mil-empreendedores\/#primaryimage\",\"url\":\"https:\/\/economiasa.com.br\/blog\/wp-content\/uploads\/2026\/09\/Capturar-14.png\",\"contentUrl\":\"https:\/\/economiasa.com.br\/blog\/wp-content\/uploads\/2026\/09\/Capturar-14.png\",\"width\":349,\"height\":212,\"caption\":\"Rom\u00e3o Filmes\/Divulga\u00e7\u00e3o B55 Guilherme Benchimol, Cristhiano Fa\u00e9, David V\u00e9lez e Andre Street, fundadores do Instituto B55\"},{\"@type\":\"BreadcrumbList\",\"@id\":\"https:\/\/economiasa.com.br\/blog\/b55-conference-reune-ceos-e-fundadores-em-experiencia-inedita-para-3-mil-empreendedores\/#breadcrumb\",\"itemListElement\":[{\"@type\":\"ListItem\",\"position\":1,\"name\":\"In\u00edcio\",\"item\":\"https:\/\/economiasa.com.br\/blog\/\"},{\"@type\":\"ListItem\",\"position\":2,\"name\":\"B55 Conference re\u00fane CEOs e fundadores em experi\u00eancia in\u00e9dita para 3 mil empreendedores\"}]},{\"@type\":\"WebSite\",\"@id\":\"https:\/\/economiasa.com.br\/blog\/#website\",\"url\":\"https:\/\/economiasa.com.br\/blog\/\",\"name\":\"Economia S\/A\",\"description\":\"Ler faz bem para os neg\u00f3cios\",\"potentialAction\":[{\"@type\":\"SearchAction\",\"target\":{\"@type\":\"EntryPoint\",\"urlTemplate\":\"https:\/\/economiasa.com.br\/blog\/?s={search_term_string}\"},\"query-input\":{\"@type\":\"PropertyValueSpecification\",\"valueRequired\":true,\"valueName\":\"search_term_string\"}}],\"inLanguage\":\"pt-BR\"},{\"@type\":\"Person\",\"@id\":\"https:\/\/economiasa.com.br\/blog\/#\/schema\/person\/14b8ac2dc25bd63b52bc54e845fa3923\",\"name\":\"Reda\u00e7\u00e3o\",\"image\":{\"@type\":\"ImageObject\",\"inLanguage\":\"pt-BR\",\"@id\":\"https:\/\/secure.gravatar.com\/avatar\/c8c795261f7f8547b22616a549577db9e450bd5622da3f6eb62b0e2c3e364c4e?s=96&d=mm&r=g0fb5212bc57e2287787936667fbbe0ff\",\"url\":\"https:\/\/secure.gravatar.com\/avatar\/c8c795261f7f8547b22616a549577db9e450bd5622da3f6eb62b0e2c3e364c4e?s=96&d=mm&r=g\",\"contentUrl\":\"https:\/\/secure.gravatar.com\/avatar\/c8c795261f7f8547b22616a549577db9e450bd5622da3f6eb62b0e2c3e364c4e?s=96&d=mm&r=g\",\"caption\":\"Reda\u00e7\u00e3o\"},\"sameAs\":[\"http:\/\/www.economiasa.com.br\"],\"url\":\"https:\/\/economiasa.com.br\/blog\/author\/redacao\/\"}]}<\/script>\n<!-- \/ Yoast SEO plugin. -->","yoast_head_json":{"title":"B55 Conference re\u00fane CEOs e fundadores em experi\u00eancia in\u00e9dita para 3 mil empreendedores - Economia S\/A","robots":{"index":"index","follow":"follow","max-snippet":"max-snippet:-1","max-image-preview":"max-image-preview:large","max-video-preview":"max-video-preview:-1"},"canonical":"https:\/\/economiasa.com.br\/blog\/b55-conference-reune-ceos-e-fundadores-em-experiencia-inedita-para-3-mil-empreendedores\/","og_locale":"pt_BR","og_type":"article","og_title":"B55 Conference re\u00fane CEOs e fundadores em experi\u00eancia in\u00e9dita para 3 mil empreendedores - Economia S\/A","og_description":"Primeira edi\u00e7\u00e3o do evento acontece em setembro, em S\u00e3o Paulo, e re\u00fane empres\u00e1rios, CEOs como Diego Barreto, Renata Vichi, Sandra Chayo, David...","og_url":"https:\/\/economiasa.com.br\/blog\/b55-conference-reune-ceos-e-fundadores-em-experiencia-inedita-para-3-mil-empreendedores\/","og_site_name":"Economia S\/A","article_published_time":"2026-09-01T23:34:42+00:00","og_image":[{"width":349,"height":212,"url":"https:\/\/economiasa.com.br\/blog\/wp-content\/uploads\/2026\/09\/Capturar-14.png","type":"image\/png"}],"author":"Reda\u00e7\u00e3o","twitter_card":"summary_large_image","twitter_misc":{"Escrito por":"Reda\u00e7\u00e3o","Est. tempo de leitura":"3 minutos"},"schema":{"@context":"https:\/\/schema.org","@graph":[{"@type":"Article","@id":"https:\/\/economiasa.com.br\/blog\/b55-conference-reune-ceos-e-fundadores-em-experiencia-inedita-para-3-mil-empreendedores\/#article","isPartOf":{"@id":"https:\/\/economiasa.com.br\/blog\/b55-conference-reune-ceos-e-fundadores-em-experiencia-inedita-para-3-mil-empreendedores\/"},"author":{"name":"Reda\u00e7\u00e3o","@id":"https:\/\/economiasa.com.br\/blog\/#\/schema\/person\/14b8ac2dc25bd63b52bc54e845fa3923"},"headline":"B55 Conference re\u00fane CEOs e fundadores em experi\u00eancia in\u00e9dita para 3 mil empreendedores","datePublished":"2026-09-01T23:34:42+00:00","mainEntityOfPage":{"@id":"https:\/\/economiasa.com.br\/blog\/b55-conference-reune-ceos-e-fundadores-em-experiencia-inedita-para-3-mil-empreendedores\/"},"wordCount":469,"image":{"@id":"https:\/\/economiasa.com.br\/blog\/b55-conference-reune-ceos-e-fundadores-em-experiencia-inedita-para-3-mil-empreendedores\/#primaryimage"},"thumbnailUrl":"https:\/\/economiasa.com.br\/blog\/wp-content\/uploads\/2026\/09\/Capturar-14.png","articleSection":["Empreender","Neg\u00f3cios"],"inLanguage":"pt-BR"},{"@type":"WebPage","@id":"https:\/\/economiasa.com.br\/blog\/b55-conference-reune-ceos-e-fundadores-em-experiencia-inedita-para-3-mil-empreendedores\/","url":"https:\/\/economiasa.com.br\/blog\/b55-conference-reune-ceos-e-fundadores-em-experiencia-inedita-para-3-mil-empreendedores\/","name":"B55 Conference re\u00fane CEOs e fundadores em experi\u00eancia in\u00e9dita para 3 mil empreendedores - Economia S\/A","isPartOf":{"@id":"https:\/\/economiasa.com.br\/blog\/#website"},"primaryImageOfPage":{"@id":"https:\/\/economiasa.com.br\/blog\/b55-conference-reune-ceos-e-fundadores-em-experiencia-inedita-para-3-mil-empreendedores\/#primaryimage"},"image":{"@id":"https:\/\/economiasa.com.br\/blog\/b55-conference-reune-ceos-e-fundadores-em-experiencia-inedita-para-3-mil-empreendedores\/#primaryimage"},"thumbnailUrl":"https:\/\/economiasa.com.br\/blog\/wp-content\/uploads\/2026\/09\/Capturar-14.png","datePublished":"2026-09-01T23:34:42+00:00","author":{"@id":"https:\/\/economiasa.com.br\/blog\/#\/schema\/person\/14b8ac2dc25bd63b52bc54e845fa3923"},"breadcrumb":{"@id":"https:\/\/economiasa.com.br\/blog\/b55-conference-reune-ceos-e-fundadores-em-experiencia-inedita-para-3-mil-empreendedores\/#breadcrumb"},"inLanguage":"pt-BR","potentialAction":[{"@type":"ReadAction","target":["https:\/\/economiasa.com.br\/blog\/b55-conference-reune-ceos-e-fundadores-em-experiencia-inedita-para-3-mil-empreendedores\/"]}]},{"@type":"ImageObject","inLanguage":"pt-BR","@id":"https:\/\/economiasa.com.br\/blog\/b55-conference-reune-ceos-e-fundadores-em-experiencia-inedita-para-3-mil-empreendedores\/#primaryimage","url":"https:\/\/economiasa.com.br\/blog\/wp-content\/uploads\/2026\/09\/Capturar-14.png","contentUrl":"https:\/\/economiasa.com.br\/blog\/wp-content\/uploads\/2026\/09\/Capturar-14.png","width":349,"height":212,"caption":"Rom\u00e3o Filmes\/Divulga\u00e7\u00e3o B55 Guilherme Benchimol, Cristhiano Fa\u00e9, David V\u00e9lez e Andre Street, fundadores do Instituto B55"},{"@type":"BreadcrumbList","@id":"https:\/\/economiasa.com.br\/blog\/b55-conference-reune-ceos-e-fundadores-em-experiencia-inedita-para-3-mil-empreendedores\/#breadcrumb","itemListElement":[{"@type":"ListItem","position":1,"name":"In\u00edcio","item":"https:\/\/economiasa.com.br\/blog\/"},{"@type":"ListItem","position":2,"name":"B55 Conference re\u00fane CEOs e fundadores em experi\u00eancia in\u00e9dita para 3 mil empreendedores"}]},{"@type":"WebSite","@id":"https:\/\/economiasa.com.br\/blog\/#website","url":"https:\/\/economiasa.com.br\/blog\/","name":"Economia S\/A","description":"Ler faz bem para os neg\u00f3cios","potentialAction":[{"@type":"SearchAction","target":{"@type":"EntryPoint","urlTemplate":"https:\/\/economiasa.com.br\/blog\/?s={search_term_string}"},"query-input":{"@type":"PropertyValueSpecification","valueRequired":true,"valueName":"search_term_string"}}],"inLanguage":"pt-BR"},{"@type":"Person","@id":"https:\/\/economiasa.com.br\/blog\/#\/schema\/person\/14b8ac2dc25bd63b52bc54e845fa3923","name":"Reda\u00e7\u00e3o","image":{"@type":"ImageObject","inLanguage":"pt-BR","@id":"https:\/\/secure.gravatar.com\/avatar\/c8c795261f7f8547b22616a549577db9e450bd5622da3f6eb62b0e2c3e364c4e?s=96&d=mm&r=g0fb5212bc57e2287787936667fbbe0ff","url":"https:\/\/secure.gravatar.com\/avatar\/c8c795261f7f8547b22616a549577db9e450bd5622da3f6eb62b0e2c3e364c4e?s=96&d=mm&r=g","contentUrl":"https:\/\/secure.gravatar.com\/avatar\/c8c795261f7f8547b22616a549577db9e450bd5622da3f6eb62b0e2c3e364c4e?s=96&d=mm&r=g","caption":"Reda\u00e7\u00e3o"},"sameAs":["http:\/\/www.economiasa.com.br"],"url":"https:\/\/economiasa.com.br\/blog\/author\/redacao\/"}]}},"authors":[{"term_id":13248,"user_id":47,"is_guest":0,"slug":"redacao","display_name":"Reda\u00e7\u00e3o","avatar_url":"https:\/\/secure.gravatar.com\/avatar\/c8c795261f7f8547b22616a549577db9e450bd5622da3f6eb62b0e2c3e364c4e?s=96&d=mm&r=g","author_category":"","first_name":"Reda\u00e7\u00e3o","last_name":"","user_url":"http:\/\/www.economiasa.com.br","job_title":"","description":""}],"amp_enabled":true,"_links":{"self":[{"href":"https:\/\/economiasa.com.br\/blog\/wp-json\/wp\/v2\/posts\/84963","targetHints":{"allow":["GET"]}}],"collection":[{"href":"https:\/\/economiasa.com.br\/blog\/wp-json\/wp\/v2\/posts"}],"about":[{"href":"https:\/\/economiasa.com.br\/blog\/wp-json\/wp\/v2\/types\/post"}],"author":[{"embeddable":true,"href":"https:\/\/economiasa.com.br\/blog\/wp-json\/wp\/v2\/users\/47"}],"replies":[{"embeddable":true,"href":"https:\/\/economiasa.com.br\/blog\/wp-json\/wp\/v2\/comments?post=84963"}],"version-history":[{"count":0,"href":"https:\/\/economiasa.com.br\/blog\/wp-json\/wp\/v2\/posts\/84963\/revisions"}],"wp:featuredmedia":[{"embeddable":true,"href":"https:\/\/economiasa.com.br\/blog\/wp-json\/wp\/v2\/media\/84964"}],"wp:attachment":[{"href":"https:\/\/economiasa.com.br\/blog\/wp-json\/wp\/v2\/media?parent=84963"}],"wp:term":[{"taxonomy":"category","embeddable":true,"href":"https:\/\/economiasa.com.br\/blog\/wp-json\/wp\/v2\/categories?post=84963"},{"taxonomy":"post_tag","embeddable":true,"href":"https:\/\/economiasa.com.br\/blog\/wp-json\/wp\/v2\/tags?post=84963"},{"taxonomy":"author","embeddable":true,"href":"https:\/\/economiasa.com.br\/blog\/wp-json\/wp\/v2\/ppma_author?post=84963"}],"curies":[{"name":"wp","href":"https:\/\/api.w.org\/{rel}","templated":true}]}}