{"id":84965,"date":"2026-09-01T20:36:23","date_gmt":"2026-09-01T23:36:23","guid":{"rendered":"https:\/\/economiasa.com.br\/blog\/?p=84965"},"modified":"2026-09-01T20:36:24","modified_gmt":"2026-09-01T23:36:24","slug":"feijoada-do-maranhao-celebra-mais-de-tres-decadas-de-historia-no-clube-jaragua-em-setembro-de-2026","status":"publish","type":"post","link":"https:\/\/economiasa.com.br\/blog\/feijoada-do-maranhao-celebra-mais-de-tres-decadas-de-historia-no-clube-jaragua-em-setembro-de-2026\/","title":{"rendered":"Feijoada do Maranh\u00e3o celebra mais de tr\u00eas d\u00e9cadas de hist\u00f3ria no Clube Jaragu\u00e1 em setembro de 2026"},"content":{"rendered":"\n<p class=\"wp-block-paragraph\"><em>Tradicional evento gastron\u00f4mico e cultural do calend\u00e1rio oficial de Minas Gerais re\u00fane feijoada completa, open bar e atra\u00e7\u00f5es musicais no dia 12 de setembro em Belo Horizonte.<\/em><\/p>\n\n\n\n<p class=\"wp-block-paragraph\">No dia 12 de setembro de 2026, das 13h \u00e0s 18h, o Clube Jaragu\u00e1, na regi\u00e3o da Pampulha, em Belo Horizonte, ser\u00e1 palco de mais uma edi\u00e7\u00e3o da tradicional Feijoada do Maranh\u00e3o. Consolidado como um dos encontros gastron\u00f4micos, culturais e empresariais mais emblem\u00e1ticos do calend\u00e1rio oficial do turismo de Minas Gerais, o evento re\u00fane em um s\u00f3 lugar gastronomia de qualidade, ambiente festivo, camisa personalizada e um circuito musical de peso, trazendo este ano apresenta\u00e7\u00f5es da cantora Amanda Alves, do grupo Kayamb\u00e1 e participa\u00e7\u00f5es especiais de nomes como Joice \u00cdndia.<\/p>\n\n\n\n<p class=\"wp-block-paragraph\">A hist\u00f3ria por tr\u00e1s da celebra\u00e7\u00e3o \u00e9 marcada pelo companheirismo e pela solidariedade. Em 1991, o rep\u00f3rter fotogr\u00e1fico Valdez Maranh\u00e3o teve sua c\u00e2mera roubada e ficou sem sua principal ferramenta de trabalho. Sensibilizados pela situa\u00e7\u00e3o, amigos das \u00e1reas do jornalismo e do turismo organizaram um almo\u00e7o solid\u00e1rio para arrecadar recursos para a compra de um novo equipamento. A iniciativa reuniu 200 pessoas, cumpriu com sucesso o seu objetivo e deu in\u00edcio a uma trajet\u00f3ria que j\u00e1 ultrapassa tr\u00eas d\u00e9cadas de tradi\u00e7\u00e3o.<\/p>\n\n\n\n<p class=\"wp-block-paragraph\">Ao longo de 35 anos de expans\u00e3o, a Feijoada do Maranh\u00e3o deixou de ser um encontro local para ganhar proje\u00e7\u00e3o nacional e internacional. A festa j\u00e1 passou por cart\u00f5es-postais e endere\u00e7os ic\u00f4nicos de Belo Horizonte e do interior do estado, como o Hotel Othon Palace, Ouro Minas, Est\u00e1dio Mineir\u00e3o, Autom\u00f3vel Clube e a cidade hist\u00f3rica de Tiradentes. Em 2011, desembarcou na terra natal de seu fundador, S\u00e3o Lu\u00eds do Maranh\u00e3o, e em 2016 atravessou o Atl\u00e2ntico para sua primeira edi\u00e7\u00e3o internacional em Lisboa, Portugal. Al\u00e9m da receita marcante da feijoada, o charme do abad\u00e1 do evento j\u00e1 contou com a assinatura de grandes personalidades das artes e da moda, a exemplo do estilista Victor Dzenk e do artista pl\u00e1stico Fernando Pacheco.<\/p>\n\n\n\n<p class=\"wp-block-paragraph\">A edi\u00e7\u00e3o de 2026 promete manter viva a energia contagiante que consagrou a festa ao longo das \u00faltimas d\u00e9cadas. Os ingressos e demais informa\u00e7\u00f5es est\u00e3o dispon\u00edveis sob a organiza\u00e7\u00e3o de Valdez Maranh\u00e3o pelo atendimento do Buteco do Maranh\u00e3o no telefone e WhatsApp (31) 99235-3540. O Clube Jaragu\u00e1 est\u00e1 localizado na Rua Am\u00e1vel Costa, n\u00famero 7, no bairro Jaragu\u00e1.<\/p>\n\n\n\n<p class=\"wp-block-paragraph\"><strong>Servi\u00e7o<\/strong><\/p>\n\n\n\n<p class=\"wp-block-paragraph\">\u00b7\u00a0\u00a0\u00a0\u00a0\u00a0\u00a0\u00a0<strong>Data:<\/strong>\u00a012 de setembro de 2026 (s\u00e1bado)<\/p>\n\n\n\n<p class=\"wp-block-paragraph\">\u00b7\u00a0\u00a0\u00a0\u00a0\u00a0\u00a0\u00a0<strong>Hor\u00e1rio:<\/strong>\u00a0Das 13h \u00e0s 18h<\/p>\n\n\n\n<p class=\"wp-block-paragraph\">\u00b7\u00a0\u00a0\u00a0\u00a0\u00a0\u00a0\u00a0<strong>Local:<\/strong>\u00a0Clube Jaragu\u00e1 (Rua Am\u00e1vel Costa, 7 \u2013 Jaragu\u00e1 \/ Pampulha, Belo Horizonte \u2013 MG)<\/p>\n\n\n\n<p class=\"wp-block-paragraph\">\u00b7\u00a0\u00a0\u00a0\u00a0\u00a0\u00a0\u00a0<strong>Atra\u00e7\u00f5es:<\/strong>\u00a0Amanda Alves, Banda Kayamb\u00e1 e Joice \u00cdndia<\/p>\n\n\n\n<p class=\"wp-block-paragraph\">\u00b7\u00a0\u00a0\u00a0\u00a0\u00a0\u00a0\u00a0<strong>Realiza\u00e7\u00e3o e Informa\u00e7\u00f5es:<\/strong>\u00a0Valdez Maranh\u00e3o \/ Buteco do Maranh\u00e3o<\/p>\n\n\n\n<p class=\"wp-block-paragraph\">\u00b7\u00a0\u00a0\u00a0\u00a0\u00a0\u00a0\u00a0<strong>Contato \/ WhatsApp:<\/strong>\u00a0(31) 99235-3540<\/p>\n","protected":false},"excerpt":{"rendered":"<p>Tradicional evento gastron\u00f4mico e cultural do calend\u00e1rio oficial de Minas Gerais re\u00fane feijoada completa, open bar e atra\u00e7\u00f5es musicais no dia 12&#8230;<\/p>\n","protected":false},"author":47,"featured_media":84966,"comment_status":"closed","ping_status":"open","sticky":false,"template":"","format":"standard","meta":{"footnotes":""},"categories":[1973,916],"tags":[],"ppma_author":[13248],"class_list":["post-84965","post","type-post","status-publish","format-standard","has-post-thumbnail","category-eventos","category-gastronomia"],"yoast_head":"<!-- This site is optimized with the Yoast SEO plugin v27.2 - https:\/\/yoast.com\/product\/yoast-seo-wordpress\/ -->\n<title>Feijoada do Maranh\u00e3o celebra mais de tr\u00eas d\u00e9cadas de hist\u00f3ria no Clube Jaragu\u00e1 em setembro de 2026 - Economia S\/A<\/title>\n<meta name=\"robots\" content=\"index, follow, max-snippet:-1, max-image-preview:large, max-video-preview:-1\" \/>\n<link rel=\"canonical\" href=\"https:\/\/economiasa.com.br\/blog\/feijoada-do-maranhao-celebra-mais-de-tres-decadas-de-historia-no-clube-jaragua-em-setembro-de-2026\/\" \/>\n<meta property=\"og:locale\" content=\"pt_BR\" \/>\n<meta property=\"og:type\" content=\"article\" \/>\n<meta property=\"og:title\" content=\"Feijoada do Maranh\u00e3o celebra mais de tr\u00eas d\u00e9cadas de hist\u00f3ria no Clube Jaragu\u00e1 em setembro de 2026 - Economia S\/A\" \/>\n<meta property=\"og:description\" content=\"Tradicional evento gastron\u00f4mico e cultural do calend\u00e1rio oficial de Minas Gerais re\u00fane feijoada completa, open bar e atra\u00e7\u00f5es musicais no dia 12...\" \/>\n<meta property=\"og:url\" content=\"https:\/\/economiasa.com.br\/blog\/feijoada-do-maranhao-celebra-mais-de-tres-decadas-de-historia-no-clube-jaragua-em-setembro-de-2026\/\" \/>\n<meta property=\"og:site_name\" content=\"Economia S\/A\" \/>\n<meta property=\"article:published_time\" content=\"2026-09-01T23:36:23+00:00\" \/>\n<meta property=\"article:modified_time\" content=\"2026-09-01T23:36:24+00:00\" \/>\n<meta property=\"og:image\" content=\"https:\/\/economiasa.com.br\/blog\/wp-content\/uploads\/2026\/09\/Feioada-do-Maranhao-1.jpg\" \/>\n\t<meta property=\"og:image:width\" content=\"2169\" \/>\n\t<meta property=\"og:image:height\" content=\"1446\" \/>\n\t<meta property=\"og:image:type\" content=\"image\/jpeg\" \/>\n<meta name=\"author\" content=\"Reda\u00e7\u00e3o\" \/>\n<meta name=\"twitter:card\" content=\"summary_large_image\" \/>\n<meta name=\"twitter:label1\" content=\"Escrito por\" \/>\n\t<meta name=\"twitter:data1\" content=\"Reda\u00e7\u00e3o\" \/>\n\t<meta name=\"twitter:label2\" content=\"Est. tempo de leitura\" \/>\n\t<meta name=\"twitter:data2\" content=\"3 minutos\" \/>\n<script type=\"application\/ld+json\" class=\"yoast-schema-graph\">{\"@context\":\"https:\/\/schema.org\",\"@graph\":[{\"@type\":\"Article\",\"@id\":\"https:\/\/economiasa.com.br\/blog\/feijoada-do-maranhao-celebra-mais-de-tres-decadas-de-historia-no-clube-jaragua-em-setembro-de-2026\/#article\",\"isPartOf\":{\"@id\":\"https:\/\/economiasa.com.br\/blog\/feijoada-do-maranhao-celebra-mais-de-tres-decadas-de-historia-no-clube-jaragua-em-setembro-de-2026\/\"},\"author\":{\"name\":\"Reda\u00e7\u00e3o\",\"@id\":\"https:\/\/economiasa.com.br\/blog\/#\/schema\/person\/14b8ac2dc25bd63b52bc54e845fa3923\"},\"headline\":\"Feijoada do Maranh\u00e3o celebra mais de tr\u00eas d\u00e9cadas de hist\u00f3ria no Clube Jaragu\u00e1 em setembro de 2026\",\"datePublished\":\"2026-09-01T23:36:23+00:00\",\"dateModified\":\"2026-09-01T23:36:24+00:00\",\"mainEntityOfPage\":{\"@id\":\"https:\/\/economiasa.com.br\/blog\/feijoada-do-maranhao-celebra-mais-de-tres-decadas-de-historia-no-clube-jaragua-em-setembro-de-2026\/\"},\"wordCount\":540,\"image\":{\"@id\":\"https:\/\/economiasa.com.br\/blog\/feijoada-do-maranhao-celebra-mais-de-tres-decadas-de-historia-no-clube-jaragua-em-setembro-de-2026\/#primaryimage\"},\"thumbnailUrl\":\"https:\/\/economiasa.com.br\/blog\/wp-content\/uploads\/2026\/09\/Feioada-do-Maranhao-1.jpg\",\"articleSection\":[\"Eventos\",\"Gastronomia\"],\"inLanguage\":\"pt-BR\"},{\"@type\":\"WebPage\",\"@id\":\"https:\/\/economiasa.com.br\/blog\/feijoada-do-maranhao-celebra-mais-de-tres-decadas-de-historia-no-clube-jaragua-em-setembro-de-2026\/\",\"url\":\"https:\/\/economiasa.com.br\/blog\/feijoada-do-maranhao-celebra-mais-de-tres-decadas-de-historia-no-clube-jaragua-em-setembro-de-2026\/\",\"name\":\"Feijoada do Maranh\u00e3o celebra mais de tr\u00eas d\u00e9cadas de hist\u00f3ria no Clube Jaragu\u00e1 em setembro de 2026 - Economia S\/A\",\"isPartOf\":{\"@id\":\"https:\/\/economiasa.com.br\/blog\/#website\"},\"primaryImageOfPage\":{\"@id\":\"https:\/\/economiasa.com.br\/blog\/feijoada-do-maranhao-celebra-mais-de-tres-decadas-de-historia-no-clube-jaragua-em-setembro-de-2026\/#primaryimage\"},\"image\":{\"@id\":\"https:\/\/economiasa.com.br\/blog\/feijoada-do-maranhao-celebra-mais-de-tres-decadas-de-historia-no-clube-jaragua-em-setembro-de-2026\/#primaryimage\"},\"thumbnailUrl\":\"https:\/\/economiasa.com.br\/blog\/wp-content\/uploads\/2026\/09\/Feioada-do-Maranhao-1.jpg\",\"datePublished\":\"2026-09-01T23:36:23+00:00\",\"dateModified\":\"2026-09-01T23:36:24+00:00\",\"author\":{\"@id\":\"https:\/\/economiasa.com.br\/blog\/#\/schema\/person\/14b8ac2dc25bd63b52bc54e845fa3923\"},\"breadcrumb\":{\"@id\":\"https:\/\/economiasa.com.br\/blog\/feijoada-do-maranhao-celebra-mais-de-tres-decadas-de-historia-no-clube-jaragua-em-setembro-de-2026\/#breadcrumb\"},\"inLanguage\":\"pt-BR\",\"potentialAction\":[{\"@type\":\"ReadAction\",\"target\":[\"https:\/\/economiasa.com.br\/blog\/feijoada-do-maranhao-celebra-mais-de-tres-decadas-de-historia-no-clube-jaragua-em-setembro-de-2026\/\"]}]},{\"@type\":\"ImageObject\",\"inLanguage\":\"pt-BR\",\"@id\":\"https:\/\/economiasa.com.br\/blog\/feijoada-do-maranhao-celebra-mais-de-tres-decadas-de-historia-no-clube-jaragua-em-setembro-de-2026\/#primaryimage\",\"url\":\"https:\/\/economiasa.com.br\/blog\/wp-content\/uploads\/2026\/09\/Feioada-do-Maranhao-1.jpg\",\"contentUrl\":\"https:\/\/economiasa.com.br\/blog\/wp-content\/uploads\/2026\/09\/Feioada-do-Maranhao-1.jpg\",\"width\":2169,\"height\":1446,\"caption\":\"Feioada do Maranh\u00e3o -Cr\u00e9ditos da foto: Divulga\u00e7\u00e3o\"},{\"@type\":\"BreadcrumbList\",\"@id\":\"https:\/\/economiasa.com.br\/blog\/feijoada-do-maranhao-celebra-mais-de-tres-decadas-de-historia-no-clube-jaragua-em-setembro-de-2026\/#breadcrumb\",\"itemListElement\":[{\"@type\":\"ListItem\",\"position\":1,\"name\":\"In\u00edcio\",\"item\":\"https:\/\/economiasa.com.br\/blog\/\"},{\"@type\":\"ListItem\",\"position\":2,\"name\":\"Feijoada do Maranh\u00e3o celebra mais de tr\u00eas d\u00e9cadas de hist\u00f3ria no Clube Jaragu\u00e1 em setembro de 2026\"}]},{\"@type\":\"WebSite\",\"@id\":\"https:\/\/economiasa.com.br\/blog\/#website\",\"url\":\"https:\/\/economiasa.com.br\/blog\/\",\"name\":\"Economia S\/A\",\"description\":\"Ler faz bem para os neg\u00f3cios\",\"potentialAction\":[{\"@type\":\"SearchAction\",\"target\":{\"@type\":\"EntryPoint\",\"urlTemplate\":\"https:\/\/economiasa.com.br\/blog\/?s={search_term_string}\"},\"query-input\":{\"@type\":\"PropertyValueSpecification\",\"valueRequired\":true,\"valueName\":\"search_term_string\"}}],\"inLanguage\":\"pt-BR\"},{\"@type\":\"Person\",\"@id\":\"https:\/\/economiasa.com.br\/blog\/#\/schema\/person\/14b8ac2dc25bd63b52bc54e845fa3923\",\"name\":\"Reda\u00e7\u00e3o\",\"image\":{\"@type\":\"ImageObject\",\"inLanguage\":\"pt-BR\",\"@id\":\"https:\/\/secure.gravatar.com\/avatar\/c8c795261f7f8547b22616a549577db9e450bd5622da3f6eb62b0e2c3e364c4e?s=96&d=mm&r=g0fb5212bc57e2287787936667fbbe0ff\",\"url\":\"https:\/\/secure.gravatar.com\/avatar\/c8c795261f7f8547b22616a549577db9e450bd5622da3f6eb62b0e2c3e364c4e?s=96&d=mm&r=g\",\"contentUrl\":\"https:\/\/secure.gravatar.com\/avatar\/c8c795261f7f8547b22616a549577db9e450bd5622da3f6eb62b0e2c3e364c4e?s=96&d=mm&r=g\",\"caption\":\"Reda\u00e7\u00e3o\"},\"sameAs\":[\"http:\/\/www.economiasa.com.br\"],\"url\":\"https:\/\/economiasa.com.br\/blog\/author\/redacao\/\"}]}<\/script>\n<!-- \/ Yoast SEO plugin. -->","yoast_head_json":{"title":"Feijoada do Maranh\u00e3o celebra mais de tr\u00eas d\u00e9cadas de hist\u00f3ria no Clube Jaragu\u00e1 em setembro de 2026 - Economia S\/A","robots":{"index":"index","follow":"follow","max-snippet":"max-snippet:-1","max-image-preview":"max-image-preview:large","max-video-preview":"max-video-preview:-1"},"canonical":"https:\/\/economiasa.com.br\/blog\/feijoada-do-maranhao-celebra-mais-de-tres-decadas-de-historia-no-clube-jaragua-em-setembro-de-2026\/","og_locale":"pt_BR","og_type":"article","og_title":"Feijoada do Maranh\u00e3o celebra mais de tr\u00eas d\u00e9cadas de hist\u00f3ria no Clube Jaragu\u00e1 em setembro de 2026 - Economia S\/A","og_description":"Tradicional evento gastron\u00f4mico e cultural do calend\u00e1rio oficial de Minas Gerais re\u00fane feijoada completa, open bar e atra\u00e7\u00f5es musicais no dia 12...","og_url":"https:\/\/economiasa.com.br\/blog\/feijoada-do-maranhao-celebra-mais-de-tres-decadas-de-historia-no-clube-jaragua-em-setembro-de-2026\/","og_site_name":"Economia S\/A","article_published_time":"2026-09-01T23:36:23+00:00","article_modified_time":"2026-09-01T23:36:24+00:00","og_image":[{"width":2169,"height":1446,"url":"https:\/\/economiasa.com.br\/blog\/wp-content\/uploads\/2026\/09\/Feioada-do-Maranhao-1.jpg","type":"image\/jpeg"}],"author":"Reda\u00e7\u00e3o","twitter_card":"summary_large_image","twitter_misc":{"Escrito por":"Reda\u00e7\u00e3o","Est. tempo de leitura":"3 minutos"},"schema":{"@context":"https:\/\/schema.org","@graph":[{"@type":"Article","@id":"https:\/\/economiasa.com.br\/blog\/feijoada-do-maranhao-celebra-mais-de-tres-decadas-de-historia-no-clube-jaragua-em-setembro-de-2026\/#article","isPartOf":{"@id":"https:\/\/economiasa.com.br\/blog\/feijoada-do-maranhao-celebra-mais-de-tres-decadas-de-historia-no-clube-jaragua-em-setembro-de-2026\/"},"author":{"name":"Reda\u00e7\u00e3o","@id":"https:\/\/economiasa.com.br\/blog\/#\/schema\/person\/14b8ac2dc25bd63b52bc54e845fa3923"},"headline":"Feijoada do Maranh\u00e3o celebra mais de tr\u00eas d\u00e9cadas de hist\u00f3ria no Clube Jaragu\u00e1 em setembro de 2026","datePublished":"2026-09-01T23:36:23+00:00","dateModified":"2026-09-01T23:36:24+00:00","mainEntityOfPage":{"@id":"https:\/\/economiasa.com.br\/blog\/feijoada-do-maranhao-celebra-mais-de-tres-decadas-de-historia-no-clube-jaragua-em-setembro-de-2026\/"},"wordCount":540,"image":{"@id":"https:\/\/economiasa.com.br\/blog\/feijoada-do-maranhao-celebra-mais-de-tres-decadas-de-historia-no-clube-jaragua-em-setembro-de-2026\/#primaryimage"},"thumbnailUrl":"https:\/\/economiasa.com.br\/blog\/wp-content\/uploads\/2026\/09\/Feioada-do-Maranhao-1.jpg","articleSection":["Eventos","Gastronomia"],"inLanguage":"pt-BR"},{"@type":"WebPage","@id":"https:\/\/economiasa.com.br\/blog\/feijoada-do-maranhao-celebra-mais-de-tres-decadas-de-historia-no-clube-jaragua-em-setembro-de-2026\/","url":"https:\/\/economiasa.com.br\/blog\/feijoada-do-maranhao-celebra-mais-de-tres-decadas-de-historia-no-clube-jaragua-em-setembro-de-2026\/","name":"Feijoada do Maranh\u00e3o celebra mais de tr\u00eas d\u00e9cadas de hist\u00f3ria no Clube Jaragu\u00e1 em setembro de 2026 - Economia S\/A","isPartOf":{"@id":"https:\/\/economiasa.com.br\/blog\/#website"},"primaryImageOfPage":{"@id":"https:\/\/economiasa.com.br\/blog\/feijoada-do-maranhao-celebra-mais-de-tres-decadas-de-historia-no-clube-jaragua-em-setembro-de-2026\/#primaryimage"},"image":{"@id":"https:\/\/economiasa.com.br\/blog\/feijoada-do-maranhao-celebra-mais-de-tres-decadas-de-historia-no-clube-jaragua-em-setembro-de-2026\/#primaryimage"},"thumbnailUrl":"https:\/\/economiasa.com.br\/blog\/wp-content\/uploads\/2026\/09\/Feioada-do-Maranhao-1.jpg","datePublished":"2026-09-01T23:36:23+00:00","dateModified":"2026-09-01T23:36:24+00:00","author":{"@id":"https:\/\/economiasa.com.br\/blog\/#\/schema\/person\/14b8ac2dc25bd63b52bc54e845fa3923"},"breadcrumb":{"@id":"https:\/\/economiasa.com.br\/blog\/feijoada-do-maranhao-celebra-mais-de-tres-decadas-de-historia-no-clube-jaragua-em-setembro-de-2026\/#breadcrumb"},"inLanguage":"pt-BR","potentialAction":[{"@type":"ReadAction","target":["https:\/\/economiasa.com.br\/blog\/feijoada-do-maranhao-celebra-mais-de-tres-decadas-de-historia-no-clube-jaragua-em-setembro-de-2026\/"]}]},{"@type":"ImageObject","inLanguage":"pt-BR","@id":"https:\/\/economiasa.com.br\/blog\/feijoada-do-maranhao-celebra-mais-de-tres-decadas-de-historia-no-clube-jaragua-em-setembro-de-2026\/#primaryimage","url":"https:\/\/economiasa.com.br\/blog\/wp-content\/uploads\/2026\/09\/Feioada-do-Maranhao-1.jpg","contentUrl":"https:\/\/economiasa.com.br\/blog\/wp-content\/uploads\/2026\/09\/Feioada-do-Maranhao-1.jpg","width":2169,"height":1446,"caption":"Feioada do Maranh\u00e3o -Cr\u00e9ditos da foto: Divulga\u00e7\u00e3o"},{"@type":"BreadcrumbList","@id":"https:\/\/economiasa.com.br\/blog\/feijoada-do-maranhao-celebra-mais-de-tres-decadas-de-historia-no-clube-jaragua-em-setembro-de-2026\/#breadcrumb","itemListElement":[{"@type":"ListItem","position":1,"name":"In\u00edcio","item":"https:\/\/economiasa.com.br\/blog\/"},{"@type":"ListItem","position":2,"name":"Feijoada do Maranh\u00e3o celebra mais de tr\u00eas d\u00e9cadas de hist\u00f3ria no Clube Jaragu\u00e1 em setembro de 2026"}]},{"@type":"WebSite","@id":"https:\/\/economiasa.com.br\/blog\/#website","url":"https:\/\/economiasa.com.br\/blog\/","name":"Economia S\/A","description":"Ler faz bem para os neg\u00f3cios","potentialAction":[{"@type":"SearchAction","target":{"@type":"EntryPoint","urlTemplate":"https:\/\/economiasa.com.br\/blog\/?s={search_term_string}"},"query-input":{"@type":"PropertyValueSpecification","valueRequired":true,"valueName":"search_term_string"}}],"inLanguage":"pt-BR"},{"@type":"Person","@id":"https:\/\/economiasa.com.br\/blog\/#\/schema\/person\/14b8ac2dc25bd63b52bc54e845fa3923","name":"Reda\u00e7\u00e3o","image":{"@type":"ImageObject","inLanguage":"pt-BR","@id":"https:\/\/secure.gravatar.com\/avatar\/c8c795261f7f8547b22616a549577db9e450bd5622da3f6eb62b0e2c3e364c4e?s=96&d=mm&r=g0fb5212bc57e2287787936667fbbe0ff","url":"https:\/\/secure.gravatar.com\/avatar\/c8c795261f7f8547b22616a549577db9e450bd5622da3f6eb62b0e2c3e364c4e?s=96&d=mm&r=g","contentUrl":"https:\/\/secure.gravatar.com\/avatar\/c8c795261f7f8547b22616a549577db9e450bd5622da3f6eb62b0e2c3e364c4e?s=96&d=mm&r=g","caption":"Reda\u00e7\u00e3o"},"sameAs":["http:\/\/www.economiasa.com.br"],"url":"https:\/\/economiasa.com.br\/blog\/author\/redacao\/"}]}},"authors":[{"term_id":13248,"user_id":47,"is_guest":0,"slug":"redacao","display_name":"Reda\u00e7\u00e3o","avatar_url":"https:\/\/secure.gravatar.com\/avatar\/c8c795261f7f8547b22616a549577db9e450bd5622da3f6eb62b0e2c3e364c4e?s=96&d=mm&r=g","author_category":"","first_name":"Reda\u00e7\u00e3o","last_name":"","user_url":"http:\/\/www.economiasa.com.br","job_title":"","description":""}],"amp_enabled":true,"_links":{"self":[{"href":"https:\/\/economiasa.com.br\/blog\/wp-json\/wp\/v2\/posts\/84965","targetHints":{"allow":["GET"]}}],"collection":[{"href":"https:\/\/economiasa.com.br\/blog\/wp-json\/wp\/v2\/posts"}],"about":[{"href":"https:\/\/economiasa.com.br\/blog\/wp-json\/wp\/v2\/types\/post"}],"author":[{"embeddable":true,"href":"https:\/\/economiasa.com.br\/blog\/wp-json\/wp\/v2\/users\/47"}],"replies":[{"embeddable":true,"href":"https:\/\/economiasa.com.br\/blog\/wp-json\/wp\/v2\/comments?post=84965"}],"version-history":[{"count":0,"href":"https:\/\/economiasa.com.br\/blog\/wp-json\/wp\/v2\/posts\/84965\/revisions"}],"wp:featuredmedia":[{"embeddable":true,"href":"https:\/\/economiasa.com.br\/blog\/wp-json\/wp\/v2\/media\/84966"}],"wp:attachment":[{"href":"https:\/\/economiasa.com.br\/blog\/wp-json\/wp\/v2\/media?parent=84965"}],"wp:term":[{"taxonomy":"category","embeddable":true,"href":"https:\/\/economiasa.com.br\/blog\/wp-json\/wp\/v2\/categories?post=84965"},{"taxonomy":"post_tag","embeddable":true,"href":"https:\/\/economiasa.com.br\/blog\/wp-json\/wp\/v2\/tags?post=84965"},{"taxonomy":"author","embeddable":true,"href":"https:\/\/economiasa.com.br\/blog\/wp-json\/wp\/v2\/ppma_author?post=84965"}],"curies":[{"name":"wp","href":"https:\/\/api.w.org\/{rel}","templated":true}]}}