{"id":84967,"date":"2026-09-01T20:38:11","date_gmt":"2026-09-01T23:38:11","guid":{"rendered":"https:\/\/economiasa.com.br\/blog\/?p=84967"},"modified":"2026-09-01T20:38:12","modified_gmt":"2026-09-01T23:38:12","slug":"o-risco-que-toda-empresa-ja-assume-mesmo-sem-perceber","status":"publish","type":"post","link":"https:\/\/economiasa.com.br\/blog\/o-risco-que-toda-empresa-ja-assume-mesmo-sem-perceber\/","title":{"rendered":"O risco que toda empresa j\u00e1 assume, mesmo sem perceber"},"content":{"rendered":"\n<p class=\"wp-block-paragraph\"><em>Por Felipe Ramos, CEO da Granto Seguros*<br><\/em><br>Toda vez que uma empresa decide disputar um contrato relevante, seja uma licita\u00e7\u00e3o p\u00fablica, uma obra de infraestrutura ou um fornecimento de grande porte, ela est\u00e1 tomando uma decis\u00e3o de gest\u00e3o de risco. Poucos empres\u00e1rios enxergam dessa forma, mas \u00e9 exatamente isso que acontece. A pergunta que deveria orientar essa decis\u00e3o n\u00e3o \u00e9 qual seguro contratar, e sim quanto do caixa da empresa vale a pena imobilizar para poder competir. Essa mudan\u00e7a de perspectiva, de burocracia para estrat\u00e9gia, \u00e9 o que separa empresas que crescem de empresas que travam seu pr\u00f3prio crescimento sem entender por qu\u00ea.<\/p>\n\n\n\n<p class=\"wp-block-paragraph\">O momento atual do cr\u00e9dito no Brasil torna essa quest\u00e3o ainda mais urgente. Desde a reuni\u00e3o do Copom em 17 de junho de 2026, a Selic est\u00e1 em 14,25% ao ano. Mesmo com o in\u00edcio de um ciclo gradual de cortes, o custo de capital das empresas brasileiras segue elevado. Os bancos tradicionais, por sua vez, reduziram o apetite de risco para pessoa jur\u00eddica, o que tem levado m\u00e9dias empresas a buscar fintechs, risco sacado e FIDCs para financiar opera\u00e7\u00f5es e garantias. Esse movimento n\u00e3o \u00e9 um detalhe de mercado. \u00c9 um sintoma direto de como o cr\u00e9dito caro muda o comportamento das empresas na hora de disputar contratos e preservar caixa.<\/p>\n\n\n\n<p class=\"wp-block-paragraph\">Enquanto isso, a demanda por instrumentos de garantia segue em expans\u00e3o.\u00a0A CNseg projeta crescimento de 12,1% para o Seguro Garantia em 2026, puxado pela Garantia Judicial, pela redu\u00e7\u00e3o do estoque de processos no Carf, pela entrada em vigor do novo marco legal dos contratos de seguro e pelo pacote de investimentos do Novo PAC, que prev\u00ea R$ 1,7 trilh\u00e3o em investimentos totais, dos quais cerca de R$ 1,3 trilh\u00e3o programados para o ciclo at\u00e9 2026. Ou seja, no exato momento em que o cr\u00e9dito tradicional fica mais restrito, cresce a procura por solu\u00e7\u00f5es que n\u00e3o dependem desse cr\u00e9dito para garantir contratos e processos judiciais.<\/p>\n\n\n\n<p class=\"wp-block-paragraph\">\u00c9 nesse cruzamento entre juros altos, cr\u00e9dito seletivo e volume recorde de contratos que a gest\u00e3o de risco contratual deixa de ser um item operacional e se torna um fator de competitividade. Empresas que ainda tratam a garantia como uma formalidade de \u00faltima hora perdem competitividade sem perceber. Elas caucionam dinheiro que poderia estar girando a opera\u00e7\u00e3o ou dependem de limite banc\u00e1rio que, no atual patamar de juros, custa caro e n\u00e3o \u00e9 ilimitado.<\/p>\n\n\n\n<p class=\"wp-block-paragraph\">J\u00e1 as empresas que entendem risco como parte da estrat\u00e9gia, e n\u00e3o apenas como exig\u00eancia de edital, se comportam de outra forma. Elas usam o seguro garantia para manter o caixa livre e conseguem disputar mais contratos, maiores e simult\u00e2neos, sem esbarrar no pr\u00f3prio limite financeiro.\u00a0Isso n\u00e3o significa que cau\u00e7\u00e3o em dinheiro ou fian\u00e7a banc\u00e1ria deixou de fazer sentido. Em determinadas opera\u00e7\u00f5es, essas alternativas continuam sendo adequadas. O ponto \u00e9 que, no cen\u00e1rio atual de juros elevados e cr\u00e9dito mais seletivo,\u00a0o pr\u00eamio pago por essa garantia costuma representar uma fra\u00e7\u00e3o pequena do valor total garantido, muito inferior ao custo de oportunidade de imobilizar capital em cau\u00e7\u00e3o ou de recorrer a uma linha de cr\u00e9dito PJ tradicional.<\/p>\n\n\n\n<p class=\"wp-block-paragraph\">Essa diferen\u00e7a explica por que algumas empresas conseguem crescer participando de licita\u00e7\u00f5es e grandes contratos, enquanto outras, do mesmo porte e com propostas tecnicamente equivalentes, ficam para tr\u00e1s. N\u00e3o \u00e9 uma quest\u00e3o de pre\u00e7o nem de prazo de entrega. \u00c9 uma quest\u00e3o de capacidade financeira de sustentar m\u00faltiplas disputas ao mesmo tempo sem comprometer o caixa necess\u00e1rio para operar.<\/p>\n\n\n\n<p class=\"wp-block-paragraph\">O empres\u00e1rio n\u00e3o precisa entender de ap\u00f3lice, cobertura ou sinistro. Isso \u00e9 trabalho de quem estrutura a garantia. O que ele precisa entender \u00e9 que, num mercado de cr\u00e9dito seletivo e juros ainda elevados, a forma como sua empresa gerencia risco contratual e judicial pesa tanto quanto pre\u00e7o ou prazo na hora de vencer uma disputa.<\/p>\n\n\n\n<p class=\"wp-block-paragraph\">Enquanto a Selic permanecer nesse patamar e os bancos mantiverem crit\u00e9rios mais r\u00edgidos para cr\u00e9dito corporativo, essa l\u00f3gica s\u00f3 vai se intensificar. As empresas que tratarem o risco como estrat\u00e9gia v\u00e3o competir em condi\u00e7\u00f5es melhores do que aquelas que continuam vendo a garantia como papelada de \u00faltima hora. A diferen\u00e7a entre essas duas posturas, mais do que t\u00e9cnica, \u00e9 o que vai definir quem ganha ou perde os pr\u00f3ximos grandes contratos do mercado brasileiro.<\/p>\n","protected":false},"excerpt":{"rendered":"<p>Por Felipe Ramos, CEO da Granto Seguros*Toda vez que uma empresa decide disputar um contrato relevante, seja uma licita\u00e7\u00e3o p\u00fablica, uma obra&#8230;<\/p>\n","protected":false},"author":47,"featured_media":84968,"comment_status":"closed","ping_status":"open","sticky":false,"template":"","format":"standard","meta":{"footnotes":""},"categories":[101],"tags":[],"ppma_author":[13248],"class_list":["post-84967","post","type-post","status-publish","format-standard","has-post-thumbnail","category-negocios"],"yoast_head":"<!-- This site is optimized with the Yoast SEO plugin v27.2 - https:\/\/yoast.com\/product\/yoast-seo-wordpress\/ -->\n<title>O risco que toda empresa j\u00e1 assume, mesmo sem perceber - Economia S\/A<\/title>\n<meta name=\"robots\" content=\"index, follow, max-snippet:-1, max-image-preview:large, max-video-preview:-1\" \/>\n<link rel=\"canonical\" href=\"https:\/\/economiasa.com.br\/blog\/o-risco-que-toda-empresa-ja-assume-mesmo-sem-perceber\/\" \/>\n<meta property=\"og:locale\" content=\"pt_BR\" \/>\n<meta property=\"og:type\" content=\"article\" \/>\n<meta property=\"og:title\" content=\"O risco que toda empresa j\u00e1 assume, mesmo sem perceber - Economia S\/A\" \/>\n<meta property=\"og:description\" content=\"Por Felipe Ramos, CEO da Granto Seguros*Toda vez que uma empresa decide disputar um contrato relevante, seja uma licita\u00e7\u00e3o p\u00fablica, uma obra...\" \/>\n<meta property=\"og:url\" content=\"https:\/\/economiasa.com.br\/blog\/o-risco-que-toda-empresa-ja-assume-mesmo-sem-perceber\/\" \/>\n<meta property=\"og:site_name\" content=\"Economia S\/A\" \/>\n<meta property=\"article:published_time\" content=\"2026-09-01T23:38:11+00:00\" \/>\n<meta property=\"article:modified_time\" content=\"2026-09-01T23:38:12+00:00\" \/>\n<meta property=\"og:image\" content=\"https:\/\/economiasa.com.br\/blog\/wp-content\/uploads\/2026\/09\/Capturar-15.png\" \/>\n\t<meta property=\"og:image:width\" content=\"345\" \/>\n\t<meta property=\"og:image:height\" content=\"253\" \/>\n\t<meta property=\"og:image:type\" content=\"image\/png\" \/>\n<meta name=\"author\" content=\"Reda\u00e7\u00e3o\" \/>\n<meta name=\"twitter:card\" content=\"summary_large_image\" \/>\n<meta name=\"twitter:label1\" content=\"Escrito por\" \/>\n\t<meta name=\"twitter:data1\" content=\"Reda\u00e7\u00e3o\" \/>\n\t<meta name=\"twitter:label2\" content=\"Est. tempo de leitura\" \/>\n\t<meta name=\"twitter:data2\" content=\"5 minutos\" \/>\n<script type=\"application\/ld+json\" class=\"yoast-schema-graph\">{\"@context\":\"https:\/\/schema.org\",\"@graph\":[{\"@type\":\"Article\",\"@id\":\"https:\/\/economiasa.com.br\/blog\/o-risco-que-toda-empresa-ja-assume-mesmo-sem-perceber\/#article\",\"isPartOf\":{\"@id\":\"https:\/\/economiasa.com.br\/blog\/o-risco-que-toda-empresa-ja-assume-mesmo-sem-perceber\/\"},\"author\":{\"name\":\"Reda\u00e7\u00e3o\",\"@id\":\"https:\/\/economiasa.com.br\/blog\/#\/schema\/person\/14b8ac2dc25bd63b52bc54e845fa3923\"},\"headline\":\"O risco que toda empresa j\u00e1 assume, mesmo sem perceber\",\"datePublished\":\"2026-09-01T23:38:11+00:00\",\"dateModified\":\"2026-09-01T23:38:12+00:00\",\"mainEntityOfPage\":{\"@id\":\"https:\/\/economiasa.com.br\/blog\/o-risco-que-toda-empresa-ja-assume-mesmo-sem-perceber\/\"},\"wordCount\":765,\"image\":{\"@id\":\"https:\/\/economiasa.com.br\/blog\/o-risco-que-toda-empresa-ja-assume-mesmo-sem-perceber\/#primaryimage\"},\"thumbnailUrl\":\"https:\/\/economiasa.com.br\/blog\/wp-content\/uploads\/2026\/09\/Capturar-15.png\",\"articleSection\":[\"Neg\u00f3cios\"],\"inLanguage\":\"pt-BR\"},{\"@type\":\"WebPage\",\"@id\":\"https:\/\/economiasa.com.br\/blog\/o-risco-que-toda-empresa-ja-assume-mesmo-sem-perceber\/\",\"url\":\"https:\/\/economiasa.com.br\/blog\/o-risco-que-toda-empresa-ja-assume-mesmo-sem-perceber\/\",\"name\":\"O risco que toda empresa j\u00e1 assume, mesmo sem perceber - Economia S\/A\",\"isPartOf\":{\"@id\":\"https:\/\/economiasa.com.br\/blog\/#website\"},\"primaryImageOfPage\":{\"@id\":\"https:\/\/economiasa.com.br\/blog\/o-risco-que-toda-empresa-ja-assume-mesmo-sem-perceber\/#primaryimage\"},\"image\":{\"@id\":\"https:\/\/economiasa.com.br\/blog\/o-risco-que-toda-empresa-ja-assume-mesmo-sem-perceber\/#primaryimage\"},\"thumbnailUrl\":\"https:\/\/economiasa.com.br\/blog\/wp-content\/uploads\/2026\/09\/Capturar-15.png\",\"datePublished\":\"2026-09-01T23:38:11+00:00\",\"dateModified\":\"2026-09-01T23:38:12+00:00\",\"author\":{\"@id\":\"https:\/\/economiasa.com.br\/blog\/#\/schema\/person\/14b8ac2dc25bd63b52bc54e845fa3923\"},\"breadcrumb\":{\"@id\":\"https:\/\/economiasa.com.br\/blog\/o-risco-que-toda-empresa-ja-assume-mesmo-sem-perceber\/#breadcrumb\"},\"inLanguage\":\"pt-BR\",\"potentialAction\":[{\"@type\":\"ReadAction\",\"target\":[\"https:\/\/economiasa.com.br\/blog\/o-risco-que-toda-empresa-ja-assume-mesmo-sem-perceber\/\"]}]},{\"@type\":\"ImageObject\",\"inLanguage\":\"pt-BR\",\"@id\":\"https:\/\/economiasa.com.br\/blog\/o-risco-que-toda-empresa-ja-assume-mesmo-sem-perceber\/#primaryimage\",\"url\":\"https:\/\/economiasa.com.br\/blog\/wp-content\/uploads\/2026\/09\/Capturar-15.png\",\"contentUrl\":\"https:\/\/economiasa.com.br\/blog\/wp-content\/uploads\/2026\/09\/Capturar-15.png\",\"width\":345,\"height\":253,\"caption\":\"Felipe Ramos - Cr\u00e9ditos da foto: Divulga\u00e7\u00e3o\"},{\"@type\":\"BreadcrumbList\",\"@id\":\"https:\/\/economiasa.com.br\/blog\/o-risco-que-toda-empresa-ja-assume-mesmo-sem-perceber\/#breadcrumb\",\"itemListElement\":[{\"@type\":\"ListItem\",\"position\":1,\"name\":\"In\u00edcio\",\"item\":\"https:\/\/economiasa.com.br\/blog\/\"},{\"@type\":\"ListItem\",\"position\":2,\"name\":\"O risco que toda empresa j\u00e1 assume, mesmo sem perceber\"}]},{\"@type\":\"WebSite\",\"@id\":\"https:\/\/economiasa.com.br\/blog\/#website\",\"url\":\"https:\/\/economiasa.com.br\/blog\/\",\"name\":\"Economia S\/A\",\"description\":\"Ler faz bem para os neg\u00f3cios\",\"potentialAction\":[{\"@type\":\"SearchAction\",\"target\":{\"@type\":\"EntryPoint\",\"urlTemplate\":\"https:\/\/economiasa.com.br\/blog\/?s={search_term_string}\"},\"query-input\":{\"@type\":\"PropertyValueSpecification\",\"valueRequired\":true,\"valueName\":\"search_term_string\"}}],\"inLanguage\":\"pt-BR\"},{\"@type\":\"Person\",\"@id\":\"https:\/\/economiasa.com.br\/blog\/#\/schema\/person\/14b8ac2dc25bd63b52bc54e845fa3923\",\"name\":\"Reda\u00e7\u00e3o\",\"image\":{\"@type\":\"ImageObject\",\"inLanguage\":\"pt-BR\",\"@id\":\"https:\/\/secure.gravatar.com\/avatar\/c8c795261f7f8547b22616a549577db9e450bd5622da3f6eb62b0e2c3e364c4e?s=96&d=mm&r=g0fb5212bc57e2287787936667fbbe0ff\",\"url\":\"https:\/\/secure.gravatar.com\/avatar\/c8c795261f7f8547b22616a549577db9e450bd5622da3f6eb62b0e2c3e364c4e?s=96&d=mm&r=g\",\"contentUrl\":\"https:\/\/secure.gravatar.com\/avatar\/c8c795261f7f8547b22616a549577db9e450bd5622da3f6eb62b0e2c3e364c4e?s=96&d=mm&r=g\",\"caption\":\"Reda\u00e7\u00e3o\"},\"sameAs\":[\"http:\/\/www.economiasa.com.br\"],\"url\":\"https:\/\/economiasa.com.br\/blog\/author\/redacao\/\"}]}<\/script>\n<!-- \/ Yoast SEO plugin. -->","yoast_head_json":{"title":"O risco que toda empresa j\u00e1 assume, mesmo sem perceber - Economia S\/A","robots":{"index":"index","follow":"follow","max-snippet":"max-snippet:-1","max-image-preview":"max-image-preview:large","max-video-preview":"max-video-preview:-1"},"canonical":"https:\/\/economiasa.com.br\/blog\/o-risco-que-toda-empresa-ja-assume-mesmo-sem-perceber\/","og_locale":"pt_BR","og_type":"article","og_title":"O risco que toda empresa j\u00e1 assume, mesmo sem perceber - Economia S\/A","og_description":"Por Felipe Ramos, CEO da Granto Seguros*Toda vez que uma empresa decide disputar um contrato relevante, seja uma licita\u00e7\u00e3o p\u00fablica, uma obra...","og_url":"https:\/\/economiasa.com.br\/blog\/o-risco-que-toda-empresa-ja-assume-mesmo-sem-perceber\/","og_site_name":"Economia S\/A","article_published_time":"2026-09-01T23:38:11+00:00","article_modified_time":"2026-09-01T23:38:12+00:00","og_image":[{"width":345,"height":253,"url":"https:\/\/economiasa.com.br\/blog\/wp-content\/uploads\/2026\/09\/Capturar-15.png","type":"image\/png"}],"author":"Reda\u00e7\u00e3o","twitter_card":"summary_large_image","twitter_misc":{"Escrito por":"Reda\u00e7\u00e3o","Est. tempo de leitura":"5 minutos"},"schema":{"@context":"https:\/\/schema.org","@graph":[{"@type":"Article","@id":"https:\/\/economiasa.com.br\/blog\/o-risco-que-toda-empresa-ja-assume-mesmo-sem-perceber\/#article","isPartOf":{"@id":"https:\/\/economiasa.com.br\/blog\/o-risco-que-toda-empresa-ja-assume-mesmo-sem-perceber\/"},"author":{"name":"Reda\u00e7\u00e3o","@id":"https:\/\/economiasa.com.br\/blog\/#\/schema\/person\/14b8ac2dc25bd63b52bc54e845fa3923"},"headline":"O risco que toda empresa j\u00e1 assume, mesmo sem perceber","datePublished":"2026-09-01T23:38:11+00:00","dateModified":"2026-09-01T23:38:12+00:00","mainEntityOfPage":{"@id":"https:\/\/economiasa.com.br\/blog\/o-risco-que-toda-empresa-ja-assume-mesmo-sem-perceber\/"},"wordCount":765,"image":{"@id":"https:\/\/economiasa.com.br\/blog\/o-risco-que-toda-empresa-ja-assume-mesmo-sem-perceber\/#primaryimage"},"thumbnailUrl":"https:\/\/economiasa.com.br\/blog\/wp-content\/uploads\/2026\/09\/Capturar-15.png","articleSection":["Neg\u00f3cios"],"inLanguage":"pt-BR"},{"@type":"WebPage","@id":"https:\/\/economiasa.com.br\/blog\/o-risco-que-toda-empresa-ja-assume-mesmo-sem-perceber\/","url":"https:\/\/economiasa.com.br\/blog\/o-risco-que-toda-empresa-ja-assume-mesmo-sem-perceber\/","name":"O risco que toda empresa j\u00e1 assume, mesmo sem perceber - Economia S\/A","isPartOf":{"@id":"https:\/\/economiasa.com.br\/blog\/#website"},"primaryImageOfPage":{"@id":"https:\/\/economiasa.com.br\/blog\/o-risco-que-toda-empresa-ja-assume-mesmo-sem-perceber\/#primaryimage"},"image":{"@id":"https:\/\/economiasa.com.br\/blog\/o-risco-que-toda-empresa-ja-assume-mesmo-sem-perceber\/#primaryimage"},"thumbnailUrl":"https:\/\/economiasa.com.br\/blog\/wp-content\/uploads\/2026\/09\/Capturar-15.png","datePublished":"2026-09-01T23:38:11+00:00","dateModified":"2026-09-01T23:38:12+00:00","author":{"@id":"https:\/\/economiasa.com.br\/blog\/#\/schema\/person\/14b8ac2dc25bd63b52bc54e845fa3923"},"breadcrumb":{"@id":"https:\/\/economiasa.com.br\/blog\/o-risco-que-toda-empresa-ja-assume-mesmo-sem-perceber\/#breadcrumb"},"inLanguage":"pt-BR","potentialAction":[{"@type":"ReadAction","target":["https:\/\/economiasa.com.br\/blog\/o-risco-que-toda-empresa-ja-assume-mesmo-sem-perceber\/"]}]},{"@type":"ImageObject","inLanguage":"pt-BR","@id":"https:\/\/economiasa.com.br\/blog\/o-risco-que-toda-empresa-ja-assume-mesmo-sem-perceber\/#primaryimage","url":"https:\/\/economiasa.com.br\/blog\/wp-content\/uploads\/2026\/09\/Capturar-15.png","contentUrl":"https:\/\/economiasa.com.br\/blog\/wp-content\/uploads\/2026\/09\/Capturar-15.png","width":345,"height":253,"caption":"Felipe Ramos - Cr\u00e9ditos da foto: Divulga\u00e7\u00e3o"},{"@type":"BreadcrumbList","@id":"https:\/\/economiasa.com.br\/blog\/o-risco-que-toda-empresa-ja-assume-mesmo-sem-perceber\/#breadcrumb","itemListElement":[{"@type":"ListItem","position":1,"name":"In\u00edcio","item":"https:\/\/economiasa.com.br\/blog\/"},{"@type":"ListItem","position":2,"name":"O risco que toda empresa j\u00e1 assume, mesmo sem perceber"}]},{"@type":"WebSite","@id":"https:\/\/economiasa.com.br\/blog\/#website","url":"https:\/\/economiasa.com.br\/blog\/","name":"Economia S\/A","description":"Ler faz bem para os neg\u00f3cios","potentialAction":[{"@type":"SearchAction","target":{"@type":"EntryPoint","urlTemplate":"https:\/\/economiasa.com.br\/blog\/?s={search_term_string}"},"query-input":{"@type":"PropertyValueSpecification","valueRequired":true,"valueName":"search_term_string"}}],"inLanguage":"pt-BR"},{"@type":"Person","@id":"https:\/\/economiasa.com.br\/blog\/#\/schema\/person\/14b8ac2dc25bd63b52bc54e845fa3923","name":"Reda\u00e7\u00e3o","image":{"@type":"ImageObject","inLanguage":"pt-BR","@id":"https:\/\/secure.gravatar.com\/avatar\/c8c795261f7f8547b22616a549577db9e450bd5622da3f6eb62b0e2c3e364c4e?s=96&d=mm&r=g0fb5212bc57e2287787936667fbbe0ff","url":"https:\/\/secure.gravatar.com\/avatar\/c8c795261f7f8547b22616a549577db9e450bd5622da3f6eb62b0e2c3e364c4e?s=96&d=mm&r=g","contentUrl":"https:\/\/secure.gravatar.com\/avatar\/c8c795261f7f8547b22616a549577db9e450bd5622da3f6eb62b0e2c3e364c4e?s=96&d=mm&r=g","caption":"Reda\u00e7\u00e3o"},"sameAs":["http:\/\/www.economiasa.com.br"],"url":"https:\/\/economiasa.com.br\/blog\/author\/redacao\/"}]}},"authors":[{"term_id":13248,"user_id":47,"is_guest":0,"slug":"redacao","display_name":"Reda\u00e7\u00e3o","avatar_url":"https:\/\/secure.gravatar.com\/avatar\/c8c795261f7f8547b22616a549577db9e450bd5622da3f6eb62b0e2c3e364c4e?s=96&d=mm&r=g","author_category":"","first_name":"Reda\u00e7\u00e3o","last_name":"","user_url":"http:\/\/www.economiasa.com.br","job_title":"","description":""}],"amp_enabled":true,"_links":{"self":[{"href":"https:\/\/economiasa.com.br\/blog\/wp-json\/wp\/v2\/posts\/84967","targetHints":{"allow":["GET"]}}],"collection":[{"href":"https:\/\/economiasa.com.br\/blog\/wp-json\/wp\/v2\/posts"}],"about":[{"href":"https:\/\/economiasa.com.br\/blog\/wp-json\/wp\/v2\/types\/post"}],"author":[{"embeddable":true,"href":"https:\/\/economiasa.com.br\/blog\/wp-json\/wp\/v2\/users\/47"}],"replies":[{"embeddable":true,"href":"https:\/\/economiasa.com.br\/blog\/wp-json\/wp\/v2\/comments?post=84967"}],"version-history":[{"count":0,"href":"https:\/\/economiasa.com.br\/blog\/wp-json\/wp\/v2\/posts\/84967\/revisions"}],"wp:featuredmedia":[{"embeddable":true,"href":"https:\/\/economiasa.com.br\/blog\/wp-json\/wp\/v2\/media\/84968"}],"wp:attachment":[{"href":"https:\/\/economiasa.com.br\/blog\/wp-json\/wp\/v2\/media?parent=84967"}],"wp:term":[{"taxonomy":"category","embeddable":true,"href":"https:\/\/economiasa.com.br\/blog\/wp-json\/wp\/v2\/categories?post=84967"},{"taxonomy":"post_tag","embeddable":true,"href":"https:\/\/economiasa.com.br\/blog\/wp-json\/wp\/v2\/tags?post=84967"},{"taxonomy":"author","embeddable":true,"href":"https:\/\/economiasa.com.br\/blog\/wp-json\/wp\/v2\/ppma_author?post=84967"}],"curies":[{"name":"wp","href":"https:\/\/api.w.org\/{rel}","templated":true}]}}