{"id":84970,"date":"2026-09-01T20:41:38","date_gmt":"2026-09-01T23:41:38","guid":{"rendered":"https:\/\/economiasa.com.br\/blog\/?p=84970"},"modified":"2026-09-01T20:41:39","modified_gmt":"2026-09-01T23:41:39","slug":"polpanorte-e-feito-brasil-lancam-collab-de-beleza-com-acai-e-cupuacu","status":"publish","type":"post","link":"https:\/\/economiasa.com.br\/blog\/polpanorte-e-feito-brasil-lancam-collab-de-beleza-com-acai-e-cupuacu\/","title":{"rendered":"Polpanorte e feito brasil lan\u00e7am collab de beleza com a\u00e7a\u00ed e cupua\u00e7u"},"content":{"rendered":"\n<p class=\"wp-block-paragraph\"><em>Edi\u00e7\u00e3o limitada re\u00fane as duas marcas em linha inspirada na cultura e sabores da Amaz\u00f4nia<\/em><\/p>\n\n\n\n<p class=\"wp-block-paragraph\">O a\u00e7a\u00ed que abastece mais de 40 mil pontos de venda no Brasil e no exterior ganhou um novo destino: a prateleira de beleza! A Polpanorte, l\u00edder nacional na produ\u00e7\u00e3o e comercializa\u00e7\u00e3o de sorbet do fruto, e a feito brasil, marca especialista em experi\u00eancia de banho e autocuidado, lan\u00e7am uma parceria exclusiva em edi\u00e7\u00e3o limitada que leva os ativos do a\u00e7a\u00ed e do cupua\u00e7u para o universo do autocuidado.\u00a0<\/p>\n\n\n\n<p class=\"wp-block-paragraph\">Inspirada na cultura, sabores e aromas da Amaz\u00f4nia, a uni\u00e3o das marcas paranaenses re\u00fane dois produtos em vers\u00e3o mini: um esfoliante corporal de a\u00e7a\u00ed e um creme hidratante de cupua\u00e7u, ambos em potes de 25g. A formula\u00e7\u00e3o conta com alguns ingredientes proveniente das frutas, e tem inspira\u00e7\u00e3o nos produtos Polpanorte, ou seja, a intensidade da cor dos frutos, a cremosidade caracter\u00edstica da marca e o aroma foram transportados para a linha desenvolvida pela feito brasil.\u00a0<\/p>\n\n\n\n<p class=\"wp-block-paragraph\">Outro destaque da parceria in\u00e9dita est\u00e1 na embalagem. As tampas de cada produto s\u00e3o envolvidas por uma cestaria artesanal produzida \u00e0 m\u00e3o pela artes\u00e3 Odin\u00e9ia Barbosa Carvalho, moradora da Ilha Trambioca, em Barcarena, no Par\u00e1, conectando o produto ao local onde vive, a Floresta Amaz\u00f4nica.<\/p>\n\n\n\n<p class=\"wp-block-paragraph\">Origin\u00e1rias do Paran\u00e1, as empresas compartilham o compromisso com a valoriza\u00e7\u00e3o da biodiversidade e a identidade com o que \u00e9 genuinamente nacional. A Polpanorte traz a rela\u00e7\u00e3o consolidada com as frutas da regi\u00e3o, especialmente o a\u00e7a\u00ed e o cupua\u00e7u, enquanto a feito brasil entra com a expertise cosm\u00e9tica e a brasilidade no DNA.<\/p>\n\n\n\n<p class=\"wp-block-paragraph\">\u201cO projeto nasce com alma brasileira e orgulho das nossas ra\u00edzes. Cuidar do corpo com ingredientes naturais, valorizar a origem do que consumimos e buscar experi\u00eancias que despertam os sentidos s\u00e3o movimentos que aproximam a gastronomia e a beleza. \u00c9 justamente neste encontro que surge a cole\u00e7\u00e3o, traduzindo a riqueza da biodiversidade em algo que une sabor e cuidado\u201d, comenta Jonathan Campos, Marketing da Polpanorte.<\/p>\n\n\n\n<p class=\"wp-block-paragraph\">\u201cN\u00f3s sempre contamos a hist\u00f3ria do Brasil e do Par\u00e1 em nossos produtos, e essa cole\u00e7\u00e3o vem para dar ainda mais for\u00e7a a esse prop\u00f3sito. A chegada da Polpanorte trouxe esse frescor inconfund\u00edvel do fruto para o ritual de autocuidado, permitindo que a gente expanda a nossa mensagem de respeito \u00e0 biodiversidade e de valoriza\u00e7\u00e3o das m\u00e3os artes\u00e3s que mant\u00e9m essa cultura viva\u201d, afirma Lena Peron, fundadora da feito brasil.<\/p>\n\n\n\n<p class=\"wp-block-paragraph\"><strong>Ra\u00edzes<\/strong>\u00a0\u2013 A rela\u00e7\u00e3o da Polpanorte com o Par\u00e1 \u00e9 de longa data, j\u00e1 que o Estado concentra 93,8% do valor total da produ\u00e7\u00e3o de a\u00e7a\u00ed no Brasil, segundo dados da Funda\u00e7\u00e3o Amaz\u00f4nia de Amparo a Estudos e Pesquisas. A empresa mant\u00e9m opera\u00e7\u00f5es industriais na regi\u00e3o e, neste ano, lan\u00e7ou o Projeto de Integra\u00e7\u00e3o da Cadeia do A\u00e7a\u00ed, iniciativa para oferecer aos produtores rurais paraenses acesso a cr\u00e9dito, assist\u00eancia t\u00e9cnica e garantia de compra da produ\u00e7\u00e3o.\u00a0<\/p>\n\n\n\n<p class=\"wp-block-paragraph\">A feito brasil, por sua vez, \u00e9 certificada como Empresa B e adota formula\u00e7\u00f5es naturais, veganas e cruelty-free. Inclusive, foi a primeira marca nacional a integrar o portf\u00f3lio da Sephora no pa\u00eds, onde est\u00e1 presente em 45 lojas, al\u00e9m de hot\u00e9is, resorts e spas. Com mais de 40 pr\u00eamios conquistados, a empresa se destaca pela valoriza\u00e7\u00e3o do trabalho manual, pelo protagonismo feminino e por uma produ\u00e7\u00e3o artesanal com impacto social.\u00a0<\/p>\n\n\n\n<p class=\"wp-block-paragraph\"><strong>Onde encontrar \u2013<\/strong>\u00a0O duo formado pelo esfoliante de a\u00e7a\u00ed e o hidratante de creme de cupua\u00e7u estar\u00e3o dispon\u00edveis para compra no site oficial da feito brasil, pelo valor de R$ 75 cada, a partir de 2 de setembro. No dia 5 (s\u00e1bado), far\u00e3o parte de uma a\u00e7\u00e3o compre e ganhe para os clientes da Sephora do Shopping Cidade Jardim, em S\u00e3o Paulo, que adquirirem mais de R$ 249 em produtos da marca. J\u00e1 de 07 a 09 de setembro produtos da collab estar\u00e3o dispon\u00edveis nas lojas Sephora dos shoppings Iguatemi Faria Lima, Iguatemi Porto Alegre e RioMar Fortaleza na mesma modalidade promocional.\u00a0\u00a0<\/p>\n","protected":false},"excerpt":{"rendered":"<p>Edi\u00e7\u00e3o limitada re\u00fane as duas marcas em linha inspirada na cultura e sabores da Amaz\u00f4nia O a\u00e7a\u00ed que abastece mais de 40&#8230;<\/p>\n","protected":false},"author":47,"featured_media":84971,"comment_status":"closed","ping_status":"open","sticky":false,"template":"","format":"standard","meta":{"footnotes":""},"categories":[2047],"tags":[],"ppma_author":[13248],"class_list":["post-84970","post","type-post","status-publish","format-standard","has-post-thumbnail","category-beleza"],"yoast_head":"<!-- This site is optimized with the Yoast SEO plugin v27.2 - https:\/\/yoast.com\/product\/yoast-seo-wordpress\/ -->\n<title>Polpanorte e feito brasil lan\u00e7am collab de beleza com a\u00e7a\u00ed e cupua\u00e7u - Economia S\/A<\/title>\n<meta name=\"robots\" content=\"index, follow, max-snippet:-1, max-image-preview:large, max-video-preview:-1\" \/>\n<link rel=\"canonical\" href=\"https:\/\/economiasa.com.br\/blog\/polpanorte-e-feito-brasil-lancam-collab-de-beleza-com-acai-e-cupuacu\/\" \/>\n<meta property=\"og:locale\" content=\"pt_BR\" \/>\n<meta property=\"og:type\" content=\"article\" \/>\n<meta property=\"og:title\" content=\"Polpanorte e feito brasil lan\u00e7am collab de beleza com a\u00e7a\u00ed e cupua\u00e7u - Economia S\/A\" \/>\n<meta property=\"og:description\" content=\"Edi\u00e7\u00e3o limitada re\u00fane as duas marcas em linha inspirada na cultura e sabores da Amaz\u00f4nia O a\u00e7a\u00ed que abastece mais de 40...\" \/>\n<meta property=\"og:url\" content=\"https:\/\/economiasa.com.br\/blog\/polpanorte-e-feito-brasil-lancam-collab-de-beleza-com-acai-e-cupuacu\/\" \/>\n<meta property=\"og:site_name\" content=\"Economia S\/A\" \/>\n<meta property=\"article:published_time\" content=\"2026-09-01T23:41:38+00:00\" \/>\n<meta property=\"article:modified_time\" content=\"2026-09-01T23:41:39+00:00\" \/>\n<meta property=\"og:image\" content=\"https:\/\/economiasa.com.br\/blog\/wp-content\/uploads\/2026\/09\/Collab-Polpanorte-e-feito-brasil-4-.jpg\" \/>\n\t<meta property=\"og:image:width\" content=\"800\" \/>\n\t<meta property=\"og:image:height\" content=\"600\" \/>\n\t<meta property=\"og:image:type\" content=\"image\/jpeg\" \/>\n<meta name=\"author\" content=\"Reda\u00e7\u00e3o\" \/>\n<meta name=\"twitter:card\" content=\"summary_large_image\" \/>\n<meta name=\"twitter:label1\" content=\"Escrito por\" \/>\n\t<meta name=\"twitter:data1\" content=\"Reda\u00e7\u00e3o\" \/>\n\t<meta name=\"twitter:label2\" content=\"Est. tempo de leitura\" \/>\n\t<meta name=\"twitter:data2\" content=\"4 minutos\" \/>\n<script type=\"application\/ld+json\" class=\"yoast-schema-graph\">{\"@context\":\"https:\/\/schema.org\",\"@graph\":[{\"@type\":\"Article\",\"@id\":\"https:\/\/economiasa.com.br\/blog\/polpanorte-e-feito-brasil-lancam-collab-de-beleza-com-acai-e-cupuacu\/#article\",\"isPartOf\":{\"@id\":\"https:\/\/economiasa.com.br\/blog\/polpanorte-e-feito-brasil-lancam-collab-de-beleza-com-acai-e-cupuacu\/\"},\"author\":{\"name\":\"Reda\u00e7\u00e3o\",\"@id\":\"https:\/\/economiasa.com.br\/blog\/#\/schema\/person\/14b8ac2dc25bd63b52bc54e845fa3923\"},\"headline\":\"Polpanorte e feito brasil lan\u00e7am collab de beleza com a\u00e7a\u00ed e cupua\u00e7u\",\"datePublished\":\"2026-09-01T23:41:38+00:00\",\"dateModified\":\"2026-09-01T23:41:39+00:00\",\"mainEntityOfPage\":{\"@id\":\"https:\/\/economiasa.com.br\/blog\/polpanorte-e-feito-brasil-lancam-collab-de-beleza-com-acai-e-cupuacu\/\"},\"wordCount\":729,\"image\":{\"@id\":\"https:\/\/economiasa.com.br\/blog\/polpanorte-e-feito-brasil-lancam-collab-de-beleza-com-acai-e-cupuacu\/#primaryimage\"},\"thumbnailUrl\":\"https:\/\/economiasa.com.br\/blog\/wp-content\/uploads\/2026\/09\/Collab-Polpanorte-e-feito-brasil-4-.jpg\",\"articleSection\":[\"Beleza\"],\"inLanguage\":\"pt-BR\"},{\"@type\":\"WebPage\",\"@id\":\"https:\/\/economiasa.com.br\/blog\/polpanorte-e-feito-brasil-lancam-collab-de-beleza-com-acai-e-cupuacu\/\",\"url\":\"https:\/\/economiasa.com.br\/blog\/polpanorte-e-feito-brasil-lancam-collab-de-beleza-com-acai-e-cupuacu\/\",\"name\":\"Polpanorte e feito brasil lan\u00e7am collab de beleza com a\u00e7a\u00ed e cupua\u00e7u - Economia S\/A\",\"isPartOf\":{\"@id\":\"https:\/\/economiasa.com.br\/blog\/#website\"},\"primaryImageOfPage\":{\"@id\":\"https:\/\/economiasa.com.br\/blog\/polpanorte-e-feito-brasil-lancam-collab-de-beleza-com-acai-e-cupuacu\/#primaryimage\"},\"image\":{\"@id\":\"https:\/\/economiasa.com.br\/blog\/polpanorte-e-feito-brasil-lancam-collab-de-beleza-com-acai-e-cupuacu\/#primaryimage\"},\"thumbnailUrl\":\"https:\/\/economiasa.com.br\/blog\/wp-content\/uploads\/2026\/09\/Collab-Polpanorte-e-feito-brasil-4-.jpg\",\"datePublished\":\"2026-09-01T23:41:38+00:00\",\"dateModified\":\"2026-09-01T23:41:39+00:00\",\"author\":{\"@id\":\"https:\/\/economiasa.com.br\/blog\/#\/schema\/person\/14b8ac2dc25bd63b52bc54e845fa3923\"},\"breadcrumb\":{\"@id\":\"https:\/\/economiasa.com.br\/blog\/polpanorte-e-feito-brasil-lancam-collab-de-beleza-com-acai-e-cupuacu\/#breadcrumb\"},\"inLanguage\":\"pt-BR\",\"potentialAction\":[{\"@type\":\"ReadAction\",\"target\":[\"https:\/\/economiasa.com.br\/blog\/polpanorte-e-feito-brasil-lancam-collab-de-beleza-com-acai-e-cupuacu\/\"]}]},{\"@type\":\"ImageObject\",\"inLanguage\":\"pt-BR\",\"@id\":\"https:\/\/economiasa.com.br\/blog\/polpanorte-e-feito-brasil-lancam-collab-de-beleza-com-acai-e-cupuacu\/#primaryimage\",\"url\":\"https:\/\/economiasa.com.br\/blog\/wp-content\/uploads\/2026\/09\/Collab-Polpanorte-e-feito-brasil-4-.jpg\",\"contentUrl\":\"https:\/\/economiasa.com.br\/blog\/wp-content\/uploads\/2026\/09\/Collab-Polpanorte-e-feito-brasil-4-.jpg\",\"width\":800,\"height\":600,\"caption\":\"Cr\u00e9ditos da foto: Divulga\u00e7\u00e3o\"},{\"@type\":\"BreadcrumbList\",\"@id\":\"https:\/\/economiasa.com.br\/blog\/polpanorte-e-feito-brasil-lancam-collab-de-beleza-com-acai-e-cupuacu\/#breadcrumb\",\"itemListElement\":[{\"@type\":\"ListItem\",\"position\":1,\"name\":\"In\u00edcio\",\"item\":\"https:\/\/economiasa.com.br\/blog\/\"},{\"@type\":\"ListItem\",\"position\":2,\"name\":\"Polpanorte e feito brasil lan\u00e7am collab de beleza com a\u00e7a\u00ed e cupua\u00e7u\"}]},{\"@type\":\"WebSite\",\"@id\":\"https:\/\/economiasa.com.br\/blog\/#website\",\"url\":\"https:\/\/economiasa.com.br\/blog\/\",\"name\":\"Economia S\/A\",\"description\":\"Ler faz bem para os neg\u00f3cios\",\"potentialAction\":[{\"@type\":\"SearchAction\",\"target\":{\"@type\":\"EntryPoint\",\"urlTemplate\":\"https:\/\/economiasa.com.br\/blog\/?s={search_term_string}\"},\"query-input\":{\"@type\":\"PropertyValueSpecification\",\"valueRequired\":true,\"valueName\":\"search_term_string\"}}],\"inLanguage\":\"pt-BR\"},{\"@type\":\"Person\",\"@id\":\"https:\/\/economiasa.com.br\/blog\/#\/schema\/person\/14b8ac2dc25bd63b52bc54e845fa3923\",\"name\":\"Reda\u00e7\u00e3o\",\"image\":{\"@type\":\"ImageObject\",\"inLanguage\":\"pt-BR\",\"@id\":\"https:\/\/secure.gravatar.com\/avatar\/c8c795261f7f8547b22616a549577db9e450bd5622da3f6eb62b0e2c3e364c4e?s=96&d=mm&r=g0fb5212bc57e2287787936667fbbe0ff\",\"url\":\"https:\/\/secure.gravatar.com\/avatar\/c8c795261f7f8547b22616a549577db9e450bd5622da3f6eb62b0e2c3e364c4e?s=96&d=mm&r=g\",\"contentUrl\":\"https:\/\/secure.gravatar.com\/avatar\/c8c795261f7f8547b22616a549577db9e450bd5622da3f6eb62b0e2c3e364c4e?s=96&d=mm&r=g\",\"caption\":\"Reda\u00e7\u00e3o\"},\"sameAs\":[\"http:\/\/www.economiasa.com.br\"],\"url\":\"https:\/\/economiasa.com.br\/blog\/author\/redacao\/\"}]}<\/script>\n<!-- \/ Yoast SEO plugin. -->","yoast_head_json":{"title":"Polpanorte e feito brasil lan\u00e7am collab de beleza com a\u00e7a\u00ed e cupua\u00e7u - Economia S\/A","robots":{"index":"index","follow":"follow","max-snippet":"max-snippet:-1","max-image-preview":"max-image-preview:large","max-video-preview":"max-video-preview:-1"},"canonical":"https:\/\/economiasa.com.br\/blog\/polpanorte-e-feito-brasil-lancam-collab-de-beleza-com-acai-e-cupuacu\/","og_locale":"pt_BR","og_type":"article","og_title":"Polpanorte e feito brasil lan\u00e7am collab de beleza com a\u00e7a\u00ed e cupua\u00e7u - Economia S\/A","og_description":"Edi\u00e7\u00e3o limitada re\u00fane as duas marcas em linha inspirada na cultura e sabores da Amaz\u00f4nia O a\u00e7a\u00ed que abastece mais de 40...","og_url":"https:\/\/economiasa.com.br\/blog\/polpanorte-e-feito-brasil-lancam-collab-de-beleza-com-acai-e-cupuacu\/","og_site_name":"Economia S\/A","article_published_time":"2026-09-01T23:41:38+00:00","article_modified_time":"2026-09-01T23:41:39+00:00","og_image":[{"width":800,"height":600,"url":"https:\/\/economiasa.com.br\/blog\/wp-content\/uploads\/2026\/09\/Collab-Polpanorte-e-feito-brasil-4-.jpg","type":"image\/jpeg"}],"author":"Reda\u00e7\u00e3o","twitter_card":"summary_large_image","twitter_misc":{"Escrito por":"Reda\u00e7\u00e3o","Est. tempo de leitura":"4 minutos"},"schema":{"@context":"https:\/\/schema.org","@graph":[{"@type":"Article","@id":"https:\/\/economiasa.com.br\/blog\/polpanorte-e-feito-brasil-lancam-collab-de-beleza-com-acai-e-cupuacu\/#article","isPartOf":{"@id":"https:\/\/economiasa.com.br\/blog\/polpanorte-e-feito-brasil-lancam-collab-de-beleza-com-acai-e-cupuacu\/"},"author":{"name":"Reda\u00e7\u00e3o","@id":"https:\/\/economiasa.com.br\/blog\/#\/schema\/person\/14b8ac2dc25bd63b52bc54e845fa3923"},"headline":"Polpanorte e feito brasil lan\u00e7am collab de beleza com a\u00e7a\u00ed e cupua\u00e7u","datePublished":"2026-09-01T23:41:38+00:00","dateModified":"2026-09-01T23:41:39+00:00","mainEntityOfPage":{"@id":"https:\/\/economiasa.com.br\/blog\/polpanorte-e-feito-brasil-lancam-collab-de-beleza-com-acai-e-cupuacu\/"},"wordCount":729,"image":{"@id":"https:\/\/economiasa.com.br\/blog\/polpanorte-e-feito-brasil-lancam-collab-de-beleza-com-acai-e-cupuacu\/#primaryimage"},"thumbnailUrl":"https:\/\/economiasa.com.br\/blog\/wp-content\/uploads\/2026\/09\/Collab-Polpanorte-e-feito-brasil-4-.jpg","articleSection":["Beleza"],"inLanguage":"pt-BR"},{"@type":"WebPage","@id":"https:\/\/economiasa.com.br\/blog\/polpanorte-e-feito-brasil-lancam-collab-de-beleza-com-acai-e-cupuacu\/","url":"https:\/\/economiasa.com.br\/blog\/polpanorte-e-feito-brasil-lancam-collab-de-beleza-com-acai-e-cupuacu\/","name":"Polpanorte e feito brasil lan\u00e7am collab de beleza com a\u00e7a\u00ed e cupua\u00e7u - Economia S\/A","isPartOf":{"@id":"https:\/\/economiasa.com.br\/blog\/#website"},"primaryImageOfPage":{"@id":"https:\/\/economiasa.com.br\/blog\/polpanorte-e-feito-brasil-lancam-collab-de-beleza-com-acai-e-cupuacu\/#primaryimage"},"image":{"@id":"https:\/\/economiasa.com.br\/blog\/polpanorte-e-feito-brasil-lancam-collab-de-beleza-com-acai-e-cupuacu\/#primaryimage"},"thumbnailUrl":"https:\/\/economiasa.com.br\/blog\/wp-content\/uploads\/2026\/09\/Collab-Polpanorte-e-feito-brasil-4-.jpg","datePublished":"2026-09-01T23:41:38+00:00","dateModified":"2026-09-01T23:41:39+00:00","author":{"@id":"https:\/\/economiasa.com.br\/blog\/#\/schema\/person\/14b8ac2dc25bd63b52bc54e845fa3923"},"breadcrumb":{"@id":"https:\/\/economiasa.com.br\/blog\/polpanorte-e-feito-brasil-lancam-collab-de-beleza-com-acai-e-cupuacu\/#breadcrumb"},"inLanguage":"pt-BR","potentialAction":[{"@type":"ReadAction","target":["https:\/\/economiasa.com.br\/blog\/polpanorte-e-feito-brasil-lancam-collab-de-beleza-com-acai-e-cupuacu\/"]}]},{"@type":"ImageObject","inLanguage":"pt-BR","@id":"https:\/\/economiasa.com.br\/blog\/polpanorte-e-feito-brasil-lancam-collab-de-beleza-com-acai-e-cupuacu\/#primaryimage","url":"https:\/\/economiasa.com.br\/blog\/wp-content\/uploads\/2026\/09\/Collab-Polpanorte-e-feito-brasil-4-.jpg","contentUrl":"https:\/\/economiasa.com.br\/blog\/wp-content\/uploads\/2026\/09\/Collab-Polpanorte-e-feito-brasil-4-.jpg","width":800,"height":600,"caption":"Cr\u00e9ditos da foto: Divulga\u00e7\u00e3o"},{"@type":"BreadcrumbList","@id":"https:\/\/economiasa.com.br\/blog\/polpanorte-e-feito-brasil-lancam-collab-de-beleza-com-acai-e-cupuacu\/#breadcrumb","itemListElement":[{"@type":"ListItem","position":1,"name":"In\u00edcio","item":"https:\/\/economiasa.com.br\/blog\/"},{"@type":"ListItem","position":2,"name":"Polpanorte e feito brasil lan\u00e7am collab de beleza com a\u00e7a\u00ed e cupua\u00e7u"}]},{"@type":"WebSite","@id":"https:\/\/economiasa.com.br\/blog\/#website","url":"https:\/\/economiasa.com.br\/blog\/","name":"Economia S\/A","description":"Ler faz bem para os neg\u00f3cios","potentialAction":[{"@type":"SearchAction","target":{"@type":"EntryPoint","urlTemplate":"https:\/\/economiasa.com.br\/blog\/?s={search_term_string}"},"query-input":{"@type":"PropertyValueSpecification","valueRequired":true,"valueName":"search_term_string"}}],"inLanguage":"pt-BR"},{"@type":"Person","@id":"https:\/\/economiasa.com.br\/blog\/#\/schema\/person\/14b8ac2dc25bd63b52bc54e845fa3923","name":"Reda\u00e7\u00e3o","image":{"@type":"ImageObject","inLanguage":"pt-BR","@id":"https:\/\/secure.gravatar.com\/avatar\/c8c795261f7f8547b22616a549577db9e450bd5622da3f6eb62b0e2c3e364c4e?s=96&d=mm&r=g0fb5212bc57e2287787936667fbbe0ff","url":"https:\/\/secure.gravatar.com\/avatar\/c8c795261f7f8547b22616a549577db9e450bd5622da3f6eb62b0e2c3e364c4e?s=96&d=mm&r=g","contentUrl":"https:\/\/secure.gravatar.com\/avatar\/c8c795261f7f8547b22616a549577db9e450bd5622da3f6eb62b0e2c3e364c4e?s=96&d=mm&r=g","caption":"Reda\u00e7\u00e3o"},"sameAs":["http:\/\/www.economiasa.com.br"],"url":"https:\/\/economiasa.com.br\/blog\/author\/redacao\/"}]}},"authors":[{"term_id":13248,"user_id":47,"is_guest":0,"slug":"redacao","display_name":"Reda\u00e7\u00e3o","avatar_url":"https:\/\/secure.gravatar.com\/avatar\/c8c795261f7f8547b22616a549577db9e450bd5622da3f6eb62b0e2c3e364c4e?s=96&d=mm&r=g","author_category":"","first_name":"Reda\u00e7\u00e3o","last_name":"","user_url":"http:\/\/www.economiasa.com.br","job_title":"","description":""}],"amp_enabled":true,"_links":{"self":[{"href":"https:\/\/economiasa.com.br\/blog\/wp-json\/wp\/v2\/posts\/84970","targetHints":{"allow":["GET"]}}],"collection":[{"href":"https:\/\/economiasa.com.br\/blog\/wp-json\/wp\/v2\/posts"}],"about":[{"href":"https:\/\/economiasa.com.br\/blog\/wp-json\/wp\/v2\/types\/post"}],"author":[{"embeddable":true,"href":"https:\/\/economiasa.com.br\/blog\/wp-json\/wp\/v2\/users\/47"}],"replies":[{"embeddable":true,"href":"https:\/\/economiasa.com.br\/blog\/wp-json\/wp\/v2\/comments?post=84970"}],"version-history":[{"count":0,"href":"https:\/\/economiasa.com.br\/blog\/wp-json\/wp\/v2\/posts\/84970\/revisions"}],"wp:featuredmedia":[{"embeddable":true,"href":"https:\/\/economiasa.com.br\/blog\/wp-json\/wp\/v2\/media\/84971"}],"wp:attachment":[{"href":"https:\/\/economiasa.com.br\/blog\/wp-json\/wp\/v2\/media?parent=84970"}],"wp:term":[{"taxonomy":"category","embeddable":true,"href":"https:\/\/economiasa.com.br\/blog\/wp-json\/wp\/v2\/categories?post=84970"},{"taxonomy":"post_tag","embeddable":true,"href":"https:\/\/economiasa.com.br\/blog\/wp-json\/wp\/v2\/tags?post=84970"},{"taxonomy":"author","embeddable":true,"href":"https:\/\/economiasa.com.br\/blog\/wp-json\/wp\/v2\/ppma_author?post=84970"}],"curies":[{"name":"wp","href":"https:\/\/api.w.org\/{rel}","templated":true}]}}