{"id":84972,"date":"2026-09-01T20:43:26","date_gmt":"2026-09-01T23:43:26","guid":{"rendered":"https:\/\/economiasa.com.br\/blog\/?p=84972"},"modified":"2026-09-01T20:43:26","modified_gmt":"2026-09-01T23:43:26","slug":"95-das-empresas-adiam-projetos-de-ia-revela-novo-relatorio-da-cloudera","status":"publish","type":"post","link":"https:\/\/economiasa.com.br\/blog\/95-das-empresas-adiam-projetos-de-ia-revela-novo-relatorio-da-cloudera\/","title":{"rendered":"95% das empresas adiam projetos de IA, revela novo relat\u00f3rio da Cloudera"},"content":{"rendered":"\n<p class=\"wp-block-paragraph\"><em>Organiza\u00e7\u00f5es est\u00e3o redesenhando fundamentalmente suas arquiteturas de dados para viabilizar uma IA confi\u00e1vel e escal\u00e1vel em ambientes h\u00edbridos<\/em><\/p>\n\n\n\n<p class=\"wp-block-paragraph\">A Cloudera, \u00fanica empresa que leva IA aos dados em qualquer lugar, divulga sua mais recente pesquisa global, The Great AI Re-Architecture revelando uma mudan\u00e7a fundamental no TI corporativo, \u00e0 medida que as organiza\u00e7\u00f5es redesenham suas arquiteturas de dados para atender \u00e0s demandas de IA. Com base em respostas de 1,5 mil arquitetos empresariais, l\u00edderes de infraestrutura em nuvem e arquitetos de dados ao redor do mundo, o relat\u00f3rio constata que, embora a ado\u00e7\u00e3o de IA j\u00e1 seja predominante, arquiteturas de dados legados est\u00e3o cada vez mais limitando a capacidade das organiza\u00e7\u00f5es de escalar a IA de forma segura, eficiente e com custo controlado.<\/p>\n\n\n\n<p class=\"wp-block-paragraph\">Os resultados apontam para uma mudan\u00e7a fundamental na arquitetura de TI empresarial. Enquanto 77% das organiza\u00e7\u00f5es j\u00e1 utilizam IA ativamente, quase todas (95%) adiaram ou cancelaram iniciativas de intelig\u00eancia artificial no \u00faltimo ano devido a desafios de governan\u00e7a de dados, compliance ou regulamenta\u00e7\u00e3o. Para superar esses desafios, 72% afirmam que sua arquitetura de dados atual precisa de uma reformula\u00e7\u00e3o significativa para atender \u00e0s futuras exig\u00eancias de IA, sugerindo que a infraestrutura de hoje n\u00e3o foi constru\u00edda para as demandas da IA moderna.<\/p>\n\n\n\n<p class=\"wp-block-paragraph\">Juntos, esses dados evidenciam o que a Cloudera chama de \u201cA Grande Rearquitetura de IA\u201d \u2014 a transi\u00e7\u00e3o em massa de arquiteturas de dados legados para ambientes h\u00edbridos que permitem \u00e0s organiza\u00e7\u00f5es levar IA confi\u00e1vel a dados confi\u00e1veis, onde quer que estejam.<\/p>\n\n\n\n<p class=\"wp-block-paragraph\">\u201cEsta era atual da IA est\u00e1 for\u00e7ando as organiza\u00e7\u00f5es a repensarem as bases de sua infraestrutura tecnol\u00f3gica\u201d, disse Sergio Gago, Diretor de Tecnologia (CTO) da Cloudera. \u201cMuitas empresas est\u00e3o descobrindo que as arquiteturas constru\u00eddas para an\u00e1lises tradicionais n\u00e3o foram projetadas para a escala, governan\u00e7a e flexibilidade que a IA exige hoje. O sucesso depender\u00e1 de construir uma base de dados que d\u00ea \u00e0s organiza\u00e7\u00f5es liberdade para rodar IA aonde fizer mais sentido, sem comprometer controle ou seguran\u00e7a.\u201d<\/p>\n\n\n\n<p class=\"wp-block-paragraph\">A IA est\u00e1 impulsionando uma reformula\u00e7\u00e3o da infraestrutura corporativa<\/p>\n\n\n\n<p class=\"wp-block-paragraph\">A intelig\u00eancia artificial j\u00e1 superou os projetos-piloto isolados e est\u00e1 agora incorporada nas opera\u00e7\u00f5es corporativas. \u00c0 medida que as organiza\u00e7\u00f5es expandem a IA pelo neg\u00f3cio, aumenta a press\u00e3o sobre infraestruturas que nunca foram projetadas para IA em escala.<\/p>\n\n\n\n<p class=\"wp-block-paragraph\">Tr\u00eas quartos (75%) dos entrevistados afirmam que as integra\u00e7\u00f5es de IA mudaram as pr\u00e1ticas de armazenamento e arquitetura de dados de suas organiza\u00e7\u00f5es, enquanto 84% relatam aumento nos custos de infraestrutura impulsionado pelas cargas de trabalho de IA. Juntos, esses dados sugerem que as organiza\u00e7\u00f5es est\u00e3o repensando n\u00e3o apenas onde os dados residem, mas como s\u00e3o gerenciados, governados e entregues aos sistemas de IA.<\/p>\n\n\n\n<p class=\"wp-block-paragraph\">Governan\u00e7a \u00e9 infraestrutura cr\u00edtica<\/p>\n\n\n\n<p class=\"wp-block-paragraph\">\u00c0 medida que as organiza\u00e7\u00f5es escalam a IA, a governan\u00e7a est\u00e1 se tornando fundamental para o sucesso da IA corporativa. No in\u00edcio deste ano, o Data Readiness Index da Cloudera constatou que 75% das organiza\u00e7\u00f5es disseram que a IA est\u00e1 expondo as limita\u00e7\u00f5es de seus processos de governan\u00e7a legados. Esta nova pesquisa sugere que esses desafios s\u00f3 est\u00e3o se intensificando \u00e0 medida que a ado\u00e7\u00e3o de IA cresce.<\/p>\n\n\n\n<p class=\"wp-block-paragraph\">Quase tr\u00eas quartos (73%) dos entrevistados dizem que a IA tornou a governan\u00e7a de dados mais complexa, e mais da metade (55%) relata ter adiado ou cancelado mais de seis projetos de IA nos \u00faltimos 12 meses devido a desafios de governan\u00e7a, compliance ou regulamenta\u00e7\u00e3o.<\/p>\n\n\n\n<p class=\"wp-block-paragraph\">O desafio \u00e9 agravado pela crescente dispers\u00e3o dos dados. Quase todos os entrevistados (97%) relatam mover dados entre ambientes pelo menos mensalmente, tornando essencial uma governan\u00e7a consistente entre nuvem, nuvem privada, ambientes on-premises e edge para escalar a IA com seguran\u00e7a.<\/p>\n\n\n\n<p class=\"wp-block-paragraph\">Arquiteturas h\u00edbridas tornam-se o novo padr\u00e3o corporativo<\/p>\n\n\n\n<p class=\"wp-block-paragraph\">As organiza\u00e7\u00f5es est\u00e3o cada vez mais adotando arquiteturas h\u00edbridas para equilibrar desempenho, governan\u00e7a, custo e flexibilidade \u2014 elementos cr\u00edticos para o sucesso da IA moderna.<\/p>\n\n\n\n<p class=\"wp-block-paragraph\">Dois ter\u00e7os (66%) dos entrevistados afirmam ter movido workloads de IA de ambientes de nuvem p\u00fablica de volta para nuvem privada ou infraestrutura on-premises no \u00faltimo ano, sinalizando uma mudan\u00e7a mais ampla em dire\u00e7\u00e3o a arquiteturas h\u00edbridas que permitem \u00e0s organiza\u00e7\u00f5es rodar workloads de IA onde elas performam melhor.<\/p>\n\n\n\n<p class=\"wp-block-paragraph\">Olhando para o futuro, as organiza\u00e7\u00f5es est\u00e3o investindo em nuvem, on-premises, edge e ambientes h\u00edbridos, em vez de depender de um \u00fanico modelo de implanta\u00e7\u00e3o. Um quarto (25%) afirma que planeja priorizar uma arquitetura h\u00edbrida nos pr\u00f3ximos dois anos, refor\u00e7ando que o futuro da IA corporativa ser\u00e1 definido pela flexibilidade, e n\u00e3o por uma estrat\u00e9gia \u00fanica de infraestrutura.<\/p>\n\n\n\n<p class=\"wp-block-paragraph\">O futuro da IA corporativa depende de arquiteturas de dados h\u00edbridas<\/p>\n\n\n\n<p class=\"wp-block-paragraph\">A ado\u00e7\u00e3o de IA j\u00e1 n\u00e3o \u00e9 mais o diferencial; a otimiza\u00e7\u00e3o da IA, sim. Organiza\u00e7\u00f5es que modernizarem suas arquiteturas de dados para govern\u00e1-los de forma consistente e rodar IA onde fizer mais sentido estar\u00e3o mais bem posicionadas para entregar uma IA escal\u00e1vel, segura e de valor duradouro para o neg\u00f3cio.<\/p>\n\n\n\n<p class=\"wp-block-paragraph\">Como esses temas estar\u00e3o em destaque na Cloudera EVOLVE S\u00e3o Paulo no pr\u00f3ximo m\u00eas, leia o relat\u00f3rio completo para saber como as organiza\u00e7\u00f5es est\u00e3o preparando suas bases de dados para a IA corporativa.<\/p>\n","protected":false},"excerpt":{"rendered":"<p>Organiza\u00e7\u00f5es est\u00e3o redesenhando fundamentalmente suas arquiteturas de dados para viabilizar uma IA confi\u00e1vel e escal\u00e1vel em ambientes h\u00edbridos A Cloudera, \u00fanica empresa&#8230;<\/p>\n","protected":false},"author":47,"featured_media":84973,"comment_status":"closed","ping_status":"open","sticky":false,"template":"","format":"standard","meta":{"footnotes":""},"categories":[1970],"tags":[],"ppma_author":[13248],"class_list":["post-84972","post","type-post","status-publish","format-standard","has-post-thumbnail","category-tecnologia"],"yoast_head":"<!-- This site is optimized with the Yoast SEO plugin v27.2 - https:\/\/yoast.com\/product\/yoast-seo-wordpress\/ -->\n<title>95% das empresas adiam projetos de IA, revela novo relat\u00f3rio da Cloudera - Economia S\/A<\/title>\n<meta name=\"robots\" content=\"index, follow, max-snippet:-1, max-image-preview:large, max-video-preview:-1\" \/>\n<link rel=\"canonical\" href=\"https:\/\/economiasa.com.br\/blog\/95-das-empresas-adiam-projetos-de-ia-revela-novo-relatorio-da-cloudera\/\" \/>\n<meta property=\"og:locale\" content=\"pt_BR\" \/>\n<meta property=\"og:type\" content=\"article\" \/>\n<meta property=\"og:title\" content=\"95% das empresas adiam projetos de IA, revela novo relat\u00f3rio da Cloudera - Economia S\/A\" \/>\n<meta property=\"og:description\" content=\"Organiza\u00e7\u00f5es est\u00e3o redesenhando fundamentalmente suas arquiteturas de dados para viabilizar uma IA confi\u00e1vel e escal\u00e1vel em ambientes h\u00edbridos A Cloudera, \u00fanica empresa...\" \/>\n<meta property=\"og:url\" content=\"https:\/\/economiasa.com.br\/blog\/95-das-empresas-adiam-projetos-de-ia-revela-novo-relatorio-da-cloudera\/\" \/>\n<meta property=\"og:site_name\" content=\"Economia S\/A\" \/>\n<meta property=\"article:published_time\" content=\"2026-09-01T23:43:26+00:00\" \/>\n<meta property=\"og:image\" content=\"https:\/\/economiasa.com.br\/blog\/wp-content\/uploads\/2026\/09\/Great-AI-Re-Architecture-Survey-Brazil-1-.jpg\" \/>\n\t<meta property=\"og:image:width\" content=\"1200\" \/>\n\t<meta property=\"og:image:height\" content=\"628\" \/>\n\t<meta property=\"og:image:type\" content=\"image\/jpeg\" \/>\n<meta name=\"author\" content=\"Reda\u00e7\u00e3o\" \/>\n<meta name=\"twitter:card\" content=\"summary_large_image\" \/>\n<meta name=\"twitter:label1\" content=\"Escrito por\" \/>\n\t<meta name=\"twitter:data1\" content=\"Reda\u00e7\u00e3o\" \/>\n\t<meta name=\"twitter:label2\" content=\"Est. tempo de leitura\" \/>\n\t<meta name=\"twitter:data2\" content=\"5 minutos\" \/>\n<script type=\"application\/ld+json\" class=\"yoast-schema-graph\">{\"@context\":\"https:\/\/schema.org\",\"@graph\":[{\"@type\":\"Article\",\"@id\":\"https:\/\/economiasa.com.br\/blog\/95-das-empresas-adiam-projetos-de-ia-revela-novo-relatorio-da-cloudera\/#article\",\"isPartOf\":{\"@id\":\"https:\/\/economiasa.com.br\/blog\/95-das-empresas-adiam-projetos-de-ia-revela-novo-relatorio-da-cloudera\/\"},\"author\":{\"name\":\"Reda\u00e7\u00e3o\",\"@id\":\"https:\/\/economiasa.com.br\/blog\/#\/schema\/person\/14b8ac2dc25bd63b52bc54e845fa3923\"},\"headline\":\"95% das empresas adiam projetos de IA, revela novo relat\u00f3rio da Cloudera\",\"datePublished\":\"2026-09-01T23:43:26+00:00\",\"mainEntityOfPage\":{\"@id\":\"https:\/\/economiasa.com.br\/blog\/95-das-empresas-adiam-projetos-de-ia-revela-novo-relatorio-da-cloudera\/\"},\"wordCount\":921,\"image\":{\"@id\":\"https:\/\/economiasa.com.br\/blog\/95-das-empresas-adiam-projetos-de-ia-revela-novo-relatorio-da-cloudera\/#primaryimage\"},\"thumbnailUrl\":\"https:\/\/economiasa.com.br\/blog\/wp-content\/uploads\/2026\/09\/Great-AI-Re-Architecture-Survey-Brazil-1-.jpg\",\"articleSection\":[\"Tecnologia\"],\"inLanguage\":\"pt-BR\"},{\"@type\":\"WebPage\",\"@id\":\"https:\/\/economiasa.com.br\/blog\/95-das-empresas-adiam-projetos-de-ia-revela-novo-relatorio-da-cloudera\/\",\"url\":\"https:\/\/economiasa.com.br\/blog\/95-das-empresas-adiam-projetos-de-ia-revela-novo-relatorio-da-cloudera\/\",\"name\":\"95% das empresas adiam projetos de IA, revela novo relat\u00f3rio da Cloudera - Economia S\/A\",\"isPartOf\":{\"@id\":\"https:\/\/economiasa.com.br\/blog\/#website\"},\"primaryImageOfPage\":{\"@id\":\"https:\/\/economiasa.com.br\/blog\/95-das-empresas-adiam-projetos-de-ia-revela-novo-relatorio-da-cloudera\/#primaryimage\"},\"image\":{\"@id\":\"https:\/\/economiasa.com.br\/blog\/95-das-empresas-adiam-projetos-de-ia-revela-novo-relatorio-da-cloudera\/#primaryimage\"},\"thumbnailUrl\":\"https:\/\/economiasa.com.br\/blog\/wp-content\/uploads\/2026\/09\/Great-AI-Re-Architecture-Survey-Brazil-1-.jpg\",\"datePublished\":\"2026-09-01T23:43:26+00:00\",\"author\":{\"@id\":\"https:\/\/economiasa.com.br\/blog\/#\/schema\/person\/14b8ac2dc25bd63b52bc54e845fa3923\"},\"breadcrumb\":{\"@id\":\"https:\/\/economiasa.com.br\/blog\/95-das-empresas-adiam-projetos-de-ia-revela-novo-relatorio-da-cloudera\/#breadcrumb\"},\"inLanguage\":\"pt-BR\",\"potentialAction\":[{\"@type\":\"ReadAction\",\"target\":[\"https:\/\/economiasa.com.br\/blog\/95-das-empresas-adiam-projetos-de-ia-revela-novo-relatorio-da-cloudera\/\"]}]},{\"@type\":\"ImageObject\",\"inLanguage\":\"pt-BR\",\"@id\":\"https:\/\/economiasa.com.br\/blog\/95-das-empresas-adiam-projetos-de-ia-revela-novo-relatorio-da-cloudera\/#primaryimage\",\"url\":\"https:\/\/economiasa.com.br\/blog\/wp-content\/uploads\/2026\/09\/Great-AI-Re-Architecture-Survey-Brazil-1-.jpg\",\"contentUrl\":\"https:\/\/economiasa.com.br\/blog\/wp-content\/uploads\/2026\/09\/Great-AI-Re-Architecture-Survey-Brazil-1-.jpg\",\"width\":1200,\"height\":628,\"caption\":\"Cr\u00e9ditos da foto: Divulga\u00e7\u00e3o\"},{\"@type\":\"BreadcrumbList\",\"@id\":\"https:\/\/economiasa.com.br\/blog\/95-das-empresas-adiam-projetos-de-ia-revela-novo-relatorio-da-cloudera\/#breadcrumb\",\"itemListElement\":[{\"@type\":\"ListItem\",\"position\":1,\"name\":\"In\u00edcio\",\"item\":\"https:\/\/economiasa.com.br\/blog\/\"},{\"@type\":\"ListItem\",\"position\":2,\"name\":\"95% das empresas adiam projetos de IA, revela novo relat\u00f3rio da Cloudera\"}]},{\"@type\":\"WebSite\",\"@id\":\"https:\/\/economiasa.com.br\/blog\/#website\",\"url\":\"https:\/\/economiasa.com.br\/blog\/\",\"name\":\"Economia S\/A\",\"description\":\"Ler faz bem para os neg\u00f3cios\",\"potentialAction\":[{\"@type\":\"SearchAction\",\"target\":{\"@type\":\"EntryPoint\",\"urlTemplate\":\"https:\/\/economiasa.com.br\/blog\/?s={search_term_string}\"},\"query-input\":{\"@type\":\"PropertyValueSpecification\",\"valueRequired\":true,\"valueName\":\"search_term_string\"}}],\"inLanguage\":\"pt-BR\"},{\"@type\":\"Person\",\"@id\":\"https:\/\/economiasa.com.br\/blog\/#\/schema\/person\/14b8ac2dc25bd63b52bc54e845fa3923\",\"name\":\"Reda\u00e7\u00e3o\",\"image\":{\"@type\":\"ImageObject\",\"inLanguage\":\"pt-BR\",\"@id\":\"https:\/\/secure.gravatar.com\/avatar\/c8c795261f7f8547b22616a549577db9e450bd5622da3f6eb62b0e2c3e364c4e?s=96&d=mm&r=g0fb5212bc57e2287787936667fbbe0ff\",\"url\":\"https:\/\/secure.gravatar.com\/avatar\/c8c795261f7f8547b22616a549577db9e450bd5622da3f6eb62b0e2c3e364c4e?s=96&d=mm&r=g\",\"contentUrl\":\"https:\/\/secure.gravatar.com\/avatar\/c8c795261f7f8547b22616a549577db9e450bd5622da3f6eb62b0e2c3e364c4e?s=96&d=mm&r=g\",\"caption\":\"Reda\u00e7\u00e3o\"},\"sameAs\":[\"http:\/\/www.economiasa.com.br\"],\"url\":\"https:\/\/economiasa.com.br\/blog\/author\/redacao\/\"}]}<\/script>\n<!-- \/ Yoast SEO plugin. -->","yoast_head_json":{"title":"95% das empresas adiam projetos de IA, revela novo relat\u00f3rio da Cloudera - Economia S\/A","robots":{"index":"index","follow":"follow","max-snippet":"max-snippet:-1","max-image-preview":"max-image-preview:large","max-video-preview":"max-video-preview:-1"},"canonical":"https:\/\/economiasa.com.br\/blog\/95-das-empresas-adiam-projetos-de-ia-revela-novo-relatorio-da-cloudera\/","og_locale":"pt_BR","og_type":"article","og_title":"95% das empresas adiam projetos de IA, revela novo relat\u00f3rio da Cloudera - Economia S\/A","og_description":"Organiza\u00e7\u00f5es est\u00e3o redesenhando fundamentalmente suas arquiteturas de dados para viabilizar uma IA confi\u00e1vel e escal\u00e1vel em ambientes h\u00edbridos A Cloudera, \u00fanica empresa...","og_url":"https:\/\/economiasa.com.br\/blog\/95-das-empresas-adiam-projetos-de-ia-revela-novo-relatorio-da-cloudera\/","og_site_name":"Economia S\/A","article_published_time":"2026-09-01T23:43:26+00:00","og_image":[{"width":1200,"height":628,"url":"https:\/\/economiasa.com.br\/blog\/wp-content\/uploads\/2026\/09\/Great-AI-Re-Architecture-Survey-Brazil-1-.jpg","type":"image\/jpeg"}],"author":"Reda\u00e7\u00e3o","twitter_card":"summary_large_image","twitter_misc":{"Escrito por":"Reda\u00e7\u00e3o","Est. tempo de leitura":"5 minutos"},"schema":{"@context":"https:\/\/schema.org","@graph":[{"@type":"Article","@id":"https:\/\/economiasa.com.br\/blog\/95-das-empresas-adiam-projetos-de-ia-revela-novo-relatorio-da-cloudera\/#article","isPartOf":{"@id":"https:\/\/economiasa.com.br\/blog\/95-das-empresas-adiam-projetos-de-ia-revela-novo-relatorio-da-cloudera\/"},"author":{"name":"Reda\u00e7\u00e3o","@id":"https:\/\/economiasa.com.br\/blog\/#\/schema\/person\/14b8ac2dc25bd63b52bc54e845fa3923"},"headline":"95% das empresas adiam projetos de IA, revela novo relat\u00f3rio da Cloudera","datePublished":"2026-09-01T23:43:26+00:00","mainEntityOfPage":{"@id":"https:\/\/economiasa.com.br\/blog\/95-das-empresas-adiam-projetos-de-ia-revela-novo-relatorio-da-cloudera\/"},"wordCount":921,"image":{"@id":"https:\/\/economiasa.com.br\/blog\/95-das-empresas-adiam-projetos-de-ia-revela-novo-relatorio-da-cloudera\/#primaryimage"},"thumbnailUrl":"https:\/\/economiasa.com.br\/blog\/wp-content\/uploads\/2026\/09\/Great-AI-Re-Architecture-Survey-Brazil-1-.jpg","articleSection":["Tecnologia"],"inLanguage":"pt-BR"},{"@type":"WebPage","@id":"https:\/\/economiasa.com.br\/blog\/95-das-empresas-adiam-projetos-de-ia-revela-novo-relatorio-da-cloudera\/","url":"https:\/\/economiasa.com.br\/blog\/95-das-empresas-adiam-projetos-de-ia-revela-novo-relatorio-da-cloudera\/","name":"95% das empresas adiam projetos de IA, revela novo relat\u00f3rio da Cloudera - Economia S\/A","isPartOf":{"@id":"https:\/\/economiasa.com.br\/blog\/#website"},"primaryImageOfPage":{"@id":"https:\/\/economiasa.com.br\/blog\/95-das-empresas-adiam-projetos-de-ia-revela-novo-relatorio-da-cloudera\/#primaryimage"},"image":{"@id":"https:\/\/economiasa.com.br\/blog\/95-das-empresas-adiam-projetos-de-ia-revela-novo-relatorio-da-cloudera\/#primaryimage"},"thumbnailUrl":"https:\/\/economiasa.com.br\/blog\/wp-content\/uploads\/2026\/09\/Great-AI-Re-Architecture-Survey-Brazil-1-.jpg","datePublished":"2026-09-01T23:43:26+00:00","author":{"@id":"https:\/\/economiasa.com.br\/blog\/#\/schema\/person\/14b8ac2dc25bd63b52bc54e845fa3923"},"breadcrumb":{"@id":"https:\/\/economiasa.com.br\/blog\/95-das-empresas-adiam-projetos-de-ia-revela-novo-relatorio-da-cloudera\/#breadcrumb"},"inLanguage":"pt-BR","potentialAction":[{"@type":"ReadAction","target":["https:\/\/economiasa.com.br\/blog\/95-das-empresas-adiam-projetos-de-ia-revela-novo-relatorio-da-cloudera\/"]}]},{"@type":"ImageObject","inLanguage":"pt-BR","@id":"https:\/\/economiasa.com.br\/blog\/95-das-empresas-adiam-projetos-de-ia-revela-novo-relatorio-da-cloudera\/#primaryimage","url":"https:\/\/economiasa.com.br\/blog\/wp-content\/uploads\/2026\/09\/Great-AI-Re-Architecture-Survey-Brazil-1-.jpg","contentUrl":"https:\/\/economiasa.com.br\/blog\/wp-content\/uploads\/2026\/09\/Great-AI-Re-Architecture-Survey-Brazil-1-.jpg","width":1200,"height":628,"caption":"Cr\u00e9ditos da foto: Divulga\u00e7\u00e3o"},{"@type":"BreadcrumbList","@id":"https:\/\/economiasa.com.br\/blog\/95-das-empresas-adiam-projetos-de-ia-revela-novo-relatorio-da-cloudera\/#breadcrumb","itemListElement":[{"@type":"ListItem","position":1,"name":"In\u00edcio","item":"https:\/\/economiasa.com.br\/blog\/"},{"@type":"ListItem","position":2,"name":"95% das empresas adiam projetos de IA, revela novo relat\u00f3rio da Cloudera"}]},{"@type":"WebSite","@id":"https:\/\/economiasa.com.br\/blog\/#website","url":"https:\/\/economiasa.com.br\/blog\/","name":"Economia S\/A","description":"Ler faz bem para os neg\u00f3cios","potentialAction":[{"@type":"SearchAction","target":{"@type":"EntryPoint","urlTemplate":"https:\/\/economiasa.com.br\/blog\/?s={search_term_string}"},"query-input":{"@type":"PropertyValueSpecification","valueRequired":true,"valueName":"search_term_string"}}],"inLanguage":"pt-BR"},{"@type":"Person","@id":"https:\/\/economiasa.com.br\/blog\/#\/schema\/person\/14b8ac2dc25bd63b52bc54e845fa3923","name":"Reda\u00e7\u00e3o","image":{"@type":"ImageObject","inLanguage":"pt-BR","@id":"https:\/\/secure.gravatar.com\/avatar\/c8c795261f7f8547b22616a549577db9e450bd5622da3f6eb62b0e2c3e364c4e?s=96&d=mm&r=g0fb5212bc57e2287787936667fbbe0ff","url":"https:\/\/secure.gravatar.com\/avatar\/c8c795261f7f8547b22616a549577db9e450bd5622da3f6eb62b0e2c3e364c4e?s=96&d=mm&r=g","contentUrl":"https:\/\/secure.gravatar.com\/avatar\/c8c795261f7f8547b22616a549577db9e450bd5622da3f6eb62b0e2c3e364c4e?s=96&d=mm&r=g","caption":"Reda\u00e7\u00e3o"},"sameAs":["http:\/\/www.economiasa.com.br"],"url":"https:\/\/economiasa.com.br\/blog\/author\/redacao\/"}]}},"authors":[{"term_id":13248,"user_id":47,"is_guest":0,"slug":"redacao","display_name":"Reda\u00e7\u00e3o","avatar_url":"https:\/\/secure.gravatar.com\/avatar\/c8c795261f7f8547b22616a549577db9e450bd5622da3f6eb62b0e2c3e364c4e?s=96&d=mm&r=g","author_category":"","first_name":"Reda\u00e7\u00e3o","last_name":"","user_url":"http:\/\/www.economiasa.com.br","job_title":"","description":""}],"amp_enabled":true,"_links":{"self":[{"href":"https:\/\/economiasa.com.br\/blog\/wp-json\/wp\/v2\/posts\/84972","targetHints":{"allow":["GET"]}}],"collection":[{"href":"https:\/\/economiasa.com.br\/blog\/wp-json\/wp\/v2\/posts"}],"about":[{"href":"https:\/\/economiasa.com.br\/blog\/wp-json\/wp\/v2\/types\/post"}],"author":[{"embeddable":true,"href":"https:\/\/economiasa.com.br\/blog\/wp-json\/wp\/v2\/users\/47"}],"replies":[{"embeddable":true,"href":"https:\/\/economiasa.com.br\/blog\/wp-json\/wp\/v2\/comments?post=84972"}],"version-history":[{"count":0,"href":"https:\/\/economiasa.com.br\/blog\/wp-json\/wp\/v2\/posts\/84972\/revisions"}],"wp:featuredmedia":[{"embeddable":true,"href":"https:\/\/economiasa.com.br\/blog\/wp-json\/wp\/v2\/media\/84973"}],"wp:attachment":[{"href":"https:\/\/economiasa.com.br\/blog\/wp-json\/wp\/v2\/media?parent=84972"}],"wp:term":[{"taxonomy":"category","embeddable":true,"href":"https:\/\/economiasa.com.br\/blog\/wp-json\/wp\/v2\/categories?post=84972"},{"taxonomy":"post_tag","embeddable":true,"href":"https:\/\/economiasa.com.br\/blog\/wp-json\/wp\/v2\/tags?post=84972"},{"taxonomy":"author","embeddable":true,"href":"https:\/\/economiasa.com.br\/blog\/wp-json\/wp\/v2\/ppma_author?post=84972"}],"curies":[{"name":"wp","href":"https:\/\/api.w.org\/{rel}","templated":true}]}}