{"id":84976,"date":"2026-09-01T20:47:39","date_gmt":"2026-09-01T23:47:39","guid":{"rendered":"https:\/\/economiasa.com.br\/blog\/?p=84976"},"modified":"2026-09-01T20:47:40","modified_gmt":"2026-09-01T23:47:40","slug":"foton-amplia-rede-em-quase-130-e-chega-a-77-concessionarias-no-brasil","status":"publish","type":"post","link":"https:\/\/economiasa.com.br\/blog\/foton-amplia-rede-em-quase-130-e-chega-a-77-concessionarias-no-brasil\/","title":{"rendered":"Foton amplia rede em quase 130% e chega a 77 concession\u00e1rias no Brasil"},"content":{"rendered":"\n<ul class=\"wp-block-list\">\n<li><strong>Rede \u00e9 abastecida pelo centro de distribui\u00e7\u00e3o da Foton em Itaja\u00ed (SC), com mais de 165 mil itens para o mercado de reposi\u00e7\u00e3o<\/strong><br><\/li>\n\n\n\n<li><strong>Concession\u00e1rias comercializam de picapes e vans el\u00e9tricas a caminh\u00f5es semipesados<\/strong><br><\/li>\n\n\n\n<li><strong>Fabricante chegou a inaugurar uma concession\u00e1ria por semana neste ano<\/strong><\/li>\n<\/ul>\n\n\n\n<p class=\"wp-block-paragraph\">A Foton acaba de atingir\u00a077\u00a0concession\u00e1rias em todo o Brasil. Deste total,\u00a068\u00a0unidades j\u00e1 est\u00e3o em opera\u00e7\u00e3o, enquanto as demais encontram-se em fase de implanta\u00e7\u00e3o e abertura. Em pouco mais de dois anos, a fabricante registrou uma expans\u00e3o de aproximadamente\u00a0130%\u00a0em sua rede de distribui\u00e7\u00e3o, consolidando uma das mais aceleradas curvas de crescimento do setor de ve\u00edculos comerciais no Pa\u00eds.<\/p>\n\n\n\n<p class=\"wp-block-paragraph\">Em meados de 2024, a Foton contava com\u00a034\u00a0concession\u00e1rias em territ\u00f3rio nacional. Desde ent\u00e3o, a empresa colocou em pr\u00e1tica um robusto plano de expans\u00e3o, levando sua rede para todas as regi\u00f5es brasileiras. Atualmente, a marca est\u00e1 presente em quase todos os Estados do Pa\u00eds, atendendo tanto \u00e0s principais capitais quanto importantes cidades do interior que concentram atividades de transporte, log\u00edstica, agroneg\u00f3cio e distribui\u00e7\u00e3o, como Ribeir\u00e3o Preto (SP), Uberl\u00e2ndia (MG), Chapec\u00f3 (SC), Rio Verde (GO), Rondon\u00f3polis (MT) e Marab\u00e1 (PA).<\/p>\n\n\n\n<p class=\"wp-block-paragraph\">\u201cAp\u00f3s realizar um minucioso planejamento de expans\u00e3o e estabelecer parcerias com grupos empresariais consolidados e de reconhecida atua\u00e7\u00e3o no setor automotivo, a Foton acelerou o crescimento de sua rede em 2026. No primeiro semestre deste ano, chegamos a inaugurar uma concession\u00e1ria por semana, ampliando nossa cobertura nacional e refor\u00e7ando nossa capacidade de atender com excel\u00eancia clientes em todas as regi\u00f5es do Brasil\u201d, diz Mauricio Santana, Diretor Nacional de Vendas e P\u00f3s-Vendas da Foton.\u00a0<\/p>\n\n\n\n<p class=\"wp-block-paragraph\">Segundo o executivo, cada nova concession\u00e1ria foi planejada para atender aos padr\u00f5es globais da marca, oferecendo estrutura de vendas, p\u00f3s-venda, assist\u00eancia t\u00e9cnica, pe\u00e7as e servi\u00e7os.<\/p>\n\n\n\n<p class=\"wp-block-paragraph\">Toda a rede, por sua vez, \u00e9 abastecida pelo Centro de Distribui\u00e7\u00e3o (CD) de Pe\u00e7as da Foton localizado em Itaja\u00ed (SC), que mant\u00e9m mais de 165 mil itens dispon\u00edveis para o mercado de reposi\u00e7\u00e3o. O CD assegura elevado \u00edndice de disponibilidade de pe\u00e7as, rapidez no abastecimento das concession\u00e1rias e maior agilidade nos servi\u00e7os de manuten\u00e7\u00e3o, fatores\u00a0essenciais para reduzir o tempo de parada dos ve\u00edculos e aumentar a produtividade dos clientes.<\/p>\n\n\n\n<p class=\"wp-block-paragraph\">O objetivo da Foton \u00e9 atingir, at\u00e9 o final de 2027, um total de 100 concession\u00e1rias em todo territ\u00f3rio nacional.\u00a0<\/p>\n\n\n\n<p class=\"wp-block-paragraph\"><strong>P\u00f3s-venda de excel\u00eancia e portf\u00f3lio completo<\/strong><\/p>\n\n\n\n<p class=\"wp-block-paragraph\">As concession\u00e1rias comercializam todo o portf\u00f3lio da Foton no Brasil, formado pelos modelos leves Aumark S 315, Aumark S 715 e Aumark S 916, pelo caminh\u00e3o m\u00e9dio Aumark S 1217, pelos semipesados Auman D 1722, Auman D 1830 e Auman D 2632, al\u00e9m da Tunland, primeira picape a diesel h\u00edbrida do Pa\u00eds.<\/p>\n\n\n\n<p class=\"wp-block-paragraph\">Tamb\u00e9m est\u00e3o presentes, nas revendas, os rec\u00e9m-lan\u00e7ados ve\u00edculos comerciais el\u00e9tricos da Foton no Brasil: o mini truck eWonder, as vans eView Connect, eView Grand e eToano Pro, al\u00e9m da linha de caminh\u00f5es el\u00e9tricos eAumark, dispon\u00edvel nas vers\u00f5es de 6, 9 e 12 toneladas de PBT.<\/p>\n\n\n\n<p class=\"wp-block-paragraph\">\u201cNos \u00faltimos dois anos, a Foton estabeleceu uma estrat\u00e9gia muito clara para sua opera\u00e7\u00e3o no Brasil: investir fortemente na expans\u00e3o da rede de concession\u00e1rias, capacitar continuamente as equipes de vendas e p\u00f3s-venda, consolidar nosso Centro de Distribui\u00e7\u00e3o de Pe\u00e7as e construir uma estrutura capaz de oferecer aos clientes um atendimento de excel\u00eancia em qualquer regi\u00e3o do Pa\u00eds. Mais do que crescer em n\u00famero de concession\u00e1rias, queremos criar uma rede s\u00f3lida, preparada e alinhada aos padr\u00f5es globais da Foton, hoje a maior fabricante de ve\u00edculos comerciais do mundo\u201d, afirma Mauricio Santana.<\/p>\n\n\n\n<p class=\"wp-block-paragraph\">Segundo o executivo, \u201ctodo esse crescimento foi constru\u00eddo sobre uma base muito consistente. Selecionamos parceiros com experi\u00eancia, investimos na qualifica\u00e7\u00e3o das equipes e estruturamos uma opera\u00e7\u00e3o capaz de oferecer aos clientes seguran\u00e7a desde a compra at\u00e9 o p\u00f3s-venda. Hoje contamos com uma rede estrategicamente distribu\u00edda pelo Brasil e um dos portf\u00f3lios de ve\u00edculos comerciais mais completos e com melhor custo-benef\u00edcio do mercado, o que nos permite atender desde pequenos empreendedores at\u00e9 grandes frotistas\u201d.<\/p>\n","protected":false},"excerpt":{"rendered":"<p>A Foton acaba de atingir\u00a077\u00a0concession\u00e1rias em todo o Brasil. Deste total,\u00a068\u00a0unidades j\u00e1 est\u00e3o em opera\u00e7\u00e3o, enquanto as demais encontram-se em fase de&#8230;<\/p>\n","protected":false},"author":47,"featured_media":84977,"comment_status":"closed","ping_status":"open","sticky":false,"template":"","format":"standard","meta":{"footnotes":""},"categories":[2017],"tags":[],"ppma_author":[13248],"class_list":["post-84976","post","type-post","status-publish","format-standard","has-post-thumbnail","category-informacoes"],"yoast_head":"<!-- This site is optimized with the Yoast SEO plugin v27.2 - https:\/\/yoast.com\/product\/yoast-seo-wordpress\/ -->\n<title>Foton amplia rede em quase 130% e chega a 77 concession\u00e1rias no Brasil - Economia S\/A<\/title>\n<meta name=\"robots\" content=\"index, follow, max-snippet:-1, max-image-preview:large, max-video-preview:-1\" \/>\n<link rel=\"canonical\" href=\"https:\/\/economiasa.com.br\/blog\/foton-amplia-rede-em-quase-130-e-chega-a-77-concessionarias-no-brasil\/\" \/>\n<meta property=\"og:locale\" content=\"pt_BR\" \/>\n<meta property=\"og:type\" content=\"article\" \/>\n<meta property=\"og:title\" content=\"Foton amplia rede em quase 130% e chega a 77 concession\u00e1rias no Brasil - Economia S\/A\" \/>\n<meta property=\"og:description\" content=\"A Foton acaba de atingir\u00a077\u00a0concession\u00e1rias em todo o Brasil. Deste total,\u00a068\u00a0unidades j\u00e1 est\u00e3o em opera\u00e7\u00e3o, enquanto as demais encontram-se em fase de...\" \/>\n<meta property=\"og:url\" content=\"https:\/\/economiasa.com.br\/blog\/foton-amplia-rede-em-quase-130-e-chega-a-77-concessionarias-no-brasil\/\" \/>\n<meta property=\"og:site_name\" content=\"Economia S\/A\" \/>\n<meta property=\"article:published_time\" content=\"2026-09-01T23:47:39+00:00\" \/>\n<meta property=\"article:modified_time\" content=\"2026-09-01T23:47:40+00:00\" \/>\n<meta property=\"og:image\" content=\"https:\/\/economiasa.com.br\/blog\/wp-content\/uploads\/2026\/09\/Concessionaria-Foton-1024x683.jpg\" \/>\n\t<meta property=\"og:image:width\" content=\"1024\" \/>\n\t<meta property=\"og:image:height\" content=\"683\" \/>\n\t<meta property=\"og:image:type\" content=\"image\/jpeg\" \/>\n<meta name=\"author\" content=\"Reda\u00e7\u00e3o\" \/>\n<meta name=\"twitter:card\" content=\"summary_large_image\" \/>\n<meta name=\"twitter:label1\" content=\"Escrito por\" \/>\n\t<meta name=\"twitter:data1\" content=\"Reda\u00e7\u00e3o\" \/>\n\t<meta name=\"twitter:label2\" content=\"Est. tempo de leitura\" \/>\n\t<meta name=\"twitter:data2\" content=\"4 minutos\" \/>\n<script type=\"application\/ld+json\" class=\"yoast-schema-graph\">{\"@context\":\"https:\/\/schema.org\",\"@graph\":[{\"@type\":\"Article\",\"@id\":\"https:\/\/economiasa.com.br\/blog\/foton-amplia-rede-em-quase-130-e-chega-a-77-concessionarias-no-brasil\/#article\",\"isPartOf\":{\"@id\":\"https:\/\/economiasa.com.br\/blog\/foton-amplia-rede-em-quase-130-e-chega-a-77-concessionarias-no-brasil\/\"},\"author\":{\"name\":\"Reda\u00e7\u00e3o\",\"@id\":\"https:\/\/economiasa.com.br\/blog\/#\/schema\/person\/14b8ac2dc25bd63b52bc54e845fa3923\"},\"headline\":\"Foton amplia rede em quase 130% e chega a 77 concession\u00e1rias no Brasil\",\"datePublished\":\"2026-09-01T23:47:39+00:00\",\"dateModified\":\"2026-09-01T23:47:40+00:00\",\"mainEntityOfPage\":{\"@id\":\"https:\/\/economiasa.com.br\/blog\/foton-amplia-rede-em-quase-130-e-chega-a-77-concessionarias-no-brasil\/\"},\"wordCount\":741,\"image\":{\"@id\":\"https:\/\/economiasa.com.br\/blog\/foton-amplia-rede-em-quase-130-e-chega-a-77-concessionarias-no-brasil\/#primaryimage\"},\"thumbnailUrl\":\"https:\/\/economiasa.com.br\/blog\/wp-content\/uploads\/2026\/09\/Concessionaria-Foton.jpg\",\"articleSection\":[\"Informa\u00e7\u00f5es\"],\"inLanguage\":\"pt-BR\"},{\"@type\":\"WebPage\",\"@id\":\"https:\/\/economiasa.com.br\/blog\/foton-amplia-rede-em-quase-130-e-chega-a-77-concessionarias-no-brasil\/\",\"url\":\"https:\/\/economiasa.com.br\/blog\/foton-amplia-rede-em-quase-130-e-chega-a-77-concessionarias-no-brasil\/\",\"name\":\"Foton amplia rede em quase 130% e chega a 77 concession\u00e1rias no Brasil - Economia S\/A\",\"isPartOf\":{\"@id\":\"https:\/\/economiasa.com.br\/blog\/#website\"},\"primaryImageOfPage\":{\"@id\":\"https:\/\/economiasa.com.br\/blog\/foton-amplia-rede-em-quase-130-e-chega-a-77-concessionarias-no-brasil\/#primaryimage\"},\"image\":{\"@id\":\"https:\/\/economiasa.com.br\/blog\/foton-amplia-rede-em-quase-130-e-chega-a-77-concessionarias-no-brasil\/#primaryimage\"},\"thumbnailUrl\":\"https:\/\/economiasa.com.br\/blog\/wp-content\/uploads\/2026\/09\/Concessionaria-Foton.jpg\",\"datePublished\":\"2026-09-01T23:47:39+00:00\",\"dateModified\":\"2026-09-01T23:47:40+00:00\",\"author\":{\"@id\":\"https:\/\/economiasa.com.br\/blog\/#\/schema\/person\/14b8ac2dc25bd63b52bc54e845fa3923\"},\"breadcrumb\":{\"@id\":\"https:\/\/economiasa.com.br\/blog\/foton-amplia-rede-em-quase-130-e-chega-a-77-concessionarias-no-brasil\/#breadcrumb\"},\"inLanguage\":\"pt-BR\",\"potentialAction\":[{\"@type\":\"ReadAction\",\"target\":[\"https:\/\/economiasa.com.br\/blog\/foton-amplia-rede-em-quase-130-e-chega-a-77-concessionarias-no-brasil\/\"]}]},{\"@type\":\"ImageObject\",\"inLanguage\":\"pt-BR\",\"@id\":\"https:\/\/economiasa.com.br\/blog\/foton-amplia-rede-em-quase-130-e-chega-a-77-concessionarias-no-brasil\/#primaryimage\",\"url\":\"https:\/\/economiasa.com.br\/blog\/wp-content\/uploads\/2026\/09\/Concessionaria-Foton.jpg\",\"contentUrl\":\"https:\/\/economiasa.com.br\/blog\/wp-content\/uploads\/2026\/09\/Concessionaria-Foton.jpg\",\"width\":3072,\"height\":2048,\"caption\":\"Divulga\u00e7\u00e3o\/Foton\"},{\"@type\":\"BreadcrumbList\",\"@id\":\"https:\/\/economiasa.com.br\/blog\/foton-amplia-rede-em-quase-130-e-chega-a-77-concessionarias-no-brasil\/#breadcrumb\",\"itemListElement\":[{\"@type\":\"ListItem\",\"position\":1,\"name\":\"In\u00edcio\",\"item\":\"https:\/\/economiasa.com.br\/blog\/\"},{\"@type\":\"ListItem\",\"position\":2,\"name\":\"Foton amplia rede em quase 130% e chega a 77 concession\u00e1rias no Brasil\"}]},{\"@type\":\"WebSite\",\"@id\":\"https:\/\/economiasa.com.br\/blog\/#website\",\"url\":\"https:\/\/economiasa.com.br\/blog\/\",\"name\":\"Economia S\/A\",\"description\":\"Ler faz bem para os neg\u00f3cios\",\"potentialAction\":[{\"@type\":\"SearchAction\",\"target\":{\"@type\":\"EntryPoint\",\"urlTemplate\":\"https:\/\/economiasa.com.br\/blog\/?s={search_term_string}\"},\"query-input\":{\"@type\":\"PropertyValueSpecification\",\"valueRequired\":true,\"valueName\":\"search_term_string\"}}],\"inLanguage\":\"pt-BR\"},{\"@type\":\"Person\",\"@id\":\"https:\/\/economiasa.com.br\/blog\/#\/schema\/person\/14b8ac2dc25bd63b52bc54e845fa3923\",\"name\":\"Reda\u00e7\u00e3o\",\"image\":{\"@type\":\"ImageObject\",\"inLanguage\":\"pt-BR\",\"@id\":\"https:\/\/secure.gravatar.com\/avatar\/c8c795261f7f8547b22616a549577db9e450bd5622da3f6eb62b0e2c3e364c4e?s=96&d=mm&r=g0fb5212bc57e2287787936667fbbe0ff\",\"url\":\"https:\/\/secure.gravatar.com\/avatar\/c8c795261f7f8547b22616a549577db9e450bd5622da3f6eb62b0e2c3e364c4e?s=96&d=mm&r=g\",\"contentUrl\":\"https:\/\/secure.gravatar.com\/avatar\/c8c795261f7f8547b22616a549577db9e450bd5622da3f6eb62b0e2c3e364c4e?s=96&d=mm&r=g\",\"caption\":\"Reda\u00e7\u00e3o\"},\"sameAs\":[\"http:\/\/www.economiasa.com.br\"],\"url\":\"https:\/\/economiasa.com.br\/blog\/author\/redacao\/\"}]}<\/script>\n<!-- \/ Yoast SEO plugin. -->","yoast_head_json":{"title":"Foton amplia rede em quase 130% e chega a 77 concession\u00e1rias no Brasil - Economia S\/A","robots":{"index":"index","follow":"follow","max-snippet":"max-snippet:-1","max-image-preview":"max-image-preview:large","max-video-preview":"max-video-preview:-1"},"canonical":"https:\/\/economiasa.com.br\/blog\/foton-amplia-rede-em-quase-130-e-chega-a-77-concessionarias-no-brasil\/","og_locale":"pt_BR","og_type":"article","og_title":"Foton amplia rede em quase 130% e chega a 77 concession\u00e1rias no Brasil - Economia S\/A","og_description":"A Foton acaba de atingir\u00a077\u00a0concession\u00e1rias em todo o Brasil. Deste total,\u00a068\u00a0unidades j\u00e1 est\u00e3o em opera\u00e7\u00e3o, enquanto as demais encontram-se em fase de...","og_url":"https:\/\/economiasa.com.br\/blog\/foton-amplia-rede-em-quase-130-e-chega-a-77-concessionarias-no-brasil\/","og_site_name":"Economia S\/A","article_published_time":"2026-09-01T23:47:39+00:00","article_modified_time":"2026-09-01T23:47:40+00:00","og_image":[{"width":1024,"height":683,"url":"https:\/\/economiasa.com.br\/blog\/wp-content\/uploads\/2026\/09\/Concessionaria-Foton-1024x683.jpg","type":"image\/jpeg"}],"author":"Reda\u00e7\u00e3o","twitter_card":"summary_large_image","twitter_misc":{"Escrito por":"Reda\u00e7\u00e3o","Est. tempo de leitura":"4 minutos"},"schema":{"@context":"https:\/\/schema.org","@graph":[{"@type":"Article","@id":"https:\/\/economiasa.com.br\/blog\/foton-amplia-rede-em-quase-130-e-chega-a-77-concessionarias-no-brasil\/#article","isPartOf":{"@id":"https:\/\/economiasa.com.br\/blog\/foton-amplia-rede-em-quase-130-e-chega-a-77-concessionarias-no-brasil\/"},"author":{"name":"Reda\u00e7\u00e3o","@id":"https:\/\/economiasa.com.br\/blog\/#\/schema\/person\/14b8ac2dc25bd63b52bc54e845fa3923"},"headline":"Foton amplia rede em quase 130% e chega a 77 concession\u00e1rias no Brasil","datePublished":"2026-09-01T23:47:39+00:00","dateModified":"2026-09-01T23:47:40+00:00","mainEntityOfPage":{"@id":"https:\/\/economiasa.com.br\/blog\/foton-amplia-rede-em-quase-130-e-chega-a-77-concessionarias-no-brasil\/"},"wordCount":741,"image":{"@id":"https:\/\/economiasa.com.br\/blog\/foton-amplia-rede-em-quase-130-e-chega-a-77-concessionarias-no-brasil\/#primaryimage"},"thumbnailUrl":"https:\/\/economiasa.com.br\/blog\/wp-content\/uploads\/2026\/09\/Concessionaria-Foton.jpg","articleSection":["Informa\u00e7\u00f5es"],"inLanguage":"pt-BR"},{"@type":"WebPage","@id":"https:\/\/economiasa.com.br\/blog\/foton-amplia-rede-em-quase-130-e-chega-a-77-concessionarias-no-brasil\/","url":"https:\/\/economiasa.com.br\/blog\/foton-amplia-rede-em-quase-130-e-chega-a-77-concessionarias-no-brasil\/","name":"Foton amplia rede em quase 130% e chega a 77 concession\u00e1rias no Brasil - Economia S\/A","isPartOf":{"@id":"https:\/\/economiasa.com.br\/blog\/#website"},"primaryImageOfPage":{"@id":"https:\/\/economiasa.com.br\/blog\/foton-amplia-rede-em-quase-130-e-chega-a-77-concessionarias-no-brasil\/#primaryimage"},"image":{"@id":"https:\/\/economiasa.com.br\/blog\/foton-amplia-rede-em-quase-130-e-chega-a-77-concessionarias-no-brasil\/#primaryimage"},"thumbnailUrl":"https:\/\/economiasa.com.br\/blog\/wp-content\/uploads\/2026\/09\/Concessionaria-Foton.jpg","datePublished":"2026-09-01T23:47:39+00:00","dateModified":"2026-09-01T23:47:40+00:00","author":{"@id":"https:\/\/economiasa.com.br\/blog\/#\/schema\/person\/14b8ac2dc25bd63b52bc54e845fa3923"},"breadcrumb":{"@id":"https:\/\/economiasa.com.br\/blog\/foton-amplia-rede-em-quase-130-e-chega-a-77-concessionarias-no-brasil\/#breadcrumb"},"inLanguage":"pt-BR","potentialAction":[{"@type":"ReadAction","target":["https:\/\/economiasa.com.br\/blog\/foton-amplia-rede-em-quase-130-e-chega-a-77-concessionarias-no-brasil\/"]}]},{"@type":"ImageObject","inLanguage":"pt-BR","@id":"https:\/\/economiasa.com.br\/blog\/foton-amplia-rede-em-quase-130-e-chega-a-77-concessionarias-no-brasil\/#primaryimage","url":"https:\/\/economiasa.com.br\/blog\/wp-content\/uploads\/2026\/09\/Concessionaria-Foton.jpg","contentUrl":"https:\/\/economiasa.com.br\/blog\/wp-content\/uploads\/2026\/09\/Concessionaria-Foton.jpg","width":3072,"height":2048,"caption":"Divulga\u00e7\u00e3o\/Foton"},{"@type":"BreadcrumbList","@id":"https:\/\/economiasa.com.br\/blog\/foton-amplia-rede-em-quase-130-e-chega-a-77-concessionarias-no-brasil\/#breadcrumb","itemListElement":[{"@type":"ListItem","position":1,"name":"In\u00edcio","item":"https:\/\/economiasa.com.br\/blog\/"},{"@type":"ListItem","position":2,"name":"Foton amplia rede em quase 130% e chega a 77 concession\u00e1rias no Brasil"}]},{"@type":"WebSite","@id":"https:\/\/economiasa.com.br\/blog\/#website","url":"https:\/\/economiasa.com.br\/blog\/","name":"Economia S\/A","description":"Ler faz bem para os neg\u00f3cios","potentialAction":[{"@type":"SearchAction","target":{"@type":"EntryPoint","urlTemplate":"https:\/\/economiasa.com.br\/blog\/?s={search_term_string}"},"query-input":{"@type":"PropertyValueSpecification","valueRequired":true,"valueName":"search_term_string"}}],"inLanguage":"pt-BR"},{"@type":"Person","@id":"https:\/\/economiasa.com.br\/blog\/#\/schema\/person\/14b8ac2dc25bd63b52bc54e845fa3923","name":"Reda\u00e7\u00e3o","image":{"@type":"ImageObject","inLanguage":"pt-BR","@id":"https:\/\/secure.gravatar.com\/avatar\/c8c795261f7f8547b22616a549577db9e450bd5622da3f6eb62b0e2c3e364c4e?s=96&d=mm&r=g0fb5212bc57e2287787936667fbbe0ff","url":"https:\/\/secure.gravatar.com\/avatar\/c8c795261f7f8547b22616a549577db9e450bd5622da3f6eb62b0e2c3e364c4e?s=96&d=mm&r=g","contentUrl":"https:\/\/secure.gravatar.com\/avatar\/c8c795261f7f8547b22616a549577db9e450bd5622da3f6eb62b0e2c3e364c4e?s=96&d=mm&r=g","caption":"Reda\u00e7\u00e3o"},"sameAs":["http:\/\/www.economiasa.com.br"],"url":"https:\/\/economiasa.com.br\/blog\/author\/redacao\/"}]}},"authors":[{"term_id":13248,"user_id":47,"is_guest":0,"slug":"redacao","display_name":"Reda\u00e7\u00e3o","avatar_url":"https:\/\/secure.gravatar.com\/avatar\/c8c795261f7f8547b22616a549577db9e450bd5622da3f6eb62b0e2c3e364c4e?s=96&d=mm&r=g","author_category":"","first_name":"Reda\u00e7\u00e3o","last_name":"","user_url":"http:\/\/www.economiasa.com.br","job_title":"","description":""}],"amp_enabled":true,"_links":{"self":[{"href":"https:\/\/economiasa.com.br\/blog\/wp-json\/wp\/v2\/posts\/84976","targetHints":{"allow":["GET"]}}],"collection":[{"href":"https:\/\/economiasa.com.br\/blog\/wp-json\/wp\/v2\/posts"}],"about":[{"href":"https:\/\/economiasa.com.br\/blog\/wp-json\/wp\/v2\/types\/post"}],"author":[{"embeddable":true,"href":"https:\/\/economiasa.com.br\/blog\/wp-json\/wp\/v2\/users\/47"}],"replies":[{"embeddable":true,"href":"https:\/\/economiasa.com.br\/blog\/wp-json\/wp\/v2\/comments?post=84976"}],"version-history":[{"count":0,"href":"https:\/\/economiasa.com.br\/blog\/wp-json\/wp\/v2\/posts\/84976\/revisions"}],"wp:featuredmedia":[{"embeddable":true,"href":"https:\/\/economiasa.com.br\/blog\/wp-json\/wp\/v2\/media\/84977"}],"wp:attachment":[{"href":"https:\/\/economiasa.com.br\/blog\/wp-json\/wp\/v2\/media?parent=84976"}],"wp:term":[{"taxonomy":"category","embeddable":true,"href":"https:\/\/economiasa.com.br\/blog\/wp-json\/wp\/v2\/categories?post=84976"},{"taxonomy":"post_tag","embeddable":true,"href":"https:\/\/economiasa.com.br\/blog\/wp-json\/wp\/v2\/tags?post=84976"},{"taxonomy":"author","embeddable":true,"href":"https:\/\/economiasa.com.br\/blog\/wp-json\/wp\/v2\/ppma_author?post=84976"}],"curies":[{"name":"wp","href":"https:\/\/api.w.org\/{rel}","templated":true}]}}