{"id":84978,"date":"2026-09-01T20:49:24","date_gmt":"2026-09-01T23:49:24","guid":{"rendered":"https:\/\/economiasa.com.br\/blog\/?p=84978"},"modified":"2026-09-01T20:49:25","modified_gmt":"2026-09-01T23:49:25","slug":"da-camera-a-acao-a-visao-computacional-na-industria-precisa-de-contexto-operacional","status":"publish","type":"post","link":"https:\/\/economiasa.com.br\/blog\/da-camera-a-acao-a-visao-computacional-na-industria-precisa-de-contexto-operacional\/","title":{"rendered":"Da c\u00e2mera \u00e0 a\u00e7\u00e3o: a vis\u00e3o computacional na ind\u00fastria precisa de contexto operacional"},"content":{"rendered":"\n<p class=\"wp-block-paragraph\"><em>*Por Andr\u00e9 Sih<\/em><\/p>\n\n\n\n<p class=\"wp-block-paragraph\">H\u00e1 anos, o setor de energia, \u00f3leo e g\u00e1s investe massivamente na instala\u00e7\u00e3o de c\u00e2meras de alta resolu\u00e7\u00e3o para monitorar plataformas, refinarias e redes de distribui\u00e7\u00e3o. No entanto, o mercado j\u00e1 come\u00e7ou a perceber uma dura realidade: capturar imagens de ativos, equipes ou instala\u00e7\u00f5es \u00e9 insuficiente e acumular terabytes de v\u00eddeo em servidores sem a capacidade de interpret\u00e1-los e gerar dados precisos a partir deles, seja em tempo real ou n\u00e3o, gera apenas custos de armazenamento. Um algoritmo de intelig\u00eancia artificial treinado puramente para reconhecimento de imagem pode identificar qualquer coisa, desde uma mancha escura no solo at\u00e9 uma fuma\u00e7a saindo de uma tubula\u00e7\u00e3o. Por\u00e9m, sem contexto, a intelig\u00eancia artificial n\u00e3o consegue discernir se aquilo \u00e9 um vazamento cr\u00edtico de \u00f3leo bruto ou apenas vapor d\u2019\u00e1gua decorrente de uma atividade de manuten\u00e7\u00e3o programada. O verdadeiro valor surge quando os dados visuais s\u00e3o fundidos com a an\u00e1lise de dados por IA.<\/p>\n\n\n\n<p class=\"wp-block-paragraph\">Essa fus\u00e3o inteligente transforma a c\u00e2mera em um agente de tomada de decis\u00e3o: ao cruzar o fluxo de v\u00eddeo com as vari\u00e1veis de processo, a IA se torna capaz de identificar anomalias. De acordo com o relat\u00f3rio Physical Economy Outlook 2024, 72% dos l\u00edderes do setor de energia afirmam que a Intelig\u00eancia Artificial (incluindo a vis\u00e3o computacional) \u00e9 uma ferramenta cr\u00edtica para prevenir acidentes e instruir equipes O sistema passa a entender a din\u00e2mica viva da planta industrial. Ele sabe quem \u00e9 a equipe em campo, quais equipamentos s\u00e3o obrigat\u00f3rios para aquela tarefa espec\u00edfica e qual o n\u00edvel de severidade de um comportamento at\u00edpico.<\/p>\n\n\n\n<p class=\"wp-block-paragraph\">O impacto mais imediato dessa abordagem est\u00e1 na habilidade de priorizar interven\u00e7\u00f5es. A IA contextualizada avalia o risco real de cada inconformidade visual detectada, desse modo, direciona-se o foco exatamente para onde o risco de falha \u00e9 iminente.<\/p>\n\n\n\n<p class=\"wp-block-paragraph\">Por fim, o \u00e1pice dessa evolu\u00e7\u00e3o tecnol\u00f3gica \u00e9 a capacidade de automatizar fluxos de trabalho. O objetivo final da vis\u00e3o computacional na ind\u00fastria 4.0 n\u00e3o \u00e9 gerar um gr\u00e1fico bonito em um painel para o operador, mas sim desencadear a\u00e7\u00f5es autom\u00e1ticas no mundo f\u00edsico. Ao detectar visualmente situa\u00e7\u00f5es de risco, o sistema pode gerar insights capazes de sinalizar situa\u00e7\u00f5es de risco e impulsionar a cria\u00e7\u00e3o de decis\u00f5es para reverter e\/ou evitar futuros acidentes.\u00a0<\/p>\n\n\n\n<p class=\"wp-block-paragraph\">Para setores t\u00e3o espec\u00edficos quanto o de energia, \u00f3leo e g\u00e1s, as imagens n\u00e3o devem ser tratadas como arquivos est\u00e1ticos, mas como fontes de dados din\u00e2micas e integradas.<\/p>\n","protected":false},"excerpt":{"rendered":"<p>*Por Andr\u00e9 Sih H\u00e1 anos, o setor de energia, \u00f3leo e g\u00e1s investe massivamente na instala\u00e7\u00e3o de c\u00e2meras de alta resolu\u00e7\u00e3o para&#8230;<\/p>\n","protected":false},"author":47,"featured_media":84979,"comment_status":"closed","ping_status":"open","sticky":false,"template":"","format":"standard","meta":{"footnotes":""},"categories":[1970],"tags":[],"ppma_author":[13248],"class_list":["post-84978","post","type-post","status-publish","format-standard","has-post-thumbnail","category-tecnologia"],"yoast_head":"<!-- This site is optimized with the Yoast SEO plugin v27.2 - https:\/\/yoast.com\/product\/yoast-seo-wordpress\/ -->\n<title>Da c\u00e2mera \u00e0 a\u00e7\u00e3o: a vis\u00e3o computacional na ind\u00fastria precisa de contexto operacional - Economia S\/A<\/title>\n<meta name=\"robots\" content=\"index, follow, max-snippet:-1, max-image-preview:large, max-video-preview:-1\" \/>\n<link rel=\"canonical\" href=\"https:\/\/economiasa.com.br\/blog\/da-camera-a-acao-a-visao-computacional-na-industria-precisa-de-contexto-operacional\/\" \/>\n<meta property=\"og:locale\" content=\"pt_BR\" \/>\n<meta property=\"og:type\" content=\"article\" \/>\n<meta property=\"og:title\" content=\"Da c\u00e2mera \u00e0 a\u00e7\u00e3o: a vis\u00e3o computacional na ind\u00fastria precisa de contexto operacional - Economia S\/A\" \/>\n<meta property=\"og:description\" content=\"*Por Andr\u00e9 Sih H\u00e1 anos, o setor de energia, \u00f3leo e g\u00e1s investe massivamente na instala\u00e7\u00e3o de c\u00e2meras de alta resolu\u00e7\u00e3o para...\" \/>\n<meta property=\"og:url\" content=\"https:\/\/economiasa.com.br\/blog\/da-camera-a-acao-a-visao-computacional-na-industria-precisa-de-contexto-operacional\/\" \/>\n<meta property=\"og:site_name\" content=\"Economia S\/A\" \/>\n<meta property=\"article:published_time\" content=\"2026-09-01T23:49:24+00:00\" \/>\n<meta property=\"article:modified_time\" content=\"2026-09-01T23:49:25+00:00\" \/>\n<meta property=\"og:image\" content=\"https:\/\/economiasa.com.br\/blog\/wp-content\/uploads\/2026\/09\/Capturar-17.png\" \/>\n\t<meta property=\"og:image:width\" content=\"463\" \/>\n\t<meta property=\"og:image:height\" content=\"272\" \/>\n\t<meta property=\"og:image:type\" content=\"image\/png\" \/>\n<meta name=\"author\" content=\"Reda\u00e7\u00e3o\" \/>\n<meta name=\"twitter:card\" content=\"summary_large_image\" \/>\n<meta name=\"twitter:label1\" content=\"Escrito por\" \/>\n\t<meta name=\"twitter:data1\" content=\"Reda\u00e7\u00e3o\" \/>\n\t<meta name=\"twitter:label2\" content=\"Est. tempo de leitura\" \/>\n\t<meta name=\"twitter:data2\" content=\"3 minutos\" \/>\n<script type=\"application\/ld+json\" class=\"yoast-schema-graph\">{\"@context\":\"https:\/\/schema.org\",\"@graph\":[{\"@type\":\"Article\",\"@id\":\"https:\/\/economiasa.com.br\/blog\/da-camera-a-acao-a-visao-computacional-na-industria-precisa-de-contexto-operacional\/#article\",\"isPartOf\":{\"@id\":\"https:\/\/economiasa.com.br\/blog\/da-camera-a-acao-a-visao-computacional-na-industria-precisa-de-contexto-operacional\/\"},\"author\":{\"name\":\"Reda\u00e7\u00e3o\",\"@id\":\"https:\/\/economiasa.com.br\/blog\/#\/schema\/person\/14b8ac2dc25bd63b52bc54e845fa3923\"},\"headline\":\"Da c\u00e2mera \u00e0 a\u00e7\u00e3o: a vis\u00e3o computacional na ind\u00fastria precisa de contexto operacional\",\"datePublished\":\"2026-09-01T23:49:24+00:00\",\"dateModified\":\"2026-09-01T23:49:25+00:00\",\"mainEntityOfPage\":{\"@id\":\"https:\/\/economiasa.com.br\/blog\/da-camera-a-acao-a-visao-computacional-na-industria-precisa-de-contexto-operacional\/\"},\"wordCount\":461,\"image\":{\"@id\":\"https:\/\/economiasa.com.br\/blog\/da-camera-a-acao-a-visao-computacional-na-industria-precisa-de-contexto-operacional\/#primaryimage\"},\"thumbnailUrl\":\"https:\/\/economiasa.com.br\/blog\/wp-content\/uploads\/2026\/09\/Capturar-17.png\",\"articleSection\":[\"Tecnologia\"],\"inLanguage\":\"pt-BR\"},{\"@type\":\"WebPage\",\"@id\":\"https:\/\/economiasa.com.br\/blog\/da-camera-a-acao-a-visao-computacional-na-industria-precisa-de-contexto-operacional\/\",\"url\":\"https:\/\/economiasa.com.br\/blog\/da-camera-a-acao-a-visao-computacional-na-industria-precisa-de-contexto-operacional\/\",\"name\":\"Da c\u00e2mera \u00e0 a\u00e7\u00e3o: a vis\u00e3o computacional na ind\u00fastria precisa de contexto operacional - Economia S\/A\",\"isPartOf\":{\"@id\":\"https:\/\/economiasa.com.br\/blog\/#website\"},\"primaryImageOfPage\":{\"@id\":\"https:\/\/economiasa.com.br\/blog\/da-camera-a-acao-a-visao-computacional-na-industria-precisa-de-contexto-operacional\/#primaryimage\"},\"image\":{\"@id\":\"https:\/\/economiasa.com.br\/blog\/da-camera-a-acao-a-visao-computacional-na-industria-precisa-de-contexto-operacional\/#primaryimage\"},\"thumbnailUrl\":\"https:\/\/economiasa.com.br\/blog\/wp-content\/uploads\/2026\/09\/Capturar-17.png\",\"datePublished\":\"2026-09-01T23:49:24+00:00\",\"dateModified\":\"2026-09-01T23:49:25+00:00\",\"author\":{\"@id\":\"https:\/\/economiasa.com.br\/blog\/#\/schema\/person\/14b8ac2dc25bd63b52bc54e845fa3923\"},\"breadcrumb\":{\"@id\":\"https:\/\/economiasa.com.br\/blog\/da-camera-a-acao-a-visao-computacional-na-industria-precisa-de-contexto-operacional\/#breadcrumb\"},\"inLanguage\":\"pt-BR\",\"potentialAction\":[{\"@type\":\"ReadAction\",\"target\":[\"https:\/\/economiasa.com.br\/blog\/da-camera-a-acao-a-visao-computacional-na-industria-precisa-de-contexto-operacional\/\"]}]},{\"@type\":\"ImageObject\",\"inLanguage\":\"pt-BR\",\"@id\":\"https:\/\/economiasa.com.br\/blog\/da-camera-a-acao-a-visao-computacional-na-industria-precisa-de-contexto-operacional\/#primaryimage\",\"url\":\"https:\/\/economiasa.com.br\/blog\/wp-content\/uploads\/2026\/09\/Capturar-17.png\",\"contentUrl\":\"https:\/\/economiasa.com.br\/blog\/wp-content\/uploads\/2026\/09\/Capturar-17.png\",\"width\":463,\"height\":272,\"caption\":\"Cr\u00e9ditos da foto: Divulga\u00e7\u00e3o\"},{\"@type\":\"BreadcrumbList\",\"@id\":\"https:\/\/economiasa.com.br\/blog\/da-camera-a-acao-a-visao-computacional-na-industria-precisa-de-contexto-operacional\/#breadcrumb\",\"itemListElement\":[{\"@type\":\"ListItem\",\"position\":1,\"name\":\"In\u00edcio\",\"item\":\"https:\/\/economiasa.com.br\/blog\/\"},{\"@type\":\"ListItem\",\"position\":2,\"name\":\"Da c\u00e2mera \u00e0 a\u00e7\u00e3o: a vis\u00e3o computacional na ind\u00fastria precisa de contexto operacional\"}]},{\"@type\":\"WebSite\",\"@id\":\"https:\/\/economiasa.com.br\/blog\/#website\",\"url\":\"https:\/\/economiasa.com.br\/blog\/\",\"name\":\"Economia S\/A\",\"description\":\"Ler faz bem para os neg\u00f3cios\",\"potentialAction\":[{\"@type\":\"SearchAction\",\"target\":{\"@type\":\"EntryPoint\",\"urlTemplate\":\"https:\/\/economiasa.com.br\/blog\/?s={search_term_string}\"},\"query-input\":{\"@type\":\"PropertyValueSpecification\",\"valueRequired\":true,\"valueName\":\"search_term_string\"}}],\"inLanguage\":\"pt-BR\"},{\"@type\":\"Person\",\"@id\":\"https:\/\/economiasa.com.br\/blog\/#\/schema\/person\/14b8ac2dc25bd63b52bc54e845fa3923\",\"name\":\"Reda\u00e7\u00e3o\",\"image\":{\"@type\":\"ImageObject\",\"inLanguage\":\"pt-BR\",\"@id\":\"https:\/\/secure.gravatar.com\/avatar\/c8c795261f7f8547b22616a549577db9e450bd5622da3f6eb62b0e2c3e364c4e?s=96&d=mm&r=g0fb5212bc57e2287787936667fbbe0ff\",\"url\":\"https:\/\/secure.gravatar.com\/avatar\/c8c795261f7f8547b22616a549577db9e450bd5622da3f6eb62b0e2c3e364c4e?s=96&d=mm&r=g\",\"contentUrl\":\"https:\/\/secure.gravatar.com\/avatar\/c8c795261f7f8547b22616a549577db9e450bd5622da3f6eb62b0e2c3e364c4e?s=96&d=mm&r=g\",\"caption\":\"Reda\u00e7\u00e3o\"},\"sameAs\":[\"http:\/\/www.economiasa.com.br\"],\"url\":\"https:\/\/economiasa.com.br\/blog\/author\/redacao\/\"}]}<\/script>\n<!-- \/ Yoast SEO plugin. -->","yoast_head_json":{"title":"Da c\u00e2mera \u00e0 a\u00e7\u00e3o: a vis\u00e3o computacional na ind\u00fastria precisa de contexto operacional - Economia S\/A","robots":{"index":"index","follow":"follow","max-snippet":"max-snippet:-1","max-image-preview":"max-image-preview:large","max-video-preview":"max-video-preview:-1"},"canonical":"https:\/\/economiasa.com.br\/blog\/da-camera-a-acao-a-visao-computacional-na-industria-precisa-de-contexto-operacional\/","og_locale":"pt_BR","og_type":"article","og_title":"Da c\u00e2mera \u00e0 a\u00e7\u00e3o: a vis\u00e3o computacional na ind\u00fastria precisa de contexto operacional - Economia S\/A","og_description":"*Por Andr\u00e9 Sih H\u00e1 anos, o setor de energia, \u00f3leo e g\u00e1s investe massivamente na instala\u00e7\u00e3o de c\u00e2meras de alta resolu\u00e7\u00e3o para...","og_url":"https:\/\/economiasa.com.br\/blog\/da-camera-a-acao-a-visao-computacional-na-industria-precisa-de-contexto-operacional\/","og_site_name":"Economia S\/A","article_published_time":"2026-09-01T23:49:24+00:00","article_modified_time":"2026-09-01T23:49:25+00:00","og_image":[{"width":463,"height":272,"url":"https:\/\/economiasa.com.br\/blog\/wp-content\/uploads\/2026\/09\/Capturar-17.png","type":"image\/png"}],"author":"Reda\u00e7\u00e3o","twitter_card":"summary_large_image","twitter_misc":{"Escrito por":"Reda\u00e7\u00e3o","Est. tempo de leitura":"3 minutos"},"schema":{"@context":"https:\/\/schema.org","@graph":[{"@type":"Article","@id":"https:\/\/economiasa.com.br\/blog\/da-camera-a-acao-a-visao-computacional-na-industria-precisa-de-contexto-operacional\/#article","isPartOf":{"@id":"https:\/\/economiasa.com.br\/blog\/da-camera-a-acao-a-visao-computacional-na-industria-precisa-de-contexto-operacional\/"},"author":{"name":"Reda\u00e7\u00e3o","@id":"https:\/\/economiasa.com.br\/blog\/#\/schema\/person\/14b8ac2dc25bd63b52bc54e845fa3923"},"headline":"Da c\u00e2mera \u00e0 a\u00e7\u00e3o: a vis\u00e3o computacional na ind\u00fastria precisa de contexto operacional","datePublished":"2026-09-01T23:49:24+00:00","dateModified":"2026-09-01T23:49:25+00:00","mainEntityOfPage":{"@id":"https:\/\/economiasa.com.br\/blog\/da-camera-a-acao-a-visao-computacional-na-industria-precisa-de-contexto-operacional\/"},"wordCount":461,"image":{"@id":"https:\/\/economiasa.com.br\/blog\/da-camera-a-acao-a-visao-computacional-na-industria-precisa-de-contexto-operacional\/#primaryimage"},"thumbnailUrl":"https:\/\/economiasa.com.br\/blog\/wp-content\/uploads\/2026\/09\/Capturar-17.png","articleSection":["Tecnologia"],"inLanguage":"pt-BR"},{"@type":"WebPage","@id":"https:\/\/economiasa.com.br\/blog\/da-camera-a-acao-a-visao-computacional-na-industria-precisa-de-contexto-operacional\/","url":"https:\/\/economiasa.com.br\/blog\/da-camera-a-acao-a-visao-computacional-na-industria-precisa-de-contexto-operacional\/","name":"Da c\u00e2mera \u00e0 a\u00e7\u00e3o: a vis\u00e3o computacional na ind\u00fastria precisa de contexto operacional - Economia S\/A","isPartOf":{"@id":"https:\/\/economiasa.com.br\/blog\/#website"},"primaryImageOfPage":{"@id":"https:\/\/economiasa.com.br\/blog\/da-camera-a-acao-a-visao-computacional-na-industria-precisa-de-contexto-operacional\/#primaryimage"},"image":{"@id":"https:\/\/economiasa.com.br\/blog\/da-camera-a-acao-a-visao-computacional-na-industria-precisa-de-contexto-operacional\/#primaryimage"},"thumbnailUrl":"https:\/\/economiasa.com.br\/blog\/wp-content\/uploads\/2026\/09\/Capturar-17.png","datePublished":"2026-09-01T23:49:24+00:00","dateModified":"2026-09-01T23:49:25+00:00","author":{"@id":"https:\/\/economiasa.com.br\/blog\/#\/schema\/person\/14b8ac2dc25bd63b52bc54e845fa3923"},"breadcrumb":{"@id":"https:\/\/economiasa.com.br\/blog\/da-camera-a-acao-a-visao-computacional-na-industria-precisa-de-contexto-operacional\/#breadcrumb"},"inLanguage":"pt-BR","potentialAction":[{"@type":"ReadAction","target":["https:\/\/economiasa.com.br\/blog\/da-camera-a-acao-a-visao-computacional-na-industria-precisa-de-contexto-operacional\/"]}]},{"@type":"ImageObject","inLanguage":"pt-BR","@id":"https:\/\/economiasa.com.br\/blog\/da-camera-a-acao-a-visao-computacional-na-industria-precisa-de-contexto-operacional\/#primaryimage","url":"https:\/\/economiasa.com.br\/blog\/wp-content\/uploads\/2026\/09\/Capturar-17.png","contentUrl":"https:\/\/economiasa.com.br\/blog\/wp-content\/uploads\/2026\/09\/Capturar-17.png","width":463,"height":272,"caption":"Cr\u00e9ditos da foto: Divulga\u00e7\u00e3o"},{"@type":"BreadcrumbList","@id":"https:\/\/economiasa.com.br\/blog\/da-camera-a-acao-a-visao-computacional-na-industria-precisa-de-contexto-operacional\/#breadcrumb","itemListElement":[{"@type":"ListItem","position":1,"name":"In\u00edcio","item":"https:\/\/economiasa.com.br\/blog\/"},{"@type":"ListItem","position":2,"name":"Da c\u00e2mera \u00e0 a\u00e7\u00e3o: a vis\u00e3o computacional na ind\u00fastria precisa de contexto operacional"}]},{"@type":"WebSite","@id":"https:\/\/economiasa.com.br\/blog\/#website","url":"https:\/\/economiasa.com.br\/blog\/","name":"Economia S\/A","description":"Ler faz bem para os neg\u00f3cios","potentialAction":[{"@type":"SearchAction","target":{"@type":"EntryPoint","urlTemplate":"https:\/\/economiasa.com.br\/blog\/?s={search_term_string}"},"query-input":{"@type":"PropertyValueSpecification","valueRequired":true,"valueName":"search_term_string"}}],"inLanguage":"pt-BR"},{"@type":"Person","@id":"https:\/\/economiasa.com.br\/blog\/#\/schema\/person\/14b8ac2dc25bd63b52bc54e845fa3923","name":"Reda\u00e7\u00e3o","image":{"@type":"ImageObject","inLanguage":"pt-BR","@id":"https:\/\/secure.gravatar.com\/avatar\/c8c795261f7f8547b22616a549577db9e450bd5622da3f6eb62b0e2c3e364c4e?s=96&d=mm&r=g0fb5212bc57e2287787936667fbbe0ff","url":"https:\/\/secure.gravatar.com\/avatar\/c8c795261f7f8547b22616a549577db9e450bd5622da3f6eb62b0e2c3e364c4e?s=96&d=mm&r=g","contentUrl":"https:\/\/secure.gravatar.com\/avatar\/c8c795261f7f8547b22616a549577db9e450bd5622da3f6eb62b0e2c3e364c4e?s=96&d=mm&r=g","caption":"Reda\u00e7\u00e3o"},"sameAs":["http:\/\/www.economiasa.com.br"],"url":"https:\/\/economiasa.com.br\/blog\/author\/redacao\/"}]}},"authors":[{"term_id":13248,"user_id":47,"is_guest":0,"slug":"redacao","display_name":"Reda\u00e7\u00e3o","avatar_url":"https:\/\/secure.gravatar.com\/avatar\/c8c795261f7f8547b22616a549577db9e450bd5622da3f6eb62b0e2c3e364c4e?s=96&d=mm&r=g","author_category":"","first_name":"Reda\u00e7\u00e3o","last_name":"","user_url":"http:\/\/www.economiasa.com.br","job_title":"","description":""}],"amp_enabled":true,"_links":{"self":[{"href":"https:\/\/economiasa.com.br\/blog\/wp-json\/wp\/v2\/posts\/84978","targetHints":{"allow":["GET"]}}],"collection":[{"href":"https:\/\/economiasa.com.br\/blog\/wp-json\/wp\/v2\/posts"}],"about":[{"href":"https:\/\/economiasa.com.br\/blog\/wp-json\/wp\/v2\/types\/post"}],"author":[{"embeddable":true,"href":"https:\/\/economiasa.com.br\/blog\/wp-json\/wp\/v2\/users\/47"}],"replies":[{"embeddable":true,"href":"https:\/\/economiasa.com.br\/blog\/wp-json\/wp\/v2\/comments?post=84978"}],"version-history":[{"count":0,"href":"https:\/\/economiasa.com.br\/blog\/wp-json\/wp\/v2\/posts\/84978\/revisions"}],"wp:featuredmedia":[{"embeddable":true,"href":"https:\/\/economiasa.com.br\/blog\/wp-json\/wp\/v2\/media\/84979"}],"wp:attachment":[{"href":"https:\/\/economiasa.com.br\/blog\/wp-json\/wp\/v2\/media?parent=84978"}],"wp:term":[{"taxonomy":"category","embeddable":true,"href":"https:\/\/economiasa.com.br\/blog\/wp-json\/wp\/v2\/categories?post=84978"},{"taxonomy":"post_tag","embeddable":true,"href":"https:\/\/economiasa.com.br\/blog\/wp-json\/wp\/v2\/tags?post=84978"},{"taxonomy":"author","embeddable":true,"href":"https:\/\/economiasa.com.br\/blog\/wp-json\/wp\/v2\/ppma_author?post=84978"}],"curies":[{"name":"wp","href":"https:\/\/api.w.org\/{rel}","templated":true}]}}