{"id":84980,"date":"2026-09-01T20:51:12","date_gmt":"2026-09-01T23:51:12","guid":{"rendered":"https:\/\/economiasa.com.br\/blog\/?p=84980"},"modified":"2026-09-01T20:51:13","modified_gmt":"2026-09-01T23:51:13","slug":"argenta-lanca-bravo-nova-marca-para-ampliar-atuacao-no-centro-oeste-e-sudeste","status":"publish","type":"post","link":"https:\/\/economiasa.com.br\/blog\/argenta-lanca-bravo-nova-marca-para-ampliar-atuacao-no-centro-oeste-e-sudeste\/","title":{"rendered":"ARGENTA lan\u00e7a BRAVO, nova marca para ampliar atua\u00e7\u00e3o no Centro-Oeste e Sudeste"},"content":{"rendered":"\n<p class=\"wp-block-paragraph\"><em>Marca inicia opera\u00e7\u00e3o em Minas Gerais, Goi\u00e1s e Mato Grosso, com mais de 60 postos, com meta de 100 postos ainda em 2026<\/em><\/p>\n\n\n\n<p class=\"wp-block-paragraph\">O avan\u00e7o da ARGENTA no Centro-Oeste e Sudeste e o conhecimento adquirido pela companhia sobre as caracter\u00edsticas do mercado regional deram origem \u00e0 BRAVO, nova marca de distribui\u00e7\u00e3o de combust\u00edveis desenvolvida para ampliar a atua\u00e7\u00e3o do grupo na regi\u00e3o. Com uma proposta baseada em proximidade, confian\u00e7a e parceria com os revendedores, a marca inicia sua opera\u00e7\u00e3o em Minas Gerais, Goi\u00e1s e Mato Grosso.<\/p>\n\n\n\n<p class=\"wp-block-paragraph\">A cria\u00e7\u00e3o da BRAVO parte de uma estrat\u00e9gia de atua\u00e7\u00e3o regional, considerando as particularidades identificadas pela companhia em um mercado conhecido pela for\u00e7a do agroneg\u00f3cio, da log\u00edstica e da circula\u00e7\u00e3o de pessoas e mercadorias. A experi\u00eancia na regi\u00e3o tamb\u00e9m mostrou um perfil de revendedor que valoriza proximidade no relacionamento, agilidade e solu\u00e7\u00f5es capazes de contribuir para a efici\u00eancia e a rentabilidade do neg\u00f3cio.<\/p>\n\n\n\n<p class=\"wp-block-paragraph\">A nova marca combina essa atua\u00e7\u00e3o regional com a estrutura e a experi\u00eancia acumuladas pela ARGENTA em 40 anos no mercado de combust\u00edveis. A proposta \u00e9 construir uma identidade conectada \u00e0s caracter\u00edsticas dos mercados em que estar\u00e1 presente, mantendo como pilares a confian\u00e7a para o consumidor e a parceria com o revendedor.<\/p>\n\n\n\n<p class=\"wp-block-paragraph\">\u201cA BRAVO nasce a partir do conhecimento que acumulamos sobre o mercado de combust\u00edveis e da nossa decis\u00e3o de crescer de maneira pr\u00f3xima aos revendedores. Queremos entender as particularidades de cada regi\u00e3o, construir rela\u00e7\u00f5es de longo prazo e oferecer uma estrutura que contribua efetivamente para o desenvolvimento dos neg\u00f3cios dos nossos parceiros\u201d, afirma Leceandro Martins, Diretor Executivo da BRAVO.<\/p>\n\n\n\n<p class=\"wp-block-paragraph\"><strong>Primeiro posto ser\u00e1 inaugurado em Arax\u00e1<\/strong><\/p>\n\n\n\n<p class=\"wp-block-paragraph\">O primeiro posto com a identidade visual da BRAVO ser\u00e1 inaugurado em 17 de setembro, em Arax\u00e1 (MG), na Avenida Imbiara, 30. A unidade \u00e9 operada pela Rede de Postos 2000 Combust\u00edveis Ltda., parceira da companhia em outras opera\u00e7\u00f5es.<\/p>\n\n\n\n<p class=\"wp-block-paragraph\">A escolha de Arax\u00e1 para marcar a chegada da nova identidade considera as caracter\u00edsticas da cidade, que recebe visitantes ao longo do ano e possui atividade tur\u00edstica associada, entre outros fatores, \u00e0s suas fontes de \u00e1guas minerais. Tamb\u00e9m pesaram na decis\u00e3o a rela\u00e7\u00e3o j\u00e1 estabelecida com o operador e o perfil da unidade, que re\u00fane diferentes servi\u00e7os aos consumidores.<\/p>\n\n\n\n<p class=\"wp-block-paragraph\">Al\u00e9m dos combust\u00edveis, o posto contar\u00e1 com a linha de aditivados da BRAVO, troca de \u00f3leo e loja de conveni\u00eancia Bem Aqui, com op\u00e7\u00f5es de alimenta\u00e7\u00e3o e variedade de vinhos nacionais e importados.<\/p>\n\n\n\n<p class=\"wp-block-paragraph\"><strong>Proposta vai al\u00e9m do fornecimento de combust\u00edveis<\/strong><\/p>\n\n\n\n<p class=\"wp-block-paragraph\">A estrat\u00e9gia da BRAVO prev\u00ea uma rela\u00e7\u00e3o pr\u00f3xima com os revendedores e um conjunto de solu\u00e7\u00f5es voltadas a diferentes frentes da opera\u00e7\u00e3o dos postos. O portf\u00f3lio inclui a linha de combust\u00edveis aditivados BRAVO Plus; a BRAVO Lub, destinada aos servi\u00e7os de lubrifica\u00e7\u00e3o e troca de \u00f3leo; e a Bem Aqui, conceito de loja de conveni\u00eancia voltado \u00e0 amplia\u00e7\u00e3o da oferta de produtos e servi\u00e7os aos consumidores.<\/p>\n\n\n\n<p class=\"wp-block-paragraph\">A marca tamb\u00e9m contar\u00e1 com ferramentas de tecnologia e capacita\u00e7\u00e3o. O BRAVO App foi concebido para apoiar iniciativas de fideliza\u00e7\u00e3o, comunica\u00e7\u00e3o, promo\u00e7\u00f5es e gest\u00e3o baseada em dados. J\u00e1 a BRAVO Conex\u00e3o oferecer\u00e1 treinamento cont\u00ednuo \u00e0s equipes dos postos parceiros.<\/p>\n\n\n\n<p class=\"wp-block-paragraph\">O modelo \u00e9 complementado pelo acompanhamento comercial e operacional e pelo controle de qualidade dos combust\u00edveis. A proposta \u00e9 que a rela\u00e7\u00e3o com o revendedor n\u00e3o se restrinja ao abastecimento, mas inclua suporte para gest\u00e3o, relacionamento com consumidores, capacita\u00e7\u00e3o e desenvolvimento do neg\u00f3cio.<\/p>\n\n\n\n<p class=\"wp-block-paragraph\"><strong>Oito bases sustentam opera\u00e7\u00e3o regional<\/strong><\/p>\n\n\n\n<p class=\"wp-block-paragraph\">A BRAVO inicia sua trajet\u00f3ria apoiada por oito bases de distribui\u00e7\u00e3o localizadas em Uberl\u00e2ndia, Uberaba e Betim, em Minas Gerais; Bras\u00edlia, no Distrito Federal; Senador Canedo e Rio Verde, em Goi\u00e1s; e Barra do Gar\u00e7as e V\u00e1rzea Grande, em Mato Grosso.<\/p>\n\n\n\n<p class=\"wp-block-paragraph\">A estrutura permite manter a opera\u00e7\u00e3o pr\u00f3xima dos mercados atendidos e ampliar a capacidade de planejamento do abastecimento. Associada \u00e0 escala da ARGENTA, contribui para dar previsibilidade ao fornecimento, agilidade operacional e seguran\u00e7a aos revendedores.<\/p>\n\n\n\n<p class=\"wp-block-paragraph\">A BRAVO j\u00e1 nasce com mais de 60 postos e com a estrutura das oito bases de distribui\u00e7\u00e3o incorporada pela ARGENTA a partir da aquisi\u00e7\u00e3o das opera\u00e7\u00f5es de distribui\u00e7\u00e3o de combust\u00edveis da TotalEnergies no Brasil, conclu\u00edda em 2024. Essa presen\u00e7a constitui a base para a expans\u00e3o da nova marca nos mercados definidos como priorit\u00e1rios.<\/p>\n\n\n\n<p class=\"wp-block-paragraph\"><strong>Bravo deve inaugurar 100 postos ainda em 2026<\/strong><\/p>\n\n\n\n<p class=\"wp-block-paragraph\">Em 2026, a estrat\u00e9gia estar\u00e1 concentrada na estrutura\u00e7\u00e3o e consolida\u00e7\u00e3o da BRAVO nos mercados de Minas Gerais, Goi\u00e1s e Mato Grosso e na transi\u00e7\u00e3o, at\u00e9 o fim do ano, dos postos Charrua localizados no Centro-Oeste para a nova identidade.<\/p>\n\n\n\n<p class=\"wp-block-paragraph\">O movimento integra uma organiza\u00e7\u00e3o da atua\u00e7\u00e3o da ARGENTA por regi\u00f5es e perfis de mercado. A Charrua seguir\u00e1 concentrada nos estados do Rio Grande do Sul, Santa Catarina e Paran\u00e1, enquanto a BRAVO ter\u00e1 como foco mercados do Centro-Oeste e do Sudeste.<\/p>\n\n\n\n<p class=\"wp-block-paragraph\">A partir da opera\u00e7\u00e3o inicial, a perspectiva \u00e9 ampliar gradualmente a presen\u00e7a da BRAVO nessas duas regi\u00f5es, com a meta de chegar a 100 postos ainda em 2026. O plano prev\u00ea que a expans\u00e3o ocorra de maneira estruturada, preservando a proximidade com os revendedores e o conhecimento das caracter\u00edsticas de cada mercado.<\/p>\n\n\n\n<p class=\"wp-block-paragraph\">A nova marca passa, assim, a integrar a estrat\u00e9gia de crescimento nacional da ARGENTA no segmento de distribui\u00e7\u00e3o de combust\u00edveis e revenda. Em vez de adotar uma \u00fanica proposta para diferentes mercados, a companhia aposta em marcas e modelos de atua\u00e7\u00e3o alinhados aos perfis dos territ\u00f3rios e dos parceiros atendidos.<\/p>\n\n\n\n<p class=\"wp-block-paragraph\">\u201cEstamos combinando a experi\u00eancia e a escala constru\u00eddas pela ARGENTA ao longo de quatro d\u00e9cadas com uma estrat\u00e9gia capaz de olhar para as caracter\u00edsticas de cada mercado. A BRAVO representa esse movimento e refor\u00e7a nossa vis\u00e3o de crescer de forma consistente, pr\u00f3ximos dos parceiros e com uma perspectiva de longo prazo\u201d, afirma Neco Argenta, presidente da ARGENTA.<\/p>\n","protected":false},"excerpt":{"rendered":"<p>Marca inicia opera\u00e7\u00e3o em Minas Gerais, Goi\u00e1s e Mato Grosso, com mais de 60 postos, com meta de 100 postos ainda em&#8230;<\/p>\n","protected":false},"author":47,"featured_media":84981,"comment_status":"closed","ping_status":"open","sticky":false,"template":"","format":"standard","meta":{"footnotes":""},"categories":[10963],"tags":[],"ppma_author":[13248],"class_list":["post-84980","post","type-post","status-publish","format-standard","has-post-thumbnail","category-franquia"],"yoast_head":"<!-- This site is optimized with the Yoast SEO plugin v27.2 - https:\/\/yoast.com\/product\/yoast-seo-wordpress\/ -->\n<title>ARGENTA lan\u00e7a BRAVO, nova marca para ampliar atua\u00e7\u00e3o no Centro-Oeste e Sudeste - Economia S\/A<\/title>\n<meta name=\"robots\" content=\"index, follow, max-snippet:-1, max-image-preview:large, max-video-preview:-1\" \/>\n<link rel=\"canonical\" href=\"https:\/\/economiasa.com.br\/blog\/argenta-lanca-bravo-nova-marca-para-ampliar-atuacao-no-centro-oeste-e-sudeste\/\" \/>\n<meta property=\"og:locale\" content=\"pt_BR\" \/>\n<meta property=\"og:type\" content=\"article\" \/>\n<meta property=\"og:title\" content=\"ARGENTA lan\u00e7a BRAVO, nova marca para ampliar atua\u00e7\u00e3o no Centro-Oeste e Sudeste - Economia S\/A\" \/>\n<meta property=\"og:description\" content=\"Marca inicia opera\u00e7\u00e3o em Minas Gerais, Goi\u00e1s e Mato Grosso, com mais de 60 postos, com meta de 100 postos ainda em...\" \/>\n<meta property=\"og:url\" content=\"https:\/\/economiasa.com.br\/blog\/argenta-lanca-bravo-nova-marca-para-ampliar-atuacao-no-centro-oeste-e-sudeste\/\" \/>\n<meta property=\"og:site_name\" content=\"Economia S\/A\" \/>\n<meta property=\"article:published_time\" content=\"2026-09-01T23:51:12+00:00\" \/>\n<meta property=\"article:modified_time\" content=\"2026-09-01T23:51:13+00:00\" \/>\n<meta property=\"og:image\" content=\"https:\/\/economiasa.com.br\/blog\/wp-content\/uploads\/2026\/09\/Bravo-red-.jpg\" \/>\n\t<meta property=\"og:image:width\" content=\"900\" \/>\n\t<meta property=\"og:image:height\" content=\"639\" \/>\n\t<meta property=\"og:image:type\" content=\"image\/jpeg\" \/>\n<meta name=\"author\" content=\"Reda\u00e7\u00e3o\" \/>\n<meta name=\"twitter:card\" content=\"summary_large_image\" \/>\n<meta name=\"twitter:label1\" content=\"Escrito por\" \/>\n\t<meta name=\"twitter:data1\" content=\"Reda\u00e7\u00e3o\" \/>\n\t<meta name=\"twitter:label2\" content=\"Est. tempo de leitura\" \/>\n\t<meta name=\"twitter:data2\" content=\"6 minutos\" \/>\n<script type=\"application\/ld+json\" class=\"yoast-schema-graph\">{\"@context\":\"https:\/\/schema.org\",\"@graph\":[{\"@type\":\"Article\",\"@id\":\"https:\/\/economiasa.com.br\/blog\/argenta-lanca-bravo-nova-marca-para-ampliar-atuacao-no-centro-oeste-e-sudeste\/#article\",\"isPartOf\":{\"@id\":\"https:\/\/economiasa.com.br\/blog\/argenta-lanca-bravo-nova-marca-para-ampliar-atuacao-no-centro-oeste-e-sudeste\/\"},\"author\":{\"name\":\"Reda\u00e7\u00e3o\",\"@id\":\"https:\/\/economiasa.com.br\/blog\/#\/schema\/person\/14b8ac2dc25bd63b52bc54e845fa3923\"},\"headline\":\"ARGENTA lan\u00e7a BRAVO, nova marca para ampliar atua\u00e7\u00e3o no Centro-Oeste e Sudeste\",\"datePublished\":\"2026-09-01T23:51:12+00:00\",\"dateModified\":\"2026-09-01T23:51:13+00:00\",\"mainEntityOfPage\":{\"@id\":\"https:\/\/economiasa.com.br\/blog\/argenta-lanca-bravo-nova-marca-para-ampliar-atuacao-no-centro-oeste-e-sudeste\/\"},\"wordCount\":1050,\"image\":{\"@id\":\"https:\/\/economiasa.com.br\/blog\/argenta-lanca-bravo-nova-marca-para-ampliar-atuacao-no-centro-oeste-e-sudeste\/#primaryimage\"},\"thumbnailUrl\":\"https:\/\/economiasa.com.br\/blog\/wp-content\/uploads\/2026\/09\/Bravo-red-.jpg\",\"articleSection\":[\"Franquia\"],\"inLanguage\":\"pt-BR\"},{\"@type\":\"WebPage\",\"@id\":\"https:\/\/economiasa.com.br\/blog\/argenta-lanca-bravo-nova-marca-para-ampliar-atuacao-no-centro-oeste-e-sudeste\/\",\"url\":\"https:\/\/economiasa.com.br\/blog\/argenta-lanca-bravo-nova-marca-para-ampliar-atuacao-no-centro-oeste-e-sudeste\/\",\"name\":\"ARGENTA lan\u00e7a BRAVO, nova marca para ampliar atua\u00e7\u00e3o no Centro-Oeste e Sudeste - Economia S\/A\",\"isPartOf\":{\"@id\":\"https:\/\/economiasa.com.br\/blog\/#website\"},\"primaryImageOfPage\":{\"@id\":\"https:\/\/economiasa.com.br\/blog\/argenta-lanca-bravo-nova-marca-para-ampliar-atuacao-no-centro-oeste-e-sudeste\/#primaryimage\"},\"image\":{\"@id\":\"https:\/\/economiasa.com.br\/blog\/argenta-lanca-bravo-nova-marca-para-ampliar-atuacao-no-centro-oeste-e-sudeste\/#primaryimage\"},\"thumbnailUrl\":\"https:\/\/economiasa.com.br\/blog\/wp-content\/uploads\/2026\/09\/Bravo-red-.jpg\",\"datePublished\":\"2026-09-01T23:51:12+00:00\",\"dateModified\":\"2026-09-01T23:51:13+00:00\",\"author\":{\"@id\":\"https:\/\/economiasa.com.br\/blog\/#\/schema\/person\/14b8ac2dc25bd63b52bc54e845fa3923\"},\"breadcrumb\":{\"@id\":\"https:\/\/economiasa.com.br\/blog\/argenta-lanca-bravo-nova-marca-para-ampliar-atuacao-no-centro-oeste-e-sudeste\/#breadcrumb\"},\"inLanguage\":\"pt-BR\",\"potentialAction\":[{\"@type\":\"ReadAction\",\"target\":[\"https:\/\/economiasa.com.br\/blog\/argenta-lanca-bravo-nova-marca-para-ampliar-atuacao-no-centro-oeste-e-sudeste\/\"]}]},{\"@type\":\"ImageObject\",\"inLanguage\":\"pt-BR\",\"@id\":\"https:\/\/economiasa.com.br\/blog\/argenta-lanca-bravo-nova-marca-para-ampliar-atuacao-no-centro-oeste-e-sudeste\/#primaryimage\",\"url\":\"https:\/\/economiasa.com.br\/blog\/wp-content\/uploads\/2026\/09\/Bravo-red-.jpg\",\"contentUrl\":\"https:\/\/economiasa.com.br\/blog\/wp-content\/uploads\/2026\/09\/Bravo-red-.jpg\",\"width\":900,\"height\":639,\"caption\":\"Mockup digital do projeto \/ Divulga\u00e7\u00e3o ARGENTA\"},{\"@type\":\"BreadcrumbList\",\"@id\":\"https:\/\/economiasa.com.br\/blog\/argenta-lanca-bravo-nova-marca-para-ampliar-atuacao-no-centro-oeste-e-sudeste\/#breadcrumb\",\"itemListElement\":[{\"@type\":\"ListItem\",\"position\":1,\"name\":\"In\u00edcio\",\"item\":\"https:\/\/economiasa.com.br\/blog\/\"},{\"@type\":\"ListItem\",\"position\":2,\"name\":\"ARGENTA lan\u00e7a BRAVO, nova marca para ampliar atua\u00e7\u00e3o no Centro-Oeste e Sudeste\"}]},{\"@type\":\"WebSite\",\"@id\":\"https:\/\/economiasa.com.br\/blog\/#website\",\"url\":\"https:\/\/economiasa.com.br\/blog\/\",\"name\":\"Economia S\/A\",\"description\":\"Ler faz bem para os neg\u00f3cios\",\"potentialAction\":[{\"@type\":\"SearchAction\",\"target\":{\"@type\":\"EntryPoint\",\"urlTemplate\":\"https:\/\/economiasa.com.br\/blog\/?s={search_term_string}\"},\"query-input\":{\"@type\":\"PropertyValueSpecification\",\"valueRequired\":true,\"valueName\":\"search_term_string\"}}],\"inLanguage\":\"pt-BR\"},{\"@type\":\"Person\",\"@id\":\"https:\/\/economiasa.com.br\/blog\/#\/schema\/person\/14b8ac2dc25bd63b52bc54e845fa3923\",\"name\":\"Reda\u00e7\u00e3o\",\"image\":{\"@type\":\"ImageObject\",\"inLanguage\":\"pt-BR\",\"@id\":\"https:\/\/secure.gravatar.com\/avatar\/c8c795261f7f8547b22616a549577db9e450bd5622da3f6eb62b0e2c3e364c4e?s=96&d=mm&r=g0fb5212bc57e2287787936667fbbe0ff\",\"url\":\"https:\/\/secure.gravatar.com\/avatar\/c8c795261f7f8547b22616a549577db9e450bd5622da3f6eb62b0e2c3e364c4e?s=96&d=mm&r=g\",\"contentUrl\":\"https:\/\/secure.gravatar.com\/avatar\/c8c795261f7f8547b22616a549577db9e450bd5622da3f6eb62b0e2c3e364c4e?s=96&d=mm&r=g\",\"caption\":\"Reda\u00e7\u00e3o\"},\"sameAs\":[\"http:\/\/www.economiasa.com.br\"],\"url\":\"https:\/\/economiasa.com.br\/blog\/author\/redacao\/\"}]}<\/script>\n<!-- \/ Yoast SEO plugin. -->","yoast_head_json":{"title":"ARGENTA lan\u00e7a BRAVO, nova marca para ampliar atua\u00e7\u00e3o no Centro-Oeste e Sudeste - Economia S\/A","robots":{"index":"index","follow":"follow","max-snippet":"max-snippet:-1","max-image-preview":"max-image-preview:large","max-video-preview":"max-video-preview:-1"},"canonical":"https:\/\/economiasa.com.br\/blog\/argenta-lanca-bravo-nova-marca-para-ampliar-atuacao-no-centro-oeste-e-sudeste\/","og_locale":"pt_BR","og_type":"article","og_title":"ARGENTA lan\u00e7a BRAVO, nova marca para ampliar atua\u00e7\u00e3o no Centro-Oeste e Sudeste - Economia S\/A","og_description":"Marca inicia opera\u00e7\u00e3o em Minas Gerais, Goi\u00e1s e Mato Grosso, com mais de 60 postos, com meta de 100 postos ainda em...","og_url":"https:\/\/economiasa.com.br\/blog\/argenta-lanca-bravo-nova-marca-para-ampliar-atuacao-no-centro-oeste-e-sudeste\/","og_site_name":"Economia S\/A","article_published_time":"2026-09-01T23:51:12+00:00","article_modified_time":"2026-09-01T23:51:13+00:00","og_image":[{"width":900,"height":639,"url":"https:\/\/economiasa.com.br\/blog\/wp-content\/uploads\/2026\/09\/Bravo-red-.jpg","type":"image\/jpeg"}],"author":"Reda\u00e7\u00e3o","twitter_card":"summary_large_image","twitter_misc":{"Escrito por":"Reda\u00e7\u00e3o","Est. tempo de leitura":"6 minutos"},"schema":{"@context":"https:\/\/schema.org","@graph":[{"@type":"Article","@id":"https:\/\/economiasa.com.br\/blog\/argenta-lanca-bravo-nova-marca-para-ampliar-atuacao-no-centro-oeste-e-sudeste\/#article","isPartOf":{"@id":"https:\/\/economiasa.com.br\/blog\/argenta-lanca-bravo-nova-marca-para-ampliar-atuacao-no-centro-oeste-e-sudeste\/"},"author":{"name":"Reda\u00e7\u00e3o","@id":"https:\/\/economiasa.com.br\/blog\/#\/schema\/person\/14b8ac2dc25bd63b52bc54e845fa3923"},"headline":"ARGENTA lan\u00e7a BRAVO, nova marca para ampliar atua\u00e7\u00e3o no Centro-Oeste e Sudeste","datePublished":"2026-09-01T23:51:12+00:00","dateModified":"2026-09-01T23:51:13+00:00","mainEntityOfPage":{"@id":"https:\/\/economiasa.com.br\/blog\/argenta-lanca-bravo-nova-marca-para-ampliar-atuacao-no-centro-oeste-e-sudeste\/"},"wordCount":1050,"image":{"@id":"https:\/\/economiasa.com.br\/blog\/argenta-lanca-bravo-nova-marca-para-ampliar-atuacao-no-centro-oeste-e-sudeste\/#primaryimage"},"thumbnailUrl":"https:\/\/economiasa.com.br\/blog\/wp-content\/uploads\/2026\/09\/Bravo-red-.jpg","articleSection":["Franquia"],"inLanguage":"pt-BR"},{"@type":"WebPage","@id":"https:\/\/economiasa.com.br\/blog\/argenta-lanca-bravo-nova-marca-para-ampliar-atuacao-no-centro-oeste-e-sudeste\/","url":"https:\/\/economiasa.com.br\/blog\/argenta-lanca-bravo-nova-marca-para-ampliar-atuacao-no-centro-oeste-e-sudeste\/","name":"ARGENTA lan\u00e7a BRAVO, nova marca para ampliar atua\u00e7\u00e3o no Centro-Oeste e Sudeste - Economia S\/A","isPartOf":{"@id":"https:\/\/economiasa.com.br\/blog\/#website"},"primaryImageOfPage":{"@id":"https:\/\/economiasa.com.br\/blog\/argenta-lanca-bravo-nova-marca-para-ampliar-atuacao-no-centro-oeste-e-sudeste\/#primaryimage"},"image":{"@id":"https:\/\/economiasa.com.br\/blog\/argenta-lanca-bravo-nova-marca-para-ampliar-atuacao-no-centro-oeste-e-sudeste\/#primaryimage"},"thumbnailUrl":"https:\/\/economiasa.com.br\/blog\/wp-content\/uploads\/2026\/09\/Bravo-red-.jpg","datePublished":"2026-09-01T23:51:12+00:00","dateModified":"2026-09-01T23:51:13+00:00","author":{"@id":"https:\/\/economiasa.com.br\/blog\/#\/schema\/person\/14b8ac2dc25bd63b52bc54e845fa3923"},"breadcrumb":{"@id":"https:\/\/economiasa.com.br\/blog\/argenta-lanca-bravo-nova-marca-para-ampliar-atuacao-no-centro-oeste-e-sudeste\/#breadcrumb"},"inLanguage":"pt-BR","potentialAction":[{"@type":"ReadAction","target":["https:\/\/economiasa.com.br\/blog\/argenta-lanca-bravo-nova-marca-para-ampliar-atuacao-no-centro-oeste-e-sudeste\/"]}]},{"@type":"ImageObject","inLanguage":"pt-BR","@id":"https:\/\/economiasa.com.br\/blog\/argenta-lanca-bravo-nova-marca-para-ampliar-atuacao-no-centro-oeste-e-sudeste\/#primaryimage","url":"https:\/\/economiasa.com.br\/blog\/wp-content\/uploads\/2026\/09\/Bravo-red-.jpg","contentUrl":"https:\/\/economiasa.com.br\/blog\/wp-content\/uploads\/2026\/09\/Bravo-red-.jpg","width":900,"height":639,"caption":"Mockup digital do projeto \/ Divulga\u00e7\u00e3o ARGENTA"},{"@type":"BreadcrumbList","@id":"https:\/\/economiasa.com.br\/blog\/argenta-lanca-bravo-nova-marca-para-ampliar-atuacao-no-centro-oeste-e-sudeste\/#breadcrumb","itemListElement":[{"@type":"ListItem","position":1,"name":"In\u00edcio","item":"https:\/\/economiasa.com.br\/blog\/"},{"@type":"ListItem","position":2,"name":"ARGENTA lan\u00e7a BRAVO, nova marca para ampliar atua\u00e7\u00e3o no Centro-Oeste e Sudeste"}]},{"@type":"WebSite","@id":"https:\/\/economiasa.com.br\/blog\/#website","url":"https:\/\/economiasa.com.br\/blog\/","name":"Economia S\/A","description":"Ler faz bem para os neg\u00f3cios","potentialAction":[{"@type":"SearchAction","target":{"@type":"EntryPoint","urlTemplate":"https:\/\/economiasa.com.br\/blog\/?s={search_term_string}"},"query-input":{"@type":"PropertyValueSpecification","valueRequired":true,"valueName":"search_term_string"}}],"inLanguage":"pt-BR"},{"@type":"Person","@id":"https:\/\/economiasa.com.br\/blog\/#\/schema\/person\/14b8ac2dc25bd63b52bc54e845fa3923","name":"Reda\u00e7\u00e3o","image":{"@type":"ImageObject","inLanguage":"pt-BR","@id":"https:\/\/secure.gravatar.com\/avatar\/c8c795261f7f8547b22616a549577db9e450bd5622da3f6eb62b0e2c3e364c4e?s=96&d=mm&r=g0fb5212bc57e2287787936667fbbe0ff","url":"https:\/\/secure.gravatar.com\/avatar\/c8c795261f7f8547b22616a549577db9e450bd5622da3f6eb62b0e2c3e364c4e?s=96&d=mm&r=g","contentUrl":"https:\/\/secure.gravatar.com\/avatar\/c8c795261f7f8547b22616a549577db9e450bd5622da3f6eb62b0e2c3e364c4e?s=96&d=mm&r=g","caption":"Reda\u00e7\u00e3o"},"sameAs":["http:\/\/www.economiasa.com.br"],"url":"https:\/\/economiasa.com.br\/blog\/author\/redacao\/"}]}},"authors":[{"term_id":13248,"user_id":47,"is_guest":0,"slug":"redacao","display_name":"Reda\u00e7\u00e3o","avatar_url":"https:\/\/secure.gravatar.com\/avatar\/c8c795261f7f8547b22616a549577db9e450bd5622da3f6eb62b0e2c3e364c4e?s=96&d=mm&r=g","author_category":"","first_name":"Reda\u00e7\u00e3o","last_name":"","user_url":"http:\/\/www.economiasa.com.br","job_title":"","description":""}],"amp_enabled":true,"_links":{"self":[{"href":"https:\/\/economiasa.com.br\/blog\/wp-json\/wp\/v2\/posts\/84980","targetHints":{"allow":["GET"]}}],"collection":[{"href":"https:\/\/economiasa.com.br\/blog\/wp-json\/wp\/v2\/posts"}],"about":[{"href":"https:\/\/economiasa.com.br\/blog\/wp-json\/wp\/v2\/types\/post"}],"author":[{"embeddable":true,"href":"https:\/\/economiasa.com.br\/blog\/wp-json\/wp\/v2\/users\/47"}],"replies":[{"embeddable":true,"href":"https:\/\/economiasa.com.br\/blog\/wp-json\/wp\/v2\/comments?post=84980"}],"version-history":[{"count":0,"href":"https:\/\/economiasa.com.br\/blog\/wp-json\/wp\/v2\/posts\/84980\/revisions"}],"wp:featuredmedia":[{"embeddable":true,"href":"https:\/\/economiasa.com.br\/blog\/wp-json\/wp\/v2\/media\/84981"}],"wp:attachment":[{"href":"https:\/\/economiasa.com.br\/blog\/wp-json\/wp\/v2\/media?parent=84980"}],"wp:term":[{"taxonomy":"category","embeddable":true,"href":"https:\/\/economiasa.com.br\/blog\/wp-json\/wp\/v2\/categories?post=84980"},{"taxonomy":"post_tag","embeddable":true,"href":"https:\/\/economiasa.com.br\/blog\/wp-json\/wp\/v2\/tags?post=84980"},{"taxonomy":"author","embeddable":true,"href":"https:\/\/economiasa.com.br\/blog\/wp-json\/wp\/v2\/ppma_author?post=84980"}],"curies":[{"name":"wp","href":"https:\/\/api.w.org\/{rel}","templated":true}]}}