{"id":84986,"date":"2026-09-01T20:55:38","date_gmt":"2026-09-01T23:55:38","guid":{"rendered":"https:\/\/economiasa.com.br\/blog\/?p=84986"},"modified":"2026-09-01T20:55:39","modified_gmt":"2026-09-01T23:55:39","slug":"por-que-grandes-varejistas-estao-entrando-em-recuperacao-judicial","status":"publish","type":"post","link":"https:\/\/economiasa.com.br\/blog\/por-que-grandes-varejistas-estao-entrando-em-recuperacao-judicial\/","title":{"rendered":"Por que grandes varejistas est\u00e3o entrando em recupera\u00e7\u00e3o judicial?"},"content":{"rendered":"\n<p class=\"wp-block-paragraph\"><em>Casas Bahia e Marabraz se somam a uma lista de redes que enfrentam dificuldades para equilibrar d\u00edvidas, custos e fluxo de Caixa. Especialista explica os fatores por tr\u00e1s da crise<\/em><\/p>\n\n\n\n<p class=\"wp-block-paragraph\"><em>\u200b<\/em><\/p>\n\n\n\n<p class=\"wp-block-paragraph\">A Braskem protocolou recentemente um pedido de recupera\u00e7\u00e3o extrajudicial para reestruturar cerca de R$ 56 bilh\u00f5es em d\u00edvidas. Na semana passada duas importantes empresas do varejo nacional recorreram \u00e0 recupera\u00e7\u00e3o judicial: a Casas Bahia, para reestruturar d\u00edvidas de R$ 17 bilh\u00f5es, e a Marabraz, com um passivo de R$ 140 milh\u00f5es. S\u00e3o empresas que se somam a outras grandes redes que buscaram recupera\u00e7\u00f5es judiciais ou extrajudiciais nos \u00faltimos anos: Tok&Stok, Grupo P\u00e3o de A\u00e7\u00facar, Grupo Dia, St. Marche, entre outros. O especialista em direito tribut\u00e1rio pela Funda\u00e7\u00e3o Get\u00falio Vargas (FGV), Fabr\u00edcio Tonegutti, explica como redes que vendem tanto podem entrar em uma crise t\u00e3o grave.<\/p>\n\n\n\n<p class=\"wp-block-paragraph\">\u201cO faturamento alto n\u00e3o significa necessariamente lucro alto. O varejo trabalha com margens muito pequenas. Nos supermercados, por exemplo, a margem l\u00edquida m\u00e9dia \u00e9 de 2,9%. Em cada R$ 100 vendidos, sobram menos de R$ 3 depois do pagamento das despesas. Por isso, qualquer aumento de energia, aluguel, sal\u00e1rios, transporte ou pre\u00e7o dos fornecedores pode consumir rapidamente esse lucro. A empresa tenta repassar a alta, mas o varejista muitas vezes n\u00e3o criou esse aumento. Ele \u00e9 apenas a \u00faltima ponta da cadeia a dar a m\u00e1 not\u00edcia ao consumidor. E existe um limite: se repassar tudo, pode perder vendas. Se n\u00e3o repassar, perde margem.\u201d, pontua o diretor da Mix Fiscal, empresa com 20 anos de experi\u00eancia em intelig\u00eancia tribut\u00e1ria para o varejo.<\/p>\n\n\n\n<p class=\"wp-block-paragraph\">O profissional ainda esclarece o motivo da situa\u00e7\u00e3o ter ficado mais grave justamente agora. \u201cOs juros altos apertam os dois lados do balc\u00e3o. Para a empresa, fica mais caro financiar estoque, capital de giro e d\u00edvidas antigas. Para o consumidor, as presta\u00e7\u00f5es tamb\u00e9m ficam mais pesadas. Mesmo depois da recente redu\u00e7\u00e3o, a Selic ainda est\u00e1 em 14% ao ano. Ao mesmo tempo, 82% das fam\u00edlias brasileiras possuem algum tipo de d\u00edvida. Isso n\u00e3o significa que todas estejam inadimplentes, mas mostra que boa parte da renda j\u00e1 est\u00e1 comprometida. Quase 30% t\u00eam contas atrasadas. Forma-se, ent\u00e3o, um cabo de guerra: de um lado, custos e juros empurrando os pre\u00e7os para cima; do outro, um consumidor dizendo que n\u00e3o consegue pagar mais. As empresas mais endividadas, com muitas lojas e custos fixos elevados, s\u00e3o as primeiras a perder o f\u00f4lego\u201d, afirma Fabr\u00edcio.<\/p>\n\n\n\n<p class=\"wp-block-paragraph\">Quando uma empresa pede recupera\u00e7\u00e3o judicial, n\u00e3o significa que ela quebrou. \u201cRecupera\u00e7\u00e3o judicial n\u00e3o \u00e9 fal\u00eancia. \u00c9 uma tentativa de evitar a fal\u00eancia. A empresa procura a Justi\u00e7a para negociar d\u00edvidas e continuar funcionando. Casas Bahia e Marabraz apresentaram pedidos. Tok&Stok e Mobly j\u00e1 tiveram o processamento autorizado. Mas recupera\u00e7\u00e3o \u00e9 uma oportunidade, n\u00e3o uma garantia. O Dia fechou centenas de lojas, reorganizou sua opera\u00e7\u00e3o e conseguiu encerrar a recupera\u00e7\u00e3o judicial. J\u00e1 a Livraria Cultura n\u00e3o conseguiu se recuperar e encerrou as atividades. Para o consumidor, a orienta\u00e7\u00e3o \u00e9 simples: n\u00e3o deixe de pagar parcelas ou carn\u00eas por causa da recupera\u00e7\u00e3o judicial. Se o produto ainda n\u00e3o chegou, acompanhe o prazo e guarde nota fiscal, comprovantes e protocolos. Os direitos de entrega, troca e garantia continuam valendo. E qualquer pagamento ou renegocia\u00e7\u00e3o deve ser feito somente pelos canais oficiais, porque momentos como esse tamb\u00e9m s\u00e3o utilizados para aplicar golpes.\u201d, ressalta Tonegutti.<\/p>\n","protected":false},"excerpt":{"rendered":"<p>Casas Bahia e Marabraz se somam a uma lista de redes que enfrentam dificuldades para equilibrar d\u00edvidas, custos e fluxo de Caixa&#8230;.<\/p>\n","protected":false},"author":47,"featured_media":83904,"comment_status":"closed","ping_status":"open","sticky":false,"template":"","format":"standard","meta":{"footnotes":""},"categories":[8806],"tags":[],"ppma_author":[13248],"class_list":["post-84986","post","type-post","status-publish","format-standard","has-post-thumbnail","category-vendas"],"yoast_head":"<!-- This site is optimized with the Yoast SEO plugin v27.2 - https:\/\/yoast.com\/product\/yoast-seo-wordpress\/ -->\n<title>Por que grandes varejistas est\u00e3o entrando em recupera\u00e7\u00e3o judicial? - Economia S\/A<\/title>\n<meta name=\"robots\" content=\"index, follow, max-snippet:-1, max-image-preview:large, max-video-preview:-1\" \/>\n<link rel=\"canonical\" href=\"https:\/\/economiasa.com.br\/blog\/por-que-grandes-varejistas-estao-entrando-em-recuperacao-judicial\/\" \/>\n<meta property=\"og:locale\" content=\"pt_BR\" \/>\n<meta property=\"og:type\" content=\"article\" \/>\n<meta property=\"og:title\" content=\"Por que grandes varejistas est\u00e3o entrando em recupera\u00e7\u00e3o judicial? - Economia S\/A\" \/>\n<meta property=\"og:description\" content=\"Casas Bahia e Marabraz se somam a uma lista de redes que enfrentam dificuldades para equilibrar d\u00edvidas, custos e fluxo de Caixa....\" \/>\n<meta property=\"og:url\" content=\"https:\/\/economiasa.com.br\/blog\/por-que-grandes-varejistas-estao-entrando-em-recuperacao-judicial\/\" \/>\n<meta property=\"og:site_name\" content=\"Economia S\/A\" \/>\n<meta property=\"article:published_time\" content=\"2026-09-01T23:55:38+00:00\" \/>\n<meta property=\"article:modified_time\" content=\"2026-09-01T23:55:39+00:00\" \/>\n<meta property=\"og:image\" content=\"https:\/\/economiasa.com.br\/blog\/wp-content\/uploads\/2026\/08\/Capturar-106.png\" \/>\n\t<meta property=\"og:image:width\" content=\"768\" \/>\n\t<meta property=\"og:image:height\" content=\"508\" \/>\n\t<meta property=\"og:image:type\" content=\"image\/png\" \/>\n<meta name=\"author\" content=\"Reda\u00e7\u00e3o\" \/>\n<meta name=\"twitter:card\" content=\"summary_large_image\" \/>\n<meta name=\"twitter:label1\" content=\"Escrito por\" \/>\n\t<meta name=\"twitter:data1\" content=\"Reda\u00e7\u00e3o\" \/>\n\t<meta name=\"twitter:label2\" content=\"Est. tempo de leitura\" \/>\n\t<meta name=\"twitter:data2\" content=\"4 minutos\" \/>\n<script type=\"application\/ld+json\" class=\"yoast-schema-graph\">{\"@context\":\"https:\/\/schema.org\",\"@graph\":[{\"@type\":\"Article\",\"@id\":\"https:\/\/economiasa.com.br\/blog\/por-que-grandes-varejistas-estao-entrando-em-recuperacao-judicial\/#article\",\"isPartOf\":{\"@id\":\"https:\/\/economiasa.com.br\/blog\/por-que-grandes-varejistas-estao-entrando-em-recuperacao-judicial\/\"},\"author\":{\"name\":\"Reda\u00e7\u00e3o\",\"@id\":\"https:\/\/economiasa.com.br\/blog\/#\/schema\/person\/14b8ac2dc25bd63b52bc54e845fa3923\"},\"headline\":\"Por que grandes varejistas est\u00e3o entrando em recupera\u00e7\u00e3o judicial?\",\"datePublished\":\"2026-09-01T23:55:38+00:00\",\"dateModified\":\"2026-09-01T23:55:39+00:00\",\"mainEntityOfPage\":{\"@id\":\"https:\/\/economiasa.com.br\/blog\/por-que-grandes-varejistas-estao-entrando-em-recuperacao-judicial\/\"},\"wordCount\":612,\"image\":{\"@id\":\"https:\/\/economiasa.com.br\/blog\/por-que-grandes-varejistas-estao-entrando-em-recuperacao-judicial\/#primaryimage\"},\"thumbnailUrl\":\"https:\/\/economiasa.com.br\/blog\/wp-content\/uploads\/2026\/08\/Capturar-106.png\",\"articleSection\":[\"Vendas\"],\"inLanguage\":\"pt-BR\"},{\"@type\":\"WebPage\",\"@id\":\"https:\/\/economiasa.com.br\/blog\/por-que-grandes-varejistas-estao-entrando-em-recuperacao-judicial\/\",\"url\":\"https:\/\/economiasa.com.br\/blog\/por-que-grandes-varejistas-estao-entrando-em-recuperacao-judicial\/\",\"name\":\"Por que grandes varejistas est\u00e3o entrando em recupera\u00e7\u00e3o judicial? - Economia S\/A\",\"isPartOf\":{\"@id\":\"https:\/\/economiasa.com.br\/blog\/#website\"},\"primaryImageOfPage\":{\"@id\":\"https:\/\/economiasa.com.br\/blog\/por-que-grandes-varejistas-estao-entrando-em-recuperacao-judicial\/#primaryimage\"},\"image\":{\"@id\":\"https:\/\/economiasa.com.br\/blog\/por-que-grandes-varejistas-estao-entrando-em-recuperacao-judicial\/#primaryimage\"},\"thumbnailUrl\":\"https:\/\/economiasa.com.br\/blog\/wp-content\/uploads\/2026\/08\/Capturar-106.png\",\"datePublished\":\"2026-09-01T23:55:38+00:00\",\"dateModified\":\"2026-09-01T23:55:39+00:00\",\"author\":{\"@id\":\"https:\/\/economiasa.com.br\/blog\/#\/schema\/person\/14b8ac2dc25bd63b52bc54e845fa3923\"},\"breadcrumb\":{\"@id\":\"https:\/\/economiasa.com.br\/blog\/por-que-grandes-varejistas-estao-entrando-em-recuperacao-judicial\/#breadcrumb\"},\"inLanguage\":\"pt-BR\",\"potentialAction\":[{\"@type\":\"ReadAction\",\"target\":[\"https:\/\/economiasa.com.br\/blog\/por-que-grandes-varejistas-estao-entrando-em-recuperacao-judicial\/\"]}]},{\"@type\":\"ImageObject\",\"inLanguage\":\"pt-BR\",\"@id\":\"https:\/\/economiasa.com.br\/blog\/por-que-grandes-varejistas-estao-entrando-em-recuperacao-judicial\/#primaryimage\",\"url\":\"https:\/\/economiasa.com.br\/blog\/wp-content\/uploads\/2026\/08\/Capturar-106.png\",\"contentUrl\":\"https:\/\/economiasa.com.br\/blog\/wp-content\/uploads\/2026\/08\/Capturar-106.png\",\"width\":768,\"height\":508,\"caption\":\"Fabr\u00edcio Tonegutti - Cr\u00e9ditos da foto: Divulga\u00e7\u00e3o\"},{\"@type\":\"BreadcrumbList\",\"@id\":\"https:\/\/economiasa.com.br\/blog\/por-que-grandes-varejistas-estao-entrando-em-recuperacao-judicial\/#breadcrumb\",\"itemListElement\":[{\"@type\":\"ListItem\",\"position\":1,\"name\":\"In\u00edcio\",\"item\":\"https:\/\/economiasa.com.br\/blog\/\"},{\"@type\":\"ListItem\",\"position\":2,\"name\":\"Por que grandes varejistas est\u00e3o entrando em recupera\u00e7\u00e3o judicial?\"}]},{\"@type\":\"WebSite\",\"@id\":\"https:\/\/economiasa.com.br\/blog\/#website\",\"url\":\"https:\/\/economiasa.com.br\/blog\/\",\"name\":\"Economia S\/A\",\"description\":\"Ler faz bem para os neg\u00f3cios\",\"potentialAction\":[{\"@type\":\"SearchAction\",\"target\":{\"@type\":\"EntryPoint\",\"urlTemplate\":\"https:\/\/economiasa.com.br\/blog\/?s={search_term_string}\"},\"query-input\":{\"@type\":\"PropertyValueSpecification\",\"valueRequired\":true,\"valueName\":\"search_term_string\"}}],\"inLanguage\":\"pt-BR\"},{\"@type\":\"Person\",\"@id\":\"https:\/\/economiasa.com.br\/blog\/#\/schema\/person\/14b8ac2dc25bd63b52bc54e845fa3923\",\"name\":\"Reda\u00e7\u00e3o\",\"image\":{\"@type\":\"ImageObject\",\"inLanguage\":\"pt-BR\",\"@id\":\"https:\/\/secure.gravatar.com\/avatar\/c8c795261f7f8547b22616a549577db9e450bd5622da3f6eb62b0e2c3e364c4e?s=96&d=mm&r=g0fb5212bc57e2287787936667fbbe0ff\",\"url\":\"https:\/\/secure.gravatar.com\/avatar\/c8c795261f7f8547b22616a549577db9e450bd5622da3f6eb62b0e2c3e364c4e?s=96&d=mm&r=g\",\"contentUrl\":\"https:\/\/secure.gravatar.com\/avatar\/c8c795261f7f8547b22616a549577db9e450bd5622da3f6eb62b0e2c3e364c4e?s=96&d=mm&r=g\",\"caption\":\"Reda\u00e7\u00e3o\"},\"sameAs\":[\"http:\/\/www.economiasa.com.br\"],\"url\":\"https:\/\/economiasa.com.br\/blog\/author\/redacao\/\"}]}<\/script>\n<!-- \/ Yoast SEO plugin. -->","yoast_head_json":{"title":"Por que grandes varejistas est\u00e3o entrando em recupera\u00e7\u00e3o judicial? - Economia S\/A","robots":{"index":"index","follow":"follow","max-snippet":"max-snippet:-1","max-image-preview":"max-image-preview:large","max-video-preview":"max-video-preview:-1"},"canonical":"https:\/\/economiasa.com.br\/blog\/por-que-grandes-varejistas-estao-entrando-em-recuperacao-judicial\/","og_locale":"pt_BR","og_type":"article","og_title":"Por que grandes varejistas est\u00e3o entrando em recupera\u00e7\u00e3o judicial? - Economia S\/A","og_description":"Casas Bahia e Marabraz se somam a uma lista de redes que enfrentam dificuldades para equilibrar d\u00edvidas, custos e fluxo de Caixa....","og_url":"https:\/\/economiasa.com.br\/blog\/por-que-grandes-varejistas-estao-entrando-em-recuperacao-judicial\/","og_site_name":"Economia S\/A","article_published_time":"2026-09-01T23:55:38+00:00","article_modified_time":"2026-09-01T23:55:39+00:00","og_image":[{"width":768,"height":508,"url":"https:\/\/economiasa.com.br\/blog\/wp-content\/uploads\/2026\/08\/Capturar-106.png","type":"image\/png"}],"author":"Reda\u00e7\u00e3o","twitter_card":"summary_large_image","twitter_misc":{"Escrito por":"Reda\u00e7\u00e3o","Est. tempo de leitura":"4 minutos"},"schema":{"@context":"https:\/\/schema.org","@graph":[{"@type":"Article","@id":"https:\/\/economiasa.com.br\/blog\/por-que-grandes-varejistas-estao-entrando-em-recuperacao-judicial\/#article","isPartOf":{"@id":"https:\/\/economiasa.com.br\/blog\/por-que-grandes-varejistas-estao-entrando-em-recuperacao-judicial\/"},"author":{"name":"Reda\u00e7\u00e3o","@id":"https:\/\/economiasa.com.br\/blog\/#\/schema\/person\/14b8ac2dc25bd63b52bc54e845fa3923"},"headline":"Por que grandes varejistas est\u00e3o entrando em recupera\u00e7\u00e3o judicial?","datePublished":"2026-09-01T23:55:38+00:00","dateModified":"2026-09-01T23:55:39+00:00","mainEntityOfPage":{"@id":"https:\/\/economiasa.com.br\/blog\/por-que-grandes-varejistas-estao-entrando-em-recuperacao-judicial\/"},"wordCount":612,"image":{"@id":"https:\/\/economiasa.com.br\/blog\/por-que-grandes-varejistas-estao-entrando-em-recuperacao-judicial\/#primaryimage"},"thumbnailUrl":"https:\/\/economiasa.com.br\/blog\/wp-content\/uploads\/2026\/08\/Capturar-106.png","articleSection":["Vendas"],"inLanguage":"pt-BR"},{"@type":"WebPage","@id":"https:\/\/economiasa.com.br\/blog\/por-que-grandes-varejistas-estao-entrando-em-recuperacao-judicial\/","url":"https:\/\/economiasa.com.br\/blog\/por-que-grandes-varejistas-estao-entrando-em-recuperacao-judicial\/","name":"Por que grandes varejistas est\u00e3o entrando em recupera\u00e7\u00e3o judicial? - Economia S\/A","isPartOf":{"@id":"https:\/\/economiasa.com.br\/blog\/#website"},"primaryImageOfPage":{"@id":"https:\/\/economiasa.com.br\/blog\/por-que-grandes-varejistas-estao-entrando-em-recuperacao-judicial\/#primaryimage"},"image":{"@id":"https:\/\/economiasa.com.br\/blog\/por-que-grandes-varejistas-estao-entrando-em-recuperacao-judicial\/#primaryimage"},"thumbnailUrl":"https:\/\/economiasa.com.br\/blog\/wp-content\/uploads\/2026\/08\/Capturar-106.png","datePublished":"2026-09-01T23:55:38+00:00","dateModified":"2026-09-01T23:55:39+00:00","author":{"@id":"https:\/\/economiasa.com.br\/blog\/#\/schema\/person\/14b8ac2dc25bd63b52bc54e845fa3923"},"breadcrumb":{"@id":"https:\/\/economiasa.com.br\/blog\/por-que-grandes-varejistas-estao-entrando-em-recuperacao-judicial\/#breadcrumb"},"inLanguage":"pt-BR","potentialAction":[{"@type":"ReadAction","target":["https:\/\/economiasa.com.br\/blog\/por-que-grandes-varejistas-estao-entrando-em-recuperacao-judicial\/"]}]},{"@type":"ImageObject","inLanguage":"pt-BR","@id":"https:\/\/economiasa.com.br\/blog\/por-que-grandes-varejistas-estao-entrando-em-recuperacao-judicial\/#primaryimage","url":"https:\/\/economiasa.com.br\/blog\/wp-content\/uploads\/2026\/08\/Capturar-106.png","contentUrl":"https:\/\/economiasa.com.br\/blog\/wp-content\/uploads\/2026\/08\/Capturar-106.png","width":768,"height":508,"caption":"Fabr\u00edcio Tonegutti - Cr\u00e9ditos da foto: Divulga\u00e7\u00e3o"},{"@type":"BreadcrumbList","@id":"https:\/\/economiasa.com.br\/blog\/por-que-grandes-varejistas-estao-entrando-em-recuperacao-judicial\/#breadcrumb","itemListElement":[{"@type":"ListItem","position":1,"name":"In\u00edcio","item":"https:\/\/economiasa.com.br\/blog\/"},{"@type":"ListItem","position":2,"name":"Por que grandes varejistas est\u00e3o entrando em recupera\u00e7\u00e3o judicial?"}]},{"@type":"WebSite","@id":"https:\/\/economiasa.com.br\/blog\/#website","url":"https:\/\/economiasa.com.br\/blog\/","name":"Economia S\/A","description":"Ler faz bem para os neg\u00f3cios","potentialAction":[{"@type":"SearchAction","target":{"@type":"EntryPoint","urlTemplate":"https:\/\/economiasa.com.br\/blog\/?s={search_term_string}"},"query-input":{"@type":"PropertyValueSpecification","valueRequired":true,"valueName":"search_term_string"}}],"inLanguage":"pt-BR"},{"@type":"Person","@id":"https:\/\/economiasa.com.br\/blog\/#\/schema\/person\/14b8ac2dc25bd63b52bc54e845fa3923","name":"Reda\u00e7\u00e3o","image":{"@type":"ImageObject","inLanguage":"pt-BR","@id":"https:\/\/secure.gravatar.com\/avatar\/c8c795261f7f8547b22616a549577db9e450bd5622da3f6eb62b0e2c3e364c4e?s=96&d=mm&r=g0fb5212bc57e2287787936667fbbe0ff","url":"https:\/\/secure.gravatar.com\/avatar\/c8c795261f7f8547b22616a549577db9e450bd5622da3f6eb62b0e2c3e364c4e?s=96&d=mm&r=g","contentUrl":"https:\/\/secure.gravatar.com\/avatar\/c8c795261f7f8547b22616a549577db9e450bd5622da3f6eb62b0e2c3e364c4e?s=96&d=mm&r=g","caption":"Reda\u00e7\u00e3o"},"sameAs":["http:\/\/www.economiasa.com.br"],"url":"https:\/\/economiasa.com.br\/blog\/author\/redacao\/"}]}},"authors":[{"term_id":13248,"user_id":47,"is_guest":0,"slug":"redacao","display_name":"Reda\u00e7\u00e3o","avatar_url":"https:\/\/secure.gravatar.com\/avatar\/c8c795261f7f8547b22616a549577db9e450bd5622da3f6eb62b0e2c3e364c4e?s=96&d=mm&r=g","author_category":"","first_name":"Reda\u00e7\u00e3o","last_name":"","user_url":"http:\/\/www.economiasa.com.br","job_title":"","description":""}],"amp_enabled":true,"_links":{"self":[{"href":"https:\/\/economiasa.com.br\/blog\/wp-json\/wp\/v2\/posts\/84986","targetHints":{"allow":["GET"]}}],"collection":[{"href":"https:\/\/economiasa.com.br\/blog\/wp-json\/wp\/v2\/posts"}],"about":[{"href":"https:\/\/economiasa.com.br\/blog\/wp-json\/wp\/v2\/types\/post"}],"author":[{"embeddable":true,"href":"https:\/\/economiasa.com.br\/blog\/wp-json\/wp\/v2\/users\/47"}],"replies":[{"embeddable":true,"href":"https:\/\/economiasa.com.br\/blog\/wp-json\/wp\/v2\/comments?post=84986"}],"version-history":[{"count":0,"href":"https:\/\/economiasa.com.br\/blog\/wp-json\/wp\/v2\/posts\/84986\/revisions"}],"wp:featuredmedia":[{"embeddable":true,"href":"https:\/\/economiasa.com.br\/blog\/wp-json\/wp\/v2\/media\/83904"}],"wp:attachment":[{"href":"https:\/\/economiasa.com.br\/blog\/wp-json\/wp\/v2\/media?parent=84986"}],"wp:term":[{"taxonomy":"category","embeddable":true,"href":"https:\/\/economiasa.com.br\/blog\/wp-json\/wp\/v2\/categories?post=84986"},{"taxonomy":"post_tag","embeddable":true,"href":"https:\/\/economiasa.com.br\/blog\/wp-json\/wp\/v2\/tags?post=84986"},{"taxonomy":"author","embeddable":true,"href":"https:\/\/economiasa.com.br\/blog\/wp-json\/wp\/v2\/ppma_author?post=84986"}],"curies":[{"name":"wp","href":"https:\/\/api.w.org\/{rel}","templated":true}]}}