{"id":84988,"date":"2026-09-02T10:47:40","date_gmt":"2026-09-02T13:47:40","guid":{"rendered":"https:\/\/economiasa.com.br\/blog\/?p=84988"},"modified":"2026-09-02T10:53:30","modified_gmt":"2026-09-02T13:53:30","slug":"augusto-cury-e-elaine-moreira-se-destacam-ao-levar-experiencia-da-medicina-para-o-debate-politico","status":"publish","type":"post","link":"https:\/\/economiasa.com.br\/blog\/augusto-cury-e-elaine-moreira-se-destacam-ao-levar-experiencia-da-medicina-para-o-debate-politico\/","title":{"rendered":"Augusto Cury e Elaine Moreira se destacam ao levar experi\u00eancia da Medicina para o debate pol\u00edtico"},"content":{"rendered":"\n<p class=\"wp-block-paragraph\">Crescimento de Cury nas pesquisas coloca o escritor no centro da disputa, enquanto Elaine Moreira leva 26 anos de experi\u00eancia na Medicina para o debate p\u00fablico<\/p>\n\n\n\n<p class=\"wp-block-paragraph\">O nome de Augusto Cury come\u00e7a a ganhar for\u00e7a no cen\u00e1rio eleitoral de 2026. M\u00e9dico psiquiatra e escritor, ele aparece entre os candidatos que mais cresceram nas pesquisas divulgadas recentemente.<\/p>\n\n\n\n<p class=\"wp-block-paragraph\">Na pesquisa BTG\/Nexus divulgada nesta segunda-feira, Cury passou de 2% para 11% das inten\u00e7\u00f5es de voto e chegou \u00e0 terceira coloca\u00e7\u00e3o na disputa presidencial. Na Atlas\/Intel, tamb\u00e9m registrou alta, de 1,6% para 7,8%.<\/p>\n\n\n\n<p class=\"wp-block-paragraph\">O desempenho chama aten\u00e7\u00e3o principalmente porque Cury construiu sua carreira longe da pol\u00edtica. M\u00e9dico psiquiatra, tornou-se um dos escritores brasileiros mais conhecidos, com milh\u00f5es de livros vendidos e trabalhos voltados principalmente para sa\u00fade emocional, educa\u00e7\u00e3o e comportamento humano.<\/p>\n\n\n\n<p class=\"wp-block-paragraph\">A poss\u00edvel entrada na pol\u00edtica tamb\u00e9m aproxima Cury de outros profissionais da \u00e1rea da sa\u00fade que passaram a considerar uma atua\u00e7\u00e3o p\u00fablica. \u00c9 o caso da m\u00e9dica Elaine Moreira, gastroenterologista e endoscopista, que atua h\u00e1 26 anos na Medicina.<\/p>\n\n\n\n<p class=\"wp-block-paragraph\">P\u00f3s-graduada em Medicina Integrativa pelo Hospital Albert Einstein, Elaine \u00e9 membro titular da FBG, palestrante na Universidade de Oxford e diretora da Humanit\u00e1 Clinic. Ao longo da carreira, acumulou experi\u00eancia no atendimento de pacientes e na lideran\u00e7a de equipes.<\/p>\n\n\n\n<p class=\"wp-block-paragraph\">Para ela, a experi\u00eancia profissional tamb\u00e9m trouxe uma percep\u00e7\u00e3o sobre problemas que, segundo sua avalia\u00e7\u00e3o, precisam ser enfrentados de forma mais direta.<\/p>\n\n\n\n<p class=\"wp-block-paragraph\">\u201cA minha hist\u00f3ria de supera\u00e7\u00e3o me mostrou uma coisa: problemas complexos n\u00e3o se resolvem com discursos vazios. Exigem coragem, conhecimento e propostas.\u201d<\/p>\n\n\n\n<figure class=\"wp-block-image size-large\"><img loading=\"lazy\" decoding=\"async\" width=\"1024\" height=\"944\" src=\"https:\/\/economiasa.com.br\/blog\/wp-content\/uploads\/2026\/09\/WhatsApp-Image-2026-09-01-at-3.27.07-PM-1024x944.jpeg\" alt=\"Cr\u00e9ditos da Foto: Divulga\u00e7\u00e3o\" class=\"wp-image-84989\" srcset=\"https:\/\/economiasa.com.br\/blog\/wp-content\/uploads\/2026\/09\/WhatsApp-Image-2026-09-01-at-3.27.07-PM-1024x944.jpeg 1024w, https:\/\/economiasa.com.br\/blog\/wp-content\/uploads\/2026\/09\/WhatsApp-Image-2026-09-01-at-3.27.07-PM-300x277.jpeg 300w, https:\/\/economiasa.com.br\/blog\/wp-content\/uploads\/2026\/09\/WhatsApp-Image-2026-09-01-at-3.27.07-PM-768x708.jpeg 768w, https:\/\/economiasa.com.br\/blog\/wp-content\/uploads\/2026\/09\/WhatsApp-Image-2026-09-01-at-3.27.07-PM-360x332.jpeg 360w, https:\/\/economiasa.com.br\/blog\/wp-content\/uploads\/2026\/09\/WhatsApp-Image-2026-09-01-at-3.27.07-PM.jpeg 1170w\" sizes=\"auto, (max-width: 1024px) 100vw, 1024px\" \/><figcaption class=\"wp-element-caption\">Cr\u00e9ditos da Foto: Divulga\u00e7\u00e3o<\/figcaption><\/figure>\n\n\n\n<p class=\"wp-block-paragraph\">Elaine afirma ainda que quest\u00f5es como viol\u00eancia, abandono e neglig\u00eancia n\u00e3o podem ser tratadas como situa\u00e7\u00f5es normais.<\/p>\n\n\n\n<p class=\"wp-block-paragraph\">\u201cN\u00e3o podemos aceitar a viol\u00eancia, o abandono e a neglig\u00eancia como algo normal.\u201d<\/p>\n\n\n\n<p class=\"wp-block-paragraph\">O crescimento de Cury nas pesquisas ocorre em meio a um cen\u00e1rio de disputa marcado pela polariza\u00e7\u00e3o e pela busca de alternativas por parte de uma parcela do eleitorado. O desempenho nas \u00faltimas sondagens coloca o escritor no centro dessa discuss\u00e3o e aumenta a aten\u00e7\u00e3o sobre uma eventual candidatura.<\/p>\n\n\n\n<p class=\"wp-block-paragraph\">A sa\u00fade, em suas diferentes dimens\u00f5es, deve estar entre os temas que Cury pode levar para o debate eleitoral, a partir de sua trajet\u00f3ria na psiquiatria e de seus estudos sobre comportamento e educa\u00e7\u00e3o emocional.<\/p>\n\n\n\n<p class=\"wp-block-paragraph\">Para Elaine, a discuss\u00e3o precisa incluir tamb\u00e9m sa\u00fade f\u00edsica, educa\u00e7\u00e3o, seguran\u00e7a e prote\u00e7\u00e3o \u00e0s mulheres.<\/p>\n\n\n\n<p class=\"wp-block-paragraph\">S\u00e3o temas que, para os dois m\u00e9dicos, t\u00eam uma rela\u00e7\u00e3o direta com o que os levou \u00e0 Medicina: o contato di\u00e1rio com pessoas e seus problemas.<\/p>\n","protected":false},"excerpt":{"rendered":"<p>Crescimento de Cury nas pesquisas coloca o escritor no centro da disputa, enquanto Elaine Moreira leva 26 anos de experi\u00eancia na Medicina&#8230;<\/p>\n","protected":false},"author":13,"featured_media":84990,"comment_status":"closed","ping_status":"open","sticky":false,"template":"","format":"standard","meta":{"footnotes":""},"categories":[283],"tags":[],"ppma_author":[13237],"class_list":["post-84988","post","type-post","status-publish","format-standard","has-post-thumbnail","category-saude"],"yoast_head":"<!-- This site is optimized with the Yoast SEO plugin v27.2 - https:\/\/yoast.com\/product\/yoast-seo-wordpress\/ -->\n<title>Augusto Cury e Elaine Moreira se destacam ao levar experi\u00eancia da Medicina para o debate pol\u00edtico - Economia S\/A<\/title>\n<meta name=\"robots\" content=\"index, follow, max-snippet:-1, max-image-preview:large, max-video-preview:-1\" \/>\n<link rel=\"canonical\" href=\"https:\/\/economiasa.com.br\/blog\/augusto-cury-e-elaine-moreira-se-destacam-ao-levar-experiencia-da-medicina-para-o-debate-politico\/\" \/>\n<meta property=\"og:locale\" content=\"pt_BR\" \/>\n<meta property=\"og:type\" content=\"article\" \/>\n<meta property=\"og:title\" content=\"Augusto Cury e Elaine Moreira se destacam ao levar experi\u00eancia da Medicina para o debate pol\u00edtico - Economia S\/A\" \/>\n<meta property=\"og:description\" content=\"Crescimento de Cury nas pesquisas coloca o escritor no centro da disputa, enquanto Elaine Moreira leva 26 anos de experi\u00eancia na Medicina...\" \/>\n<meta property=\"og:url\" content=\"https:\/\/economiasa.com.br\/blog\/augusto-cury-e-elaine-moreira-se-destacam-ao-levar-experiencia-da-medicina-para-o-debate-politico\/\" \/>\n<meta property=\"og:site_name\" content=\"Economia S\/A\" \/>\n<meta property=\"article:published_time\" content=\"2026-09-02T13:47:40+00:00\" \/>\n<meta property=\"article:modified_time\" content=\"2026-09-02T13:53:30+00:00\" \/>\n<meta property=\"og:image\" content=\"https:\/\/economiasa.com.br\/blog\/wp-content\/uploads\/2026\/09\/ccpx1-1.jpg\" \/>\n\t<meta property=\"og:image:width\" content=\"1170\" \/>\n\t<meta property=\"og:image:height\" content=\"687\" \/>\n\t<meta property=\"og:image:type\" content=\"image\/jpeg\" \/>\n<meta name=\"author\" content=\"Reda\u00e7\u00e3o\" \/>\n<meta name=\"twitter:card\" content=\"summary_large_image\" \/>\n<meta name=\"twitter:label1\" content=\"Escrito por\" \/>\n\t<meta name=\"twitter:data1\" content=\"Reda\u00e7\u00e3o\" \/>\n\t<meta name=\"twitter:label2\" content=\"Est. tempo de leitura\" \/>\n\t<meta name=\"twitter:data2\" content=\"3 minutos\" \/>\n<script type=\"application\/ld+json\" class=\"yoast-schema-graph\">{\"@context\":\"https:\/\/schema.org\",\"@graph\":[{\"@type\":\"Article\",\"@id\":\"https:\/\/economiasa.com.br\/blog\/augusto-cury-e-elaine-moreira-se-destacam-ao-levar-experiencia-da-medicina-para-o-debate-politico\/#article\",\"isPartOf\":{\"@id\":\"https:\/\/economiasa.com.br\/blog\/augusto-cury-e-elaine-moreira-se-destacam-ao-levar-experiencia-da-medicina-para-o-debate-politico\/\"},\"author\":{\"name\":\"Reda\u00e7\u00e3o\",\"@id\":\"https:\/\/economiasa.com.br\/blog\/#\/schema\/person\/57f2dfaf8250a36d041a4e4cf0498faf\"},\"headline\":\"Augusto Cury e Elaine Moreira se destacam ao levar experi\u00eancia da Medicina para o debate pol\u00edtico\",\"datePublished\":\"2026-09-02T13:47:40+00:00\",\"dateModified\":\"2026-09-02T13:53:30+00:00\",\"mainEntityOfPage\":{\"@id\":\"https:\/\/economiasa.com.br\/blog\/augusto-cury-e-elaine-moreira-se-destacam-ao-levar-experiencia-da-medicina-para-o-debate-politico\/\"},\"wordCount\":479,\"image\":{\"@id\":\"https:\/\/economiasa.com.br\/blog\/augusto-cury-e-elaine-moreira-se-destacam-ao-levar-experiencia-da-medicina-para-o-debate-politico\/#primaryimage\"},\"thumbnailUrl\":\"https:\/\/economiasa.com.br\/blog\/wp-content\/uploads\/2026\/09\/ccpx1-1.jpg\",\"articleSection\":[\"Sa\u00fade\"],\"inLanguage\":\"pt-BR\"},{\"@type\":\"WebPage\",\"@id\":\"https:\/\/economiasa.com.br\/blog\/augusto-cury-e-elaine-moreira-se-destacam-ao-levar-experiencia-da-medicina-para-o-debate-politico\/\",\"url\":\"https:\/\/economiasa.com.br\/blog\/augusto-cury-e-elaine-moreira-se-destacam-ao-levar-experiencia-da-medicina-para-o-debate-politico\/\",\"name\":\"Augusto Cury e Elaine Moreira se destacam ao levar experi\u00eancia da Medicina para o debate pol\u00edtico - Economia S\/A\",\"isPartOf\":{\"@id\":\"https:\/\/economiasa.com.br\/blog\/#website\"},\"primaryImageOfPage\":{\"@id\":\"https:\/\/economiasa.com.br\/blog\/augusto-cury-e-elaine-moreira-se-destacam-ao-levar-experiencia-da-medicina-para-o-debate-politico\/#primaryimage\"},\"image\":{\"@id\":\"https:\/\/economiasa.com.br\/blog\/augusto-cury-e-elaine-moreira-se-destacam-ao-levar-experiencia-da-medicina-para-o-debate-politico\/#primaryimage\"},\"thumbnailUrl\":\"https:\/\/economiasa.com.br\/blog\/wp-content\/uploads\/2026\/09\/ccpx1-1.jpg\",\"datePublished\":\"2026-09-02T13:47:40+00:00\",\"dateModified\":\"2026-09-02T13:53:30+00:00\",\"author\":{\"@id\":\"https:\/\/economiasa.com.br\/blog\/#\/schema\/person\/57f2dfaf8250a36d041a4e4cf0498faf\"},\"breadcrumb\":{\"@id\":\"https:\/\/economiasa.com.br\/blog\/augusto-cury-e-elaine-moreira-se-destacam-ao-levar-experiencia-da-medicina-para-o-debate-politico\/#breadcrumb\"},\"inLanguage\":\"pt-BR\",\"potentialAction\":[{\"@type\":\"ReadAction\",\"target\":[\"https:\/\/economiasa.com.br\/blog\/augusto-cury-e-elaine-moreira-se-destacam-ao-levar-experiencia-da-medicina-para-o-debate-politico\/\"]}]},{\"@type\":\"ImageObject\",\"inLanguage\":\"pt-BR\",\"@id\":\"https:\/\/economiasa.com.br\/blog\/augusto-cury-e-elaine-moreira-se-destacam-ao-levar-experiencia-da-medicina-para-o-debate-politico\/#primaryimage\",\"url\":\"https:\/\/economiasa.com.br\/blog\/wp-content\/uploads\/2026\/09\/ccpx1-1.jpg\",\"contentUrl\":\"https:\/\/economiasa.com.br\/blog\/wp-content\/uploads\/2026\/09\/ccpx1-1.jpg\",\"width\":1170,\"height\":687,\"caption\":\"Cr\u00e9ditos da Foto: Divulga\u00e7\u00e3o\"},{\"@type\":\"BreadcrumbList\",\"@id\":\"https:\/\/economiasa.com.br\/blog\/augusto-cury-e-elaine-moreira-se-destacam-ao-levar-experiencia-da-medicina-para-o-debate-politico\/#breadcrumb\",\"itemListElement\":[{\"@type\":\"ListItem\",\"position\":1,\"name\":\"In\u00edcio\",\"item\":\"https:\/\/economiasa.com.br\/blog\/\"},{\"@type\":\"ListItem\",\"position\":2,\"name\":\"Augusto Cury e Elaine Moreira se destacam ao levar experi\u00eancia da Medicina para o debate pol\u00edtico\"}]},{\"@type\":\"WebSite\",\"@id\":\"https:\/\/economiasa.com.br\/blog\/#website\",\"url\":\"https:\/\/economiasa.com.br\/blog\/\",\"name\":\"Economia S\/A\",\"description\":\"Ler faz bem para os neg\u00f3cios\",\"potentialAction\":[{\"@type\":\"SearchAction\",\"target\":{\"@type\":\"EntryPoint\",\"urlTemplate\":\"https:\/\/economiasa.com.br\/blog\/?s={search_term_string}\"},\"query-input\":{\"@type\":\"PropertyValueSpecification\",\"valueRequired\":true,\"valueName\":\"search_term_string\"}}],\"inLanguage\":\"pt-BR\"},{\"@type\":\"Person\",\"@id\":\"https:\/\/economiasa.com.br\/blog\/#\/schema\/person\/57f2dfaf8250a36d041a4e4cf0498faf\",\"name\":\"Reda\u00e7\u00e3o\",\"image\":{\"@type\":\"ImageObject\",\"inLanguage\":\"pt-BR\",\"@id\":\"https:\/\/secure.gravatar.com\/avatar\/b9a74cf83ab7b387115b660a012a810ba4283a49e2dc1845eacfc09fd7fadd4b?s=96&d=mm&r=g8b4e5e7107f0781ab9bc60df20107da5\",\"url\":\"https:\/\/secure.gravatar.com\/avatar\/b9a74cf83ab7b387115b660a012a810ba4283a49e2dc1845eacfc09fd7fadd4b?s=96&d=mm&r=g\",\"contentUrl\":\"https:\/\/secure.gravatar.com\/avatar\/b9a74cf83ab7b387115b660a012a810ba4283a49e2dc1845eacfc09fd7fadd4b?s=96&d=mm&r=g\",\"caption\":\"Reda\u00e7\u00e3o\"},\"url\":\"https:\/\/economiasa.com.br\/blog\/author\/vhassessoriagmail-com\/\"}]}<\/script>\n<!-- \/ Yoast SEO plugin. -->","yoast_head_json":{"title":"Augusto Cury e Elaine Moreira se destacam ao levar experi\u00eancia da Medicina para o debate pol\u00edtico - Economia S\/A","robots":{"index":"index","follow":"follow","max-snippet":"max-snippet:-1","max-image-preview":"max-image-preview:large","max-video-preview":"max-video-preview:-1"},"canonical":"https:\/\/economiasa.com.br\/blog\/augusto-cury-e-elaine-moreira-se-destacam-ao-levar-experiencia-da-medicina-para-o-debate-politico\/","og_locale":"pt_BR","og_type":"article","og_title":"Augusto Cury e Elaine Moreira se destacam ao levar experi\u00eancia da Medicina para o debate pol\u00edtico - Economia S\/A","og_description":"Crescimento de Cury nas pesquisas coloca o escritor no centro da disputa, enquanto Elaine Moreira leva 26 anos de experi\u00eancia na Medicina...","og_url":"https:\/\/economiasa.com.br\/blog\/augusto-cury-e-elaine-moreira-se-destacam-ao-levar-experiencia-da-medicina-para-o-debate-politico\/","og_site_name":"Economia S\/A","article_published_time":"2026-09-02T13:47:40+00:00","article_modified_time":"2026-09-02T13:53:30+00:00","og_image":[{"width":1170,"height":687,"url":"https:\/\/economiasa.com.br\/blog\/wp-content\/uploads\/2026\/09\/ccpx1-1.jpg","type":"image\/jpeg"}],"author":"Reda\u00e7\u00e3o","twitter_card":"summary_large_image","twitter_misc":{"Escrito por":"Reda\u00e7\u00e3o","Est. tempo de leitura":"3 minutos"},"schema":{"@context":"https:\/\/schema.org","@graph":[{"@type":"Article","@id":"https:\/\/economiasa.com.br\/blog\/augusto-cury-e-elaine-moreira-se-destacam-ao-levar-experiencia-da-medicina-para-o-debate-politico\/#article","isPartOf":{"@id":"https:\/\/economiasa.com.br\/blog\/augusto-cury-e-elaine-moreira-se-destacam-ao-levar-experiencia-da-medicina-para-o-debate-politico\/"},"author":{"name":"Reda\u00e7\u00e3o","@id":"https:\/\/economiasa.com.br\/blog\/#\/schema\/person\/57f2dfaf8250a36d041a4e4cf0498faf"},"headline":"Augusto Cury e Elaine Moreira se destacam ao levar experi\u00eancia da Medicina para o debate pol\u00edtico","datePublished":"2026-09-02T13:47:40+00:00","dateModified":"2026-09-02T13:53:30+00:00","mainEntityOfPage":{"@id":"https:\/\/economiasa.com.br\/blog\/augusto-cury-e-elaine-moreira-se-destacam-ao-levar-experiencia-da-medicina-para-o-debate-politico\/"},"wordCount":479,"image":{"@id":"https:\/\/economiasa.com.br\/blog\/augusto-cury-e-elaine-moreira-se-destacam-ao-levar-experiencia-da-medicina-para-o-debate-politico\/#primaryimage"},"thumbnailUrl":"https:\/\/economiasa.com.br\/blog\/wp-content\/uploads\/2026\/09\/ccpx1-1.jpg","articleSection":["Sa\u00fade"],"inLanguage":"pt-BR"},{"@type":"WebPage","@id":"https:\/\/economiasa.com.br\/blog\/augusto-cury-e-elaine-moreira-se-destacam-ao-levar-experiencia-da-medicina-para-o-debate-politico\/","url":"https:\/\/economiasa.com.br\/blog\/augusto-cury-e-elaine-moreira-se-destacam-ao-levar-experiencia-da-medicina-para-o-debate-politico\/","name":"Augusto Cury e Elaine Moreira se destacam ao levar experi\u00eancia da Medicina para o debate pol\u00edtico - Economia S\/A","isPartOf":{"@id":"https:\/\/economiasa.com.br\/blog\/#website"},"primaryImageOfPage":{"@id":"https:\/\/economiasa.com.br\/blog\/augusto-cury-e-elaine-moreira-se-destacam-ao-levar-experiencia-da-medicina-para-o-debate-politico\/#primaryimage"},"image":{"@id":"https:\/\/economiasa.com.br\/blog\/augusto-cury-e-elaine-moreira-se-destacam-ao-levar-experiencia-da-medicina-para-o-debate-politico\/#primaryimage"},"thumbnailUrl":"https:\/\/economiasa.com.br\/blog\/wp-content\/uploads\/2026\/09\/ccpx1-1.jpg","datePublished":"2026-09-02T13:47:40+00:00","dateModified":"2026-09-02T13:53:30+00:00","author":{"@id":"https:\/\/economiasa.com.br\/blog\/#\/schema\/person\/57f2dfaf8250a36d041a4e4cf0498faf"},"breadcrumb":{"@id":"https:\/\/economiasa.com.br\/blog\/augusto-cury-e-elaine-moreira-se-destacam-ao-levar-experiencia-da-medicina-para-o-debate-politico\/#breadcrumb"},"inLanguage":"pt-BR","potentialAction":[{"@type":"ReadAction","target":["https:\/\/economiasa.com.br\/blog\/augusto-cury-e-elaine-moreira-se-destacam-ao-levar-experiencia-da-medicina-para-o-debate-politico\/"]}]},{"@type":"ImageObject","inLanguage":"pt-BR","@id":"https:\/\/economiasa.com.br\/blog\/augusto-cury-e-elaine-moreira-se-destacam-ao-levar-experiencia-da-medicina-para-o-debate-politico\/#primaryimage","url":"https:\/\/economiasa.com.br\/blog\/wp-content\/uploads\/2026\/09\/ccpx1-1.jpg","contentUrl":"https:\/\/economiasa.com.br\/blog\/wp-content\/uploads\/2026\/09\/ccpx1-1.jpg","width":1170,"height":687,"caption":"Cr\u00e9ditos da Foto: Divulga\u00e7\u00e3o"},{"@type":"BreadcrumbList","@id":"https:\/\/economiasa.com.br\/blog\/augusto-cury-e-elaine-moreira-se-destacam-ao-levar-experiencia-da-medicina-para-o-debate-politico\/#breadcrumb","itemListElement":[{"@type":"ListItem","position":1,"name":"In\u00edcio","item":"https:\/\/economiasa.com.br\/blog\/"},{"@type":"ListItem","position":2,"name":"Augusto Cury e Elaine Moreira se destacam ao levar experi\u00eancia da Medicina para o debate pol\u00edtico"}]},{"@type":"WebSite","@id":"https:\/\/economiasa.com.br\/blog\/#website","url":"https:\/\/economiasa.com.br\/blog\/","name":"Economia S\/A","description":"Ler faz bem para os neg\u00f3cios","potentialAction":[{"@type":"SearchAction","target":{"@type":"EntryPoint","urlTemplate":"https:\/\/economiasa.com.br\/blog\/?s={search_term_string}"},"query-input":{"@type":"PropertyValueSpecification","valueRequired":true,"valueName":"search_term_string"}}],"inLanguage":"pt-BR"},{"@type":"Person","@id":"https:\/\/economiasa.com.br\/blog\/#\/schema\/person\/57f2dfaf8250a36d041a4e4cf0498faf","name":"Reda\u00e7\u00e3o","image":{"@type":"ImageObject","inLanguage":"pt-BR","@id":"https:\/\/secure.gravatar.com\/avatar\/b9a74cf83ab7b387115b660a012a810ba4283a49e2dc1845eacfc09fd7fadd4b?s=96&d=mm&r=g8b4e5e7107f0781ab9bc60df20107da5","url":"https:\/\/secure.gravatar.com\/avatar\/b9a74cf83ab7b387115b660a012a810ba4283a49e2dc1845eacfc09fd7fadd4b?s=96&d=mm&r=g","contentUrl":"https:\/\/secure.gravatar.com\/avatar\/b9a74cf83ab7b387115b660a012a810ba4283a49e2dc1845eacfc09fd7fadd4b?s=96&d=mm&r=g","caption":"Reda\u00e7\u00e3o"},"url":"https:\/\/economiasa.com.br\/blog\/author\/vhassessoriagmail-com\/"}]}},"authors":[{"term_id":13237,"user_id":13,"is_guest":0,"slug":"vhassessoriagmail-com","display_name":"Reda\u00e7\u00e3o","avatar_url":"https:\/\/secure.gravatar.com\/avatar\/b9a74cf83ab7b387115b660a012a810ba4283a49e2dc1845eacfc09fd7fadd4b?s=96&d=mm&r=g","author_category":"","first_name":"Vanessa","last_name":"Reda\u00e7\u00e3o","user_url":"","job_title":"","description":""}],"amp_enabled":true,"_links":{"self":[{"href":"https:\/\/economiasa.com.br\/blog\/wp-json\/wp\/v2\/posts\/84988","targetHints":{"allow":["GET"]}}],"collection":[{"href":"https:\/\/economiasa.com.br\/blog\/wp-json\/wp\/v2\/posts"}],"about":[{"href":"https:\/\/economiasa.com.br\/blog\/wp-json\/wp\/v2\/types\/post"}],"author":[{"embeddable":true,"href":"https:\/\/economiasa.com.br\/blog\/wp-json\/wp\/v2\/users\/13"}],"replies":[{"embeddable":true,"href":"https:\/\/economiasa.com.br\/blog\/wp-json\/wp\/v2\/comments?post=84988"}],"version-history":[{"count":0,"href":"https:\/\/economiasa.com.br\/blog\/wp-json\/wp\/v2\/posts\/84988\/revisions"}],"wp:featuredmedia":[{"embeddable":true,"href":"https:\/\/economiasa.com.br\/blog\/wp-json\/wp\/v2\/media\/84990"}],"wp:attachment":[{"href":"https:\/\/economiasa.com.br\/blog\/wp-json\/wp\/v2\/media?parent=84988"}],"wp:term":[{"taxonomy":"category","embeddable":true,"href":"https:\/\/economiasa.com.br\/blog\/wp-json\/wp\/v2\/categories?post=84988"},{"taxonomy":"post_tag","embeddable":true,"href":"https:\/\/economiasa.com.br\/blog\/wp-json\/wp\/v2\/tags?post=84988"},{"taxonomy":"author","embeddable":true,"href":"https:\/\/economiasa.com.br\/blog\/wp-json\/wp\/v2\/ppma_author?post=84988"}],"curies":[{"name":"wp","href":"https:\/\/api.w.org\/{rel}","templated":true}]}}