{"id":84993,"date":"2026-09-02T12:37:47","date_gmt":"2026-09-02T15:37:47","guid":{"rendered":"https:\/\/economiasa.com.br\/blog\/?p=84993"},"modified":"2026-09-02T12:37:48","modified_gmt":"2026-09-02T15:37:48","slug":"disciplina-vira-diferencial-para-empresas-em-expansao","status":"publish","type":"post","link":"https:\/\/economiasa.com.br\/blog\/disciplina-vira-diferencial-para-empresas-em-expansao\/","title":{"rendered":"Disciplina vira diferencial para empresas em expans\u00e3o"},"content":{"rendered":"\n<p class=\"wp-block-paragraph\">Para Ant\u00f4nio Chaul Netto, CEO da CGTECH, expans\u00e3o sustent\u00e1vel exige const\u00e2ncia, forma\u00e7\u00e3o de lideran\u00e7as e capacidade de preservar padr\u00f5es mesmo quando a opera\u00e7\u00e3o ganha escalaCrescimento costuma ser associado a novos contratos, aumento do faturamento e amplia\u00e7\u00e3o das equipes. Mas, \u00e0 medida que uma empresa ganha escala, surge um desafio menos vis\u00edvel: garantir que a estrutura, as lideran\u00e7as e a capacidade de execu\u00e7\u00e3o consigam acompanhar a expans\u00e3o.<\/p>\n\n\n\n<p class=\"wp-block-paragraph\">Para Ant\u00f4nio Chaul Netto, CEO da CGTECH, empresa de seguran\u00e7a patrimonial que opera com milhares de colaboradores, a disciplina \u00e9 um dos pilares para impedir que o crescimento aconte\u00e7a \u00e0s custas da qualidade ou da pr\u00f3pria capacidade de gest\u00e3o.\u201cA disciplina sempre foi um dos pilares da minha trajet\u00f3ria. Eu acredito muito menos em resultados que acontecem por acaso e muito mais naquilo que \u00e9 constru\u00eddo todos os dias. <\/p>\n\n\n\n<p class=\"wp-block-paragraph\">Crescer exige const\u00e2ncia, presen\u00e7a e, principalmente, disposi\u00e7\u00e3o para fazer o que precisa ser feito, mesmo quando as circunst\u00e2ncias n\u00e3o s\u00e3o favor\u00e1veis.\u201dA import\u00e2ncia da lideran\u00e7a para o desempenho das equipes tamb\u00e9m aparece em levantamentos internacionais. A Gallup aponta que os gestores respondem por 70% da varia\u00e7\u00e3o no engajamento das equipes, colocando a qualidade da gest\u00e3o entre os fatores decisivos para o desempenho das organiza\u00e7\u00f5es.Disciplina n\u00e3o significa rigidezEm ambientes empresariais que valorizam velocidade, a disciplina pode ser confundida com resist\u00eancia a mudan\u00e7as. <\/p>\n\n\n\n<p class=\"wp-block-paragraph\">Para Chaul, o conceito \u00e9 outro: manter clareza de dire\u00e7\u00e3o e const\u00e2ncia mesmo quando surgem dificuldades ou oportunidades capazes de tirar a empresa do caminho planejado.\u201cAo longo dos anos, entendi que disciplina n\u00e3o significa rigidez. Significa ter clareza de onde se quer chegar e n\u00e3o abandonar o caminho diante das dificuldades. Uma empresa com milhares de colaboradores n\u00e3o se constr\u00f3i em um grande momento, mas na soma de milhares de decis\u00f5es tomadas diariamente.\u201dO crescimento tamb\u00e9m exige uma transforma\u00e7\u00e3o no papel de quem lidera. <\/p>\n\n\n\n<p class=\"wp-block-paragraph\">Quanto maior a estrutura, menor a possibilidade de decis\u00f5es, padr\u00f5es e controles permanecerem concentrados no fundador ou em um pequeno grupo de executivos.\u201cPrimeiro, precisa entender que n\u00e3o consegue estar em todos os lugares. \u00c0 medida que a empresa cresce, o papel do l\u00edder tamb\u00e9m precisa mudar. Voc\u00ea deixa de acompanhar apenas a execu\u00e7\u00e3o e passa a formar pessoas capazes de sustentar aquilo em que a empresa acredita.\u201dNesse processo, formar lideran\u00e7as e fazer com que a cultura empresarial chegue a quem est\u00e1 diretamente na opera\u00e7\u00e3o passa a ser parte do pr\u00f3prio crescimento.\u201cPara mim, crescer sem perder qualidade significa ter processos claros, lideran\u00e7as preparadas e uma cultura que chegue at\u00e9 a ponta. N\u00e3o adianta a dire\u00e7\u00e3o saber onde quer chegar se quem est\u00e1 representando a empresa diante do cliente n\u00e3o compreender o mesmo prop\u00f3sito.\u201d<\/p>\n\n\n\n<p class=\"wp-block-paragraph\">E a responsabilidade, segundo Chaul, come\u00e7a pela pr\u00f3pria lideran\u00e7a.\u201cE existe uma responsabilidade importante nisso: antes de cobrar a ponta, precisamos olhar para a lideran\u00e7a. O padr\u00e3o come\u00e7a em cima.\u201dNem toda oportunidade precisa ser aproveitadaOutro desafio aparece quando a empresa encontra oportunidades de crescer mais r\u00e1pido do que sua estrutura consegue acompanhar. Para o CEO da CGTECH, acelerar nem sempre \u00e9 a decis\u00e3o mais adequada.\u201cNem todo crescimento precisa acontecer na velocidade m\u00e1xima. \u00c0s vezes, a melhor decis\u00e3o empresarial \u00e9 diminuir o ritmo para estruturar aquilo que permitir\u00e1 avan\u00e7ar com mais seguran\u00e7a depois.\u201d<\/p>\n\n\n\n<p class=\"wp-block-paragraph\">A l\u00f3gica se contrap\u00f5e \u00e0 ideia de que toda possibilidade de expans\u00e3o precisa ser imediatamente aproveitada. Em determinados momentos, preservar processos e qualidade pode exigir escolhas mais cautelosas.\u201cEu acredito em crescimento sustent\u00e1vel. Velocidade \u00e9 importante, mas n\u00e3o pode atropelar processos, pessoas ou qualidade. A disciplina entra justamente nesse ponto: saber dizer n\u00e3o para determinadas oportunidades, corrigir uma rota quando necess\u00e1rio e n\u00e3o comprometer aquilo que levou anos para ser constru\u00eddo em nome de um resultado imediato.\u201d<\/p>\n\n\n\n<p class=\"wp-block-paragraph\">Al\u00e9m de processos e decis\u00f5es estrat\u00e9gicas, Chaul aponta o comportamento da lideran\u00e7a como elemento determinante para estabelecer os padr\u00f5es da organiza\u00e7\u00e3o.Responsabilidade, coer\u00eancia, respeito pelas pessoas e compromisso com aquilo que foi acordado.Um l\u00edder precisa compreender que suas atitudes comunicam muito mais do que seus discursos. N\u00e3o adianta falar sobre excel\u00eancia e aceitar padr\u00f5es abaixo daquilo que a empresa se prop\u00f5e a entregar. N\u00e3o adianta cobrar comprometimento sem estar comprometido. <\/p>\n\n\n\n<p class=\"wp-block-paragraph\">A cultura de uma empresa \u00e9 constru\u00edda principalmente pelo comportamento que a lideran\u00e7a pratica e permite.\u201dDepois de construir uma opera\u00e7\u00e3o com milhares de profissionais, o empres\u00e1rio afirma que a pr\u00f3pria ideia de crescimento ganhou um significado mais amplo.\u201cHoje, crescer tem um significado diferente. N\u00e3o penso apenas em n\u00famero de colaboradores, contratos ou faturamento. Crescimento tamb\u00e9m \u00e9 maturidade, estrutura, tecnologia, forma\u00e7\u00e3o de pessoas e capacidade de entregar cada vez melhor.\u201dPara Chaul, portanto, expans\u00e3o n\u00e3o deve ser medida apenas pelo tamanho que uma organiza\u00e7\u00e3o alcan\u00e7a, mas pela capacidade que desenvolve para continuar avan\u00e7ando sem comprometer aquilo que construiu.<\/p>\n\n\n\n<figure class=\"wp-block-image size-large\"><img loading=\"lazy\" decoding=\"async\" width=\"1024\" height=\"682\" src=\"https:\/\/economiasa.com.br\/blog\/wp-content\/uploads\/2026\/09\/IMG-20260821-WA0012-1024x682.jpg\" alt=\"\" class=\"wp-image-84994\" srcset=\"https:\/\/economiasa.com.br\/blog\/wp-content\/uploads\/2026\/09\/IMG-20260821-WA0012-1024x682.jpg 1024w, https:\/\/economiasa.com.br\/blog\/wp-content\/uploads\/2026\/09\/IMG-20260821-WA0012-300x200.jpg 300w, https:\/\/economiasa.com.br\/blog\/wp-content\/uploads\/2026\/09\/IMG-20260821-WA0012-768x512.jpg 768w, https:\/\/economiasa.com.br\/blog\/wp-content\/uploads\/2026\/09\/IMG-20260821-WA0012-1536x1023.jpg 1536w, https:\/\/economiasa.com.br\/blog\/wp-content\/uploads\/2026\/09\/IMG-20260821-WA0012-360x240.jpg 360w, https:\/\/economiasa.com.br\/blog\/wp-content\/uploads\/2026\/09\/IMG-20260821-WA0012.jpg 1600w\" sizes=\"auto, (max-width: 1024px) 100vw, 1024px\" \/><\/figure>\n\n\n\n<p class=\"wp-block-paragraph\">Ant\u00f4nio Chaul Netto<\/p>\n","protected":false},"excerpt":{"rendered":"<p>Para Ant\u00f4nio Chaul Netto, CEO da CGTECH, expans\u00e3o sustent\u00e1vel exige const\u00e2ncia, forma\u00e7\u00e3o de lideran\u00e7as e capacidade de preservar padr\u00f5es mesmo quando a&#8230;<\/p>\n","protected":false},"author":13,"featured_media":84995,"comment_status":"closed","ping_status":"open","sticky":false,"template":"","format":"standard","meta":{"footnotes":""},"categories":[1],"tags":[],"ppma_author":[13237],"class_list":["post-84993","post","type-post","status-publish","format-standard","has-post-thumbnail","category-viral"],"yoast_head":"<!-- This site is optimized with the Yoast SEO plugin v27.2 - https:\/\/yoast.com\/product\/yoast-seo-wordpress\/ -->\n<title>Disciplina vira diferencial para empresas em expans\u00e3o - Economia S\/A<\/title>\n<meta name=\"robots\" content=\"index, follow, max-snippet:-1, max-image-preview:large, max-video-preview:-1\" \/>\n<link rel=\"canonical\" href=\"https:\/\/economiasa.com.br\/blog\/disciplina-vira-diferencial-para-empresas-em-expansao\/\" \/>\n<meta property=\"og:locale\" content=\"pt_BR\" \/>\n<meta property=\"og:type\" content=\"article\" \/>\n<meta property=\"og:title\" content=\"Disciplina vira diferencial para empresas em expans\u00e3o - Economia S\/A\" \/>\n<meta property=\"og:description\" content=\"Para Ant\u00f4nio Chaul Netto, CEO da CGTECH, expans\u00e3o sustent\u00e1vel exige const\u00e2ncia, forma\u00e7\u00e3o de lideran\u00e7as e capacidade de preservar padr\u00f5es mesmo quando a...\" \/>\n<meta property=\"og:url\" content=\"https:\/\/economiasa.com.br\/blog\/disciplina-vira-diferencial-para-empresas-em-expansao\/\" \/>\n<meta property=\"og:site_name\" content=\"Economia S\/A\" \/>\n<meta property=\"article:published_time\" content=\"2026-09-02T15:37:47+00:00\" \/>\n<meta property=\"article:modified_time\" content=\"2026-09-02T15:37:48+00:00\" \/>\n<meta property=\"og:image\" content=\"https:\/\/economiasa.com.br\/blog\/wp-content\/uploads\/2026\/09\/file_00000000c7d881f5bbf3aa9405cfd9e2.png\" \/>\n\t<meta property=\"og:image:width\" content=\"1536\" \/>\n\t<meta property=\"og:image:height\" content=\"1024\" \/>\n\t<meta property=\"og:image:type\" content=\"image\/png\" \/>\n<meta name=\"author\" content=\"Reda\u00e7\u00e3o\" \/>\n<meta name=\"twitter:card\" content=\"summary_large_image\" \/>\n<meta name=\"twitter:label1\" content=\"Escrito por\" \/>\n\t<meta name=\"twitter:data1\" content=\"Reda\u00e7\u00e3o\" \/>\n\t<meta name=\"twitter:label2\" content=\"Est. tempo de leitura\" \/>\n\t<meta name=\"twitter:data2\" content=\"5 minutos\" \/>\n<script type=\"application\/ld+json\" class=\"yoast-schema-graph\">{\"@context\":\"https:\/\/schema.org\",\"@graph\":[{\"@type\":\"Article\",\"@id\":\"https:\/\/economiasa.com.br\/blog\/disciplina-vira-diferencial-para-empresas-em-expansao\/#article\",\"isPartOf\":{\"@id\":\"https:\/\/economiasa.com.br\/blog\/disciplina-vira-diferencial-para-empresas-em-expansao\/\"},\"author\":{\"name\":\"Reda\u00e7\u00e3o\",\"@id\":\"https:\/\/economiasa.com.br\/blog\/#\/schema\/person\/57f2dfaf8250a36d041a4e4cf0498faf\"},\"headline\":\"Disciplina vira diferencial para empresas em expans\u00e3o\",\"datePublished\":\"2026-09-02T15:37:47+00:00\",\"dateModified\":\"2026-09-02T15:37:48+00:00\",\"mainEntityOfPage\":{\"@id\":\"https:\/\/economiasa.com.br\/blog\/disciplina-vira-diferencial-para-empresas-em-expansao\/\"},\"wordCount\":885,\"image\":{\"@id\":\"https:\/\/economiasa.com.br\/blog\/disciplina-vira-diferencial-para-empresas-em-expansao\/#primaryimage\"},\"thumbnailUrl\":\"https:\/\/economiasa.com.br\/blog\/wp-content\/uploads\/2026\/09\/file_00000000c7d881f5bbf3aa9405cfd9e2.png\",\"articleSection\":[\"Viral\"],\"inLanguage\":\"pt-BR\"},{\"@type\":\"WebPage\",\"@id\":\"https:\/\/economiasa.com.br\/blog\/disciplina-vira-diferencial-para-empresas-em-expansao\/\",\"url\":\"https:\/\/economiasa.com.br\/blog\/disciplina-vira-diferencial-para-empresas-em-expansao\/\",\"name\":\"Disciplina vira diferencial para empresas em expans\u00e3o - Economia S\/A\",\"isPartOf\":{\"@id\":\"https:\/\/economiasa.com.br\/blog\/#website\"},\"primaryImageOfPage\":{\"@id\":\"https:\/\/economiasa.com.br\/blog\/disciplina-vira-diferencial-para-empresas-em-expansao\/#primaryimage\"},\"image\":{\"@id\":\"https:\/\/economiasa.com.br\/blog\/disciplina-vira-diferencial-para-empresas-em-expansao\/#primaryimage\"},\"thumbnailUrl\":\"https:\/\/economiasa.com.br\/blog\/wp-content\/uploads\/2026\/09\/file_00000000c7d881f5bbf3aa9405cfd9e2.png\",\"datePublished\":\"2026-09-02T15:37:47+00:00\",\"dateModified\":\"2026-09-02T15:37:48+00:00\",\"author\":{\"@id\":\"https:\/\/economiasa.com.br\/blog\/#\/schema\/person\/57f2dfaf8250a36d041a4e4cf0498faf\"},\"breadcrumb\":{\"@id\":\"https:\/\/economiasa.com.br\/blog\/disciplina-vira-diferencial-para-empresas-em-expansao\/#breadcrumb\"},\"inLanguage\":\"pt-BR\",\"potentialAction\":[{\"@type\":\"ReadAction\",\"target\":[\"https:\/\/economiasa.com.br\/blog\/disciplina-vira-diferencial-para-empresas-em-expansao\/\"]}]},{\"@type\":\"ImageObject\",\"inLanguage\":\"pt-BR\",\"@id\":\"https:\/\/economiasa.com.br\/blog\/disciplina-vira-diferencial-para-empresas-em-expansao\/#primaryimage\",\"url\":\"https:\/\/economiasa.com.br\/blog\/wp-content\/uploads\/2026\/09\/file_00000000c7d881f5bbf3aa9405cfd9e2.png\",\"contentUrl\":\"https:\/\/economiasa.com.br\/blog\/wp-content\/uploads\/2026\/09\/file_00000000c7d881f5bbf3aa9405cfd9e2.png\",\"width\":1536,\"height\":1024},{\"@type\":\"BreadcrumbList\",\"@id\":\"https:\/\/economiasa.com.br\/blog\/disciplina-vira-diferencial-para-empresas-em-expansao\/#breadcrumb\",\"itemListElement\":[{\"@type\":\"ListItem\",\"position\":1,\"name\":\"In\u00edcio\",\"item\":\"https:\/\/economiasa.com.br\/blog\/\"},{\"@type\":\"ListItem\",\"position\":2,\"name\":\"Disciplina vira diferencial para empresas em expans\u00e3o\"}]},{\"@type\":\"WebSite\",\"@id\":\"https:\/\/economiasa.com.br\/blog\/#website\",\"url\":\"https:\/\/economiasa.com.br\/blog\/\",\"name\":\"Economia S\/A\",\"description\":\"Ler faz bem para os neg\u00f3cios\",\"potentialAction\":[{\"@type\":\"SearchAction\",\"target\":{\"@type\":\"EntryPoint\",\"urlTemplate\":\"https:\/\/economiasa.com.br\/blog\/?s={search_term_string}\"},\"query-input\":{\"@type\":\"PropertyValueSpecification\",\"valueRequired\":true,\"valueName\":\"search_term_string\"}}],\"inLanguage\":\"pt-BR\"},{\"@type\":\"Person\",\"@id\":\"https:\/\/economiasa.com.br\/blog\/#\/schema\/person\/57f2dfaf8250a36d041a4e4cf0498faf\",\"name\":\"Reda\u00e7\u00e3o\",\"image\":{\"@type\":\"ImageObject\",\"inLanguage\":\"pt-BR\",\"@id\":\"https:\/\/secure.gravatar.com\/avatar\/b9a74cf83ab7b387115b660a012a810ba4283a49e2dc1845eacfc09fd7fadd4b?s=96&d=mm&r=g8b4e5e7107f0781ab9bc60df20107da5\",\"url\":\"https:\/\/secure.gravatar.com\/avatar\/b9a74cf83ab7b387115b660a012a810ba4283a49e2dc1845eacfc09fd7fadd4b?s=96&d=mm&r=g\",\"contentUrl\":\"https:\/\/secure.gravatar.com\/avatar\/b9a74cf83ab7b387115b660a012a810ba4283a49e2dc1845eacfc09fd7fadd4b?s=96&d=mm&r=g\",\"caption\":\"Reda\u00e7\u00e3o\"},\"url\":\"https:\/\/economiasa.com.br\/blog\/author\/vhassessoriagmail-com\/\"}]}<\/script>\n<!-- \/ Yoast SEO plugin. -->","yoast_head_json":{"title":"Disciplina vira diferencial para empresas em expans\u00e3o - Economia S\/A","robots":{"index":"index","follow":"follow","max-snippet":"max-snippet:-1","max-image-preview":"max-image-preview:large","max-video-preview":"max-video-preview:-1"},"canonical":"https:\/\/economiasa.com.br\/blog\/disciplina-vira-diferencial-para-empresas-em-expansao\/","og_locale":"pt_BR","og_type":"article","og_title":"Disciplina vira diferencial para empresas em expans\u00e3o - Economia S\/A","og_description":"Para Ant\u00f4nio Chaul Netto, CEO da CGTECH, expans\u00e3o sustent\u00e1vel exige const\u00e2ncia, forma\u00e7\u00e3o de lideran\u00e7as e capacidade de preservar padr\u00f5es mesmo quando a...","og_url":"https:\/\/economiasa.com.br\/blog\/disciplina-vira-diferencial-para-empresas-em-expansao\/","og_site_name":"Economia S\/A","article_published_time":"2026-09-02T15:37:47+00:00","article_modified_time":"2026-09-02T15:37:48+00:00","og_image":[{"width":1536,"height":1024,"url":"https:\/\/economiasa.com.br\/blog\/wp-content\/uploads\/2026\/09\/file_00000000c7d881f5bbf3aa9405cfd9e2.png","type":"image\/png"}],"author":"Reda\u00e7\u00e3o","twitter_card":"summary_large_image","twitter_misc":{"Escrito por":"Reda\u00e7\u00e3o","Est. tempo de leitura":"5 minutos"},"schema":{"@context":"https:\/\/schema.org","@graph":[{"@type":"Article","@id":"https:\/\/economiasa.com.br\/blog\/disciplina-vira-diferencial-para-empresas-em-expansao\/#article","isPartOf":{"@id":"https:\/\/economiasa.com.br\/blog\/disciplina-vira-diferencial-para-empresas-em-expansao\/"},"author":{"name":"Reda\u00e7\u00e3o","@id":"https:\/\/economiasa.com.br\/blog\/#\/schema\/person\/57f2dfaf8250a36d041a4e4cf0498faf"},"headline":"Disciplina vira diferencial para empresas em expans\u00e3o","datePublished":"2026-09-02T15:37:47+00:00","dateModified":"2026-09-02T15:37:48+00:00","mainEntityOfPage":{"@id":"https:\/\/economiasa.com.br\/blog\/disciplina-vira-diferencial-para-empresas-em-expansao\/"},"wordCount":885,"image":{"@id":"https:\/\/economiasa.com.br\/blog\/disciplina-vira-diferencial-para-empresas-em-expansao\/#primaryimage"},"thumbnailUrl":"https:\/\/economiasa.com.br\/blog\/wp-content\/uploads\/2026\/09\/file_00000000c7d881f5bbf3aa9405cfd9e2.png","articleSection":["Viral"],"inLanguage":"pt-BR"},{"@type":"WebPage","@id":"https:\/\/economiasa.com.br\/blog\/disciplina-vira-diferencial-para-empresas-em-expansao\/","url":"https:\/\/economiasa.com.br\/blog\/disciplina-vira-diferencial-para-empresas-em-expansao\/","name":"Disciplina vira diferencial para empresas em expans\u00e3o - Economia S\/A","isPartOf":{"@id":"https:\/\/economiasa.com.br\/blog\/#website"},"primaryImageOfPage":{"@id":"https:\/\/economiasa.com.br\/blog\/disciplina-vira-diferencial-para-empresas-em-expansao\/#primaryimage"},"image":{"@id":"https:\/\/economiasa.com.br\/blog\/disciplina-vira-diferencial-para-empresas-em-expansao\/#primaryimage"},"thumbnailUrl":"https:\/\/economiasa.com.br\/blog\/wp-content\/uploads\/2026\/09\/file_00000000c7d881f5bbf3aa9405cfd9e2.png","datePublished":"2026-09-02T15:37:47+00:00","dateModified":"2026-09-02T15:37:48+00:00","author":{"@id":"https:\/\/economiasa.com.br\/blog\/#\/schema\/person\/57f2dfaf8250a36d041a4e4cf0498faf"},"breadcrumb":{"@id":"https:\/\/economiasa.com.br\/blog\/disciplina-vira-diferencial-para-empresas-em-expansao\/#breadcrumb"},"inLanguage":"pt-BR","potentialAction":[{"@type":"ReadAction","target":["https:\/\/economiasa.com.br\/blog\/disciplina-vira-diferencial-para-empresas-em-expansao\/"]}]},{"@type":"ImageObject","inLanguage":"pt-BR","@id":"https:\/\/economiasa.com.br\/blog\/disciplina-vira-diferencial-para-empresas-em-expansao\/#primaryimage","url":"https:\/\/economiasa.com.br\/blog\/wp-content\/uploads\/2026\/09\/file_00000000c7d881f5bbf3aa9405cfd9e2.png","contentUrl":"https:\/\/economiasa.com.br\/blog\/wp-content\/uploads\/2026\/09\/file_00000000c7d881f5bbf3aa9405cfd9e2.png","width":1536,"height":1024},{"@type":"BreadcrumbList","@id":"https:\/\/economiasa.com.br\/blog\/disciplina-vira-diferencial-para-empresas-em-expansao\/#breadcrumb","itemListElement":[{"@type":"ListItem","position":1,"name":"In\u00edcio","item":"https:\/\/economiasa.com.br\/blog\/"},{"@type":"ListItem","position":2,"name":"Disciplina vira diferencial para empresas em expans\u00e3o"}]},{"@type":"WebSite","@id":"https:\/\/economiasa.com.br\/blog\/#website","url":"https:\/\/economiasa.com.br\/blog\/","name":"Economia S\/A","description":"Ler faz bem para os neg\u00f3cios","potentialAction":[{"@type":"SearchAction","target":{"@type":"EntryPoint","urlTemplate":"https:\/\/economiasa.com.br\/blog\/?s={search_term_string}"},"query-input":{"@type":"PropertyValueSpecification","valueRequired":true,"valueName":"search_term_string"}}],"inLanguage":"pt-BR"},{"@type":"Person","@id":"https:\/\/economiasa.com.br\/blog\/#\/schema\/person\/57f2dfaf8250a36d041a4e4cf0498faf","name":"Reda\u00e7\u00e3o","image":{"@type":"ImageObject","inLanguage":"pt-BR","@id":"https:\/\/secure.gravatar.com\/avatar\/b9a74cf83ab7b387115b660a012a810ba4283a49e2dc1845eacfc09fd7fadd4b?s=96&d=mm&r=g8b4e5e7107f0781ab9bc60df20107da5","url":"https:\/\/secure.gravatar.com\/avatar\/b9a74cf83ab7b387115b660a012a810ba4283a49e2dc1845eacfc09fd7fadd4b?s=96&d=mm&r=g","contentUrl":"https:\/\/secure.gravatar.com\/avatar\/b9a74cf83ab7b387115b660a012a810ba4283a49e2dc1845eacfc09fd7fadd4b?s=96&d=mm&r=g","caption":"Reda\u00e7\u00e3o"},"url":"https:\/\/economiasa.com.br\/blog\/author\/vhassessoriagmail-com\/"}]}},"authors":[{"term_id":13237,"user_id":13,"is_guest":0,"slug":"vhassessoriagmail-com","display_name":"Reda\u00e7\u00e3o","avatar_url":"https:\/\/secure.gravatar.com\/avatar\/b9a74cf83ab7b387115b660a012a810ba4283a49e2dc1845eacfc09fd7fadd4b?s=96&d=mm&r=g","author_category":"","first_name":"Vanessa","last_name":"Reda\u00e7\u00e3o","user_url":"","job_title":"","description":""}],"amp_enabled":true,"_links":{"self":[{"href":"https:\/\/economiasa.com.br\/blog\/wp-json\/wp\/v2\/posts\/84993","targetHints":{"allow":["GET"]}}],"collection":[{"href":"https:\/\/economiasa.com.br\/blog\/wp-json\/wp\/v2\/posts"}],"about":[{"href":"https:\/\/economiasa.com.br\/blog\/wp-json\/wp\/v2\/types\/post"}],"author":[{"embeddable":true,"href":"https:\/\/economiasa.com.br\/blog\/wp-json\/wp\/v2\/users\/13"}],"replies":[{"embeddable":true,"href":"https:\/\/economiasa.com.br\/blog\/wp-json\/wp\/v2\/comments?post=84993"}],"version-history":[{"count":0,"href":"https:\/\/economiasa.com.br\/blog\/wp-json\/wp\/v2\/posts\/84993\/revisions"}],"wp:featuredmedia":[{"embeddable":true,"href":"https:\/\/economiasa.com.br\/blog\/wp-json\/wp\/v2\/media\/84995"}],"wp:attachment":[{"href":"https:\/\/economiasa.com.br\/blog\/wp-json\/wp\/v2\/media?parent=84993"}],"wp:term":[{"taxonomy":"category","embeddable":true,"href":"https:\/\/economiasa.com.br\/blog\/wp-json\/wp\/v2\/categories?post=84993"},{"taxonomy":"post_tag","embeddable":true,"href":"https:\/\/economiasa.com.br\/blog\/wp-json\/wp\/v2\/tags?post=84993"},{"taxonomy":"author","embeddable":true,"href":"https:\/\/economiasa.com.br\/blog\/wp-json\/wp\/v2\/ppma_author?post=84993"}],"curies":[{"name":"wp","href":"https:\/\/api.w.org\/{rel}","templated":true}]}}