{"id":84996,"date":"2026-09-02T13:23:26","date_gmt":"2026-09-02T16:23:26","guid":{"rendered":"https:\/\/economiasa.com.br\/blog\/?p=84996"},"modified":"2026-09-02T13:23:26","modified_gmt":"2026-09-02T16:23:26","slug":"experiencias-de-famosos-ampliam-debate-sobre-ayahuasca","status":"publish","type":"post","link":"https:\/\/economiasa.com.br\/blog\/experiencias-de-famosos-ampliam-debate-sobre-ayahuasca\/","title":{"rendered":"Experi\u00eancias de famosos ampliam debate sobre ayahuasca"},"content":{"rendered":"\n<p class=\"has-text-align-center wp-block-paragraph\"><em>Utilizada h\u00e1 s\u00e9culos por povos ind\u00edgenas, a bebida psicoativa desperta interesse por seus efeitos espirituais e poss\u00edveis aplica\u00e7\u00f5es terap\u00eauticas. O consumo, entretanto, pode provocar rea\u00e7\u00f5es graves, especialmente em pessoas vulner\u00e1veis<\/em><\/p>\n\n\n\n<p class=\"wp-block-paragraph\">Tamb\u00e9m conhecida como daime, hoasca ou vegetal, a ayahuasca \u00e9 utilizada em cerim\u00f4nias ind\u00edgenas e em religi\u00f5es como Santo Daime, Uni\u00e3o do Vegetal e Barquinha. Preparada geralmente com o cip\u00f3\u00a0<em>Banisteriopsis caapi<\/em>\u00a0e as folhas da\u00a0<em>Psychotria viridis<\/em>, cont\u00e9m DMT e outros compostos que alteram intensamente a percep\u00e7\u00e3o.<\/p>\n\n\n\n<p class=\"wp-block-paragraph\">Os participantes podem experimentar imagens, recorda\u00e7\u00f5es e emo\u00e7\u00f5es profundas, al\u00e9m de mudan\u00e7as na percep\u00e7\u00e3o do tempo. N\u00e1useas, v\u00f4mitos, tremores, aumento da press\u00e3o e acelera\u00e7\u00e3o dos batimentos card\u00edacos tamb\u00e9m podem ocorrer.<\/p>\n\n\n\n<p class=\"wp-block-paragraph\">A ci\u00eancia investiga poss\u00edveis efeitos contra a depress\u00e3o resistente, mas as evid\u00eancias ainda s\u00e3o preliminares. A bebida n\u00e3o deve ser apresentada como cura nem substituir psicoterapia, medicamentos ou atendimento m\u00e9dico.<\/p>\n\n\n\n<h2 id=\"h-famosos-relatam-experiencias\" class=\"wp-block-heading\">Famosos relatam experi\u00eancias<\/h2>\n\n\n\n<p class=\"wp-block-paragraph\">Alok declarou que participou de cerim\u00f4nias com ayahuasca ao se aproximar do povo Yawanaw\u00e1, no Acre. Segundo o DJ, a experi\u00eancia influenciou sua trajet\u00f3ria pessoal e projetos ligados \u00e0 cultura ancestral. Ele tamb\u00e9m alertou contra o consumo irrespons\u00e1vel.<\/p>\n\n\n\n<p class=\"wp-block-paragraph\">Mait\u00ea Proen\u00e7a e F\u00e1bio Porchat tamb\u00e9m falaram publicamente sobre experi\u00eancias com ayahuasca ou Santo Daime. Esses relatos ampliam o debate, mas n\u00e3o comprovam benef\u00edcios nem garantem seguran\u00e7a.<\/p>\n\n\n\n<h2 id=\"h-rubens-souza-relata-experiencia-de-quase-sete-anos\" class=\"wp-block-heading\">Rubens Souza relata experi\u00eancia de quase sete anos<\/h2>\n\n\n\n<p class=\"wp-block-paragraph\">O empres\u00e1rio Rubens Souza afirma ter participado de cerim\u00f4nias com ayahuasca durante quase sete anos, em encontros realizados aproximadamente a cada 15 dias. Segundo ele, n\u00e3o enfrentou problemas relacionados ao consumo e considera que as experi\u00eancias contribu\u00edram para mudan\u00e7as em sua vida pessoal, emocional e espiritual.<\/p>\n\n\n\n<h3 id=\"h-o-que-motivou-voce-a-participar-pela-primeira-vez-de-uma-cerimonia-com-ayahuasca\" class=\"wp-block-heading\">O que motivou voc\u00ea a participar pela primeira vez de uma cerim\u00f4nia com ayahuasca?<\/h3>\n\n\n\n<p class=\"wp-block-paragraph\"><strong>Rubens Souza: <\/strong>Recebi um convite do dirigente de uma cerim\u00f4nia quando tinha 16 anos, mas fui consagrar a ayahuasca pela primeira vez somente aos 25, quando senti o famoso \u201cchamado\u201d, express\u00e3o utilizada por quem participa desses rituais h\u00e1 algum tempo.<\/p>\n\n\n\n<h3 id=\"h-como-foram-suas-experiencias-e-quais-sensacoes-fisicas-emocionais-ou-espirituais-voce-percebeu\" class=\"wp-block-heading\">Como foram suas experi\u00eancias e quais sensa\u00e7\u00f5es f\u00edsicas, emocionais ou espirituais voc\u00ea percebeu?<\/h3>\n\n\n\n<p class=\"wp-block-paragraph\"><strong>RS:<\/strong> Consagrei a ayahuasca durante quase sete anos, em cerim\u00f4nias realizadas aproximadamente a cada 15 dias. Tive experi\u00eancias que considero fant\u00e1sticas e dif\u00edceis de explicar, respons\u00e1veis, na minha percep\u00e7\u00e3o, por um processo de cura e evolu\u00e7\u00e3o do meu ser.<\/p>\n\n\n\n<p class=\"wp-block-paragraph\">Em rela\u00e7\u00e3o ao corpo, aprendi a cuidar melhor da alimenta\u00e7\u00e3o e a compreender a import\u00e2ncia de h\u00e1bitos mais saud\u00e1veis. No campo mental, passei a refletir sobre o que considero certo e errado, as consequ\u00eancias das escolhas e a import\u00e2ncia de amar e respeitar o pr\u00f3ximo. Espiritualmente, desenvolvi a compreens\u00e3o de que precisamos corrigir nossos erros e buscar uma liga\u00e7\u00e3o maior com a natureza e o Criador.<\/p>\n\n\n\n<h3 id=\"h-voce-tomou-algum-cuidado-antes-de-consumir-a-bebida\" class=\"wp-block-heading\">Voc\u00ea tomou algum cuidado antes de consumir a bebida?<\/h3>\n\n\n\n<p class=\"wp-block-paragraph\"><strong>RS: <\/strong>Participei de uma institui\u00e7\u00e3o que considerei s\u00e9ria, comprometida com a preserva\u00e7\u00e3o dos ritos ancestrais. Tamb\u00e9m procurei saber a proced\u00eancia da bebida, que, segundo os respons\u00e1veis, vinha de comunidades ind\u00edgenas e de produtores do Acre e do Amazonas.<\/p>\n\n\n\n<h3 id=\"h-embora-nao-tenha-apresentado-problemas-voce-acredita-que-os-efeitos-podem-variar-de-uma-pessoa-para-outra\" class=\"wp-block-heading\">Embora n\u00e3o tenha apresentado problemas, voc\u00ea acredita que os efeitos podem variar de uma pessoa para outra?<\/h3>\n\n\n\n<p class=\"wp-block-paragraph\"><strong>RS: <\/strong>Sim. Na minha experi\u00eancia, uma cerim\u00f4nia pode trazer \u00e0 tona um grande volume de conte\u00fados emocionais. O estado psicol\u00f3gico e espiritual de cada pessoa influencia a maneira como isso ser\u00e1 compreendido, de forma mais leve ou mais densa. A rea\u00e7\u00e3o \u00e9 \u00fanica e varia de acordo com cada indiv\u00edduo.<\/p>\n\n\n\n<h3 id=\"h-que-orientacao-daria-a-alguem-interessado-nessa-experiencia\" class=\"wp-block-heading\">Que orienta\u00e7\u00e3o daria a algu\u00e9m interessado nessa experi\u00eancia?<\/h3>\n\n\n\n<p class=\"wp-block-paragraph\"><strong>RS: <\/strong>A primeira recomenda\u00e7\u00e3o \u00e9 procurar uma institui\u00e7\u00e3o respons\u00e1vel, que respeite rigorosamente os ritos ancestrais, informe a proced\u00eancia da bebida e avalie as condi\u00e7\u00f5es dos participantes. Tamb\u00e9m considero importante realizar uma prepara\u00e7\u00e3o anterior, cuidando da alimenta\u00e7\u00e3o e do equil\u00edbrio f\u00edsico, mental e emocional.<\/p>\n\n\n\n<h2 id=\"h-riscos-e-contraindicacoes\" class=\"wp-block-heading\">Riscos e contraindica\u00e7\u00f5es<\/h2>\n\n\n\n<p class=\"wp-block-paragraph\">Pessoas com hist\u00f3rico pessoal ou familiar de psicose, esquizofrenia, transtorno bipolar ou mania apresentam maior risco de desorganiza\u00e7\u00e3o mental. Tamb\u00e9m podem ocorrer intera\u00e7\u00f5es perigosas com antidepressivos e outros medicamentos. Nenhum tratamento deve ser interrompido sem orienta\u00e7\u00e3o m\u00e9dica.<\/p>\n\n\n\n<p class=\"wp-block-paragraph\">A experi\u00eancia positiva de Rubens representa uma viv\u00eancia individual e n\u00e3o comprova que a bebida seja segura para todas as pessoas.<\/p>\n\n\n\n<h2 id=\"h-o-caso-de-rian-brito\" class=\"wp-block-heading\">O caso de Rian Brito<\/h2>\n\n\n\n<p class=\"wp-block-paragraph\">Rian Brito, filho de Nizo Neto e neto de Chico Anysio, desapareceu em 2016 e foi encontrado morto por afogamento em uma praia de Quissam\u00e3, no Rio de Janeiro. Segundo a fam\u00edlia, ele teria apresentado altera\u00e7\u00f5es de comportamento e um surto psic\u00f3tico ap\u00f3s consumir ayahuasca.<\/p>\n\n\n\n<p class=\"wp-block-paragraph\">N\u00e3o houve comprova\u00e7\u00e3o m\u00e9dico-legal p\u00fablica de que a bebida tenha causado diretamente sua morte. O epis\u00f3dio, por\u00e9m, alerta para o risco de subst\u00e2ncias psicod\u00e9licas agravarem transtornos em pessoas vulner\u00e1veis.<\/p>\n\n\n\n<h2 id=\"h-uso-religioso-no-brasil\" class=\"wp-block-heading\">Uso religioso no Brasil<\/h2>\n\n\n\n<p class=\"wp-block-paragraph\">O uso religioso da ayahuasca \u00e9 reconhecido no Brasil e segue princ\u00edpios da Resolu\u00e7\u00e3o n\u00ba 1\/2010 do Conselho Nacional de Pol\u00edticas sobre Drogas. As normas desaconselham comercializa\u00e7\u00e3o, uso tur\u00edstico, associa\u00e7\u00e3o com drogas il\u00edcitas e promessas de cura.<\/p>\n\n\n\n<p class=\"wp-block-paragraph\">A tradi\u00e7\u00e3o espiritual merece respeito, mas n\u00e3o torna a bebida inofensiva. Seu consumo exige avalia\u00e7\u00e3o de sa\u00fade, informa\u00e7\u00e3o adequada, acompanhamento respons\u00e1vel e estrutura para emerg\u00eancias.<\/p>\n\n\n\n<figure class=\"wp-block-video\"><\/figure>\n\n\n\n<p class=\"wp-block-paragraph\"><\/p>\n","protected":false},"excerpt":{"rendered":"<p>Utilizada h\u00e1 s\u00e9culos por povos ind\u00edgenas, a bebida psicoativa desperta interesse por seus efeitos espirituais e poss\u00edveis aplica\u00e7\u00f5es terap\u00eauticas. O consumo, entretanto,&#8230;<\/p>\n","protected":false},"author":44,"featured_media":84997,"comment_status":"closed","ping_status":"open","sticky":false,"template":"","format":"standard","meta":{"footnotes":""},"categories":[12490],"tags":[],"ppma_author":[13247],"class_list":["post-84996","post","type-post","status-publish","format-standard","has-post-thumbnail","category-famosos"],"yoast_head":"<!-- This site is optimized with the Yoast SEO plugin v27.2 - https:\/\/yoast.com\/product\/yoast-seo-wordpress\/ -->\n<title>Experi\u00eancias de famosos ampliam debate sobre ayahuasca - Economia S\/A<\/title>\n<meta name=\"robots\" content=\"index, follow, max-snippet:-1, max-image-preview:large, max-video-preview:-1\" \/>\n<link rel=\"canonical\" href=\"https:\/\/economiasa.com.br\/blog\/experiencias-de-famosos-ampliam-debate-sobre-ayahuasca\/\" \/>\n<meta property=\"og:locale\" content=\"pt_BR\" \/>\n<meta property=\"og:type\" content=\"article\" \/>\n<meta property=\"og:title\" content=\"Experi\u00eancias de famosos ampliam debate sobre ayahuasca - Economia S\/A\" \/>\n<meta property=\"og:description\" content=\"Utilizada h\u00e1 s\u00e9culos por povos ind\u00edgenas, a bebida psicoativa desperta interesse por seus efeitos espirituais e poss\u00edveis aplica\u00e7\u00f5es terap\u00eauticas. O consumo, entretanto,...\" \/>\n<meta property=\"og:url\" content=\"https:\/\/economiasa.com.br\/blog\/experiencias-de-famosos-ampliam-debate-sobre-ayahuasca\/\" \/>\n<meta property=\"og:site_name\" content=\"Economia S\/A\" \/>\n<meta property=\"article:published_time\" content=\"2026-09-02T16:23:26+00:00\" \/>\n<meta property=\"og:image\" content=\"https:\/\/economiasa.com.br\/blog\/wp-content\/uploads\/2026\/09\/Famosos.jpg\" \/>\n\t<meta property=\"og:image:width\" content=\"1486\" \/>\n\t<meta property=\"og:image:height\" content=\"828\" \/>\n\t<meta property=\"og:image:type\" content=\"image\/jpeg\" \/>\n<meta name=\"author\" content=\"Reda\u00e7\u00e3o SP\" \/>\n<meta name=\"twitter:card\" content=\"summary_large_image\" \/>\n<meta name=\"twitter:label1\" content=\"Escrito por\" \/>\n\t<meta name=\"twitter:data1\" content=\"Reda\u00e7\u00e3o SP\" \/>\n\t<meta name=\"twitter:label2\" content=\"Est. tempo de leitura\" \/>\n\t<meta name=\"twitter:data2\" content=\"5 minutos\" \/>\n<script type=\"application\/ld+json\" class=\"yoast-schema-graph\">{\"@context\":\"https:\/\/schema.org\",\"@graph\":[{\"@type\":\"Article\",\"@id\":\"https:\/\/economiasa.com.br\/blog\/experiencias-de-famosos-ampliam-debate-sobre-ayahuasca\/#article\",\"isPartOf\":{\"@id\":\"https:\/\/economiasa.com.br\/blog\/experiencias-de-famosos-ampliam-debate-sobre-ayahuasca\/\"},\"author\":{\"name\":\"Reda\u00e7\u00e3o SP\",\"@id\":\"https:\/\/economiasa.com.br\/blog\/#\/schema\/person\/d791616a940a30f6b038a90699214d66\"},\"headline\":\"Experi\u00eancias de famosos ampliam debate sobre ayahuasca\",\"datePublished\":\"2026-09-02T16:23:26+00:00\",\"mainEntityOfPage\":{\"@id\":\"https:\/\/economiasa.com.br\/blog\/experiencias-de-famosos-ampliam-debate-sobre-ayahuasca\/\"},\"wordCount\":941,\"image\":{\"@id\":\"https:\/\/economiasa.com.br\/blog\/experiencias-de-famosos-ampliam-debate-sobre-ayahuasca\/#primaryimage\"},\"thumbnailUrl\":\"https:\/\/economiasa.com.br\/blog\/wp-content\/uploads\/2026\/09\/Famosos.jpg\",\"articleSection\":[\"Famosos\"],\"inLanguage\":\"pt-BR\"},{\"@type\":\"WebPage\",\"@id\":\"https:\/\/economiasa.com.br\/blog\/experiencias-de-famosos-ampliam-debate-sobre-ayahuasca\/\",\"url\":\"https:\/\/economiasa.com.br\/blog\/experiencias-de-famosos-ampliam-debate-sobre-ayahuasca\/\",\"name\":\"Experi\u00eancias de famosos ampliam debate sobre ayahuasca - Economia S\/A\",\"isPartOf\":{\"@id\":\"https:\/\/economiasa.com.br\/blog\/#website\"},\"primaryImageOfPage\":{\"@id\":\"https:\/\/economiasa.com.br\/blog\/experiencias-de-famosos-ampliam-debate-sobre-ayahuasca\/#primaryimage\"},\"image\":{\"@id\":\"https:\/\/economiasa.com.br\/blog\/experiencias-de-famosos-ampliam-debate-sobre-ayahuasca\/#primaryimage\"},\"thumbnailUrl\":\"https:\/\/economiasa.com.br\/blog\/wp-content\/uploads\/2026\/09\/Famosos.jpg\",\"datePublished\":\"2026-09-02T16:23:26+00:00\",\"author\":{\"@id\":\"https:\/\/economiasa.com.br\/blog\/#\/schema\/person\/d791616a940a30f6b038a90699214d66\"},\"breadcrumb\":{\"@id\":\"https:\/\/economiasa.com.br\/blog\/experiencias-de-famosos-ampliam-debate-sobre-ayahuasca\/#breadcrumb\"},\"inLanguage\":\"pt-BR\",\"potentialAction\":[{\"@type\":\"ReadAction\",\"target\":[\"https:\/\/economiasa.com.br\/blog\/experiencias-de-famosos-ampliam-debate-sobre-ayahuasca\/\"]}]},{\"@type\":\"ImageObject\",\"inLanguage\":\"pt-BR\",\"@id\":\"https:\/\/economiasa.com.br\/blog\/experiencias-de-famosos-ampliam-debate-sobre-ayahuasca\/#primaryimage\",\"url\":\"https:\/\/economiasa.com.br\/blog\/wp-content\/uploads\/2026\/09\/Famosos.jpg\",\"contentUrl\":\"https:\/\/economiasa.com.br\/blog\/wp-content\/uploads\/2026\/09\/Famosos.jpg\",\"width\":1486,\"height\":828},{\"@type\":\"BreadcrumbList\",\"@id\":\"https:\/\/economiasa.com.br\/blog\/experiencias-de-famosos-ampliam-debate-sobre-ayahuasca\/#breadcrumb\",\"itemListElement\":[{\"@type\":\"ListItem\",\"position\":1,\"name\":\"In\u00edcio\",\"item\":\"https:\/\/economiasa.com.br\/blog\/\"},{\"@type\":\"ListItem\",\"position\":2,\"name\":\"Experi\u00eancias de famosos ampliam debate sobre ayahuasca\"}]},{\"@type\":\"WebSite\",\"@id\":\"https:\/\/economiasa.com.br\/blog\/#website\",\"url\":\"https:\/\/economiasa.com.br\/blog\/\",\"name\":\"Economia S\/A\",\"description\":\"Ler faz bem para os neg\u00f3cios\",\"potentialAction\":[{\"@type\":\"SearchAction\",\"target\":{\"@type\":\"EntryPoint\",\"urlTemplate\":\"https:\/\/economiasa.com.br\/blog\/?s={search_term_string}\"},\"query-input\":{\"@type\":\"PropertyValueSpecification\",\"valueRequired\":true,\"valueName\":\"search_term_string\"}}],\"inLanguage\":\"pt-BR\"},{\"@type\":\"Person\",\"@id\":\"https:\/\/economiasa.com.br\/blog\/#\/schema\/person\/d791616a940a30f6b038a90699214d66\",\"name\":\"Reda\u00e7\u00e3o SP\",\"image\":{\"@type\":\"ImageObject\",\"inLanguage\":\"pt-BR\",\"@id\":\"https:\/\/secure.gravatar.com\/avatar\/f1903c43bb0ce47e231d220a8c529752f7dd10fa0593b499b89a6adf3fccda5f?s=96&d=mm&r=g4354ebb941970808f778eb723ec6efc8\",\"url\":\"https:\/\/secure.gravatar.com\/avatar\/f1903c43bb0ce47e231d220a8c529752f7dd10fa0593b499b89a6adf3fccda5f?s=96&d=mm&r=g\",\"contentUrl\":\"https:\/\/secure.gravatar.com\/avatar\/f1903c43bb0ce47e231d220a8c529752f7dd10fa0593b499b89a6adf3fccda5f?s=96&d=mm&r=g\",\"caption\":\"Reda\u00e7\u00e3o SP\"},\"url\":\"https:\/\/economiasa.com.br\/blog\/author\/roberto\/\"}]}<\/script>\n<!-- \/ Yoast SEO plugin. -->","yoast_head_json":{"title":"Experi\u00eancias de famosos ampliam debate sobre ayahuasca - Economia S\/A","robots":{"index":"index","follow":"follow","max-snippet":"max-snippet:-1","max-image-preview":"max-image-preview:large","max-video-preview":"max-video-preview:-1"},"canonical":"https:\/\/economiasa.com.br\/blog\/experiencias-de-famosos-ampliam-debate-sobre-ayahuasca\/","og_locale":"pt_BR","og_type":"article","og_title":"Experi\u00eancias de famosos ampliam debate sobre ayahuasca - Economia S\/A","og_description":"Utilizada h\u00e1 s\u00e9culos por povos ind\u00edgenas, a bebida psicoativa desperta interesse por seus efeitos espirituais e poss\u00edveis aplica\u00e7\u00f5es terap\u00eauticas. O consumo, entretanto,...","og_url":"https:\/\/economiasa.com.br\/blog\/experiencias-de-famosos-ampliam-debate-sobre-ayahuasca\/","og_site_name":"Economia S\/A","article_published_time":"2026-09-02T16:23:26+00:00","og_image":[{"width":1486,"height":828,"url":"https:\/\/economiasa.com.br\/blog\/wp-content\/uploads\/2026\/09\/Famosos.jpg","type":"image\/jpeg"}],"author":"Reda\u00e7\u00e3o SP","twitter_card":"summary_large_image","twitter_misc":{"Escrito por":"Reda\u00e7\u00e3o SP","Est. tempo de leitura":"5 minutos"},"schema":{"@context":"https:\/\/schema.org","@graph":[{"@type":"Article","@id":"https:\/\/economiasa.com.br\/blog\/experiencias-de-famosos-ampliam-debate-sobre-ayahuasca\/#article","isPartOf":{"@id":"https:\/\/economiasa.com.br\/blog\/experiencias-de-famosos-ampliam-debate-sobre-ayahuasca\/"},"author":{"name":"Reda\u00e7\u00e3o SP","@id":"https:\/\/economiasa.com.br\/blog\/#\/schema\/person\/d791616a940a30f6b038a90699214d66"},"headline":"Experi\u00eancias de famosos ampliam debate sobre ayahuasca","datePublished":"2026-09-02T16:23:26+00:00","mainEntityOfPage":{"@id":"https:\/\/economiasa.com.br\/blog\/experiencias-de-famosos-ampliam-debate-sobre-ayahuasca\/"},"wordCount":941,"image":{"@id":"https:\/\/economiasa.com.br\/blog\/experiencias-de-famosos-ampliam-debate-sobre-ayahuasca\/#primaryimage"},"thumbnailUrl":"https:\/\/economiasa.com.br\/blog\/wp-content\/uploads\/2026\/09\/Famosos.jpg","articleSection":["Famosos"],"inLanguage":"pt-BR"},{"@type":"WebPage","@id":"https:\/\/economiasa.com.br\/blog\/experiencias-de-famosos-ampliam-debate-sobre-ayahuasca\/","url":"https:\/\/economiasa.com.br\/blog\/experiencias-de-famosos-ampliam-debate-sobre-ayahuasca\/","name":"Experi\u00eancias de famosos ampliam debate sobre ayahuasca - Economia S\/A","isPartOf":{"@id":"https:\/\/economiasa.com.br\/blog\/#website"},"primaryImageOfPage":{"@id":"https:\/\/economiasa.com.br\/blog\/experiencias-de-famosos-ampliam-debate-sobre-ayahuasca\/#primaryimage"},"image":{"@id":"https:\/\/economiasa.com.br\/blog\/experiencias-de-famosos-ampliam-debate-sobre-ayahuasca\/#primaryimage"},"thumbnailUrl":"https:\/\/economiasa.com.br\/blog\/wp-content\/uploads\/2026\/09\/Famosos.jpg","datePublished":"2026-09-02T16:23:26+00:00","author":{"@id":"https:\/\/economiasa.com.br\/blog\/#\/schema\/person\/d791616a940a30f6b038a90699214d66"},"breadcrumb":{"@id":"https:\/\/economiasa.com.br\/blog\/experiencias-de-famosos-ampliam-debate-sobre-ayahuasca\/#breadcrumb"},"inLanguage":"pt-BR","potentialAction":[{"@type":"ReadAction","target":["https:\/\/economiasa.com.br\/blog\/experiencias-de-famosos-ampliam-debate-sobre-ayahuasca\/"]}]},{"@type":"ImageObject","inLanguage":"pt-BR","@id":"https:\/\/economiasa.com.br\/blog\/experiencias-de-famosos-ampliam-debate-sobre-ayahuasca\/#primaryimage","url":"https:\/\/economiasa.com.br\/blog\/wp-content\/uploads\/2026\/09\/Famosos.jpg","contentUrl":"https:\/\/economiasa.com.br\/blog\/wp-content\/uploads\/2026\/09\/Famosos.jpg","width":1486,"height":828},{"@type":"BreadcrumbList","@id":"https:\/\/economiasa.com.br\/blog\/experiencias-de-famosos-ampliam-debate-sobre-ayahuasca\/#breadcrumb","itemListElement":[{"@type":"ListItem","position":1,"name":"In\u00edcio","item":"https:\/\/economiasa.com.br\/blog\/"},{"@type":"ListItem","position":2,"name":"Experi\u00eancias de famosos ampliam debate sobre ayahuasca"}]},{"@type":"WebSite","@id":"https:\/\/economiasa.com.br\/blog\/#website","url":"https:\/\/economiasa.com.br\/blog\/","name":"Economia S\/A","description":"Ler faz bem para os neg\u00f3cios","potentialAction":[{"@type":"SearchAction","target":{"@type":"EntryPoint","urlTemplate":"https:\/\/economiasa.com.br\/blog\/?s={search_term_string}"},"query-input":{"@type":"PropertyValueSpecification","valueRequired":true,"valueName":"search_term_string"}}],"inLanguage":"pt-BR"},{"@type":"Person","@id":"https:\/\/economiasa.com.br\/blog\/#\/schema\/person\/d791616a940a30f6b038a90699214d66","name":"Reda\u00e7\u00e3o SP","image":{"@type":"ImageObject","inLanguage":"pt-BR","@id":"https:\/\/secure.gravatar.com\/avatar\/f1903c43bb0ce47e231d220a8c529752f7dd10fa0593b499b89a6adf3fccda5f?s=96&d=mm&r=g4354ebb941970808f778eb723ec6efc8","url":"https:\/\/secure.gravatar.com\/avatar\/f1903c43bb0ce47e231d220a8c529752f7dd10fa0593b499b89a6adf3fccda5f?s=96&d=mm&r=g","contentUrl":"https:\/\/secure.gravatar.com\/avatar\/f1903c43bb0ce47e231d220a8c529752f7dd10fa0593b499b89a6adf3fccda5f?s=96&d=mm&r=g","caption":"Reda\u00e7\u00e3o SP"},"url":"https:\/\/economiasa.com.br\/blog\/author\/roberto\/"}]}},"authors":[{"term_id":13247,"user_id":44,"is_guest":0,"slug":"roberto","display_name":"Reda\u00e7\u00e3o SP","avatar_url":"https:\/\/secure.gravatar.com\/avatar\/f1903c43bb0ce47e231d220a8c529752f7dd10fa0593b499b89a6adf3fccda5f?s=96&d=mm&r=g","author_category":"","first_name":"Roberto Rodrigues","last_name":"Reda\u00e7\u00e3o SP","user_url":"","job_title":"","description":""}],"amp_enabled":true,"_links":{"self":[{"href":"https:\/\/economiasa.com.br\/blog\/wp-json\/wp\/v2\/posts\/84996","targetHints":{"allow":["GET"]}}],"collection":[{"href":"https:\/\/economiasa.com.br\/blog\/wp-json\/wp\/v2\/posts"}],"about":[{"href":"https:\/\/economiasa.com.br\/blog\/wp-json\/wp\/v2\/types\/post"}],"author":[{"embeddable":true,"href":"https:\/\/economiasa.com.br\/blog\/wp-json\/wp\/v2\/users\/44"}],"replies":[{"embeddable":true,"href":"https:\/\/economiasa.com.br\/blog\/wp-json\/wp\/v2\/comments?post=84996"}],"version-history":[{"count":0,"href":"https:\/\/economiasa.com.br\/blog\/wp-json\/wp\/v2\/posts\/84996\/revisions"}],"wp:featuredmedia":[{"embeddable":true,"href":"https:\/\/economiasa.com.br\/blog\/wp-json\/wp\/v2\/media\/84997"}],"wp:attachment":[{"href":"https:\/\/economiasa.com.br\/blog\/wp-json\/wp\/v2\/media?parent=84996"}],"wp:term":[{"taxonomy":"category","embeddable":true,"href":"https:\/\/economiasa.com.br\/blog\/wp-json\/wp\/v2\/categories?post=84996"},{"taxonomy":"post_tag","embeddable":true,"href":"https:\/\/economiasa.com.br\/blog\/wp-json\/wp\/v2\/tags?post=84996"},{"taxonomy":"author","embeddable":true,"href":"https:\/\/economiasa.com.br\/blog\/wp-json\/wp\/v2\/ppma_author?post=84996"}],"curies":[{"name":"wp","href":"https:\/\/api.w.org\/{rel}","templated":true}]}}