{"id":85000,"date":"2026-09-02T17:24:12","date_gmt":"2026-09-02T20:24:12","guid":{"rendered":"https:\/\/economiasa.com.br\/blog\/?p=85000"},"modified":"2026-09-02T17:24:13","modified_gmt":"2026-09-02T20:24:13","slug":"vanessa-jackson-comemora-45-anos-com-festa-de-michael-jackson-e-concurso-de-fantasias","status":"publish","type":"post","link":"https:\/\/economiasa.com.br\/blog\/vanessa-jackson-comemora-45-anos-com-festa-de-michael-jackson-e-concurso-de-fantasias\/","title":{"rendered":"Vanessa Jackson comemora 45 anos com festa de Michael Jackson e concurso de fantasias"},"content":{"rendered":"\n<p class=\"wp-block-paragraph\">A cantora Vanessa Jackson comemorou seus 45 anos no dia 20 de agosto, no Buffet Metr\u00f3pole, em S\u00e3o Paulo, com uma festa dedicada a Michael Jackson, artista que faz parte de sua hist\u00f3ria desde a inf\u00e2ncia. Produzida pela Business Group Events, sob dire\u00e7\u00e3o e produ\u00e7\u00e3o de Alessandra Astolphi e Adilson Ferreira, a celebra\u00e7\u00e3o reuniu familiares e amigos e teve como uma das atra\u00e7\u00f5es um concurso que premiou as quatro melhores fantasias inspiradas no cantor.<\/p>\n\n\n\n<figure class=\"wp-block-image size-large\"><img loading=\"lazy\" decoding=\"async\" width=\"576\" height=\"1024\" src=\"https:\/\/economiasa.com.br\/blog\/wp-content\/uploads\/2026\/09\/WhatsApp-Image-2026-09-02-at-3.39.38-PM-576x1024.jpeg\" alt=\"Cr\u00e9ditos da Foto: Divulga\u00e7\u00e3o\" class=\"wp-image-85001\" srcset=\"https:\/\/economiasa.com.br\/blog\/wp-content\/uploads\/2026\/09\/WhatsApp-Image-2026-09-02-at-3.39.38-PM-576x1024.jpeg 576w, https:\/\/economiasa.com.br\/blog\/wp-content\/uploads\/2026\/09\/WhatsApp-Image-2026-09-02-at-3.39.38-PM-169x300.jpeg 169w, https:\/\/economiasa.com.br\/blog\/wp-content\/uploads\/2026\/09\/WhatsApp-Image-2026-09-02-at-3.39.38-PM-360x640.jpeg 360w, https:\/\/economiasa.com.br\/blog\/wp-content\/uploads\/2026\/09\/WhatsApp-Image-2026-09-02-at-3.39.38-PM.jpeg 720w\" sizes=\"auto, (max-width: 576px) 100vw, 576px\" \/><figcaption class=\"wp-element-caption\">Cr\u00e9ditos da Foto: Divulga\u00e7\u00e3o<\/figcaption><\/figure>\n\n\n\n<p class=\"wp-block-paragraph\">A escolha do tema n\u00e3o foi por acaso. Vanessa conta que sua rela\u00e7\u00e3o com Michael Jackson come\u00e7ou ainda na inf\u00e2ncia, quando passou a imitar o artista e os Jackson 5 na escola, influenciada pelo seriado Um Sonho Americano. Foi tamb\u00e9m nessa \u00e9poca que surgiu o apelido Jackson, dado pelos colegas, que mais tarde seria incorporado ao seu nome art\u00edstico.<\/p>\n\n\n\n<p class=\"wp-block-paragraph\">\u201cEu sou fan\u00e1tica, sou \u2018Jacksonman\u00edaca\u2019. Acabei escolhendo esse tema porque meu nome vem do Jackson. Comecei a imitar Michael Jackson e os Jackson 5 na \u00e9poca em que estava passando \u2018Um Sonho Americano\u2019 na Rede Globo. Eu tinha 9 anos e comecei a imit\u00e1-los na escola. Todo mundo come\u00e7ou a me chamar de Jackson, e da\u00ed surgiu Vanessa Jackson\u201d, relembra.<\/p>\n\n\n\n<figure class=\"wp-block-image size-large\"><img loading=\"lazy\" decoding=\"async\" width=\"768\" height=\"1024\" src=\"https:\/\/economiasa.com.br\/blog\/wp-content\/uploads\/2026\/09\/WhatsApp-Image-2026-09-02-at-3.39.44-PM-768x1024.jpeg\" alt=\"Cr\u00e9ditos da Foto: Divulga\u00e7\u00e3o\" class=\"wp-image-85003\" srcset=\"https:\/\/economiasa.com.br\/blog\/wp-content\/uploads\/2026\/09\/WhatsApp-Image-2026-09-02-at-3.39.44-PM-768x1024.jpeg 768w, https:\/\/economiasa.com.br\/blog\/wp-content\/uploads\/2026\/09\/WhatsApp-Image-2026-09-02-at-3.39.44-PM-225x300.jpeg 225w, https:\/\/economiasa.com.br\/blog\/wp-content\/uploads\/2026\/09\/WhatsApp-Image-2026-09-02-at-3.39.44-PM-360x480.jpeg 360w, https:\/\/economiasa.com.br\/blog\/wp-content\/uploads\/2026\/09\/WhatsApp-Image-2026-09-02-at-3.39.44-PM.jpeg 960w\" sizes=\"auto, (max-width: 768px) 100vw, 768px\" \/><figcaption class=\"wp-element-caption\">Cr\u00e9ditos da Foto: Divulga\u00e7\u00e3o<\/figcaption><\/figure>\n\n\n\n<p class=\"wp-block-paragraph\">A proposta da festa, no entanto, n\u00e3o ficou restrita ao clipe Thriller. Vanessa escolheu um figurino inspirado na produ\u00e7\u00e3o, mas a orienta\u00e7\u00e3o para os convidados foi utilizar elementos dos figurinos de diferentes fases da carreira de Michael Jackson, desde o per\u00edodo com os Jackson 5 at\u00e9 a trajet\u00f3ria solo. A decora\u00e7\u00e3o ficou sob responsabilidade da Gih Festas (@gihfestas_oficial).<\/p>\n\n\n\n<figure class=\"wp-block-image size-large\"><img loading=\"lazy\" decoding=\"async\" width=\"576\" height=\"1024\" src=\"https:\/\/economiasa.com.br\/blog\/wp-content\/uploads\/2026\/09\/WhatsApp-Image-2026-09-02-at-3.39.42-PM-1-576x1024.jpeg\" alt=\"Cr\u00e9ditos da Foto: Divulga\u00e7\u00e3o\" class=\"wp-image-85005\" srcset=\"https:\/\/economiasa.com.br\/blog\/wp-content\/uploads\/2026\/09\/WhatsApp-Image-2026-09-02-at-3.39.42-PM-1-576x1024.jpeg 576w, https:\/\/economiasa.com.br\/blog\/wp-content\/uploads\/2026\/09\/WhatsApp-Image-2026-09-02-at-3.39.42-PM-1-169x300.jpeg 169w, https:\/\/economiasa.com.br\/blog\/wp-content\/uploads\/2026\/09\/WhatsApp-Image-2026-09-02-at-3.39.42-PM-1-768x1365.jpeg 768w, https:\/\/economiasa.com.br\/blog\/wp-content\/uploads\/2026\/09\/WhatsApp-Image-2026-09-02-at-3.39.42-PM-1-864x1536.jpeg 864w, https:\/\/economiasa.com.br\/blog\/wp-content\/uploads\/2026\/09\/WhatsApp-Image-2026-09-02-at-3.39.42-PM-1-360x640.jpeg 360w, https:\/\/economiasa.com.br\/blog\/wp-content\/uploads\/2026\/09\/WhatsApp-Image-2026-09-02-at-3.39.42-PM-1.jpeg 900w\" sizes=\"auto, (max-width: 576px) 100vw, 576px\" \/><figcaption class=\"wp-element-caption\">Cr\u00e9ditos da Foto: Divulga\u00e7\u00e3o<\/figcaption><\/figure>\n\n\n\n<p class=\"wp-block-paragraph\">A gastronomia tamb\u00e9m recebeu aten\u00e7\u00e3o especial na produ\u00e7\u00e3o. O jantar teve pratos preparados pelo chef Marcelo Lim\u00e3o (@chefmarcelolimao), incluindo a paella, que levou frutos do mar fornecidos pela RR Pescados (@rr.pescados). As massas servidas aos convidados foram fornecidas pela Sabores do Nonno (@saboresdononno), empresa da qual Cadu Moura \u00e9 CEO. O card\u00e1pio contou ainda com salgados, doces e bolo, escolhido por Vanessa no sabor ninho com uva It\u00e1lia sem semente.<\/p>\n\n\n\n<figure class=\"wp-block-image size-large\"><img loading=\"lazy\" decoding=\"async\" width=\"576\" height=\"1024\" src=\"https:\/\/economiasa.com.br\/blog\/wp-content\/uploads\/2026\/09\/WhatsApp-Image-2026-09-02-at-3.39.33-PM-576x1024.jpeg\" alt=\"Cr\u00e9ditos da Foto: Divulga\u00e7\u00e3o\" class=\"wp-image-85004\" srcset=\"https:\/\/economiasa.com.br\/blog\/wp-content\/uploads\/2026\/09\/WhatsApp-Image-2026-09-02-at-3.39.33-PM-576x1024.jpeg 576w, https:\/\/economiasa.com.br\/blog\/wp-content\/uploads\/2026\/09\/WhatsApp-Image-2026-09-02-at-3.39.33-PM-169x300.jpeg 169w, https:\/\/economiasa.com.br\/blog\/wp-content\/uploads\/2026\/09\/WhatsApp-Image-2026-09-02-at-3.39.33-PM-768x1365.jpeg 768w, https:\/\/economiasa.com.br\/blog\/wp-content\/uploads\/2026\/09\/WhatsApp-Image-2026-09-02-at-3.39.33-PM-864x1536.jpeg 864w, https:\/\/economiasa.com.br\/blog\/wp-content\/uploads\/2026\/09\/WhatsApp-Image-2026-09-02-at-3.39.33-PM-360x640.jpeg 360w, https:\/\/economiasa.com.br\/blog\/wp-content\/uploads\/2026\/09\/WhatsApp-Image-2026-09-02-at-3.39.33-PM.jpeg 900w\" sizes=\"auto, (max-width: 576px) 100vw, 576px\" \/><figcaption class=\"wp-element-caption\">Cr\u00e9ditos da Foto: Divulga\u00e7\u00e3o<\/figcaption><\/figure>\n\n\n\n<p class=\"wp-block-paragraph\">O concurso de fantasias integrou a pr\u00f3pria proposta tem\u00e1tica da comemora\u00e7\u00e3o e teve quatro posi\u00e7\u00f5es de premia\u00e7\u00e3o. Entre os parceiros que participaram da a\u00e7\u00e3o est\u00e3o @tecnogamesbr, @sensespraiahotel e @dra.aleoldani. A produ\u00e7\u00e3o da festa contou ainda com @luniee_eventosgasrtronomicos, @nicedrinks_, @liihbuselli, @ceocadumoura, @grafestasbuffet, @kazulocosmeticoficial, @Djfunk, @wendellbranding, @amora.amoramesa, @buffetmetropoleoficial, @psico_elainebattissaco, @cabanasacquaoficial, @a_queridinha_dos_artistas_, @newarteventos_, @igornfernandes_, @framorconfeitaria e @acaifrutabrasileira.<\/p>\n\n\n\n<figure class=\"wp-block-image size-large\"><img loading=\"lazy\" decoding=\"async\" width=\"768\" height=\"1024\" src=\"https:\/\/economiasa.com.br\/blog\/wp-content\/uploads\/2026\/09\/WhatsApp-Image-2026-09-02-at-3.39.39-PM-768x1024.jpeg\" alt=\"Cr\u00e9ditos da Foto: Divulga\u00e7\u00e3o\" class=\"wp-image-85006\" srcset=\"https:\/\/economiasa.com.br\/blog\/wp-content\/uploads\/2026\/09\/WhatsApp-Image-2026-09-02-at-3.39.39-PM-768x1024.jpeg 768w, https:\/\/economiasa.com.br\/blog\/wp-content\/uploads\/2026\/09\/WhatsApp-Image-2026-09-02-at-3.39.39-PM-225x300.jpeg 225w, https:\/\/economiasa.com.br\/blog\/wp-content\/uploads\/2026\/09\/WhatsApp-Image-2026-09-02-at-3.39.39-PM-1152x1536.jpeg 1152w, https:\/\/economiasa.com.br\/blog\/wp-content\/uploads\/2026\/09\/WhatsApp-Image-2026-09-02-at-3.39.39-PM-360x480.jpeg 360w, https:\/\/economiasa.com.br\/blog\/wp-content\/uploads\/2026\/09\/WhatsApp-Image-2026-09-02-at-3.39.39-PM.jpeg 1200w\" sizes=\"auto, (max-width: 768px) 100vw, 768px\" \/><figcaption class=\"wp-element-caption\">Cr\u00e9ditos da Foto: Divulga\u00e7\u00e3o<\/figcaption><\/figure>\n\n\n\n<p class=\"wp-block-paragraph\">A comemora\u00e7\u00e3o tamb\u00e9m marcou o lan\u00e7amento do Amaro Luxo by Vanessa Jackson, fragr\u00e2ncia desenvolvida pela NDL Fragr\u00e2ncias (@ndlfragrancias). Segundo a cantora, as notas do perfume foram escolhidas por ela, que participou da defini\u00e7\u00e3o da composi\u00e7\u00e3o do produto.<\/p>\n\n\n\n<p class=\"wp-block-paragraph\">Para Vanessa, a realiza\u00e7\u00e3o da festa ganhou um significado especial por coincidir com uma fase de novos projetos profissionais. A cantora afirma que chegou a considerar n\u00e3o comemorar o anivers\u00e1rio, mas mudou de ideia depois da proposta de Alessandra Astolphi para organizar o evento.<\/p>\n\n\n\n<figure class=\"wp-block-image size-large\"><img loading=\"lazy\" decoding=\"async\" width=\"576\" height=\"1024\" src=\"https:\/\/economiasa.com.br\/blog\/wp-content\/uploads\/2026\/09\/WhatsApp-Image-2026-09-02-at-3.39.35-PM-576x1024.jpeg\" alt=\"Cr\u00e9ditos da Foto: Divulga\u00e7\u00e3o\" class=\"wp-image-85007\" srcset=\"https:\/\/economiasa.com.br\/blog\/wp-content\/uploads\/2026\/09\/WhatsApp-Image-2026-09-02-at-3.39.35-PM-576x1024.jpeg 576w, https:\/\/economiasa.com.br\/blog\/wp-content\/uploads\/2026\/09\/WhatsApp-Image-2026-09-02-at-3.39.35-PM-169x300.jpeg 169w, https:\/\/economiasa.com.br\/blog\/wp-content\/uploads\/2026\/09\/WhatsApp-Image-2026-09-02-at-3.39.35-PM-768x1365.jpeg 768w, https:\/\/economiasa.com.br\/blog\/wp-content\/uploads\/2026\/09\/WhatsApp-Image-2026-09-02-at-3.39.35-PM-864x1536.jpeg 864w, https:\/\/economiasa.com.br\/blog\/wp-content\/uploads\/2026\/09\/WhatsApp-Image-2026-09-02-at-3.39.35-PM-360x640.jpeg 360w, https:\/\/economiasa.com.br\/blog\/wp-content\/uploads\/2026\/09\/WhatsApp-Image-2026-09-02-at-3.39.35-PM.jpeg 900w\" sizes=\"auto, (max-width: 576px) 100vw, 576px\" \/><figcaption class=\"wp-element-caption\">Cr\u00e9ditos da Foto: Divulga\u00e7\u00e3o<\/figcaption><\/figure>\n\n\n\n<p class=\"wp-block-paragraph\">\u201cEsses 45 anos foram um presente. Eu n\u00e3o ia comemorar. Cheguei a cogitar fazer uma festa, mas desisti porque n\u00e3o tinha ningu\u00e9m \u00e0 altura para fazer uma festa bacana na qual eu me sentisse especial. A Alessandra Astolphi me convenceu a fazer e disse que faria uma festa inesquec\u00edvel. E fez\u201d, afirma.<\/p>\n\n\n\n<figure class=\"wp-block-image size-large\"><img loading=\"lazy\" decoding=\"async\" width=\"576\" height=\"1024\" src=\"https:\/\/economiasa.com.br\/blog\/wp-content\/uploads\/2026\/09\/WhatsApp-Image-2026-09-02-at-3.39.36-PM-576x1024.jpeg\" alt=\"Cr\u00e9ditos da Foto: Divulga\u00e7\u00e3o\" class=\"wp-image-85008\" srcset=\"https:\/\/economiasa.com.br\/blog\/wp-content\/uploads\/2026\/09\/WhatsApp-Image-2026-09-02-at-3.39.36-PM-576x1024.jpeg 576w, https:\/\/economiasa.com.br\/blog\/wp-content\/uploads\/2026\/09\/WhatsApp-Image-2026-09-02-at-3.39.36-PM-169x300.jpeg 169w, https:\/\/economiasa.com.br\/blog\/wp-content\/uploads\/2026\/09\/WhatsApp-Image-2026-09-02-at-3.39.36-PM-360x640.jpeg 360w, https:\/\/economiasa.com.br\/blog\/wp-content\/uploads\/2026\/09\/WhatsApp-Image-2026-09-02-at-3.39.36-PM.jpeg 720w\" sizes=\"auto, (max-width: 576px) 100vw, 576px\" \/><figcaption class=\"wp-element-caption\">Cr\u00e9ditos da Foto: Divulga\u00e7\u00e3o<\/figcaption><\/figure>\n\n\n\n<figure class=\"wp-block-image size-large\"><img loading=\"lazy\" decoding=\"async\" width=\"768\" height=\"1024\" src=\"https:\/\/economiasa.com.br\/blog\/wp-content\/uploads\/2026\/09\/WhatsApp-Image-2026-09-02-at-3.39.37-PM-768x1024.jpeg\" alt=\"Cr\u00e9ditos da Foto: Divulga\u00e7\u00e3o\" class=\"wp-image-85009\" srcset=\"https:\/\/economiasa.com.br\/blog\/wp-content\/uploads\/2026\/09\/WhatsApp-Image-2026-09-02-at-3.39.37-PM-768x1024.jpeg 768w, https:\/\/economiasa.com.br\/blog\/wp-content\/uploads\/2026\/09\/WhatsApp-Image-2026-09-02-at-3.39.37-PM-225x300.jpeg 225w, https:\/\/economiasa.com.br\/blog\/wp-content\/uploads\/2026\/09\/WhatsApp-Image-2026-09-02-at-3.39.37-PM-360x480.jpeg 360w, https:\/\/economiasa.com.br\/blog\/wp-content\/uploads\/2026\/09\/WhatsApp-Image-2026-09-02-at-3.39.37-PM.jpeg 960w\" sizes=\"auto, (max-width: 768px) 100vw, 768px\" \/><figcaption class=\"wp-element-caption\">Cr\u00e9ditos da Foto: Divulga\u00e7\u00e3o<\/figcaption><\/figure>\n\n\n\n<p class=\"wp-block-paragraph\">Aos 45 anos, Vanessa tamb\u00e9m se prepara para novos compromissos na carreira, entre eles uma turn\u00ea internacional e a participa\u00e7\u00e3o no Rock in Rio como voz do espet\u00e1culo ECO, da Light Wire. A cantora v\u00ea esse per\u00edodo como uma oportunidade de continuar ampliando sua atua\u00e7\u00e3o nos palcos e, ao mesmo tempo, desenvolver projetos que considera importantes para sua trajet\u00f3ria.<\/p>\n\n\n\n<figure class=\"wp-block-image size-large\"><img loading=\"lazy\" decoding=\"async\" width=\"768\" height=\"1024\" src=\"https:\/\/economiasa.com.br\/blog\/wp-content\/uploads\/2026\/09\/WhatsApp-Image-2026-09-02-at-3.39.34-PM-768x1024.jpeg\" alt=\"Cr\u00e9ditos da Foto: Divulga\u00e7\u00e3o\" class=\"wp-image-85010\" srcset=\"https:\/\/economiasa.com.br\/blog\/wp-content\/uploads\/2026\/09\/WhatsApp-Image-2026-09-02-at-3.39.34-PM-768x1024.jpeg 768w, https:\/\/economiasa.com.br\/blog\/wp-content\/uploads\/2026\/09\/WhatsApp-Image-2026-09-02-at-3.39.34-PM-225x300.jpeg 225w, https:\/\/economiasa.com.br\/blog\/wp-content\/uploads\/2026\/09\/WhatsApp-Image-2026-09-02-at-3.39.34-PM-360x480.jpeg 360w, https:\/\/economiasa.com.br\/blog\/wp-content\/uploads\/2026\/09\/WhatsApp-Image-2026-09-02-at-3.39.34-PM.jpeg 1086w\" sizes=\"auto, (max-width: 768px) 100vw, 768px\" \/><figcaption class=\"wp-element-caption\">Cr\u00e9ditos da Foto: Divulga\u00e7\u00e3o<\/figcaption><\/figure>\n\n\n\n<p class=\"wp-block-paragraph\">\u201cFoi uma festa inesquec\u00edvel, em um momento muito especial da minha carreira, com projetos como uma turn\u00ea internacional e minha estreia no Rock in Rio pelo Light Wire, no espet\u00e1culo \u2018ECO\u2019, em que sou a voz. Participar todos os dias do Rock in Rio \u00e9 muito especial. Estou em um momento muito bacana da minha vida, aos 45 anos, e foi gratificante. Foi uma festa inesquec\u00edvel que a Al\u00ea realizou para mim\u201d, conta.<\/p>\n\n\n\n<p class=\"wp-block-paragraph\">Mais informa\u00e7\u00f5es sobre o trabalho de Vanessa Jackson podem ser acompanhadas pelo perfil <a href=\"https:\/\/www.instagram.com\/vanessajacksonoficial\/\">@vanessajacksonoficial<\/a>, no Instagram.<\/p>\n","protected":false},"excerpt":{"rendered":"<p>A cantora Vanessa Jackson comemorou seus 45 anos no dia 20 de agosto, no Buffet Metr\u00f3pole, em S\u00e3o Paulo, com uma festa&#8230;<\/p>\n","protected":false},"author":13,"featured_media":85002,"comment_status":"closed","ping_status":"open","sticky":false,"template":"","format":"standard","meta":{"footnotes":""},"categories":[1973],"tags":[],"ppma_author":[13237],"class_list":["post-85000","post","type-post","status-publish","format-standard","has-post-thumbnail","category-eventos"],"yoast_head":"<!-- This site is optimized with the Yoast SEO plugin v27.2 - https:\/\/yoast.com\/product\/yoast-seo-wordpress\/ -->\n<title>Vanessa Jackson comemora 45 anos com festa de Michael Jackson e concurso de fantasias - Economia S\/A<\/title>\n<meta name=\"robots\" content=\"index, follow, max-snippet:-1, max-image-preview:large, max-video-preview:-1\" \/>\n<link rel=\"canonical\" href=\"https:\/\/economiasa.com.br\/blog\/vanessa-jackson-comemora-45-anos-com-festa-de-michael-jackson-e-concurso-de-fantasias\/\" \/>\n<meta property=\"og:locale\" content=\"pt_BR\" \/>\n<meta property=\"og:type\" content=\"article\" \/>\n<meta property=\"og:title\" content=\"Vanessa Jackson comemora 45 anos com festa de Michael Jackson e concurso de fantasias - Economia S\/A\" \/>\n<meta property=\"og:description\" content=\"A cantora Vanessa Jackson comemorou seus 45 anos no dia 20 de agosto, no Buffet Metr\u00f3pole, em S\u00e3o Paulo, com uma festa...\" \/>\n<meta property=\"og:url\" content=\"https:\/\/economiasa.com.br\/blog\/vanessa-jackson-comemora-45-anos-com-festa-de-michael-jackson-e-concurso-de-fantasias\/\" \/>\n<meta property=\"og:site_name\" content=\"Economia S\/A\" \/>\n<meta property=\"article:published_time\" content=\"2026-09-02T20:24:12+00:00\" \/>\n<meta property=\"article:modified_time\" content=\"2026-09-02T20:24:13+00:00\" \/>\n<meta property=\"og:image\" content=\"https:\/\/economiasa.com.br\/blog\/wp-content\/uploads\/2026\/09\/ccpx2.jpg\" \/>\n\t<meta property=\"og:image:width\" content=\"1086\" \/>\n\t<meta property=\"og:image:height\" content=\"722\" \/>\n\t<meta property=\"og:image:type\" content=\"image\/jpeg\" \/>\n<meta name=\"author\" content=\"Reda\u00e7\u00e3o\" \/>\n<meta name=\"twitter:card\" content=\"summary_large_image\" \/>\n<meta name=\"twitter:label1\" content=\"Escrito por\" \/>\n\t<meta name=\"twitter:data1\" content=\"Reda\u00e7\u00e3o\" \/>\n\t<meta name=\"twitter:label2\" content=\"Est. tempo de leitura\" \/>\n\t<meta name=\"twitter:data2\" content=\"6 minutos\" \/>\n<script type=\"application\/ld+json\" class=\"yoast-schema-graph\">{\"@context\":\"https:\/\/schema.org\",\"@graph\":[{\"@type\":\"Article\",\"@id\":\"https:\/\/economiasa.com.br\/blog\/vanessa-jackson-comemora-45-anos-com-festa-de-michael-jackson-e-concurso-de-fantasias\/#article\",\"isPartOf\":{\"@id\":\"https:\/\/economiasa.com.br\/blog\/vanessa-jackson-comemora-45-anos-com-festa-de-michael-jackson-e-concurso-de-fantasias\/\"},\"author\":{\"name\":\"Reda\u00e7\u00e3o\",\"@id\":\"https:\/\/economiasa.com.br\/blog\/#\/schema\/person\/57f2dfaf8250a36d041a4e4cf0498faf\"},\"headline\":\"Vanessa Jackson comemora 45 anos com festa de Michael Jackson e concurso de fantasias\",\"datePublished\":\"2026-09-02T20:24:12+00:00\",\"dateModified\":\"2026-09-02T20:24:13+00:00\",\"mainEntityOfPage\":{\"@id\":\"https:\/\/economiasa.com.br\/blog\/vanessa-jackson-comemora-45-anos-com-festa-de-michael-jackson-e-concurso-de-fantasias\/\"},\"wordCount\":782,\"image\":{\"@id\":\"https:\/\/economiasa.com.br\/blog\/vanessa-jackson-comemora-45-anos-com-festa-de-michael-jackson-e-concurso-de-fantasias\/#primaryimage\"},\"thumbnailUrl\":\"https:\/\/economiasa.com.br\/blog\/wp-content\/uploads\/2026\/09\/ccpx2.jpg\",\"articleSection\":[\"Eventos\"],\"inLanguage\":\"pt-BR\"},{\"@type\":\"WebPage\",\"@id\":\"https:\/\/economiasa.com.br\/blog\/vanessa-jackson-comemora-45-anos-com-festa-de-michael-jackson-e-concurso-de-fantasias\/\",\"url\":\"https:\/\/economiasa.com.br\/blog\/vanessa-jackson-comemora-45-anos-com-festa-de-michael-jackson-e-concurso-de-fantasias\/\",\"name\":\"Vanessa Jackson comemora 45 anos com festa de Michael Jackson e concurso de fantasias - Economia S\/A\",\"isPartOf\":{\"@id\":\"https:\/\/economiasa.com.br\/blog\/#website\"},\"primaryImageOfPage\":{\"@id\":\"https:\/\/economiasa.com.br\/blog\/vanessa-jackson-comemora-45-anos-com-festa-de-michael-jackson-e-concurso-de-fantasias\/#primaryimage\"},\"image\":{\"@id\":\"https:\/\/economiasa.com.br\/blog\/vanessa-jackson-comemora-45-anos-com-festa-de-michael-jackson-e-concurso-de-fantasias\/#primaryimage\"},\"thumbnailUrl\":\"https:\/\/economiasa.com.br\/blog\/wp-content\/uploads\/2026\/09\/ccpx2.jpg\",\"datePublished\":\"2026-09-02T20:24:12+00:00\",\"dateModified\":\"2026-09-02T20:24:13+00:00\",\"author\":{\"@id\":\"https:\/\/economiasa.com.br\/blog\/#\/schema\/person\/57f2dfaf8250a36d041a4e4cf0498faf\"},\"breadcrumb\":{\"@id\":\"https:\/\/economiasa.com.br\/blog\/vanessa-jackson-comemora-45-anos-com-festa-de-michael-jackson-e-concurso-de-fantasias\/#breadcrumb\"},\"inLanguage\":\"pt-BR\",\"potentialAction\":[{\"@type\":\"ReadAction\",\"target\":[\"https:\/\/economiasa.com.br\/blog\/vanessa-jackson-comemora-45-anos-com-festa-de-michael-jackson-e-concurso-de-fantasias\/\"]}]},{\"@type\":\"ImageObject\",\"inLanguage\":\"pt-BR\",\"@id\":\"https:\/\/economiasa.com.br\/blog\/vanessa-jackson-comemora-45-anos-com-festa-de-michael-jackson-e-concurso-de-fantasias\/#primaryimage\",\"url\":\"https:\/\/economiasa.com.br\/blog\/wp-content\/uploads\/2026\/09\/ccpx2.jpg\",\"contentUrl\":\"https:\/\/economiasa.com.br\/blog\/wp-content\/uploads\/2026\/09\/ccpx2.jpg\",\"width\":1086,\"height\":722,\"caption\":\"Cr\u00e9ditos da Foto: Divulga\u00e7\u00e3o\"},{\"@type\":\"BreadcrumbList\",\"@id\":\"https:\/\/economiasa.com.br\/blog\/vanessa-jackson-comemora-45-anos-com-festa-de-michael-jackson-e-concurso-de-fantasias\/#breadcrumb\",\"itemListElement\":[{\"@type\":\"ListItem\",\"position\":1,\"name\":\"In\u00edcio\",\"item\":\"https:\/\/economiasa.com.br\/blog\/\"},{\"@type\":\"ListItem\",\"position\":2,\"name\":\"Vanessa Jackson comemora 45 anos com festa de Michael Jackson e concurso de fantasias\"}]},{\"@type\":\"WebSite\",\"@id\":\"https:\/\/economiasa.com.br\/blog\/#website\",\"url\":\"https:\/\/economiasa.com.br\/blog\/\",\"name\":\"Economia S\/A\",\"description\":\"Ler faz bem para os neg\u00f3cios\",\"potentialAction\":[{\"@type\":\"SearchAction\",\"target\":{\"@type\":\"EntryPoint\",\"urlTemplate\":\"https:\/\/economiasa.com.br\/blog\/?s={search_term_string}\"},\"query-input\":{\"@type\":\"PropertyValueSpecification\",\"valueRequired\":true,\"valueName\":\"search_term_string\"}}],\"inLanguage\":\"pt-BR\"},{\"@type\":\"Person\",\"@id\":\"https:\/\/economiasa.com.br\/blog\/#\/schema\/person\/57f2dfaf8250a36d041a4e4cf0498faf\",\"name\":\"Reda\u00e7\u00e3o\",\"image\":{\"@type\":\"ImageObject\",\"inLanguage\":\"pt-BR\",\"@id\":\"https:\/\/secure.gravatar.com\/avatar\/b9a74cf83ab7b387115b660a012a810ba4283a49e2dc1845eacfc09fd7fadd4b?s=96&d=mm&r=g8b4e5e7107f0781ab9bc60df20107da5\",\"url\":\"https:\/\/secure.gravatar.com\/avatar\/b9a74cf83ab7b387115b660a012a810ba4283a49e2dc1845eacfc09fd7fadd4b?s=96&d=mm&r=g\",\"contentUrl\":\"https:\/\/secure.gravatar.com\/avatar\/b9a74cf83ab7b387115b660a012a810ba4283a49e2dc1845eacfc09fd7fadd4b?s=96&d=mm&r=g\",\"caption\":\"Reda\u00e7\u00e3o\"},\"url\":\"https:\/\/economiasa.com.br\/blog\/author\/vhassessoriagmail-com\/\"}]}<\/script>\n<!-- \/ Yoast SEO plugin. -->","yoast_head_json":{"title":"Vanessa Jackson comemora 45 anos com festa de Michael Jackson e concurso de fantasias - Economia S\/A","robots":{"index":"index","follow":"follow","max-snippet":"max-snippet:-1","max-image-preview":"max-image-preview:large","max-video-preview":"max-video-preview:-1"},"canonical":"https:\/\/economiasa.com.br\/blog\/vanessa-jackson-comemora-45-anos-com-festa-de-michael-jackson-e-concurso-de-fantasias\/","og_locale":"pt_BR","og_type":"article","og_title":"Vanessa Jackson comemora 45 anos com festa de Michael Jackson e concurso de fantasias - Economia S\/A","og_description":"A cantora Vanessa Jackson comemorou seus 45 anos no dia 20 de agosto, no Buffet Metr\u00f3pole, em S\u00e3o Paulo, com uma festa...","og_url":"https:\/\/economiasa.com.br\/blog\/vanessa-jackson-comemora-45-anos-com-festa-de-michael-jackson-e-concurso-de-fantasias\/","og_site_name":"Economia S\/A","article_published_time":"2026-09-02T20:24:12+00:00","article_modified_time":"2026-09-02T20:24:13+00:00","og_image":[{"width":1086,"height":722,"url":"https:\/\/economiasa.com.br\/blog\/wp-content\/uploads\/2026\/09\/ccpx2.jpg","type":"image\/jpeg"}],"author":"Reda\u00e7\u00e3o","twitter_card":"summary_large_image","twitter_misc":{"Escrito por":"Reda\u00e7\u00e3o","Est. tempo de leitura":"6 minutos"},"schema":{"@context":"https:\/\/schema.org","@graph":[{"@type":"Article","@id":"https:\/\/economiasa.com.br\/blog\/vanessa-jackson-comemora-45-anos-com-festa-de-michael-jackson-e-concurso-de-fantasias\/#article","isPartOf":{"@id":"https:\/\/economiasa.com.br\/blog\/vanessa-jackson-comemora-45-anos-com-festa-de-michael-jackson-e-concurso-de-fantasias\/"},"author":{"name":"Reda\u00e7\u00e3o","@id":"https:\/\/economiasa.com.br\/blog\/#\/schema\/person\/57f2dfaf8250a36d041a4e4cf0498faf"},"headline":"Vanessa Jackson comemora 45 anos com festa de Michael Jackson e concurso de fantasias","datePublished":"2026-09-02T20:24:12+00:00","dateModified":"2026-09-02T20:24:13+00:00","mainEntityOfPage":{"@id":"https:\/\/economiasa.com.br\/blog\/vanessa-jackson-comemora-45-anos-com-festa-de-michael-jackson-e-concurso-de-fantasias\/"},"wordCount":782,"image":{"@id":"https:\/\/economiasa.com.br\/blog\/vanessa-jackson-comemora-45-anos-com-festa-de-michael-jackson-e-concurso-de-fantasias\/#primaryimage"},"thumbnailUrl":"https:\/\/economiasa.com.br\/blog\/wp-content\/uploads\/2026\/09\/ccpx2.jpg","articleSection":["Eventos"],"inLanguage":"pt-BR"},{"@type":"WebPage","@id":"https:\/\/economiasa.com.br\/blog\/vanessa-jackson-comemora-45-anos-com-festa-de-michael-jackson-e-concurso-de-fantasias\/","url":"https:\/\/economiasa.com.br\/blog\/vanessa-jackson-comemora-45-anos-com-festa-de-michael-jackson-e-concurso-de-fantasias\/","name":"Vanessa Jackson comemora 45 anos com festa de Michael Jackson e concurso de fantasias - Economia S\/A","isPartOf":{"@id":"https:\/\/economiasa.com.br\/blog\/#website"},"primaryImageOfPage":{"@id":"https:\/\/economiasa.com.br\/blog\/vanessa-jackson-comemora-45-anos-com-festa-de-michael-jackson-e-concurso-de-fantasias\/#primaryimage"},"image":{"@id":"https:\/\/economiasa.com.br\/blog\/vanessa-jackson-comemora-45-anos-com-festa-de-michael-jackson-e-concurso-de-fantasias\/#primaryimage"},"thumbnailUrl":"https:\/\/economiasa.com.br\/blog\/wp-content\/uploads\/2026\/09\/ccpx2.jpg","datePublished":"2026-09-02T20:24:12+00:00","dateModified":"2026-09-02T20:24:13+00:00","author":{"@id":"https:\/\/economiasa.com.br\/blog\/#\/schema\/person\/57f2dfaf8250a36d041a4e4cf0498faf"},"breadcrumb":{"@id":"https:\/\/economiasa.com.br\/blog\/vanessa-jackson-comemora-45-anos-com-festa-de-michael-jackson-e-concurso-de-fantasias\/#breadcrumb"},"inLanguage":"pt-BR","potentialAction":[{"@type":"ReadAction","target":["https:\/\/economiasa.com.br\/blog\/vanessa-jackson-comemora-45-anos-com-festa-de-michael-jackson-e-concurso-de-fantasias\/"]}]},{"@type":"ImageObject","inLanguage":"pt-BR","@id":"https:\/\/economiasa.com.br\/blog\/vanessa-jackson-comemora-45-anos-com-festa-de-michael-jackson-e-concurso-de-fantasias\/#primaryimage","url":"https:\/\/economiasa.com.br\/blog\/wp-content\/uploads\/2026\/09\/ccpx2.jpg","contentUrl":"https:\/\/economiasa.com.br\/blog\/wp-content\/uploads\/2026\/09\/ccpx2.jpg","width":1086,"height":722,"caption":"Cr\u00e9ditos da Foto: Divulga\u00e7\u00e3o"},{"@type":"BreadcrumbList","@id":"https:\/\/economiasa.com.br\/blog\/vanessa-jackson-comemora-45-anos-com-festa-de-michael-jackson-e-concurso-de-fantasias\/#breadcrumb","itemListElement":[{"@type":"ListItem","position":1,"name":"In\u00edcio","item":"https:\/\/economiasa.com.br\/blog\/"},{"@type":"ListItem","position":2,"name":"Vanessa Jackson comemora 45 anos com festa de Michael Jackson e concurso de fantasias"}]},{"@type":"WebSite","@id":"https:\/\/economiasa.com.br\/blog\/#website","url":"https:\/\/economiasa.com.br\/blog\/","name":"Economia S\/A","description":"Ler faz bem para os neg\u00f3cios","potentialAction":[{"@type":"SearchAction","target":{"@type":"EntryPoint","urlTemplate":"https:\/\/economiasa.com.br\/blog\/?s={search_term_string}"},"query-input":{"@type":"PropertyValueSpecification","valueRequired":true,"valueName":"search_term_string"}}],"inLanguage":"pt-BR"},{"@type":"Person","@id":"https:\/\/economiasa.com.br\/blog\/#\/schema\/person\/57f2dfaf8250a36d041a4e4cf0498faf","name":"Reda\u00e7\u00e3o","image":{"@type":"ImageObject","inLanguage":"pt-BR","@id":"https:\/\/secure.gravatar.com\/avatar\/b9a74cf83ab7b387115b660a012a810ba4283a49e2dc1845eacfc09fd7fadd4b?s=96&d=mm&r=g8b4e5e7107f0781ab9bc60df20107da5","url":"https:\/\/secure.gravatar.com\/avatar\/b9a74cf83ab7b387115b660a012a810ba4283a49e2dc1845eacfc09fd7fadd4b?s=96&d=mm&r=g","contentUrl":"https:\/\/secure.gravatar.com\/avatar\/b9a74cf83ab7b387115b660a012a810ba4283a49e2dc1845eacfc09fd7fadd4b?s=96&d=mm&r=g","caption":"Reda\u00e7\u00e3o"},"url":"https:\/\/economiasa.com.br\/blog\/author\/vhassessoriagmail-com\/"}]}},"authors":[{"term_id":13237,"user_id":13,"is_guest":0,"slug":"vhassessoriagmail-com","display_name":"Reda\u00e7\u00e3o","avatar_url":"https:\/\/secure.gravatar.com\/avatar\/b9a74cf83ab7b387115b660a012a810ba4283a49e2dc1845eacfc09fd7fadd4b?s=96&d=mm&r=g","author_category":"","first_name":"Vanessa","last_name":"Reda\u00e7\u00e3o","user_url":"","job_title":"","description":""}],"amp_enabled":true,"_links":{"self":[{"href":"https:\/\/economiasa.com.br\/blog\/wp-json\/wp\/v2\/posts\/85000","targetHints":{"allow":["GET"]}}],"collection":[{"href":"https:\/\/economiasa.com.br\/blog\/wp-json\/wp\/v2\/posts"}],"about":[{"href":"https:\/\/economiasa.com.br\/blog\/wp-json\/wp\/v2\/types\/post"}],"author":[{"embeddable":true,"href":"https:\/\/economiasa.com.br\/blog\/wp-json\/wp\/v2\/users\/13"}],"replies":[{"embeddable":true,"href":"https:\/\/economiasa.com.br\/blog\/wp-json\/wp\/v2\/comments?post=85000"}],"version-history":[{"count":0,"href":"https:\/\/economiasa.com.br\/blog\/wp-json\/wp\/v2\/posts\/85000\/revisions"}],"wp:featuredmedia":[{"embeddable":true,"href":"https:\/\/economiasa.com.br\/blog\/wp-json\/wp\/v2\/media\/85002"}],"wp:attachment":[{"href":"https:\/\/economiasa.com.br\/blog\/wp-json\/wp\/v2\/media?parent=85000"}],"wp:term":[{"taxonomy":"category","embeddable":true,"href":"https:\/\/economiasa.com.br\/blog\/wp-json\/wp\/v2\/categories?post=85000"},{"taxonomy":"post_tag","embeddable":true,"href":"https:\/\/economiasa.com.br\/blog\/wp-json\/wp\/v2\/tags?post=85000"},{"taxonomy":"author","embeddable":true,"href":"https:\/\/economiasa.com.br\/blog\/wp-json\/wp\/v2\/ppma_author?post=85000"}],"curies":[{"name":"wp","href":"https:\/\/api.w.org\/{rel}","templated":true}]}}