{"id":85012,"date":"2026-09-02T19:11:13","date_gmt":"2026-09-02T22:11:13","guid":{"rendered":"https:\/\/economiasa.com.br\/blog\/?p=85012"},"modified":"2026-09-02T19:11:14","modified_gmt":"2026-09-02T22:11:14","slug":"pl-dos-operadores-logisticos-avanca-e-conclui-tramitacao-na-camara-dos-deputados","status":"publish","type":"post","link":"https:\/\/economiasa.com.br\/blog\/pl-dos-operadores-logisticos-avanca-e-conclui-tramitacao-na-camara-dos-deputados\/","title":{"rendered":"PL dos Operadores Log\u00edsticos avan\u00e7a e conclui tramita\u00e7\u00e3o na C\u00e2mara dos Deputados"},"content":{"rendered":"\n<p class=\"wp-block-paragraph\"><em>Aprova\u00e7\u00e3o pela CCJ representa mais um passo para a cria\u00e7\u00e3o do marco legal da atividade no Brasil. Projeto segue, agora, para an\u00e1lise do Senado Federal<\/em><\/p>\n\n\n\n<p class=\"wp-block-paragraph\">A regulamenta\u00e7\u00e3o da atividade dos Operadores Log\u00edsticos (OLs) no Brasil est\u00e1 mais pr\u00f3xima de se tornar realidade. O Projeto de Lei n\u00ba 3.757\/2020, que cria um marco legal para o setor, foi\u00a0aprovado\u00a0na Comiss\u00e3o de Constitui\u00e7\u00e3o e Justi\u00e7a e de Cidadania (CCJ) da C\u00e2mara dos Deputados, \u00faltima etapa da tramita\u00e7\u00e3o da proposta na Casa. Com a conclus\u00e3o da verifica\u00e7\u00e3o pelas comiss\u00f5es, o pr\u00f3ximo passo ser\u00e1 o encaminhamento ao Senado Federal.<\/p>\n\n\n\n<p class=\"wp-block-paragraph\">Para a Associa\u00e7\u00e3o Brasileira de Operadores Log\u00edsticos (ABOL), a conquista representa um momento decisivo no reconhecimento jur\u00eddico de um segmento estrat\u00e9gico \u00e0 economia brasileira e ao funcionamento das cadeias produtivas. Atualmente, apesar de os OLs desempenharem fun\u00e7\u00f5es integradas de transporte, armazenagem e gest\u00e3o de estoques, n\u00e3o h\u00e1 par\u00e2metros legais espec\u00edficos para as execu\u00e7\u00f5es, uma lacuna que o PL 3.757\/2020 busca preencher.<\/p>\n\n\n\n<p class=\"wp-block-paragraph\">O texto\u00a0tamb\u00e9m estabelece direitos, deveres e responsabilidades relacionados a essas opera\u00e7\u00f5es, contribuindo para ampliar a seguran\u00e7a jur\u00eddica nas rela\u00e7\u00f5es entre Operadores e seus contratantes.<\/p>\n\n\n\n<p class=\"wp-block-paragraph\">O projeto vem sendo discutido h\u00e1 anos e j\u00e1 passou pelas comiss\u00f5es de Via\u00e7\u00e3o e Transportes, Desenvolvimento Econ\u00f4mico e Ind\u00fastria, Com\u00e9rcio e Servi\u00e7os. Nesta \u00faltima, o parecer favor\u00e1vel ocorreu em abril de 2025, quando o documento seguiu para aprecia\u00e7\u00e3o da CCJ. Na etapa mais recente, o trabalho do relator, deputado Fernando Marangoni (Podemos\/SP), foi fundamental para a continuidade da proposta.<\/p>\n\n\n\n<p class=\"wp-block-paragraph\">Os principais pontos do PL envolvem a conceitua\u00e7\u00e3o do Operador Log\u00edstico e detalhamento de atividades operacionais para fins de harmoniza\u00e7\u00e3o de regulamenta\u00e7\u00f5es e a fiscaliza\u00e7\u00e3o \u2013 a exemplo do conceito de\u00a0<em>crossdocking<\/em>\u00a0(\u201cmercadoria\u00a0em tr\u00e2nsito\u201d) -, al\u00e9m de trazer maior clareza e seguran\u00e7a jur\u00eddica nas rela\u00e7\u00f5es contratuais envolvendo a presta\u00e7\u00e3o de servi\u00e7os log\u00edsticos, com intuito de se reduzir burocracias e custos, gerando ganhos em efici\u00eancia produtividade.<\/p>\n\n\n\n<p class=\"wp-block-paragraph\">\u201cA log\u00edstica n\u00e3o deve mais ser vista como uma atividade de suporte e \u00e9 importante que ocupe um papel central na competitividade das empresas e no desenvolvimento socioecon\u00f4mico do Pa\u00eds. \u00c9 essa percep\u00e7\u00e3o que o nosso PL traz \u00e0 sociedade brasileira. Em um cen\u00e1rio de cadeias mais complexas, crescimento do com\u00e9rcio eletr\u00f4nico e press\u00e3o por efici\u00eancia, os Operadores Log\u00edsticos s\u00e3o cada vez mais relevantes para conectar setor produtivo e consumidores e promover a integra\u00e7\u00e3o inteligente entre os modais\u201d, afirma a diretora executiva da ABOL, Marcella Cunha.<\/p>\n\n\n\n<p class=\"wp-block-paragraph\">Regulamentar a atividade dos Operadores Log\u00edsticos (OL), respons\u00e1veis pelos servi\u00e7os de transporte, armazenagem, e gest\u00e3o de estoque, e garantir maior seguran\u00e7a jur\u00eddica, competitividade e sustentabilidade ao setor. Este \u00e9 um dos grandes prop\u00f3sitos da ABOL \u2013 Associa\u00e7\u00e3o Brasileira de Operadores Log\u00edsticos. Desde 2012, a entidade representa, promove e trabalha em prol do desenvolvimento do setor e na defesa do protagonismo e essencialidade dos operadores associados, empresas nacionais e multinacionais que atendem as mais diversas cadeias produtivas e que, juntas, det\u00eam 16% da Receita Bruta de todo o mercado.<\/p>\n","protected":false},"excerpt":{"rendered":"<p>Aprova\u00e7\u00e3o pela CCJ representa mais um passo para a cria\u00e7\u00e3o do marco legal da atividade no Brasil. Projeto segue, agora, para an\u00e1lise&#8230;<\/p>\n","protected":false},"author":34,"featured_media":85013,"comment_status":"closed","ping_status":"open","sticky":false,"template":"","format":"standard","meta":{"footnotes":""},"categories":[2017],"tags":[],"ppma_author":[13241],"class_list":["post-85012","post","type-post","status-publish","format-standard","has-post-thumbnail","category-informacoes"],"yoast_head":"<!-- This site is optimized with the Yoast SEO plugin v27.2 - https:\/\/yoast.com\/product\/yoast-seo-wordpress\/ -->\n<title>PL dos Operadores Log\u00edsticos avan\u00e7a e conclui tramita\u00e7\u00e3o na C\u00e2mara dos Deputados - Economia S\/A<\/title>\n<meta name=\"robots\" content=\"index, follow, max-snippet:-1, max-image-preview:large, max-video-preview:-1\" \/>\n<link rel=\"canonical\" href=\"https:\/\/economiasa.com.br\/blog\/pl-dos-operadores-logisticos-avanca-e-conclui-tramitacao-na-camara-dos-deputados\/\" \/>\n<meta property=\"og:locale\" content=\"pt_BR\" \/>\n<meta property=\"og:type\" content=\"article\" \/>\n<meta property=\"og:title\" content=\"PL dos Operadores Log\u00edsticos avan\u00e7a e conclui tramita\u00e7\u00e3o na C\u00e2mara dos Deputados - Economia S\/A\" \/>\n<meta property=\"og:description\" content=\"Aprova\u00e7\u00e3o pela CCJ representa mais um passo para a cria\u00e7\u00e3o do marco legal da atividade no Brasil. Projeto segue, agora, para an\u00e1lise...\" \/>\n<meta property=\"og:url\" content=\"https:\/\/economiasa.com.br\/blog\/pl-dos-operadores-logisticos-avanca-e-conclui-tramitacao-na-camara-dos-deputados\/\" \/>\n<meta property=\"og:site_name\" content=\"Economia S\/A\" \/>\n<meta property=\"article:published_time\" content=\"2026-09-02T22:11:13+00:00\" \/>\n<meta property=\"article:modified_time\" content=\"2026-09-02T22:11:14+00:00\" \/>\n<meta property=\"og:image\" content=\"https:\/\/economiasa.com.br\/blog\/wp-content\/uploads\/2026\/09\/Capturar-19.png\" \/>\n\t<meta property=\"og:image:width\" content=\"391\" \/>\n\t<meta property=\"og:image:height\" content=\"276\" \/>\n\t<meta property=\"og:image:type\" content=\"image\/png\" \/>\n<meta name=\"author\" content=\"Reda\u00e7\u00e3o\" \/>\n<meta name=\"twitter:card\" content=\"summary_large_image\" \/>\n<meta name=\"twitter:label1\" content=\"Escrito por\" \/>\n\t<meta name=\"twitter:data1\" content=\"Reda\u00e7\u00e3o\" \/>\n\t<meta name=\"twitter:label2\" content=\"Est. tempo de leitura\" \/>\n\t<meta name=\"twitter:data2\" content=\"3 minutos\" \/>\n<script type=\"application\/ld+json\" class=\"yoast-schema-graph\">{\"@context\":\"https:\/\/schema.org\",\"@graph\":[{\"@type\":\"Article\",\"@id\":\"https:\/\/economiasa.com.br\/blog\/pl-dos-operadores-logisticos-avanca-e-conclui-tramitacao-na-camara-dos-deputados\/#article\",\"isPartOf\":{\"@id\":\"https:\/\/economiasa.com.br\/blog\/pl-dos-operadores-logisticos-avanca-e-conclui-tramitacao-na-camara-dos-deputados\/\"},\"author\":{\"name\":\"Reda\u00e7\u00e3o\",\"@id\":\"https:\/\/economiasa.com.br\/blog\/#\/schema\/person\/3bb89ffdf33fd4e8b02d5b6eea9ca3ad\"},\"headline\":\"PL dos Operadores Log\u00edsticos avan\u00e7a e conclui tramita\u00e7\u00e3o na C\u00e2mara dos Deputados\",\"datePublished\":\"2026-09-02T22:11:13+00:00\",\"dateModified\":\"2026-09-02T22:11:14+00:00\",\"mainEntityOfPage\":{\"@id\":\"https:\/\/economiasa.com.br\/blog\/pl-dos-operadores-logisticos-avanca-e-conclui-tramitacao-na-camara-dos-deputados\/\"},\"wordCount\":570,\"image\":{\"@id\":\"https:\/\/economiasa.com.br\/blog\/pl-dos-operadores-logisticos-avanca-e-conclui-tramitacao-na-camara-dos-deputados\/#primaryimage\"},\"thumbnailUrl\":\"https:\/\/economiasa.com.br\/blog\/wp-content\/uploads\/2026\/09\/Capturar-19.png\",\"articleSection\":[\"Informa\u00e7\u00f5es\"],\"inLanguage\":\"pt-BR\"},{\"@type\":\"WebPage\",\"@id\":\"https:\/\/economiasa.com.br\/blog\/pl-dos-operadores-logisticos-avanca-e-conclui-tramitacao-na-camara-dos-deputados\/\",\"url\":\"https:\/\/economiasa.com.br\/blog\/pl-dos-operadores-logisticos-avanca-e-conclui-tramitacao-na-camara-dos-deputados\/\",\"name\":\"PL dos Operadores Log\u00edsticos avan\u00e7a e conclui tramita\u00e7\u00e3o na C\u00e2mara dos Deputados - Economia S\/A\",\"isPartOf\":{\"@id\":\"https:\/\/economiasa.com.br\/blog\/#website\"},\"primaryImageOfPage\":{\"@id\":\"https:\/\/economiasa.com.br\/blog\/pl-dos-operadores-logisticos-avanca-e-conclui-tramitacao-na-camara-dos-deputados\/#primaryimage\"},\"image\":{\"@id\":\"https:\/\/economiasa.com.br\/blog\/pl-dos-operadores-logisticos-avanca-e-conclui-tramitacao-na-camara-dos-deputados\/#primaryimage\"},\"thumbnailUrl\":\"https:\/\/economiasa.com.br\/blog\/wp-content\/uploads\/2026\/09\/Capturar-19.png\",\"datePublished\":\"2026-09-02T22:11:13+00:00\",\"dateModified\":\"2026-09-02T22:11:14+00:00\",\"author\":{\"@id\":\"https:\/\/economiasa.com.br\/blog\/#\/schema\/person\/3bb89ffdf33fd4e8b02d5b6eea9ca3ad\"},\"breadcrumb\":{\"@id\":\"https:\/\/economiasa.com.br\/blog\/pl-dos-operadores-logisticos-avanca-e-conclui-tramitacao-na-camara-dos-deputados\/#breadcrumb\"},\"inLanguage\":\"pt-BR\",\"potentialAction\":[{\"@type\":\"ReadAction\",\"target\":[\"https:\/\/economiasa.com.br\/blog\/pl-dos-operadores-logisticos-avanca-e-conclui-tramitacao-na-camara-dos-deputados\/\"]}]},{\"@type\":\"ImageObject\",\"inLanguage\":\"pt-BR\",\"@id\":\"https:\/\/economiasa.com.br\/blog\/pl-dos-operadores-logisticos-avanca-e-conclui-tramitacao-na-camara-dos-deputados\/#primaryimage\",\"url\":\"https:\/\/economiasa.com.br\/blog\/wp-content\/uploads\/2026\/09\/Capturar-19.png\",\"contentUrl\":\"https:\/\/economiasa.com.br\/blog\/wp-content\/uploads\/2026\/09\/Capturar-19.png\",\"width\":391,\"height\":276,\"caption\":\"Cr\u00e9ditos da foto: Divulga\u00e7\u00e3o\"},{\"@type\":\"BreadcrumbList\",\"@id\":\"https:\/\/economiasa.com.br\/blog\/pl-dos-operadores-logisticos-avanca-e-conclui-tramitacao-na-camara-dos-deputados\/#breadcrumb\",\"itemListElement\":[{\"@type\":\"ListItem\",\"position\":1,\"name\":\"In\u00edcio\",\"item\":\"https:\/\/economiasa.com.br\/blog\/\"},{\"@type\":\"ListItem\",\"position\":2,\"name\":\"PL dos Operadores Log\u00edsticos avan\u00e7a e conclui tramita\u00e7\u00e3o na C\u00e2mara dos Deputados\"}]},{\"@type\":\"WebSite\",\"@id\":\"https:\/\/economiasa.com.br\/blog\/#website\",\"url\":\"https:\/\/economiasa.com.br\/blog\/\",\"name\":\"Economia S\/A\",\"description\":\"Ler faz bem para os neg\u00f3cios\",\"potentialAction\":[{\"@type\":\"SearchAction\",\"target\":{\"@type\":\"EntryPoint\",\"urlTemplate\":\"https:\/\/economiasa.com.br\/blog\/?s={search_term_string}\"},\"query-input\":{\"@type\":\"PropertyValueSpecification\",\"valueRequired\":true,\"valueName\":\"search_term_string\"}}],\"inLanguage\":\"pt-BR\"},{\"@type\":\"Person\",\"@id\":\"https:\/\/economiasa.com.br\/blog\/#\/schema\/person\/3bb89ffdf33fd4e8b02d5b6eea9ca3ad\",\"name\":\"Reda\u00e7\u00e3o\",\"image\":{\"@type\":\"ImageObject\",\"inLanguage\":\"pt-BR\",\"@id\":\"https:\/\/secure.gravatar.com\/avatar\/4f2972f62de6885dcca429ac19cedb2f2cc29059d11fb856e3913b167913f851?s=96&d=mm&r=g95c45ea7f8b68489539e6695756c62d9\",\"url\":\"https:\/\/secure.gravatar.com\/avatar\/4f2972f62de6885dcca429ac19cedb2f2cc29059d11fb856e3913b167913f851?s=96&d=mm&r=g\",\"contentUrl\":\"https:\/\/secure.gravatar.com\/avatar\/4f2972f62de6885dcca429ac19cedb2f2cc29059d11fb856e3913b167913f851?s=96&d=mm&r=g\",\"caption\":\"Reda\u00e7\u00e3o\"},\"url\":\"https:\/\/economiasa.com.br\/blog\/author\/fada\/\"}]}<\/script>\n<!-- \/ Yoast SEO plugin. -->","yoast_head_json":{"title":"PL dos Operadores Log\u00edsticos avan\u00e7a e conclui tramita\u00e7\u00e3o na C\u00e2mara dos Deputados - Economia S\/A","robots":{"index":"index","follow":"follow","max-snippet":"max-snippet:-1","max-image-preview":"max-image-preview:large","max-video-preview":"max-video-preview:-1"},"canonical":"https:\/\/economiasa.com.br\/blog\/pl-dos-operadores-logisticos-avanca-e-conclui-tramitacao-na-camara-dos-deputados\/","og_locale":"pt_BR","og_type":"article","og_title":"PL dos Operadores Log\u00edsticos avan\u00e7a e conclui tramita\u00e7\u00e3o na C\u00e2mara dos Deputados - Economia S\/A","og_description":"Aprova\u00e7\u00e3o pela CCJ representa mais um passo para a cria\u00e7\u00e3o do marco legal da atividade no Brasil. Projeto segue, agora, para an\u00e1lise...","og_url":"https:\/\/economiasa.com.br\/blog\/pl-dos-operadores-logisticos-avanca-e-conclui-tramitacao-na-camara-dos-deputados\/","og_site_name":"Economia S\/A","article_published_time":"2026-09-02T22:11:13+00:00","article_modified_time":"2026-09-02T22:11:14+00:00","og_image":[{"width":391,"height":276,"url":"https:\/\/economiasa.com.br\/blog\/wp-content\/uploads\/2026\/09\/Capturar-19.png","type":"image\/png"}],"author":"Reda\u00e7\u00e3o","twitter_card":"summary_large_image","twitter_misc":{"Escrito por":"Reda\u00e7\u00e3o","Est. tempo de leitura":"3 minutos"},"schema":{"@context":"https:\/\/schema.org","@graph":[{"@type":"Article","@id":"https:\/\/economiasa.com.br\/blog\/pl-dos-operadores-logisticos-avanca-e-conclui-tramitacao-na-camara-dos-deputados\/#article","isPartOf":{"@id":"https:\/\/economiasa.com.br\/blog\/pl-dos-operadores-logisticos-avanca-e-conclui-tramitacao-na-camara-dos-deputados\/"},"author":{"name":"Reda\u00e7\u00e3o","@id":"https:\/\/economiasa.com.br\/blog\/#\/schema\/person\/3bb89ffdf33fd4e8b02d5b6eea9ca3ad"},"headline":"PL dos Operadores Log\u00edsticos avan\u00e7a e conclui tramita\u00e7\u00e3o na C\u00e2mara dos Deputados","datePublished":"2026-09-02T22:11:13+00:00","dateModified":"2026-09-02T22:11:14+00:00","mainEntityOfPage":{"@id":"https:\/\/economiasa.com.br\/blog\/pl-dos-operadores-logisticos-avanca-e-conclui-tramitacao-na-camara-dos-deputados\/"},"wordCount":570,"image":{"@id":"https:\/\/economiasa.com.br\/blog\/pl-dos-operadores-logisticos-avanca-e-conclui-tramitacao-na-camara-dos-deputados\/#primaryimage"},"thumbnailUrl":"https:\/\/economiasa.com.br\/blog\/wp-content\/uploads\/2026\/09\/Capturar-19.png","articleSection":["Informa\u00e7\u00f5es"],"inLanguage":"pt-BR"},{"@type":"WebPage","@id":"https:\/\/economiasa.com.br\/blog\/pl-dos-operadores-logisticos-avanca-e-conclui-tramitacao-na-camara-dos-deputados\/","url":"https:\/\/economiasa.com.br\/blog\/pl-dos-operadores-logisticos-avanca-e-conclui-tramitacao-na-camara-dos-deputados\/","name":"PL dos Operadores Log\u00edsticos avan\u00e7a e conclui tramita\u00e7\u00e3o na C\u00e2mara dos Deputados - Economia S\/A","isPartOf":{"@id":"https:\/\/economiasa.com.br\/blog\/#website"},"primaryImageOfPage":{"@id":"https:\/\/economiasa.com.br\/blog\/pl-dos-operadores-logisticos-avanca-e-conclui-tramitacao-na-camara-dos-deputados\/#primaryimage"},"image":{"@id":"https:\/\/economiasa.com.br\/blog\/pl-dos-operadores-logisticos-avanca-e-conclui-tramitacao-na-camara-dos-deputados\/#primaryimage"},"thumbnailUrl":"https:\/\/economiasa.com.br\/blog\/wp-content\/uploads\/2026\/09\/Capturar-19.png","datePublished":"2026-09-02T22:11:13+00:00","dateModified":"2026-09-02T22:11:14+00:00","author":{"@id":"https:\/\/economiasa.com.br\/blog\/#\/schema\/person\/3bb89ffdf33fd4e8b02d5b6eea9ca3ad"},"breadcrumb":{"@id":"https:\/\/economiasa.com.br\/blog\/pl-dos-operadores-logisticos-avanca-e-conclui-tramitacao-na-camara-dos-deputados\/#breadcrumb"},"inLanguage":"pt-BR","potentialAction":[{"@type":"ReadAction","target":["https:\/\/economiasa.com.br\/blog\/pl-dos-operadores-logisticos-avanca-e-conclui-tramitacao-na-camara-dos-deputados\/"]}]},{"@type":"ImageObject","inLanguage":"pt-BR","@id":"https:\/\/economiasa.com.br\/blog\/pl-dos-operadores-logisticos-avanca-e-conclui-tramitacao-na-camara-dos-deputados\/#primaryimage","url":"https:\/\/economiasa.com.br\/blog\/wp-content\/uploads\/2026\/09\/Capturar-19.png","contentUrl":"https:\/\/economiasa.com.br\/blog\/wp-content\/uploads\/2026\/09\/Capturar-19.png","width":391,"height":276,"caption":"Cr\u00e9ditos da foto: Divulga\u00e7\u00e3o"},{"@type":"BreadcrumbList","@id":"https:\/\/economiasa.com.br\/blog\/pl-dos-operadores-logisticos-avanca-e-conclui-tramitacao-na-camara-dos-deputados\/#breadcrumb","itemListElement":[{"@type":"ListItem","position":1,"name":"In\u00edcio","item":"https:\/\/economiasa.com.br\/blog\/"},{"@type":"ListItem","position":2,"name":"PL dos Operadores Log\u00edsticos avan\u00e7a e conclui tramita\u00e7\u00e3o na C\u00e2mara dos Deputados"}]},{"@type":"WebSite","@id":"https:\/\/economiasa.com.br\/blog\/#website","url":"https:\/\/economiasa.com.br\/blog\/","name":"Economia S\/A","description":"Ler faz bem para os neg\u00f3cios","potentialAction":[{"@type":"SearchAction","target":{"@type":"EntryPoint","urlTemplate":"https:\/\/economiasa.com.br\/blog\/?s={search_term_string}"},"query-input":{"@type":"PropertyValueSpecification","valueRequired":true,"valueName":"search_term_string"}}],"inLanguage":"pt-BR"},{"@type":"Person","@id":"https:\/\/economiasa.com.br\/blog\/#\/schema\/person\/3bb89ffdf33fd4e8b02d5b6eea9ca3ad","name":"Reda\u00e7\u00e3o","image":{"@type":"ImageObject","inLanguage":"pt-BR","@id":"https:\/\/secure.gravatar.com\/avatar\/4f2972f62de6885dcca429ac19cedb2f2cc29059d11fb856e3913b167913f851?s=96&d=mm&r=g95c45ea7f8b68489539e6695756c62d9","url":"https:\/\/secure.gravatar.com\/avatar\/4f2972f62de6885dcca429ac19cedb2f2cc29059d11fb856e3913b167913f851?s=96&d=mm&r=g","contentUrl":"https:\/\/secure.gravatar.com\/avatar\/4f2972f62de6885dcca429ac19cedb2f2cc29059d11fb856e3913b167913f851?s=96&d=mm&r=g","caption":"Reda\u00e7\u00e3o"},"url":"https:\/\/economiasa.com.br\/blog\/author\/fada\/"}]}},"authors":[{"term_id":13241,"user_id":34,"is_guest":0,"slug":"fada","display_name":"Reda\u00e7\u00e3o","avatar_url":"https:\/\/secure.gravatar.com\/avatar\/4f2972f62de6885dcca429ac19cedb2f2cc29059d11fb856e3913b167913f851?s=96&d=mm&r=g","author_category":"","first_name":"Reda\u00e7\u00e3o","last_name":"","user_url":"","job_title":"","description":""}],"amp_enabled":true,"_links":{"self":[{"href":"https:\/\/economiasa.com.br\/blog\/wp-json\/wp\/v2\/posts\/85012","targetHints":{"allow":["GET"]}}],"collection":[{"href":"https:\/\/economiasa.com.br\/blog\/wp-json\/wp\/v2\/posts"}],"about":[{"href":"https:\/\/economiasa.com.br\/blog\/wp-json\/wp\/v2\/types\/post"}],"author":[{"embeddable":true,"href":"https:\/\/economiasa.com.br\/blog\/wp-json\/wp\/v2\/users\/34"}],"replies":[{"embeddable":true,"href":"https:\/\/economiasa.com.br\/blog\/wp-json\/wp\/v2\/comments?post=85012"}],"version-history":[{"count":0,"href":"https:\/\/economiasa.com.br\/blog\/wp-json\/wp\/v2\/posts\/85012\/revisions"}],"wp:featuredmedia":[{"embeddable":true,"href":"https:\/\/economiasa.com.br\/blog\/wp-json\/wp\/v2\/media\/85013"}],"wp:attachment":[{"href":"https:\/\/economiasa.com.br\/blog\/wp-json\/wp\/v2\/media?parent=85012"}],"wp:term":[{"taxonomy":"category","embeddable":true,"href":"https:\/\/economiasa.com.br\/blog\/wp-json\/wp\/v2\/categories?post=85012"},{"taxonomy":"post_tag","embeddable":true,"href":"https:\/\/economiasa.com.br\/blog\/wp-json\/wp\/v2\/tags?post=85012"},{"taxonomy":"author","embeddable":true,"href":"https:\/\/economiasa.com.br\/blog\/wp-json\/wp\/v2\/ppma_author?post=85012"}],"curies":[{"name":"wp","href":"https:\/\/api.w.org\/{rel}","templated":true}]}}