{"id":85016,"date":"2026-09-02T19:14:28","date_gmt":"2026-09-02T22:14:28","guid":{"rendered":"https:\/\/economiasa.com.br\/blog\/?p=85016"},"modified":"2026-09-02T19:14:29","modified_gmt":"2026-09-02T22:14:29","slug":"romel-tolentino-assume-vice-presidencia-comercial-da-access-na-america-latina","status":"publish","type":"post","link":"https:\/\/economiasa.com.br\/blog\/romel-tolentino-assume-vice-presidencia-comercial-da-access-na-america-latina\/","title":{"rendered":"Romel Tolentino assume Vice-Presid\u00eancia Comercial da Access na Am\u00e9rica Latina"},"content":{"rendered":"\n<p class=\"wp-block-paragraph\">O\u00a0executivo brasileiro\u00a0Romel Tolentino \u00e9 o novo Vice-Presidente Comercial para a Am\u00e9rica Latina da Access,\u00a0uma das maiores empresas de servi\u00e7os para gest\u00e3o de informa\u00e7\u00f5es do mundo. Com mais de 30 anos de experi\u00eancia em vendas corporativas e no desenvolvimento de parcerias\u00a0com clientes,\u00a0Romel\u00a0liderou equipes multidisciplinares e de alta performance em opera\u00e7\u00f5es multinacionais, promovendo o crescimento de receita no continente.\u00a0<\/p>\n\n\n\n<p class=\"wp-block-paragraph\">Ao longo da carreira, atuou como Head de Global Industries &\u00a0Strategic\u00a0Verticals\u00a0para a Am\u00e9rica Latina no setor de gest\u00e3o de informa\u00e7\u00f5es, posi\u00e7\u00e3o na qual desenvolveu parcerias com clientes estrat\u00e9gicos e conduziu negocia\u00e7\u00f5es em seis pa\u00edses do continente. Sob sua lideran\u00e7a, a opera\u00e7\u00e3o regional alcan\u00e7ou crescimento de dois d\u00edgitos na receita por quatro anos consecutivos e recebeu reconhecimento global pelos elevados \u00edndices de satisfa\u00e7\u00e3o dos clientes.\u00a0<\/p>\n\n\n\n<p class=\"wp-block-paragraph\">Romel\u00a0tamb\u00e9m tem experi\u00eancia no setor de tecnologia e ocupou posi\u00e7\u00f5es de lideran\u00e7a em empresas como\u00a0Wipro\u00a0e TIVIT, nas quais conquistou contas corporativas, liderou iniciativas de expans\u00e3o de mercado, conduziu programas de transforma\u00e7\u00e3o digital e gerenciou relacionamentos com organiza\u00e7\u00f5es multinacionais dos setores de servi\u00e7os financeiros, telecomunica\u00e7\u00f5es, tecnologia, energia, sa\u00fade e bens de consumo.\u00a0<\/p>\n\n\n\n<p class=\"wp-block-paragraph\">Sua trajet\u00f3ria inclui ainda o setor de\u00a0CX (Customer\u00a0Experience), no\u00a0Headquarter\u00a0da\u00a0Atento\u00a0em Madrid-\u00a0Espanha,\u00a0no qual liderou equipes multifuncionais em 17 pa\u00edses e participou do desenvolvimento, planejamento e do controle do ciclo de vida de produtos. Essa viv\u00eancia contribuiu para fortalecer sua vis\u00e3o\u00a0hol\u00edstica\u00a0do relacionamento estrat\u00e9gico com clientes,\u00a0estabelecendo parcerias de longo prazo, clientes leais\u00a0e\u00a0novas vendas.\u00a0<\/p>\n\n\n\n<p class=\"wp-block-paragraph\">Em sua nova fun\u00e7\u00e3o, o executivo ser\u00e1 respons\u00e1vel por liderar a \u00e1rea Comercial na Am\u00e9rica Latina, com a miss\u00e3o de impulsionar o crescimento financeiro e a\u00a0amplia\u00e7\u00e3o da\u00a0presen\u00e7a de\u00a0mercado,\u00a0fortalecendo\u00a0o relacionamento com os clientes da regi\u00e3o.\u00a0<\/p>\n\n\n\n<p class=\"wp-block-paragraph\">\u201cNa lideran\u00e7a da estrat\u00e9gia de neg\u00f3cios para a Am\u00e9rica Latina, tenho o objetivo de fortalecer a venda consultiva, ampliar as parcerias com os clientes\u00a0atuais, impulsionando\u00a0o crescimento por meio de solu\u00e7\u00f5es complementares, sempre com atua\u00e7\u00e3o proativa na constru\u00e7\u00e3o de confian\u00e7a e na satisfa\u00e7\u00e3o dos clientes\u201d, destaca o\u00a0executivo.\u00a0<\/p>\n\n\n\n<p class=\"wp-block-paragraph\">Romel\u00a0\u00e9 bacharel em Administra\u00e7\u00e3o e Marketing, com p\u00f3s-gradua\u00e7\u00e3o em Gest\u00e3o de Projetos pela Funda\u00e7\u00e3o\u00a0Getulio\u00a0Vargas, e concluiu o Programa de Desenvolvimento Gerencial (PMD) do IESE Business\u00a0School, em\u00a0S\u00e3o Paulo\/\u00a0Barcelona.\u00a0<\/p>\n","protected":false},"excerpt":{"rendered":"<p>O\u00a0executivo brasileiro\u00a0Romel Tolentino \u00e9 o novo Vice-Presidente Comercial para a Am\u00e9rica Latina da Access,\u00a0uma das maiores empresas de servi\u00e7os para gest\u00e3o de&#8230;<\/p>\n","protected":false},"author":47,"featured_media":85017,"comment_status":"closed","ping_status":"open","sticky":false,"template":"","format":"standard","meta":{"footnotes":""},"categories":[8809],"tags":[],"ppma_author":[13248],"class_list":["post-85016","post","type-post","status-publish","format-standard","has-post-thumbnail","category-administracao"],"yoast_head":"<!-- This site is optimized with the Yoast SEO plugin v27.2 - https:\/\/yoast.com\/product\/yoast-seo-wordpress\/ -->\n<title>Romel Tolentino assume Vice-Presid\u00eancia Comercial da Access na Am\u00e9rica Latina - Economia S\/A<\/title>\n<meta name=\"robots\" content=\"index, follow, max-snippet:-1, max-image-preview:large, max-video-preview:-1\" \/>\n<link rel=\"canonical\" href=\"https:\/\/economiasa.com.br\/blog\/romel-tolentino-assume-vice-presidencia-comercial-da-access-na-america-latina\/\" \/>\n<meta property=\"og:locale\" content=\"pt_BR\" \/>\n<meta property=\"og:type\" content=\"article\" \/>\n<meta property=\"og:title\" content=\"Romel Tolentino assume Vice-Presid\u00eancia Comercial da Access na Am\u00e9rica Latina - Economia S\/A\" \/>\n<meta property=\"og:description\" content=\"O\u00a0executivo brasileiro\u00a0Romel Tolentino \u00e9 o novo Vice-Presidente Comercial para a Am\u00e9rica Latina da Access,\u00a0uma das maiores empresas de servi\u00e7os para gest\u00e3o de...\" \/>\n<meta property=\"og:url\" content=\"https:\/\/economiasa.com.br\/blog\/romel-tolentino-assume-vice-presidencia-comercial-da-access-na-america-latina\/\" \/>\n<meta property=\"og:site_name\" content=\"Economia S\/A\" \/>\n<meta property=\"article:published_time\" content=\"2026-09-02T22:14:28+00:00\" \/>\n<meta property=\"article:modified_time\" content=\"2026-09-02T22:14:29+00:00\" \/>\n<meta property=\"og:image\" content=\"https:\/\/economiasa.com.br\/blog\/wp-content\/uploads\/2026\/09\/Capturar-20.png\" \/>\n\t<meta property=\"og:image:width\" content=\"413\" \/>\n\t<meta property=\"og:image:height\" content=\"276\" \/>\n\t<meta property=\"og:image:type\" content=\"image\/png\" \/>\n<meta name=\"author\" content=\"Reda\u00e7\u00e3o\" \/>\n<meta name=\"twitter:card\" content=\"summary_large_image\" \/>\n<meta name=\"twitter:label1\" content=\"Escrito por\" \/>\n\t<meta name=\"twitter:data1\" content=\"Reda\u00e7\u00e3o\" \/>\n\t<meta name=\"twitter:label2\" content=\"Est. tempo de leitura\" \/>\n\t<meta name=\"twitter:data2\" content=\"3 minutos\" \/>\n<script type=\"application\/ld+json\" class=\"yoast-schema-graph\">{\"@context\":\"https:\/\/schema.org\",\"@graph\":[{\"@type\":\"Article\",\"@id\":\"https:\/\/economiasa.com.br\/blog\/romel-tolentino-assume-vice-presidencia-comercial-da-access-na-america-latina\/#article\",\"isPartOf\":{\"@id\":\"https:\/\/economiasa.com.br\/blog\/romel-tolentino-assume-vice-presidencia-comercial-da-access-na-america-latina\/\"},\"author\":{\"name\":\"Reda\u00e7\u00e3o\",\"@id\":\"https:\/\/economiasa.com.br\/blog\/#\/schema\/person\/14b8ac2dc25bd63b52bc54e845fa3923\"},\"headline\":\"Romel Tolentino assume Vice-Presid\u00eancia Comercial da Access na Am\u00e9rica Latina\",\"datePublished\":\"2026-09-02T22:14:28+00:00\",\"dateModified\":\"2026-09-02T22:14:29+00:00\",\"mainEntityOfPage\":{\"@id\":\"https:\/\/economiasa.com.br\/blog\/romel-tolentino-assume-vice-presidencia-comercial-da-access-na-america-latina\/\"},\"wordCount\":477,\"image\":{\"@id\":\"https:\/\/economiasa.com.br\/blog\/romel-tolentino-assume-vice-presidencia-comercial-da-access-na-america-latina\/#primaryimage\"},\"thumbnailUrl\":\"https:\/\/economiasa.com.br\/blog\/wp-content\/uploads\/2026\/09\/Capturar-20.png\",\"articleSection\":[\"Administra\u00e7\u00e3o\"],\"inLanguage\":\"pt-BR\"},{\"@type\":\"WebPage\",\"@id\":\"https:\/\/economiasa.com.br\/blog\/romel-tolentino-assume-vice-presidencia-comercial-da-access-na-america-latina\/\",\"url\":\"https:\/\/economiasa.com.br\/blog\/romel-tolentino-assume-vice-presidencia-comercial-da-access-na-america-latina\/\",\"name\":\"Romel Tolentino assume Vice-Presid\u00eancia Comercial da Access na Am\u00e9rica Latina - Economia S\/A\",\"isPartOf\":{\"@id\":\"https:\/\/economiasa.com.br\/blog\/#website\"},\"primaryImageOfPage\":{\"@id\":\"https:\/\/economiasa.com.br\/blog\/romel-tolentino-assume-vice-presidencia-comercial-da-access-na-america-latina\/#primaryimage\"},\"image\":{\"@id\":\"https:\/\/economiasa.com.br\/blog\/romel-tolentino-assume-vice-presidencia-comercial-da-access-na-america-latina\/#primaryimage\"},\"thumbnailUrl\":\"https:\/\/economiasa.com.br\/blog\/wp-content\/uploads\/2026\/09\/Capturar-20.png\",\"datePublished\":\"2026-09-02T22:14:28+00:00\",\"dateModified\":\"2026-09-02T22:14:29+00:00\",\"author\":{\"@id\":\"https:\/\/economiasa.com.br\/blog\/#\/schema\/person\/14b8ac2dc25bd63b52bc54e845fa3923\"},\"breadcrumb\":{\"@id\":\"https:\/\/economiasa.com.br\/blog\/romel-tolentino-assume-vice-presidencia-comercial-da-access-na-america-latina\/#breadcrumb\"},\"inLanguage\":\"pt-BR\",\"potentialAction\":[{\"@type\":\"ReadAction\",\"target\":[\"https:\/\/economiasa.com.br\/blog\/romel-tolentino-assume-vice-presidencia-comercial-da-access-na-america-latina\/\"]}]},{\"@type\":\"ImageObject\",\"inLanguage\":\"pt-BR\",\"@id\":\"https:\/\/economiasa.com.br\/blog\/romel-tolentino-assume-vice-presidencia-comercial-da-access-na-america-latina\/#primaryimage\",\"url\":\"https:\/\/economiasa.com.br\/blog\/wp-content\/uploads\/2026\/09\/Capturar-20.png\",\"contentUrl\":\"https:\/\/economiasa.com.br\/blog\/wp-content\/uploads\/2026\/09\/Capturar-20.png\",\"width\":413,\"height\":276,\"caption\":\"Romel Tolentino - Cr\u00e9ditos da foto: Divulga\u00e7\u00e3o\"},{\"@type\":\"BreadcrumbList\",\"@id\":\"https:\/\/economiasa.com.br\/blog\/romel-tolentino-assume-vice-presidencia-comercial-da-access-na-america-latina\/#breadcrumb\",\"itemListElement\":[{\"@type\":\"ListItem\",\"position\":1,\"name\":\"In\u00edcio\",\"item\":\"https:\/\/economiasa.com.br\/blog\/\"},{\"@type\":\"ListItem\",\"position\":2,\"name\":\"Romel Tolentino assume Vice-Presid\u00eancia Comercial da Access na Am\u00e9rica Latina\"}]},{\"@type\":\"WebSite\",\"@id\":\"https:\/\/economiasa.com.br\/blog\/#website\",\"url\":\"https:\/\/economiasa.com.br\/blog\/\",\"name\":\"Economia S\/A\",\"description\":\"Ler faz bem para os neg\u00f3cios\",\"potentialAction\":[{\"@type\":\"SearchAction\",\"target\":{\"@type\":\"EntryPoint\",\"urlTemplate\":\"https:\/\/economiasa.com.br\/blog\/?s={search_term_string}\"},\"query-input\":{\"@type\":\"PropertyValueSpecification\",\"valueRequired\":true,\"valueName\":\"search_term_string\"}}],\"inLanguage\":\"pt-BR\"},{\"@type\":\"Person\",\"@id\":\"https:\/\/economiasa.com.br\/blog\/#\/schema\/person\/14b8ac2dc25bd63b52bc54e845fa3923\",\"name\":\"Reda\u00e7\u00e3o\",\"image\":{\"@type\":\"ImageObject\",\"inLanguage\":\"pt-BR\",\"@id\":\"https:\/\/secure.gravatar.com\/avatar\/c8c795261f7f8547b22616a549577db9e450bd5622da3f6eb62b0e2c3e364c4e?s=96&d=mm&r=g0fb5212bc57e2287787936667fbbe0ff\",\"url\":\"https:\/\/secure.gravatar.com\/avatar\/c8c795261f7f8547b22616a549577db9e450bd5622da3f6eb62b0e2c3e364c4e?s=96&d=mm&r=g\",\"contentUrl\":\"https:\/\/secure.gravatar.com\/avatar\/c8c795261f7f8547b22616a549577db9e450bd5622da3f6eb62b0e2c3e364c4e?s=96&d=mm&r=g\",\"caption\":\"Reda\u00e7\u00e3o\"},\"sameAs\":[\"http:\/\/www.economiasa.com.br\"],\"url\":\"https:\/\/economiasa.com.br\/blog\/author\/redacao\/\"}]}<\/script>\n<!-- \/ Yoast SEO plugin. -->","yoast_head_json":{"title":"Romel Tolentino assume Vice-Presid\u00eancia Comercial da Access na Am\u00e9rica Latina - Economia S\/A","robots":{"index":"index","follow":"follow","max-snippet":"max-snippet:-1","max-image-preview":"max-image-preview:large","max-video-preview":"max-video-preview:-1"},"canonical":"https:\/\/economiasa.com.br\/blog\/romel-tolentino-assume-vice-presidencia-comercial-da-access-na-america-latina\/","og_locale":"pt_BR","og_type":"article","og_title":"Romel Tolentino assume Vice-Presid\u00eancia Comercial da Access na Am\u00e9rica Latina - Economia S\/A","og_description":"O\u00a0executivo brasileiro\u00a0Romel Tolentino \u00e9 o novo Vice-Presidente Comercial para a Am\u00e9rica Latina da Access,\u00a0uma das maiores empresas de servi\u00e7os para gest\u00e3o de...","og_url":"https:\/\/economiasa.com.br\/blog\/romel-tolentino-assume-vice-presidencia-comercial-da-access-na-america-latina\/","og_site_name":"Economia S\/A","article_published_time":"2026-09-02T22:14:28+00:00","article_modified_time":"2026-09-02T22:14:29+00:00","og_image":[{"width":413,"height":276,"url":"https:\/\/economiasa.com.br\/blog\/wp-content\/uploads\/2026\/09\/Capturar-20.png","type":"image\/png"}],"author":"Reda\u00e7\u00e3o","twitter_card":"summary_large_image","twitter_misc":{"Escrito por":"Reda\u00e7\u00e3o","Est. tempo de leitura":"3 minutos"},"schema":{"@context":"https:\/\/schema.org","@graph":[{"@type":"Article","@id":"https:\/\/economiasa.com.br\/blog\/romel-tolentino-assume-vice-presidencia-comercial-da-access-na-america-latina\/#article","isPartOf":{"@id":"https:\/\/economiasa.com.br\/blog\/romel-tolentino-assume-vice-presidencia-comercial-da-access-na-america-latina\/"},"author":{"name":"Reda\u00e7\u00e3o","@id":"https:\/\/economiasa.com.br\/blog\/#\/schema\/person\/14b8ac2dc25bd63b52bc54e845fa3923"},"headline":"Romel Tolentino assume Vice-Presid\u00eancia Comercial da Access na Am\u00e9rica Latina","datePublished":"2026-09-02T22:14:28+00:00","dateModified":"2026-09-02T22:14:29+00:00","mainEntityOfPage":{"@id":"https:\/\/economiasa.com.br\/blog\/romel-tolentino-assume-vice-presidencia-comercial-da-access-na-america-latina\/"},"wordCount":477,"image":{"@id":"https:\/\/economiasa.com.br\/blog\/romel-tolentino-assume-vice-presidencia-comercial-da-access-na-america-latina\/#primaryimage"},"thumbnailUrl":"https:\/\/economiasa.com.br\/blog\/wp-content\/uploads\/2026\/09\/Capturar-20.png","articleSection":["Administra\u00e7\u00e3o"],"inLanguage":"pt-BR"},{"@type":"WebPage","@id":"https:\/\/economiasa.com.br\/blog\/romel-tolentino-assume-vice-presidencia-comercial-da-access-na-america-latina\/","url":"https:\/\/economiasa.com.br\/blog\/romel-tolentino-assume-vice-presidencia-comercial-da-access-na-america-latina\/","name":"Romel Tolentino assume Vice-Presid\u00eancia Comercial da Access na Am\u00e9rica Latina - Economia S\/A","isPartOf":{"@id":"https:\/\/economiasa.com.br\/blog\/#website"},"primaryImageOfPage":{"@id":"https:\/\/economiasa.com.br\/blog\/romel-tolentino-assume-vice-presidencia-comercial-da-access-na-america-latina\/#primaryimage"},"image":{"@id":"https:\/\/economiasa.com.br\/blog\/romel-tolentino-assume-vice-presidencia-comercial-da-access-na-america-latina\/#primaryimage"},"thumbnailUrl":"https:\/\/economiasa.com.br\/blog\/wp-content\/uploads\/2026\/09\/Capturar-20.png","datePublished":"2026-09-02T22:14:28+00:00","dateModified":"2026-09-02T22:14:29+00:00","author":{"@id":"https:\/\/economiasa.com.br\/blog\/#\/schema\/person\/14b8ac2dc25bd63b52bc54e845fa3923"},"breadcrumb":{"@id":"https:\/\/economiasa.com.br\/blog\/romel-tolentino-assume-vice-presidencia-comercial-da-access-na-america-latina\/#breadcrumb"},"inLanguage":"pt-BR","potentialAction":[{"@type":"ReadAction","target":["https:\/\/economiasa.com.br\/blog\/romel-tolentino-assume-vice-presidencia-comercial-da-access-na-america-latina\/"]}]},{"@type":"ImageObject","inLanguage":"pt-BR","@id":"https:\/\/economiasa.com.br\/blog\/romel-tolentino-assume-vice-presidencia-comercial-da-access-na-america-latina\/#primaryimage","url":"https:\/\/economiasa.com.br\/blog\/wp-content\/uploads\/2026\/09\/Capturar-20.png","contentUrl":"https:\/\/economiasa.com.br\/blog\/wp-content\/uploads\/2026\/09\/Capturar-20.png","width":413,"height":276,"caption":"Romel Tolentino - Cr\u00e9ditos da foto: Divulga\u00e7\u00e3o"},{"@type":"BreadcrumbList","@id":"https:\/\/economiasa.com.br\/blog\/romel-tolentino-assume-vice-presidencia-comercial-da-access-na-america-latina\/#breadcrumb","itemListElement":[{"@type":"ListItem","position":1,"name":"In\u00edcio","item":"https:\/\/economiasa.com.br\/blog\/"},{"@type":"ListItem","position":2,"name":"Romel Tolentino assume Vice-Presid\u00eancia Comercial da Access na Am\u00e9rica Latina"}]},{"@type":"WebSite","@id":"https:\/\/economiasa.com.br\/blog\/#website","url":"https:\/\/economiasa.com.br\/blog\/","name":"Economia S\/A","description":"Ler faz bem para os neg\u00f3cios","potentialAction":[{"@type":"SearchAction","target":{"@type":"EntryPoint","urlTemplate":"https:\/\/economiasa.com.br\/blog\/?s={search_term_string}"},"query-input":{"@type":"PropertyValueSpecification","valueRequired":true,"valueName":"search_term_string"}}],"inLanguage":"pt-BR"},{"@type":"Person","@id":"https:\/\/economiasa.com.br\/blog\/#\/schema\/person\/14b8ac2dc25bd63b52bc54e845fa3923","name":"Reda\u00e7\u00e3o","image":{"@type":"ImageObject","inLanguage":"pt-BR","@id":"https:\/\/secure.gravatar.com\/avatar\/c8c795261f7f8547b22616a549577db9e450bd5622da3f6eb62b0e2c3e364c4e?s=96&d=mm&r=g0fb5212bc57e2287787936667fbbe0ff","url":"https:\/\/secure.gravatar.com\/avatar\/c8c795261f7f8547b22616a549577db9e450bd5622da3f6eb62b0e2c3e364c4e?s=96&d=mm&r=g","contentUrl":"https:\/\/secure.gravatar.com\/avatar\/c8c795261f7f8547b22616a549577db9e450bd5622da3f6eb62b0e2c3e364c4e?s=96&d=mm&r=g","caption":"Reda\u00e7\u00e3o"},"sameAs":["http:\/\/www.economiasa.com.br"],"url":"https:\/\/economiasa.com.br\/blog\/author\/redacao\/"}]}},"authors":[{"term_id":13248,"user_id":47,"is_guest":0,"slug":"redacao","display_name":"Reda\u00e7\u00e3o","avatar_url":"https:\/\/secure.gravatar.com\/avatar\/c8c795261f7f8547b22616a549577db9e450bd5622da3f6eb62b0e2c3e364c4e?s=96&d=mm&r=g","author_category":"","first_name":"Reda\u00e7\u00e3o","last_name":"","user_url":"http:\/\/www.economiasa.com.br","job_title":"","description":""}],"amp_enabled":true,"_links":{"self":[{"href":"https:\/\/economiasa.com.br\/blog\/wp-json\/wp\/v2\/posts\/85016","targetHints":{"allow":["GET"]}}],"collection":[{"href":"https:\/\/economiasa.com.br\/blog\/wp-json\/wp\/v2\/posts"}],"about":[{"href":"https:\/\/economiasa.com.br\/blog\/wp-json\/wp\/v2\/types\/post"}],"author":[{"embeddable":true,"href":"https:\/\/economiasa.com.br\/blog\/wp-json\/wp\/v2\/users\/47"}],"replies":[{"embeddable":true,"href":"https:\/\/economiasa.com.br\/blog\/wp-json\/wp\/v2\/comments?post=85016"}],"version-history":[{"count":0,"href":"https:\/\/economiasa.com.br\/blog\/wp-json\/wp\/v2\/posts\/85016\/revisions"}],"wp:featuredmedia":[{"embeddable":true,"href":"https:\/\/economiasa.com.br\/blog\/wp-json\/wp\/v2\/media\/85017"}],"wp:attachment":[{"href":"https:\/\/economiasa.com.br\/blog\/wp-json\/wp\/v2\/media?parent=85016"}],"wp:term":[{"taxonomy":"category","embeddable":true,"href":"https:\/\/economiasa.com.br\/blog\/wp-json\/wp\/v2\/categories?post=85016"},{"taxonomy":"post_tag","embeddable":true,"href":"https:\/\/economiasa.com.br\/blog\/wp-json\/wp\/v2\/tags?post=85016"},{"taxonomy":"author","embeddable":true,"href":"https:\/\/economiasa.com.br\/blog\/wp-json\/wp\/v2\/ppma_author?post=85016"}],"curies":[{"name":"wp","href":"https:\/\/api.w.org\/{rel}","templated":true}]}}